{"id":5923,"date":"2015-06-05T10:22:44","date_gmt":"2015-06-05T08:22:44","guid":{"rendered":"http:\/\/www.carideal.com\/blog\/?p=5923"},"modified":"2023-11-28T20:36:47","modified_gmt":"2023-11-28T19:36:47","slug":"renault-scenic-2016","status":"publish","type":"post","link":"https:\/\/www.carideal.com\/blog\/2015\/06\/05\/renault-scenic-2016\/","title":{"rendered":"Renault Scenic 2016 en Juin"},"content":{"rendered":"\n<h2 class=\"wp-block-heading\">Le Renault Scenic 2016 arrive<\/h2>\n\n\n\n<p>Si actuellement le Renault <span style=\"text-decoration: underline;\">Scenic<\/span> r\u00e9siste aux assauts de la concurrence et du <span style=\"text-decoration: underline;\"><a href=\"http:\/\/www.carideal.com\/blog\/2016\/05\/09\/nouveaux-citroen-c4-picasso-2016\/\">Citro\u00ebn C4 Picasso<\/a><\/span> en particulier, c'est bien gr\u00e2ce aux grosses remises consenties.<br>Son rempla\u00e7ant, le Renault Scenic\u00a02016 devra conserver cette place de leader dans les ventes des monospaces compactes.<\/p>\n\n\n\n<p>Renault fait tr\u00e8s fort actuellement et lance tous ces nouveaux mod\u00e8les \u00e0 la suite : <span style=\"text-decoration: underline;\"><a href=\"http:\/\/www.carideal.com\/blog\/2015\/02\/08\/nouveau-renault-espace-2014\/\">Espace V<\/a><\/span> commercialis\u00e9 en avril. <span style=\"text-decoration: underline;\"><a href=\"http:\/\/www.carideal.com\/blog\/2015\/06\/30\/le-renault-kadjar-arrive-dans-les-concessions\/\">Kadjar<\/a><\/span> en juin la future rempla\u00ad\u00e7ante de la <a href=\"http:\/\/www.carideal.com\/blog\/2011\/02\/05\/renault-laguna-iii-la-mauvaise-reputation\/\">Laguna<\/a> sera pr\u00e9sent\u00e9e le 6 juillet, la <span style=\"text-decoration: underline;\"><a href=\"http:\/\/www.carideal.com\/blog\/2015\/10\/06\/nouvelle-renault-megane-iv\/\">nouvelle M\u00e9gane<\/a><\/span> pr\u00e9sent\u00e9e en sep\u00adtembre au salon de Francfort et en 2016 avec la version break de la Laguna et enfin la quatri\u00e8me g\u00e9n\u00e9ration du Renault Sc\u00e9nic 2016 qui sera pr\u00e9sent\u00e9 au salon de Gen\u00e8ve en mars 2016.<\/p>\n\n\n\n<ul class=\"wp-block-list\">\n<li><a href=\"http:\/\/www.carideal.com\/blog\/2023\/11\/28\/renault-scenic-2023-une-nouvelle-version-electrique-pleine-de-style\/\">Renault Scenic 2023 : une nouvelle version \u00e9lectrique pleine de style<\/a><\/li>\n<\/ul>\n\n\n\n<figure class=\"wp-block-image alignnone\"><a href=\"http:\/\/www.carideal.com\/blog\/wp-content\/uploads\/2015\/06\/renault-scenic-2016-blog-carideal.jpg\"><img loading=\"lazy\" decoding=\"async\" width=\"300\" height=\"169\" src=\"http:\/\/www.carideal.com\/blog\/wp-content\/uploads\/2015\/06\/renault-scenic-2016-blog-carideal-300x169.jpg\" alt=\"Illustration du Futur Renault Scenic 2016\" class=\"wp-image-5926\" srcset=\"https:\/\/www.carideal.com\/blog\/wp-content\/uploads\/2015\/06\/renault-scenic-2016-blog-carideal-300x169.jpg 300w, https:\/\/www.carideal.com\/blog\/wp-content\/uploads\/2015\/06\/renault-scenic-2016-blog-carideal.jpg 1024w, https:\/\/www.carideal.com\/blog\/wp-content\/uploads\/2015\/06\/renault-scenic-2016-blog-carideal-624x351.jpg 624w\" sizes=\"(max-width: 300px) 100vw, 300px\" \/><\/a><figcaption class=\"wp-element-caption\">Illustration du Futur Renault Scenic 2016<\/figcaption><\/figure>\n\n\n\n<h2 class=\"wp-block-heading\">Un nouveau Renault Sc\u00e9nic 2016<\/h2>\n\n\n\n<p>Le nouveau Renault Scenic 2016 va tout changer sur le plan technique. Il utilisera la nouvelle plateforme, baptis\u00e9e CMF-C, qu'il par\u00adtagera avec les <span style=\"text-decoration: underline;\"><a href=\"http:\/\/www.carideal.com\/blog\/2014\/06\/02\/nissan-qashqai\/\">Nissan Qashqai<\/a><\/span> et le Renault Kadjar. une fa\u00e7on de r\u00e9duire les co\u00fbts de d\u00e9veloppement. Carlos Ghosn, annonce une \u00e9conomie de l'ordre de 30%. Ce n'est pas rien quant on en vend 50 000 par an.<br><strong>Un style moins carr\u00e9<\/strong><br>On se rend compte que le nouveau Renault Scenic 2016 verra son style plus typ\u00e9 <a href=\"http:\/\/www.carideal.com\/blog\/2019\/12\/21\/les-meilleurs-suv-a-acheter-maintenant-2019-2020\/\">SUV crossover<\/a>. Il ne faudra pourtant pas marcher sur les pieds du nouveau Kadjar qui sera le SUV compact dans la gamme Renault. Le nouveau Renault Espace adopte lui un positionnement entre le monos\u00adpace et le v\u00e9hicule de loisirs. Le nouveau Renault Scenic 2016 sera 100 %familial.<\/p>\n\n\n\n<h2 class=\"wp-block-heading\">Moteur Hybride au menu du Renault Scenic 2016<\/h2>\n\n\n\n<p>C\u00f4te moteur, le futur Renault Sc\u00e9nic 2016 sera dot\u00e9 du quatre-cylindres \u00e0 essence 1.2 TCe de 115 ch. En diesel, prendront place sous le capot les moteurs 1.5 DCI de 105 ch et du 1.6 dCi en version 130 ch et <strong>bi-turbo de 160 ch<\/strong>. le client aura le choix entre une boite m\u00e9canique ou l'EDC robotis\u00e9e \u00e0 double embrayage en six ou sept rapports en fonction des moteurs propos\u00e9s. On devrait retrouver sur les premiers mod\u00e8les des moteurs essence \u00e0 trois cylindres. Il est possible qu'\u00e0 partir de 2018, le nouveau Rebault Sc\u00e9nic 2016 soit propos\u00e9 en version hybride ZEOD (Zero Emission On Demand) avec un moteur thermique \u00e0 essence.<\/p>\n\n\n\n<h2 class=\"wp-block-heading\">Une carri\u00e8re internationale pour le Renault Scenic 2016 ?<\/h2>\n\n\n\n<p>Le scenic est une star en Europe, mais \u00e0 profiter de la baisse de ses co\u00fbts, il se pourrait qu'on le retrouve en Chine par exemple, ou les constructeurs y installent leur monospace, comme le <span style=\"text-decoration: underline;\">Volkswagen Touran<\/span> et que Citroen lancera ses C4 Picasso, court et long, cet \u00e9t\u00e9.<\/p>\n","protected":false},"excerpt":{"rendered":"<p>Le Renault Scenic 2016 arrive Si actuellement le Renault Scenic r\u00e9siste aux assauts de la concurrence et du Citro\u00ebn C4 Picasso en particulier, c&rsquo;est bien gr\u00e2ce aux grosses remises consenties.Son rempla\u00e7ant, le Renault Scenic\u00a02016 devra conserver cette place de leader dans les ventes des monospaces compactes. Renault fait tr\u00e8s fort actuellement et lance tous ces &#8230; <a title=\"Renault Scenic 2016 en Juin\" class=\"read-more\" href=\"https:\/\/www.carideal.com\/blog\/2015\/06\/05\/renault-scenic-2016\/\" aria-label=\"En savoir plus sur Renault Scenic 2016 en Juin\">Lire plus<\/a><\/p>\n","protected":false},"author":3,"featured_media":0,"comment_status":"open","ping_status":"open","sticky":false,"template":"","format":"standard","meta":{"_uag_custom_page_level_css":"","_themeisle_gutenberg_block_has_review":false,"footnotes":""},"categories":[21,5944,5963,6023,5974],"tags":[2998],"class_list":["post-5923","post","type-post","status-publish","format-standard","hentry","category-actualites-auto","category-constructeur","category-renault","category-monospace","category-type-de-vehicule","tag-compactes"],"wppr_data":{"cwp_meta_box_check":"No"},"yoast_head":"<!-- This site is optimized with the Yoast SEO plugin v24.8.1 - https:\/\/yoast.com\/wordpress\/plugins\/seo\/ -->\n<title>Renault Scenic 2016 en Juin - Blog auto Carid\u00e9al<\/title>\n<meta name=\"description\" content=\"Le Renault Scenic 2016 arrive en juin et devra trouver les bonnes solution pour contenir la concurrence du Citroen C4 Picasso par exemple\" \/>\n<meta name=\"robots\" content=\"index, follow, max-snippet:-1, max-image-preview:large, max-video-preview:-1\" \/>\n<link rel=\"canonical\" href=\"https:\/\/www.carideal.com\/blog\/2015\/06\/05\/renault-scenic-2016\/\" \/>\n<meta property=\"og:locale\" content=\"fr_FR\" \/>\n<meta property=\"og:type\" content=\"article\" \/>\n<meta property=\"og:title\" content=\"Renault Scenic 2016 en Juin - Blog auto Carid\u00e9al\" \/>\n<meta property=\"og:description\" content=\"Le Renault Scenic 2016 arrive en juin et devra trouver les bonnes solution pour contenir la concurrence du Citroen C4 Picasso par exemple\" \/>\n<meta property=\"og:url\" content=\"https:\/\/www.carideal.com\/blog\/2015\/06\/05\/renault-scenic-2016\/\" \/>\n<meta property=\"og:site_name\" content=\"Blog auto Carid\u00e9al\" \/>\n<meta property=\"article:publisher\" content=\"https:\/\/www.facebook.com\/Carideal.mandataire.automobile\" \/>\n<meta property=\"article:author\" content=\"https:\/\/www.facebook.com\/nicolas.schiavon.39\" \/>\n<meta property=\"article:published_time\" content=\"2015-06-05T08:22:44+00:00\" \/>\n<meta property=\"article:modified_time\" content=\"2023-11-28T19:36:47+00:00\" \/>\n<meta property=\"og:image\" content=\"http:\/\/www.carideal.com\/blog\/wp-content\/uploads\/2015\/06\/renault-scenic-2016-blog-carideal-300x169.jpg\" \/>\n<meta name=\"author\" content=\"Nicolas SCHIAVON\" \/>\n<meta name=\"twitter:card\" content=\"summary_large_image\" \/>\n<meta name=\"twitter:creator\" content=\"@caridealauto\" \/>\n<meta name=\"twitter:site\" content=\"@caridealauto\" \/>\n<meta name=\"twitter:label1\" content=\"\u00c9crit par\" \/>\n\t<meta name=\"twitter:data1\" content=\"Nicolas SCHIAVON\" \/>\n\t<meta name=\"twitter:label2\" content=\"Dur\u00e9e de lecture estim\u00e9e\" \/>\n\t<meta name=\"twitter:data2\" content=\"3 minutes\" \/>\n<script type=\"application\/ld+json\" class=\"yoast-schema-graph\">{\"@context\":\"https:\/\/schema.org\",\"@graph\":[{\"@type\":\"Article\",\"@id\":\"https:\/\/www.carideal.com\/blog\/2015\/06\/05\/renault-scenic-2016\/#article\",\"isPartOf\":{\"@id\":\"https:\/\/www.carideal.com\/blog\/2015\/06\/05\/renault-scenic-2016\/\"},\"author\":{\"name\":\"Nicolas SCHIAVON\",\"@id\":\"https:\/\/www.carideal.com\/blog\/#\/schema\/person\/cd95dc7919660de90d31b366f85be1ec\"},\"headline\":\"Renault Scenic 2016 en Juin\",\"datePublished\":\"2015-06-05T08:22:44+00:00\",\"dateModified\":\"2023-11-28T19:36:47+00:00\",\"mainEntityOfPage\":{\"@id\":\"https:\/\/www.carideal.com\/blog\/2015\/06\/05\/renault-scenic-2016\/\"},\"wordCount\":448,\"commentCount\":0,\"publisher\":{\"@id\":\"https:\/\/www.carideal.com\/blog\/#organization\"},\"image\":{\"@id\":\"https:\/\/www.carideal.com\/blog\/2015\/06\/05\/renault-scenic-2016\/#primaryimage\"},\"thumbnailUrl\":\"http:\/\/www.carideal.com\/blog\/wp-content\/uploads\/2015\/06\/renault-scenic-2016-blog-carideal-300x169.jpg\",\"keywords\":[\"Voiture compacte\"],\"articleSection\":[\"Actualit\u00e9 automobile\",\"Actualit\u00e9 Constructeur automobile\",\"Actualit\u00e9 Renault\",\"Monospace\",\"Type de v\u00e9hicule\"],\"inLanguage\":\"fr-FR\",\"potentialAction\":[{\"@type\":\"CommentAction\",\"name\":\"Comment\",\"target\":[\"https:\/\/www.carideal.com\/blog\/2015\/06\/05\/renault-scenic-2016\/#respond\"]}]},{\"@type\":\"WebPage\",\"@id\":\"https:\/\/www.carideal.com\/blog\/2015\/06\/05\/renault-scenic-2016\/\",\"url\":\"https:\/\/www.carideal.com\/blog\/2015\/06\/05\/renault-scenic-2016\/\",\"name\":\"Renault Scenic 2016 en Juin - Blog auto Carid\u00e9al\",\"isPartOf\":{\"@id\":\"https:\/\/www.carideal.com\/blog\/#website\"},\"primaryImageOfPage\":{\"@id\":\"https:\/\/www.carideal.com\/blog\/2015\/06\/05\/renault-scenic-2016\/#primaryimage\"},\"image\":{\"@id\":\"https:\/\/www.carideal.com\/blog\/2015\/06\/05\/renault-scenic-2016\/#primaryimage\"},\"thumbnailUrl\":\"http:\/\/www.carideal.com\/blog\/wp-content\/uploads\/2015\/06\/renault-scenic-2016-blog-carideal-300x169.jpg\",\"datePublished\":\"2015-06-05T08:22:44+00:00\",\"dateModified\":\"2023-11-28T19:36:47+00:00\",\"description\":\"Le Renault Scenic 2016 arrive en juin et devra trouver les bonnes solution pour contenir la concurrence du Citroen C4 Picasso par exemple\",\"breadcrumb\":{\"@id\":\"https:\/\/www.carideal.com\/blog\/2015\/06\/05\/renault-scenic-2016\/#breadcrumb\"},\"inLanguage\":\"fr-FR\",\"potentialAction\":[{\"@type\":\"ReadAction\",\"target\":[\"https:\/\/www.carideal.com\/blog\/2015\/06\/05\/renault-scenic-2016\/\"]}]},{\"@type\":\"ImageObject\",\"inLanguage\":\"fr-FR\",\"@id\":\"https:\/\/www.carideal.com\/blog\/2015\/06\/05\/renault-scenic-2016\/#primaryimage\",\"url\":\"https:\/\/www.carideal.com\/blog\/wp-content\/uploads\/2015\/06\/renault-scenic-2016-blog-carideal.jpg\",\"contentUrl\":\"https:\/\/www.carideal.com\/blog\/wp-content\/uploads\/2015\/06\/renault-scenic-2016-blog-carideal.jpg\",\"width\":1024,\"height\":576,\"caption\":\"Illustration du Futur Renault Scenic 2016\"},{\"@type\":\"BreadcrumbList\",\"@id\":\"https:\/\/www.carideal.com\/blog\/2015\/06\/05\/renault-scenic-2016\/#breadcrumb\",\"itemListElement\":[{\"@type\":\"ListItem\",\"position\":1,\"name\":\"Blog Carid\u00e9al\",\"item\":\"https:\/\/www.carideal.com\/blog\/\"},{\"@type\":\"ListItem\",\"position\":2,\"name\":\"Actualit\u00e9 automobile\",\"item\":\"https:\/\/www.carideal.com\/blog\/actualites-auto\/\"},{\"@type\":\"ListItem\",\"position\":3,\"name\":\"Renault Scenic 2016 en Juin\"}]},{\"@type\":\"WebSite\",\"@id\":\"https:\/\/www.carideal.com\/blog\/#website\",\"url\":\"https:\/\/www.carideal.com\/blog\/\",\"name\":\"Blog auto Carid\u00e9al\",\"description\":\"Actualit\u00e9 auto par des passionn\u00e9s\",\"publisher\":{\"@id\":\"https:\/\/www.carideal.com\/blog\/#organization\"},\"potentialAction\":[{\"@type\":\"SearchAction\",\"target\":{\"@type\":\"EntryPoint\",\"urlTemplate\":\"https:\/\/www.carideal.com\/blog\/?s={search_term_string}\"},\"query-input\":{\"@type\":\"PropertyValueSpecification\",\"valueRequired\":true,\"valueName\":\"search_term_string\"}}],\"inLanguage\":\"fr-FR\"},{\"@type\":\"Organization\",\"@id\":\"https:\/\/www.carideal.com\/blog\/#organization\",\"name\":\"Carideal\",\"url\":\"https:\/\/www.carideal.com\/blog\/\",\"logo\":{\"@type\":\"ImageObject\",\"inLanguage\":\"fr-FR\",\"@id\":\"https:\/\/www.carideal.com\/blog\/#\/schema\/logo\/image\/\",\"url\":\"http:\/\/www.carideal.com\/blog\/wp-content\/uploads\/2016\/03\/logo-carideal-mandataire-automobile.png\",\"contentUrl\":\"http:\/\/www.carideal.com\/blog\/wp-content\/uploads\/2016\/03\/logo-carideal-mandataire-automobile.png\",\"width\":300,\"height\":300,\"caption\":\"Carideal\"},\"image\":{\"@id\":\"https:\/\/www.carideal.com\/blog\/#\/schema\/logo\/image\/\"},\"sameAs\":[\"https:\/\/www.facebook.com\/Carideal.mandataire.automobile\",\"https:\/\/x.com\/caridealauto\",\"https:\/\/www.instagram.com\/carideal1\/\",\"https:\/\/www.linkedin.com\/company\/carideal.com\",\"https:\/\/fr.pinterest.com\/schiavonsas\/\",\"https:\/\/www.youtube.com\/user\/caridealsas\"]},{\"@type\":\"Person\",\"@id\":\"https:\/\/www.carideal.com\/blog\/#\/schema\/person\/cd95dc7919660de90d31b366f85be1ec\",\"name\":\"Nicolas SCHIAVON\",\"image\":{\"@type\":\"ImageObject\",\"inLanguage\":\"fr-FR\",\"@id\":\"https:\/\/www.carideal.com\/blog\/#\/schema\/person\/image\/\",\"url\":\"https:\/\/secure.gravatar.com\/avatar\/c17e55009e671d92cc7f5dc837dc418a?s=96&r=g\",\"contentUrl\":\"https:\/\/secure.gravatar.com\/avatar\/c17e55009e671d92cc7f5dc837dc418a?s=96&r=g\",\"caption\":\"Nicolas SCHIAVON\"},\"description\":\"Nicolas Schiavon est tomb\u00e9 tout petit dans la marmite automobile. Ayant eu un garage de marque automobile, mandataire automobile de la premi\u00e8re heure d\u00e8s 1999. Nicolas a cr\u00e9\u00e9 ces premiers sites de vente de voiture et blog automobile d\u00e8s 1994. Carideal est n\u00e9 le 15 d\u00e9cembre 2000 de la volont\u00e9 de vendre des voitures d'occasions en ligne puis des voitures neuves. Il a pu essayer beaucoup de voitures tr\u00e8s diff\u00e9rentes et ayant eu personnellement quelques belles autos, Subaru Impreza, Mitsubishi Lancer Evo 7, Porsche 911, Ferrari Testarrossa, Audi RS3, RS4 et j'en passe...\",\"sameAs\":[\"http:\/\/www.carideal.com\",\"https:\/\/www.facebook.com\/nicolas.schiavon.39\",\"https:\/\/www.instagram.com\/carideal1\/\",\"https:\/\/www.linkedin.com\/in\/nschiavon\/\",\"https:\/\/x.com\/caridealauto\",\"https:\/\/www.youtube.com\/user\/caridealsas\/\"],\"url\":\"https:\/\/www.carideal.com\/blog\/author\/nschiavon\/\"}]}<\/script>\n<!-- \/ Yoast SEO plugin. -->","yoast_head_json":{"title":"Renault Scenic 2016 en Juin - Blog auto Carid\u00e9al","description":"Le Renault Scenic 2016 arrive en juin et devra trouver les bonnes solution pour contenir la concurrence du Citroen C4 Picasso par exemple","robots":{"index":"index","follow":"follow","max-snippet":"max-snippet:-1","max-image-preview":"max-image-preview:large","max-video-preview":"max-video-preview:-1"},"canonical":"https:\/\/www.carideal.com\/blog\/2015\/06\/05\/renault-scenic-2016\/","og_locale":"fr_FR","og_type":"article","og_title":"Renault Scenic 2016 en Juin - Blog auto Carid\u00e9al","og_description":"Le Renault Scenic 2016 arrive en juin et devra trouver les bonnes solution pour contenir la concurrence du Citroen C4 Picasso par exemple","og_url":"https:\/\/www.carideal.com\/blog\/2015\/06\/05\/renault-scenic-2016\/","og_site_name":"Blog auto Carid\u00e9al","article_publisher":"https:\/\/www.facebook.com\/Carideal.mandataire.automobile","article_author":"https:\/\/www.facebook.com\/nicolas.schiavon.39","article_published_time":"2015-06-05T08:22:44+00:00","article_modified_time":"2023-11-28T19:36:47+00:00","og_image":[{"url":"http:\/\/www.carideal.com\/blog\/wp-content\/uploads\/2015\/06\/renault-scenic-2016-blog-carideal-300x169.jpg","type":"","width":"","height":""}],"author":"Nicolas SCHIAVON","twitter_card":"summary_large_image","twitter_creator":"@caridealauto","twitter_site":"@caridealauto","twitter_misc":{"\u00c9crit par":"Nicolas SCHIAVON","Dur\u00e9e de lecture estim\u00e9e":"3 minutes"},"schema":{"@context":"https:\/\/schema.org","@graph":[{"@type":"Article","@id":"https:\/\/www.carideal.com\/blog\/2015\/06\/05\/renault-scenic-2016\/#article","isPartOf":{"@id":"https:\/\/www.carideal.com\/blog\/2015\/06\/05\/renault-scenic-2016\/"},"author":{"name":"Nicolas SCHIAVON","@id":"https:\/\/www.carideal.com\/blog\/#\/schema\/person\/cd95dc7919660de90d31b366f85be1ec"},"headline":"Renault Scenic 2016 en Juin","datePublished":"2015-06-05T08:22:44+00:00","dateModified":"2023-11-28T19:36:47+00:00","mainEntityOfPage":{"@id":"https:\/\/www.carideal.com\/blog\/2015\/06\/05\/renault-scenic-2016\/"},"wordCount":448,"commentCount":0,"publisher":{"@id":"https:\/\/www.carideal.com\/blog\/#organization"},"image":{"@id":"https:\/\/www.carideal.com\/blog\/2015\/06\/05\/renault-scenic-2016\/#primaryimage"},"thumbnailUrl":"http:\/\/www.carideal.com\/blog\/wp-content\/uploads\/2015\/06\/renault-scenic-2016-blog-carideal-300x169.jpg","keywords":["Voiture compacte"],"articleSection":["Actualit\u00e9 automobile","Actualit\u00e9 Constructeur automobile","Actualit\u00e9 Renault","Monospace","Type de v\u00e9hicule"],"inLanguage":"fr-FR","potentialAction":[{"@type":"CommentAction","name":"Comment","target":["https:\/\/www.carideal.com\/blog\/2015\/06\/05\/renault-scenic-2016\/#respond"]}]},{"@type":"WebPage","@id":"https:\/\/www.carideal.com\/blog\/2015\/06\/05\/renault-scenic-2016\/","url":"https:\/\/www.carideal.com\/blog\/2015\/06\/05\/renault-scenic-2016\/","name":"Renault Scenic 2016 en Juin - Blog auto Carid\u00e9al","isPartOf":{"@id":"https:\/\/www.carideal.com\/blog\/#website"},"primaryImageOfPage":{"@id":"https:\/\/www.carideal.com\/blog\/2015\/06\/05\/renault-scenic-2016\/#primaryimage"},"image":{"@id":"https:\/\/www.carideal.com\/blog\/2015\/06\/05\/renault-scenic-2016\/#primaryimage"},"thumbnailUrl":"http:\/\/www.carideal.com\/blog\/wp-content\/uploads\/2015\/06\/renault-scenic-2016-blog-carideal-300x169.jpg","datePublished":"2015-06-05T08:22:44+00:00","dateModified":"2023-11-28T19:36:47+00:00","description":"Le Renault Scenic 2016 arrive en juin et devra trouver les bonnes solution pour contenir la concurrence du Citroen C4 Picasso par exemple","breadcrumb":{"@id":"https:\/\/www.carideal.com\/blog\/2015\/06\/05\/renault-scenic-2016\/#breadcrumb"},"inLanguage":"fr-FR","potentialAction":[{"@type":"ReadAction","target":["https:\/\/www.carideal.com\/blog\/2015\/06\/05\/renault-scenic-2016\/"]}]},{"@type":"ImageObject","inLanguage":"fr-FR","@id":"https:\/\/www.carideal.com\/blog\/2015\/06\/05\/renault-scenic-2016\/#primaryimage","url":"https:\/\/www.carideal.com\/blog\/wp-content\/uploads\/2015\/06\/renault-scenic-2016-blog-carideal.jpg","contentUrl":"https:\/\/www.carideal.com\/blog\/wp-content\/uploads\/2015\/06\/renault-scenic-2016-blog-carideal.jpg","width":1024,"height":576,"caption":"Illustration du Futur Renault Scenic 2016"},{"@type":"BreadcrumbList","@id":"https:\/\/www.carideal.com\/blog\/2015\/06\/05\/renault-scenic-2016\/#breadcrumb","itemListElement":[{"@type":"ListItem","position":1,"name":"Blog Carid\u00e9al","item":"https:\/\/www.carideal.com\/blog\/"},{"@type":"ListItem","position":2,"name":"Actualit\u00e9 automobile","item":"https:\/\/www.carideal.com\/blog\/actualites-auto\/"},{"@type":"ListItem","position":3,"name":"Renault Scenic 2016 en Juin"}]},{"@type":"WebSite","@id":"https:\/\/www.carideal.com\/blog\/#website","url":"https:\/\/www.carideal.com\/blog\/","name":"Blog auto Carid\u00e9al","description":"Actualit\u00e9 auto par des passionn\u00e9s","publisher":{"@id":"https:\/\/www.carideal.com\/blog\/#organization"},"potentialAction":[{"@type":"SearchAction","target":{"@type":"EntryPoint","urlTemplate":"https:\/\/www.carideal.com\/blog\/?s={search_term_string}"},"query-input":{"@type":"PropertyValueSpecification","valueRequired":true,"valueName":"search_term_string"}}],"inLanguage":"fr-FR"},{"@type":"Organization","@id":"https:\/\/www.carideal.com\/blog\/#organization","name":"Carideal","url":"https:\/\/www.carideal.com\/blog\/","logo":{"@type":"ImageObject","inLanguage":"fr-FR","@id":"https:\/\/www.carideal.com\/blog\/#\/schema\/logo\/image\/","url":"http:\/\/www.carideal.com\/blog\/wp-content\/uploads\/2016\/03\/logo-carideal-mandataire-automobile.png","contentUrl":"http:\/\/www.carideal.com\/blog\/wp-content\/uploads\/2016\/03\/logo-carideal-mandataire-automobile.png","width":300,"height":300,"caption":"Carideal"},"image":{"@id":"https:\/\/www.carideal.com\/blog\/#\/schema\/logo\/image\/"},"sameAs":["https:\/\/www.facebook.com\/Carideal.mandataire.automobile","https:\/\/x.com\/caridealauto","https:\/\/www.instagram.com\/carideal1\/","https:\/\/www.linkedin.com\/company\/carideal.com","https:\/\/fr.pinterest.com\/schiavonsas\/","https:\/\/www.youtube.com\/user\/caridealsas"]},{"@type":"Person","@id":"https:\/\/www.carideal.com\/blog\/#\/schema\/person\/cd95dc7919660de90d31b366f85be1ec","name":"Nicolas SCHIAVON","image":{"@type":"ImageObject","inLanguage":"fr-FR","@id":"https:\/\/www.carideal.com\/blog\/#\/schema\/person\/image\/","url":"https:\/\/secure.gravatar.com\/avatar\/c17e55009e671d92cc7f5dc837dc418a?s=96&r=g","contentUrl":"https:\/\/secure.gravatar.com\/avatar\/c17e55009e671d92cc7f5dc837dc418a?s=96&r=g","caption":"Nicolas SCHIAVON"},"description":"Nicolas Schiavon est tomb\u00e9 tout petit dans la marmite automobile. Ayant eu un garage de marque automobile, mandataire automobile de la premi\u00e8re heure d\u00e8s 1999. Nicolas a cr\u00e9\u00e9 ces premiers sites de vente de voiture et blog automobile d\u00e8s 1994. Carideal est n\u00e9 le 15 d\u00e9cembre 2000 de la volont\u00e9 de vendre des voitures d'occasions en ligne puis des voitures neuves. Il a pu essayer beaucoup de voitures tr\u00e8s diff\u00e9rentes et ayant eu personnellement quelques belles autos, Subaru Impreza, Mitsubishi Lancer Evo 7, Porsche 911, Ferrari Testarrossa, Audi RS3, RS4 et j'en passe...","sameAs":["http:\/\/www.carideal.com","https:\/\/www.facebook.com\/nicolas.schiavon.39","https:\/\/www.instagram.com\/carideal1\/","https:\/\/www.linkedin.com\/in\/nschiavon\/","https:\/\/x.com\/caridealauto","https:\/\/www.youtube.com\/user\/caridealsas\/"],"url":"https:\/\/www.carideal.com\/blog\/author\/nschiavon\/"}]}},"uagb_featured_image_src":{"full":false,"thumbnail":false,"medium":false,"medium_large":false,"large":false,"1536x1536":false,"2048x2048":false,"wppr-widget":false},"uagb_author_info":{"display_name":"Nicolas SCHIAVON","author_link":"https:\/\/www.carideal.com\/blog\/author\/nschiavon\/"},"uagb_comment_info":0,"uagb_excerpt":"Le Renault Scenic 2016 arrive Si actuellement le Renault Scenic r\u00e9siste aux assauts de la concurrence et du Citro\u00ebn C4 Picasso en particulier, c'est bien gr\u00e2ce aux grosses remises consenties.Son rempla\u00e7ant, le Renault Scenic\u00a02016 devra conserver cette place de leader dans les ventes des monospaces compactes. Renault fait tr\u00e8s fort actuellement et lance tous ces\u2026","_links":{"self":[{"href":"https:\/\/www.carideal.com\/blog\/wp-json\/wp\/v2\/posts\/5923"}],"collection":[{"href":"https:\/\/www.carideal.com\/blog\/wp-json\/wp\/v2\/posts"}],"about":[{"href":"https:\/\/www.carideal.com\/blog\/wp-json\/wp\/v2\/types\/post"}],"author":[{"embeddable":true,"href":"https:\/\/www.carideal.com\/blog\/wp-json\/wp\/v2\/users\/3"}],"replies":[{"embeddable":true,"href":"https:\/\/www.carideal.com\/blog\/wp-json\/wp\/v2\/comments?post=5923"}],"version-history":[{"count":0,"href":"https:\/\/www.carideal.com\/blog\/wp-json\/wp\/v2\/posts\/5923\/revisions"}],"wp:attachment":[{"href":"https:\/\/www.carideal.com\/blog\/wp-json\/wp\/v2\/media?parent=5923"}],"wp:term":[{"taxonomy":"category","embeddable":true,"href":"https:\/\/www.carideal.com\/blog\/wp-json\/wp\/v2\/categories?post=5923"},{"taxonomy":"post_tag","embeddable":true,"href":"https:\/\/www.carideal.com\/blog\/wp-json\/wp\/v2\/tags?post=5923"}],"curies":[{"name":"wp","href":"https:\/\/api.w.org\/{rel}","templated":true}]}}