{"id":589,"date":"2013-06-23T18:13:00","date_gmt":"2013-06-23T18:13:00","guid":{"rendered":"http:\/\/carideal.com\/blog\/?p=589"},"modified":"2018-02-04T12:06:16","modified_gmt":"2018-02-04T11:06:16","slug":"mitsubishi-pick-up-hybride-concept-car","status":"publish","type":"post","link":"https:\/\/www.carideal.com\/blog\/2013\/06\/23\/mitsubishi-pick-up-hybride-concept-car\/","title":{"rendered":"Mitsubishi pick-up hybride GR-HEV concept car"},"content":{"rendered":"<p><img decoding=\"async\" title=\"mitsubishi-pick-up-hybride-carideal-blog-automobile.jpg, juin 2013\" src=\"\/blog\/public\/.mitsubishi-pick-up-hybride-carideal-blog-automobile_m.jpg\" alt=\"mitsubishi-pick-up-hybride-carideal-blog-automobile.jpg\" \/><\/p>\n<h1>Le concept car GR-HEV du Pick Up Mitsubishi hybride<\/h1>\n<p><strong>Mitsubishi pr\u00e9sente un concept car nomm\u00e9 GR-HEV d'un <a href=\"http:\/\/www.carideal.com\/blog\/technologie-2\/hybride\/\">pick-up hybride<\/a><\/strong> avec un moteur diesel accoupl\u00e9 \u00e0 deux moteurs \u00e9lectriques et des batteries rechargeables afin d'augmenter l'autonomie. Mitsubishi annonce 149 g\/km d'\u00e9mission de CO2 au lieu de 215 g\/km pour le L200 et son moteur diesel de 136 ch.<\/p>\n<p>Mitsubishi a d\u00e9voil\u00e9 son <a href=\"http:\/\/www.carideal.com\/blog\/type-de-vehicule\/concept-car\/\">concept car<\/a> de <a href=\"http:\/\/www.carideal.com\/blog\/type-de-vehicule\/pick-up\/\">Pick-Up<\/a> L200 hybride GR-HEV hybride - ou Truck Hybrid Sport Utility - lors du premier jour de presse du salon automobile de Gen\u00e8ve cette ann\u00e9e.<\/p>\n<p>L'objectif est de produire un pick-up robuste 4x4 d'une tonne avec des \u00e9missions de CO2 inf\u00e9rieures \u00e0 150g \/ km et une \u00e9conomie de carburant impressionnante. Pour atteindre cet objectif ambitieux, le concept GR-HEV associe un moteur Diesel propre de 2,5 litres \u00e0 un moteur \u00e9lectrique mont\u00e9 \u00e0 l'avant, une batterie lithium-ion et le syst\u00e8me Super Wheel Control de Mitsubishi associ\u00e9 \u00e0 une bo\u00eete de vitesses automatique. Tous travaillent en tandem avec l'aimable autorisation d'un ECU central.<\/p>\n<p><iframe loading=\"lazy\" src=\"https:\/\/www.youtube.com\/embed\/tGkQwat1m5o\" width=\"560\" height=\"315\" frameborder=\"0\" allowfullscreen=\"allowfullscreen\"><\/iframe><\/p>\n<p>mitsubishi-gr-hev-geneva2013 L'ajout d'un moteur \u00e9lectrique \u00e0 un groupe motopropulseur diesel apporte d'autres avantages en plus de l'am\u00e9lioration de la consommation de carburant. La r\u00e9ponse instantan\u00e9e du moteur \u00e9lectrique acc\u00e9l\u00e8re l'acc\u00e9l\u00e9ration \u00e0 l'arr\u00eat, augmente le couple haut de gamme du moteur diesel et r\u00e9duit les r\u00e9gimes de rotation du moteur, donc les niveaux de bruit, lors des acc\u00e9l\u00e9rations et des croisi\u00e8res \u00e0 grande vitesse.<\/p>\n<p>Le fait d'avoir une batterie \u00e0 bord - mont\u00e9e dans une cage de protection dans le ch\u00e2ssis \u00e9chelle \u00e0 l'arri\u00e8re du du cadre - signifie qu'il y a une source d'alimentation pour alimenter l'\u00e9quipement auxiliaire comme un treuil. Alternativement, l'\u00e9nergie stock\u00e9e peut \u00eatre utilis\u00e9e pour une conduite purement \u00e9lectrique sur de courtes distances ; mode furtif, si vous voulez.<\/p>\n<p>Assis sur le m\u00eame empattement de 3.000 mm que le pick-up L200 actuel, le Concept est plus long et plus large \u00e0 5.420 mm et 1.930 mm respectivement, mais est la m\u00eame taille \u00e0 1.775 mm. En termes de design, ce concept-car pourrait bien donner des indices sur ce \u00e0 quoi pourrait ressembler la prochaine g\u00e9n\u00e9ration de Mitsubishi L200, mais ne vous attendez pas \u00e0 voir les cam\u00e9ras arri\u00e8re du Concept \u00e0 la place des r\u00e9troviseurs sur les mod\u00e8les de production quand ils seront mis en vente\u00a0en 2014<\/p>\n","protected":false},"excerpt":{"rendered":"<p>Le concept car GR-HEV du Pick Up Mitsubishi hybride Mitsubishi pr\u00e9sente un concept car nomm\u00e9 GR-HEV d&rsquo;un pick-up hybride avec un moteur diesel accoupl\u00e9 \u00e0 deux moteurs \u00e9lectriques et des batteries rechargeables afin d&rsquo;augmenter l&rsquo;autonomie. Mitsubishi annonce 149 g\/km d&rsquo;\u00e9mission de CO2 au lieu de 215 g\/km pour le L200 et son moteur diesel de &#8230; <a title=\"Mitsubishi pick-up hybride GR-HEV concept car\" class=\"read-more\" href=\"https:\/\/www.carideal.com\/blog\/2013\/06\/23\/mitsubishi-pick-up-hybride-concept-car\/\" aria-label=\"En savoir plus sur Mitsubishi pick-up hybride GR-HEV concept car\">Lire plus<\/a><\/p>\n","protected":false},"author":1,"featured_media":16836,"comment_status":"open","ping_status":"open","sticky":false,"template":"","format":"standard","meta":{"_uag_custom_page_level_css":"","_themeisle_gutenberg_block_has_review":false,"footnotes":""},"categories":[21,5944,6159,5975,9,6163,5080,5974,6089],"tags":[],"class_list":["post-589","post","type-post","status-publish","format-standard","has-post-thumbnail","hentry","category-actualites-auto","category-constructeur","category-actualite-mitsubishi","category-concept-car","category-divers","category-pick-up","category-technologie-2","category-type-de-vehicule","category-hybride"],"wppr_data":{"cwp_meta_box_check":"No"},"yoast_head":"<!-- This site is optimized with the Yoast SEO plugin v24.8.1 - https:\/\/yoast.com\/wordpress\/plugins\/seo\/ -->\n<title>Mitsubishi pick-up hybride GR-HEV concept car - Blog auto Carid\u00e9al<\/title>\n<meta name=\"description\" content=\"Mitsubishi pr\u00e9sente un concept car nomm\u00e9 GR-HEV d&#039;un pick-up hybride avec un moteur diesel accoupl\u00e9 \u00e0 deux moteurs \u00e9lectriques et des batteries rechargeables afin d&#039;augmenter l&#039;autonomie\" \/>\n<meta name=\"robots\" content=\"index, follow, max-snippet:-1, max-image-preview:large, max-video-preview:-1\" \/>\n<link rel=\"canonical\" href=\"https:\/\/www.carideal.com\/blog\/2013\/06\/23\/mitsubishi-pick-up-hybride-concept-car\/\" \/>\n<meta property=\"og:locale\" content=\"fr_FR\" \/>\n<meta property=\"og:type\" content=\"article\" \/>\n<meta property=\"og:title\" content=\"Mitsubishi pick-up hybride GR-HEV concept car - Blog auto Carid\u00e9al\" \/>\n<meta property=\"og:description\" content=\"Mitsubishi pr\u00e9sente un concept car nomm\u00e9 GR-HEV d&#039;un pick-up hybride avec un moteur diesel accoupl\u00e9 \u00e0 deux moteurs \u00e9lectriques et des batteries rechargeables afin d&#039;augmenter l&#039;autonomie\" \/>\n<meta property=\"og:url\" content=\"https:\/\/www.carideal.com\/blog\/2013\/06\/23\/mitsubishi-pick-up-hybride-concept-car\/\" \/>\n<meta property=\"og:site_name\" content=\"Blog auto Carid\u00e9al\" \/>\n<meta property=\"article:publisher\" content=\"https:\/\/www.facebook.com\/Carideal.mandataire.automobile\" \/>\n<meta property=\"article:author\" content=\"https:\/\/www.facebook.com\/Carideal.mandataire.automobile\/\" \/>\n<meta property=\"article:published_time\" content=\"2013-06-23T18:13:00+00:00\" \/>\n<meta property=\"article:modified_time\" content=\"2018-02-04T11:06:16+00:00\" \/>\n<meta property=\"og:image\" content=\"https:\/\/www.carideal.com\/blog\/wp-content\/uploads\/2013\/06\/mitsubishi-pick-up-hybride-carideal-blog-automobile_m.jpg\" \/>\n\t<meta property=\"og:image:width\" content=\"448\" \/>\n\t<meta property=\"og:image:height\" content=\"298\" \/>\n\t<meta property=\"og:image:type\" content=\"image\/jpeg\" \/>\n<meta name=\"author\" content=\"N.S Carideal\" \/>\n<meta name=\"twitter:card\" content=\"summary_large_image\" \/>\n<meta name=\"twitter:creator\" content=\"@caridealauto\" \/>\n<meta name=\"twitter:site\" content=\"@caridealauto\" \/>\n<meta name=\"twitter:label1\" content=\"\u00c9crit par\" \/>\n\t<meta name=\"twitter:data1\" content=\"N.S Carideal\" \/>\n\t<meta name=\"twitter:label2\" content=\"Dur\u00e9e de lecture estim\u00e9e\" \/>\n\t<meta name=\"twitter:data2\" content=\"2 minutes\" \/>\n<script type=\"application\/ld+json\" class=\"yoast-schema-graph\">{\"@context\":\"https:\/\/schema.org\",\"@graph\":[{\"@type\":\"Article\",\"@id\":\"https:\/\/www.carideal.com\/blog\/2013\/06\/23\/mitsubishi-pick-up-hybride-concept-car\/#article\",\"isPartOf\":{\"@id\":\"https:\/\/www.carideal.com\/blog\/2013\/06\/23\/mitsubishi-pick-up-hybride-concept-car\/\"},\"author\":{\"name\":\"N.S Carideal\",\"@id\":\"https:\/\/www.carideal.com\/blog\/#\/schema\/person\/985c7e757d1042d647f21bfaf8d41ebc\"},\"headline\":\"Mitsubishi pick-up hybride GR-HEV concept car\",\"datePublished\":\"2013-06-23T18:13:00+00:00\",\"dateModified\":\"2018-02-04T11:06:16+00:00\",\"mainEntityOfPage\":{\"@id\":\"https:\/\/www.carideal.com\/blog\/2013\/06\/23\/mitsubishi-pick-up-hybride-concept-car\/\"},\"wordCount\":395,\"commentCount\":0,\"publisher\":{\"@id\":\"https:\/\/www.carideal.com\/blog\/#organization\"},\"image\":{\"@id\":\"https:\/\/www.carideal.com\/blog\/2013\/06\/23\/mitsubishi-pick-up-hybride-concept-car\/#primaryimage\"},\"thumbnailUrl\":\"https:\/\/www.carideal.com\/blog\/wp-content\/uploads\/2013\/06\/mitsubishi-pick-up-hybride-carideal-blog-automobile_m.jpg\",\"articleSection\":[\"Actualit\u00e9 automobile\",\"Actualit\u00e9 Constructeur automobile\",\"Actualit\u00e9 Mitsubishi\",\"Concept car\",\"Divers\",\"pick-up\",\"Technologie Automobile\",\"Type de v\u00e9hicule\",\"Voiture Hybride\"],\"inLanguage\":\"fr-FR\",\"potentialAction\":[{\"@type\":\"CommentAction\",\"name\":\"Comment\",\"target\":[\"https:\/\/www.carideal.com\/blog\/2013\/06\/23\/mitsubishi-pick-up-hybride-concept-car\/#respond\"]}]},{\"@type\":\"WebPage\",\"@id\":\"https:\/\/www.carideal.com\/blog\/2013\/06\/23\/mitsubishi-pick-up-hybride-concept-car\/\",\"url\":\"https:\/\/www.carideal.com\/blog\/2013\/06\/23\/mitsubishi-pick-up-hybride-concept-car\/\",\"name\":\"Mitsubishi pick-up hybride GR-HEV concept car - Blog auto Carid\u00e9al\",\"isPartOf\":{\"@id\":\"https:\/\/www.carideal.com\/blog\/#website\"},\"primaryImageOfPage\":{\"@id\":\"https:\/\/www.carideal.com\/blog\/2013\/06\/23\/mitsubishi-pick-up-hybride-concept-car\/#primaryimage\"},\"image\":{\"@id\":\"https:\/\/www.carideal.com\/blog\/2013\/06\/23\/mitsubishi-pick-up-hybride-concept-car\/#primaryimage\"},\"thumbnailUrl\":\"https:\/\/www.carideal.com\/blog\/wp-content\/uploads\/2013\/06\/mitsubishi-pick-up-hybride-carideal-blog-automobile_m.jpg\",\"datePublished\":\"2013-06-23T18:13:00+00:00\",\"dateModified\":\"2018-02-04T11:06:16+00:00\",\"description\":\"Mitsubishi pr\u00e9sente un concept car nomm\u00e9 GR-HEV d'un pick-up hybride avec un moteur diesel accoupl\u00e9 \u00e0 deux moteurs \u00e9lectriques et des batteries rechargeables afin d'augmenter l'autonomie\",\"breadcrumb\":{\"@id\":\"https:\/\/www.carideal.com\/blog\/2013\/06\/23\/mitsubishi-pick-up-hybride-concept-car\/#breadcrumb\"},\"inLanguage\":\"fr-FR\",\"potentialAction\":[{\"@type\":\"ReadAction\",\"target\":[\"https:\/\/www.carideal.com\/blog\/2013\/06\/23\/mitsubishi-pick-up-hybride-concept-car\/\"]}]},{\"@type\":\"ImageObject\",\"inLanguage\":\"fr-FR\",\"@id\":\"https:\/\/www.carideal.com\/blog\/2013\/06\/23\/mitsubishi-pick-up-hybride-concept-car\/#primaryimage\",\"url\":\"https:\/\/www.carideal.com\/blog\/wp-content\/uploads\/2013\/06\/mitsubishi-pick-up-hybride-carideal-blog-automobile_m.jpg\",\"contentUrl\":\"https:\/\/www.carideal.com\/blog\/wp-content\/uploads\/2013\/06\/mitsubishi-pick-up-hybride-carideal-blog-automobile_m.jpg\",\"width\":448,\"height\":298,\"caption\":\"Le concept car du Pick Up mitsubishi hybride\"},{\"@type\":\"BreadcrumbList\",\"@id\":\"https:\/\/www.carideal.com\/blog\/2013\/06\/23\/mitsubishi-pick-up-hybride-concept-car\/#breadcrumb\",\"itemListElement\":[{\"@type\":\"ListItem\",\"position\":1,\"name\":\"Blog Carid\u00e9al\",\"item\":\"https:\/\/www.carideal.com\/blog\/\"},{\"@type\":\"ListItem\",\"position\":2,\"name\":\"Actualit\u00e9 constructeur automobile\",\"item\":\"https:\/\/www.carideal.com\/blog\/constructeur\/\"},{\"@type\":\"ListItem\",\"position\":3,\"name\":\"Actualit\u00e9 Mitsubishi\",\"item\":\"https:\/\/www.carideal.com\/blog\/constructeur\/actualite-mitsubishi\/\"},{\"@type\":\"ListItem\",\"position\":4,\"name\":\"Mitsubishi pick-up hybride GR-HEV concept car\"}]},{\"@type\":\"WebSite\",\"@id\":\"https:\/\/www.carideal.com\/blog\/#website\",\"url\":\"https:\/\/www.carideal.com\/blog\/\",\"name\":\"Blog auto Carid\u00e9al\",\"description\":\"Actualit\u00e9 auto par des passionn\u00e9s\",\"publisher\":{\"@id\":\"https:\/\/www.carideal.com\/blog\/#organization\"},\"potentialAction\":[{\"@type\":\"SearchAction\",\"target\":{\"@type\":\"EntryPoint\",\"urlTemplate\":\"https:\/\/www.carideal.com\/blog\/?s={search_term_string}\"},\"query-input\":{\"@type\":\"PropertyValueSpecification\",\"valueRequired\":true,\"valueName\":\"search_term_string\"}}],\"inLanguage\":\"fr-FR\"},{\"@type\":\"Organization\",\"@id\":\"https:\/\/www.carideal.com\/blog\/#organization\",\"name\":\"Carideal\",\"url\":\"https:\/\/www.carideal.com\/blog\/\",\"logo\":{\"@type\":\"ImageObject\",\"inLanguage\":\"fr-FR\",\"@id\":\"https:\/\/www.carideal.com\/blog\/#\/schema\/logo\/image\/\",\"url\":\"http:\/\/www.carideal.com\/blog\/wp-content\/uploads\/2016\/03\/logo-carideal-mandataire-automobile.png\",\"contentUrl\":\"http:\/\/www.carideal.com\/blog\/wp-content\/uploads\/2016\/03\/logo-carideal-mandataire-automobile.png\",\"width\":300,\"height\":300,\"caption\":\"Carideal\"},\"image\":{\"@id\":\"https:\/\/www.carideal.com\/blog\/#\/schema\/logo\/image\/\"},\"sameAs\":[\"https:\/\/www.facebook.com\/Carideal.mandataire.automobile\",\"https:\/\/x.com\/caridealauto\",\"https:\/\/www.instagram.com\/carideal1\/\",\"https:\/\/www.linkedin.com\/company\/carideal.com\",\"https:\/\/fr.pinterest.com\/schiavonsas\/\",\"https:\/\/www.youtube.com\/user\/caridealsas\"]},{\"@type\":\"Person\",\"@id\":\"https:\/\/www.carideal.com\/blog\/#\/schema\/person\/985c7e757d1042d647f21bfaf8d41ebc\",\"name\":\"N.S Carideal\",\"image\":{\"@type\":\"ImageObject\",\"inLanguage\":\"fr-FR\",\"@id\":\"https:\/\/www.carideal.com\/blog\/#\/schema\/person\/image\/\",\"url\":\"https:\/\/secure.gravatar.com\/avatar\/edb7ccdf1a4e3d14aef967760d354d0e?s=96&r=g\",\"contentUrl\":\"https:\/\/secure.gravatar.com\/avatar\/edb7ccdf1a4e3d14aef967760d354d0e?s=96&r=g\",\"caption\":\"N.S Carideal\"},\"description\":\"Depuis tout petit fan d'automobile. Il est question d'essayer et de comparer toutes ces voitures qui nous ont fait r\u00e9ver, avant que celles-ci ne devient uniquement des voitures de collection.\",\"sameAs\":[\"http:\/\/www.carideal.com\/blog\",\"https:\/\/www.facebook.com\/Carideal.mandataire.automobile\/\",\"https:\/\/www.linkedin.com\/in\/nschiavon\/\",\"https:\/\/www.youtube.com\/user\/caridealsas\/\"],\"url\":\"https:\/\/www.carideal.com\/blog\/author\/admin_carideal\/\"}]}<\/script>\n<!-- \/ Yoast SEO plugin. -->","yoast_head_json":{"title":"Mitsubishi pick-up hybride GR-HEV concept car - Blog auto Carid\u00e9al","description":"Mitsubishi pr\u00e9sente un concept car nomm\u00e9 GR-HEV d'un pick-up hybride avec un moteur diesel accoupl\u00e9 \u00e0 deux moteurs \u00e9lectriques et des batteries rechargeables afin d'augmenter l'autonomie","robots":{"index":"index","follow":"follow","max-snippet":"max-snippet:-1","max-image-preview":"max-image-preview:large","max-video-preview":"max-video-preview:-1"},"canonical":"https:\/\/www.carideal.com\/blog\/2013\/06\/23\/mitsubishi-pick-up-hybride-concept-car\/","og_locale":"fr_FR","og_type":"article","og_title":"Mitsubishi pick-up hybride GR-HEV concept car - Blog auto Carid\u00e9al","og_description":"Mitsubishi pr\u00e9sente un concept car nomm\u00e9 GR-HEV d'un pick-up hybride avec un moteur diesel accoupl\u00e9 \u00e0 deux moteurs \u00e9lectriques et des batteries rechargeables afin d'augmenter l'autonomie","og_url":"https:\/\/www.carideal.com\/blog\/2013\/06\/23\/mitsubishi-pick-up-hybride-concept-car\/","og_site_name":"Blog auto Carid\u00e9al","article_publisher":"https:\/\/www.facebook.com\/Carideal.mandataire.automobile","article_author":"https:\/\/www.facebook.com\/Carideal.mandataire.automobile\/","article_published_time":"2013-06-23T18:13:00+00:00","article_modified_time":"2018-02-04T11:06:16+00:00","og_image":[{"width":448,"height":298,"url":"https:\/\/www.carideal.com\/blog\/wp-content\/uploads\/2013\/06\/mitsubishi-pick-up-hybride-carideal-blog-automobile_m.jpg","type":"image\/jpeg"}],"author":"N.S Carideal","twitter_card":"summary_large_image","twitter_creator":"@caridealauto","twitter_site":"@caridealauto","twitter_misc":{"\u00c9crit par":"N.S Carideal","Dur\u00e9e de lecture estim\u00e9e":"2 minutes"},"schema":{"@context":"https:\/\/schema.org","@graph":[{"@type":"Article","@id":"https:\/\/www.carideal.com\/blog\/2013\/06\/23\/mitsubishi-pick-up-hybride-concept-car\/#article","isPartOf":{"@id":"https:\/\/www.carideal.com\/blog\/2013\/06\/23\/mitsubishi-pick-up-hybride-concept-car\/"},"author":{"name":"N.S Carideal","@id":"https:\/\/www.carideal.com\/blog\/#\/schema\/person\/985c7e757d1042d647f21bfaf8d41ebc"},"headline":"Mitsubishi pick-up hybride GR-HEV concept car","datePublished":"2013-06-23T18:13:00+00:00","dateModified":"2018-02-04T11:06:16+00:00","mainEntityOfPage":{"@id":"https:\/\/www.carideal.com\/blog\/2013\/06\/23\/mitsubishi-pick-up-hybride-concept-car\/"},"wordCount":395,"commentCount":0,"publisher":{"@id":"https:\/\/www.carideal.com\/blog\/#organization"},"image":{"@id":"https:\/\/www.carideal.com\/blog\/2013\/06\/23\/mitsubishi-pick-up-hybride-concept-car\/#primaryimage"},"thumbnailUrl":"https:\/\/www.carideal.com\/blog\/wp-content\/uploads\/2013\/06\/mitsubishi-pick-up-hybride-carideal-blog-automobile_m.jpg","articleSection":["Actualit\u00e9 automobile","Actualit\u00e9 Constructeur automobile","Actualit\u00e9 Mitsubishi","Concept car","Divers","pick-up","Technologie Automobile","Type de v\u00e9hicule","Voiture Hybride"],"inLanguage":"fr-FR","potentialAction":[{"@type":"CommentAction","name":"Comment","target":["https:\/\/www.carideal.com\/blog\/2013\/06\/23\/mitsubishi-pick-up-hybride-concept-car\/#respond"]}]},{"@type":"WebPage","@id":"https:\/\/www.carideal.com\/blog\/2013\/06\/23\/mitsubishi-pick-up-hybride-concept-car\/","url":"https:\/\/www.carideal.com\/blog\/2013\/06\/23\/mitsubishi-pick-up-hybride-concept-car\/","name":"Mitsubishi pick-up hybride GR-HEV concept car - Blog auto Carid\u00e9al","isPartOf":{"@id":"https:\/\/www.carideal.com\/blog\/#website"},"primaryImageOfPage":{"@id":"https:\/\/www.carideal.com\/blog\/2013\/06\/23\/mitsubishi-pick-up-hybride-concept-car\/#primaryimage"},"image":{"@id":"https:\/\/www.carideal.com\/blog\/2013\/06\/23\/mitsubishi-pick-up-hybride-concept-car\/#primaryimage"},"thumbnailUrl":"https:\/\/www.carideal.com\/blog\/wp-content\/uploads\/2013\/06\/mitsubishi-pick-up-hybride-carideal-blog-automobile_m.jpg","datePublished":"2013-06-23T18:13:00+00:00","dateModified":"2018-02-04T11:06:16+00:00","description":"Mitsubishi pr\u00e9sente un concept car nomm\u00e9 GR-HEV d'un pick-up hybride avec un moteur diesel accoupl\u00e9 \u00e0 deux moteurs \u00e9lectriques et des batteries rechargeables afin d'augmenter l'autonomie","breadcrumb":{"@id":"https:\/\/www.carideal.com\/blog\/2013\/06\/23\/mitsubishi-pick-up-hybride-concept-car\/#breadcrumb"},"inLanguage":"fr-FR","potentialAction":[{"@type":"ReadAction","target":["https:\/\/www.carideal.com\/blog\/2013\/06\/23\/mitsubishi-pick-up-hybride-concept-car\/"]}]},{"@type":"ImageObject","inLanguage":"fr-FR","@id":"https:\/\/www.carideal.com\/blog\/2013\/06\/23\/mitsubishi-pick-up-hybride-concept-car\/#primaryimage","url":"https:\/\/www.carideal.com\/blog\/wp-content\/uploads\/2013\/06\/mitsubishi-pick-up-hybride-carideal-blog-automobile_m.jpg","contentUrl":"https:\/\/www.carideal.com\/blog\/wp-content\/uploads\/2013\/06\/mitsubishi-pick-up-hybride-carideal-blog-automobile_m.jpg","width":448,"height":298,"caption":"Le concept car du Pick Up mitsubishi hybride"},{"@type":"BreadcrumbList","@id":"https:\/\/www.carideal.com\/blog\/2013\/06\/23\/mitsubishi-pick-up-hybride-concept-car\/#breadcrumb","itemListElement":[{"@type":"ListItem","position":1,"name":"Blog Carid\u00e9al","item":"https:\/\/www.carideal.com\/blog\/"},{"@type":"ListItem","position":2,"name":"Actualit\u00e9 constructeur automobile","item":"https:\/\/www.carideal.com\/blog\/constructeur\/"},{"@type":"ListItem","position":3,"name":"Actualit\u00e9 Mitsubishi","item":"https:\/\/www.carideal.com\/blog\/constructeur\/actualite-mitsubishi\/"},{"@type":"ListItem","position":4,"name":"Mitsubishi pick-up hybride GR-HEV concept car"}]},{"@type":"WebSite","@id":"https:\/\/www.carideal.com\/blog\/#website","url":"https:\/\/www.carideal.com\/blog\/","name":"Blog auto Carid\u00e9al","description":"Actualit\u00e9 auto par des passionn\u00e9s","publisher":{"@id":"https:\/\/www.carideal.com\/blog\/#organization"},"potentialAction":[{"@type":"SearchAction","target":{"@type":"EntryPoint","urlTemplate":"https:\/\/www.carideal.com\/blog\/?s={search_term_string}"},"query-input":{"@type":"PropertyValueSpecification","valueRequired":true,"valueName":"search_term_string"}}],"inLanguage":"fr-FR"},{"@type":"Organization","@id":"https:\/\/www.carideal.com\/blog\/#organization","name":"Carideal","url":"https:\/\/www.carideal.com\/blog\/","logo":{"@type":"ImageObject","inLanguage":"fr-FR","@id":"https:\/\/www.carideal.com\/blog\/#\/schema\/logo\/image\/","url":"http:\/\/www.carideal.com\/blog\/wp-content\/uploads\/2016\/03\/logo-carideal-mandataire-automobile.png","contentUrl":"http:\/\/www.carideal.com\/blog\/wp-content\/uploads\/2016\/03\/logo-carideal-mandataire-automobile.png","width":300,"height":300,"caption":"Carideal"},"image":{"@id":"https:\/\/www.carideal.com\/blog\/#\/schema\/logo\/image\/"},"sameAs":["https:\/\/www.facebook.com\/Carideal.mandataire.automobile","https:\/\/x.com\/caridealauto","https:\/\/www.instagram.com\/carideal1\/","https:\/\/www.linkedin.com\/company\/carideal.com","https:\/\/fr.pinterest.com\/schiavonsas\/","https:\/\/www.youtube.com\/user\/caridealsas"]},{"@type":"Person","@id":"https:\/\/www.carideal.com\/blog\/#\/schema\/person\/985c7e757d1042d647f21bfaf8d41ebc","name":"N.S Carideal","image":{"@type":"ImageObject","inLanguage":"fr-FR","@id":"https:\/\/www.carideal.com\/blog\/#\/schema\/person\/image\/","url":"https:\/\/secure.gravatar.com\/avatar\/edb7ccdf1a4e3d14aef967760d354d0e?s=96&r=g","contentUrl":"https:\/\/secure.gravatar.com\/avatar\/edb7ccdf1a4e3d14aef967760d354d0e?s=96&r=g","caption":"N.S Carideal"},"description":"Depuis tout petit fan d'automobile. Il est question d'essayer et de comparer toutes ces voitures qui nous ont fait r\u00e9ver, avant que celles-ci ne devient uniquement des voitures de collection.","sameAs":["http:\/\/www.carideal.com\/blog","https:\/\/www.facebook.com\/Carideal.mandataire.automobile\/","https:\/\/www.linkedin.com\/in\/nschiavon\/","https:\/\/www.youtube.com\/user\/caridealsas\/"],"url":"https:\/\/www.carideal.com\/blog\/author\/admin_carideal\/"}]}},"uagb_featured_image_src":{"full":["https:\/\/www.carideal.com\/blog\/wp-content\/uploads\/2013\/06\/mitsubishi-pick-up-hybride-carideal-blog-automobile_m.jpg",448,298,false],"thumbnail":["https:\/\/www.carideal.com\/blog\/wp-content\/uploads\/2013\/06\/mitsubishi-pick-up-hybride-carideal-blog-automobile_m-150x150.jpg",150,150,true],"medium":["https:\/\/www.carideal.com\/blog\/wp-content\/uploads\/2013\/06\/mitsubishi-pick-up-hybride-carideal-blog-automobile_m-300x200.jpg",300,200,true],"medium_large":["https:\/\/www.carideal.com\/blog\/wp-content\/uploads\/2013\/06\/mitsubishi-pick-up-hybride-carideal-blog-automobile_m.jpg",448,298,false],"large":["https:\/\/www.carideal.com\/blog\/wp-content\/uploads\/2013\/06\/mitsubishi-pick-up-hybride-carideal-blog-automobile_m.jpg",448,298,false],"1536x1536":["https:\/\/www.carideal.com\/blog\/wp-content\/uploads\/2013\/06\/mitsubishi-pick-up-hybride-carideal-blog-automobile_m.jpg",448,298,false],"2048x2048":["https:\/\/www.carideal.com\/blog\/wp-content\/uploads\/2013\/06\/mitsubishi-pick-up-hybride-carideal-blog-automobile_m.jpg",448,298,false],"wppr-widget":["https:\/\/www.carideal.com\/blog\/wp-content\/uploads\/2013\/06\/mitsubishi-pick-up-hybride-carideal-blog-automobile_m.jpg",50,33,false]},"uagb_author_info":{"display_name":"N.S Carideal","author_link":"https:\/\/www.carideal.com\/blog\/author\/admin_carideal\/"},"uagb_comment_info":0,"uagb_excerpt":"Le concept car GR-HEV du Pick Up Mitsubishi hybride Mitsubishi pr\u00e9sente un concept car nomm\u00e9 GR-HEV d'un pick-up hybride avec un moteur diesel accoupl\u00e9 \u00e0 deux moteurs \u00e9lectriques et des batteries rechargeables afin d'augmenter l'autonomie. Mitsubishi annonce 149 g\/km d'\u00e9mission de CO2 au lieu de 215 g\/km pour le L200 et son moteur diesel de\u2026","_links":{"self":[{"href":"https:\/\/www.carideal.com\/blog\/wp-json\/wp\/v2\/posts\/589"}],"collection":[{"href":"https:\/\/www.carideal.com\/blog\/wp-json\/wp\/v2\/posts"}],"about":[{"href":"https:\/\/www.carideal.com\/blog\/wp-json\/wp\/v2\/types\/post"}],"author":[{"embeddable":true,"href":"https:\/\/www.carideal.com\/blog\/wp-json\/wp\/v2\/users\/1"}],"replies":[{"embeddable":true,"href":"https:\/\/www.carideal.com\/blog\/wp-json\/wp\/v2\/comments?post=589"}],"version-history":[{"count":0,"href":"https:\/\/www.carideal.com\/blog\/wp-json\/wp\/v2\/posts\/589\/revisions"}],"wp:featuredmedia":[{"embeddable":true,"href":"https:\/\/www.carideal.com\/blog\/wp-json\/wp\/v2\/media\/16836"}],"wp:attachment":[{"href":"https:\/\/www.carideal.com\/blog\/wp-json\/wp\/v2\/media?parent=589"}],"wp:term":[{"taxonomy":"category","embeddable":true,"href":"https:\/\/www.carideal.com\/blog\/wp-json\/wp\/v2\/categories?post=589"},{"taxonomy":"post_tag","embeddable":true,"href":"https:\/\/www.carideal.com\/blog\/wp-json\/wp\/v2\/tags?post=589"}],"curies":[{"name":"wp","href":"https:\/\/api.w.org\/{rel}","templated":true}]}}