{"id":5863,"date":"2014-04-03T19:09:59","date_gmt":"2014-04-03T17:09:59","guid":{"rendered":"http:\/\/www.carideal.com\/blog\/?p=5863"},"modified":"2015-05-31T19:51:23","modified_gmt":"2015-05-31T17:51:23","slug":"essai-bmw-serie-2-coupe-220d-bva8","status":"publish","type":"post","link":"https:\/\/www.carideal.com\/blog\/2014\/04\/03\/essai-bmw-serie-2-coupe-220d-bva8\/","title":{"rendered":"Essai  BMW s\u00e9rie 2 coup\u00e9  220d BVA8"},"content":{"rendered":"<figure id=\"attachment_5864\" aria-describedby=\"caption-attachment-5864\" style=\"width: 290px\" class=\"wp-caption alignnone\"><a href=\"http:\/\/www.carideal.com\/blog\/wp-content\/uploads\/2015\/05\/bmw-220d-coupe-220d-bva8-carideal-mandataire-auto.jpg\"><img loading=\"lazy\" decoding=\"async\" src=\"http:\/\/www.carideal.com\/blog\/wp-content\/uploads\/2015\/05\/bmw-220d-coupe-220d-bva8-carideal-mandataire-auto-300x200.jpg\" alt=\"BMW S\u00e9rie 2 Coup\u00e9 220d BVA8\" width=\"300\" height=\"200\" class=\"size-medium wp-image-5864\" srcset=\"https:\/\/www.carideal.com\/blog\/wp-content\/uploads\/2015\/05\/bmw-220d-coupe-220d-bva8-carideal-mandataire-auto-300x200.jpg 300w, https:\/\/www.carideal.com\/blog\/wp-content\/uploads\/2015\/05\/bmw-220d-coupe-220d-bva8-carideal-mandataire-auto-624x417.jpg 624w, https:\/\/www.carideal.com\/blog\/wp-content\/uploads\/2015\/05\/bmw-220d-coupe-220d-bva8-carideal-mandataire-auto.jpg 800w\" sizes=\"(max-width: 300px) 100vw, 300px\" \/><\/a><figcaption id=\"caption-attachment-5864\" class=\"wp-caption-text\">BMW S\u00e9rie 2 Coup\u00e9 220d BVA8<\/figcaption><\/figure>\n<p>Comme la S\u00e9rie 4 qui remplace la s\u00e9rie 3 Coup\u00e9, la nouvelle S\u00e9rie 2 remplace aussi l'ancienne S\u00e9rie 1 coup\u00e9 mais ce n'est pas tout.<\/p>\n<p>M\u00eame si la S\u00e9rie 2 Coup\u00e9 est bas\u00e9e sur la S\u00e9rie 1, elle s'en distingue avec une face avant sp\u00e9cifique et des moteurs aussi plus puissants. Les feux avant sont sp\u00e9cifiques.<br \/>\nLa version M235i propose jusqu'\u00e0 326 ch.<br \/>\nLa version qui devrait se vendre le plus en France serait le moteur 2.0 de 184 ch qui sera aussi disponible en boite auto 8 rapports.<\/p>\n<p>Son moteur fort d'un couple de 380 Nm permet des relances franches et rapides ce qui permet d'\u00e9viter de monter au-dessus des 3000 tr\/min zone ou le moteur est bruyant. La boite de vitesse automatique BVA8 est exceptionnelle douceur, rapide, avec une gestion remarquable qui tombe toujours \u00e0 propos, mais qui reste cher en option : 2300 \u20ac.<br \/>\nLa suspension pilot\u00e9e semble indispensable en option \u00e0 1150 \u20ac, sans cette option la voiture freine mal, et pr\u00e9sente des mouvements de caisse qui influe sur la tenue de route en courbe rapide.<br \/>\nLa position de conduite est parfaite, le volant de cette finition M Sport, superbe.<\/p>\n<p>Moins canaille, l'arri\u00e8re a tent\u00e9 d'arrondir davantage ses formes. Ces boucliers et ces jantes de 18 pouces arrivent avec la finition M Sport.<br \/>\nEquip\u00e9e de ces options, la BMW S\u00e9rie 2 se comporte comme un vrai coup\u00e9 avec un train avant incisif et un train arri\u00e8re stable.<br \/>\nLe moteurs diesel est soumis \u00e0 des claquements que sa frugalit\u00e9 peut faire oublier, pas plus de 8L aux 100 km si on pousse la m\u00e9canique et moins de 6 litres \u00e0 allure mod\u00e9r\u00e9e.<br \/>\nLa 220d Coup\u00e9 se vend entre 3500 et 5000 \u20ac plus cher que la 120d 3 portes : c'est cher !<\/p>\n","protected":false},"excerpt":{"rendered":"<p>Comme la S\u00e9rie 4 qui remplace la s\u00e9rie 3 Coup\u00e9, la nouvelle S\u00e9rie 2 remplace aussi l&rsquo;ancienne S\u00e9rie 1 coup\u00e9 mais ce n&rsquo;est pas tout. M\u00eame si la S\u00e9rie 2 Coup\u00e9 est bas\u00e9e sur la S\u00e9rie 1, elle s&rsquo;en distingue avec une face avant sp\u00e9cifique et des moteurs aussi plus puissants. Les feux avant sont &#8230; <a title=\"Essai  BMW s\u00e9rie 2 coup\u00e9  220d BVA8\" class=\"read-more\" href=\"https:\/\/www.carideal.com\/blog\/2014\/04\/03\/essai-bmw-serie-2-coupe-220d-bva8\/\" aria-label=\"En savoir plus sur Essai  BMW s\u00e9rie 2 coup\u00e9  220d BVA8\">Lire plus<\/a><\/p>\n","protected":false},"author":3,"featured_media":0,"comment_status":"open","ping_status":"open","sticky":false,"template":"","format":"standard","meta":{"_uag_custom_page_level_css":"","_themeisle_gutenberg_block_has_review":false,"footnotes":""},"categories":[9],"tags":[],"class_list":["post-5863","post","type-post","status-publish","format-standard","hentry","category-divers"],"wppr_data":[],"yoast_head":"<!-- This site is optimized with the Yoast SEO plugin v24.8.1 - https:\/\/yoast.com\/wordpress\/plugins\/seo\/ -->\n<title>Essai BMW s\u00e9rie 2 coup\u00e9 220d BVA8 - Blog auto Carid\u00e9al<\/title>\n<meta name=\"robots\" content=\"index, follow, max-snippet:-1, max-image-preview:large, max-video-preview:-1\" \/>\n<link rel=\"canonical\" href=\"https:\/\/www.carideal.com\/blog\/2014\/04\/03\/essai-bmw-serie-2-coupe-220d-bva8\/\" \/>\n<meta property=\"og:locale\" content=\"fr_FR\" \/>\n<meta property=\"og:type\" content=\"article\" \/>\n<meta property=\"og:title\" content=\"Essai BMW s\u00e9rie 2 coup\u00e9 220d BVA8 - Blog auto Carid\u00e9al\" \/>\n<meta property=\"og:description\" content=\"Comme la S\u00e9rie 4 qui remplace la s\u00e9rie 3 Coup\u00e9, la nouvelle S\u00e9rie 2 remplace aussi l&#039;ancienne S\u00e9rie 1 coup\u00e9 mais ce n&#039;est pas tout. M\u00eame si la S\u00e9rie 2 Coup\u00e9 est bas\u00e9e sur la S\u00e9rie 1, elle s&#039;en distingue avec une face avant sp\u00e9cifique et des moteurs aussi plus puissants. Les feux avant sont ... Lire plus\" \/>\n<meta property=\"og:url\" content=\"https:\/\/www.carideal.com\/blog\/2014\/04\/03\/essai-bmw-serie-2-coupe-220d-bva8\/\" \/>\n<meta property=\"og:site_name\" content=\"Blog auto Carid\u00e9al\" \/>\n<meta property=\"article:publisher\" content=\"https:\/\/www.facebook.com\/Carideal.mandataire.automobile\" \/>\n<meta property=\"article:author\" content=\"https:\/\/www.facebook.com\/nicolas.schiavon.39\" \/>\n<meta property=\"article:published_time\" content=\"2014-04-03T17:09:59+00:00\" \/>\n<meta property=\"article:modified_time\" content=\"2015-05-31T17:51:23+00:00\" \/>\n<meta property=\"og:image\" content=\"http:\/\/www.carideal.com\/blog\/wp-content\/uploads\/2015\/05\/bmw-220d-coupe-220d-bva8-carideal-mandataire-auto-300x200.jpg\" \/>\n<meta name=\"author\" content=\"Nicolas SCHIAVON\" \/>\n<meta name=\"twitter:card\" content=\"summary_large_image\" \/>\n<meta name=\"twitter:creator\" content=\"@caridealauto\" \/>\n<meta name=\"twitter:site\" content=\"@caridealauto\" \/>\n<meta name=\"twitter:label1\" content=\"\u00c9crit par\" \/>\n\t<meta name=\"twitter:data1\" content=\"Nicolas SCHIAVON\" \/>\n\t<meta name=\"twitter:label2\" content=\"Dur\u00e9e de lecture estim\u00e9e\" \/>\n\t<meta name=\"twitter:data2\" content=\"2 minutes\" \/>\n<script type=\"application\/ld+json\" class=\"yoast-schema-graph\">{\"@context\":\"https:\/\/schema.org\",\"@graph\":[{\"@type\":\"Article\",\"@id\":\"https:\/\/www.carideal.com\/blog\/2014\/04\/03\/essai-bmw-serie-2-coupe-220d-bva8\/#article\",\"isPartOf\":{\"@id\":\"https:\/\/www.carideal.com\/blog\/2014\/04\/03\/essai-bmw-serie-2-coupe-220d-bva8\/\"},\"author\":{\"name\":\"Nicolas SCHIAVON\",\"@id\":\"https:\/\/www.carideal.com\/blog\/#\/schema\/person\/cd95dc7919660de90d31b366f85be1ec\"},\"headline\":\"Essai BMW s\u00e9rie 2 coup\u00e9 220d BVA8\",\"datePublished\":\"2014-04-03T17:09:59+00:00\",\"dateModified\":\"2015-05-31T17:51:23+00:00\",\"mainEntityOfPage\":{\"@id\":\"https:\/\/www.carideal.com\/blog\/2014\/04\/03\/essai-bmw-serie-2-coupe-220d-bva8\/\"},\"wordCount\":307,\"commentCount\":0,\"publisher\":{\"@id\":\"https:\/\/www.carideal.com\/blog\/#organization\"},\"image\":{\"@id\":\"https:\/\/www.carideal.com\/blog\/2014\/04\/03\/essai-bmw-serie-2-coupe-220d-bva8\/#primaryimage\"},\"thumbnailUrl\":\"http:\/\/www.carideal.com\/blog\/wp-content\/uploads\/2015\/05\/bmw-220d-coupe-220d-bva8-carideal-mandataire-auto-300x200.jpg\",\"articleSection\":[\"Divers\"],\"inLanguage\":\"fr-FR\",\"potentialAction\":[{\"@type\":\"CommentAction\",\"name\":\"Comment\",\"target\":[\"https:\/\/www.carideal.com\/blog\/2014\/04\/03\/essai-bmw-serie-2-coupe-220d-bva8\/#respond\"]}]},{\"@type\":\"WebPage\",\"@id\":\"https:\/\/www.carideal.com\/blog\/2014\/04\/03\/essai-bmw-serie-2-coupe-220d-bva8\/\",\"url\":\"https:\/\/www.carideal.com\/blog\/2014\/04\/03\/essai-bmw-serie-2-coupe-220d-bva8\/\",\"name\":\"Essai BMW s\u00e9rie 2 coup\u00e9 220d BVA8 - Blog auto Carid\u00e9al\",\"isPartOf\":{\"@id\":\"https:\/\/www.carideal.com\/blog\/#website\"},\"primaryImageOfPage\":{\"@id\":\"https:\/\/www.carideal.com\/blog\/2014\/04\/03\/essai-bmw-serie-2-coupe-220d-bva8\/#primaryimage\"},\"image\":{\"@id\":\"https:\/\/www.carideal.com\/blog\/2014\/04\/03\/essai-bmw-serie-2-coupe-220d-bva8\/#primaryimage\"},\"thumbnailUrl\":\"http:\/\/www.carideal.com\/blog\/wp-content\/uploads\/2015\/05\/bmw-220d-coupe-220d-bva8-carideal-mandataire-auto-300x200.jpg\",\"datePublished\":\"2014-04-03T17:09:59+00:00\",\"dateModified\":\"2015-05-31T17:51:23+00:00\",\"breadcrumb\":{\"@id\":\"https:\/\/www.carideal.com\/blog\/2014\/04\/03\/essai-bmw-serie-2-coupe-220d-bva8\/#breadcrumb\"},\"inLanguage\":\"fr-FR\",\"potentialAction\":[{\"@type\":\"ReadAction\",\"target\":[\"https:\/\/www.carideal.com\/blog\/2014\/04\/03\/essai-bmw-serie-2-coupe-220d-bva8\/\"]}]},{\"@type\":\"ImageObject\",\"inLanguage\":\"fr-FR\",\"@id\":\"https:\/\/www.carideal.com\/blog\/2014\/04\/03\/essai-bmw-serie-2-coupe-220d-bva8\/#primaryimage\",\"url\":\"http:\/\/www.carideal.com\/blog\/wp-content\/uploads\/2015\/05\/bmw-220d-coupe-220d-bva8-carideal-mandataire-auto-300x200.jpg\",\"contentUrl\":\"http:\/\/www.carideal.com\/blog\/wp-content\/uploads\/2015\/05\/bmw-220d-coupe-220d-bva8-carideal-mandataire-auto-300x200.jpg\"},{\"@type\":\"BreadcrumbList\",\"@id\":\"https:\/\/www.carideal.com\/blog\/2014\/04\/03\/essai-bmw-serie-2-coupe-220d-bva8\/#breadcrumb\",\"itemListElement\":[{\"@type\":\"ListItem\",\"position\":1,\"name\":\"Blog Carid\u00e9al\",\"item\":\"https:\/\/www.carideal.com\/blog\/\"},{\"@type\":\"ListItem\",\"position\":2,\"name\":\"Divers\",\"item\":\"https:\/\/www.carideal.com\/blog\/divers\/\"},{\"@type\":\"ListItem\",\"position\":3,\"name\":\"Essai BMW s\u00e9rie 2 coup\u00e9 220d BVA8\"}]},{\"@type\":\"WebSite\",\"@id\":\"https:\/\/www.carideal.com\/blog\/#website\",\"url\":\"https:\/\/www.carideal.com\/blog\/\",\"name\":\"Blog auto Carid\u00e9al\",\"description\":\"Actualit\u00e9 auto par des passionn\u00e9s\",\"publisher\":{\"@id\":\"https:\/\/www.carideal.com\/blog\/#organization\"},\"potentialAction\":[{\"@type\":\"SearchAction\",\"target\":{\"@type\":\"EntryPoint\",\"urlTemplate\":\"https:\/\/www.carideal.com\/blog\/?s={search_term_string}\"},\"query-input\":{\"@type\":\"PropertyValueSpecification\",\"valueRequired\":true,\"valueName\":\"search_term_string\"}}],\"inLanguage\":\"fr-FR\"},{\"@type\":\"Organization\",\"@id\":\"https:\/\/www.carideal.com\/blog\/#organization\",\"name\":\"Carideal\",\"url\":\"https:\/\/www.carideal.com\/blog\/\",\"logo\":{\"@type\":\"ImageObject\",\"inLanguage\":\"fr-FR\",\"@id\":\"https:\/\/www.carideal.com\/blog\/#\/schema\/logo\/image\/\",\"url\":\"http:\/\/www.carideal.com\/blog\/wp-content\/uploads\/2016\/03\/logo-carideal-mandataire-automobile.png\",\"contentUrl\":\"http:\/\/www.carideal.com\/blog\/wp-content\/uploads\/2016\/03\/logo-carideal-mandataire-automobile.png\",\"width\":300,\"height\":300,\"caption\":\"Carideal\"},\"image\":{\"@id\":\"https:\/\/www.carideal.com\/blog\/#\/schema\/logo\/image\/\"},\"sameAs\":[\"https:\/\/www.facebook.com\/Carideal.mandataire.automobile\",\"https:\/\/x.com\/caridealauto\",\"https:\/\/www.instagram.com\/carideal1\/\",\"https:\/\/www.linkedin.com\/company\/carideal.com\",\"https:\/\/fr.pinterest.com\/schiavonsas\/\",\"https:\/\/www.youtube.com\/user\/caridealsas\"]},{\"@type\":\"Person\",\"@id\":\"https:\/\/www.carideal.com\/blog\/#\/schema\/person\/cd95dc7919660de90d31b366f85be1ec\",\"name\":\"Nicolas SCHIAVON\",\"image\":{\"@type\":\"ImageObject\",\"inLanguage\":\"fr-FR\",\"@id\":\"https:\/\/www.carideal.com\/blog\/#\/schema\/person\/image\/\",\"url\":\"https:\/\/secure.gravatar.com\/avatar\/c17e55009e671d92cc7f5dc837dc418a?s=96&r=g\",\"contentUrl\":\"https:\/\/secure.gravatar.com\/avatar\/c17e55009e671d92cc7f5dc837dc418a?s=96&r=g\",\"caption\":\"Nicolas SCHIAVON\"},\"description\":\"Nicolas Schiavon est tomb\u00e9 tout petit dans la marmite automobile. Ayant eu un garage de marque automobile, mandataire automobile de la premi\u00e8re heure d\u00e8s 1999. Nicolas a cr\u00e9\u00e9 ces premiers sites de vente de voiture et blog automobile d\u00e8s 1994. Carideal est n\u00e9 le 15 d\u00e9cembre 2000 de la volont\u00e9 de vendre des voitures d'occasions en ligne puis des voitures neuves. Il a pu essayer beaucoup de voitures tr\u00e8s diff\u00e9rentes et ayant eu personnellement quelques belles autos, Subaru Impreza, Mitsubishi Lancer Evo 7, Porsche 911, Ferrari Testarrossa, Audi RS3, RS4 et j'en passe...\",\"sameAs\":[\"http:\/\/www.carideal.com\",\"https:\/\/www.facebook.com\/nicolas.schiavon.39\",\"https:\/\/www.instagram.com\/carideal1\/\",\"https:\/\/www.linkedin.com\/in\/nschiavon\/\",\"https:\/\/x.com\/caridealauto\",\"https:\/\/www.youtube.com\/user\/caridealsas\/\"],\"url\":\"https:\/\/www.carideal.com\/blog\/author\/nschiavon\/\"}]}<\/script>\n<!-- \/ Yoast SEO plugin. -->","yoast_head_json":{"title":"Essai BMW s\u00e9rie 2 coup\u00e9 220d BVA8 - Blog auto Carid\u00e9al","robots":{"index":"index","follow":"follow","max-snippet":"max-snippet:-1","max-image-preview":"max-image-preview:large","max-video-preview":"max-video-preview:-1"},"canonical":"https:\/\/www.carideal.com\/blog\/2014\/04\/03\/essai-bmw-serie-2-coupe-220d-bva8\/","og_locale":"fr_FR","og_type":"article","og_title":"Essai BMW s\u00e9rie 2 coup\u00e9 220d BVA8 - Blog auto Carid\u00e9al","og_description":"Comme la S\u00e9rie 4 qui remplace la s\u00e9rie 3 Coup\u00e9, la nouvelle S\u00e9rie 2 remplace aussi l'ancienne S\u00e9rie 1 coup\u00e9 mais ce n'est pas tout. M\u00eame si la S\u00e9rie 2 Coup\u00e9 est bas\u00e9e sur la S\u00e9rie 1, elle s'en distingue avec une face avant sp\u00e9cifique et des moteurs aussi plus puissants. Les feux avant sont ... Lire plus","og_url":"https:\/\/www.carideal.com\/blog\/2014\/04\/03\/essai-bmw-serie-2-coupe-220d-bva8\/","og_site_name":"Blog auto Carid\u00e9al","article_publisher":"https:\/\/www.facebook.com\/Carideal.mandataire.automobile","article_author":"https:\/\/www.facebook.com\/nicolas.schiavon.39","article_published_time":"2014-04-03T17:09:59+00:00","article_modified_time":"2015-05-31T17:51:23+00:00","og_image":[{"url":"http:\/\/www.carideal.com\/blog\/wp-content\/uploads\/2015\/05\/bmw-220d-coupe-220d-bva8-carideal-mandataire-auto-300x200.jpg","type":"","width":"","height":""}],"author":"Nicolas SCHIAVON","twitter_card":"summary_large_image","twitter_creator":"@caridealauto","twitter_site":"@caridealauto","twitter_misc":{"\u00c9crit par":"Nicolas SCHIAVON","Dur\u00e9e de lecture estim\u00e9e":"2 minutes"},"schema":{"@context":"https:\/\/schema.org","@graph":[{"@type":"Article","@id":"https:\/\/www.carideal.com\/blog\/2014\/04\/03\/essai-bmw-serie-2-coupe-220d-bva8\/#article","isPartOf":{"@id":"https:\/\/www.carideal.com\/blog\/2014\/04\/03\/essai-bmw-serie-2-coupe-220d-bva8\/"},"author":{"name":"Nicolas SCHIAVON","@id":"https:\/\/www.carideal.com\/blog\/#\/schema\/person\/cd95dc7919660de90d31b366f85be1ec"},"headline":"Essai BMW s\u00e9rie 2 coup\u00e9 220d BVA8","datePublished":"2014-04-03T17:09:59+00:00","dateModified":"2015-05-31T17:51:23+00:00","mainEntityOfPage":{"@id":"https:\/\/www.carideal.com\/blog\/2014\/04\/03\/essai-bmw-serie-2-coupe-220d-bva8\/"},"wordCount":307,"commentCount":0,"publisher":{"@id":"https:\/\/www.carideal.com\/blog\/#organization"},"image":{"@id":"https:\/\/www.carideal.com\/blog\/2014\/04\/03\/essai-bmw-serie-2-coupe-220d-bva8\/#primaryimage"},"thumbnailUrl":"http:\/\/www.carideal.com\/blog\/wp-content\/uploads\/2015\/05\/bmw-220d-coupe-220d-bva8-carideal-mandataire-auto-300x200.jpg","articleSection":["Divers"],"inLanguage":"fr-FR","potentialAction":[{"@type":"CommentAction","name":"Comment","target":["https:\/\/www.carideal.com\/blog\/2014\/04\/03\/essai-bmw-serie-2-coupe-220d-bva8\/#respond"]}]},{"@type":"WebPage","@id":"https:\/\/www.carideal.com\/blog\/2014\/04\/03\/essai-bmw-serie-2-coupe-220d-bva8\/","url":"https:\/\/www.carideal.com\/blog\/2014\/04\/03\/essai-bmw-serie-2-coupe-220d-bva8\/","name":"Essai BMW s\u00e9rie 2 coup\u00e9 220d BVA8 - Blog auto Carid\u00e9al","isPartOf":{"@id":"https:\/\/www.carideal.com\/blog\/#website"},"primaryImageOfPage":{"@id":"https:\/\/www.carideal.com\/blog\/2014\/04\/03\/essai-bmw-serie-2-coupe-220d-bva8\/#primaryimage"},"image":{"@id":"https:\/\/www.carideal.com\/blog\/2014\/04\/03\/essai-bmw-serie-2-coupe-220d-bva8\/#primaryimage"},"thumbnailUrl":"http:\/\/www.carideal.com\/blog\/wp-content\/uploads\/2015\/05\/bmw-220d-coupe-220d-bva8-carideal-mandataire-auto-300x200.jpg","datePublished":"2014-04-03T17:09:59+00:00","dateModified":"2015-05-31T17:51:23+00:00","breadcrumb":{"@id":"https:\/\/www.carideal.com\/blog\/2014\/04\/03\/essai-bmw-serie-2-coupe-220d-bva8\/#breadcrumb"},"inLanguage":"fr-FR","potentialAction":[{"@type":"ReadAction","target":["https:\/\/www.carideal.com\/blog\/2014\/04\/03\/essai-bmw-serie-2-coupe-220d-bva8\/"]}]},{"@type":"ImageObject","inLanguage":"fr-FR","@id":"https:\/\/www.carideal.com\/blog\/2014\/04\/03\/essai-bmw-serie-2-coupe-220d-bva8\/#primaryimage","url":"http:\/\/www.carideal.com\/blog\/wp-content\/uploads\/2015\/05\/bmw-220d-coupe-220d-bva8-carideal-mandataire-auto-300x200.jpg","contentUrl":"http:\/\/www.carideal.com\/blog\/wp-content\/uploads\/2015\/05\/bmw-220d-coupe-220d-bva8-carideal-mandataire-auto-300x200.jpg"},{"@type":"BreadcrumbList","@id":"https:\/\/www.carideal.com\/blog\/2014\/04\/03\/essai-bmw-serie-2-coupe-220d-bva8\/#breadcrumb","itemListElement":[{"@type":"ListItem","position":1,"name":"Blog Carid\u00e9al","item":"https:\/\/www.carideal.com\/blog\/"},{"@type":"ListItem","position":2,"name":"Divers","item":"https:\/\/www.carideal.com\/blog\/divers\/"},{"@type":"ListItem","position":3,"name":"Essai BMW s\u00e9rie 2 coup\u00e9 220d BVA8"}]},{"@type":"WebSite","@id":"https:\/\/www.carideal.com\/blog\/#website","url":"https:\/\/www.carideal.com\/blog\/","name":"Blog auto Carid\u00e9al","description":"Actualit\u00e9 auto par des passionn\u00e9s","publisher":{"@id":"https:\/\/www.carideal.com\/blog\/#organization"},"potentialAction":[{"@type":"SearchAction","target":{"@type":"EntryPoint","urlTemplate":"https:\/\/www.carideal.com\/blog\/?s={search_term_string}"},"query-input":{"@type":"PropertyValueSpecification","valueRequired":true,"valueName":"search_term_string"}}],"inLanguage":"fr-FR"},{"@type":"Organization","@id":"https:\/\/www.carideal.com\/blog\/#organization","name":"Carideal","url":"https:\/\/www.carideal.com\/blog\/","logo":{"@type":"ImageObject","inLanguage":"fr-FR","@id":"https:\/\/www.carideal.com\/blog\/#\/schema\/logo\/image\/","url":"http:\/\/www.carideal.com\/blog\/wp-content\/uploads\/2016\/03\/logo-carideal-mandataire-automobile.png","contentUrl":"http:\/\/www.carideal.com\/blog\/wp-content\/uploads\/2016\/03\/logo-carideal-mandataire-automobile.png","width":300,"height":300,"caption":"Carideal"},"image":{"@id":"https:\/\/www.carideal.com\/blog\/#\/schema\/logo\/image\/"},"sameAs":["https:\/\/www.facebook.com\/Carideal.mandataire.automobile","https:\/\/x.com\/caridealauto","https:\/\/www.instagram.com\/carideal1\/","https:\/\/www.linkedin.com\/company\/carideal.com","https:\/\/fr.pinterest.com\/schiavonsas\/","https:\/\/www.youtube.com\/user\/caridealsas"]},{"@type":"Person","@id":"https:\/\/www.carideal.com\/blog\/#\/schema\/person\/cd95dc7919660de90d31b366f85be1ec","name":"Nicolas SCHIAVON","image":{"@type":"ImageObject","inLanguage":"fr-FR","@id":"https:\/\/www.carideal.com\/blog\/#\/schema\/person\/image\/","url":"https:\/\/secure.gravatar.com\/avatar\/c17e55009e671d92cc7f5dc837dc418a?s=96&r=g","contentUrl":"https:\/\/secure.gravatar.com\/avatar\/c17e55009e671d92cc7f5dc837dc418a?s=96&r=g","caption":"Nicolas SCHIAVON"},"description":"Nicolas Schiavon est tomb\u00e9 tout petit dans la marmite automobile. Ayant eu un garage de marque automobile, mandataire automobile de la premi\u00e8re heure d\u00e8s 1999. Nicolas a cr\u00e9\u00e9 ces premiers sites de vente de voiture et blog automobile d\u00e8s 1994. Carideal est n\u00e9 le 15 d\u00e9cembre 2000 de la volont\u00e9 de vendre des voitures d'occasions en ligne puis des voitures neuves. Il a pu essayer beaucoup de voitures tr\u00e8s diff\u00e9rentes et ayant eu personnellement quelques belles autos, Subaru Impreza, Mitsubishi Lancer Evo 7, Porsche 911, Ferrari Testarrossa, Audi RS3, RS4 et j'en passe...","sameAs":["http:\/\/www.carideal.com","https:\/\/www.facebook.com\/nicolas.schiavon.39","https:\/\/www.instagram.com\/carideal1\/","https:\/\/www.linkedin.com\/in\/nschiavon\/","https:\/\/x.com\/caridealauto","https:\/\/www.youtube.com\/user\/caridealsas\/"],"url":"https:\/\/www.carideal.com\/blog\/author\/nschiavon\/"}]}},"uagb_featured_image_src":{"full":false,"thumbnail":false,"medium":false,"medium_large":false,"large":false,"1536x1536":false,"2048x2048":false,"wppr-widget":false},"uagb_author_info":{"display_name":"Nicolas SCHIAVON","author_link":"https:\/\/www.carideal.com\/blog\/author\/nschiavon\/"},"uagb_comment_info":0,"uagb_excerpt":"Comme la S\u00e9rie 4 qui remplace la s\u00e9rie 3 Coup\u00e9, la nouvelle S\u00e9rie 2 remplace aussi l'ancienne S\u00e9rie 1 coup\u00e9 mais ce n'est pas tout. M\u00eame si la S\u00e9rie 2 Coup\u00e9 est bas\u00e9e sur la S\u00e9rie 1, elle s'en distingue avec une face avant sp\u00e9cifique et des moteurs aussi plus puissants. Les feux avant sont\u2026","_links":{"self":[{"href":"https:\/\/www.carideal.com\/blog\/wp-json\/wp\/v2\/posts\/5863"}],"collection":[{"href":"https:\/\/www.carideal.com\/blog\/wp-json\/wp\/v2\/posts"}],"about":[{"href":"https:\/\/www.carideal.com\/blog\/wp-json\/wp\/v2\/types\/post"}],"author":[{"embeddable":true,"href":"https:\/\/www.carideal.com\/blog\/wp-json\/wp\/v2\/users\/3"}],"replies":[{"embeddable":true,"href":"https:\/\/www.carideal.com\/blog\/wp-json\/wp\/v2\/comments?post=5863"}],"version-history":[{"count":0,"href":"https:\/\/www.carideal.com\/blog\/wp-json\/wp\/v2\/posts\/5863\/revisions"}],"wp:attachment":[{"href":"https:\/\/www.carideal.com\/blog\/wp-json\/wp\/v2\/media?parent=5863"}],"wp:term":[{"taxonomy":"category","embeddable":true,"href":"https:\/\/www.carideal.com\/blog\/wp-json\/wp\/v2\/categories?post=5863"},{"taxonomy":"post_tag","embeddable":true,"href":"https:\/\/www.carideal.com\/blog\/wp-json\/wp\/v2\/tags?post=5863"}],"curies":[{"name":"wp","href":"https:\/\/api.w.org\/{rel}","templated":true}]}}