{"id":582,"date":"2013-04-21T21:04:00","date_gmt":"2013-04-21T21:04:00","guid":{"rendered":"http:\/\/carideal.com\/blog\/?p=582"},"modified":"2020-02-26T14:09:58","modified_gmt":"2020-02-26T13:09:58","slug":"achat-dune-voiture-a-letranger-via-un-mandataire-automobile-carideal-chambery-savoie","status":"publish","type":"post","link":"https:\/\/www.carideal.com\/blog\/2013\/04\/21\/achat-dune-voiture-a-letranger-via-un-mandataire-automobile-carideal-chambery-savoie\/","title":{"rendered":"Achat voiture via un mandataire auto"},"content":{"rendered":"<h2>Achat d'une voiture via un mandataire automobile<\/h2>\n<p>Le march\u00e9 Europ\u00e9en en crise peut vous permettre de faire de bonnes affaires pour l'achat de votre voiture. Mais il veut vous faire aider par un sp\u00e9cialiste, un <span style=\"text-decoration: underline;\"><a href=\"http:\/\/www.carideal.com\/\">mandataire automobile<\/a><\/span> qui connait les bons fournisseurs au sein de la communaut\u00e9 europ\u00e9enne.<\/p>\n<ul>\n<li><a href=\"http:\/\/www.carideal.com\/blog\/meilleur-site-pour-vendre-voiture\/\">Meilleur site pour vendre une voiture<\/a><\/li>\n<\/ul>\n<figure id=\"attachment_22087\" aria-describedby=\"caption-attachment-22087\" style=\"width: 438px\" class=\"wp-caption aligncenter\"><img loading=\"lazy\" decoding=\"async\" class=\"size-full wp-image-22087\" src=\"http:\/\/www.carideal.com\/blog\/wp-content\/uploads\/2013\/04\/le-marche-automobile-continue-sa-chute-carideal-actualites_m.jpg\" alt=\"Achat voiture via un mandataire auto\" width=\"448\" height=\"336\" srcset=\"https:\/\/www.carideal.com\/blog\/wp-content\/uploads\/2013\/04\/le-marche-automobile-continue-sa-chute-carideal-actualites_m.jpg 448w, https:\/\/www.carideal.com\/blog\/wp-content\/uploads\/2013\/04\/le-marche-automobile-continue-sa-chute-carideal-actualites_m-300x225.jpg 300w, https:\/\/www.carideal.com\/blog\/wp-content\/uploads\/2013\/04\/le-marche-automobile-continue-sa-chute-carideal-actualites_m-50x38.jpg 50w, https:\/\/www.carideal.com\/blog\/wp-content\/uploads\/2013\/04\/le-marche-automobile-continue-sa-chute-carideal-actualites_m-110x83.jpg 110w, https:\/\/www.carideal.com\/blog\/wp-content\/uploads\/2013\/04\/le-marche-automobile-continue-sa-chute-carideal-actualites_m-420x315.jpg 420w\" sizes=\"(max-width: 448px) 100vw, 448px\" \/><figcaption id=\"caption-attachment-22087\" class=\"wp-caption-text\">Achat voiture via un mandataire auto<\/figcaption><\/figure>\n<p>L'ouverture du march\u00e9 europ\u00e9en et le <strong>r\u00e8glement d'exemption de la distribution automobile<\/strong> a permis de profiter des \u00e9carts de prix et d'\u00e9quipement des voitures au sein de la CEE.<\/p>\n<p>Comment fonctionne un mandataire ?<\/p>\n<p>Pourquoi une voiture est moins ch\u00e8re chez un mandataire ?<\/p>\n<p>Qu'est-ce qu'un mandataire auto occasion ?<\/p>\n<p>Quelle diff\u00e9rence entre un mandataire et un concessionnaire ?<\/p>\n<p>Le consommateur peut alors confortablement assis dans son canap\u00e9 choisir sur internet sa voiture au meilleur prix.<\/p>\n<ul>\n<li><a href=\"http:\/\/www.carideal.com\/blog\/comment-vendre-un-vehicule\/\">Comment vendre un v\u00e9hicule<\/a><\/li>\n<\/ul>\n<p>Il y a de gros \u00e9carts de prix entre les diff\u00e9rents pays de la communaut\u00e9 europ\u00e9enne. La France est tr\u00e8s souvent le pays le plus cher. Seul un professionnel comme le <strong>mandataire automobile<\/strong> saura trouver le meilleur rapport prix \u00e9quipement avec des sources d'approvisionnements fiables.<br \/>\nIl faut pourtant \u00eatre vigilant, certains pays proposent des voitures plus \u00e9quip\u00e9s qu'en France, dans d'autres pays il y a des \u00e9quipements en moins et d'autres en plus, et troisi\u00e8me possibilit\u00e9, dans certain cas les voitures peuvent \u00eatre moins \u00e9quip\u00e9es.<\/p>\n<ul>\n<li><a href=\"http:\/\/www.carideal.com\/blog\/quelles-demarches-pour-vendre-une-voiture-a-un-particulier\/\">Quelles d\u00e9marches pour vendre une voiture<\/a><\/li>\n<\/ul>\n<p>C'est le cas en Allemagne par exemple sur les voitures Allemandes ou elles ne poss\u00e8dent pas du tout les m\u00eames \u00e9quipements.<br \/>\nC'est pour cela qu'il est important de pr\u00e9ciser sur le mandat d'achat la description des \u00e9quipements du v\u00e9hicule command\u00e9.<\/p>\n<p><strong>Le r\u00e8glement de la TVA :<\/strong> Un rappel important pour l'<span style=\"text-decoration: underline;\">achat d'une voiture neuve<\/span> l'achat intracommunautaire de r\u00e8gle HT et la TVA est pay\u00e9e en France au centre des imp\u00f4ts le plus proche, qui d\u00e9livrera un <strong>quitus fiscal<\/strong>, preuve du <strong>paiement de la TVA<\/strong> sans quoi votre voiture ne peut \u00eatre immatricul\u00e9e.<\/p>\n","protected":false},"excerpt":{"rendered":"<p>Achat d&rsquo;une voiture via un mandataire automobile Le march\u00e9 Europ\u00e9en en crise peut vous permettre de faire de bonnes affaires pour l&rsquo;achat de votre voiture. Mais il veut vous faire aider par un sp\u00e9cialiste, un mandataire automobile qui connait les bons fournisseurs au sein de la communaut\u00e9 europ\u00e9enne. Meilleur site pour vendre une voiture L&rsquo;ouverture &#8230; <a title=\"Achat voiture via un mandataire auto\" class=\"read-more\" href=\"https:\/\/www.carideal.com\/blog\/2013\/04\/21\/achat-dune-voiture-a-letranger-via-un-mandataire-automobile-carideal-chambery-savoie\/\" aria-label=\"En savoir plus sur Achat voiture via un mandataire auto\">Lire plus<\/a><\/p>\n","protected":false},"author":1,"featured_media":22087,"comment_status":"open","ping_status":"open","sticky":false,"template":"","format":"standard","meta":{"_uag_custom_page_level_css":"","_themeisle_gutenberg_block_has_review":false,"footnotes":""},"categories":[9],"tags":[],"class_list":["post-582","post","type-post","status-publish","format-standard","has-post-thumbnail","hentry","category-divers"],"wppr_data":{"cwp_meta_box_check":"No"},"yoast_head":"<!-- This site is optimized with the Yoast SEO plugin v24.8.1 - https:\/\/yoast.com\/wordpress\/plugins\/seo\/ -->\n<title>Achat voiture via un mandataire auto - Blog auto Carid\u00e9al<\/title>\n<meta name=\"robots\" content=\"index, follow, max-snippet:-1, max-image-preview:large, max-video-preview:-1\" \/>\n<link rel=\"canonical\" href=\"https:\/\/www.carideal.com\/blog\/2013\/04\/21\/achat-dune-voiture-a-letranger-via-un-mandataire-automobile-carideal-chambery-savoie\/\" \/>\n<meta property=\"og:locale\" content=\"fr_FR\" \/>\n<meta property=\"og:type\" content=\"article\" \/>\n<meta property=\"og:title\" content=\"Achat voiture via un mandataire auto - Blog auto Carid\u00e9al\" \/>\n<meta property=\"og:description\" content=\"Achat d&#039;une voiture via un mandataire automobile Le march\u00e9 Europ\u00e9en en crise peut vous permettre de faire de bonnes affaires pour l&#039;achat de votre voiture. Mais il veut vous faire aider par un sp\u00e9cialiste, un mandataire automobile qui connait les bons fournisseurs au sein de la communaut\u00e9 europ\u00e9enne. Meilleur site pour vendre une voiture L&#039;ouverture ... Lire plus\" \/>\n<meta property=\"og:url\" content=\"https:\/\/www.carideal.com\/blog\/2013\/04\/21\/achat-dune-voiture-a-letranger-via-un-mandataire-automobile-carideal-chambery-savoie\/\" \/>\n<meta property=\"og:site_name\" content=\"Blog auto Carid\u00e9al\" \/>\n<meta property=\"article:publisher\" content=\"https:\/\/www.facebook.com\/Carideal.mandataire.automobile\" \/>\n<meta property=\"article:author\" content=\"https:\/\/www.facebook.com\/Carideal.mandataire.automobile\/\" \/>\n<meta property=\"article:published_time\" content=\"2013-04-21T21:04:00+00:00\" \/>\n<meta property=\"article:modified_time\" content=\"2020-02-26T13:09:58+00:00\" \/>\n<meta property=\"og:image\" content=\"https:\/\/www.carideal.com\/blog\/wp-content\/uploads\/2013\/04\/le-marche-automobile-continue-sa-chute-carideal-actualites_m.jpg\" \/>\n\t<meta property=\"og:image:width\" content=\"448\" \/>\n\t<meta property=\"og:image:height\" content=\"336\" \/>\n\t<meta property=\"og:image:type\" content=\"image\/jpeg\" \/>\n<meta name=\"author\" content=\"N.S Carideal\" \/>\n<meta name=\"twitter:card\" content=\"summary_large_image\" \/>\n<meta name=\"twitter:creator\" content=\"@caridealauto\" \/>\n<meta name=\"twitter:site\" content=\"@caridealauto\" \/>\n<meta name=\"twitter:label1\" content=\"\u00c9crit par\" \/>\n\t<meta name=\"twitter:data1\" content=\"N.S Carideal\" \/>\n\t<meta name=\"twitter:label2\" content=\"Dur\u00e9e de lecture estim\u00e9e\" \/>\n\t<meta name=\"twitter:data2\" content=\"2 minutes\" \/>\n<script type=\"application\/ld+json\" class=\"yoast-schema-graph\">{\"@context\":\"https:\/\/schema.org\",\"@graph\":[{\"@type\":\"Article\",\"@id\":\"https:\/\/www.carideal.com\/blog\/2013\/04\/21\/achat-dune-voiture-a-letranger-via-un-mandataire-automobile-carideal-chambery-savoie\/#article\",\"isPartOf\":{\"@id\":\"https:\/\/www.carideal.com\/blog\/2013\/04\/21\/achat-dune-voiture-a-letranger-via-un-mandataire-automobile-carideal-chambery-savoie\/\"},\"author\":{\"name\":\"N.S Carideal\",\"@id\":\"https:\/\/www.carideal.com\/blog\/#\/schema\/person\/985c7e757d1042d647f21bfaf8d41ebc\"},\"headline\":\"Achat voiture via un mandataire auto\",\"datePublished\":\"2013-04-21T21:04:00+00:00\",\"dateModified\":\"2020-02-26T13:09:58+00:00\",\"mainEntityOfPage\":{\"@id\":\"https:\/\/www.carideal.com\/blog\/2013\/04\/21\/achat-dune-voiture-a-letranger-via-un-mandataire-automobile-carideal-chambery-savoie\/\"},\"wordCount\":357,\"commentCount\":0,\"publisher\":{\"@id\":\"https:\/\/www.carideal.com\/blog\/#organization\"},\"image\":{\"@id\":\"https:\/\/www.carideal.com\/blog\/2013\/04\/21\/achat-dune-voiture-a-letranger-via-un-mandataire-automobile-carideal-chambery-savoie\/#primaryimage\"},\"thumbnailUrl\":\"https:\/\/www.carideal.com\/blog\/wp-content\/uploads\/2013\/04\/le-marche-automobile-continue-sa-chute-carideal-actualites_m.jpg\",\"articleSection\":[\"Divers\"],\"inLanguage\":\"fr-FR\",\"potentialAction\":[{\"@type\":\"CommentAction\",\"name\":\"Comment\",\"target\":[\"https:\/\/www.carideal.com\/blog\/2013\/04\/21\/achat-dune-voiture-a-letranger-via-un-mandataire-automobile-carideal-chambery-savoie\/#respond\"]}]},{\"@type\":\"WebPage\",\"@id\":\"https:\/\/www.carideal.com\/blog\/2013\/04\/21\/achat-dune-voiture-a-letranger-via-un-mandataire-automobile-carideal-chambery-savoie\/\",\"url\":\"https:\/\/www.carideal.com\/blog\/2013\/04\/21\/achat-dune-voiture-a-letranger-via-un-mandataire-automobile-carideal-chambery-savoie\/\",\"name\":\"Achat voiture via un mandataire auto - Blog auto Carid\u00e9al\",\"isPartOf\":{\"@id\":\"https:\/\/www.carideal.com\/blog\/#website\"},\"primaryImageOfPage\":{\"@id\":\"https:\/\/www.carideal.com\/blog\/2013\/04\/21\/achat-dune-voiture-a-letranger-via-un-mandataire-automobile-carideal-chambery-savoie\/#primaryimage\"},\"image\":{\"@id\":\"https:\/\/www.carideal.com\/blog\/2013\/04\/21\/achat-dune-voiture-a-letranger-via-un-mandataire-automobile-carideal-chambery-savoie\/#primaryimage\"},\"thumbnailUrl\":\"https:\/\/www.carideal.com\/blog\/wp-content\/uploads\/2013\/04\/le-marche-automobile-continue-sa-chute-carideal-actualites_m.jpg\",\"datePublished\":\"2013-04-21T21:04:00+00:00\",\"dateModified\":\"2020-02-26T13:09:58+00:00\",\"breadcrumb\":{\"@id\":\"https:\/\/www.carideal.com\/blog\/2013\/04\/21\/achat-dune-voiture-a-letranger-via-un-mandataire-automobile-carideal-chambery-savoie\/#breadcrumb\"},\"inLanguage\":\"fr-FR\",\"potentialAction\":[{\"@type\":\"ReadAction\",\"target\":[\"https:\/\/www.carideal.com\/blog\/2013\/04\/21\/achat-dune-voiture-a-letranger-via-un-mandataire-automobile-carideal-chambery-savoie\/\"]}]},{\"@type\":\"ImageObject\",\"inLanguage\":\"fr-FR\",\"@id\":\"https:\/\/www.carideal.com\/blog\/2013\/04\/21\/achat-dune-voiture-a-letranger-via-un-mandataire-automobile-carideal-chambery-savoie\/#primaryimage\",\"url\":\"https:\/\/www.carideal.com\/blog\/wp-content\/uploads\/2013\/04\/le-marche-automobile-continue-sa-chute-carideal-actualites_m.jpg\",\"contentUrl\":\"https:\/\/www.carideal.com\/blog\/wp-content\/uploads\/2013\/04\/le-marche-automobile-continue-sa-chute-carideal-actualites_m.jpg\",\"width\":448,\"height\":336,\"caption\":\"Achat voiture via un mandataire auto\"},{\"@type\":\"BreadcrumbList\",\"@id\":\"https:\/\/www.carideal.com\/blog\/2013\/04\/21\/achat-dune-voiture-a-letranger-via-un-mandataire-automobile-carideal-chambery-savoie\/#breadcrumb\",\"itemListElement\":[{\"@type\":\"ListItem\",\"position\":1,\"name\":\"Blog Carid\u00e9al\",\"item\":\"https:\/\/www.carideal.com\/blog\/\"},{\"@type\":\"ListItem\",\"position\":2,\"name\":\"Divers\",\"item\":\"https:\/\/www.carideal.com\/blog\/divers\/\"},{\"@type\":\"ListItem\",\"position\":3,\"name\":\"Achat voiture via un mandataire auto\"}]},{\"@type\":\"WebSite\",\"@id\":\"https:\/\/www.carideal.com\/blog\/#website\",\"url\":\"https:\/\/www.carideal.com\/blog\/\",\"name\":\"Blog auto Carid\u00e9al\",\"description\":\"Actualit\u00e9 auto par des passionn\u00e9s\",\"publisher\":{\"@id\":\"https:\/\/www.carideal.com\/blog\/#organization\"},\"potentialAction\":[{\"@type\":\"SearchAction\",\"target\":{\"@type\":\"EntryPoint\",\"urlTemplate\":\"https:\/\/www.carideal.com\/blog\/?s={search_term_string}\"},\"query-input\":{\"@type\":\"PropertyValueSpecification\",\"valueRequired\":true,\"valueName\":\"search_term_string\"}}],\"inLanguage\":\"fr-FR\"},{\"@type\":\"Organization\",\"@id\":\"https:\/\/www.carideal.com\/blog\/#organization\",\"name\":\"Carideal\",\"url\":\"https:\/\/www.carideal.com\/blog\/\",\"logo\":{\"@type\":\"ImageObject\",\"inLanguage\":\"fr-FR\",\"@id\":\"https:\/\/www.carideal.com\/blog\/#\/schema\/logo\/image\/\",\"url\":\"http:\/\/www.carideal.com\/blog\/wp-content\/uploads\/2016\/03\/logo-carideal-mandataire-automobile.png\",\"contentUrl\":\"http:\/\/www.carideal.com\/blog\/wp-content\/uploads\/2016\/03\/logo-carideal-mandataire-automobile.png\",\"width\":300,\"height\":300,\"caption\":\"Carideal\"},\"image\":{\"@id\":\"https:\/\/www.carideal.com\/blog\/#\/schema\/logo\/image\/\"},\"sameAs\":[\"https:\/\/www.facebook.com\/Carideal.mandataire.automobile\",\"https:\/\/x.com\/caridealauto\",\"https:\/\/www.instagram.com\/carideal1\/\",\"https:\/\/www.linkedin.com\/company\/carideal.com\",\"https:\/\/fr.pinterest.com\/schiavonsas\/\",\"https:\/\/www.youtube.com\/user\/caridealsas\"]},{\"@type\":\"Person\",\"@id\":\"https:\/\/www.carideal.com\/blog\/#\/schema\/person\/985c7e757d1042d647f21bfaf8d41ebc\",\"name\":\"N.S Carideal\",\"image\":{\"@type\":\"ImageObject\",\"inLanguage\":\"fr-FR\",\"@id\":\"https:\/\/www.carideal.com\/blog\/#\/schema\/person\/image\/\",\"url\":\"https:\/\/secure.gravatar.com\/avatar\/edb7ccdf1a4e3d14aef967760d354d0e?s=96&r=g\",\"contentUrl\":\"https:\/\/secure.gravatar.com\/avatar\/edb7ccdf1a4e3d14aef967760d354d0e?s=96&r=g\",\"caption\":\"N.S Carideal\"},\"description\":\"Depuis tout petit fan d'automobile. Il est question d'essayer et de comparer toutes ces voitures qui nous ont fait r\u00e9ver, avant que celles-ci ne devient uniquement des voitures de collection.\",\"sameAs\":[\"http:\/\/www.carideal.com\/blog\",\"https:\/\/www.facebook.com\/Carideal.mandataire.automobile\/\",\"https:\/\/www.linkedin.com\/in\/nschiavon\/\",\"https:\/\/www.youtube.com\/user\/caridealsas\/\"],\"url\":\"https:\/\/www.carideal.com\/blog\/author\/admin_carideal\/\"}]}<\/script>\n<!-- \/ Yoast SEO plugin. -->","yoast_head_json":{"title":"Achat voiture via un mandataire auto - Blog auto Carid\u00e9al","robots":{"index":"index","follow":"follow","max-snippet":"max-snippet:-1","max-image-preview":"max-image-preview:large","max-video-preview":"max-video-preview:-1"},"canonical":"https:\/\/www.carideal.com\/blog\/2013\/04\/21\/achat-dune-voiture-a-letranger-via-un-mandataire-automobile-carideal-chambery-savoie\/","og_locale":"fr_FR","og_type":"article","og_title":"Achat voiture via un mandataire auto - Blog auto Carid\u00e9al","og_description":"Achat d'une voiture via un mandataire automobile Le march\u00e9 Europ\u00e9en en crise peut vous permettre de faire de bonnes affaires pour l'achat de votre voiture. Mais il veut vous faire aider par un sp\u00e9cialiste, un mandataire automobile qui connait les bons fournisseurs au sein de la communaut\u00e9 europ\u00e9enne. Meilleur site pour vendre une voiture L'ouverture ... Lire plus","og_url":"https:\/\/www.carideal.com\/blog\/2013\/04\/21\/achat-dune-voiture-a-letranger-via-un-mandataire-automobile-carideal-chambery-savoie\/","og_site_name":"Blog auto Carid\u00e9al","article_publisher":"https:\/\/www.facebook.com\/Carideal.mandataire.automobile","article_author":"https:\/\/www.facebook.com\/Carideal.mandataire.automobile\/","article_published_time":"2013-04-21T21:04:00+00:00","article_modified_time":"2020-02-26T13:09:58+00:00","og_image":[{"width":448,"height":336,"url":"https:\/\/www.carideal.com\/blog\/wp-content\/uploads\/2013\/04\/le-marche-automobile-continue-sa-chute-carideal-actualites_m.jpg","type":"image\/jpeg"}],"author":"N.S Carideal","twitter_card":"summary_large_image","twitter_creator":"@caridealauto","twitter_site":"@caridealauto","twitter_misc":{"\u00c9crit par":"N.S Carideal","Dur\u00e9e de lecture estim\u00e9e":"2 minutes"},"schema":{"@context":"https:\/\/schema.org","@graph":[{"@type":"Article","@id":"https:\/\/www.carideal.com\/blog\/2013\/04\/21\/achat-dune-voiture-a-letranger-via-un-mandataire-automobile-carideal-chambery-savoie\/#article","isPartOf":{"@id":"https:\/\/www.carideal.com\/blog\/2013\/04\/21\/achat-dune-voiture-a-letranger-via-un-mandataire-automobile-carideal-chambery-savoie\/"},"author":{"name":"N.S Carideal","@id":"https:\/\/www.carideal.com\/blog\/#\/schema\/person\/985c7e757d1042d647f21bfaf8d41ebc"},"headline":"Achat voiture via un mandataire auto","datePublished":"2013-04-21T21:04:00+00:00","dateModified":"2020-02-26T13:09:58+00:00","mainEntityOfPage":{"@id":"https:\/\/www.carideal.com\/blog\/2013\/04\/21\/achat-dune-voiture-a-letranger-via-un-mandataire-automobile-carideal-chambery-savoie\/"},"wordCount":357,"commentCount":0,"publisher":{"@id":"https:\/\/www.carideal.com\/blog\/#organization"},"image":{"@id":"https:\/\/www.carideal.com\/blog\/2013\/04\/21\/achat-dune-voiture-a-letranger-via-un-mandataire-automobile-carideal-chambery-savoie\/#primaryimage"},"thumbnailUrl":"https:\/\/www.carideal.com\/blog\/wp-content\/uploads\/2013\/04\/le-marche-automobile-continue-sa-chute-carideal-actualites_m.jpg","articleSection":["Divers"],"inLanguage":"fr-FR","potentialAction":[{"@type":"CommentAction","name":"Comment","target":["https:\/\/www.carideal.com\/blog\/2013\/04\/21\/achat-dune-voiture-a-letranger-via-un-mandataire-automobile-carideal-chambery-savoie\/#respond"]}]},{"@type":"WebPage","@id":"https:\/\/www.carideal.com\/blog\/2013\/04\/21\/achat-dune-voiture-a-letranger-via-un-mandataire-automobile-carideal-chambery-savoie\/","url":"https:\/\/www.carideal.com\/blog\/2013\/04\/21\/achat-dune-voiture-a-letranger-via-un-mandataire-automobile-carideal-chambery-savoie\/","name":"Achat voiture via un mandataire auto - Blog auto Carid\u00e9al","isPartOf":{"@id":"https:\/\/www.carideal.com\/blog\/#website"},"primaryImageOfPage":{"@id":"https:\/\/www.carideal.com\/blog\/2013\/04\/21\/achat-dune-voiture-a-letranger-via-un-mandataire-automobile-carideal-chambery-savoie\/#primaryimage"},"image":{"@id":"https:\/\/www.carideal.com\/blog\/2013\/04\/21\/achat-dune-voiture-a-letranger-via-un-mandataire-automobile-carideal-chambery-savoie\/#primaryimage"},"thumbnailUrl":"https:\/\/www.carideal.com\/blog\/wp-content\/uploads\/2013\/04\/le-marche-automobile-continue-sa-chute-carideal-actualites_m.jpg","datePublished":"2013-04-21T21:04:00+00:00","dateModified":"2020-02-26T13:09:58+00:00","breadcrumb":{"@id":"https:\/\/www.carideal.com\/blog\/2013\/04\/21\/achat-dune-voiture-a-letranger-via-un-mandataire-automobile-carideal-chambery-savoie\/#breadcrumb"},"inLanguage":"fr-FR","potentialAction":[{"@type":"ReadAction","target":["https:\/\/www.carideal.com\/blog\/2013\/04\/21\/achat-dune-voiture-a-letranger-via-un-mandataire-automobile-carideal-chambery-savoie\/"]}]},{"@type":"ImageObject","inLanguage":"fr-FR","@id":"https:\/\/www.carideal.com\/blog\/2013\/04\/21\/achat-dune-voiture-a-letranger-via-un-mandataire-automobile-carideal-chambery-savoie\/#primaryimage","url":"https:\/\/www.carideal.com\/blog\/wp-content\/uploads\/2013\/04\/le-marche-automobile-continue-sa-chute-carideal-actualites_m.jpg","contentUrl":"https:\/\/www.carideal.com\/blog\/wp-content\/uploads\/2013\/04\/le-marche-automobile-continue-sa-chute-carideal-actualites_m.jpg","width":448,"height":336,"caption":"Achat voiture via un mandataire auto"},{"@type":"BreadcrumbList","@id":"https:\/\/www.carideal.com\/blog\/2013\/04\/21\/achat-dune-voiture-a-letranger-via-un-mandataire-automobile-carideal-chambery-savoie\/#breadcrumb","itemListElement":[{"@type":"ListItem","position":1,"name":"Blog Carid\u00e9al","item":"https:\/\/www.carideal.com\/blog\/"},{"@type":"ListItem","position":2,"name":"Divers","item":"https:\/\/www.carideal.com\/blog\/divers\/"},{"@type":"ListItem","position":3,"name":"Achat voiture via un mandataire auto"}]},{"@type":"WebSite","@id":"https:\/\/www.carideal.com\/blog\/#website","url":"https:\/\/www.carideal.com\/blog\/","name":"Blog auto Carid\u00e9al","description":"Actualit\u00e9 auto par des passionn\u00e9s","publisher":{"@id":"https:\/\/www.carideal.com\/blog\/#organization"},"potentialAction":[{"@type":"SearchAction","target":{"@type":"EntryPoint","urlTemplate":"https:\/\/www.carideal.com\/blog\/?s={search_term_string}"},"query-input":{"@type":"PropertyValueSpecification","valueRequired":true,"valueName":"search_term_string"}}],"inLanguage":"fr-FR"},{"@type":"Organization","@id":"https:\/\/www.carideal.com\/blog\/#organization","name":"Carideal","url":"https:\/\/www.carideal.com\/blog\/","logo":{"@type":"ImageObject","inLanguage":"fr-FR","@id":"https:\/\/www.carideal.com\/blog\/#\/schema\/logo\/image\/","url":"http:\/\/www.carideal.com\/blog\/wp-content\/uploads\/2016\/03\/logo-carideal-mandataire-automobile.png","contentUrl":"http:\/\/www.carideal.com\/blog\/wp-content\/uploads\/2016\/03\/logo-carideal-mandataire-automobile.png","width":300,"height":300,"caption":"Carideal"},"image":{"@id":"https:\/\/www.carideal.com\/blog\/#\/schema\/logo\/image\/"},"sameAs":["https:\/\/www.facebook.com\/Carideal.mandataire.automobile","https:\/\/x.com\/caridealauto","https:\/\/www.instagram.com\/carideal1\/","https:\/\/www.linkedin.com\/company\/carideal.com","https:\/\/fr.pinterest.com\/schiavonsas\/","https:\/\/www.youtube.com\/user\/caridealsas"]},{"@type":"Person","@id":"https:\/\/www.carideal.com\/blog\/#\/schema\/person\/985c7e757d1042d647f21bfaf8d41ebc","name":"N.S Carideal","image":{"@type":"ImageObject","inLanguage":"fr-FR","@id":"https:\/\/www.carideal.com\/blog\/#\/schema\/person\/image\/","url":"https:\/\/secure.gravatar.com\/avatar\/edb7ccdf1a4e3d14aef967760d354d0e?s=96&r=g","contentUrl":"https:\/\/secure.gravatar.com\/avatar\/edb7ccdf1a4e3d14aef967760d354d0e?s=96&r=g","caption":"N.S Carideal"},"description":"Depuis tout petit fan d'automobile. Il est question d'essayer et de comparer toutes ces voitures qui nous ont fait r\u00e9ver, avant que celles-ci ne devient uniquement des voitures de collection.","sameAs":["http:\/\/www.carideal.com\/blog","https:\/\/www.facebook.com\/Carideal.mandataire.automobile\/","https:\/\/www.linkedin.com\/in\/nschiavon\/","https:\/\/www.youtube.com\/user\/caridealsas\/"],"url":"https:\/\/www.carideal.com\/blog\/author\/admin_carideal\/"}]}},"uagb_featured_image_src":{"full":["https:\/\/www.carideal.com\/blog\/wp-content\/uploads\/2013\/04\/le-marche-automobile-continue-sa-chute-carideal-actualites_m.jpg",448,336,false],"thumbnail":["https:\/\/www.carideal.com\/blog\/wp-content\/uploads\/2013\/04\/le-marche-automobile-continue-sa-chute-carideal-actualites_m-150x150.jpg",150,150,true],"medium":["https:\/\/www.carideal.com\/blog\/wp-content\/uploads\/2013\/04\/le-marche-automobile-continue-sa-chute-carideal-actualites_m-300x225.jpg",300,225,true],"medium_large":["https:\/\/www.carideal.com\/blog\/wp-content\/uploads\/2013\/04\/le-marche-automobile-continue-sa-chute-carideal-actualites_m.jpg",448,336,false],"large":["https:\/\/www.carideal.com\/blog\/wp-content\/uploads\/2013\/04\/le-marche-automobile-continue-sa-chute-carideal-actualites_m.jpg",448,336,false],"1536x1536":["https:\/\/www.carideal.com\/blog\/wp-content\/uploads\/2013\/04\/le-marche-automobile-continue-sa-chute-carideal-actualites_m.jpg",448,336,false],"2048x2048":["https:\/\/www.carideal.com\/blog\/wp-content\/uploads\/2013\/04\/le-marche-automobile-continue-sa-chute-carideal-actualites_m.jpg",448,336,false],"wppr-widget":["https:\/\/www.carideal.com\/blog\/wp-content\/uploads\/2013\/04\/le-marche-automobile-continue-sa-chute-carideal-actualites_m-50x38.jpg",50,38,true]},"uagb_author_info":{"display_name":"N.S Carideal","author_link":"https:\/\/www.carideal.com\/blog\/author\/admin_carideal\/"},"uagb_comment_info":0,"uagb_excerpt":"Achat d'une voiture via un mandataire automobile Le march\u00e9 Europ\u00e9en en crise peut vous permettre de faire de bonnes affaires pour l'achat de votre voiture. Mais il veut vous faire aider par un sp\u00e9cialiste, un mandataire automobile qui connait les bons fournisseurs au sein de la communaut\u00e9 europ\u00e9enne. Meilleur site pour vendre une voiture L'ouverture\u2026","_links":{"self":[{"href":"https:\/\/www.carideal.com\/blog\/wp-json\/wp\/v2\/posts\/582"}],"collection":[{"href":"https:\/\/www.carideal.com\/blog\/wp-json\/wp\/v2\/posts"}],"about":[{"href":"https:\/\/www.carideal.com\/blog\/wp-json\/wp\/v2\/types\/post"}],"author":[{"embeddable":true,"href":"https:\/\/www.carideal.com\/blog\/wp-json\/wp\/v2\/users\/1"}],"replies":[{"embeddable":true,"href":"https:\/\/www.carideal.com\/blog\/wp-json\/wp\/v2\/comments?post=582"}],"version-history":[{"count":0,"href":"https:\/\/www.carideal.com\/blog\/wp-json\/wp\/v2\/posts\/582\/revisions"}],"wp:featuredmedia":[{"embeddable":true,"href":"https:\/\/www.carideal.com\/blog\/wp-json\/wp\/v2\/media\/22087"}],"wp:attachment":[{"href":"https:\/\/www.carideal.com\/blog\/wp-json\/wp\/v2\/media?parent=582"}],"wp:term":[{"taxonomy":"category","embeddable":true,"href":"https:\/\/www.carideal.com\/blog\/wp-json\/wp\/v2\/categories?post=582"},{"taxonomy":"post_tag","embeddable":true,"href":"https:\/\/www.carideal.com\/blog\/wp-json\/wp\/v2\/tags?post=582"}],"curies":[{"name":"wp","href":"https:\/\/api.w.org\/{rel}","templated":true}]}}