{"id":5802,"date":"2015-06-05T09:46:58","date_gmt":"2015-06-05T07:46:58","guid":{"rendered":"http:\/\/www.carideal.com\/blog\/?p=5802"},"modified":"2020-03-08T18:02:00","modified_gmt":"2020-03-08T17:02:00","slug":"le-lowcost-psa-citroen-c-elysee-et-peugeot-301-se-vendent-bien","status":"publish","type":"post","link":"https:\/\/www.carideal.com\/blog\/2015\/06\/05\/le-lowcost-psa-citroen-c-elysee-et-peugeot-301-se-vendent-bien\/","title":{"rendered":"Voiture Low Cost C-Elys\u00e9e et low cost 301"},"content":{"rendered":"<figure id=\"attachment_5921\" aria-describedby=\"caption-attachment-5921\" style=\"width: 290px\" class=\"wp-caption alignnone\"><a href=\"http:\/\/www.carideal.com\/blog\/wp-content\/uploads\/2015\/06\/citroen-c4-elysee-carideal-blog-automobile.jpg\"><img loading=\"lazy\" decoding=\"async\" class=\"wp-image-5921 size-medium\" title=\"Voiture Low Cost C-elys\u00e9e et Voiture Low Cost 301\" src=\"http:\/\/www.carideal.com\/blog\/wp-content\/uploads\/2015\/06\/citroen-c4-elysee-carideal-blog-automobile-300x225.jpg\" alt=\"Voiture Low Cost C-elys\u00e9e et Voiture Low Cost 301\" width=\"300\" height=\"225\" srcset=\"https:\/\/www.carideal.com\/blog\/wp-content\/uploads\/2015\/06\/citroen-c4-elysee-carideal-blog-automobile-300x225.jpg 300w, https:\/\/www.carideal.com\/blog\/wp-content\/uploads\/2015\/06\/citroen-c4-elysee-carideal-blog-automobile-624x468.jpg 624w, https:\/\/www.carideal.com\/blog\/wp-content\/uploads\/2015\/06\/citroen-c4-elysee-carideal-blog-automobile.jpg 635w\" sizes=\"(max-width: 300px) 100vw, 300px\" \/><\/a><figcaption id=\"caption-attachment-5921\" class=\"wp-caption-text\">Voiture Low Cost C-elys\u00e9e et Voiture Low Cost 301<\/figcaption><\/figure>\n<h1>Les Voitures\u00a0Low Cost C-Elys\u00e9e et Peugeot 301 se vendent bien<\/h1>\n<figure id=\"attachment_11805\" aria-describedby=\"caption-attachment-11805\" style=\"width: 290px\" class=\"wp-caption alignleft\"><a href=\"http:\/\/www.carideal.com\/blog\/wp-content\/uploads\/2015\/06\/dacia-achat-logan-carideal-mandataire-automobile-chambery.jpg\"><img loading=\"lazy\" decoding=\"async\" class=\"wp-image-11805 size-medium\" title=\"Voiture Low Coste Dacia Logan\" src=\"http:\/\/www.carideal.com\/blog\/wp-content\/uploads\/2015\/06\/dacia-achat-logan-carideal-mandataire-automobile-chambery-300x216.jpg\" alt=\"Voiture Low Coste Dacia Logan\" width=\"300\" height=\"216\" srcset=\"https:\/\/www.carideal.com\/blog\/wp-content\/uploads\/2015\/06\/dacia-achat-logan-carideal-mandataire-automobile-chambery-300x216.jpg 300w, https:\/\/www.carideal.com\/blog\/wp-content\/uploads\/2015\/06\/dacia-achat-logan-carideal-mandataire-automobile-chambery-624x449.jpg 624w, https:\/\/www.carideal.com\/blog\/wp-content\/uploads\/2015\/06\/dacia-achat-logan-carideal-mandataire-automobile-chambery.jpg 640w\" sizes=\"(max-width: 300px) 100vw, 300px\" \/><\/a><figcaption id=\"caption-attachment-11805\" class=\"wp-caption-text\">Voiture Low Coste Dacia Logan<\/figcaption><\/figure>\n<p><strong>Voiture Low Cost C-Elys\u00e9e et Peugeot 301<\/strong> : PSA vient de confirmer qu'il est satisfait de ses chiffres, les deux berlines low cost se Peugeot et Citroen atteignent leurs objectifs. Les voitures Low Cost C-Elys\u00e9e et sa cousine Peugeot 301 sont vendues sur les march\u00e9s \u00e9mergeants. L'espagne, mais aussi l'am\u00e9rique du sud et le maghreb. La Citroen C-Elys\u00e9e avait \u00e9t\u00e9 con\u00e7u aussi pour la Chine.\u00a0Si la <span style=\"text-decoration: underline;\">Logan<\/span> de <span style=\"text-decoration: underline;\">Dacia<\/span> a mis 10 ans pour en arriver \u00e0 ce niveau de vente mondiale 235 000 en 2014, il n'aura fallut que 3 ans aux <span style=\"text-decoration: underline;\">Peugeot 301<\/span> et <span style=\"text-decoration: underline;\">Citroen C4 Elys\u00e9e<\/span> pour la rattraper. Les Citroen C-Elys\u00e9e et Peugeot 301 sont toutes les deux destin\u00e9es aux march\u00e9s \u00e9mmergents.<\/p>\n<p>La voiture Low Cost C-Elys\u00e9e est un\u00a0mod\u00e8le similaire \u00e0 la Peugeot 301, a \u00e9galement \u00e9t\u00e9 lanc\u00e9 au Salon automobile de Paris en 2012. Les ventes de la voiture Low Cost \u00e9taient cibl\u00e9es en premier lieu pour\u00a0l'Europe orientale et en Afrique du Nord. Les C-Elys\u00e9e est \u00e9galement vendue en Espagne, au Portugal, en Gr\u00e8ce, et depuis Mars 2016 aussi en Italie. <span style=\"text-decoration: underline;\"><a href=\"http:\/\/www.carideal.com\/blog\/2016\/03\/19\/commercialisation-de-la-citroen-c-elysee\/\">La Citroen Elys\u00e9e a \u00e9t\u00e9 commercialis\u00e9e en France en 2016<\/a><\/span>. A partir de 2014, il est pr\u00e9vu que le C-Elys\u00e9e sera produite en Chine, en tant que successeur du march\u00e9 chinois actuel Citro\u00ebn Elys\u00e9e, par la coentreprise <span style=\"text-decoration: underline;\"><a href=\"http:\/\/www.carideal.com\/blog\/2013\/10\/08\/dongfeng-pret-a-prendre-30-du-capital-de-psa\/\">Dongfeng<\/a><\/span> Peugeot-Citro\u00ebn Automobile.<\/p>\n<p>La voiture low cost C-Elys\u00e9e partage ses dimensions avec le 301, et est disponible avec les moteurs 1.2 VTi 72 ch, 115 ch et 1.6VTi 1.6HDi 90, et une boite de vitesse manuelle \u00e0 5 vitesses ou une transmission automatique \u00e0 4 vitesses<\/p>\n<h2>Voiture Low Cost Peugeot 301<\/h2>\n<figure id=\"attachment_11804\" aria-describedby=\"caption-attachment-11804\" style=\"width: 290px\" class=\"wp-caption alignleft\"><a href=\"http:\/\/www.carideal.com\/blog\/wp-content\/uploads\/2015\/06\/Voiture-low-Cost-Peugeot-301.jpg\"><img loading=\"lazy\" decoding=\"async\" class=\"wp-image-11804 size-medium\" title=\"Voiture low Cost Peugeot 301\" src=\"http:\/\/www.carideal.com\/blog\/wp-content\/uploads\/2015\/06\/Voiture-low-Cost-Peugeot-301-300x164.jpg\" alt=\"Voiture low Cost Peugeot 301\" width=\"300\" height=\"164\" srcset=\"https:\/\/www.carideal.com\/blog\/wp-content\/uploads\/2015\/06\/Voiture-low-Cost-Peugeot-301-300x164.jpg 300w, https:\/\/www.carideal.com\/blog\/wp-content\/uploads\/2015\/06\/Voiture-low-Cost-Peugeot-301-624x341.jpg 624w, https:\/\/www.carideal.com\/blog\/wp-content\/uploads\/2015\/06\/Voiture-low-Cost-Peugeot-301.jpg 640w\" sizes=\"(max-width: 300px) 100vw, 300px\" \/><\/a><figcaption id=\"caption-attachment-11804\" class=\"wp-caption-text\">Voiture low Cost Peugeot 301<\/figcaption><\/figure>\n<p>La Voiture low Cost Peugeot 301 est une voiture compacte, produite par le constructeur automobile fran\u00e7ais <span style=\"text-decoration: underline;\">Peugeot<\/span>. Il a \u00e9t\u00e9 annonc\u00e9 au public en mai 2012, avec un lancement officiel qui a eu lieu au Salon automobile de Paris en Septembre. Le 301 est construit \u00e0 l'usine de Vigo Peugeot en Espagne, aux c\u00f4t\u00e9s de ses jumeaux Citro\u00ebn C-Elys\u00e9e, et a \u00e9t\u00e9 fabriqu\u00e9 en Chine depuis Novembre 2013, et le Nigeria depuis 2014.<\/p>\n<p>Les ventes de la Peugeot 301 ont commenc\u00e9 en Novembre 2012, d'abord en Turquie, et plus tard dans d'autres march\u00e9s en Asie occidentale, en Afrique, Am\u00e9rique Latine et Europe de l'Est. Comme la voiture Low Cost 301 est con\u00e7u sp\u00e9cifiquement pour les march\u00e9s \u00e9mergents, les 301 ne sont pas disponibles en Europe occidentale, y compris la France et le Royaume-Uni (situation similaire en Irlande, ainsi que la plupart des march\u00e9s\u00a0automobiles.<\/p>\n<p>Le nom du mod\u00e8le 301 a \u00e9t\u00e9 utilis\u00e9 d'abord sur une Peugeot 301 de 1932, et la nouvelle 301 est la premi\u00e8re Peugeot \u00e0 d\u00e9marrer la strat\u00e9gie d'appellation, qui a \u00e9t\u00e9\u00a0r\u00e9vis\u00e9e en utilisant x01 et x08 pour indiquer les voitures low cost pour les\u00a0march\u00e9s \u00e9mergents et les march\u00e9s traditionnels.<\/p>\n","protected":false},"excerpt":{"rendered":"<p>Les Voitures\u00a0Low Cost C-Elys\u00e9e et Peugeot 301 se vendent bien Voiture Low Cost C-Elys\u00e9e et Peugeot 301 : PSA vient de confirmer qu&rsquo;il est satisfait de ses chiffres, les deux berlines low cost se Peugeot et Citroen atteignent leurs objectifs. Les voitures Low Cost C-Elys\u00e9e et sa cousine Peugeot 301 sont vendues sur les march\u00e9s &#8230; <a title=\"Voiture Low Cost C-Elys\u00e9e et low cost 301\" class=\"read-more\" href=\"https:\/\/www.carideal.com\/blog\/2015\/06\/05\/le-lowcost-psa-citroen-c-elysee-et-peugeot-301-se-vendent-bien\/\" aria-label=\"En savoir plus sur Voiture Low Cost C-Elys\u00e9e et low cost 301\">Lire plus<\/a><\/p>\n","protected":false},"author":3,"featured_media":0,"comment_status":"open","ping_status":"open","sticky":false,"template":"","format":"standard","meta":{"_uag_custom_page_level_css":"","_themeisle_gutenberg_block_has_review":false,"footnotes":""},"categories":[5,5944,3,6012,5974],"tags":[],"class_list":["post-5802","post","type-post","status-publish","format-standard","hentry","category-citroen","category-constructeur","category-actualites-financieres","category-berlines","category-type-de-vehicule"],"wppr_data":[],"yoast_head":"<!-- This site is optimized with the Yoast SEO plugin v24.8.1 - https:\/\/yoast.com\/wordpress\/plugins\/seo\/ -->\n<title>Voiture Low Cost C-Elys\u00e9e et low cost 301 - Blog auto Carid\u00e9al<\/title>\n<meta name=\"description\" content=\"Voiture Low Cost C-Elys\u00e9e et Peugeot 301 : PSA vient de confirmer qu&#039;il est satisfait de ses chiffres, les deux voitures se vendent \u00e0 l&#039;export.\" \/>\n<meta name=\"robots\" content=\"index, follow, max-snippet:-1, max-image-preview:large, max-video-preview:-1\" \/>\n<link rel=\"canonical\" href=\"https:\/\/www.carideal.com\/blog\/2015\/06\/05\/le-lowcost-psa-citroen-c-elysee-et-peugeot-301-se-vendent-bien\/\" \/>\n<meta property=\"og:locale\" content=\"fr_FR\" \/>\n<meta property=\"og:type\" content=\"article\" \/>\n<meta property=\"og:title\" content=\"Voiture Low Cost C-Elys\u00e9e et low cost 301 - Blog auto Carid\u00e9al\" \/>\n<meta property=\"og:description\" content=\"Voiture Low Cost C-Elys\u00e9e et Peugeot 301 : PSA vient de confirmer qu&#039;il est satisfait de ses chiffres, les deux voitures se vendent \u00e0 l&#039;export.\" \/>\n<meta property=\"og:url\" content=\"https:\/\/www.carideal.com\/blog\/2015\/06\/05\/le-lowcost-psa-citroen-c-elysee-et-peugeot-301-se-vendent-bien\/\" \/>\n<meta property=\"og:site_name\" content=\"Blog auto Carid\u00e9al\" \/>\n<meta property=\"article:publisher\" content=\"https:\/\/www.facebook.com\/Carideal.mandataire.automobile\" \/>\n<meta property=\"article:author\" content=\"https:\/\/www.facebook.com\/nicolas.schiavon.39\" \/>\n<meta property=\"article:published_time\" content=\"2015-06-05T07:46:58+00:00\" \/>\n<meta property=\"article:modified_time\" content=\"2020-03-08T17:02:00+00:00\" \/>\n<meta property=\"og:image\" content=\"http:\/\/www.carideal.com\/blog\/wp-content\/uploads\/2015\/06\/citroen-c4-elysee-carideal-blog-automobile-300x225.jpg\" \/>\n<meta name=\"author\" content=\"Nicolas SCHIAVON\" \/>\n<meta name=\"twitter:card\" content=\"summary_large_image\" \/>\n<meta name=\"twitter:creator\" content=\"@caridealauto\" \/>\n<meta name=\"twitter:site\" content=\"@caridealauto\" \/>\n<meta name=\"twitter:label1\" content=\"\u00c9crit par\" \/>\n\t<meta name=\"twitter:data1\" content=\"Nicolas SCHIAVON\" \/>\n\t<meta name=\"twitter:label2\" content=\"Dur\u00e9e de lecture estim\u00e9e\" \/>\n\t<meta name=\"twitter:data2\" content=\"3 minutes\" \/>\n<script type=\"application\/ld+json\" class=\"yoast-schema-graph\">{\"@context\":\"https:\/\/schema.org\",\"@graph\":[{\"@type\":\"Article\",\"@id\":\"https:\/\/www.carideal.com\/blog\/2015\/06\/05\/le-lowcost-psa-citroen-c-elysee-et-peugeot-301-se-vendent-bien\/#article\",\"isPartOf\":{\"@id\":\"https:\/\/www.carideal.com\/blog\/2015\/06\/05\/le-lowcost-psa-citroen-c-elysee-et-peugeot-301-se-vendent-bien\/\"},\"author\":{\"name\":\"Nicolas SCHIAVON\",\"@id\":\"https:\/\/www.carideal.com\/blog\/#\/schema\/person\/cd95dc7919660de90d31b366f85be1ec\"},\"headline\":\"Voiture Low Cost C-Elys\u00e9e et low cost 301\",\"datePublished\":\"2015-06-05T07:46:58+00:00\",\"dateModified\":\"2020-03-08T17:02:00+00:00\",\"mainEntityOfPage\":{\"@id\":\"https:\/\/www.carideal.com\/blog\/2015\/06\/05\/le-lowcost-psa-citroen-c-elysee-et-peugeot-301-se-vendent-bien\/\"},\"wordCount\":520,\"commentCount\":0,\"publisher\":{\"@id\":\"https:\/\/www.carideal.com\/blog\/#organization\"},\"image\":{\"@id\":\"https:\/\/www.carideal.com\/blog\/2015\/06\/05\/le-lowcost-psa-citroen-c-elysee-et-peugeot-301-se-vendent-bien\/#primaryimage\"},\"thumbnailUrl\":\"http:\/\/www.carideal.com\/blog\/wp-content\/uploads\/2015\/06\/citroen-c4-elysee-carideal-blog-automobile-300x225.jpg\",\"articleSection\":[\"Actualit\u00e9 Citroen\",\"Actualit\u00e9 Constructeur automobile\",\"Actualit\u00e9 Financi\u00e8re\",\"Berlines\",\"Type de v\u00e9hicule\"],\"inLanguage\":\"fr-FR\",\"potentialAction\":[{\"@type\":\"CommentAction\",\"name\":\"Comment\",\"target\":[\"https:\/\/www.carideal.com\/blog\/2015\/06\/05\/le-lowcost-psa-citroen-c-elysee-et-peugeot-301-se-vendent-bien\/#respond\"]}]},{\"@type\":\"WebPage\",\"@id\":\"https:\/\/www.carideal.com\/blog\/2015\/06\/05\/le-lowcost-psa-citroen-c-elysee-et-peugeot-301-se-vendent-bien\/\",\"url\":\"https:\/\/www.carideal.com\/blog\/2015\/06\/05\/le-lowcost-psa-citroen-c-elysee-et-peugeot-301-se-vendent-bien\/\",\"name\":\"Voiture Low Cost C-Elys\u00e9e et low cost 301 - Blog auto Carid\u00e9al\",\"isPartOf\":{\"@id\":\"https:\/\/www.carideal.com\/blog\/#website\"},\"primaryImageOfPage\":{\"@id\":\"https:\/\/www.carideal.com\/blog\/2015\/06\/05\/le-lowcost-psa-citroen-c-elysee-et-peugeot-301-se-vendent-bien\/#primaryimage\"},\"image\":{\"@id\":\"https:\/\/www.carideal.com\/blog\/2015\/06\/05\/le-lowcost-psa-citroen-c-elysee-et-peugeot-301-se-vendent-bien\/#primaryimage\"},\"thumbnailUrl\":\"http:\/\/www.carideal.com\/blog\/wp-content\/uploads\/2015\/06\/citroen-c4-elysee-carideal-blog-automobile-300x225.jpg\",\"datePublished\":\"2015-06-05T07:46:58+00:00\",\"dateModified\":\"2020-03-08T17:02:00+00:00\",\"description\":\"Voiture Low Cost C-Elys\u00e9e et Peugeot 301 : PSA vient de confirmer qu'il est satisfait de ses chiffres, les deux voitures se vendent \u00e0 l'export.\",\"breadcrumb\":{\"@id\":\"https:\/\/www.carideal.com\/blog\/2015\/06\/05\/le-lowcost-psa-citroen-c-elysee-et-peugeot-301-se-vendent-bien\/#breadcrumb\"},\"inLanguage\":\"fr-FR\",\"potentialAction\":[{\"@type\":\"ReadAction\",\"target\":[\"https:\/\/www.carideal.com\/blog\/2015\/06\/05\/le-lowcost-psa-citroen-c-elysee-et-peugeot-301-se-vendent-bien\/\"]}]},{\"@type\":\"ImageObject\",\"inLanguage\":\"fr-FR\",\"@id\":\"https:\/\/www.carideal.com\/blog\/2015\/06\/05\/le-lowcost-psa-citroen-c-elysee-et-peugeot-301-se-vendent-bien\/#primaryimage\",\"url\":\"http:\/\/www.carideal.com\/blog\/wp-content\/uploads\/2015\/06\/citroen-c4-elysee-carideal-blog-automobile-300x225.jpg\",\"contentUrl\":\"http:\/\/www.carideal.com\/blog\/wp-content\/uploads\/2015\/06\/citroen-c4-elysee-carideal-blog-automobile-300x225.jpg\"},{\"@type\":\"BreadcrumbList\",\"@id\":\"https:\/\/www.carideal.com\/blog\/2015\/06\/05\/le-lowcost-psa-citroen-c-elysee-et-peugeot-301-se-vendent-bien\/#breadcrumb\",\"itemListElement\":[{\"@type\":\"ListItem\",\"position\":1,\"name\":\"Blog Carid\u00e9al\",\"item\":\"https:\/\/www.carideal.com\/blog\/\"},{\"@type\":\"ListItem\",\"position\":2,\"name\":\"Actualit\u00e9 constructeur automobile\",\"item\":\"https:\/\/www.carideal.com\/blog\/constructeur\/\"},{\"@type\":\"ListItem\",\"position\":3,\"name\":\"Actualit\u00e9 Citroen\",\"item\":\"https:\/\/www.carideal.com\/blog\/constructeur\/citroen\/\"},{\"@type\":\"ListItem\",\"position\":4,\"name\":\"Voiture Low Cost C-Elys\u00e9e et low cost 301\"}]},{\"@type\":\"WebSite\",\"@id\":\"https:\/\/www.carideal.com\/blog\/#website\",\"url\":\"https:\/\/www.carideal.com\/blog\/\",\"name\":\"Blog auto Carid\u00e9al\",\"description\":\"Actualit\u00e9 auto par des passionn\u00e9s\",\"publisher\":{\"@id\":\"https:\/\/www.carideal.com\/blog\/#organization\"},\"potentialAction\":[{\"@type\":\"SearchAction\",\"target\":{\"@type\":\"EntryPoint\",\"urlTemplate\":\"https:\/\/www.carideal.com\/blog\/?s={search_term_string}\"},\"query-input\":{\"@type\":\"PropertyValueSpecification\",\"valueRequired\":true,\"valueName\":\"search_term_string\"}}],\"inLanguage\":\"fr-FR\"},{\"@type\":\"Organization\",\"@id\":\"https:\/\/www.carideal.com\/blog\/#organization\",\"name\":\"Carideal\",\"url\":\"https:\/\/www.carideal.com\/blog\/\",\"logo\":{\"@type\":\"ImageObject\",\"inLanguage\":\"fr-FR\",\"@id\":\"https:\/\/www.carideal.com\/blog\/#\/schema\/logo\/image\/\",\"url\":\"http:\/\/www.carideal.com\/blog\/wp-content\/uploads\/2016\/03\/logo-carideal-mandataire-automobile.png\",\"contentUrl\":\"http:\/\/www.carideal.com\/blog\/wp-content\/uploads\/2016\/03\/logo-carideal-mandataire-automobile.png\",\"width\":300,\"height\":300,\"caption\":\"Carideal\"},\"image\":{\"@id\":\"https:\/\/www.carideal.com\/blog\/#\/schema\/logo\/image\/\"},\"sameAs\":[\"https:\/\/www.facebook.com\/Carideal.mandataire.automobile\",\"https:\/\/x.com\/caridealauto\",\"https:\/\/www.instagram.com\/carideal1\/\",\"https:\/\/www.linkedin.com\/company\/carideal.com\",\"https:\/\/fr.pinterest.com\/schiavonsas\/\",\"https:\/\/www.youtube.com\/user\/caridealsas\"]},{\"@type\":\"Person\",\"@id\":\"https:\/\/www.carideal.com\/blog\/#\/schema\/person\/cd95dc7919660de90d31b366f85be1ec\",\"name\":\"Nicolas SCHIAVON\",\"image\":{\"@type\":\"ImageObject\",\"inLanguage\":\"fr-FR\",\"@id\":\"https:\/\/www.carideal.com\/blog\/#\/schema\/person\/image\/\",\"url\":\"https:\/\/secure.gravatar.com\/avatar\/c17e55009e671d92cc7f5dc837dc418a?s=96&r=g\",\"contentUrl\":\"https:\/\/secure.gravatar.com\/avatar\/c17e55009e671d92cc7f5dc837dc418a?s=96&r=g\",\"caption\":\"Nicolas SCHIAVON\"},\"description\":\"Nicolas Schiavon est tomb\u00e9 tout petit dans la marmite automobile. Ayant eu un garage de marque automobile, mandataire automobile de la premi\u00e8re heure d\u00e8s 1999. Nicolas a cr\u00e9\u00e9 ces premiers sites de vente de voiture et blog automobile d\u00e8s 1994. Carideal est n\u00e9 le 15 d\u00e9cembre 2000 de la volont\u00e9 de vendre des voitures d'occasions en ligne puis des voitures neuves. Il a pu essayer beaucoup de voitures tr\u00e8s diff\u00e9rentes et ayant eu personnellement quelques belles autos, Subaru Impreza, Mitsubishi Lancer Evo 7, Porsche 911, Ferrari Testarrossa, Audi RS3, RS4 et j'en passe...\",\"sameAs\":[\"http:\/\/www.carideal.com\",\"https:\/\/www.facebook.com\/nicolas.schiavon.39\",\"https:\/\/www.instagram.com\/carideal1\/\",\"https:\/\/www.linkedin.com\/in\/nschiavon\/\",\"https:\/\/x.com\/caridealauto\",\"https:\/\/www.youtube.com\/user\/caridealsas\/\"],\"url\":\"https:\/\/www.carideal.com\/blog\/author\/nschiavon\/\"}]}<\/script>\n<!-- \/ Yoast SEO plugin. -->","yoast_head_json":{"title":"Voiture Low Cost C-Elys\u00e9e et low cost 301 - Blog auto Carid\u00e9al","description":"Voiture Low Cost C-Elys\u00e9e et Peugeot 301 : PSA vient de confirmer qu'il est satisfait de ses chiffres, les deux voitures se vendent \u00e0 l'export.","robots":{"index":"index","follow":"follow","max-snippet":"max-snippet:-1","max-image-preview":"max-image-preview:large","max-video-preview":"max-video-preview:-1"},"canonical":"https:\/\/www.carideal.com\/blog\/2015\/06\/05\/le-lowcost-psa-citroen-c-elysee-et-peugeot-301-se-vendent-bien\/","og_locale":"fr_FR","og_type":"article","og_title":"Voiture Low Cost C-Elys\u00e9e et low cost 301 - Blog auto Carid\u00e9al","og_description":"Voiture Low Cost C-Elys\u00e9e et Peugeot 301 : PSA vient de confirmer qu'il est satisfait de ses chiffres, les deux voitures se vendent \u00e0 l'export.","og_url":"https:\/\/www.carideal.com\/blog\/2015\/06\/05\/le-lowcost-psa-citroen-c-elysee-et-peugeot-301-se-vendent-bien\/","og_site_name":"Blog auto Carid\u00e9al","article_publisher":"https:\/\/www.facebook.com\/Carideal.mandataire.automobile","article_author":"https:\/\/www.facebook.com\/nicolas.schiavon.39","article_published_time":"2015-06-05T07:46:58+00:00","article_modified_time":"2020-03-08T17:02:00+00:00","og_image":[{"url":"http:\/\/www.carideal.com\/blog\/wp-content\/uploads\/2015\/06\/citroen-c4-elysee-carideal-blog-automobile-300x225.jpg","type":"","width":"","height":""}],"author":"Nicolas SCHIAVON","twitter_card":"summary_large_image","twitter_creator":"@caridealauto","twitter_site":"@caridealauto","twitter_misc":{"\u00c9crit par":"Nicolas SCHIAVON","Dur\u00e9e de lecture estim\u00e9e":"3 minutes"},"schema":{"@context":"https:\/\/schema.org","@graph":[{"@type":"Article","@id":"https:\/\/www.carideal.com\/blog\/2015\/06\/05\/le-lowcost-psa-citroen-c-elysee-et-peugeot-301-se-vendent-bien\/#article","isPartOf":{"@id":"https:\/\/www.carideal.com\/blog\/2015\/06\/05\/le-lowcost-psa-citroen-c-elysee-et-peugeot-301-se-vendent-bien\/"},"author":{"name":"Nicolas SCHIAVON","@id":"https:\/\/www.carideal.com\/blog\/#\/schema\/person\/cd95dc7919660de90d31b366f85be1ec"},"headline":"Voiture Low Cost C-Elys\u00e9e et low cost 301","datePublished":"2015-06-05T07:46:58+00:00","dateModified":"2020-03-08T17:02:00+00:00","mainEntityOfPage":{"@id":"https:\/\/www.carideal.com\/blog\/2015\/06\/05\/le-lowcost-psa-citroen-c-elysee-et-peugeot-301-se-vendent-bien\/"},"wordCount":520,"commentCount":0,"publisher":{"@id":"https:\/\/www.carideal.com\/blog\/#organization"},"image":{"@id":"https:\/\/www.carideal.com\/blog\/2015\/06\/05\/le-lowcost-psa-citroen-c-elysee-et-peugeot-301-se-vendent-bien\/#primaryimage"},"thumbnailUrl":"http:\/\/www.carideal.com\/blog\/wp-content\/uploads\/2015\/06\/citroen-c4-elysee-carideal-blog-automobile-300x225.jpg","articleSection":["Actualit\u00e9 Citroen","Actualit\u00e9 Constructeur automobile","Actualit\u00e9 Financi\u00e8re","Berlines","Type de v\u00e9hicule"],"inLanguage":"fr-FR","potentialAction":[{"@type":"CommentAction","name":"Comment","target":["https:\/\/www.carideal.com\/blog\/2015\/06\/05\/le-lowcost-psa-citroen-c-elysee-et-peugeot-301-se-vendent-bien\/#respond"]}]},{"@type":"WebPage","@id":"https:\/\/www.carideal.com\/blog\/2015\/06\/05\/le-lowcost-psa-citroen-c-elysee-et-peugeot-301-se-vendent-bien\/","url":"https:\/\/www.carideal.com\/blog\/2015\/06\/05\/le-lowcost-psa-citroen-c-elysee-et-peugeot-301-se-vendent-bien\/","name":"Voiture Low Cost C-Elys\u00e9e et low cost 301 - Blog auto Carid\u00e9al","isPartOf":{"@id":"https:\/\/www.carideal.com\/blog\/#website"},"primaryImageOfPage":{"@id":"https:\/\/www.carideal.com\/blog\/2015\/06\/05\/le-lowcost-psa-citroen-c-elysee-et-peugeot-301-se-vendent-bien\/#primaryimage"},"image":{"@id":"https:\/\/www.carideal.com\/blog\/2015\/06\/05\/le-lowcost-psa-citroen-c-elysee-et-peugeot-301-se-vendent-bien\/#primaryimage"},"thumbnailUrl":"http:\/\/www.carideal.com\/blog\/wp-content\/uploads\/2015\/06\/citroen-c4-elysee-carideal-blog-automobile-300x225.jpg","datePublished":"2015-06-05T07:46:58+00:00","dateModified":"2020-03-08T17:02:00+00:00","description":"Voiture Low Cost C-Elys\u00e9e et Peugeot 301 : PSA vient de confirmer qu'il est satisfait de ses chiffres, les deux voitures se vendent \u00e0 l'export.","breadcrumb":{"@id":"https:\/\/www.carideal.com\/blog\/2015\/06\/05\/le-lowcost-psa-citroen-c-elysee-et-peugeot-301-se-vendent-bien\/#breadcrumb"},"inLanguage":"fr-FR","potentialAction":[{"@type":"ReadAction","target":["https:\/\/www.carideal.com\/blog\/2015\/06\/05\/le-lowcost-psa-citroen-c-elysee-et-peugeot-301-se-vendent-bien\/"]}]},{"@type":"ImageObject","inLanguage":"fr-FR","@id":"https:\/\/www.carideal.com\/blog\/2015\/06\/05\/le-lowcost-psa-citroen-c-elysee-et-peugeot-301-se-vendent-bien\/#primaryimage","url":"http:\/\/www.carideal.com\/blog\/wp-content\/uploads\/2015\/06\/citroen-c4-elysee-carideal-blog-automobile-300x225.jpg","contentUrl":"http:\/\/www.carideal.com\/blog\/wp-content\/uploads\/2015\/06\/citroen-c4-elysee-carideal-blog-automobile-300x225.jpg"},{"@type":"BreadcrumbList","@id":"https:\/\/www.carideal.com\/blog\/2015\/06\/05\/le-lowcost-psa-citroen-c-elysee-et-peugeot-301-se-vendent-bien\/#breadcrumb","itemListElement":[{"@type":"ListItem","position":1,"name":"Blog Carid\u00e9al","item":"https:\/\/www.carideal.com\/blog\/"},{"@type":"ListItem","position":2,"name":"Actualit\u00e9 constructeur automobile","item":"https:\/\/www.carideal.com\/blog\/constructeur\/"},{"@type":"ListItem","position":3,"name":"Actualit\u00e9 Citroen","item":"https:\/\/www.carideal.com\/blog\/constructeur\/citroen\/"},{"@type":"ListItem","position":4,"name":"Voiture Low Cost C-Elys\u00e9e et low cost 301"}]},{"@type":"WebSite","@id":"https:\/\/www.carideal.com\/blog\/#website","url":"https:\/\/www.carideal.com\/blog\/","name":"Blog auto Carid\u00e9al","description":"Actualit\u00e9 auto par des passionn\u00e9s","publisher":{"@id":"https:\/\/www.carideal.com\/blog\/#organization"},"potentialAction":[{"@type":"SearchAction","target":{"@type":"EntryPoint","urlTemplate":"https:\/\/www.carideal.com\/blog\/?s={search_term_string}"},"query-input":{"@type":"PropertyValueSpecification","valueRequired":true,"valueName":"search_term_string"}}],"inLanguage":"fr-FR"},{"@type":"Organization","@id":"https:\/\/www.carideal.com\/blog\/#organization","name":"Carideal","url":"https:\/\/www.carideal.com\/blog\/","logo":{"@type":"ImageObject","inLanguage":"fr-FR","@id":"https:\/\/www.carideal.com\/blog\/#\/schema\/logo\/image\/","url":"http:\/\/www.carideal.com\/blog\/wp-content\/uploads\/2016\/03\/logo-carideal-mandataire-automobile.png","contentUrl":"http:\/\/www.carideal.com\/blog\/wp-content\/uploads\/2016\/03\/logo-carideal-mandataire-automobile.png","width":300,"height":300,"caption":"Carideal"},"image":{"@id":"https:\/\/www.carideal.com\/blog\/#\/schema\/logo\/image\/"},"sameAs":["https:\/\/www.facebook.com\/Carideal.mandataire.automobile","https:\/\/x.com\/caridealauto","https:\/\/www.instagram.com\/carideal1\/","https:\/\/www.linkedin.com\/company\/carideal.com","https:\/\/fr.pinterest.com\/schiavonsas\/","https:\/\/www.youtube.com\/user\/caridealsas"]},{"@type":"Person","@id":"https:\/\/www.carideal.com\/blog\/#\/schema\/person\/cd95dc7919660de90d31b366f85be1ec","name":"Nicolas SCHIAVON","image":{"@type":"ImageObject","inLanguage":"fr-FR","@id":"https:\/\/www.carideal.com\/blog\/#\/schema\/person\/image\/","url":"https:\/\/secure.gravatar.com\/avatar\/c17e55009e671d92cc7f5dc837dc418a?s=96&r=g","contentUrl":"https:\/\/secure.gravatar.com\/avatar\/c17e55009e671d92cc7f5dc837dc418a?s=96&r=g","caption":"Nicolas SCHIAVON"},"description":"Nicolas Schiavon est tomb\u00e9 tout petit dans la marmite automobile. Ayant eu un garage de marque automobile, mandataire automobile de la premi\u00e8re heure d\u00e8s 1999. Nicolas a cr\u00e9\u00e9 ces premiers sites de vente de voiture et blog automobile d\u00e8s 1994. Carideal est n\u00e9 le 15 d\u00e9cembre 2000 de la volont\u00e9 de vendre des voitures d'occasions en ligne puis des voitures neuves. Il a pu essayer beaucoup de voitures tr\u00e8s diff\u00e9rentes et ayant eu personnellement quelques belles autos, Subaru Impreza, Mitsubishi Lancer Evo 7, Porsche 911, Ferrari Testarrossa, Audi RS3, RS4 et j'en passe...","sameAs":["http:\/\/www.carideal.com","https:\/\/www.facebook.com\/nicolas.schiavon.39","https:\/\/www.instagram.com\/carideal1\/","https:\/\/www.linkedin.com\/in\/nschiavon\/","https:\/\/x.com\/caridealauto","https:\/\/www.youtube.com\/user\/caridealsas\/"],"url":"https:\/\/www.carideal.com\/blog\/author\/nschiavon\/"}]}},"uagb_featured_image_src":{"full":false,"thumbnail":false,"medium":false,"medium_large":false,"large":false,"1536x1536":false,"2048x2048":false,"wppr-widget":false},"uagb_author_info":{"display_name":"Nicolas SCHIAVON","author_link":"https:\/\/www.carideal.com\/blog\/author\/nschiavon\/"},"uagb_comment_info":1,"uagb_excerpt":"Les Voitures\u00a0Low Cost C-Elys\u00e9e et Peugeot 301 se vendent bien Voiture Low Cost C-Elys\u00e9e et Peugeot 301 : PSA vient de confirmer qu'il est satisfait de ses chiffres, les deux berlines low cost se Peugeot et Citroen atteignent leurs objectifs. Les voitures Low Cost C-Elys\u00e9e et sa cousine Peugeot 301 sont vendues sur les march\u00e9s\u2026","_links":{"self":[{"href":"https:\/\/www.carideal.com\/blog\/wp-json\/wp\/v2\/posts\/5802"}],"collection":[{"href":"https:\/\/www.carideal.com\/blog\/wp-json\/wp\/v2\/posts"}],"about":[{"href":"https:\/\/www.carideal.com\/blog\/wp-json\/wp\/v2\/types\/post"}],"author":[{"embeddable":true,"href":"https:\/\/www.carideal.com\/blog\/wp-json\/wp\/v2\/users\/3"}],"replies":[{"embeddable":true,"href":"https:\/\/www.carideal.com\/blog\/wp-json\/wp\/v2\/comments?post=5802"}],"version-history":[{"count":0,"href":"https:\/\/www.carideal.com\/blog\/wp-json\/wp\/v2\/posts\/5802\/revisions"}],"wp:attachment":[{"href":"https:\/\/www.carideal.com\/blog\/wp-json\/wp\/v2\/media?parent=5802"}],"wp:term":[{"taxonomy":"category","embeddable":true,"href":"https:\/\/www.carideal.com\/blog\/wp-json\/wp\/v2\/categories?post=5802"},{"taxonomy":"post_tag","embeddable":true,"href":"https:\/\/www.carideal.com\/blog\/wp-json\/wp\/v2\/tags?post=5802"}],"curies":[{"name":"wp","href":"https:\/\/api.w.org\/{rel}","templated":true}]}}