{"id":580,"date":"2013-03-21T13:37:00","date_gmt":"2013-03-21T13:37:00","guid":{"rendered":"http:\/\/carideal.com\/blog\/?p=580"},"modified":"2013-03-21T13:37:00","modified_gmt":"2013-03-21T13:37:00","slug":"les-salaries-connaissent-mal-les-loueurs","status":"publish","type":"post","link":"https:\/\/www.carideal.com\/blog\/2013\/03\/21\/les-salaries-connaissent-mal-les-loueurs\/","title":{"rendered":"Les salari\u00e9s connaissent mal les loueurs."},"content":{"rendered":"<p><img decoding=\"async\" src=\"\/blog\/public\/.le-marche-de-la-lld_m.jpg\" alt=\"le-marche-de-la-lld.jpg\" title=\"le-marche-de-la-lld.jpg, mar. 2013\" \/><\/p>\n<p>Le <a href=\"\/blog\/index.php?tag\/Syndicat%20National%20des%20Loueur%20de%20Longue%20Dur%C3%A9e\">Syndicat National des Loueur de Longue Dur\u00e9e<\/a> a lanc\u00e9 une enqu\u00eate aux entreprises d\u00e9tenant au plus d'une flotte de dix v\u00e9hicules. Le but est de comprendre leur comportement et de mieux conna\u00eetre leurs attentes.Ces soci\u00e9t\u00e9s poss\u00e8dent un parc moyen de 250 v\u00e9hicules, compos\u00e9 de voitures et de petits utilitaires le plus souvent. Premi\u00e8re information de taille, except\u00e9 par les chefs d'entreprise et les gestionnaires, les loueurs sont tr\u00e8s mal connus. Ainsi, 44% des conducteurs (les salari\u00e9s de l'entreprise profitant d'un v\u00e9hicule en LLD) ne connaissent pas le nom du prestataire. Dans 79% des cas, l'attribution des v\u00e9hicules se fait selon le m\u00e9tier, plus qu'en fonction de la hi\u00e9rarchie. Pour 37%, le v\u00e9hicule de fonction fait parti de la r\u00e9mun\u00e9ration. Ce qui d\u00e9cide une entreprise (patron ou gestionnaire de parc) \u00e0 opter pour la LLD, c'est sa volont\u00e9 de ma\u00eetriser un budget. Cet argument s'avoue plus important que la flexibilit\u00e9, autre int\u00e9r\u00eat majeur de la <a href=\"\/blog\/index.php?tag\/LLD\">LLD<\/a>. Le point faible des loueurs, selon les entreprises clientes, est la restitution des v\u00e9hicules. Certains sont per\u00e7us comme pas assez flexibles en la mati\u00e8re. La proximit\u00e9 reste un crit\u00e8re essentiel: les clients d\u00e9sireraient trouver des services de conciergerie partout en France,des pools de voitures en paiement par carte bancaire sur leur site mais aussi ailleurs. Seuls 5% des entreprises interrog\u00e9es ont int\u00e9gr\u00e9 des v\u00e9hicules \u00e9lectriques dans leur parc. Pourtant un peu plus du quart sont int\u00e9ress\u00e9es par un mod\u00e8le \u00e0 z\u00e9ro \u00e9mission, et la moiti\u00e9 pourrait franchir le pas au cours des douze prochains mois.\" La difficult\u00e9 c'est que les v\u00e9hicules \u00e9lectriques et notamment leur TCO (co\u00fbt d'utilisation global) reste mal promu estime <a href=\"\/blog\/index.php?tag\/Eric%20Spielrein\">Eric Spielrein<\/a>, <a href=\"\/blog\/index.php?tag\/secr%C3%A9taire%20g%C3%A9n%C3%A9ral%20de%20RCI%20Banque\">secr\u00e9taire g\u00e9n\u00e9ral de RCI Banque<\/a>.Pourant, il est int\u00e9ressant de comparer les co\u00fbt d'un <a href=\"\/blog\/index.php?tag\/Kangoo%20Z.E\">Kangoo Z.E<\/a> \u00e0 un <a href=\"\/blog\/index.php?tag\/Kangoo%20thermique\">Kangoo thermique<\/a>.\"Les entreprise clientes sont plut\u00f4t satisfaites des prestations offertes, mais esp\u00e8rent disposer de la navigation embarqu\u00e9e (20%), du t\u00e9l\u00e9p\u00e9age (18%) et des pneus hiver (17%).<\/p>\n","protected":false},"excerpt":{"rendered":"<p>Le Syndicat National des Loueur de Longue Dur\u00e9e a lanc\u00e9 une enqu\u00eate aux entreprises d\u00e9tenant au plus d&rsquo;une flotte de dix v\u00e9hicules. Le but est de comprendre leur comportement et de mieux conna\u00eetre leurs attentes.Ces soci\u00e9t\u00e9s poss\u00e8dent un parc moyen de 250 v\u00e9hicules, compos\u00e9 de voitures et de petits utilitaires le plus souvent. Premi\u00e8re information &#8230; <a title=\"Les salari\u00e9s connaissent mal les loueurs.\" class=\"read-more\" href=\"https:\/\/www.carideal.com\/blog\/2013\/03\/21\/les-salaries-connaissent-mal-les-loueurs\/\" aria-label=\"En savoir plus sur Les salari\u00e9s connaissent mal les loueurs.\">Lire plus<\/a><\/p>\n","protected":false},"author":1,"featured_media":0,"comment_status":"open","ping_status":"open","sticky":false,"template":"","format":"standard","meta":{"_uag_custom_page_level_css":"","_themeisle_gutenberg_block_has_review":false,"footnotes":""},"categories":[9],"tags":[],"class_list":["post-580","post","type-post","status-publish","format-standard","hentry","category-divers"],"wppr_data":[],"yoast_head":"<!-- This site is optimized with the Yoast SEO plugin v24.8.1 - https:\/\/yoast.com\/wordpress\/plugins\/seo\/ -->\n<title>Les salari\u00e9s connaissent mal les loueurs. - Blog auto Carid\u00e9al<\/title>\n<meta name=\"robots\" content=\"index, follow, max-snippet:-1, max-image-preview:large, max-video-preview:-1\" \/>\n<link rel=\"canonical\" href=\"https:\/\/www.carideal.com\/blog\/2013\/03\/21\/les-salaries-connaissent-mal-les-loueurs\/\" \/>\n<meta property=\"og:locale\" content=\"fr_FR\" \/>\n<meta property=\"og:type\" content=\"article\" \/>\n<meta property=\"og:title\" content=\"Les salari\u00e9s connaissent mal les loueurs. - Blog auto Carid\u00e9al\" \/>\n<meta property=\"og:description\" content=\"Le Syndicat National des Loueur de Longue Dur\u00e9e a lanc\u00e9 une enqu\u00eate aux entreprises d\u00e9tenant au plus d&#039;une flotte de dix v\u00e9hicules. Le but est de comprendre leur comportement et de mieux conna\u00eetre leurs attentes.Ces soci\u00e9t\u00e9s poss\u00e8dent un parc moyen de 250 v\u00e9hicules, compos\u00e9 de voitures et de petits utilitaires le plus souvent. Premi\u00e8re information ... Lire plus\" \/>\n<meta property=\"og:url\" content=\"https:\/\/www.carideal.com\/blog\/2013\/03\/21\/les-salaries-connaissent-mal-les-loueurs\/\" \/>\n<meta property=\"og:site_name\" content=\"Blog auto Carid\u00e9al\" \/>\n<meta property=\"article:publisher\" content=\"https:\/\/www.facebook.com\/Carideal.mandataire.automobile\" \/>\n<meta property=\"article:author\" content=\"https:\/\/www.facebook.com\/Carideal.mandataire.automobile\/\" \/>\n<meta property=\"article:published_time\" content=\"2013-03-21T13:37:00+00:00\" \/>\n<meta property=\"og:image\" content=\"https:\/\/www.carideal.com\/blog\/wp-content\/uploads\/2016\/03\/logo-carideal-mandataire-automobile.png\" \/>\n\t<meta property=\"og:image:width\" content=\"300\" \/>\n\t<meta property=\"og:image:height\" content=\"300\" \/>\n\t<meta property=\"og:image:type\" content=\"image\/png\" \/>\n<meta name=\"author\" content=\"N.S Carideal\" \/>\n<meta name=\"twitter:card\" content=\"summary_large_image\" \/>\n<meta name=\"twitter:creator\" content=\"@caridealauto\" \/>\n<meta name=\"twitter:site\" content=\"@caridealauto\" \/>\n<meta name=\"twitter:label1\" content=\"\u00c9crit par\" \/>\n\t<meta name=\"twitter:data1\" content=\"N.S Carideal\" \/>\n\t<meta name=\"twitter:label2\" content=\"Dur\u00e9e de lecture estim\u00e9e\" \/>\n\t<meta name=\"twitter:data2\" content=\"2 minutes\" \/>\n<script type=\"application\/ld+json\" class=\"yoast-schema-graph\">{\"@context\":\"https:\/\/schema.org\",\"@graph\":[{\"@type\":\"Article\",\"@id\":\"https:\/\/www.carideal.com\/blog\/2013\/03\/21\/les-salaries-connaissent-mal-les-loueurs\/#article\",\"isPartOf\":{\"@id\":\"https:\/\/www.carideal.com\/blog\/2013\/03\/21\/les-salaries-connaissent-mal-les-loueurs\/\"},\"author\":{\"name\":\"N.S Carideal\",\"@id\":\"https:\/\/www.carideal.com\/blog\/#\/schema\/person\/985c7e757d1042d647f21bfaf8d41ebc\"},\"headline\":\"Les salari\u00e9s connaissent mal les loueurs.\",\"datePublished\":\"2013-03-21T13:37:00+00:00\",\"mainEntityOfPage\":{\"@id\":\"https:\/\/www.carideal.com\/blog\/2013\/03\/21\/les-salaries-connaissent-mal-les-loueurs\/\"},\"wordCount\":363,\"commentCount\":0,\"publisher\":{\"@id\":\"https:\/\/www.carideal.com\/blog\/#organization\"},\"articleSection\":[\"Divers\"],\"inLanguage\":\"fr-FR\",\"potentialAction\":[{\"@type\":\"CommentAction\",\"name\":\"Comment\",\"target\":[\"https:\/\/www.carideal.com\/blog\/2013\/03\/21\/les-salaries-connaissent-mal-les-loueurs\/#respond\"]}]},{\"@type\":\"WebPage\",\"@id\":\"https:\/\/www.carideal.com\/blog\/2013\/03\/21\/les-salaries-connaissent-mal-les-loueurs\/\",\"url\":\"https:\/\/www.carideal.com\/blog\/2013\/03\/21\/les-salaries-connaissent-mal-les-loueurs\/\",\"name\":\"Les salari\u00e9s connaissent mal les loueurs. - Blog auto Carid\u00e9al\",\"isPartOf\":{\"@id\":\"https:\/\/www.carideal.com\/blog\/#website\"},\"datePublished\":\"2013-03-21T13:37:00+00:00\",\"breadcrumb\":{\"@id\":\"https:\/\/www.carideal.com\/blog\/2013\/03\/21\/les-salaries-connaissent-mal-les-loueurs\/#breadcrumb\"},\"inLanguage\":\"fr-FR\",\"potentialAction\":[{\"@type\":\"ReadAction\",\"target\":[\"https:\/\/www.carideal.com\/blog\/2013\/03\/21\/les-salaries-connaissent-mal-les-loueurs\/\"]}]},{\"@type\":\"BreadcrumbList\",\"@id\":\"https:\/\/www.carideal.com\/blog\/2013\/03\/21\/les-salaries-connaissent-mal-les-loueurs\/#breadcrumb\",\"itemListElement\":[{\"@type\":\"ListItem\",\"position\":1,\"name\":\"Blog Carid\u00e9al\",\"item\":\"https:\/\/www.carideal.com\/blog\/\"},{\"@type\":\"ListItem\",\"position\":2,\"name\":\"Divers\",\"item\":\"https:\/\/www.carideal.com\/blog\/divers\/\"},{\"@type\":\"ListItem\",\"position\":3,\"name\":\"Les salari\u00e9s connaissent mal les loueurs.\"}]},{\"@type\":\"WebSite\",\"@id\":\"https:\/\/www.carideal.com\/blog\/#website\",\"url\":\"https:\/\/www.carideal.com\/blog\/\",\"name\":\"Blog auto Carid\u00e9al\",\"description\":\"Actualit\u00e9 auto par des passionn\u00e9s\",\"publisher\":{\"@id\":\"https:\/\/www.carideal.com\/blog\/#organization\"},\"potentialAction\":[{\"@type\":\"SearchAction\",\"target\":{\"@type\":\"EntryPoint\",\"urlTemplate\":\"https:\/\/www.carideal.com\/blog\/?s={search_term_string}\"},\"query-input\":{\"@type\":\"PropertyValueSpecification\",\"valueRequired\":true,\"valueName\":\"search_term_string\"}}],\"inLanguage\":\"fr-FR\"},{\"@type\":\"Organization\",\"@id\":\"https:\/\/www.carideal.com\/blog\/#organization\",\"name\":\"Carideal\",\"url\":\"https:\/\/www.carideal.com\/blog\/\",\"logo\":{\"@type\":\"ImageObject\",\"inLanguage\":\"fr-FR\",\"@id\":\"https:\/\/www.carideal.com\/blog\/#\/schema\/logo\/image\/\",\"url\":\"http:\/\/www.carideal.com\/blog\/wp-content\/uploads\/2016\/03\/logo-carideal-mandataire-automobile.png\",\"contentUrl\":\"http:\/\/www.carideal.com\/blog\/wp-content\/uploads\/2016\/03\/logo-carideal-mandataire-automobile.png\",\"width\":300,\"height\":300,\"caption\":\"Carideal\"},\"image\":{\"@id\":\"https:\/\/www.carideal.com\/blog\/#\/schema\/logo\/image\/\"},\"sameAs\":[\"https:\/\/www.facebook.com\/Carideal.mandataire.automobile\",\"https:\/\/x.com\/caridealauto\",\"https:\/\/www.instagram.com\/carideal1\/\",\"https:\/\/www.linkedin.com\/company\/carideal.com\",\"https:\/\/fr.pinterest.com\/schiavonsas\/\",\"https:\/\/www.youtube.com\/user\/caridealsas\"]},{\"@type\":\"Person\",\"@id\":\"https:\/\/www.carideal.com\/blog\/#\/schema\/person\/985c7e757d1042d647f21bfaf8d41ebc\",\"name\":\"N.S Carideal\",\"image\":{\"@type\":\"ImageObject\",\"inLanguage\":\"fr-FR\",\"@id\":\"https:\/\/www.carideal.com\/blog\/#\/schema\/person\/image\/\",\"url\":\"https:\/\/secure.gravatar.com\/avatar\/edb7ccdf1a4e3d14aef967760d354d0e?s=96&r=g\",\"contentUrl\":\"https:\/\/secure.gravatar.com\/avatar\/edb7ccdf1a4e3d14aef967760d354d0e?s=96&r=g\",\"caption\":\"N.S Carideal\"},\"description\":\"Depuis tout petit fan d'automobile. Il est question d'essayer et de comparer toutes ces voitures qui nous ont fait r\u00e9ver, avant que celles-ci ne devient uniquement des voitures de collection.\",\"sameAs\":[\"http:\/\/www.carideal.com\/blog\",\"https:\/\/www.facebook.com\/Carideal.mandataire.automobile\/\",\"https:\/\/www.linkedin.com\/in\/nschiavon\/\",\"https:\/\/www.youtube.com\/user\/caridealsas\/\"],\"url\":\"https:\/\/www.carideal.com\/blog\/author\/admin_carideal\/\"}]}<\/script>\n<!-- \/ Yoast SEO plugin. -->","yoast_head_json":{"title":"Les salari\u00e9s connaissent mal les loueurs. - Blog auto Carid\u00e9al","robots":{"index":"index","follow":"follow","max-snippet":"max-snippet:-1","max-image-preview":"max-image-preview:large","max-video-preview":"max-video-preview:-1"},"canonical":"https:\/\/www.carideal.com\/blog\/2013\/03\/21\/les-salaries-connaissent-mal-les-loueurs\/","og_locale":"fr_FR","og_type":"article","og_title":"Les salari\u00e9s connaissent mal les loueurs. - Blog auto Carid\u00e9al","og_description":"Le Syndicat National des Loueur de Longue Dur\u00e9e a lanc\u00e9 une enqu\u00eate aux entreprises d\u00e9tenant au plus d'une flotte de dix v\u00e9hicules. Le but est de comprendre leur comportement et de mieux conna\u00eetre leurs attentes.Ces soci\u00e9t\u00e9s poss\u00e8dent un parc moyen de 250 v\u00e9hicules, compos\u00e9 de voitures et de petits utilitaires le plus souvent. Premi\u00e8re information ... Lire plus","og_url":"https:\/\/www.carideal.com\/blog\/2013\/03\/21\/les-salaries-connaissent-mal-les-loueurs\/","og_site_name":"Blog auto Carid\u00e9al","article_publisher":"https:\/\/www.facebook.com\/Carideal.mandataire.automobile","article_author":"https:\/\/www.facebook.com\/Carideal.mandataire.automobile\/","article_published_time":"2013-03-21T13:37:00+00:00","og_image":[{"width":300,"height":300,"url":"https:\/\/www.carideal.com\/blog\/wp-content\/uploads\/2016\/03\/logo-carideal-mandataire-automobile.png","type":"image\/png"}],"author":"N.S Carideal","twitter_card":"summary_large_image","twitter_creator":"@caridealauto","twitter_site":"@caridealauto","twitter_misc":{"\u00c9crit par":"N.S Carideal","Dur\u00e9e de lecture estim\u00e9e":"2 minutes"},"schema":{"@context":"https:\/\/schema.org","@graph":[{"@type":"Article","@id":"https:\/\/www.carideal.com\/blog\/2013\/03\/21\/les-salaries-connaissent-mal-les-loueurs\/#article","isPartOf":{"@id":"https:\/\/www.carideal.com\/blog\/2013\/03\/21\/les-salaries-connaissent-mal-les-loueurs\/"},"author":{"name":"N.S Carideal","@id":"https:\/\/www.carideal.com\/blog\/#\/schema\/person\/985c7e757d1042d647f21bfaf8d41ebc"},"headline":"Les salari\u00e9s connaissent mal les loueurs.","datePublished":"2013-03-21T13:37:00+00:00","mainEntityOfPage":{"@id":"https:\/\/www.carideal.com\/blog\/2013\/03\/21\/les-salaries-connaissent-mal-les-loueurs\/"},"wordCount":363,"commentCount":0,"publisher":{"@id":"https:\/\/www.carideal.com\/blog\/#organization"},"articleSection":["Divers"],"inLanguage":"fr-FR","potentialAction":[{"@type":"CommentAction","name":"Comment","target":["https:\/\/www.carideal.com\/blog\/2013\/03\/21\/les-salaries-connaissent-mal-les-loueurs\/#respond"]}]},{"@type":"WebPage","@id":"https:\/\/www.carideal.com\/blog\/2013\/03\/21\/les-salaries-connaissent-mal-les-loueurs\/","url":"https:\/\/www.carideal.com\/blog\/2013\/03\/21\/les-salaries-connaissent-mal-les-loueurs\/","name":"Les salari\u00e9s connaissent mal les loueurs. - Blog auto Carid\u00e9al","isPartOf":{"@id":"https:\/\/www.carideal.com\/blog\/#website"},"datePublished":"2013-03-21T13:37:00+00:00","breadcrumb":{"@id":"https:\/\/www.carideal.com\/blog\/2013\/03\/21\/les-salaries-connaissent-mal-les-loueurs\/#breadcrumb"},"inLanguage":"fr-FR","potentialAction":[{"@type":"ReadAction","target":["https:\/\/www.carideal.com\/blog\/2013\/03\/21\/les-salaries-connaissent-mal-les-loueurs\/"]}]},{"@type":"BreadcrumbList","@id":"https:\/\/www.carideal.com\/blog\/2013\/03\/21\/les-salaries-connaissent-mal-les-loueurs\/#breadcrumb","itemListElement":[{"@type":"ListItem","position":1,"name":"Blog Carid\u00e9al","item":"https:\/\/www.carideal.com\/blog\/"},{"@type":"ListItem","position":2,"name":"Divers","item":"https:\/\/www.carideal.com\/blog\/divers\/"},{"@type":"ListItem","position":3,"name":"Les salari\u00e9s connaissent mal les loueurs."}]},{"@type":"WebSite","@id":"https:\/\/www.carideal.com\/blog\/#website","url":"https:\/\/www.carideal.com\/blog\/","name":"Blog auto Carid\u00e9al","description":"Actualit\u00e9 auto par des passionn\u00e9s","publisher":{"@id":"https:\/\/www.carideal.com\/blog\/#organization"},"potentialAction":[{"@type":"SearchAction","target":{"@type":"EntryPoint","urlTemplate":"https:\/\/www.carideal.com\/blog\/?s={search_term_string}"},"query-input":{"@type":"PropertyValueSpecification","valueRequired":true,"valueName":"search_term_string"}}],"inLanguage":"fr-FR"},{"@type":"Organization","@id":"https:\/\/www.carideal.com\/blog\/#organization","name":"Carideal","url":"https:\/\/www.carideal.com\/blog\/","logo":{"@type":"ImageObject","inLanguage":"fr-FR","@id":"https:\/\/www.carideal.com\/blog\/#\/schema\/logo\/image\/","url":"http:\/\/www.carideal.com\/blog\/wp-content\/uploads\/2016\/03\/logo-carideal-mandataire-automobile.png","contentUrl":"http:\/\/www.carideal.com\/blog\/wp-content\/uploads\/2016\/03\/logo-carideal-mandataire-automobile.png","width":300,"height":300,"caption":"Carideal"},"image":{"@id":"https:\/\/www.carideal.com\/blog\/#\/schema\/logo\/image\/"},"sameAs":["https:\/\/www.facebook.com\/Carideal.mandataire.automobile","https:\/\/x.com\/caridealauto","https:\/\/www.instagram.com\/carideal1\/","https:\/\/www.linkedin.com\/company\/carideal.com","https:\/\/fr.pinterest.com\/schiavonsas\/","https:\/\/www.youtube.com\/user\/caridealsas"]},{"@type":"Person","@id":"https:\/\/www.carideal.com\/blog\/#\/schema\/person\/985c7e757d1042d647f21bfaf8d41ebc","name":"N.S Carideal","image":{"@type":"ImageObject","inLanguage":"fr-FR","@id":"https:\/\/www.carideal.com\/blog\/#\/schema\/person\/image\/","url":"https:\/\/secure.gravatar.com\/avatar\/edb7ccdf1a4e3d14aef967760d354d0e?s=96&r=g","contentUrl":"https:\/\/secure.gravatar.com\/avatar\/edb7ccdf1a4e3d14aef967760d354d0e?s=96&r=g","caption":"N.S Carideal"},"description":"Depuis tout petit fan d'automobile. Il est question d'essayer et de comparer toutes ces voitures qui nous ont fait r\u00e9ver, avant que celles-ci ne devient uniquement des voitures de collection.","sameAs":["http:\/\/www.carideal.com\/blog","https:\/\/www.facebook.com\/Carideal.mandataire.automobile\/","https:\/\/www.linkedin.com\/in\/nschiavon\/","https:\/\/www.youtube.com\/user\/caridealsas\/"],"url":"https:\/\/www.carideal.com\/blog\/author\/admin_carideal\/"}]}},"uagb_featured_image_src":{"full":false,"thumbnail":false,"medium":false,"medium_large":false,"large":false,"1536x1536":false,"2048x2048":false,"wppr-widget":false},"uagb_author_info":{"display_name":"N.S Carideal","author_link":"https:\/\/www.carideal.com\/blog\/author\/admin_carideal\/"},"uagb_comment_info":0,"uagb_excerpt":"Le Syndicat National des Loueur de Longue Dur\u00e9e a lanc\u00e9 une enqu\u00eate aux entreprises d\u00e9tenant au plus d'une flotte de dix v\u00e9hicules. Le but est de comprendre leur comportement et de mieux conna\u00eetre leurs attentes.Ces soci\u00e9t\u00e9s poss\u00e8dent un parc moyen de 250 v\u00e9hicules, compos\u00e9 de voitures et de petits utilitaires le plus souvent. Premi\u00e8re information\u2026","_links":{"self":[{"href":"https:\/\/www.carideal.com\/blog\/wp-json\/wp\/v2\/posts\/580"}],"collection":[{"href":"https:\/\/www.carideal.com\/blog\/wp-json\/wp\/v2\/posts"}],"about":[{"href":"https:\/\/www.carideal.com\/blog\/wp-json\/wp\/v2\/types\/post"}],"author":[{"embeddable":true,"href":"https:\/\/www.carideal.com\/blog\/wp-json\/wp\/v2\/users\/1"}],"replies":[{"embeddable":true,"href":"https:\/\/www.carideal.com\/blog\/wp-json\/wp\/v2\/comments?post=580"}],"version-history":[{"count":0,"href":"https:\/\/www.carideal.com\/blog\/wp-json\/wp\/v2\/posts\/580\/revisions"}],"wp:attachment":[{"href":"https:\/\/www.carideal.com\/blog\/wp-json\/wp\/v2\/media?parent=580"}],"wp:term":[{"taxonomy":"category","embeddable":true,"href":"https:\/\/www.carideal.com\/blog\/wp-json\/wp\/v2\/categories?post=580"},{"taxonomy":"post_tag","embeddable":true,"href":"https:\/\/www.carideal.com\/blog\/wp-json\/wp\/v2\/tags?post=580"}],"curies":[{"name":"wp","href":"https:\/\/api.w.org\/{rel}","templated":true}]}}