{"id":5768,"date":"2015-04-22T19:06:20","date_gmt":"2015-04-22T17:06:20","guid":{"rendered":"http:\/\/www.carideal.com\/blog\/?p=5768"},"modified":"2020-03-07T16:30:47","modified_gmt":"2020-03-07T15:30:47","slug":"les-deputes-votent-un-renforcement-des-controles-pollution-des-5-ans","status":"publish","type":"post","link":"https:\/\/www.carideal.com\/blog\/2015\/04\/22\/les-deputes-votent-un-renforcement-des-controles-pollution-des-5-ans\/","title":{"rendered":"Contr\u00f4le anti pollution renforc\u00e9 d\u00e8s 5 ans"},"content":{"rendered":"<figure id=\"attachment_5769\" aria-describedby=\"caption-attachment-5769\" style=\"width: 290px\" class=\"wp-caption alignnone\"><a href=\"http:\/\/www.carideal.com\/blog\/wp-content\/uploads\/2015\/04\/filtre-a-particule-moteur-essence-carideal-mandataire-automobile.jpg\"><img loading=\"lazy\" decoding=\"async\" class=\"wp-image-5769 size-medium\" title=\"Contr\u00f4le anti pollution Filtre \u00e0 Particule pour moteur essence.\" src=\"http:\/\/www.carideal.com\/blog\/wp-content\/uploads\/2015\/04\/filtre-a-particule-moteur-essence-carideal-mandataire-automobile-300x225.jpg\" alt=\"Contr\u00f4le anti pollution Filtre \u00e0 Particule pour moteur essence.\" width=\"300\" height=\"225\" srcset=\"https:\/\/www.carideal.com\/blog\/wp-content\/uploads\/2015\/04\/filtre-a-particule-moteur-essence-carideal-mandataire-automobile-300x225.jpg 300w, https:\/\/www.carideal.com\/blog\/wp-content\/uploads\/2015\/04\/filtre-a-particule-moteur-essence-carideal-mandataire-automobile.jpg 450w\" sizes=\"(max-width: 300px) 100vw, 300px\" \/><\/a><figcaption id=\"caption-attachment-5769\" class=\"wp-caption-text\">Contr\u00f4le anti pollution Filtre \u00e0 Particule pour moteur essence.<\/figcaption><\/figure>\n<h1>Les d\u00e9put\u00e9s votent un renforcement de contr\u00f4le anti pollution d\u00e8s 5 ans<\/h1>\n<p>Les d\u00e9put\u00e9s votent le renforcement du contr\u00f4le anti pollution des gaz d\u2019\u00e9chappement et des <span style=\"text-decoration: underline;\"><a href=\"http:\/\/www.carideal.com\/blog\/2014\/09\/01\/les-emissions-reelles-de-nox-seraient-4-a-5-fois-superieures-a-celles-annoncees\/\">\u00e9missions polluantes<\/a><\/span> pour les v\u00e9hicules l\u00e9gers \u00e0 partir de la 5e ann\u00e9e de la voiture. A titre d'information c'est d\u00e9j\u00e0 le cas pour les v\u00e9hicules utilitaires l\u00e9gers depuis 2000.<br \/>\nC'est dans le cadre du projet de loi de transition \u00e9nerg\u00e9tique, que les d\u00e9put\u00e9s, en deuxi\u00e8me lecture ont pu s'exprimer \u00e0 l\u2019Assembl\u00e9e nationale, avec pour finalit\u00e9 le renforcement les contr\u00f4le d\u2019\u00e9missions polluantes des v\u00e9hicules pendant leur passage aux <span style=\"text-decoration: underline;\">contr\u00f4les techniques<\/span>.<\/p>\n<h2>Le contr\u00f4le anti pollution auraient pu \u00eatre plus contraignant<\/h2>\n<p>Les s\u00e9nateurs eux avaient \u00e9mis un avis pour un\u00a0contr\u00f4le anti pollution \u00e0 partir de la septi\u00e8me ann\u00e9e, les d\u00e9put\u00e9s ont \u00e9t\u00e9 plus durs en imposant de contr\u00f4ler tous les v\u00e9hicules l\u00e9gers \u00e0 partir de 5 ans seulement, pour les voitures diesels comme essence. On va donc v\u00e9rifier les taux de monoxyde de carbone CO, d\u2019hydrocarbures imbr\u00fbl\u00e9s HC, des oxydes d\u2019azote NOx, de CO2, d\u2019oxyg\u00e8ne et de particules.<\/p>\n","protected":false},"excerpt":{"rendered":"<p>Les d\u00e9put\u00e9s votent un renforcement de contr\u00f4le anti pollution d\u00e8s 5 ans Les d\u00e9put\u00e9s votent le renforcement du contr\u00f4le anti pollution des gaz d\u2019\u00e9chappement et des \u00e9missions polluantes pour les v\u00e9hicules l\u00e9gers \u00e0 partir de la 5e ann\u00e9e de la voiture. A titre d&rsquo;information c&rsquo;est d\u00e9j\u00e0 le cas pour les v\u00e9hicules utilitaires l\u00e9gers depuis 2000. &#8230; <a title=\"Contr\u00f4le anti pollution renforc\u00e9 d\u00e8s 5 ans\" class=\"read-more\" href=\"https:\/\/www.carideal.com\/blog\/2015\/04\/22\/les-deputes-votent-un-renforcement-des-controles-pollution-des-5-ans\/\" aria-label=\"En savoir plus sur Contr\u00f4le anti pollution renforc\u00e9 d\u00e8s 5 ans\">Lire plus<\/a><\/p>\n","protected":false},"author":3,"featured_media":0,"comment_status":"open","ping_status":"open","sticky":false,"template":"","format":"standard","meta":{"_uag_custom_page_level_css":"","_themeisle_gutenberg_block_has_review":false,"footnotes":""},"categories":[21,9,6,5962],"tags":[60,1203,698,548,4953],"class_list":["post-5768","post","type-post","status-publish","format-standard","hentry","category-actualites-auto","category-divers","category-ecologie","category-legislation","tag-co2","tag-controle-technique","tag-nox","tag-polluants","tag-pollution-de-lair"],"wppr_data":{"cwp_meta_box_check":"No"},"yoast_head":"<!-- This site is optimized with the Yoast SEO plugin v24.8.1 - https:\/\/yoast.com\/wordpress\/plugins\/seo\/ -->\n<title>Contr\u00f4le anti pollution renforc\u00e9 d\u00e8s 5 ans - Blog auto Carid\u00e9al<\/title>\n<meta name=\"description\" content=\"Les d\u00e9put\u00e9s votent le renforcement du contr\u00f4le anti pollution des gaz d\u2019\u00e9chappement et des \u00e9missions polluantes pour les v\u00e9hicules l\u00e9gers \u00e0 partir de 5 ans\" \/>\n<meta name=\"robots\" content=\"index, follow, max-snippet:-1, max-image-preview:large, max-video-preview:-1\" \/>\n<link rel=\"canonical\" href=\"https:\/\/www.carideal.com\/blog\/2015\/04\/22\/les-deputes-votent-un-renforcement-des-controles-pollution-des-5-ans\/\" \/>\n<meta property=\"og:locale\" content=\"fr_FR\" \/>\n<meta property=\"og:type\" content=\"article\" \/>\n<meta property=\"og:title\" content=\"Contr\u00f4le anti pollution renforc\u00e9 d\u00e8s 5 ans - Blog auto Carid\u00e9al\" \/>\n<meta property=\"og:description\" content=\"Les d\u00e9put\u00e9s votent le renforcement du contr\u00f4le anti pollution des gaz d\u2019\u00e9chappement et des \u00e9missions polluantes pour les v\u00e9hicules l\u00e9gers \u00e0 partir de 5 ans\" \/>\n<meta property=\"og:url\" content=\"https:\/\/www.carideal.com\/blog\/2015\/04\/22\/les-deputes-votent-un-renforcement-des-controles-pollution-des-5-ans\/\" \/>\n<meta property=\"og:site_name\" content=\"Blog auto Carid\u00e9al\" \/>\n<meta property=\"article:publisher\" content=\"https:\/\/www.facebook.com\/Carideal.mandataire.automobile\" \/>\n<meta property=\"article:author\" content=\"https:\/\/www.facebook.com\/nicolas.schiavon.39\" \/>\n<meta property=\"article:published_time\" content=\"2015-04-22T17:06:20+00:00\" \/>\n<meta property=\"article:modified_time\" content=\"2020-03-07T15:30:47+00:00\" \/>\n<meta property=\"og:image\" content=\"http:\/\/www.carideal.com\/blog\/wp-content\/uploads\/2015\/04\/filtre-a-particule-moteur-essence-carideal-mandataire-automobile-300x225.jpg\" \/>\n<meta name=\"author\" content=\"Nicolas SCHIAVON\" \/>\n<meta name=\"twitter:card\" content=\"summary_large_image\" \/>\n<meta name=\"twitter:creator\" content=\"@caridealauto\" \/>\n<meta name=\"twitter:site\" content=\"@caridealauto\" \/>\n<meta name=\"twitter:label1\" content=\"\u00c9crit par\" \/>\n\t<meta name=\"twitter:data1\" content=\"Nicolas SCHIAVON\" \/>\n\t<meta name=\"twitter:label2\" content=\"Dur\u00e9e de lecture estim\u00e9e\" \/>\n\t<meta name=\"twitter:data2\" content=\"1 minute\" \/>\n<script type=\"application\/ld+json\" class=\"yoast-schema-graph\">{\"@context\":\"https:\/\/schema.org\",\"@graph\":[{\"@type\":\"Article\",\"@id\":\"https:\/\/www.carideal.com\/blog\/2015\/04\/22\/les-deputes-votent-un-renforcement-des-controles-pollution-des-5-ans\/#article\",\"isPartOf\":{\"@id\":\"https:\/\/www.carideal.com\/blog\/2015\/04\/22\/les-deputes-votent-un-renforcement-des-controles-pollution-des-5-ans\/\"},\"author\":{\"name\":\"Nicolas SCHIAVON\",\"@id\":\"https:\/\/www.carideal.com\/blog\/#\/schema\/person\/cd95dc7919660de90d31b366f85be1ec\"},\"headline\":\"Contr\u00f4le anti pollution renforc\u00e9 d\u00e8s 5 ans\",\"datePublished\":\"2015-04-22T17:06:20+00:00\",\"dateModified\":\"2020-03-07T15:30:47+00:00\",\"mainEntityOfPage\":{\"@id\":\"https:\/\/www.carideal.com\/blog\/2015\/04\/22\/les-deputes-votent-un-renforcement-des-controles-pollution-des-5-ans\/\"},\"wordCount\":230,\"commentCount\":0,\"publisher\":{\"@id\":\"https:\/\/www.carideal.com\/blog\/#organization\"},\"image\":{\"@id\":\"https:\/\/www.carideal.com\/blog\/2015\/04\/22\/les-deputes-votent-un-renforcement-des-controles-pollution-des-5-ans\/#primaryimage\"},\"thumbnailUrl\":\"http:\/\/www.carideal.com\/blog\/wp-content\/uploads\/2015\/04\/filtre-a-particule-moteur-essence-carideal-mandataire-automobile-300x225.jpg\",\"keywords\":[\"CO2 \u00e9mission de CO2\",\"contr\u00f4le technique\",\"NOx\",\"polluants\",\"Pollution de l\u2019air\"],\"articleSection\":[\"Actualit\u00e9 automobile\",\"Divers\",\"Ecologie\",\"L\u00e9gislation Automobile\"],\"inLanguage\":\"fr-FR\",\"potentialAction\":[{\"@type\":\"CommentAction\",\"name\":\"Comment\",\"target\":[\"https:\/\/www.carideal.com\/blog\/2015\/04\/22\/les-deputes-votent-un-renforcement-des-controles-pollution-des-5-ans\/#respond\"]}]},{\"@type\":\"WebPage\",\"@id\":\"https:\/\/www.carideal.com\/blog\/2015\/04\/22\/les-deputes-votent-un-renforcement-des-controles-pollution-des-5-ans\/\",\"url\":\"https:\/\/www.carideal.com\/blog\/2015\/04\/22\/les-deputes-votent-un-renforcement-des-controles-pollution-des-5-ans\/\",\"name\":\"Contr\u00f4le anti pollution renforc\u00e9 d\u00e8s 5 ans - Blog auto Carid\u00e9al\",\"isPartOf\":{\"@id\":\"https:\/\/www.carideal.com\/blog\/#website\"},\"primaryImageOfPage\":{\"@id\":\"https:\/\/www.carideal.com\/blog\/2015\/04\/22\/les-deputes-votent-un-renforcement-des-controles-pollution-des-5-ans\/#primaryimage\"},\"image\":{\"@id\":\"https:\/\/www.carideal.com\/blog\/2015\/04\/22\/les-deputes-votent-un-renforcement-des-controles-pollution-des-5-ans\/#primaryimage\"},\"thumbnailUrl\":\"http:\/\/www.carideal.com\/blog\/wp-content\/uploads\/2015\/04\/filtre-a-particule-moteur-essence-carideal-mandataire-automobile-300x225.jpg\",\"datePublished\":\"2015-04-22T17:06:20+00:00\",\"dateModified\":\"2020-03-07T15:30:47+00:00\",\"description\":\"Les d\u00e9put\u00e9s votent le renforcement du contr\u00f4le anti pollution des gaz d\u2019\u00e9chappement et des \u00e9missions polluantes pour les v\u00e9hicules l\u00e9gers \u00e0 partir de 5 ans\",\"breadcrumb\":{\"@id\":\"https:\/\/www.carideal.com\/blog\/2015\/04\/22\/les-deputes-votent-un-renforcement-des-controles-pollution-des-5-ans\/#breadcrumb\"},\"inLanguage\":\"fr-FR\",\"potentialAction\":[{\"@type\":\"ReadAction\",\"target\":[\"https:\/\/www.carideal.com\/blog\/2015\/04\/22\/les-deputes-votent-un-renforcement-des-controles-pollution-des-5-ans\/\"]}]},{\"@type\":\"ImageObject\",\"inLanguage\":\"fr-FR\",\"@id\":\"https:\/\/www.carideal.com\/blog\/2015\/04\/22\/les-deputes-votent-un-renforcement-des-controles-pollution-des-5-ans\/#primaryimage\",\"url\":\"http:\/\/www.carideal.com\/blog\/wp-content\/uploads\/2015\/04\/filtre-a-particule-moteur-essence-carideal-mandataire-automobile-300x225.jpg\",\"contentUrl\":\"http:\/\/www.carideal.com\/blog\/wp-content\/uploads\/2015\/04\/filtre-a-particule-moteur-essence-carideal-mandataire-automobile-300x225.jpg\"},{\"@type\":\"BreadcrumbList\",\"@id\":\"https:\/\/www.carideal.com\/blog\/2015\/04\/22\/les-deputes-votent-un-renforcement-des-controles-pollution-des-5-ans\/#breadcrumb\",\"itemListElement\":[{\"@type\":\"ListItem\",\"position\":1,\"name\":\"Blog Carid\u00e9al\",\"item\":\"https:\/\/www.carideal.com\/blog\/\"},{\"@type\":\"ListItem\",\"position\":2,\"name\":\"Divers\",\"item\":\"https:\/\/www.carideal.com\/blog\/divers\/\"},{\"@type\":\"ListItem\",\"position\":3,\"name\":\"L\u00e9gislation Automobile\",\"item\":\"https:\/\/www.carideal.com\/blog\/divers\/legislation\/\"},{\"@type\":\"ListItem\",\"position\":4,\"name\":\"Contr\u00f4le anti pollution renforc\u00e9 d\u00e8s 5 ans\"}]},{\"@type\":\"WebSite\",\"@id\":\"https:\/\/www.carideal.com\/blog\/#website\",\"url\":\"https:\/\/www.carideal.com\/blog\/\",\"name\":\"Blog auto Carid\u00e9al\",\"description\":\"Actualit\u00e9 auto par des passionn\u00e9s\",\"publisher\":{\"@id\":\"https:\/\/www.carideal.com\/blog\/#organization\"},\"potentialAction\":[{\"@type\":\"SearchAction\",\"target\":{\"@type\":\"EntryPoint\",\"urlTemplate\":\"https:\/\/www.carideal.com\/blog\/?s={search_term_string}\"},\"query-input\":{\"@type\":\"PropertyValueSpecification\",\"valueRequired\":true,\"valueName\":\"search_term_string\"}}],\"inLanguage\":\"fr-FR\"},{\"@type\":\"Organization\",\"@id\":\"https:\/\/www.carideal.com\/blog\/#organization\",\"name\":\"Carideal\",\"url\":\"https:\/\/www.carideal.com\/blog\/\",\"logo\":{\"@type\":\"ImageObject\",\"inLanguage\":\"fr-FR\",\"@id\":\"https:\/\/www.carideal.com\/blog\/#\/schema\/logo\/image\/\",\"url\":\"http:\/\/www.carideal.com\/blog\/wp-content\/uploads\/2016\/03\/logo-carideal-mandataire-automobile.png\",\"contentUrl\":\"http:\/\/www.carideal.com\/blog\/wp-content\/uploads\/2016\/03\/logo-carideal-mandataire-automobile.png\",\"width\":300,\"height\":300,\"caption\":\"Carideal\"},\"image\":{\"@id\":\"https:\/\/www.carideal.com\/blog\/#\/schema\/logo\/image\/\"},\"sameAs\":[\"https:\/\/www.facebook.com\/Carideal.mandataire.automobile\",\"https:\/\/x.com\/caridealauto\",\"https:\/\/www.instagram.com\/carideal1\/\",\"https:\/\/www.linkedin.com\/company\/carideal.com\",\"https:\/\/fr.pinterest.com\/schiavonsas\/\",\"https:\/\/www.youtube.com\/user\/caridealsas\"]},{\"@type\":\"Person\",\"@id\":\"https:\/\/www.carideal.com\/blog\/#\/schema\/person\/cd95dc7919660de90d31b366f85be1ec\",\"name\":\"Nicolas SCHIAVON\",\"image\":{\"@type\":\"ImageObject\",\"inLanguage\":\"fr-FR\",\"@id\":\"https:\/\/www.carideal.com\/blog\/#\/schema\/person\/image\/\",\"url\":\"https:\/\/secure.gravatar.com\/avatar\/c17e55009e671d92cc7f5dc837dc418a?s=96&r=g\",\"contentUrl\":\"https:\/\/secure.gravatar.com\/avatar\/c17e55009e671d92cc7f5dc837dc418a?s=96&r=g\",\"caption\":\"Nicolas SCHIAVON\"},\"description\":\"Nicolas Schiavon est tomb\u00e9 tout petit dans la marmite automobile. Ayant eu un garage de marque automobile, mandataire automobile de la premi\u00e8re heure d\u00e8s 1999. Nicolas a cr\u00e9\u00e9 ces premiers sites de vente de voiture et blog automobile d\u00e8s 1994. Carideal est n\u00e9 le 15 d\u00e9cembre 2000 de la volont\u00e9 de vendre des voitures d'occasions en ligne puis des voitures neuves. Il a pu essayer beaucoup de voitures tr\u00e8s diff\u00e9rentes et ayant eu personnellement quelques belles autos, Subaru Impreza, Mitsubishi Lancer Evo 7, Porsche 911, Ferrari Testarrossa, Audi RS3, RS4 et j'en passe...\",\"sameAs\":[\"http:\/\/www.carideal.com\",\"https:\/\/www.facebook.com\/nicolas.schiavon.39\",\"https:\/\/www.instagram.com\/carideal1\/\",\"https:\/\/www.linkedin.com\/in\/nschiavon\/\",\"https:\/\/x.com\/caridealauto\",\"https:\/\/www.youtube.com\/user\/caridealsas\/\"],\"url\":\"https:\/\/www.carideal.com\/blog\/author\/nschiavon\/\"}]}<\/script>\n<!-- \/ Yoast SEO plugin. -->","yoast_head_json":{"title":"Contr\u00f4le anti pollution renforc\u00e9 d\u00e8s 5 ans - Blog auto Carid\u00e9al","description":"Les d\u00e9put\u00e9s votent le renforcement du contr\u00f4le anti pollution des gaz d\u2019\u00e9chappement et des \u00e9missions polluantes pour les v\u00e9hicules l\u00e9gers \u00e0 partir de 5 ans","robots":{"index":"index","follow":"follow","max-snippet":"max-snippet:-1","max-image-preview":"max-image-preview:large","max-video-preview":"max-video-preview:-1"},"canonical":"https:\/\/www.carideal.com\/blog\/2015\/04\/22\/les-deputes-votent-un-renforcement-des-controles-pollution-des-5-ans\/","og_locale":"fr_FR","og_type":"article","og_title":"Contr\u00f4le anti pollution renforc\u00e9 d\u00e8s 5 ans - Blog auto Carid\u00e9al","og_description":"Les d\u00e9put\u00e9s votent le renforcement du contr\u00f4le anti pollution des gaz d\u2019\u00e9chappement et des \u00e9missions polluantes pour les v\u00e9hicules l\u00e9gers \u00e0 partir de 5 ans","og_url":"https:\/\/www.carideal.com\/blog\/2015\/04\/22\/les-deputes-votent-un-renforcement-des-controles-pollution-des-5-ans\/","og_site_name":"Blog auto Carid\u00e9al","article_publisher":"https:\/\/www.facebook.com\/Carideal.mandataire.automobile","article_author":"https:\/\/www.facebook.com\/nicolas.schiavon.39","article_published_time":"2015-04-22T17:06:20+00:00","article_modified_time":"2020-03-07T15:30:47+00:00","og_image":[{"url":"http:\/\/www.carideal.com\/blog\/wp-content\/uploads\/2015\/04\/filtre-a-particule-moteur-essence-carideal-mandataire-automobile-300x225.jpg","type":"","width":"","height":""}],"author":"Nicolas SCHIAVON","twitter_card":"summary_large_image","twitter_creator":"@caridealauto","twitter_site":"@caridealauto","twitter_misc":{"\u00c9crit par":"Nicolas SCHIAVON","Dur\u00e9e de lecture estim\u00e9e":"1 minute"},"schema":{"@context":"https:\/\/schema.org","@graph":[{"@type":"Article","@id":"https:\/\/www.carideal.com\/blog\/2015\/04\/22\/les-deputes-votent-un-renforcement-des-controles-pollution-des-5-ans\/#article","isPartOf":{"@id":"https:\/\/www.carideal.com\/blog\/2015\/04\/22\/les-deputes-votent-un-renforcement-des-controles-pollution-des-5-ans\/"},"author":{"name":"Nicolas SCHIAVON","@id":"https:\/\/www.carideal.com\/blog\/#\/schema\/person\/cd95dc7919660de90d31b366f85be1ec"},"headline":"Contr\u00f4le anti pollution renforc\u00e9 d\u00e8s 5 ans","datePublished":"2015-04-22T17:06:20+00:00","dateModified":"2020-03-07T15:30:47+00:00","mainEntityOfPage":{"@id":"https:\/\/www.carideal.com\/blog\/2015\/04\/22\/les-deputes-votent-un-renforcement-des-controles-pollution-des-5-ans\/"},"wordCount":230,"commentCount":0,"publisher":{"@id":"https:\/\/www.carideal.com\/blog\/#organization"},"image":{"@id":"https:\/\/www.carideal.com\/blog\/2015\/04\/22\/les-deputes-votent-un-renforcement-des-controles-pollution-des-5-ans\/#primaryimage"},"thumbnailUrl":"http:\/\/www.carideal.com\/blog\/wp-content\/uploads\/2015\/04\/filtre-a-particule-moteur-essence-carideal-mandataire-automobile-300x225.jpg","keywords":["CO2 \u00e9mission de CO2","contr\u00f4le technique","NOx","polluants","Pollution de l\u2019air"],"articleSection":["Actualit\u00e9 automobile","Divers","Ecologie","L\u00e9gislation Automobile"],"inLanguage":"fr-FR","potentialAction":[{"@type":"CommentAction","name":"Comment","target":["https:\/\/www.carideal.com\/blog\/2015\/04\/22\/les-deputes-votent-un-renforcement-des-controles-pollution-des-5-ans\/#respond"]}]},{"@type":"WebPage","@id":"https:\/\/www.carideal.com\/blog\/2015\/04\/22\/les-deputes-votent-un-renforcement-des-controles-pollution-des-5-ans\/","url":"https:\/\/www.carideal.com\/blog\/2015\/04\/22\/les-deputes-votent-un-renforcement-des-controles-pollution-des-5-ans\/","name":"Contr\u00f4le anti pollution renforc\u00e9 d\u00e8s 5 ans - Blog auto Carid\u00e9al","isPartOf":{"@id":"https:\/\/www.carideal.com\/blog\/#website"},"primaryImageOfPage":{"@id":"https:\/\/www.carideal.com\/blog\/2015\/04\/22\/les-deputes-votent-un-renforcement-des-controles-pollution-des-5-ans\/#primaryimage"},"image":{"@id":"https:\/\/www.carideal.com\/blog\/2015\/04\/22\/les-deputes-votent-un-renforcement-des-controles-pollution-des-5-ans\/#primaryimage"},"thumbnailUrl":"http:\/\/www.carideal.com\/blog\/wp-content\/uploads\/2015\/04\/filtre-a-particule-moteur-essence-carideal-mandataire-automobile-300x225.jpg","datePublished":"2015-04-22T17:06:20+00:00","dateModified":"2020-03-07T15:30:47+00:00","description":"Les d\u00e9put\u00e9s votent le renforcement du contr\u00f4le anti pollution des gaz d\u2019\u00e9chappement et des \u00e9missions polluantes pour les v\u00e9hicules l\u00e9gers \u00e0 partir de 5 ans","breadcrumb":{"@id":"https:\/\/www.carideal.com\/blog\/2015\/04\/22\/les-deputes-votent-un-renforcement-des-controles-pollution-des-5-ans\/#breadcrumb"},"inLanguage":"fr-FR","potentialAction":[{"@type":"ReadAction","target":["https:\/\/www.carideal.com\/blog\/2015\/04\/22\/les-deputes-votent-un-renforcement-des-controles-pollution-des-5-ans\/"]}]},{"@type":"ImageObject","inLanguage":"fr-FR","@id":"https:\/\/www.carideal.com\/blog\/2015\/04\/22\/les-deputes-votent-un-renforcement-des-controles-pollution-des-5-ans\/#primaryimage","url":"http:\/\/www.carideal.com\/blog\/wp-content\/uploads\/2015\/04\/filtre-a-particule-moteur-essence-carideal-mandataire-automobile-300x225.jpg","contentUrl":"http:\/\/www.carideal.com\/blog\/wp-content\/uploads\/2015\/04\/filtre-a-particule-moteur-essence-carideal-mandataire-automobile-300x225.jpg"},{"@type":"BreadcrumbList","@id":"https:\/\/www.carideal.com\/blog\/2015\/04\/22\/les-deputes-votent-un-renforcement-des-controles-pollution-des-5-ans\/#breadcrumb","itemListElement":[{"@type":"ListItem","position":1,"name":"Blog Carid\u00e9al","item":"https:\/\/www.carideal.com\/blog\/"},{"@type":"ListItem","position":2,"name":"Divers","item":"https:\/\/www.carideal.com\/blog\/divers\/"},{"@type":"ListItem","position":3,"name":"L\u00e9gislation Automobile","item":"https:\/\/www.carideal.com\/blog\/divers\/legislation\/"},{"@type":"ListItem","position":4,"name":"Contr\u00f4le anti pollution renforc\u00e9 d\u00e8s 5 ans"}]},{"@type":"WebSite","@id":"https:\/\/www.carideal.com\/blog\/#website","url":"https:\/\/www.carideal.com\/blog\/","name":"Blog auto Carid\u00e9al","description":"Actualit\u00e9 auto par des passionn\u00e9s","publisher":{"@id":"https:\/\/www.carideal.com\/blog\/#organization"},"potentialAction":[{"@type":"SearchAction","target":{"@type":"EntryPoint","urlTemplate":"https:\/\/www.carideal.com\/blog\/?s={search_term_string}"},"query-input":{"@type":"PropertyValueSpecification","valueRequired":true,"valueName":"search_term_string"}}],"inLanguage":"fr-FR"},{"@type":"Organization","@id":"https:\/\/www.carideal.com\/blog\/#organization","name":"Carideal","url":"https:\/\/www.carideal.com\/blog\/","logo":{"@type":"ImageObject","inLanguage":"fr-FR","@id":"https:\/\/www.carideal.com\/blog\/#\/schema\/logo\/image\/","url":"http:\/\/www.carideal.com\/blog\/wp-content\/uploads\/2016\/03\/logo-carideal-mandataire-automobile.png","contentUrl":"http:\/\/www.carideal.com\/blog\/wp-content\/uploads\/2016\/03\/logo-carideal-mandataire-automobile.png","width":300,"height":300,"caption":"Carideal"},"image":{"@id":"https:\/\/www.carideal.com\/blog\/#\/schema\/logo\/image\/"},"sameAs":["https:\/\/www.facebook.com\/Carideal.mandataire.automobile","https:\/\/x.com\/caridealauto","https:\/\/www.instagram.com\/carideal1\/","https:\/\/www.linkedin.com\/company\/carideal.com","https:\/\/fr.pinterest.com\/schiavonsas\/","https:\/\/www.youtube.com\/user\/caridealsas"]},{"@type":"Person","@id":"https:\/\/www.carideal.com\/blog\/#\/schema\/person\/cd95dc7919660de90d31b366f85be1ec","name":"Nicolas SCHIAVON","image":{"@type":"ImageObject","inLanguage":"fr-FR","@id":"https:\/\/www.carideal.com\/blog\/#\/schema\/person\/image\/","url":"https:\/\/secure.gravatar.com\/avatar\/c17e55009e671d92cc7f5dc837dc418a?s=96&r=g","contentUrl":"https:\/\/secure.gravatar.com\/avatar\/c17e55009e671d92cc7f5dc837dc418a?s=96&r=g","caption":"Nicolas SCHIAVON"},"description":"Nicolas Schiavon est tomb\u00e9 tout petit dans la marmite automobile. Ayant eu un garage de marque automobile, mandataire automobile de la premi\u00e8re heure d\u00e8s 1999. Nicolas a cr\u00e9\u00e9 ces premiers sites de vente de voiture et blog automobile d\u00e8s 1994. Carideal est n\u00e9 le 15 d\u00e9cembre 2000 de la volont\u00e9 de vendre des voitures d'occasions en ligne puis des voitures neuves. Il a pu essayer beaucoup de voitures tr\u00e8s diff\u00e9rentes et ayant eu personnellement quelques belles autos, Subaru Impreza, Mitsubishi Lancer Evo 7, Porsche 911, Ferrari Testarrossa, Audi RS3, RS4 et j'en passe...","sameAs":["http:\/\/www.carideal.com","https:\/\/www.facebook.com\/nicolas.schiavon.39","https:\/\/www.instagram.com\/carideal1\/","https:\/\/www.linkedin.com\/in\/nschiavon\/","https:\/\/x.com\/caridealauto","https:\/\/www.youtube.com\/user\/caridealsas\/"],"url":"https:\/\/www.carideal.com\/blog\/author\/nschiavon\/"}]}},"uagb_featured_image_src":{"full":false,"thumbnail":false,"medium":false,"medium_large":false,"large":false,"1536x1536":false,"2048x2048":false,"wppr-widget":false},"uagb_author_info":{"display_name":"Nicolas SCHIAVON","author_link":"https:\/\/www.carideal.com\/blog\/author\/nschiavon\/"},"uagb_comment_info":0,"uagb_excerpt":"Les d\u00e9put\u00e9s votent un renforcement de contr\u00f4le anti pollution d\u00e8s 5 ans Les d\u00e9put\u00e9s votent le renforcement du contr\u00f4le anti pollution des gaz d\u2019\u00e9chappement et des \u00e9missions polluantes pour les v\u00e9hicules l\u00e9gers \u00e0 partir de la 5e ann\u00e9e de la voiture. A titre d'information c'est d\u00e9j\u00e0 le cas pour les v\u00e9hicules utilitaires l\u00e9gers depuis 2000.\u2026","_links":{"self":[{"href":"https:\/\/www.carideal.com\/blog\/wp-json\/wp\/v2\/posts\/5768"}],"collection":[{"href":"https:\/\/www.carideal.com\/blog\/wp-json\/wp\/v2\/posts"}],"about":[{"href":"https:\/\/www.carideal.com\/blog\/wp-json\/wp\/v2\/types\/post"}],"author":[{"embeddable":true,"href":"https:\/\/www.carideal.com\/blog\/wp-json\/wp\/v2\/users\/3"}],"replies":[{"embeddable":true,"href":"https:\/\/www.carideal.com\/blog\/wp-json\/wp\/v2\/comments?post=5768"}],"version-history":[{"count":0,"href":"https:\/\/www.carideal.com\/blog\/wp-json\/wp\/v2\/posts\/5768\/revisions"}],"wp:attachment":[{"href":"https:\/\/www.carideal.com\/blog\/wp-json\/wp\/v2\/media?parent=5768"}],"wp:term":[{"taxonomy":"category","embeddable":true,"href":"https:\/\/www.carideal.com\/blog\/wp-json\/wp\/v2\/categories?post=5768"},{"taxonomy":"post_tag","embeddable":true,"href":"https:\/\/www.carideal.com\/blog\/wp-json\/wp\/v2\/tags?post=5768"}],"curies":[{"name":"wp","href":"https:\/\/api.w.org\/{rel}","templated":true}]}}