{"id":5758,"date":"2015-04-08T09:22:49","date_gmt":"2015-04-08T07:22:49","guid":{"rendered":"http:\/\/www.carideal.com\/blog\/?p=5758"},"modified":"2020-03-08T07:35:36","modified_gmt":"2020-03-08T06:35:36","slug":"ferrari-488-gtb","status":"publish","type":"post","link":"https:\/\/www.carideal.com\/blog\/2015\/04\/08\/ferrari-488-gtb\/","title":{"rendered":"La nouvelle Ferrari 488 GTB"},"content":{"rendered":"<figure id=\"attachment_5759\" aria-describedby=\"caption-attachment-5759\" style=\"width: 290px\" class=\"wp-caption alignnone\"><a href=\"http:\/\/www.carideal.com\/blog\/wp-content\/uploads\/2015\/04\/ferrari-488-gtb-carideal-blog-automobile.jpg\"><img loading=\"lazy\" decoding=\"async\" class=\"wp-image-5759 size-medium\" title=\"Ferrari 488 GTB\" src=\"http:\/\/www.carideal.com\/blog\/wp-content\/uploads\/2015\/04\/ferrari-488-gtb-carideal-blog-automobile-300x168.jpg\" alt=\"Ferrari 488 GTB En Aout 2015 pour 230 000 \u20ac environ\" width=\"300\" height=\"168\" srcset=\"https:\/\/www.carideal.com\/blog\/wp-content\/uploads\/2015\/04\/ferrari-488-gtb-carideal-blog-automobile-300x168.jpg 300w, https:\/\/www.carideal.com\/blog\/wp-content\/uploads\/2015\/04\/ferrari-488-gtb-carideal-blog-automobile-624x350.jpg 624w, https:\/\/www.carideal.com\/blog\/wp-content\/uploads\/2015\/04\/ferrari-488-gtb-carideal-blog-automobile.jpg 770w\" sizes=\"(max-width: 300px) 100vw, 300px\" \/><\/a><figcaption id=\"caption-attachment-5759\" class=\"wp-caption-text\">Ferrari 488 GTB En Aout 2015 pour 230 000 \u20ac environ<\/figcaption><\/figure>\n<h1>La nouvelle Ferrari 488 GTB En Aout 2015 pour 230 000 \u20ac environ<\/h1>\n<p>Il aura fallu quarante ans pour que <span style=\"text-decoration: underline;\">Ferrari<\/span> renouvelle cette prestigieuse l'appellation Ferrari GTB.<br \/>\nLa Ferrari 488 GTB est con\u00e7u sur la base de la <span style=\"text-decoration: underline;\"><a href=\"http:\/\/www.carideal.com\/blog\/2013\/11\/28\/ferrari-f458-speciale\/\">Ferrari 458<\/a><\/span> avec des chiffres qi parlent par eux-m\u00eame : 100 ch de plus, 85 kg de moins, a\u00e9rodynamisme a \u00e9t\u00e9 repens\u00e9 et l'\u00e9lectronique encore pouss\u00e9. Ferrari y a adjoint des turbos... Le V8 4.5 \u00e0 aspiration naturelle est remplac\u00e9 par un V8 3.9 suraliment\u00e9 par deux turbos IHI. La puissance grimpe \u00e0 670 ch au lieu de 570. Le couple lui, fait un bon de 540 \u00e0 760 Nm. Le poids de la Ferrari 488 GTB est en baisse de 85 kg, les performances explosent ! La vitesse maxi du bolide d\u00e9passe 330 km\/h, et la 488 GTB abat le 0 \u00e0 100 km\/h en 3 secondes. A l'int\u00e9rieur de la Ferrari 488 GTB on retrouve les \u00e9l\u00e9ments de l'habitacle de la Ferrari 458 en s'\u00e9quipant d'un nouveau sys\u00adt\u00e8me multim\u00e9dia d'une clef mains libres. Un peu de modernit\u00e9 dans ce monde de brute ne fait pas de mal.<\/p>\n","protected":false},"excerpt":{"rendered":"<p>La nouvelle Ferrari 488 GTB En Aout 2015 pour 230 000 \u20ac environ Il aura fallu quarante ans pour que Ferrari renouvelle cette prestigieuse l&rsquo;appellation Ferrari GTB. La Ferrari 488 GTB est con\u00e7u sur la base de la Ferrari 458 avec des chiffres qi parlent par eux-m\u00eame : 100 ch de plus, 85 kg de &#8230; <a title=\"La nouvelle Ferrari 488 GTB\" class=\"read-more\" href=\"https:\/\/www.carideal.com\/blog\/2015\/04\/08\/ferrari-488-gtb\/\" aria-label=\"En savoir plus sur La nouvelle Ferrari 488 GTB\">Lire plus<\/a><\/p>\n","protected":false},"author":3,"featured_media":0,"comment_status":"open","ping_status":"open","sticky":false,"template":"","format":"standard","meta":{"_uag_custom_page_level_css":"","_themeisle_gutenberg_block_has_review":false,"footnotes":""},"categories":[21,5944,6032,6000,5974],"tags":[570],"class_list":["post-5758","post","type-post","status-publish","format-standard","hentry","category-actualites-auto","category-constructeur","category-ferrari","category-supercar","category-type-de-vehicule","tag-v8"],"wppr_data":[],"yoast_head":"<!-- This site is optimized with the Yoast SEO plugin v24.8.1 - https:\/\/yoast.com\/wordpress\/plugins\/seo\/ -->\n<title>La nouvelle Ferrari 488 GTB - Blog auto Carid\u00e9al<\/title>\n<meta name=\"description\" content=\"La nouvelle Ferrari 488 GTB sortira en Aout 2015 pour 230 000 \u20ac environ Il aura fallu quarante ans pour que Ferrari renouvelle cette appellation GTB\" \/>\n<meta name=\"robots\" content=\"index, follow, max-snippet:-1, max-image-preview:large, max-video-preview:-1\" \/>\n<link rel=\"canonical\" href=\"https:\/\/www.carideal.com\/blog\/2015\/04\/08\/ferrari-488-gtb\/\" \/>\n<meta property=\"og:locale\" content=\"fr_FR\" \/>\n<meta property=\"og:type\" content=\"article\" \/>\n<meta property=\"og:title\" content=\"La nouvelle Ferrari 488 GTB - Blog auto Carid\u00e9al\" \/>\n<meta property=\"og:description\" content=\"La nouvelle Ferrari 488 GTB sortira en Aout 2015 pour 230 000 \u20ac environ Il aura fallu quarante ans pour que Ferrari renouvelle cette appellation GTB\" \/>\n<meta property=\"og:url\" content=\"https:\/\/www.carideal.com\/blog\/2015\/04\/08\/ferrari-488-gtb\/\" \/>\n<meta property=\"og:site_name\" content=\"Blog auto Carid\u00e9al\" \/>\n<meta property=\"article:publisher\" content=\"https:\/\/www.facebook.com\/Carideal.mandataire.automobile\" \/>\n<meta property=\"article:author\" content=\"https:\/\/www.facebook.com\/nicolas.schiavon.39\" \/>\n<meta property=\"article:published_time\" content=\"2015-04-08T07:22:49+00:00\" \/>\n<meta property=\"article:modified_time\" content=\"2020-03-08T06:35:36+00:00\" \/>\n<meta property=\"og:image\" content=\"http:\/\/www.carideal.com\/blog\/wp-content\/uploads\/2015\/04\/ferrari-488-gtb-carideal-blog-automobile-300x168.jpg\" \/>\n<meta name=\"author\" content=\"Nicolas SCHIAVON\" \/>\n<meta name=\"twitter:card\" content=\"summary_large_image\" \/>\n<meta name=\"twitter:creator\" content=\"@caridealauto\" \/>\n<meta name=\"twitter:site\" content=\"@caridealauto\" \/>\n<meta name=\"twitter:label1\" content=\"\u00c9crit par\" \/>\n\t<meta name=\"twitter:data1\" content=\"Nicolas SCHIAVON\" \/>\n\t<meta name=\"twitter:label2\" content=\"Dur\u00e9e de lecture estim\u00e9e\" \/>\n\t<meta name=\"twitter:data2\" content=\"1 minute\" \/>\n<script type=\"application\/ld+json\" class=\"yoast-schema-graph\">{\"@context\":\"https:\/\/schema.org\",\"@graph\":[{\"@type\":\"Article\",\"@id\":\"https:\/\/www.carideal.com\/blog\/2015\/04\/08\/ferrari-488-gtb\/#article\",\"isPartOf\":{\"@id\":\"https:\/\/www.carideal.com\/blog\/2015\/04\/08\/ferrari-488-gtb\/\"},\"author\":{\"name\":\"Nicolas SCHIAVON\",\"@id\":\"https:\/\/www.carideal.com\/blog\/#\/schema\/person\/cd95dc7919660de90d31b366f85be1ec\"},\"headline\":\"La nouvelle Ferrari 488 GTB\",\"datePublished\":\"2015-04-08T07:22:49+00:00\",\"dateModified\":\"2020-03-08T06:35:36+00:00\",\"mainEntityOfPage\":{\"@id\":\"https:\/\/www.carideal.com\/blog\/2015\/04\/08\/ferrari-488-gtb\/\"},\"wordCount\":187,\"commentCount\":0,\"publisher\":{\"@id\":\"https:\/\/www.carideal.com\/blog\/#organization\"},\"image\":{\"@id\":\"https:\/\/www.carideal.com\/blog\/2015\/04\/08\/ferrari-488-gtb\/#primaryimage\"},\"thumbnailUrl\":\"http:\/\/www.carideal.com\/blog\/wp-content\/uploads\/2015\/04\/ferrari-488-gtb-carideal-blog-automobile-300x168.jpg\",\"keywords\":[\"Moteur V8\"],\"articleSection\":[\"Actualit\u00e9 automobile\",\"Actualit\u00e9 Constructeur automobile\",\"Actualit\u00e9 Ferrari\",\"Supercar\",\"Type de v\u00e9hicule\"],\"inLanguage\":\"fr-FR\",\"potentialAction\":[{\"@type\":\"CommentAction\",\"name\":\"Comment\",\"target\":[\"https:\/\/www.carideal.com\/blog\/2015\/04\/08\/ferrari-488-gtb\/#respond\"]}]},{\"@type\":\"WebPage\",\"@id\":\"https:\/\/www.carideal.com\/blog\/2015\/04\/08\/ferrari-488-gtb\/\",\"url\":\"https:\/\/www.carideal.com\/blog\/2015\/04\/08\/ferrari-488-gtb\/\",\"name\":\"La nouvelle Ferrari 488 GTB - Blog auto Carid\u00e9al\",\"isPartOf\":{\"@id\":\"https:\/\/www.carideal.com\/blog\/#website\"},\"primaryImageOfPage\":{\"@id\":\"https:\/\/www.carideal.com\/blog\/2015\/04\/08\/ferrari-488-gtb\/#primaryimage\"},\"image\":{\"@id\":\"https:\/\/www.carideal.com\/blog\/2015\/04\/08\/ferrari-488-gtb\/#primaryimage\"},\"thumbnailUrl\":\"http:\/\/www.carideal.com\/blog\/wp-content\/uploads\/2015\/04\/ferrari-488-gtb-carideal-blog-automobile-300x168.jpg\",\"datePublished\":\"2015-04-08T07:22:49+00:00\",\"dateModified\":\"2020-03-08T06:35:36+00:00\",\"description\":\"La nouvelle Ferrari 488 GTB sortira en Aout 2015 pour 230 000 \u20ac environ Il aura fallu quarante ans pour que Ferrari renouvelle cette appellation GTB\",\"breadcrumb\":{\"@id\":\"https:\/\/www.carideal.com\/blog\/2015\/04\/08\/ferrari-488-gtb\/#breadcrumb\"},\"inLanguage\":\"fr-FR\",\"potentialAction\":[{\"@type\":\"ReadAction\",\"target\":[\"https:\/\/www.carideal.com\/blog\/2015\/04\/08\/ferrari-488-gtb\/\"]}]},{\"@type\":\"ImageObject\",\"inLanguage\":\"fr-FR\",\"@id\":\"https:\/\/www.carideal.com\/blog\/2015\/04\/08\/ferrari-488-gtb\/#primaryimage\",\"url\":\"http:\/\/www.carideal.com\/blog\/wp-content\/uploads\/2015\/04\/ferrari-488-gtb-carideal-blog-automobile-300x168.jpg\",\"contentUrl\":\"http:\/\/www.carideal.com\/blog\/wp-content\/uploads\/2015\/04\/ferrari-488-gtb-carideal-blog-automobile-300x168.jpg\"},{\"@type\":\"BreadcrumbList\",\"@id\":\"https:\/\/www.carideal.com\/blog\/2015\/04\/08\/ferrari-488-gtb\/#breadcrumb\",\"itemListElement\":[{\"@type\":\"ListItem\",\"position\":1,\"name\":\"Blog Carid\u00e9al\",\"item\":\"https:\/\/www.carideal.com\/blog\/\"},{\"@type\":\"ListItem\",\"position\":2,\"name\":\"Actualit\u00e9 constructeur automobile\",\"item\":\"https:\/\/www.carideal.com\/blog\/constructeur\/\"},{\"@type\":\"ListItem\",\"position\":3,\"name\":\"Actualit\u00e9 Ferrari\",\"item\":\"https:\/\/www.carideal.com\/blog\/constructeur\/ferrari\/\"},{\"@type\":\"ListItem\",\"position\":4,\"name\":\"La nouvelle Ferrari 488 GTB\"}]},{\"@type\":\"WebSite\",\"@id\":\"https:\/\/www.carideal.com\/blog\/#website\",\"url\":\"https:\/\/www.carideal.com\/blog\/\",\"name\":\"Blog auto Carid\u00e9al\",\"description\":\"Actualit\u00e9 auto par des passionn\u00e9s\",\"publisher\":{\"@id\":\"https:\/\/www.carideal.com\/blog\/#organization\"},\"potentialAction\":[{\"@type\":\"SearchAction\",\"target\":{\"@type\":\"EntryPoint\",\"urlTemplate\":\"https:\/\/www.carideal.com\/blog\/?s={search_term_string}\"},\"query-input\":{\"@type\":\"PropertyValueSpecification\",\"valueRequired\":true,\"valueName\":\"search_term_string\"}}],\"inLanguage\":\"fr-FR\"},{\"@type\":\"Organization\",\"@id\":\"https:\/\/www.carideal.com\/blog\/#organization\",\"name\":\"Carideal\",\"url\":\"https:\/\/www.carideal.com\/blog\/\",\"logo\":{\"@type\":\"ImageObject\",\"inLanguage\":\"fr-FR\",\"@id\":\"https:\/\/www.carideal.com\/blog\/#\/schema\/logo\/image\/\",\"url\":\"http:\/\/www.carideal.com\/blog\/wp-content\/uploads\/2016\/03\/logo-carideal-mandataire-automobile.png\",\"contentUrl\":\"http:\/\/www.carideal.com\/blog\/wp-content\/uploads\/2016\/03\/logo-carideal-mandataire-automobile.png\",\"width\":300,\"height\":300,\"caption\":\"Carideal\"},\"image\":{\"@id\":\"https:\/\/www.carideal.com\/blog\/#\/schema\/logo\/image\/\"},\"sameAs\":[\"https:\/\/www.facebook.com\/Carideal.mandataire.automobile\",\"https:\/\/x.com\/caridealauto\",\"https:\/\/www.instagram.com\/carideal1\/\",\"https:\/\/www.linkedin.com\/company\/carideal.com\",\"https:\/\/fr.pinterest.com\/schiavonsas\/\",\"https:\/\/www.youtube.com\/user\/caridealsas\"]},{\"@type\":\"Person\",\"@id\":\"https:\/\/www.carideal.com\/blog\/#\/schema\/person\/cd95dc7919660de90d31b366f85be1ec\",\"name\":\"Nicolas SCHIAVON\",\"image\":{\"@type\":\"ImageObject\",\"inLanguage\":\"fr-FR\",\"@id\":\"https:\/\/www.carideal.com\/blog\/#\/schema\/person\/image\/\",\"url\":\"https:\/\/secure.gravatar.com\/avatar\/c17e55009e671d92cc7f5dc837dc418a?s=96&r=g\",\"contentUrl\":\"https:\/\/secure.gravatar.com\/avatar\/c17e55009e671d92cc7f5dc837dc418a?s=96&r=g\",\"caption\":\"Nicolas SCHIAVON\"},\"description\":\"Nicolas Schiavon est tomb\u00e9 tout petit dans la marmite automobile. Ayant eu un garage de marque automobile, mandataire automobile de la premi\u00e8re heure d\u00e8s 1999. Nicolas a cr\u00e9\u00e9 ces premiers sites de vente de voiture et blog automobile d\u00e8s 1994. Carideal est n\u00e9 le 15 d\u00e9cembre 2000 de la volont\u00e9 de vendre des voitures d'occasions en ligne puis des voitures neuves. Il a pu essayer beaucoup de voitures tr\u00e8s diff\u00e9rentes et ayant eu personnellement quelques belles autos, Subaru Impreza, Mitsubishi Lancer Evo 7, Porsche 911, Ferrari Testarrossa, Audi RS3, RS4 et j'en passe...\",\"sameAs\":[\"http:\/\/www.carideal.com\",\"https:\/\/www.facebook.com\/nicolas.schiavon.39\",\"https:\/\/www.instagram.com\/carideal1\/\",\"https:\/\/www.linkedin.com\/in\/nschiavon\/\",\"https:\/\/x.com\/caridealauto\",\"https:\/\/www.youtube.com\/user\/caridealsas\/\"],\"url\":\"https:\/\/www.carideal.com\/blog\/author\/nschiavon\/\"}]}<\/script>\n<!-- \/ Yoast SEO plugin. -->","yoast_head_json":{"title":"La nouvelle Ferrari 488 GTB - Blog auto Carid\u00e9al","description":"La nouvelle Ferrari 488 GTB sortira en Aout 2015 pour 230 000 \u20ac environ Il aura fallu quarante ans pour que Ferrari renouvelle cette appellation GTB","robots":{"index":"index","follow":"follow","max-snippet":"max-snippet:-1","max-image-preview":"max-image-preview:large","max-video-preview":"max-video-preview:-1"},"canonical":"https:\/\/www.carideal.com\/blog\/2015\/04\/08\/ferrari-488-gtb\/","og_locale":"fr_FR","og_type":"article","og_title":"La nouvelle Ferrari 488 GTB - Blog auto Carid\u00e9al","og_description":"La nouvelle Ferrari 488 GTB sortira en Aout 2015 pour 230 000 \u20ac environ Il aura fallu quarante ans pour que Ferrari renouvelle cette appellation GTB","og_url":"https:\/\/www.carideal.com\/blog\/2015\/04\/08\/ferrari-488-gtb\/","og_site_name":"Blog auto Carid\u00e9al","article_publisher":"https:\/\/www.facebook.com\/Carideal.mandataire.automobile","article_author":"https:\/\/www.facebook.com\/nicolas.schiavon.39","article_published_time":"2015-04-08T07:22:49+00:00","article_modified_time":"2020-03-08T06:35:36+00:00","og_image":[{"url":"http:\/\/www.carideal.com\/blog\/wp-content\/uploads\/2015\/04\/ferrari-488-gtb-carideal-blog-automobile-300x168.jpg","type":"","width":"","height":""}],"author":"Nicolas SCHIAVON","twitter_card":"summary_large_image","twitter_creator":"@caridealauto","twitter_site":"@caridealauto","twitter_misc":{"\u00c9crit par":"Nicolas SCHIAVON","Dur\u00e9e de lecture estim\u00e9e":"1 minute"},"schema":{"@context":"https:\/\/schema.org","@graph":[{"@type":"Article","@id":"https:\/\/www.carideal.com\/blog\/2015\/04\/08\/ferrari-488-gtb\/#article","isPartOf":{"@id":"https:\/\/www.carideal.com\/blog\/2015\/04\/08\/ferrari-488-gtb\/"},"author":{"name":"Nicolas SCHIAVON","@id":"https:\/\/www.carideal.com\/blog\/#\/schema\/person\/cd95dc7919660de90d31b366f85be1ec"},"headline":"La nouvelle Ferrari 488 GTB","datePublished":"2015-04-08T07:22:49+00:00","dateModified":"2020-03-08T06:35:36+00:00","mainEntityOfPage":{"@id":"https:\/\/www.carideal.com\/blog\/2015\/04\/08\/ferrari-488-gtb\/"},"wordCount":187,"commentCount":0,"publisher":{"@id":"https:\/\/www.carideal.com\/blog\/#organization"},"image":{"@id":"https:\/\/www.carideal.com\/blog\/2015\/04\/08\/ferrari-488-gtb\/#primaryimage"},"thumbnailUrl":"http:\/\/www.carideal.com\/blog\/wp-content\/uploads\/2015\/04\/ferrari-488-gtb-carideal-blog-automobile-300x168.jpg","keywords":["Moteur V8"],"articleSection":["Actualit\u00e9 automobile","Actualit\u00e9 Constructeur automobile","Actualit\u00e9 Ferrari","Supercar","Type de v\u00e9hicule"],"inLanguage":"fr-FR","potentialAction":[{"@type":"CommentAction","name":"Comment","target":["https:\/\/www.carideal.com\/blog\/2015\/04\/08\/ferrari-488-gtb\/#respond"]}]},{"@type":"WebPage","@id":"https:\/\/www.carideal.com\/blog\/2015\/04\/08\/ferrari-488-gtb\/","url":"https:\/\/www.carideal.com\/blog\/2015\/04\/08\/ferrari-488-gtb\/","name":"La nouvelle Ferrari 488 GTB - Blog auto Carid\u00e9al","isPartOf":{"@id":"https:\/\/www.carideal.com\/blog\/#website"},"primaryImageOfPage":{"@id":"https:\/\/www.carideal.com\/blog\/2015\/04\/08\/ferrari-488-gtb\/#primaryimage"},"image":{"@id":"https:\/\/www.carideal.com\/blog\/2015\/04\/08\/ferrari-488-gtb\/#primaryimage"},"thumbnailUrl":"http:\/\/www.carideal.com\/blog\/wp-content\/uploads\/2015\/04\/ferrari-488-gtb-carideal-blog-automobile-300x168.jpg","datePublished":"2015-04-08T07:22:49+00:00","dateModified":"2020-03-08T06:35:36+00:00","description":"La nouvelle Ferrari 488 GTB sortira en Aout 2015 pour 230 000 \u20ac environ Il aura fallu quarante ans pour que Ferrari renouvelle cette appellation GTB","breadcrumb":{"@id":"https:\/\/www.carideal.com\/blog\/2015\/04\/08\/ferrari-488-gtb\/#breadcrumb"},"inLanguage":"fr-FR","potentialAction":[{"@type":"ReadAction","target":["https:\/\/www.carideal.com\/blog\/2015\/04\/08\/ferrari-488-gtb\/"]}]},{"@type":"ImageObject","inLanguage":"fr-FR","@id":"https:\/\/www.carideal.com\/blog\/2015\/04\/08\/ferrari-488-gtb\/#primaryimage","url":"http:\/\/www.carideal.com\/blog\/wp-content\/uploads\/2015\/04\/ferrari-488-gtb-carideal-blog-automobile-300x168.jpg","contentUrl":"http:\/\/www.carideal.com\/blog\/wp-content\/uploads\/2015\/04\/ferrari-488-gtb-carideal-blog-automobile-300x168.jpg"},{"@type":"BreadcrumbList","@id":"https:\/\/www.carideal.com\/blog\/2015\/04\/08\/ferrari-488-gtb\/#breadcrumb","itemListElement":[{"@type":"ListItem","position":1,"name":"Blog Carid\u00e9al","item":"https:\/\/www.carideal.com\/blog\/"},{"@type":"ListItem","position":2,"name":"Actualit\u00e9 constructeur automobile","item":"https:\/\/www.carideal.com\/blog\/constructeur\/"},{"@type":"ListItem","position":3,"name":"Actualit\u00e9 Ferrari","item":"https:\/\/www.carideal.com\/blog\/constructeur\/ferrari\/"},{"@type":"ListItem","position":4,"name":"La nouvelle Ferrari 488 GTB"}]},{"@type":"WebSite","@id":"https:\/\/www.carideal.com\/blog\/#website","url":"https:\/\/www.carideal.com\/blog\/","name":"Blog auto Carid\u00e9al","description":"Actualit\u00e9 auto par des passionn\u00e9s","publisher":{"@id":"https:\/\/www.carideal.com\/blog\/#organization"},"potentialAction":[{"@type":"SearchAction","target":{"@type":"EntryPoint","urlTemplate":"https:\/\/www.carideal.com\/blog\/?s={search_term_string}"},"query-input":{"@type":"PropertyValueSpecification","valueRequired":true,"valueName":"search_term_string"}}],"inLanguage":"fr-FR"},{"@type":"Organization","@id":"https:\/\/www.carideal.com\/blog\/#organization","name":"Carideal","url":"https:\/\/www.carideal.com\/blog\/","logo":{"@type":"ImageObject","inLanguage":"fr-FR","@id":"https:\/\/www.carideal.com\/blog\/#\/schema\/logo\/image\/","url":"http:\/\/www.carideal.com\/blog\/wp-content\/uploads\/2016\/03\/logo-carideal-mandataire-automobile.png","contentUrl":"http:\/\/www.carideal.com\/blog\/wp-content\/uploads\/2016\/03\/logo-carideal-mandataire-automobile.png","width":300,"height":300,"caption":"Carideal"},"image":{"@id":"https:\/\/www.carideal.com\/blog\/#\/schema\/logo\/image\/"},"sameAs":["https:\/\/www.facebook.com\/Carideal.mandataire.automobile","https:\/\/x.com\/caridealauto","https:\/\/www.instagram.com\/carideal1\/","https:\/\/www.linkedin.com\/company\/carideal.com","https:\/\/fr.pinterest.com\/schiavonsas\/","https:\/\/www.youtube.com\/user\/caridealsas"]},{"@type":"Person","@id":"https:\/\/www.carideal.com\/blog\/#\/schema\/person\/cd95dc7919660de90d31b366f85be1ec","name":"Nicolas SCHIAVON","image":{"@type":"ImageObject","inLanguage":"fr-FR","@id":"https:\/\/www.carideal.com\/blog\/#\/schema\/person\/image\/","url":"https:\/\/secure.gravatar.com\/avatar\/c17e55009e671d92cc7f5dc837dc418a?s=96&r=g","contentUrl":"https:\/\/secure.gravatar.com\/avatar\/c17e55009e671d92cc7f5dc837dc418a?s=96&r=g","caption":"Nicolas SCHIAVON"},"description":"Nicolas Schiavon est tomb\u00e9 tout petit dans la marmite automobile. Ayant eu un garage de marque automobile, mandataire automobile de la premi\u00e8re heure d\u00e8s 1999. Nicolas a cr\u00e9\u00e9 ces premiers sites de vente de voiture et blog automobile d\u00e8s 1994. Carideal est n\u00e9 le 15 d\u00e9cembre 2000 de la volont\u00e9 de vendre des voitures d'occasions en ligne puis des voitures neuves. Il a pu essayer beaucoup de voitures tr\u00e8s diff\u00e9rentes et ayant eu personnellement quelques belles autos, Subaru Impreza, Mitsubishi Lancer Evo 7, Porsche 911, Ferrari Testarrossa, Audi RS3, RS4 et j'en passe...","sameAs":["http:\/\/www.carideal.com","https:\/\/www.facebook.com\/nicolas.schiavon.39","https:\/\/www.instagram.com\/carideal1\/","https:\/\/www.linkedin.com\/in\/nschiavon\/","https:\/\/x.com\/caridealauto","https:\/\/www.youtube.com\/user\/caridealsas\/"],"url":"https:\/\/www.carideal.com\/blog\/author\/nschiavon\/"}]}},"uagb_featured_image_src":{"full":false,"thumbnail":false,"medium":false,"medium_large":false,"large":false,"1536x1536":false,"2048x2048":false,"wppr-widget":false},"uagb_author_info":{"display_name":"Nicolas SCHIAVON","author_link":"https:\/\/www.carideal.com\/blog\/author\/nschiavon\/"},"uagb_comment_info":0,"uagb_excerpt":"La nouvelle Ferrari 488 GTB En Aout 2015 pour 230 000 \u20ac environ Il aura fallu quarante ans pour que Ferrari renouvelle cette prestigieuse l'appellation Ferrari GTB. La Ferrari 488 GTB est con\u00e7u sur la base de la Ferrari 458 avec des chiffres qi parlent par eux-m\u00eame : 100 ch de plus, 85 kg de\u2026","_links":{"self":[{"href":"https:\/\/www.carideal.com\/blog\/wp-json\/wp\/v2\/posts\/5758"}],"collection":[{"href":"https:\/\/www.carideal.com\/blog\/wp-json\/wp\/v2\/posts"}],"about":[{"href":"https:\/\/www.carideal.com\/blog\/wp-json\/wp\/v2\/types\/post"}],"author":[{"embeddable":true,"href":"https:\/\/www.carideal.com\/blog\/wp-json\/wp\/v2\/users\/3"}],"replies":[{"embeddable":true,"href":"https:\/\/www.carideal.com\/blog\/wp-json\/wp\/v2\/comments?post=5758"}],"version-history":[{"count":0,"href":"https:\/\/www.carideal.com\/blog\/wp-json\/wp\/v2\/posts\/5758\/revisions"}],"wp:attachment":[{"href":"https:\/\/www.carideal.com\/blog\/wp-json\/wp\/v2\/media?parent=5758"}],"wp:term":[{"taxonomy":"category","embeddable":true,"href":"https:\/\/www.carideal.com\/blog\/wp-json\/wp\/v2\/categories?post=5758"},{"taxonomy":"post_tag","embeddable":true,"href":"https:\/\/www.carideal.com\/blog\/wp-json\/wp\/v2\/tags?post=5758"}],"curies":[{"name":"wp","href":"https:\/\/api.w.org\/{rel}","templated":true}]}}