{"id":5752,"date":"2015-04-07T16:10:41","date_gmt":"2015-04-07T14:10:41","guid":{"rendered":"http:\/\/www.carideal.com\/blog\/?p=5752"},"modified":"2020-03-07T16:36:02","modified_gmt":"2020-03-07T15:36:02","slug":"nouvelle-audi-r8","status":"publish","type":"post","link":"https:\/\/www.carideal.com\/blog\/2015\/04\/07\/nouvelle-audi-r8\/","title":{"rendered":"Nouvelle Audi R8 2015"},"content":{"rendered":"<figure id=\"attachment_5753\" aria-describedby=\"caption-attachment-5753\" style=\"width: 290px\" class=\"wp-caption alignnone\"><a href=\"http:\/\/www.carideal.com\/blog\/wp-content\/uploads\/2015\/04\/Audi-R8-V10-carideal-blog-automobile.jpg\"><img loading=\"lazy\" decoding=\"async\" class=\"wp-image-5753 size-medium\" title=\"Nouvelle Audi R8\" src=\"http:\/\/www.carideal.com\/blog\/wp-content\/uploads\/2015\/04\/Audi-R8-V10-carideal-blog-automobile-300x199.jpg\" alt=\"La nouvelle Audi R8 V10 verra le jour en Aout 2015 \u00e0 partir de 165 000 \u20ac.\" width=\"300\" height=\"199\" srcset=\"https:\/\/www.carideal.com\/blog\/wp-content\/uploads\/2015\/04\/Audi-R8-V10-carideal-blog-automobile-300x199.jpg 300w, https:\/\/www.carideal.com\/blog\/wp-content\/uploads\/2015\/04\/Audi-R8-V10-carideal-blog-automobile.jpg 560w\" sizes=\"(max-width: 300px) 100vw, 300px\" \/><\/a><figcaption id=\"caption-attachment-5753\" class=\"wp-caption-text\">La nouvelle Audi R8 V10 verra le jour en Aout 2015 \u00e0 partir de 165 000 \u20ac.<\/figcaption><\/figure>\n<h1>Nouvelle Audi R8 2015<\/h1>\n<p>Plus l\u00e9g\u00e8re et plus puissante que sa devanci\u00e8re, la nouvelle Audi R8 propose une \u00e9volution douce de son style mais elle int\u00e8gre les nouveaux codes esth\u00e9tiques de la marque et une a\u00e9rodynamique plus soign\u00e9e. Sur le plan technologique, le coup\u00e9 Audi R8 dispose de phares laser et d'un poste d'instrumentation enti\u00e8rement num\u00e9rique comme dans l'<span style=\"text-decoration: underline;\"><a href=\"http:\/\/www.carideal.com\/blog\/2015\/11\/08\/la-nouvelle-audi-tt-au-top-de-la-technologie\/\">Audi TT<\/a><\/span>. Gr\u00e2ce \u00e0 l'emploi de ma\u00adt\u00e9riaux l\u00e9gers, comme l'aluminium et la fibre de carbone, la nouvelle Ausdi R8 2015 est plus l\u00e9g\u00e8re de 50 kg. <span style=\"text-decoration: underline;\">Audi<\/span> annonce un poids de 1 454 kg. La nouvelle Audi R8 2015 reste anim\u00e9e par le moteur V10 5.2 \u00e0 injection directe. Il d\u00e9veloppe 540 ch dans la version V10\u00a0et 610 ch dans la V10 Plus, ce qui en fait l'Audi la plus puissante de tous les temps, plus puissante que les <span style=\"text-decoration: underline;\"><a href=\"http:\/\/www.carideal.com\/blog\/2015\/10\/23\/audi-rs-6-rs-7-sportback-de-605-ch\/\">RS6 et RS7\u00a0Sportback de 605 ch<\/a><\/span>. Cette der\u00adni\u00e8re avale le 0 \u00e0 100 km\/h en seulement 3,2 s et peut atteindre une vitesse de pointe de 330 km\/h. La nouvelle\u00a0Audi R8 dispose en outre d'une nouvelle transmission int\u00e9grale quattro qui peut transf\u00e9rer 100 % du couple sur les deux essieux.<\/p>\n","protected":false},"excerpt":{"rendered":"<p>Nouvelle Audi R8 2015 Plus l\u00e9g\u00e8re et plus puissante que sa devanci\u00e8re, la nouvelle Audi R8 propose une \u00e9volution douce de son style mais elle int\u00e8gre les nouveaux codes esth\u00e9tiques de la marque et une a\u00e9rodynamique plus soign\u00e9e. Sur le plan technologique, le coup\u00e9 Audi R8 dispose de phares laser et d&rsquo;un poste d&rsquo;instrumentation enti\u00e8rement &#8230; <a title=\"Nouvelle Audi R8 2015\" class=\"read-more\" href=\"https:\/\/www.carideal.com\/blog\/2015\/04\/07\/nouvelle-audi-r8\/\" aria-label=\"En savoir plus sur Nouvelle Audi R8 2015\">Lire plus<\/a><\/p>\n","protected":false},"author":3,"featured_media":0,"comment_status":"open","ping_status":"open","sticky":false,"template":"","format":"standard","meta":{"_uag_custom_page_level_css":"","_themeisle_gutenberg_block_has_review":false,"footnotes":""},"categories":[5978,21,5944,5998,5974],"tags":[569,568],"class_list":["post-5752","post","type-post","status-publish","format-standard","hentry","category-audi","category-actualites-auto","category-constructeur","category-sportive","category-type-de-vehicule","tag-v10","tag-r8"],"wppr_data":[],"yoast_head":"<!-- This site is optimized with the Yoast SEO plugin v24.8.1 - https:\/\/yoast.com\/wordpress\/plugins\/seo\/ -->\n<title>Nouvelle Audi R8 2015 - Blog auto Carid\u00e9al<\/title>\n<meta name=\"description\" content=\"La nouvelle Audi R8 est plus l\u00e9g\u00e8re, plus puissante que sa devanci\u00e8re et\u00a0propose une \u00e9volution douce de son style avce les\u00a0nouveaux codes esth\u00e9tiques\" \/>\n<meta name=\"robots\" content=\"index, follow, max-snippet:-1, max-image-preview:large, max-video-preview:-1\" \/>\n<link rel=\"canonical\" href=\"https:\/\/www.carideal.com\/blog\/2015\/04\/07\/nouvelle-audi-r8\/\" \/>\n<meta property=\"og:locale\" content=\"fr_FR\" \/>\n<meta property=\"og:type\" content=\"article\" \/>\n<meta property=\"og:title\" content=\"Nouvelle Audi R8 2015 - Blog auto Carid\u00e9al\" \/>\n<meta property=\"og:description\" content=\"La nouvelle Audi R8 est plus l\u00e9g\u00e8re, plus puissante que sa devanci\u00e8re et\u00a0propose une \u00e9volution douce de son style avce les\u00a0nouveaux codes esth\u00e9tiques\" \/>\n<meta property=\"og:url\" content=\"https:\/\/www.carideal.com\/blog\/2015\/04\/07\/nouvelle-audi-r8\/\" \/>\n<meta property=\"og:site_name\" content=\"Blog auto Carid\u00e9al\" \/>\n<meta property=\"article:publisher\" content=\"https:\/\/www.facebook.com\/Carideal.mandataire.automobile\" \/>\n<meta property=\"article:author\" content=\"https:\/\/www.facebook.com\/nicolas.schiavon.39\" \/>\n<meta property=\"article:published_time\" content=\"2015-04-07T14:10:41+00:00\" \/>\n<meta property=\"article:modified_time\" content=\"2020-03-07T15:36:02+00:00\" \/>\n<meta property=\"og:image\" content=\"http:\/\/www.carideal.com\/blog\/wp-content\/uploads\/2015\/04\/Audi-R8-V10-carideal-blog-automobile-300x199.jpg\" \/>\n<meta name=\"author\" content=\"Nicolas SCHIAVON\" \/>\n<meta name=\"twitter:card\" content=\"summary_large_image\" \/>\n<meta name=\"twitter:creator\" content=\"@caridealauto\" \/>\n<meta name=\"twitter:site\" content=\"@caridealauto\" \/>\n<meta name=\"twitter:label1\" content=\"\u00c9crit par\" \/>\n\t<meta name=\"twitter:data1\" content=\"Nicolas SCHIAVON\" \/>\n\t<meta name=\"twitter:label2\" content=\"Dur\u00e9e de lecture estim\u00e9e\" \/>\n\t<meta name=\"twitter:data2\" content=\"1 minute\" \/>\n<script type=\"application\/ld+json\" class=\"yoast-schema-graph\">{\"@context\":\"https:\/\/schema.org\",\"@graph\":[{\"@type\":\"Article\",\"@id\":\"https:\/\/www.carideal.com\/blog\/2015\/04\/07\/nouvelle-audi-r8\/#article\",\"isPartOf\":{\"@id\":\"https:\/\/www.carideal.com\/blog\/2015\/04\/07\/nouvelle-audi-r8\/\"},\"author\":{\"name\":\"Nicolas SCHIAVON\",\"@id\":\"https:\/\/www.carideal.com\/blog\/#\/schema\/person\/cd95dc7919660de90d31b366f85be1ec\"},\"headline\":\"Nouvelle Audi R8 2015\",\"datePublished\":\"2015-04-07T14:10:41+00:00\",\"dateModified\":\"2020-03-07T15:36:02+00:00\",\"mainEntityOfPage\":{\"@id\":\"https:\/\/www.carideal.com\/blog\/2015\/04\/07\/nouvelle-audi-r8\/\"},\"wordCount\":217,\"commentCount\":0,\"publisher\":{\"@id\":\"https:\/\/www.carideal.com\/blog\/#organization\"},\"image\":{\"@id\":\"https:\/\/www.carideal.com\/blog\/2015\/04\/07\/nouvelle-audi-r8\/#primaryimage\"},\"thumbnailUrl\":\"http:\/\/www.carideal.com\/blog\/wp-content\/uploads\/2015\/04\/Audi-R8-V10-carideal-blog-automobile-300x199.jpg\",\"keywords\":[\"Moteur V10\",\"R8\"],\"articleSection\":[\"Actualit\u00e9 Audi\",\"Actualit\u00e9 automobile\",\"Actualit\u00e9 Constructeur automobile\",\"Sportive\",\"Type de v\u00e9hicule\"],\"inLanguage\":\"fr-FR\",\"potentialAction\":[{\"@type\":\"CommentAction\",\"name\":\"Comment\",\"target\":[\"https:\/\/www.carideal.com\/blog\/2015\/04\/07\/nouvelle-audi-r8\/#respond\"]}]},{\"@type\":\"WebPage\",\"@id\":\"https:\/\/www.carideal.com\/blog\/2015\/04\/07\/nouvelle-audi-r8\/\",\"url\":\"https:\/\/www.carideal.com\/blog\/2015\/04\/07\/nouvelle-audi-r8\/\",\"name\":\"Nouvelle Audi R8 2015 - Blog auto Carid\u00e9al\",\"isPartOf\":{\"@id\":\"https:\/\/www.carideal.com\/blog\/#website\"},\"primaryImageOfPage\":{\"@id\":\"https:\/\/www.carideal.com\/blog\/2015\/04\/07\/nouvelle-audi-r8\/#primaryimage\"},\"image\":{\"@id\":\"https:\/\/www.carideal.com\/blog\/2015\/04\/07\/nouvelle-audi-r8\/#primaryimage\"},\"thumbnailUrl\":\"http:\/\/www.carideal.com\/blog\/wp-content\/uploads\/2015\/04\/Audi-R8-V10-carideal-blog-automobile-300x199.jpg\",\"datePublished\":\"2015-04-07T14:10:41+00:00\",\"dateModified\":\"2020-03-07T15:36:02+00:00\",\"description\":\"La nouvelle Audi R8 est plus l\u00e9g\u00e8re, plus puissante que sa devanci\u00e8re et\u00a0propose une \u00e9volution douce de son style avce les\u00a0nouveaux codes esth\u00e9tiques\",\"breadcrumb\":{\"@id\":\"https:\/\/www.carideal.com\/blog\/2015\/04\/07\/nouvelle-audi-r8\/#breadcrumb\"},\"inLanguage\":\"fr-FR\",\"potentialAction\":[{\"@type\":\"ReadAction\",\"target\":[\"https:\/\/www.carideal.com\/blog\/2015\/04\/07\/nouvelle-audi-r8\/\"]}]},{\"@type\":\"ImageObject\",\"inLanguage\":\"fr-FR\",\"@id\":\"https:\/\/www.carideal.com\/blog\/2015\/04\/07\/nouvelle-audi-r8\/#primaryimage\",\"url\":\"http:\/\/www.carideal.com\/blog\/wp-content\/uploads\/2015\/04\/Audi-R8-V10-carideal-blog-automobile-300x199.jpg\",\"contentUrl\":\"http:\/\/www.carideal.com\/blog\/wp-content\/uploads\/2015\/04\/Audi-R8-V10-carideal-blog-automobile-300x199.jpg\"},{\"@type\":\"BreadcrumbList\",\"@id\":\"https:\/\/www.carideal.com\/blog\/2015\/04\/07\/nouvelle-audi-r8\/#breadcrumb\",\"itemListElement\":[{\"@type\":\"ListItem\",\"position\":1,\"name\":\"Blog Carid\u00e9al\",\"item\":\"https:\/\/www.carideal.com\/blog\/\"},{\"@type\":\"ListItem\",\"position\":2,\"name\":\"Actualit\u00e9 constructeur automobile\",\"item\":\"https:\/\/www.carideal.com\/blog\/constructeur\/\"},{\"@type\":\"ListItem\",\"position\":3,\"name\":\"Actualit\u00e9 Audi\",\"item\":\"https:\/\/www.carideal.com\/blog\/constructeur\/audi\/\"},{\"@type\":\"ListItem\",\"position\":4,\"name\":\"Nouvelle Audi R8 2015\"}]},{\"@type\":\"WebSite\",\"@id\":\"https:\/\/www.carideal.com\/blog\/#website\",\"url\":\"https:\/\/www.carideal.com\/blog\/\",\"name\":\"Blog auto Carid\u00e9al\",\"description\":\"Actualit\u00e9 auto par des passionn\u00e9s\",\"publisher\":{\"@id\":\"https:\/\/www.carideal.com\/blog\/#organization\"},\"potentialAction\":[{\"@type\":\"SearchAction\",\"target\":{\"@type\":\"EntryPoint\",\"urlTemplate\":\"https:\/\/www.carideal.com\/blog\/?s={search_term_string}\"},\"query-input\":{\"@type\":\"PropertyValueSpecification\",\"valueRequired\":true,\"valueName\":\"search_term_string\"}}],\"inLanguage\":\"fr-FR\"},{\"@type\":\"Organization\",\"@id\":\"https:\/\/www.carideal.com\/blog\/#organization\",\"name\":\"Carideal\",\"url\":\"https:\/\/www.carideal.com\/blog\/\",\"logo\":{\"@type\":\"ImageObject\",\"inLanguage\":\"fr-FR\",\"@id\":\"https:\/\/www.carideal.com\/blog\/#\/schema\/logo\/image\/\",\"url\":\"http:\/\/www.carideal.com\/blog\/wp-content\/uploads\/2016\/03\/logo-carideal-mandataire-automobile.png\",\"contentUrl\":\"http:\/\/www.carideal.com\/blog\/wp-content\/uploads\/2016\/03\/logo-carideal-mandataire-automobile.png\",\"width\":300,\"height\":300,\"caption\":\"Carideal\"},\"image\":{\"@id\":\"https:\/\/www.carideal.com\/blog\/#\/schema\/logo\/image\/\"},\"sameAs\":[\"https:\/\/www.facebook.com\/Carideal.mandataire.automobile\",\"https:\/\/x.com\/caridealauto\",\"https:\/\/www.instagram.com\/carideal1\/\",\"https:\/\/www.linkedin.com\/company\/carideal.com\",\"https:\/\/fr.pinterest.com\/schiavonsas\/\",\"https:\/\/www.youtube.com\/user\/caridealsas\"]},{\"@type\":\"Person\",\"@id\":\"https:\/\/www.carideal.com\/blog\/#\/schema\/person\/cd95dc7919660de90d31b366f85be1ec\",\"name\":\"Nicolas SCHIAVON\",\"image\":{\"@type\":\"ImageObject\",\"inLanguage\":\"fr-FR\",\"@id\":\"https:\/\/www.carideal.com\/blog\/#\/schema\/person\/image\/\",\"url\":\"https:\/\/secure.gravatar.com\/avatar\/c17e55009e671d92cc7f5dc837dc418a?s=96&r=g\",\"contentUrl\":\"https:\/\/secure.gravatar.com\/avatar\/c17e55009e671d92cc7f5dc837dc418a?s=96&r=g\",\"caption\":\"Nicolas SCHIAVON\"},\"description\":\"Nicolas Schiavon est tomb\u00e9 tout petit dans la marmite automobile. Ayant eu un garage de marque automobile, mandataire automobile de la premi\u00e8re heure d\u00e8s 1999. Nicolas a cr\u00e9\u00e9 ces premiers sites de vente de voiture et blog automobile d\u00e8s 1994. Carideal est n\u00e9 le 15 d\u00e9cembre 2000 de la volont\u00e9 de vendre des voitures d'occasions en ligne puis des voitures neuves. Il a pu essayer beaucoup de voitures tr\u00e8s diff\u00e9rentes et ayant eu personnellement quelques belles autos, Subaru Impreza, Mitsubishi Lancer Evo 7, Porsche 911, Ferrari Testarrossa, Audi RS3, RS4 et j'en passe...\",\"sameAs\":[\"http:\/\/www.carideal.com\",\"https:\/\/www.facebook.com\/nicolas.schiavon.39\",\"https:\/\/www.instagram.com\/carideal1\/\",\"https:\/\/www.linkedin.com\/in\/nschiavon\/\",\"https:\/\/x.com\/caridealauto\",\"https:\/\/www.youtube.com\/user\/caridealsas\/\"],\"url\":\"https:\/\/www.carideal.com\/blog\/author\/nschiavon\/\"}]}<\/script>\n<!-- \/ Yoast SEO plugin. -->","yoast_head_json":{"title":"Nouvelle Audi R8 2015 - Blog auto Carid\u00e9al","description":"La nouvelle Audi R8 est plus l\u00e9g\u00e8re, plus puissante que sa devanci\u00e8re et\u00a0propose une \u00e9volution douce de son style avce les\u00a0nouveaux codes esth\u00e9tiques","robots":{"index":"index","follow":"follow","max-snippet":"max-snippet:-1","max-image-preview":"max-image-preview:large","max-video-preview":"max-video-preview:-1"},"canonical":"https:\/\/www.carideal.com\/blog\/2015\/04\/07\/nouvelle-audi-r8\/","og_locale":"fr_FR","og_type":"article","og_title":"Nouvelle Audi R8 2015 - Blog auto Carid\u00e9al","og_description":"La nouvelle Audi R8 est plus l\u00e9g\u00e8re, plus puissante que sa devanci\u00e8re et\u00a0propose une \u00e9volution douce de son style avce les\u00a0nouveaux codes esth\u00e9tiques","og_url":"https:\/\/www.carideal.com\/blog\/2015\/04\/07\/nouvelle-audi-r8\/","og_site_name":"Blog auto Carid\u00e9al","article_publisher":"https:\/\/www.facebook.com\/Carideal.mandataire.automobile","article_author":"https:\/\/www.facebook.com\/nicolas.schiavon.39","article_published_time":"2015-04-07T14:10:41+00:00","article_modified_time":"2020-03-07T15:36:02+00:00","og_image":[{"url":"http:\/\/www.carideal.com\/blog\/wp-content\/uploads\/2015\/04\/Audi-R8-V10-carideal-blog-automobile-300x199.jpg","type":"","width":"","height":""}],"author":"Nicolas SCHIAVON","twitter_card":"summary_large_image","twitter_creator":"@caridealauto","twitter_site":"@caridealauto","twitter_misc":{"\u00c9crit par":"Nicolas SCHIAVON","Dur\u00e9e de lecture estim\u00e9e":"1 minute"},"schema":{"@context":"https:\/\/schema.org","@graph":[{"@type":"Article","@id":"https:\/\/www.carideal.com\/blog\/2015\/04\/07\/nouvelle-audi-r8\/#article","isPartOf":{"@id":"https:\/\/www.carideal.com\/blog\/2015\/04\/07\/nouvelle-audi-r8\/"},"author":{"name":"Nicolas SCHIAVON","@id":"https:\/\/www.carideal.com\/blog\/#\/schema\/person\/cd95dc7919660de90d31b366f85be1ec"},"headline":"Nouvelle Audi R8 2015","datePublished":"2015-04-07T14:10:41+00:00","dateModified":"2020-03-07T15:36:02+00:00","mainEntityOfPage":{"@id":"https:\/\/www.carideal.com\/blog\/2015\/04\/07\/nouvelle-audi-r8\/"},"wordCount":217,"commentCount":0,"publisher":{"@id":"https:\/\/www.carideal.com\/blog\/#organization"},"image":{"@id":"https:\/\/www.carideal.com\/blog\/2015\/04\/07\/nouvelle-audi-r8\/#primaryimage"},"thumbnailUrl":"http:\/\/www.carideal.com\/blog\/wp-content\/uploads\/2015\/04\/Audi-R8-V10-carideal-blog-automobile-300x199.jpg","keywords":["Moteur V10","R8"],"articleSection":["Actualit\u00e9 Audi","Actualit\u00e9 automobile","Actualit\u00e9 Constructeur automobile","Sportive","Type de v\u00e9hicule"],"inLanguage":"fr-FR","potentialAction":[{"@type":"CommentAction","name":"Comment","target":["https:\/\/www.carideal.com\/blog\/2015\/04\/07\/nouvelle-audi-r8\/#respond"]}]},{"@type":"WebPage","@id":"https:\/\/www.carideal.com\/blog\/2015\/04\/07\/nouvelle-audi-r8\/","url":"https:\/\/www.carideal.com\/blog\/2015\/04\/07\/nouvelle-audi-r8\/","name":"Nouvelle Audi R8 2015 - Blog auto Carid\u00e9al","isPartOf":{"@id":"https:\/\/www.carideal.com\/blog\/#website"},"primaryImageOfPage":{"@id":"https:\/\/www.carideal.com\/blog\/2015\/04\/07\/nouvelle-audi-r8\/#primaryimage"},"image":{"@id":"https:\/\/www.carideal.com\/blog\/2015\/04\/07\/nouvelle-audi-r8\/#primaryimage"},"thumbnailUrl":"http:\/\/www.carideal.com\/blog\/wp-content\/uploads\/2015\/04\/Audi-R8-V10-carideal-blog-automobile-300x199.jpg","datePublished":"2015-04-07T14:10:41+00:00","dateModified":"2020-03-07T15:36:02+00:00","description":"La nouvelle Audi R8 est plus l\u00e9g\u00e8re, plus puissante que sa devanci\u00e8re et\u00a0propose une \u00e9volution douce de son style avce les\u00a0nouveaux codes esth\u00e9tiques","breadcrumb":{"@id":"https:\/\/www.carideal.com\/blog\/2015\/04\/07\/nouvelle-audi-r8\/#breadcrumb"},"inLanguage":"fr-FR","potentialAction":[{"@type":"ReadAction","target":["https:\/\/www.carideal.com\/blog\/2015\/04\/07\/nouvelle-audi-r8\/"]}]},{"@type":"ImageObject","inLanguage":"fr-FR","@id":"https:\/\/www.carideal.com\/blog\/2015\/04\/07\/nouvelle-audi-r8\/#primaryimage","url":"http:\/\/www.carideal.com\/blog\/wp-content\/uploads\/2015\/04\/Audi-R8-V10-carideal-blog-automobile-300x199.jpg","contentUrl":"http:\/\/www.carideal.com\/blog\/wp-content\/uploads\/2015\/04\/Audi-R8-V10-carideal-blog-automobile-300x199.jpg"},{"@type":"BreadcrumbList","@id":"https:\/\/www.carideal.com\/blog\/2015\/04\/07\/nouvelle-audi-r8\/#breadcrumb","itemListElement":[{"@type":"ListItem","position":1,"name":"Blog Carid\u00e9al","item":"https:\/\/www.carideal.com\/blog\/"},{"@type":"ListItem","position":2,"name":"Actualit\u00e9 constructeur automobile","item":"https:\/\/www.carideal.com\/blog\/constructeur\/"},{"@type":"ListItem","position":3,"name":"Actualit\u00e9 Audi","item":"https:\/\/www.carideal.com\/blog\/constructeur\/audi\/"},{"@type":"ListItem","position":4,"name":"Nouvelle Audi R8 2015"}]},{"@type":"WebSite","@id":"https:\/\/www.carideal.com\/blog\/#website","url":"https:\/\/www.carideal.com\/blog\/","name":"Blog auto Carid\u00e9al","description":"Actualit\u00e9 auto par des passionn\u00e9s","publisher":{"@id":"https:\/\/www.carideal.com\/blog\/#organization"},"potentialAction":[{"@type":"SearchAction","target":{"@type":"EntryPoint","urlTemplate":"https:\/\/www.carideal.com\/blog\/?s={search_term_string}"},"query-input":{"@type":"PropertyValueSpecification","valueRequired":true,"valueName":"search_term_string"}}],"inLanguage":"fr-FR"},{"@type":"Organization","@id":"https:\/\/www.carideal.com\/blog\/#organization","name":"Carideal","url":"https:\/\/www.carideal.com\/blog\/","logo":{"@type":"ImageObject","inLanguage":"fr-FR","@id":"https:\/\/www.carideal.com\/blog\/#\/schema\/logo\/image\/","url":"http:\/\/www.carideal.com\/blog\/wp-content\/uploads\/2016\/03\/logo-carideal-mandataire-automobile.png","contentUrl":"http:\/\/www.carideal.com\/blog\/wp-content\/uploads\/2016\/03\/logo-carideal-mandataire-automobile.png","width":300,"height":300,"caption":"Carideal"},"image":{"@id":"https:\/\/www.carideal.com\/blog\/#\/schema\/logo\/image\/"},"sameAs":["https:\/\/www.facebook.com\/Carideal.mandataire.automobile","https:\/\/x.com\/caridealauto","https:\/\/www.instagram.com\/carideal1\/","https:\/\/www.linkedin.com\/company\/carideal.com","https:\/\/fr.pinterest.com\/schiavonsas\/","https:\/\/www.youtube.com\/user\/caridealsas"]},{"@type":"Person","@id":"https:\/\/www.carideal.com\/blog\/#\/schema\/person\/cd95dc7919660de90d31b366f85be1ec","name":"Nicolas SCHIAVON","image":{"@type":"ImageObject","inLanguage":"fr-FR","@id":"https:\/\/www.carideal.com\/blog\/#\/schema\/person\/image\/","url":"https:\/\/secure.gravatar.com\/avatar\/c17e55009e671d92cc7f5dc837dc418a?s=96&r=g","contentUrl":"https:\/\/secure.gravatar.com\/avatar\/c17e55009e671d92cc7f5dc837dc418a?s=96&r=g","caption":"Nicolas SCHIAVON"},"description":"Nicolas Schiavon est tomb\u00e9 tout petit dans la marmite automobile. Ayant eu un garage de marque automobile, mandataire automobile de la premi\u00e8re heure d\u00e8s 1999. Nicolas a cr\u00e9\u00e9 ces premiers sites de vente de voiture et blog automobile d\u00e8s 1994. Carideal est n\u00e9 le 15 d\u00e9cembre 2000 de la volont\u00e9 de vendre des voitures d'occasions en ligne puis des voitures neuves. Il a pu essayer beaucoup de voitures tr\u00e8s diff\u00e9rentes et ayant eu personnellement quelques belles autos, Subaru Impreza, Mitsubishi Lancer Evo 7, Porsche 911, Ferrari Testarrossa, Audi RS3, RS4 et j'en passe...","sameAs":["http:\/\/www.carideal.com","https:\/\/www.facebook.com\/nicolas.schiavon.39","https:\/\/www.instagram.com\/carideal1\/","https:\/\/www.linkedin.com\/in\/nschiavon\/","https:\/\/x.com\/caridealauto","https:\/\/www.youtube.com\/user\/caridealsas\/"],"url":"https:\/\/www.carideal.com\/blog\/author\/nschiavon\/"}]}},"uagb_featured_image_src":{"full":false,"thumbnail":false,"medium":false,"medium_large":false,"large":false,"1536x1536":false,"2048x2048":false,"wppr-widget":false},"uagb_author_info":{"display_name":"Nicolas SCHIAVON","author_link":"https:\/\/www.carideal.com\/blog\/author\/nschiavon\/"},"uagb_comment_info":0,"uagb_excerpt":"Nouvelle Audi R8 2015 Plus l\u00e9g\u00e8re et plus puissante que sa devanci\u00e8re, la nouvelle Audi R8 propose une \u00e9volution douce de son style mais elle int\u00e8gre les nouveaux codes esth\u00e9tiques de la marque et une a\u00e9rodynamique plus soign\u00e9e. Sur le plan technologique, le coup\u00e9 Audi R8 dispose de phares laser et d'un poste d'instrumentation enti\u00e8rement\u2026","_links":{"self":[{"href":"https:\/\/www.carideal.com\/blog\/wp-json\/wp\/v2\/posts\/5752"}],"collection":[{"href":"https:\/\/www.carideal.com\/blog\/wp-json\/wp\/v2\/posts"}],"about":[{"href":"https:\/\/www.carideal.com\/blog\/wp-json\/wp\/v2\/types\/post"}],"author":[{"embeddable":true,"href":"https:\/\/www.carideal.com\/blog\/wp-json\/wp\/v2\/users\/3"}],"replies":[{"embeddable":true,"href":"https:\/\/www.carideal.com\/blog\/wp-json\/wp\/v2\/comments?post=5752"}],"version-history":[{"count":0,"href":"https:\/\/www.carideal.com\/blog\/wp-json\/wp\/v2\/posts\/5752\/revisions"}],"wp:attachment":[{"href":"https:\/\/www.carideal.com\/blog\/wp-json\/wp\/v2\/media?parent=5752"}],"wp:term":[{"taxonomy":"category","embeddable":true,"href":"https:\/\/www.carideal.com\/blog\/wp-json\/wp\/v2\/categories?post=5752"},{"taxonomy":"post_tag","embeddable":true,"href":"https:\/\/www.carideal.com\/blog\/wp-json\/wp\/v2\/tags?post=5752"}],"curies":[{"name":"wp","href":"https:\/\/api.w.org\/{rel}","templated":true}]}}