{"id":575,"date":"2013-03-15T12:40:00","date_gmt":"2013-03-15T12:40:00","guid":{"rendered":"http:\/\/carideal.com\/blog\/?p=575"},"modified":"2020-03-07T16:49:16","modified_gmt":"2020-03-07T15:49:16","slug":"peugeot-2008","status":"publish","type":"post","link":"https:\/\/www.carideal.com\/blog\/2013\/03\/15\/peugeot-2008\/","title":{"rendered":"Le SUV Peugeot 2008 arrive"},"content":{"rendered":"<figure style=\"width: 438px\" class=\"wp-caption alignnone\"><img loading=\"lazy\" decoding=\"async\" title=\"La commercialisation du nouveau SUV Urbain Peugeot 2008 est avanc\u00e9e, mar. 2013\" src=\"\/blog\/public\/.peugeot-2008_m.jpg\" alt=\"La commercialisation du nouveau SUV Urbain Peugeot 2008 est avanc\u00e9e\" width=\"448\" height=\"315\" \/><figcaption class=\"wp-caption-text\">La commercialisation du nouveau SUV Urbain Peugeot 2008 est avanc\u00e9e<\/figcaption><\/figure>\n<h1>Le nouveau SUV urbain Peugeot 2008 arrive<\/h1>\n<p>Peugeot 2008 : Au revoir le SW, bonjour le SUV urbain, Peugeot op\u00e8re une coupe franche dans la gamme de sa 208 et l'\u00e9ffacement du break co\u00efncide avec celle du coup\u00e9 cabriolet. Repr\u00e9sentant \u00e0 peine 39 000 ventes en 2011 (soit une chute de plus de 26 % par rapport \u00e0 2010) le march\u00e9 du petit break est assez limit\u00e9 en France. Renault persiste pourtant en y proposant nouvelle en Clio en Estate et Skoda en y maintenant la version Combi sur sa troisi\u00e8me g\u00e9n\u00e9ration de Fabia, pour laisser place \u00e0 une Mini 5 portes.Au contraire de la morosit\u00e9 qui r\u00e8gne sur ce segment des petits breaks, celui des SUV est en pleine joie: ventes en hausse de 7% en Europe l'an dernier, dans un march\u00e9 global en recul. Les constructeurs se bousculent donc au portillon.<\/p>\n<h2>La commercialisation du\u00a0Peugeot 2008 Crossover est avanc\u00e9e<\/h2>\n<p>Arriv\u00e9 parmi les derniers au sein du segment des gros SUV avec son 4007 (4.64 m ), en fait, un Mitsubishi Outlander remani\u00e9 dans sa partie avant, Peugeot n'a pas tard\u00e9 \u00e0 sortir ses atouts. En premier lieu avec le talentueux 3008 (4.37 m ). Cette fabrication maison s'est tout de suite ordonn\u00e9e en t\u00eate de son segment, devan\u00e7ant le Nissan Qashqai. Puis plus r\u00e9cemment avec le 4008 ( 4.34 m), cousin du Mitsubishi ASX mais uniquement disponible en 4x4.<\/p>\n<p><strong>Retrouvez les prix Peugeot 2008 et nos offres<\/strong><\/p>\n<p>Fort de son exp\u00e9rience, Peugeot attaque le segment inf\u00e9rieur occup\u00e9 seulement par le Nissan Juke, et, depuis peu, par l'<span style=\"text-decoration: underline;\"><a href=\"http:\/\/www.carideal.com\/blog\/2012\/11\/28\/opel-mokka\/\">Opel Mokka<\/a><\/span>. Peugeot\u00a0sera donc l'un des premiers constructeurs \u00e0 pr\u00e9senter un v\u00e9hicule de loisirs de petit gabarit, le Peugeot 2008 ne mesurant que 4.16 m de long. Ce projet command\u00e9 par le p\u00e8re de la 208, Pierre Authier, combine les aspects pratiques et la capacit\u00e9 de chargement du break SW, au dessin de SUV urbain.<\/p>\n<p>Issu techniquement de la base de la 208, le Peugeot 2008\u00a0en r\u00e9cup\u00e8re \u00e9galement une grande partie de la planche de bord. Outre le style, la surprise vient de son positionnement tarifaire qui, selon nos informations, serait similaire \u00e0 celui de la 207 SW. Si le Peugeot 2008 s'annonce r\u00e9ussi, certains regretteront toutefois l'absence de transmission int\u00e9grale, pourtant disponible sur certains de ses rivaux. Une transmission 4x4 renvoyant le couple vers le train arri\u00e8re \u00e9tait pourtant envisageable. Mais celle-ci impliquait une profonde modification de la partie arri\u00e8re de la plateforme afin d'y implanter le diff\u00e9rentiel. Trop on\u00e9reux sur ce type de v\u00e9hicule, dont la client\u00e8le attend avant tout un prix comp\u00e9titif.<\/p>\n<p>Relativement l\u00e9ger, le Peugeot 2008 sera motoris\u00e9 par des moteurs\u00a0\u00e0 essence \u00e0 trois cylindres, avec, en avant-premi\u00e8re, la version turbo du 1.2, les moteurs Puretech, dont la puissance est port\u00e9e \u00e0 110 ch ( au lieu de 82 ch). Dans cette palette de motorisation, on retrouvera le 1.6 THP \u00e0 essence de 155 ch, et les diesels 1.6 e-HDI de 92 et 115 ch qui devraient assurer la majorit\u00e9 des ventes.<\/p>\n<p>La solution hybride, trop co\u00fbteuse \u00e0 ce niveau de gamme n'a pas \u00e9t\u00e9 retenue. Peugeot joue gros avec ce Peugeot 2008. Celui-ci sera commercialis\u00e9 en Europe , en Am\u00e9rique du Sud et en Chine avec, \u00e0 chaque fois, un site de production install\u00e9 au plus pr\u00e8s du consommateur. La marque a m\u00eame d\u00e9cid\u00e9 d'avancer sa commercialisation au printemps, histoire de prendre de court Renault qui r\u00e9pliquera, fin 2013, avec son <span style=\"text-decoration: underline;\"><a href=\"http:\/\/www.carideal.com\/blog\/2013\/05\/12\/renault-captur\/\">Captur<\/a><\/span>.<\/p>\n","protected":false},"excerpt":{"rendered":"<p>Le nouveau SUV urbain Peugeot 2008 arrive Peugeot 2008 : Au revoir le SW, bonjour le SUV urbain, Peugeot op\u00e8re une coupe franche dans la gamme de sa 208 et l&rsquo;\u00e9ffacement du break co\u00efncide avec celle du coup\u00e9 cabriolet. Repr\u00e9sentant \u00e0 peine 39 000 ventes en 2011 (soit une chute de plus de 26 % &#8230; <a title=\"Le SUV Peugeot 2008 arrive\" class=\"read-more\" href=\"https:\/\/www.carideal.com\/blog\/2013\/03\/15\/peugeot-2008\/\" aria-label=\"En savoir plus sur Le SUV Peugeot 2008 arrive\">Lire plus<\/a><\/p>\n","protected":false},"author":1,"featured_media":0,"comment_status":"open","ping_status":"open","sticky":false,"template":"","format":"standard","meta":{"_uag_custom_page_level_css":"","_themeisle_gutenberg_block_has_review":false,"footnotes":""},"categories":[5944,5946,9,5947,5948,6010,5974],"tags":[1661],"class_list":["post-575","post","type-post","status-publish","format-standard","hentry","category-constructeur","category-peugeot","category-divers","category-essai","category-peugeot-essai","category-suv","category-type-de-vehicule","tag-combi"],"wppr_data":[],"yoast_head":"<!-- This site is optimized with the Yoast SEO plugin v24.8.1 - https:\/\/yoast.com\/wordpress\/plugins\/seo\/ -->\n<title>Le SUV Peugeot 2008 arrive - Blog auto Carid\u00e9al<\/title>\n<meta name=\"description\" content=\"Peugeot avance la commercialisation de son SUV urbain le Peugeot 2008 afin de contrer l&#039;arriv\u00e9e du futur Renault Captur sur ce segment porteur.\" \/>\n<meta name=\"robots\" content=\"index, follow, max-snippet:-1, max-image-preview:large, max-video-preview:-1\" \/>\n<link rel=\"canonical\" href=\"https:\/\/www.carideal.com\/blog\/2013\/03\/15\/peugeot-2008\/\" \/>\n<meta property=\"og:locale\" content=\"fr_FR\" \/>\n<meta property=\"og:type\" content=\"article\" \/>\n<meta property=\"og:title\" content=\"Le SUV Peugeot 2008 arrive - Blog auto Carid\u00e9al\" \/>\n<meta property=\"og:description\" content=\"Peugeot avance la commercialisation de son SUV urbain le Peugeot 2008 afin de contrer l&#039;arriv\u00e9e du futur Renault Captur sur ce segment porteur.\" \/>\n<meta property=\"og:url\" content=\"https:\/\/www.carideal.com\/blog\/2013\/03\/15\/peugeot-2008\/\" \/>\n<meta property=\"og:site_name\" content=\"Blog auto Carid\u00e9al\" \/>\n<meta property=\"article:publisher\" content=\"https:\/\/www.facebook.com\/Carideal.mandataire.automobile\" \/>\n<meta property=\"article:author\" content=\"https:\/\/www.facebook.com\/Carideal.mandataire.automobile\/\" \/>\n<meta property=\"article:published_time\" content=\"2013-03-15T12:40:00+00:00\" \/>\n<meta property=\"article:modified_time\" content=\"2020-03-07T15:49:16+00:00\" \/>\n<meta property=\"og:image\" content=\"https:\/\/www.carideal.com\/blog\/wp-content\/uploads\/2016\/03\/logo-carideal-mandataire-automobile.png\" \/>\n\t<meta property=\"og:image:width\" content=\"300\" \/>\n\t<meta property=\"og:image:height\" content=\"300\" \/>\n\t<meta property=\"og:image:type\" content=\"image\/png\" \/>\n<meta name=\"author\" content=\"N.S Carideal\" \/>\n<meta name=\"twitter:card\" content=\"summary_large_image\" \/>\n<meta name=\"twitter:creator\" content=\"@caridealauto\" \/>\n<meta name=\"twitter:site\" content=\"@caridealauto\" \/>\n<meta name=\"twitter:label1\" content=\"\u00c9crit par\" \/>\n\t<meta name=\"twitter:data1\" content=\"N.S Carideal\" \/>\n\t<meta name=\"twitter:label2\" content=\"Dur\u00e9e de lecture estim\u00e9e\" \/>\n\t<meta name=\"twitter:data2\" content=\"3 minutes\" \/>\n<script type=\"application\/ld+json\" class=\"yoast-schema-graph\">{\"@context\":\"https:\/\/schema.org\",\"@graph\":[{\"@type\":\"Article\",\"@id\":\"https:\/\/www.carideal.com\/blog\/2013\/03\/15\/peugeot-2008\/#article\",\"isPartOf\":{\"@id\":\"https:\/\/www.carideal.com\/blog\/2013\/03\/15\/peugeot-2008\/\"},\"author\":{\"name\":\"N.S Carideal\",\"@id\":\"https:\/\/www.carideal.com\/blog\/#\/schema\/person\/985c7e757d1042d647f21bfaf8d41ebc\"},\"headline\":\"Le SUV Peugeot 2008 arrive\",\"datePublished\":\"2013-03-15T12:40:00+00:00\",\"dateModified\":\"2020-03-07T15:49:16+00:00\",\"mainEntityOfPage\":{\"@id\":\"https:\/\/www.carideal.com\/blog\/2013\/03\/15\/peugeot-2008\/\"},\"wordCount\":573,\"commentCount\":0,\"publisher\":{\"@id\":\"https:\/\/www.carideal.com\/blog\/#organization\"},\"keywords\":[\"Combi\"],\"articleSection\":[\"Actualit\u00e9 Constructeur automobile\",\"Actualit\u00e9 Peugeot\",\"Divers\",\"Essais automobile\",\"Essais Peugeot\",\"SUV\",\"Type de v\u00e9hicule\"],\"inLanguage\":\"fr-FR\",\"potentialAction\":[{\"@type\":\"CommentAction\",\"name\":\"Comment\",\"target\":[\"https:\/\/www.carideal.com\/blog\/2013\/03\/15\/peugeot-2008\/#respond\"]}]},{\"@type\":\"WebPage\",\"@id\":\"https:\/\/www.carideal.com\/blog\/2013\/03\/15\/peugeot-2008\/\",\"url\":\"https:\/\/www.carideal.com\/blog\/2013\/03\/15\/peugeot-2008\/\",\"name\":\"Le SUV Peugeot 2008 arrive - Blog auto Carid\u00e9al\",\"isPartOf\":{\"@id\":\"https:\/\/www.carideal.com\/blog\/#website\"},\"datePublished\":\"2013-03-15T12:40:00+00:00\",\"dateModified\":\"2020-03-07T15:49:16+00:00\",\"description\":\"Peugeot avance la commercialisation de son SUV urbain le Peugeot 2008 afin de contrer l'arriv\u00e9e du futur Renault Captur sur ce segment porteur.\",\"breadcrumb\":{\"@id\":\"https:\/\/www.carideal.com\/blog\/2013\/03\/15\/peugeot-2008\/#breadcrumb\"},\"inLanguage\":\"fr-FR\",\"potentialAction\":[{\"@type\":\"ReadAction\",\"target\":[\"https:\/\/www.carideal.com\/blog\/2013\/03\/15\/peugeot-2008\/\"]}]},{\"@type\":\"BreadcrumbList\",\"@id\":\"https:\/\/www.carideal.com\/blog\/2013\/03\/15\/peugeot-2008\/#breadcrumb\",\"itemListElement\":[{\"@type\":\"ListItem\",\"position\":1,\"name\":\"Blog Carid\u00e9al\",\"item\":\"https:\/\/www.carideal.com\/blog\/\"},{\"@type\":\"ListItem\",\"position\":2,\"name\":\"Divers\",\"item\":\"https:\/\/www.carideal.com\/blog\/divers\/\"},{\"@type\":\"ListItem\",\"position\":3,\"name\":\"Le SUV Peugeot 2008 arrive\"}]},{\"@type\":\"WebSite\",\"@id\":\"https:\/\/www.carideal.com\/blog\/#website\",\"url\":\"https:\/\/www.carideal.com\/blog\/\",\"name\":\"Blog auto Carid\u00e9al\",\"description\":\"Actualit\u00e9 auto par des passionn\u00e9s\",\"publisher\":{\"@id\":\"https:\/\/www.carideal.com\/blog\/#organization\"},\"potentialAction\":[{\"@type\":\"SearchAction\",\"target\":{\"@type\":\"EntryPoint\",\"urlTemplate\":\"https:\/\/www.carideal.com\/blog\/?s={search_term_string}\"},\"query-input\":{\"@type\":\"PropertyValueSpecification\",\"valueRequired\":true,\"valueName\":\"search_term_string\"}}],\"inLanguage\":\"fr-FR\"},{\"@type\":\"Organization\",\"@id\":\"https:\/\/www.carideal.com\/blog\/#organization\",\"name\":\"Carideal\",\"url\":\"https:\/\/www.carideal.com\/blog\/\",\"logo\":{\"@type\":\"ImageObject\",\"inLanguage\":\"fr-FR\",\"@id\":\"https:\/\/www.carideal.com\/blog\/#\/schema\/logo\/image\/\",\"url\":\"http:\/\/www.carideal.com\/blog\/wp-content\/uploads\/2016\/03\/logo-carideal-mandataire-automobile.png\",\"contentUrl\":\"http:\/\/www.carideal.com\/blog\/wp-content\/uploads\/2016\/03\/logo-carideal-mandataire-automobile.png\",\"width\":300,\"height\":300,\"caption\":\"Carideal\"},\"image\":{\"@id\":\"https:\/\/www.carideal.com\/blog\/#\/schema\/logo\/image\/\"},\"sameAs\":[\"https:\/\/www.facebook.com\/Carideal.mandataire.automobile\",\"https:\/\/x.com\/caridealauto\",\"https:\/\/www.instagram.com\/carideal1\/\",\"https:\/\/www.linkedin.com\/company\/carideal.com\",\"https:\/\/fr.pinterest.com\/schiavonsas\/\",\"https:\/\/www.youtube.com\/user\/caridealsas\"]},{\"@type\":\"Person\",\"@id\":\"https:\/\/www.carideal.com\/blog\/#\/schema\/person\/985c7e757d1042d647f21bfaf8d41ebc\",\"name\":\"N.S Carideal\",\"image\":{\"@type\":\"ImageObject\",\"inLanguage\":\"fr-FR\",\"@id\":\"https:\/\/www.carideal.com\/blog\/#\/schema\/person\/image\/\",\"url\":\"https:\/\/secure.gravatar.com\/avatar\/edb7ccdf1a4e3d14aef967760d354d0e?s=96&r=g\",\"contentUrl\":\"https:\/\/secure.gravatar.com\/avatar\/edb7ccdf1a4e3d14aef967760d354d0e?s=96&r=g\",\"caption\":\"N.S Carideal\"},\"description\":\"Depuis tout petit fan d'automobile. Il est question d'essayer et de comparer toutes ces voitures qui nous ont fait r\u00e9ver, avant que celles-ci ne devient uniquement des voitures de collection.\",\"sameAs\":[\"http:\/\/www.carideal.com\/blog\",\"https:\/\/www.facebook.com\/Carideal.mandataire.automobile\/\",\"https:\/\/www.linkedin.com\/in\/nschiavon\/\",\"https:\/\/www.youtube.com\/user\/caridealsas\/\"],\"url\":\"https:\/\/www.carideal.com\/blog\/author\/admin_carideal\/\"}]}<\/script>\n<!-- \/ Yoast SEO plugin. -->","yoast_head_json":{"title":"Le SUV Peugeot 2008 arrive - Blog auto Carid\u00e9al","description":"Peugeot avance la commercialisation de son SUV urbain le Peugeot 2008 afin de contrer l'arriv\u00e9e du futur Renault Captur sur ce segment porteur.","robots":{"index":"index","follow":"follow","max-snippet":"max-snippet:-1","max-image-preview":"max-image-preview:large","max-video-preview":"max-video-preview:-1"},"canonical":"https:\/\/www.carideal.com\/blog\/2013\/03\/15\/peugeot-2008\/","og_locale":"fr_FR","og_type":"article","og_title":"Le SUV Peugeot 2008 arrive - Blog auto Carid\u00e9al","og_description":"Peugeot avance la commercialisation de son SUV urbain le Peugeot 2008 afin de contrer l'arriv\u00e9e du futur Renault Captur sur ce segment porteur.","og_url":"https:\/\/www.carideal.com\/blog\/2013\/03\/15\/peugeot-2008\/","og_site_name":"Blog auto Carid\u00e9al","article_publisher":"https:\/\/www.facebook.com\/Carideal.mandataire.automobile","article_author":"https:\/\/www.facebook.com\/Carideal.mandataire.automobile\/","article_published_time":"2013-03-15T12:40:00+00:00","article_modified_time":"2020-03-07T15:49:16+00:00","og_image":[{"width":300,"height":300,"url":"https:\/\/www.carideal.com\/blog\/wp-content\/uploads\/2016\/03\/logo-carideal-mandataire-automobile.png","type":"image\/png"}],"author":"N.S Carideal","twitter_card":"summary_large_image","twitter_creator":"@caridealauto","twitter_site":"@caridealauto","twitter_misc":{"\u00c9crit par":"N.S Carideal","Dur\u00e9e de lecture estim\u00e9e":"3 minutes"},"schema":{"@context":"https:\/\/schema.org","@graph":[{"@type":"Article","@id":"https:\/\/www.carideal.com\/blog\/2013\/03\/15\/peugeot-2008\/#article","isPartOf":{"@id":"https:\/\/www.carideal.com\/blog\/2013\/03\/15\/peugeot-2008\/"},"author":{"name":"N.S Carideal","@id":"https:\/\/www.carideal.com\/blog\/#\/schema\/person\/985c7e757d1042d647f21bfaf8d41ebc"},"headline":"Le SUV Peugeot 2008 arrive","datePublished":"2013-03-15T12:40:00+00:00","dateModified":"2020-03-07T15:49:16+00:00","mainEntityOfPage":{"@id":"https:\/\/www.carideal.com\/blog\/2013\/03\/15\/peugeot-2008\/"},"wordCount":573,"commentCount":0,"publisher":{"@id":"https:\/\/www.carideal.com\/blog\/#organization"},"keywords":["Combi"],"articleSection":["Actualit\u00e9 Constructeur automobile","Actualit\u00e9 Peugeot","Divers","Essais automobile","Essais Peugeot","SUV","Type de v\u00e9hicule"],"inLanguage":"fr-FR","potentialAction":[{"@type":"CommentAction","name":"Comment","target":["https:\/\/www.carideal.com\/blog\/2013\/03\/15\/peugeot-2008\/#respond"]}]},{"@type":"WebPage","@id":"https:\/\/www.carideal.com\/blog\/2013\/03\/15\/peugeot-2008\/","url":"https:\/\/www.carideal.com\/blog\/2013\/03\/15\/peugeot-2008\/","name":"Le SUV Peugeot 2008 arrive - Blog auto Carid\u00e9al","isPartOf":{"@id":"https:\/\/www.carideal.com\/blog\/#website"},"datePublished":"2013-03-15T12:40:00+00:00","dateModified":"2020-03-07T15:49:16+00:00","description":"Peugeot avance la commercialisation de son SUV urbain le Peugeot 2008 afin de contrer l'arriv\u00e9e du futur Renault Captur sur ce segment porteur.","breadcrumb":{"@id":"https:\/\/www.carideal.com\/blog\/2013\/03\/15\/peugeot-2008\/#breadcrumb"},"inLanguage":"fr-FR","potentialAction":[{"@type":"ReadAction","target":["https:\/\/www.carideal.com\/blog\/2013\/03\/15\/peugeot-2008\/"]}]},{"@type":"BreadcrumbList","@id":"https:\/\/www.carideal.com\/blog\/2013\/03\/15\/peugeot-2008\/#breadcrumb","itemListElement":[{"@type":"ListItem","position":1,"name":"Blog Carid\u00e9al","item":"https:\/\/www.carideal.com\/blog\/"},{"@type":"ListItem","position":2,"name":"Divers","item":"https:\/\/www.carideal.com\/blog\/divers\/"},{"@type":"ListItem","position":3,"name":"Le SUV Peugeot 2008 arrive"}]},{"@type":"WebSite","@id":"https:\/\/www.carideal.com\/blog\/#website","url":"https:\/\/www.carideal.com\/blog\/","name":"Blog auto Carid\u00e9al","description":"Actualit\u00e9 auto par des passionn\u00e9s","publisher":{"@id":"https:\/\/www.carideal.com\/blog\/#organization"},"potentialAction":[{"@type":"SearchAction","target":{"@type":"EntryPoint","urlTemplate":"https:\/\/www.carideal.com\/blog\/?s={search_term_string}"},"query-input":{"@type":"PropertyValueSpecification","valueRequired":true,"valueName":"search_term_string"}}],"inLanguage":"fr-FR"},{"@type":"Organization","@id":"https:\/\/www.carideal.com\/blog\/#organization","name":"Carideal","url":"https:\/\/www.carideal.com\/blog\/","logo":{"@type":"ImageObject","inLanguage":"fr-FR","@id":"https:\/\/www.carideal.com\/blog\/#\/schema\/logo\/image\/","url":"http:\/\/www.carideal.com\/blog\/wp-content\/uploads\/2016\/03\/logo-carideal-mandataire-automobile.png","contentUrl":"http:\/\/www.carideal.com\/blog\/wp-content\/uploads\/2016\/03\/logo-carideal-mandataire-automobile.png","width":300,"height":300,"caption":"Carideal"},"image":{"@id":"https:\/\/www.carideal.com\/blog\/#\/schema\/logo\/image\/"},"sameAs":["https:\/\/www.facebook.com\/Carideal.mandataire.automobile","https:\/\/x.com\/caridealauto","https:\/\/www.instagram.com\/carideal1\/","https:\/\/www.linkedin.com\/company\/carideal.com","https:\/\/fr.pinterest.com\/schiavonsas\/","https:\/\/www.youtube.com\/user\/caridealsas"]},{"@type":"Person","@id":"https:\/\/www.carideal.com\/blog\/#\/schema\/person\/985c7e757d1042d647f21bfaf8d41ebc","name":"N.S Carideal","image":{"@type":"ImageObject","inLanguage":"fr-FR","@id":"https:\/\/www.carideal.com\/blog\/#\/schema\/person\/image\/","url":"https:\/\/secure.gravatar.com\/avatar\/edb7ccdf1a4e3d14aef967760d354d0e?s=96&r=g","contentUrl":"https:\/\/secure.gravatar.com\/avatar\/edb7ccdf1a4e3d14aef967760d354d0e?s=96&r=g","caption":"N.S Carideal"},"description":"Depuis tout petit fan d'automobile. Il est question d'essayer et de comparer toutes ces voitures qui nous ont fait r\u00e9ver, avant que celles-ci ne devient uniquement des voitures de collection.","sameAs":["http:\/\/www.carideal.com\/blog","https:\/\/www.facebook.com\/Carideal.mandataire.automobile\/","https:\/\/www.linkedin.com\/in\/nschiavon\/","https:\/\/www.youtube.com\/user\/caridealsas\/"],"url":"https:\/\/www.carideal.com\/blog\/author\/admin_carideal\/"}]}},"uagb_featured_image_src":{"full":false,"thumbnail":false,"medium":false,"medium_large":false,"large":false,"1536x1536":false,"2048x2048":false,"wppr-widget":false},"uagb_author_info":{"display_name":"N.S Carideal","author_link":"https:\/\/www.carideal.com\/blog\/author\/admin_carideal\/"},"uagb_comment_info":0,"uagb_excerpt":"Le nouveau SUV urbain Peugeot 2008 arrive Peugeot 2008 : Au revoir le SW, bonjour le SUV urbain, Peugeot op\u00e8re une coupe franche dans la gamme de sa 208 et l'\u00e9ffacement du break co\u00efncide avec celle du coup\u00e9 cabriolet. Repr\u00e9sentant \u00e0 peine 39 000 ventes en 2011 (soit une chute de plus de 26 %\u2026","_links":{"self":[{"href":"https:\/\/www.carideal.com\/blog\/wp-json\/wp\/v2\/posts\/575"}],"collection":[{"href":"https:\/\/www.carideal.com\/blog\/wp-json\/wp\/v2\/posts"}],"about":[{"href":"https:\/\/www.carideal.com\/blog\/wp-json\/wp\/v2\/types\/post"}],"author":[{"embeddable":true,"href":"https:\/\/www.carideal.com\/blog\/wp-json\/wp\/v2\/users\/1"}],"replies":[{"embeddable":true,"href":"https:\/\/www.carideal.com\/blog\/wp-json\/wp\/v2\/comments?post=575"}],"version-history":[{"count":0,"href":"https:\/\/www.carideal.com\/blog\/wp-json\/wp\/v2\/posts\/575\/revisions"}],"wp:attachment":[{"href":"https:\/\/www.carideal.com\/blog\/wp-json\/wp\/v2\/media?parent=575"}],"wp:term":[{"taxonomy":"category","embeddable":true,"href":"https:\/\/www.carideal.com\/blog\/wp-json\/wp\/v2\/categories?post=575"},{"taxonomy":"post_tag","embeddable":true,"href":"https:\/\/www.carideal.com\/blog\/wp-json\/wp\/v2\/tags?post=575"}],"curies":[{"name":"wp","href":"https:\/\/api.w.org\/{rel}","templated":true}]}}