{"id":5746,"date":"2015-04-07T12:06:19","date_gmt":"2015-04-07T10:06:19","guid":{"rendered":"http:\/\/www.carideal.com\/blog\/?p=5746"},"modified":"2016-10-03T11:40:32","modified_gmt":"2016-10-03T09:40:32","slug":"le-kit-main-libre-interdit","status":"publish","type":"post","link":"https:\/\/www.carideal.com\/blog\/2015\/04\/07\/le-kit-main-libre-interdit\/","title":{"rendered":"Le Kit main Libre interdit en savoir plus"},"content":{"rendered":"<figure id=\"attachment_5747\" aria-describedby=\"caption-attachment-5747\" style=\"width: 290px\" class=\"wp-caption alignnone\"><a href=\"http:\/\/www.carideal.com\/blog\/wp-content\/uploads\/2015\/04\/kit-main-libre-automobile.jpg\"><img loading=\"lazy\" decoding=\"async\" class=\"size-medium wp-image-5747\" src=\"http:\/\/www.carideal.com\/blog\/wp-content\/uploads\/2015\/04\/kit-main-libre-automobile-300x300.jpg\" alt=\"Kit main libre Filaire interdit \u00e0 partir du 30 Juin 2015 en voiture\" width=\"300\" height=\"300\" srcset=\"https:\/\/www.carideal.com\/blog\/wp-content\/uploads\/2015\/04\/kit-main-libre-automobile-300x300.jpg 300w, https:\/\/www.carideal.com\/blog\/wp-content\/uploads\/2015\/04\/kit-main-libre-automobile-150x150.jpg 150w, https:\/\/www.carideal.com\/blog\/wp-content\/uploads\/2015\/04\/kit-main-libre-automobile-624x624.jpg 624w, https:\/\/www.carideal.com\/blog\/wp-content\/uploads\/2015\/04\/kit-main-libre-automobile.jpg 700w\" sizes=\"(max-width: 300px) 100vw, 300px\" \/><\/a><figcaption id=\"caption-attachment-5747\" class=\"wp-caption-text\">Kit main libre Filaire interdit \u00e0 partir du 30 Juin 2015 en voiture<\/figcaption><\/figure>\n<h1><strong>Tout savoir sur l'interdiction du Kit main Libre<\/strong><\/h1>\n<p>A partir du 30 juin, le kits main libre filaire sera interdit au volant, seuls seront autoris\u00e9 les syst\u00e8mes Bluetooth. Le gouvernement commencera aussi l'exp\u00e9rimentation de la baisse de la limitation de vitesse \u00e0 80 km\/h sur quelques routes en France.<\/p>\n<p>Le Kit Mains libres est un \u00e9quipement pour les t\u00e9l\u00e9phone de voiture, redant l'utilisation de celui-ci sans l'usage de ses mains\u00a0(par exemple via des commandes vocales) ou, dans un sens plus large, les \u00e9quipements qui n\u00e9cessitent une utilisation limit\u00e9e des mains, ou pour lesquels les contr\u00f4les sont positionn\u00e9s de sorte que les mains sont capables de s'occuper d'une autre t\u00e2che (comme la conduite) sans avoir besoin de chercher\u00a0loin pour les commandes de contr\u00f4les.<\/p>\n<p>Les dispositifs qui sont g\u00e9n\u00e9ralement utilis\u00e9s pour une utilisation de communication mains-libres Bluetooth comme une\u00a0technologie sans fil. Ces kit main libre\u00a0ont encore besoin d'un t\u00e9l\u00e9phone mobile ou d'un autre dispositif pour lancer un appel. Ces Kits main libres\u00a0comprennent les casques Bluetooth, les kits voiture mains-libres (KML), et les dispositifs de navigation personnels. Initialement introduite comme caract\u00e9ristiques optionnelles reli\u00e9s par un fil aux t\u00e9l\u00e9phones portables ou d'autres dispositifs de communication, ils sont maintenant g\u00e9n\u00e9ralement disponibles avec la technologie sans fil bluetooth.<\/p>\n<p>En options, les kits mains libres Bluetooth sont maintenant aussi faciles \u00e0 trouver dans tout les haut de gamme automobile impl\u00e9ment\u00e9s\u00a0le cadre du syst\u00e8me st\u00e9r\u00e9o du v\u00e9hicule, du syst\u00e8me de navigation (GPS) ou bien monte post-vente chez les fournisseurs d'accessoires ou de <span style=\"text-decoration: underline;\"><a href=\"http:\/\/www.carideal.com\/blog\/2016\/07\/05\/pieces-de-rechange-offensive-de-psa\/\" target=\"_blank\">pi\u00e8ces d\u00e9tach\u00e9es automobiles<\/a><\/span>. Cette option utilise les haut-parleurs du v\u00e9hicule pour transmettre la voix de l'appelant dans l'appel t\u00e9l\u00e9phonique et le kit main libre b\u00e9n\u00e9ficie d'un microphone int\u00e9gr\u00e9 dans l'unit\u00e9 st\u00e9r\u00e9o lui-m\u00eame, ou dans le plafonier de la voiture, ou utilise un microphone filaire s\u00e9par\u00e9 qui peut \u00eatre plac\u00e9 n'importe o\u00f9 dans le v\u00e9hicule.<\/p>\n<p>Le but est de faire baisser les <span style=\"text-decoration: underline;\"><a href=\"http:\/\/www.carideal.com\/blog\/2014\/06\/12\/baisse-des-accidents-de-la-route\/\">accidents de voiture<\/a><\/span>. Tous les constructeurs travaillent sur des innovations et\u00a0<a href=\"http:\/\/www.carideal.com\/blog\/2013\/03\/28\/securite-routiere-les-progres-continuent\/\" target=\"_blank\">font des progr\u00e8s pour am\u00e9liorer la s\u00e9curit\u00e9 routi\u00e8re<\/a>.<\/p>\n<h2>Il est interdit de tenir un t\u00e9l\u00e9phone dans la main<\/h2>\n<p>Pour m\u00e9moire la loi stipule qu'il est interdit de tenir un t\u00e9l\u00e9phone dans la main. Il est donc aussi interdit d'envoyer des sms ou autres donc. Ce que cette loi a voulu renforcer c'est l'usage de kit Main libre non bluetooth, c'est \u00e0 dire avec oreillette par exemple qui isole trop de conducteur de son millieu ambiant.<\/p>\n<p>Il est aussi interdit d'\u00e9couter de la musique avec un casque audia en roulant. Et cette loi est aussi applicable aux v\u00e9los.<\/p>\n","protected":false},"excerpt":{"rendered":"<p>Tout savoir sur l&rsquo;interdiction du Kit main Libre A partir du 30 juin, le kits main libre filaire sera interdit au volant, seuls seront autoris\u00e9 les syst\u00e8mes Bluetooth. Le gouvernement commencera aussi l&rsquo;exp\u00e9rimentation de la baisse de la limitation de vitesse \u00e0 80 km\/h sur quelques routes en France. Le Kit Mains libres est un &#8230; <a title=\"Le Kit main Libre interdit en savoir plus\" class=\"read-more\" href=\"https:\/\/www.carideal.com\/blog\/2015\/04\/07\/le-kit-main-libre-interdit\/\" aria-label=\"En savoir plus sur Le Kit main Libre interdit en savoir plus\">Lire plus<\/a><\/p>\n","protected":false},"author":3,"featured_media":0,"comment_status":"open","ping_status":"open","sticky":false,"template":"","format":"standard","meta":{"_uag_custom_page_level_css":"","_themeisle_gutenberg_block_has_review":false,"footnotes":""},"categories":[21,9,5962],"tags":[],"class_list":["post-5746","post","type-post","status-publish","format-standard","hentry","category-actualites-auto","category-divers","category-legislation"],"wppr_data":[],"yoast_head":"<!-- This site is optimized with the Yoast SEO plugin v24.8.1 - https:\/\/yoast.com\/wordpress\/plugins\/seo\/ -->\n<title>Le Kit main Libre interdit en savoir plus - Blog auto Carid\u00e9al<\/title>\n<meta name=\"description\" content=\"A partir du 30 juin 2015, le kit main libre filaire sera interdit au volant, seuls seront autoris\u00e9 les syst\u00e8mes Bluetooth\" \/>\n<meta name=\"robots\" content=\"index, follow, max-snippet:-1, max-image-preview:large, max-video-preview:-1\" \/>\n<link rel=\"canonical\" href=\"https:\/\/www.carideal.com\/blog\/2015\/04\/07\/le-kit-main-libre-interdit\/\" \/>\n<meta property=\"og:locale\" content=\"fr_FR\" \/>\n<meta property=\"og:type\" content=\"article\" \/>\n<meta property=\"og:title\" content=\"Le Kit main Libre interdit en savoir plus - Blog auto Carid\u00e9al\" \/>\n<meta property=\"og:description\" content=\"A partir du 30 juin 2015, le kit main libre filaire sera interdit au volant, seuls seront autoris\u00e9 les syst\u00e8mes Bluetooth\" \/>\n<meta property=\"og:url\" content=\"https:\/\/www.carideal.com\/blog\/2015\/04\/07\/le-kit-main-libre-interdit\/\" \/>\n<meta property=\"og:site_name\" content=\"Blog auto Carid\u00e9al\" \/>\n<meta property=\"article:publisher\" content=\"https:\/\/www.facebook.com\/Carideal.mandataire.automobile\" \/>\n<meta property=\"article:author\" content=\"https:\/\/www.facebook.com\/nicolas.schiavon.39\" \/>\n<meta property=\"article:published_time\" content=\"2015-04-07T10:06:19+00:00\" \/>\n<meta property=\"article:modified_time\" content=\"2016-10-03T09:40:32+00:00\" \/>\n<meta property=\"og:image\" content=\"http:\/\/www.carideal.com\/blog\/wp-content\/uploads\/2015\/04\/kit-main-libre-automobile-300x300.jpg\" \/>\n<meta name=\"author\" content=\"Nicolas SCHIAVON\" \/>\n<meta name=\"twitter:card\" content=\"summary_large_image\" \/>\n<meta name=\"twitter:creator\" content=\"@caridealauto\" \/>\n<meta name=\"twitter:site\" content=\"@caridealauto\" \/>\n<meta name=\"twitter:label1\" content=\"\u00c9crit par\" \/>\n\t<meta name=\"twitter:data1\" content=\"Nicolas SCHIAVON\" \/>\n\t<meta name=\"twitter:label2\" content=\"Dur\u00e9e de lecture estim\u00e9e\" \/>\n\t<meta name=\"twitter:data2\" content=\"2 minutes\" \/>\n<script type=\"application\/ld+json\" class=\"yoast-schema-graph\">{\"@context\":\"https:\/\/schema.org\",\"@graph\":[{\"@type\":\"Article\",\"@id\":\"https:\/\/www.carideal.com\/blog\/2015\/04\/07\/le-kit-main-libre-interdit\/#article\",\"isPartOf\":{\"@id\":\"https:\/\/www.carideal.com\/blog\/2015\/04\/07\/le-kit-main-libre-interdit\/\"},\"author\":{\"name\":\"Nicolas SCHIAVON\",\"@id\":\"https:\/\/www.carideal.com\/blog\/#\/schema\/person\/cd95dc7919660de90d31b366f85be1ec\"},\"headline\":\"Le Kit main Libre interdit en savoir plus\",\"datePublished\":\"2015-04-07T10:06:19+00:00\",\"dateModified\":\"2016-10-03T09:40:32+00:00\",\"mainEntityOfPage\":{\"@id\":\"https:\/\/www.carideal.com\/blog\/2015\/04\/07\/le-kit-main-libre-interdit\/\"},\"wordCount\":493,\"commentCount\":0,\"publisher\":{\"@id\":\"https:\/\/www.carideal.com\/blog\/#organization\"},\"image\":{\"@id\":\"https:\/\/www.carideal.com\/blog\/2015\/04\/07\/le-kit-main-libre-interdit\/#primaryimage\"},\"thumbnailUrl\":\"http:\/\/www.carideal.com\/blog\/wp-content\/uploads\/2015\/04\/kit-main-libre-automobile-300x300.jpg\",\"articleSection\":[\"Actualit\u00e9 automobile\",\"Divers\",\"L\u00e9gislation Automobile\"],\"inLanguage\":\"fr-FR\",\"potentialAction\":[{\"@type\":\"CommentAction\",\"name\":\"Comment\",\"target\":[\"https:\/\/www.carideal.com\/blog\/2015\/04\/07\/le-kit-main-libre-interdit\/#respond\"]}]},{\"@type\":\"WebPage\",\"@id\":\"https:\/\/www.carideal.com\/blog\/2015\/04\/07\/le-kit-main-libre-interdit\/\",\"url\":\"https:\/\/www.carideal.com\/blog\/2015\/04\/07\/le-kit-main-libre-interdit\/\",\"name\":\"Le Kit main Libre interdit en savoir plus - Blog auto Carid\u00e9al\",\"isPartOf\":{\"@id\":\"https:\/\/www.carideal.com\/blog\/#website\"},\"primaryImageOfPage\":{\"@id\":\"https:\/\/www.carideal.com\/blog\/2015\/04\/07\/le-kit-main-libre-interdit\/#primaryimage\"},\"image\":{\"@id\":\"https:\/\/www.carideal.com\/blog\/2015\/04\/07\/le-kit-main-libre-interdit\/#primaryimage\"},\"thumbnailUrl\":\"http:\/\/www.carideal.com\/blog\/wp-content\/uploads\/2015\/04\/kit-main-libre-automobile-300x300.jpg\",\"datePublished\":\"2015-04-07T10:06:19+00:00\",\"dateModified\":\"2016-10-03T09:40:32+00:00\",\"description\":\"A partir du 30 juin 2015, le kit main libre filaire sera interdit au volant, seuls seront autoris\u00e9 les syst\u00e8mes Bluetooth\",\"breadcrumb\":{\"@id\":\"https:\/\/www.carideal.com\/blog\/2015\/04\/07\/le-kit-main-libre-interdit\/#breadcrumb\"},\"inLanguage\":\"fr-FR\",\"potentialAction\":[{\"@type\":\"ReadAction\",\"target\":[\"https:\/\/www.carideal.com\/blog\/2015\/04\/07\/le-kit-main-libre-interdit\/\"]}]},{\"@type\":\"ImageObject\",\"inLanguage\":\"fr-FR\",\"@id\":\"https:\/\/www.carideal.com\/blog\/2015\/04\/07\/le-kit-main-libre-interdit\/#primaryimage\",\"url\":\"http:\/\/www.carideal.com\/blog\/wp-content\/uploads\/2015\/04\/kit-main-libre-automobile-300x300.jpg\",\"contentUrl\":\"http:\/\/www.carideal.com\/blog\/wp-content\/uploads\/2015\/04\/kit-main-libre-automobile-300x300.jpg\"},{\"@type\":\"BreadcrumbList\",\"@id\":\"https:\/\/www.carideal.com\/blog\/2015\/04\/07\/le-kit-main-libre-interdit\/#breadcrumb\",\"itemListElement\":[{\"@type\":\"ListItem\",\"position\":1,\"name\":\"Blog Carid\u00e9al\",\"item\":\"https:\/\/www.carideal.com\/blog\/\"},{\"@type\":\"ListItem\",\"position\":2,\"name\":\"Actualit\u00e9 automobile\",\"item\":\"https:\/\/www.carideal.com\/blog\/actualites-auto\/\"},{\"@type\":\"ListItem\",\"position\":3,\"name\":\"Le Kit main Libre interdit en savoir plus\"}]},{\"@type\":\"WebSite\",\"@id\":\"https:\/\/www.carideal.com\/blog\/#website\",\"url\":\"https:\/\/www.carideal.com\/blog\/\",\"name\":\"Blog auto Carid\u00e9al\",\"description\":\"Actualit\u00e9 auto par des passionn\u00e9s\",\"publisher\":{\"@id\":\"https:\/\/www.carideal.com\/blog\/#organization\"},\"potentialAction\":[{\"@type\":\"SearchAction\",\"target\":{\"@type\":\"EntryPoint\",\"urlTemplate\":\"https:\/\/www.carideal.com\/blog\/?s={search_term_string}\"},\"query-input\":{\"@type\":\"PropertyValueSpecification\",\"valueRequired\":true,\"valueName\":\"search_term_string\"}}],\"inLanguage\":\"fr-FR\"},{\"@type\":\"Organization\",\"@id\":\"https:\/\/www.carideal.com\/blog\/#organization\",\"name\":\"Carideal\",\"url\":\"https:\/\/www.carideal.com\/blog\/\",\"logo\":{\"@type\":\"ImageObject\",\"inLanguage\":\"fr-FR\",\"@id\":\"https:\/\/www.carideal.com\/blog\/#\/schema\/logo\/image\/\",\"url\":\"http:\/\/www.carideal.com\/blog\/wp-content\/uploads\/2016\/03\/logo-carideal-mandataire-automobile.png\",\"contentUrl\":\"http:\/\/www.carideal.com\/blog\/wp-content\/uploads\/2016\/03\/logo-carideal-mandataire-automobile.png\",\"width\":300,\"height\":300,\"caption\":\"Carideal\"},\"image\":{\"@id\":\"https:\/\/www.carideal.com\/blog\/#\/schema\/logo\/image\/\"},\"sameAs\":[\"https:\/\/www.facebook.com\/Carideal.mandataire.automobile\",\"https:\/\/x.com\/caridealauto\",\"https:\/\/www.instagram.com\/carideal1\/\",\"https:\/\/www.linkedin.com\/company\/carideal.com\",\"https:\/\/fr.pinterest.com\/schiavonsas\/\",\"https:\/\/www.youtube.com\/user\/caridealsas\"]},{\"@type\":\"Person\",\"@id\":\"https:\/\/www.carideal.com\/blog\/#\/schema\/person\/cd95dc7919660de90d31b366f85be1ec\",\"name\":\"Nicolas SCHIAVON\",\"image\":{\"@type\":\"ImageObject\",\"inLanguage\":\"fr-FR\",\"@id\":\"https:\/\/www.carideal.com\/blog\/#\/schema\/person\/image\/\",\"url\":\"https:\/\/secure.gravatar.com\/avatar\/c17e55009e671d92cc7f5dc837dc418a?s=96&r=g\",\"contentUrl\":\"https:\/\/secure.gravatar.com\/avatar\/c17e55009e671d92cc7f5dc837dc418a?s=96&r=g\",\"caption\":\"Nicolas SCHIAVON\"},\"description\":\"Nicolas Schiavon est tomb\u00e9 tout petit dans la marmite automobile. Ayant eu un garage de marque automobile, mandataire automobile de la premi\u00e8re heure d\u00e8s 1999. Nicolas a cr\u00e9\u00e9 ces premiers sites de vente de voiture et blog automobile d\u00e8s 1994. Carideal est n\u00e9 le 15 d\u00e9cembre 2000 de la volont\u00e9 de vendre des voitures d'occasions en ligne puis des voitures neuves. Il a pu essayer beaucoup de voitures tr\u00e8s diff\u00e9rentes et ayant eu personnellement quelques belles autos, Subaru Impreza, Mitsubishi Lancer Evo 7, Porsche 911, Ferrari Testarrossa, Audi RS3, RS4 et j'en passe...\",\"sameAs\":[\"http:\/\/www.carideal.com\",\"https:\/\/www.facebook.com\/nicolas.schiavon.39\",\"https:\/\/www.instagram.com\/carideal1\/\",\"https:\/\/www.linkedin.com\/in\/nschiavon\/\",\"https:\/\/x.com\/caridealauto\",\"https:\/\/www.youtube.com\/user\/caridealsas\/\"],\"url\":\"https:\/\/www.carideal.com\/blog\/author\/nschiavon\/\"}]}<\/script>\n<!-- \/ Yoast SEO plugin. -->","yoast_head_json":{"title":"Le Kit main Libre interdit en savoir plus - Blog auto Carid\u00e9al","description":"A partir du 30 juin 2015, le kit main libre filaire sera interdit au volant, seuls seront autoris\u00e9 les syst\u00e8mes Bluetooth","robots":{"index":"index","follow":"follow","max-snippet":"max-snippet:-1","max-image-preview":"max-image-preview:large","max-video-preview":"max-video-preview:-1"},"canonical":"https:\/\/www.carideal.com\/blog\/2015\/04\/07\/le-kit-main-libre-interdit\/","og_locale":"fr_FR","og_type":"article","og_title":"Le Kit main Libre interdit en savoir plus - Blog auto Carid\u00e9al","og_description":"A partir du 30 juin 2015, le kit main libre filaire sera interdit au volant, seuls seront autoris\u00e9 les syst\u00e8mes Bluetooth","og_url":"https:\/\/www.carideal.com\/blog\/2015\/04\/07\/le-kit-main-libre-interdit\/","og_site_name":"Blog auto Carid\u00e9al","article_publisher":"https:\/\/www.facebook.com\/Carideal.mandataire.automobile","article_author":"https:\/\/www.facebook.com\/nicolas.schiavon.39","article_published_time":"2015-04-07T10:06:19+00:00","article_modified_time":"2016-10-03T09:40:32+00:00","og_image":[{"url":"http:\/\/www.carideal.com\/blog\/wp-content\/uploads\/2015\/04\/kit-main-libre-automobile-300x300.jpg","type":"","width":"","height":""}],"author":"Nicolas SCHIAVON","twitter_card":"summary_large_image","twitter_creator":"@caridealauto","twitter_site":"@caridealauto","twitter_misc":{"\u00c9crit par":"Nicolas SCHIAVON","Dur\u00e9e de lecture estim\u00e9e":"2 minutes"},"schema":{"@context":"https:\/\/schema.org","@graph":[{"@type":"Article","@id":"https:\/\/www.carideal.com\/blog\/2015\/04\/07\/le-kit-main-libre-interdit\/#article","isPartOf":{"@id":"https:\/\/www.carideal.com\/blog\/2015\/04\/07\/le-kit-main-libre-interdit\/"},"author":{"name":"Nicolas SCHIAVON","@id":"https:\/\/www.carideal.com\/blog\/#\/schema\/person\/cd95dc7919660de90d31b366f85be1ec"},"headline":"Le Kit main Libre interdit en savoir plus","datePublished":"2015-04-07T10:06:19+00:00","dateModified":"2016-10-03T09:40:32+00:00","mainEntityOfPage":{"@id":"https:\/\/www.carideal.com\/blog\/2015\/04\/07\/le-kit-main-libre-interdit\/"},"wordCount":493,"commentCount":0,"publisher":{"@id":"https:\/\/www.carideal.com\/blog\/#organization"},"image":{"@id":"https:\/\/www.carideal.com\/blog\/2015\/04\/07\/le-kit-main-libre-interdit\/#primaryimage"},"thumbnailUrl":"http:\/\/www.carideal.com\/blog\/wp-content\/uploads\/2015\/04\/kit-main-libre-automobile-300x300.jpg","articleSection":["Actualit\u00e9 automobile","Divers","L\u00e9gislation Automobile"],"inLanguage":"fr-FR","potentialAction":[{"@type":"CommentAction","name":"Comment","target":["https:\/\/www.carideal.com\/blog\/2015\/04\/07\/le-kit-main-libre-interdit\/#respond"]}]},{"@type":"WebPage","@id":"https:\/\/www.carideal.com\/blog\/2015\/04\/07\/le-kit-main-libre-interdit\/","url":"https:\/\/www.carideal.com\/blog\/2015\/04\/07\/le-kit-main-libre-interdit\/","name":"Le Kit main Libre interdit en savoir plus - Blog auto Carid\u00e9al","isPartOf":{"@id":"https:\/\/www.carideal.com\/blog\/#website"},"primaryImageOfPage":{"@id":"https:\/\/www.carideal.com\/blog\/2015\/04\/07\/le-kit-main-libre-interdit\/#primaryimage"},"image":{"@id":"https:\/\/www.carideal.com\/blog\/2015\/04\/07\/le-kit-main-libre-interdit\/#primaryimage"},"thumbnailUrl":"http:\/\/www.carideal.com\/blog\/wp-content\/uploads\/2015\/04\/kit-main-libre-automobile-300x300.jpg","datePublished":"2015-04-07T10:06:19+00:00","dateModified":"2016-10-03T09:40:32+00:00","description":"A partir du 30 juin 2015, le kit main libre filaire sera interdit au volant, seuls seront autoris\u00e9 les syst\u00e8mes Bluetooth","breadcrumb":{"@id":"https:\/\/www.carideal.com\/blog\/2015\/04\/07\/le-kit-main-libre-interdit\/#breadcrumb"},"inLanguage":"fr-FR","potentialAction":[{"@type":"ReadAction","target":["https:\/\/www.carideal.com\/blog\/2015\/04\/07\/le-kit-main-libre-interdit\/"]}]},{"@type":"ImageObject","inLanguage":"fr-FR","@id":"https:\/\/www.carideal.com\/blog\/2015\/04\/07\/le-kit-main-libre-interdit\/#primaryimage","url":"http:\/\/www.carideal.com\/blog\/wp-content\/uploads\/2015\/04\/kit-main-libre-automobile-300x300.jpg","contentUrl":"http:\/\/www.carideal.com\/blog\/wp-content\/uploads\/2015\/04\/kit-main-libre-automobile-300x300.jpg"},{"@type":"BreadcrumbList","@id":"https:\/\/www.carideal.com\/blog\/2015\/04\/07\/le-kit-main-libre-interdit\/#breadcrumb","itemListElement":[{"@type":"ListItem","position":1,"name":"Blog Carid\u00e9al","item":"https:\/\/www.carideal.com\/blog\/"},{"@type":"ListItem","position":2,"name":"Actualit\u00e9 automobile","item":"https:\/\/www.carideal.com\/blog\/actualites-auto\/"},{"@type":"ListItem","position":3,"name":"Le Kit main Libre interdit en savoir plus"}]},{"@type":"WebSite","@id":"https:\/\/www.carideal.com\/blog\/#website","url":"https:\/\/www.carideal.com\/blog\/","name":"Blog auto Carid\u00e9al","description":"Actualit\u00e9 auto par des passionn\u00e9s","publisher":{"@id":"https:\/\/www.carideal.com\/blog\/#organization"},"potentialAction":[{"@type":"SearchAction","target":{"@type":"EntryPoint","urlTemplate":"https:\/\/www.carideal.com\/blog\/?s={search_term_string}"},"query-input":{"@type":"PropertyValueSpecification","valueRequired":true,"valueName":"search_term_string"}}],"inLanguage":"fr-FR"},{"@type":"Organization","@id":"https:\/\/www.carideal.com\/blog\/#organization","name":"Carideal","url":"https:\/\/www.carideal.com\/blog\/","logo":{"@type":"ImageObject","inLanguage":"fr-FR","@id":"https:\/\/www.carideal.com\/blog\/#\/schema\/logo\/image\/","url":"http:\/\/www.carideal.com\/blog\/wp-content\/uploads\/2016\/03\/logo-carideal-mandataire-automobile.png","contentUrl":"http:\/\/www.carideal.com\/blog\/wp-content\/uploads\/2016\/03\/logo-carideal-mandataire-automobile.png","width":300,"height":300,"caption":"Carideal"},"image":{"@id":"https:\/\/www.carideal.com\/blog\/#\/schema\/logo\/image\/"},"sameAs":["https:\/\/www.facebook.com\/Carideal.mandataire.automobile","https:\/\/x.com\/caridealauto","https:\/\/www.instagram.com\/carideal1\/","https:\/\/www.linkedin.com\/company\/carideal.com","https:\/\/fr.pinterest.com\/schiavonsas\/","https:\/\/www.youtube.com\/user\/caridealsas"]},{"@type":"Person","@id":"https:\/\/www.carideal.com\/blog\/#\/schema\/person\/cd95dc7919660de90d31b366f85be1ec","name":"Nicolas SCHIAVON","image":{"@type":"ImageObject","inLanguage":"fr-FR","@id":"https:\/\/www.carideal.com\/blog\/#\/schema\/person\/image\/","url":"https:\/\/secure.gravatar.com\/avatar\/c17e55009e671d92cc7f5dc837dc418a?s=96&r=g","contentUrl":"https:\/\/secure.gravatar.com\/avatar\/c17e55009e671d92cc7f5dc837dc418a?s=96&r=g","caption":"Nicolas SCHIAVON"},"description":"Nicolas Schiavon est tomb\u00e9 tout petit dans la marmite automobile. Ayant eu un garage de marque automobile, mandataire automobile de la premi\u00e8re heure d\u00e8s 1999. Nicolas a cr\u00e9\u00e9 ces premiers sites de vente de voiture et blog automobile d\u00e8s 1994. Carideal est n\u00e9 le 15 d\u00e9cembre 2000 de la volont\u00e9 de vendre des voitures d'occasions en ligne puis des voitures neuves. Il a pu essayer beaucoup de voitures tr\u00e8s diff\u00e9rentes et ayant eu personnellement quelques belles autos, Subaru Impreza, Mitsubishi Lancer Evo 7, Porsche 911, Ferrari Testarrossa, Audi RS3, RS4 et j'en passe...","sameAs":["http:\/\/www.carideal.com","https:\/\/www.facebook.com\/nicolas.schiavon.39","https:\/\/www.instagram.com\/carideal1\/","https:\/\/www.linkedin.com\/in\/nschiavon\/","https:\/\/x.com\/caridealauto","https:\/\/www.youtube.com\/user\/caridealsas\/"],"url":"https:\/\/www.carideal.com\/blog\/author\/nschiavon\/"}]}},"uagb_featured_image_src":{"full":false,"thumbnail":false,"medium":false,"medium_large":false,"large":false,"1536x1536":false,"2048x2048":false,"wppr-widget":false},"uagb_author_info":{"display_name":"Nicolas SCHIAVON","author_link":"https:\/\/www.carideal.com\/blog\/author\/nschiavon\/"},"uagb_comment_info":0,"uagb_excerpt":"Tout savoir sur l'interdiction du Kit main Libre A partir du 30 juin, le kits main libre filaire sera interdit au volant, seuls seront autoris\u00e9 les syst\u00e8mes Bluetooth. Le gouvernement commencera aussi l'exp\u00e9rimentation de la baisse de la limitation de vitesse \u00e0 80 km\/h sur quelques routes en France. Le Kit Mains libres est un\u2026","_links":{"self":[{"href":"https:\/\/www.carideal.com\/blog\/wp-json\/wp\/v2\/posts\/5746"}],"collection":[{"href":"https:\/\/www.carideal.com\/blog\/wp-json\/wp\/v2\/posts"}],"about":[{"href":"https:\/\/www.carideal.com\/blog\/wp-json\/wp\/v2\/types\/post"}],"author":[{"embeddable":true,"href":"https:\/\/www.carideal.com\/blog\/wp-json\/wp\/v2\/users\/3"}],"replies":[{"embeddable":true,"href":"https:\/\/www.carideal.com\/blog\/wp-json\/wp\/v2\/comments?post=5746"}],"version-history":[{"count":0,"href":"https:\/\/www.carideal.com\/blog\/wp-json\/wp\/v2\/posts\/5746\/revisions"}],"wp:attachment":[{"href":"https:\/\/www.carideal.com\/blog\/wp-json\/wp\/v2\/media?parent=5746"}],"wp:term":[{"taxonomy":"category","embeddable":true,"href":"https:\/\/www.carideal.com\/blog\/wp-json\/wp\/v2\/categories?post=5746"},{"taxonomy":"post_tag","embeddable":true,"href":"https:\/\/www.carideal.com\/blog\/wp-json\/wp\/v2\/tags?post=5746"}],"curies":[{"name":"wp","href":"https:\/\/api.w.org\/{rel}","templated":true}]}}