{"id":573,"date":"2013-03-13T10:09:00","date_gmt":"2013-03-13T10:09:00","guid":{"rendered":"http:\/\/carideal.com\/blog\/?p=573"},"modified":"2013-03-13T10:09:00","modified_gmt":"2013-03-13T10:09:00","slug":"la-chine-et-son-marche-prometteur","status":"publish","type":"post","link":"https:\/\/www.carideal.com\/blog\/2013\/03\/13\/la-chine-et-son-marche-prometteur\/","title":{"rendered":"La chine et son march\u00e9 prometteur"},"content":{"rendered":"<p><img decoding=\"async\" src=\"\/blog\/public\/.VOLKSWAGEN-usines-FAW-Chine_m.jpg\" alt=\"VOLKSWAGEN-usines-FAW-Chine.JPG\" title=\"VOLKSWAGEN-usines-FAW-Chine.JPG, mar. 2013\" \/><\/p>\n<p>Les premi\u00e8res marques import\u00e9es , <a href=\"\/blog\/index.php?tag\/Volkswagen\">Volkswagen<\/a> ou<a href=\"\/blog\/index.php?tag\/GM\"> GM<\/a> se frottent les mains.On est loin des 24% en taux de croissance annonc\u00e9 entre 2005 et 2010. Mais les ventes devraient continuer de progresser jusqu'en 2020 sur une allure de 8%. Le march\u00e9 devrait ainsi passer de 14.5 millions de v\u00e9hicules \u00e0 quelque 22 millions \u00e0 la fin de la d\u00e9cennie. Dans le m\u00eame temps, la demande \u00e9volue pour se rapprocher de celle des Etats-Unis, de l'Europe et du Japon. Loin d'\u00eatre \u00e9colos, les Chinois continuent d'avoir un penchant pour les<a href=\"\/blog\/index.php?tag\/4x4\"> 4x4<\/a> et les <a href=\"\/blog\/index.php?tag\/SUV\">SUV<\/a> dont les ventes vont augmenter, en moyenne, de 13% par an jusqu'en 2020. Aubaine pour les constructeurs qui y font leurs meilleures marges, ils seront de plus en plus enclins \u00e0 acheter des voitures ch\u00e8res, entre 31000\u20ac et 100000\u20ac. Cependant, du fait de l'\u00e9largissement de la classe moyenne,et bien que l'Etat ait drastiquement r\u00e9duit les subventions accord\u00e9es aux acheteurs de petites cylindr\u00e9es, le gros des ventes ventes va se concentrer sur les voitures de milieu de gamme, affich\u00e9es entre 10 000 et 31000\u20ac. <a href=\"\/blog\/index.php?tag\/McKinsey\">McKinsey<\/a> se veut n\u00e9anmoins prudent et pr\u00e9cise:\"Vendre des voitures en <a href=\"\/blog\/index.php?tag\/chine\">chine<\/a> reste ardu, et des incertitudes peuvent ralentir ou perturber le march\u00e9\". La volatilit\u00e9 de la client\u00e8le, les surcapacit\u00e9s industrielles, la mont\u00e9e des marques nationales et les prises de conscience environnementales compliquent ainsi le travail des constructeurs. Certaines villes comme P\u00e9kin, Shanga\u00ef et Canton limitent, par exemple, la circulation \u00e0 cause de la pollution et du trafic. Et une vingtaine d'autres m\u00e9tropoles devraient suivre d'ici 2020.<\/p>\n","protected":false},"excerpt":{"rendered":"<p>Les premi\u00e8res marques import\u00e9es , Volkswagen ou GM se frottent les mains.On est loin des 24% en taux de croissance annonc\u00e9 entre 2005 et 2010. Mais les ventes devraient continuer de progresser jusqu&rsquo;en 2020 sur une allure de 8%. Le march\u00e9 devrait ainsi passer de 14.5 millions de v\u00e9hicules \u00e0 quelque 22 millions \u00e0 la &#8230; <a title=\"La chine et son march\u00e9 prometteur\" class=\"read-more\" href=\"https:\/\/www.carideal.com\/blog\/2013\/03\/13\/la-chine-et-son-marche-prometteur\/\" aria-label=\"En savoir plus sur La chine et son march\u00e9 prometteur\">Lire plus<\/a><\/p>\n","protected":false},"author":1,"featured_media":0,"comment_status":"open","ping_status":"open","sticky":false,"template":"","format":"standard","meta":{"_uag_custom_page_level_css":"","_themeisle_gutenberg_block_has_review":false,"footnotes":""},"categories":[9],"tags":[163],"class_list":["post-573","post","type-post","status-publish","format-standard","hentry","category-divers","tag-chine"],"wppr_data":[],"yoast_head":"<!-- This site is optimized with the Yoast SEO plugin v24.8.1 - https:\/\/yoast.com\/wordpress\/plugins\/seo\/ -->\n<title>La chine et son march\u00e9 prometteur - Blog auto Carid\u00e9al<\/title>\n<meta name=\"robots\" content=\"index, follow, max-snippet:-1, max-image-preview:large, max-video-preview:-1\" \/>\n<link rel=\"canonical\" href=\"https:\/\/www.carideal.com\/blog\/2013\/03\/13\/la-chine-et-son-marche-prometteur\/\" \/>\n<meta property=\"og:locale\" content=\"fr_FR\" \/>\n<meta property=\"og:type\" content=\"article\" \/>\n<meta property=\"og:title\" content=\"La chine et son march\u00e9 prometteur - Blog auto Carid\u00e9al\" \/>\n<meta property=\"og:description\" content=\"Les premi\u00e8res marques import\u00e9es , Volkswagen ou GM se frottent les mains.On est loin des 24% en taux de croissance annonc\u00e9 entre 2005 et 2010. Mais les ventes devraient continuer de progresser jusqu&#039;en 2020 sur une allure de 8%. Le march\u00e9 devrait ainsi passer de 14.5 millions de v\u00e9hicules \u00e0 quelque 22 millions \u00e0 la ... Lire plus\" \/>\n<meta property=\"og:url\" content=\"https:\/\/www.carideal.com\/blog\/2013\/03\/13\/la-chine-et-son-marche-prometteur\/\" \/>\n<meta property=\"og:site_name\" content=\"Blog auto Carid\u00e9al\" \/>\n<meta property=\"article:publisher\" content=\"https:\/\/www.facebook.com\/Carideal.mandataire.automobile\" \/>\n<meta property=\"article:author\" content=\"https:\/\/www.facebook.com\/Carideal.mandataire.automobile\/\" \/>\n<meta property=\"article:published_time\" content=\"2013-03-13T10:09:00+00:00\" \/>\n<meta property=\"og:image\" content=\"https:\/\/www.carideal.com\/blog\/wp-content\/uploads\/2016\/03\/logo-carideal-mandataire-automobile.png\" \/>\n\t<meta property=\"og:image:width\" content=\"300\" \/>\n\t<meta property=\"og:image:height\" content=\"300\" \/>\n\t<meta property=\"og:image:type\" content=\"image\/png\" \/>\n<meta name=\"author\" content=\"N.S Carideal\" \/>\n<meta name=\"twitter:card\" content=\"summary_large_image\" \/>\n<meta name=\"twitter:creator\" content=\"@caridealauto\" \/>\n<meta name=\"twitter:site\" content=\"@caridealauto\" \/>\n<meta name=\"twitter:label1\" content=\"\u00c9crit par\" \/>\n\t<meta name=\"twitter:data1\" content=\"N.S Carideal\" \/>\n\t<meta name=\"twitter:label2\" content=\"Dur\u00e9e de lecture estim\u00e9e\" \/>\n\t<meta name=\"twitter:data2\" content=\"1 minute\" \/>\n<script type=\"application\/ld+json\" class=\"yoast-schema-graph\">{\"@context\":\"https:\/\/schema.org\",\"@graph\":[{\"@type\":\"Article\",\"@id\":\"https:\/\/www.carideal.com\/blog\/2013\/03\/13\/la-chine-et-son-marche-prometteur\/#article\",\"isPartOf\":{\"@id\":\"https:\/\/www.carideal.com\/blog\/2013\/03\/13\/la-chine-et-son-marche-prometteur\/\"},\"author\":{\"name\":\"N.S Carideal\",\"@id\":\"https:\/\/www.carideal.com\/blog\/#\/schema\/person\/985c7e757d1042d647f21bfaf8d41ebc\"},\"headline\":\"La chine et son march\u00e9 prometteur\",\"datePublished\":\"2013-03-13T10:09:00+00:00\",\"mainEntityOfPage\":{\"@id\":\"https:\/\/www.carideal.com\/blog\/2013\/03\/13\/la-chine-et-son-marche-prometteur\/\"},\"wordCount\":260,\"commentCount\":0,\"publisher\":{\"@id\":\"https:\/\/www.carideal.com\/blog\/#organization\"},\"keywords\":[\"Voiture chinoise\"],\"articleSection\":[\"Divers\"],\"inLanguage\":\"fr-FR\",\"potentialAction\":[{\"@type\":\"CommentAction\",\"name\":\"Comment\",\"target\":[\"https:\/\/www.carideal.com\/blog\/2013\/03\/13\/la-chine-et-son-marche-prometteur\/#respond\"]}]},{\"@type\":\"WebPage\",\"@id\":\"https:\/\/www.carideal.com\/blog\/2013\/03\/13\/la-chine-et-son-marche-prometteur\/\",\"url\":\"https:\/\/www.carideal.com\/blog\/2013\/03\/13\/la-chine-et-son-marche-prometteur\/\",\"name\":\"La chine et son march\u00e9 prometteur - Blog auto Carid\u00e9al\",\"isPartOf\":{\"@id\":\"https:\/\/www.carideal.com\/blog\/#website\"},\"datePublished\":\"2013-03-13T10:09:00+00:00\",\"breadcrumb\":{\"@id\":\"https:\/\/www.carideal.com\/blog\/2013\/03\/13\/la-chine-et-son-marche-prometteur\/#breadcrumb\"},\"inLanguage\":\"fr-FR\",\"potentialAction\":[{\"@type\":\"ReadAction\",\"target\":[\"https:\/\/www.carideal.com\/blog\/2013\/03\/13\/la-chine-et-son-marche-prometteur\/\"]}]},{\"@type\":\"BreadcrumbList\",\"@id\":\"https:\/\/www.carideal.com\/blog\/2013\/03\/13\/la-chine-et-son-marche-prometteur\/#breadcrumb\",\"itemListElement\":[{\"@type\":\"ListItem\",\"position\":1,\"name\":\"Blog Carid\u00e9al\",\"item\":\"https:\/\/www.carideal.com\/blog\/\"},{\"@type\":\"ListItem\",\"position\":2,\"name\":\"Divers\",\"item\":\"https:\/\/www.carideal.com\/blog\/divers\/\"},{\"@type\":\"ListItem\",\"position\":3,\"name\":\"La chine et son march\u00e9 prometteur\"}]},{\"@type\":\"WebSite\",\"@id\":\"https:\/\/www.carideal.com\/blog\/#website\",\"url\":\"https:\/\/www.carideal.com\/blog\/\",\"name\":\"Blog auto Carid\u00e9al\",\"description\":\"Actualit\u00e9 auto par des passionn\u00e9s\",\"publisher\":{\"@id\":\"https:\/\/www.carideal.com\/blog\/#organization\"},\"potentialAction\":[{\"@type\":\"SearchAction\",\"target\":{\"@type\":\"EntryPoint\",\"urlTemplate\":\"https:\/\/www.carideal.com\/blog\/?s={search_term_string}\"},\"query-input\":{\"@type\":\"PropertyValueSpecification\",\"valueRequired\":true,\"valueName\":\"search_term_string\"}}],\"inLanguage\":\"fr-FR\"},{\"@type\":\"Organization\",\"@id\":\"https:\/\/www.carideal.com\/blog\/#organization\",\"name\":\"Carideal\",\"url\":\"https:\/\/www.carideal.com\/blog\/\",\"logo\":{\"@type\":\"ImageObject\",\"inLanguage\":\"fr-FR\",\"@id\":\"https:\/\/www.carideal.com\/blog\/#\/schema\/logo\/image\/\",\"url\":\"http:\/\/www.carideal.com\/blog\/wp-content\/uploads\/2016\/03\/logo-carideal-mandataire-automobile.png\",\"contentUrl\":\"http:\/\/www.carideal.com\/blog\/wp-content\/uploads\/2016\/03\/logo-carideal-mandataire-automobile.png\",\"width\":300,\"height\":300,\"caption\":\"Carideal\"},\"image\":{\"@id\":\"https:\/\/www.carideal.com\/blog\/#\/schema\/logo\/image\/\"},\"sameAs\":[\"https:\/\/www.facebook.com\/Carideal.mandataire.automobile\",\"https:\/\/x.com\/caridealauto\",\"https:\/\/www.instagram.com\/carideal1\/\",\"https:\/\/www.linkedin.com\/company\/carideal.com\",\"https:\/\/fr.pinterest.com\/schiavonsas\/\",\"https:\/\/www.youtube.com\/user\/caridealsas\"]},{\"@type\":\"Person\",\"@id\":\"https:\/\/www.carideal.com\/blog\/#\/schema\/person\/985c7e757d1042d647f21bfaf8d41ebc\",\"name\":\"N.S Carideal\",\"image\":{\"@type\":\"ImageObject\",\"inLanguage\":\"fr-FR\",\"@id\":\"https:\/\/www.carideal.com\/blog\/#\/schema\/person\/image\/\",\"url\":\"https:\/\/secure.gravatar.com\/avatar\/edb7ccdf1a4e3d14aef967760d354d0e?s=96&r=g\",\"contentUrl\":\"https:\/\/secure.gravatar.com\/avatar\/edb7ccdf1a4e3d14aef967760d354d0e?s=96&r=g\",\"caption\":\"N.S Carideal\"},\"description\":\"Depuis tout petit fan d'automobile. Il est question d'essayer et de comparer toutes ces voitures qui nous ont fait r\u00e9ver, avant que celles-ci ne devient uniquement des voitures de collection.\",\"sameAs\":[\"http:\/\/www.carideal.com\/blog\",\"https:\/\/www.facebook.com\/Carideal.mandataire.automobile\/\",\"https:\/\/www.linkedin.com\/in\/nschiavon\/\",\"https:\/\/www.youtube.com\/user\/caridealsas\/\"],\"url\":\"https:\/\/www.carideal.com\/blog\/author\/admin_carideal\/\"}]}<\/script>\n<!-- \/ Yoast SEO plugin. -->","yoast_head_json":{"title":"La chine et son march\u00e9 prometteur - Blog auto Carid\u00e9al","robots":{"index":"index","follow":"follow","max-snippet":"max-snippet:-1","max-image-preview":"max-image-preview:large","max-video-preview":"max-video-preview:-1"},"canonical":"https:\/\/www.carideal.com\/blog\/2013\/03\/13\/la-chine-et-son-marche-prometteur\/","og_locale":"fr_FR","og_type":"article","og_title":"La chine et son march\u00e9 prometteur - Blog auto Carid\u00e9al","og_description":"Les premi\u00e8res marques import\u00e9es , Volkswagen ou GM se frottent les mains.On est loin des 24% en taux de croissance annonc\u00e9 entre 2005 et 2010. Mais les ventes devraient continuer de progresser jusqu'en 2020 sur une allure de 8%. Le march\u00e9 devrait ainsi passer de 14.5 millions de v\u00e9hicules \u00e0 quelque 22 millions \u00e0 la ... Lire plus","og_url":"https:\/\/www.carideal.com\/blog\/2013\/03\/13\/la-chine-et-son-marche-prometteur\/","og_site_name":"Blog auto Carid\u00e9al","article_publisher":"https:\/\/www.facebook.com\/Carideal.mandataire.automobile","article_author":"https:\/\/www.facebook.com\/Carideal.mandataire.automobile\/","article_published_time":"2013-03-13T10:09:00+00:00","og_image":[{"width":300,"height":300,"url":"https:\/\/www.carideal.com\/blog\/wp-content\/uploads\/2016\/03\/logo-carideal-mandataire-automobile.png","type":"image\/png"}],"author":"N.S Carideal","twitter_card":"summary_large_image","twitter_creator":"@caridealauto","twitter_site":"@caridealauto","twitter_misc":{"\u00c9crit par":"N.S Carideal","Dur\u00e9e de lecture estim\u00e9e":"1 minute"},"schema":{"@context":"https:\/\/schema.org","@graph":[{"@type":"Article","@id":"https:\/\/www.carideal.com\/blog\/2013\/03\/13\/la-chine-et-son-marche-prometteur\/#article","isPartOf":{"@id":"https:\/\/www.carideal.com\/blog\/2013\/03\/13\/la-chine-et-son-marche-prometteur\/"},"author":{"name":"N.S Carideal","@id":"https:\/\/www.carideal.com\/blog\/#\/schema\/person\/985c7e757d1042d647f21bfaf8d41ebc"},"headline":"La chine et son march\u00e9 prometteur","datePublished":"2013-03-13T10:09:00+00:00","mainEntityOfPage":{"@id":"https:\/\/www.carideal.com\/blog\/2013\/03\/13\/la-chine-et-son-marche-prometteur\/"},"wordCount":260,"commentCount":0,"publisher":{"@id":"https:\/\/www.carideal.com\/blog\/#organization"},"keywords":["Voiture chinoise"],"articleSection":["Divers"],"inLanguage":"fr-FR","potentialAction":[{"@type":"CommentAction","name":"Comment","target":["https:\/\/www.carideal.com\/blog\/2013\/03\/13\/la-chine-et-son-marche-prometteur\/#respond"]}]},{"@type":"WebPage","@id":"https:\/\/www.carideal.com\/blog\/2013\/03\/13\/la-chine-et-son-marche-prometteur\/","url":"https:\/\/www.carideal.com\/blog\/2013\/03\/13\/la-chine-et-son-marche-prometteur\/","name":"La chine et son march\u00e9 prometteur - Blog auto Carid\u00e9al","isPartOf":{"@id":"https:\/\/www.carideal.com\/blog\/#website"},"datePublished":"2013-03-13T10:09:00+00:00","breadcrumb":{"@id":"https:\/\/www.carideal.com\/blog\/2013\/03\/13\/la-chine-et-son-marche-prometteur\/#breadcrumb"},"inLanguage":"fr-FR","potentialAction":[{"@type":"ReadAction","target":["https:\/\/www.carideal.com\/blog\/2013\/03\/13\/la-chine-et-son-marche-prometteur\/"]}]},{"@type":"BreadcrumbList","@id":"https:\/\/www.carideal.com\/blog\/2013\/03\/13\/la-chine-et-son-marche-prometteur\/#breadcrumb","itemListElement":[{"@type":"ListItem","position":1,"name":"Blog Carid\u00e9al","item":"https:\/\/www.carideal.com\/blog\/"},{"@type":"ListItem","position":2,"name":"Divers","item":"https:\/\/www.carideal.com\/blog\/divers\/"},{"@type":"ListItem","position":3,"name":"La chine et son march\u00e9 prometteur"}]},{"@type":"WebSite","@id":"https:\/\/www.carideal.com\/blog\/#website","url":"https:\/\/www.carideal.com\/blog\/","name":"Blog auto Carid\u00e9al","description":"Actualit\u00e9 auto par des passionn\u00e9s","publisher":{"@id":"https:\/\/www.carideal.com\/blog\/#organization"},"potentialAction":[{"@type":"SearchAction","target":{"@type":"EntryPoint","urlTemplate":"https:\/\/www.carideal.com\/blog\/?s={search_term_string}"},"query-input":{"@type":"PropertyValueSpecification","valueRequired":true,"valueName":"search_term_string"}}],"inLanguage":"fr-FR"},{"@type":"Organization","@id":"https:\/\/www.carideal.com\/blog\/#organization","name":"Carideal","url":"https:\/\/www.carideal.com\/blog\/","logo":{"@type":"ImageObject","inLanguage":"fr-FR","@id":"https:\/\/www.carideal.com\/blog\/#\/schema\/logo\/image\/","url":"http:\/\/www.carideal.com\/blog\/wp-content\/uploads\/2016\/03\/logo-carideal-mandataire-automobile.png","contentUrl":"http:\/\/www.carideal.com\/blog\/wp-content\/uploads\/2016\/03\/logo-carideal-mandataire-automobile.png","width":300,"height":300,"caption":"Carideal"},"image":{"@id":"https:\/\/www.carideal.com\/blog\/#\/schema\/logo\/image\/"},"sameAs":["https:\/\/www.facebook.com\/Carideal.mandataire.automobile","https:\/\/x.com\/caridealauto","https:\/\/www.instagram.com\/carideal1\/","https:\/\/www.linkedin.com\/company\/carideal.com","https:\/\/fr.pinterest.com\/schiavonsas\/","https:\/\/www.youtube.com\/user\/caridealsas"]},{"@type":"Person","@id":"https:\/\/www.carideal.com\/blog\/#\/schema\/person\/985c7e757d1042d647f21bfaf8d41ebc","name":"N.S Carideal","image":{"@type":"ImageObject","inLanguage":"fr-FR","@id":"https:\/\/www.carideal.com\/blog\/#\/schema\/person\/image\/","url":"https:\/\/secure.gravatar.com\/avatar\/edb7ccdf1a4e3d14aef967760d354d0e?s=96&r=g","contentUrl":"https:\/\/secure.gravatar.com\/avatar\/edb7ccdf1a4e3d14aef967760d354d0e?s=96&r=g","caption":"N.S Carideal"},"description":"Depuis tout petit fan d'automobile. Il est question d'essayer et de comparer toutes ces voitures qui nous ont fait r\u00e9ver, avant que celles-ci ne devient uniquement des voitures de collection.","sameAs":["http:\/\/www.carideal.com\/blog","https:\/\/www.facebook.com\/Carideal.mandataire.automobile\/","https:\/\/www.linkedin.com\/in\/nschiavon\/","https:\/\/www.youtube.com\/user\/caridealsas\/"],"url":"https:\/\/www.carideal.com\/blog\/author\/admin_carideal\/"}]}},"uagb_featured_image_src":{"full":false,"thumbnail":false,"medium":false,"medium_large":false,"large":false,"1536x1536":false,"2048x2048":false,"wppr-widget":false},"uagb_author_info":{"display_name":"N.S Carideal","author_link":"https:\/\/www.carideal.com\/blog\/author\/admin_carideal\/"},"uagb_comment_info":0,"uagb_excerpt":"Les premi\u00e8res marques import\u00e9es , Volkswagen ou GM se frottent les mains.On est loin des 24% en taux de croissance annonc\u00e9 entre 2005 et 2010. Mais les ventes devraient continuer de progresser jusqu'en 2020 sur une allure de 8%. Le march\u00e9 devrait ainsi passer de 14.5 millions de v\u00e9hicules \u00e0 quelque 22 millions \u00e0 la\u2026","_links":{"self":[{"href":"https:\/\/www.carideal.com\/blog\/wp-json\/wp\/v2\/posts\/573"}],"collection":[{"href":"https:\/\/www.carideal.com\/blog\/wp-json\/wp\/v2\/posts"}],"about":[{"href":"https:\/\/www.carideal.com\/blog\/wp-json\/wp\/v2\/types\/post"}],"author":[{"embeddable":true,"href":"https:\/\/www.carideal.com\/blog\/wp-json\/wp\/v2\/users\/1"}],"replies":[{"embeddable":true,"href":"https:\/\/www.carideal.com\/blog\/wp-json\/wp\/v2\/comments?post=573"}],"version-history":[{"count":0,"href":"https:\/\/www.carideal.com\/blog\/wp-json\/wp\/v2\/posts\/573\/revisions"}],"wp:attachment":[{"href":"https:\/\/www.carideal.com\/blog\/wp-json\/wp\/v2\/media?parent=573"}],"wp:term":[{"taxonomy":"category","embeddable":true,"href":"https:\/\/www.carideal.com\/blog\/wp-json\/wp\/v2\/categories?post=573"},{"taxonomy":"post_tag","embeddable":true,"href":"https:\/\/www.carideal.com\/blog\/wp-json\/wp\/v2\/tags?post=573"}],"curies":[{"name":"wp","href":"https:\/\/api.w.org\/{rel}","templated":true}]}}