{"id":570,"date":"2013-03-07T21:26:00","date_gmt":"2013-03-07T21:26:00","guid":{"rendered":"http:\/\/carideal.com\/blog\/?p=570"},"modified":"2020-03-07T16:51:54","modified_gmt":"2020-03-07T15:51:54","slug":"300-000-citroen-ds-depuis-le-lancement","status":"publish","type":"post","link":"https:\/\/www.carideal.com\/blog\/2013\/03\/07\/300-000-citroen-ds-depuis-le-lancement\/","title":{"rendered":"300 000 Citroen DS depuis le lancement"},"content":{"rendered":"<p><img decoding=\"async\" title=\" , mar. 2012\" src=\"\/blog\/public\/.achat-citroen-ds4-pas-chere-en-stock-carideal-mandataire-auto_m.jpg\" alt=\" \" \/><\/p>\n<h2>300 000 Citroen DS depuis le lancement<\/h2>\n<p>Depuis que <a href=\"http:\/\/www.carideal.com\/blog\/marque-de-voiture-actualites-essais\/citroen\/\">Citro\u00ebn<\/a> a lanc\u00e9 la <a href=\"http:\/\/www.carideal.com\/blog\/2014\/02\/08\/seulement-20-exemplaires-de-la-citroen-ds3-racing-gold-mat-pour-le-japon\/\">DS3<\/a> en mars 2010, la <a href=\"http:\/\/www.carideal.com\/blog\/2013\/03\/28\/citroen-ds4-2\/\">DS4<\/a> en mai 2011 et de la <a href=\"http:\/\/www.carideal.com\/blog\/marque-de-voiture-actualites-essais\/ds\/ds5\/\">DS5<\/a> en novembre 2011 sont venus \u00e9paul\u00e9 la ligne premium de Citro\u00ebn. C'est un grand succ\u00e8s pour Citro\u00ebn qui a vendu 300 000 exemplaires \u00e0 ce jour : 200 000 DS 3, 65 000 DS 4 et 35 000 <a href=\"http:\/\/www.carideal.com\/blog\/marque-de-voiture-actualites-essais\/ds\/ds5\/\">DS 5<\/a>. La gamme s'est vendu \u00e0 42 % en France. Citro\u00ebn compte se d\u00e9velopper \u00e0 l'international, et hors d'Europe, en particulier en Russie, en Chine, au Br\u00e9sil et Argentine o\u00f9 les DS sont distribu\u00e9es depuis peu. La <a href=\"http:\/\/www.carideal.com\/blog\/2020\/02\/26\/la-nouvelle-berline-ds-9-arrive-en-limousine-phare-pour-la-marque-ds\/\">DS9<\/a> est programm\u00e9 pour 2015. En 2012, les <a href=\"http:\/\/www.carideal.com\/blog\/marque-de-voiture-actualites-essais\/ds\/\">DS<\/a> ont atteint 19% des ventes totales de Citro\u00ebn en France.<\/p>\n<p>\/ Achat Citroen DS3<\/p>\n","protected":false},"excerpt":{"rendered":"<p>300 000 Citroen DS depuis le lancement Depuis que Citro\u00ebn a lanc\u00e9 la DS3 en mars 2010, la DS4 en mai 2011 et de la DS5 en novembre 2011 sont venus \u00e9paul\u00e9 la ligne premium de Citro\u00ebn. C&rsquo;est un grand succ\u00e8s pour Citro\u00ebn qui a vendu 300 000 exemplaires \u00e0 ce jour : 200 000 &#8230; <a title=\"300 000 Citroen DS depuis le lancement\" class=\"read-more\" href=\"https:\/\/www.carideal.com\/blog\/2013\/03\/07\/300-000-citroen-ds-depuis-le-lancement\/\" aria-label=\"En savoir plus sur 300 000 Citroen DS depuis le lancement\">Lire plus<\/a><\/p>\n","protected":false},"author":1,"featured_media":0,"comment_status":"open","ping_status":"open","sticky":false,"template":"","format":"standard","meta":{"_uag_custom_page_level_css":"","_themeisle_gutenberg_block_has_review":false,"footnotes":""},"categories":[6001],"tags":[1360],"class_list":["post-570","post","type-post","status-publish","format-standard","hentry","category-ds","tag-premium"],"wppr_data":{"cwp_meta_box_check":"No"},"yoast_head":"<!-- This site is optimized with the Yoast SEO plugin v24.8.1 - https:\/\/yoast.com\/wordpress\/plugins\/seo\/ -->\n<title>300 000 Citroen DS depuis le lancement - Blog auto Carid\u00e9al<\/title>\n<meta name=\"robots\" content=\"noindex, follow\" \/>\n<meta property=\"og:locale\" content=\"fr_FR\" \/>\n<meta property=\"og:type\" content=\"article\" \/>\n<meta property=\"og:title\" content=\"300 000 Citroen DS depuis le lancement - Blog auto Carid\u00e9al\" \/>\n<meta property=\"og:description\" content=\"300 000 Citroen DS depuis le lancement Depuis que Citro\u00ebn a lanc\u00e9 la DS3 en mars 2010, la DS4 en mai 2011 et de la DS5 en novembre 2011 sont venus \u00e9paul\u00e9 la ligne premium de Citro\u00ebn. C&#039;est un grand succ\u00e8s pour Citro\u00ebn qui a vendu 300 000 exemplaires \u00e0 ce jour : 200 000 ... Lire plus\" \/>\n<meta property=\"og:url\" content=\"https:\/\/www.carideal.com\/blog\/2013\/03\/07\/300-000-citroen-ds-depuis-le-lancement\/\" \/>\n<meta property=\"og:site_name\" content=\"Blog auto Carid\u00e9al\" \/>\n<meta property=\"article:publisher\" content=\"https:\/\/www.facebook.com\/Carideal.mandataire.automobile\" \/>\n<meta property=\"article:author\" content=\"https:\/\/www.facebook.com\/Carideal.mandataire.automobile\/\" \/>\n<meta property=\"article:published_time\" content=\"2013-03-07T21:26:00+00:00\" \/>\n<meta property=\"article:modified_time\" content=\"2020-03-07T15:51:54+00:00\" \/>\n<meta property=\"og:image\" content=\"https:\/\/www.carideal.com\/blog\/wp-content\/uploads\/2016\/03\/logo-carideal-mandataire-automobile.png\" \/>\n\t<meta property=\"og:image:width\" content=\"300\" \/>\n\t<meta property=\"og:image:height\" content=\"300\" \/>\n\t<meta property=\"og:image:type\" content=\"image\/png\" \/>\n<meta name=\"author\" content=\"N.S Carideal\" \/>\n<meta name=\"twitter:card\" content=\"summary_large_image\" \/>\n<meta name=\"twitter:creator\" content=\"@caridealauto\" \/>\n<meta name=\"twitter:site\" content=\"@caridealauto\" \/>\n<meta name=\"twitter:label1\" content=\"\u00c9crit par\" \/>\n\t<meta name=\"twitter:data1\" content=\"N.S Carideal\" \/>\n\t<meta name=\"twitter:label2\" content=\"Dur\u00e9e de lecture estim\u00e9e\" \/>\n\t<meta name=\"twitter:data2\" content=\"1 minute\" \/>\n<script type=\"application\/ld+json\" class=\"yoast-schema-graph\">{\"@context\":\"https:\/\/schema.org\",\"@graph\":[{\"@type\":\"Article\",\"@id\":\"https:\/\/www.carideal.com\/blog\/2013\/03\/07\/300-000-citroen-ds-depuis-le-lancement\/#article\",\"isPartOf\":{\"@id\":\"https:\/\/www.carideal.com\/blog\/2013\/03\/07\/300-000-citroen-ds-depuis-le-lancement\/\"},\"author\":{\"name\":\"N.S Carideal\",\"@id\":\"https:\/\/www.carideal.com\/blog\/#\/schema\/person\/985c7e757d1042d647f21bfaf8d41ebc\"},\"headline\":\"300 000 Citroen DS depuis le lancement\",\"datePublished\":\"2013-03-07T21:26:00+00:00\",\"dateModified\":\"2020-03-07T15:51:54+00:00\",\"mainEntityOfPage\":{\"@id\":\"https:\/\/www.carideal.com\/blog\/2013\/03\/07\/300-000-citroen-ds-depuis-le-lancement\/\"},\"wordCount\":113,\"commentCount\":0,\"publisher\":{\"@id\":\"https:\/\/www.carideal.com\/blog\/#organization\"},\"keywords\":[\"Voiture Premium\"],\"articleSection\":[\"Actualit\u00e9 DS\"],\"inLanguage\":\"fr-FR\",\"potentialAction\":[{\"@type\":\"CommentAction\",\"name\":\"Comment\",\"target\":[\"https:\/\/www.carideal.com\/blog\/2013\/03\/07\/300-000-citroen-ds-depuis-le-lancement\/#respond\"]}]},{\"@type\":\"WebPage\",\"@id\":\"https:\/\/www.carideal.com\/blog\/2013\/03\/07\/300-000-citroen-ds-depuis-le-lancement\/\",\"url\":\"https:\/\/www.carideal.com\/blog\/2013\/03\/07\/300-000-citroen-ds-depuis-le-lancement\/\",\"name\":\"300 000 Citroen DS depuis le lancement - Blog auto Carid\u00e9al\",\"isPartOf\":{\"@id\":\"https:\/\/www.carideal.com\/blog\/#website\"},\"datePublished\":\"2013-03-07T21:26:00+00:00\",\"dateModified\":\"2020-03-07T15:51:54+00:00\",\"breadcrumb\":{\"@id\":\"https:\/\/www.carideal.com\/blog\/2013\/03\/07\/300-000-citroen-ds-depuis-le-lancement\/#breadcrumb\"},\"inLanguage\":\"fr-FR\",\"potentialAction\":[{\"@type\":\"ReadAction\",\"target\":[\"https:\/\/www.carideal.com\/blog\/2013\/03\/07\/300-000-citroen-ds-depuis-le-lancement\/\"]}]},{\"@type\":\"BreadcrumbList\",\"@id\":\"https:\/\/www.carideal.com\/blog\/2013\/03\/07\/300-000-citroen-ds-depuis-le-lancement\/#breadcrumb\",\"itemListElement\":[{\"@type\":\"ListItem\",\"position\":1,\"name\":\"Blog Carid\u00e9al\",\"item\":\"https:\/\/www.carideal.com\/blog\/\"},{\"@type\":\"ListItem\",\"position\":2,\"name\":\"Actualit\u00e9 constructeur automobile\",\"item\":\"https:\/\/www.carideal.com\/blog\/constructeur\/\"},{\"@type\":\"ListItem\",\"position\":3,\"name\":\"Actualit\u00e9 DS\",\"item\":\"https:\/\/www.carideal.com\/blog\/constructeur\/ds\/\"},{\"@type\":\"ListItem\",\"position\":4,\"name\":\"300 000 Citroen DS depuis le lancement\"}]},{\"@type\":\"WebSite\",\"@id\":\"https:\/\/www.carideal.com\/blog\/#website\",\"url\":\"https:\/\/www.carideal.com\/blog\/\",\"name\":\"Blog auto Carid\u00e9al\",\"description\":\"Actualit\u00e9 auto par des passionn\u00e9s\",\"publisher\":{\"@id\":\"https:\/\/www.carideal.com\/blog\/#organization\"},\"potentialAction\":[{\"@type\":\"SearchAction\",\"target\":{\"@type\":\"EntryPoint\",\"urlTemplate\":\"https:\/\/www.carideal.com\/blog\/?s={search_term_string}\"},\"query-input\":{\"@type\":\"PropertyValueSpecification\",\"valueRequired\":true,\"valueName\":\"search_term_string\"}}],\"inLanguage\":\"fr-FR\"},{\"@type\":\"Organization\",\"@id\":\"https:\/\/www.carideal.com\/blog\/#organization\",\"name\":\"Carideal\",\"url\":\"https:\/\/www.carideal.com\/blog\/\",\"logo\":{\"@type\":\"ImageObject\",\"inLanguage\":\"fr-FR\",\"@id\":\"https:\/\/www.carideal.com\/blog\/#\/schema\/logo\/image\/\",\"url\":\"http:\/\/www.carideal.com\/blog\/wp-content\/uploads\/2016\/03\/logo-carideal-mandataire-automobile.png\",\"contentUrl\":\"http:\/\/www.carideal.com\/blog\/wp-content\/uploads\/2016\/03\/logo-carideal-mandataire-automobile.png\",\"width\":300,\"height\":300,\"caption\":\"Carideal\"},\"image\":{\"@id\":\"https:\/\/www.carideal.com\/blog\/#\/schema\/logo\/image\/\"},\"sameAs\":[\"https:\/\/www.facebook.com\/Carideal.mandataire.automobile\",\"https:\/\/x.com\/caridealauto\",\"https:\/\/www.instagram.com\/carideal1\/\",\"https:\/\/www.linkedin.com\/company\/carideal.com\",\"https:\/\/fr.pinterest.com\/schiavonsas\/\",\"https:\/\/www.youtube.com\/user\/caridealsas\"]},{\"@type\":\"Person\",\"@id\":\"https:\/\/www.carideal.com\/blog\/#\/schema\/person\/985c7e757d1042d647f21bfaf8d41ebc\",\"name\":\"N.S Carideal\",\"image\":{\"@type\":\"ImageObject\",\"inLanguage\":\"fr-FR\",\"@id\":\"https:\/\/www.carideal.com\/blog\/#\/schema\/person\/image\/\",\"url\":\"https:\/\/secure.gravatar.com\/avatar\/edb7ccdf1a4e3d14aef967760d354d0e?s=96&r=g\",\"contentUrl\":\"https:\/\/secure.gravatar.com\/avatar\/edb7ccdf1a4e3d14aef967760d354d0e?s=96&r=g\",\"caption\":\"N.S Carideal\"},\"description\":\"Depuis tout petit fan d'automobile. Il est question d'essayer et de comparer toutes ces voitures qui nous ont fait r\u00e9ver, avant que celles-ci ne devient uniquement des voitures de collection.\",\"sameAs\":[\"http:\/\/www.carideal.com\/blog\",\"https:\/\/www.facebook.com\/Carideal.mandataire.automobile\/\",\"https:\/\/www.linkedin.com\/in\/nschiavon\/\",\"https:\/\/www.youtube.com\/user\/caridealsas\/\"],\"url\":\"https:\/\/www.carideal.com\/blog\/author\/admin_carideal\/\"}]}<\/script>\n<!-- \/ Yoast SEO plugin. -->","yoast_head_json":{"title":"300 000 Citroen DS depuis le lancement - Blog auto Carid\u00e9al","robots":{"index":"noindex","follow":"follow"},"og_locale":"fr_FR","og_type":"article","og_title":"300 000 Citroen DS depuis le lancement - Blog auto Carid\u00e9al","og_description":"300 000 Citroen DS depuis le lancement Depuis que Citro\u00ebn a lanc\u00e9 la DS3 en mars 2010, la DS4 en mai 2011 et de la DS5 en novembre 2011 sont venus \u00e9paul\u00e9 la ligne premium de Citro\u00ebn. C'est un grand succ\u00e8s pour Citro\u00ebn qui a vendu 300 000 exemplaires \u00e0 ce jour : 200 000 ... Lire plus","og_url":"https:\/\/www.carideal.com\/blog\/2013\/03\/07\/300-000-citroen-ds-depuis-le-lancement\/","og_site_name":"Blog auto Carid\u00e9al","article_publisher":"https:\/\/www.facebook.com\/Carideal.mandataire.automobile","article_author":"https:\/\/www.facebook.com\/Carideal.mandataire.automobile\/","article_published_time":"2013-03-07T21:26:00+00:00","article_modified_time":"2020-03-07T15:51:54+00:00","og_image":[{"width":300,"height":300,"url":"https:\/\/www.carideal.com\/blog\/wp-content\/uploads\/2016\/03\/logo-carideal-mandataire-automobile.png","type":"image\/png"}],"author":"N.S Carideal","twitter_card":"summary_large_image","twitter_creator":"@caridealauto","twitter_site":"@caridealauto","twitter_misc":{"\u00c9crit par":"N.S Carideal","Dur\u00e9e de lecture estim\u00e9e":"1 minute"},"schema":{"@context":"https:\/\/schema.org","@graph":[{"@type":"Article","@id":"https:\/\/www.carideal.com\/blog\/2013\/03\/07\/300-000-citroen-ds-depuis-le-lancement\/#article","isPartOf":{"@id":"https:\/\/www.carideal.com\/blog\/2013\/03\/07\/300-000-citroen-ds-depuis-le-lancement\/"},"author":{"name":"N.S Carideal","@id":"https:\/\/www.carideal.com\/blog\/#\/schema\/person\/985c7e757d1042d647f21bfaf8d41ebc"},"headline":"300 000 Citroen DS depuis le lancement","datePublished":"2013-03-07T21:26:00+00:00","dateModified":"2020-03-07T15:51:54+00:00","mainEntityOfPage":{"@id":"https:\/\/www.carideal.com\/blog\/2013\/03\/07\/300-000-citroen-ds-depuis-le-lancement\/"},"wordCount":113,"commentCount":0,"publisher":{"@id":"https:\/\/www.carideal.com\/blog\/#organization"},"keywords":["Voiture Premium"],"articleSection":["Actualit\u00e9 DS"],"inLanguage":"fr-FR","potentialAction":[{"@type":"CommentAction","name":"Comment","target":["https:\/\/www.carideal.com\/blog\/2013\/03\/07\/300-000-citroen-ds-depuis-le-lancement\/#respond"]}]},{"@type":"WebPage","@id":"https:\/\/www.carideal.com\/blog\/2013\/03\/07\/300-000-citroen-ds-depuis-le-lancement\/","url":"https:\/\/www.carideal.com\/blog\/2013\/03\/07\/300-000-citroen-ds-depuis-le-lancement\/","name":"300 000 Citroen DS depuis le lancement - Blog auto Carid\u00e9al","isPartOf":{"@id":"https:\/\/www.carideal.com\/blog\/#website"},"datePublished":"2013-03-07T21:26:00+00:00","dateModified":"2020-03-07T15:51:54+00:00","breadcrumb":{"@id":"https:\/\/www.carideal.com\/blog\/2013\/03\/07\/300-000-citroen-ds-depuis-le-lancement\/#breadcrumb"},"inLanguage":"fr-FR","potentialAction":[{"@type":"ReadAction","target":["https:\/\/www.carideal.com\/blog\/2013\/03\/07\/300-000-citroen-ds-depuis-le-lancement\/"]}]},{"@type":"BreadcrumbList","@id":"https:\/\/www.carideal.com\/blog\/2013\/03\/07\/300-000-citroen-ds-depuis-le-lancement\/#breadcrumb","itemListElement":[{"@type":"ListItem","position":1,"name":"Blog Carid\u00e9al","item":"https:\/\/www.carideal.com\/blog\/"},{"@type":"ListItem","position":2,"name":"Actualit\u00e9 constructeur automobile","item":"https:\/\/www.carideal.com\/blog\/constructeur\/"},{"@type":"ListItem","position":3,"name":"Actualit\u00e9 DS","item":"https:\/\/www.carideal.com\/blog\/constructeur\/ds\/"},{"@type":"ListItem","position":4,"name":"300 000 Citroen DS depuis le lancement"}]},{"@type":"WebSite","@id":"https:\/\/www.carideal.com\/blog\/#website","url":"https:\/\/www.carideal.com\/blog\/","name":"Blog auto Carid\u00e9al","description":"Actualit\u00e9 auto par des passionn\u00e9s","publisher":{"@id":"https:\/\/www.carideal.com\/blog\/#organization"},"potentialAction":[{"@type":"SearchAction","target":{"@type":"EntryPoint","urlTemplate":"https:\/\/www.carideal.com\/blog\/?s={search_term_string}"},"query-input":{"@type":"PropertyValueSpecification","valueRequired":true,"valueName":"search_term_string"}}],"inLanguage":"fr-FR"},{"@type":"Organization","@id":"https:\/\/www.carideal.com\/blog\/#organization","name":"Carideal","url":"https:\/\/www.carideal.com\/blog\/","logo":{"@type":"ImageObject","inLanguage":"fr-FR","@id":"https:\/\/www.carideal.com\/blog\/#\/schema\/logo\/image\/","url":"http:\/\/www.carideal.com\/blog\/wp-content\/uploads\/2016\/03\/logo-carideal-mandataire-automobile.png","contentUrl":"http:\/\/www.carideal.com\/blog\/wp-content\/uploads\/2016\/03\/logo-carideal-mandataire-automobile.png","width":300,"height":300,"caption":"Carideal"},"image":{"@id":"https:\/\/www.carideal.com\/blog\/#\/schema\/logo\/image\/"},"sameAs":["https:\/\/www.facebook.com\/Carideal.mandataire.automobile","https:\/\/x.com\/caridealauto","https:\/\/www.instagram.com\/carideal1\/","https:\/\/www.linkedin.com\/company\/carideal.com","https:\/\/fr.pinterest.com\/schiavonsas\/","https:\/\/www.youtube.com\/user\/caridealsas"]},{"@type":"Person","@id":"https:\/\/www.carideal.com\/blog\/#\/schema\/person\/985c7e757d1042d647f21bfaf8d41ebc","name":"N.S Carideal","image":{"@type":"ImageObject","inLanguage":"fr-FR","@id":"https:\/\/www.carideal.com\/blog\/#\/schema\/person\/image\/","url":"https:\/\/secure.gravatar.com\/avatar\/edb7ccdf1a4e3d14aef967760d354d0e?s=96&r=g","contentUrl":"https:\/\/secure.gravatar.com\/avatar\/edb7ccdf1a4e3d14aef967760d354d0e?s=96&r=g","caption":"N.S Carideal"},"description":"Depuis tout petit fan d'automobile. Il est question d'essayer et de comparer toutes ces voitures qui nous ont fait r\u00e9ver, avant que celles-ci ne devient uniquement des voitures de collection.","sameAs":["http:\/\/www.carideal.com\/blog","https:\/\/www.facebook.com\/Carideal.mandataire.automobile\/","https:\/\/www.linkedin.com\/in\/nschiavon\/","https:\/\/www.youtube.com\/user\/caridealsas\/"],"url":"https:\/\/www.carideal.com\/blog\/author\/admin_carideal\/"}]}},"uagb_featured_image_src":{"full":false,"thumbnail":false,"medium":false,"medium_large":false,"large":false,"1536x1536":false,"2048x2048":false,"wppr-widget":false},"uagb_author_info":{"display_name":"N.S Carideal","author_link":"https:\/\/www.carideal.com\/blog\/author\/admin_carideal\/"},"uagb_comment_info":0,"uagb_excerpt":"300 000 Citroen DS depuis le lancement Depuis que Citro\u00ebn a lanc\u00e9 la DS3 en mars 2010, la DS4 en mai 2011 et de la DS5 en novembre 2011 sont venus \u00e9paul\u00e9 la ligne premium de Citro\u00ebn. C'est un grand succ\u00e8s pour Citro\u00ebn qui a vendu 300 000 exemplaires \u00e0 ce jour : 200 000\u2026","_links":{"self":[{"href":"https:\/\/www.carideal.com\/blog\/wp-json\/wp\/v2\/posts\/570"}],"collection":[{"href":"https:\/\/www.carideal.com\/blog\/wp-json\/wp\/v2\/posts"}],"about":[{"href":"https:\/\/www.carideal.com\/blog\/wp-json\/wp\/v2\/types\/post"}],"author":[{"embeddable":true,"href":"https:\/\/www.carideal.com\/blog\/wp-json\/wp\/v2\/users\/1"}],"replies":[{"embeddable":true,"href":"https:\/\/www.carideal.com\/blog\/wp-json\/wp\/v2\/comments?post=570"}],"version-history":[{"count":0,"href":"https:\/\/www.carideal.com\/blog\/wp-json\/wp\/v2\/posts\/570\/revisions"}],"wp:attachment":[{"href":"https:\/\/www.carideal.com\/blog\/wp-json\/wp\/v2\/media?parent=570"}],"wp:term":[{"taxonomy":"category","embeddable":true,"href":"https:\/\/www.carideal.com\/blog\/wp-json\/wp\/v2\/categories?post=570"},{"taxonomy":"post_tag","embeddable":true,"href":"https:\/\/www.carideal.com\/blog\/wp-json\/wp\/v2\/tags?post=570"}],"curies":[{"name":"wp","href":"https:\/\/api.w.org\/{rel}","templated":true}]}}