{"id":5692,"date":"2015-03-24T13:19:43","date_gmt":"2015-03-24T12:19:43","guid":{"rendered":"http:\/\/www.carideal.com\/blog\/?p=5692"},"modified":"2020-03-08T18:01:50","modified_gmt":"2020-03-08T17:01:50","slug":"infiniti-qx30-concept","status":"publish","type":"post","link":"https:\/\/www.carideal.com\/blog\/2015\/03\/24\/infiniti-qx30-concept\/","title":{"rendered":"Infiniti QX30 Concept"},"content":{"rendered":"<figure id=\"attachment_5694\" aria-describedby=\"caption-attachment-5694\" style=\"width: 290px\" class=\"wp-caption alignnone\"><a href=\"http:\/\/www.carideal.com\/blog\/wp-content\/uploads\/2015\/03\/Infiniti-QX30-carideal-blog-automobile1.jpg\"><img loading=\"lazy\" decoding=\"async\" class=\"wp-image-5694 size-medium\" title=\"Infiniti QX30 Concept\" src=\"http:\/\/www.carideal.com\/blog\/wp-content\/uploads\/2015\/03\/Infiniti-QX30-carideal-blog-automobile1-300x194.jpg\" alt=\"Infiniti QX30 Concept\" width=\"300\" height=\"194\" srcset=\"https:\/\/www.carideal.com\/blog\/wp-content\/uploads\/2015\/03\/Infiniti-QX30-carideal-blog-automobile1-300x194.jpg 300w, https:\/\/www.carideal.com\/blog\/wp-content\/uploads\/2015\/03\/Infiniti-QX30-carideal-blog-automobile1-624x404.jpg 624w, https:\/\/www.carideal.com\/blog\/wp-content\/uploads\/2015\/03\/Infiniti-QX30-carideal-blog-automobile1.jpg 633w\" sizes=\"(max-width: 300px) 100vw, 300px\" \/><\/a><figcaption id=\"caption-attachment-5694\" class=\"wp-caption-text\">Infiniti QX30 Concept<\/figcaption><\/figure>\n<h1><strong>Infiniti QX30 Concept<\/strong><\/h1>\n<p><strong>L'Infiniti QX30 Concept Mi SUV,\u00a0mi-coup\u00e9,<\/strong> vient d'\u00eatre pr\u00e9sent\u00e9 au salon de Gen\u00e8ve 2015.<br \/>\nL'infiniti QX30 Concept pr\u00e9figure un nouveau crossover Infinitiavec 4.43 m de long m\u00ealant les traits d'une compact \u00e0 ceux d'un coup\u00e9. Les lignes dynamiques de l'infiniti QX30 concept d\u00e9gagent une impres\u00adsion de robustesse. Il faut dire qu'avec une garde au sol relev\u00e9e \u00e0 19,2 cm, ses \u00e9normes roues de 21 pouces, ses bas de caisse et passages de roues prot\u00e9g\u00e9s et son sabot arri\u00e8re, le QX30 Concept n'a pas oubli\u00e9 les attributs virils des vrais SUV. Il se propose d'ailleurs d'accompa\u00adgner ses occupants en dehors des sentiers battus gr\u00e2ce \u00e0 sa transmission int\u00e9grale. Le futur <span style=\"text-decoration: underline;\">Infiniti QX30<\/span> de s\u00e9rie disposera selon le constructeur \u00ab d'une gamme compl\u00e8te de motorisations pour r\u00e9pondre \u00e0 tous les besoins \u00bb.<\/p>\n<p>Cette version de s\u00e9rie affichera un style tr\u00e8s proche de celui de ce concept et vien\u00addra concurrencer, en 2016, les <span style=\"text-decoration: underline;\">BMW X1<\/span>, <span style=\"text-decoration: underline;\">Audi Q3<\/span> et <span style=\"text-decoration: underline;\">Mercedes GLA<\/span>.<\/p>\n<p>l'infiniti QX30 concept est motoris\u00e9 par un moteur\u00a04-cylindres 2 litres turbo essence dont la puissance est transmise au quatre roues via une\u00a0bo\u00eete automatique \u00e0 7 rapports.<\/p>\n<pre>Retrouvez nos offres d'<span style=\"text-decoration: underline;\">Infiniti occasion<\/span> avec Carideal <span style=\"text-decoration: underline;\"><a href=\"http:\/\/www.carideal.com\/\" target=\"_blank\" rel=\"noopener noreferrer\">mandataire auto<\/a><\/span>.<\/pre>\n<h2>Infiniti veut rebondir<\/h2>\n<p>Infiniti vient de pr\u00e9senter sa future <span style=\"text-decoration: underline;\"><a href=\"http:\/\/www.carideal.com\/blog\/2013\/12\/01\/concept-car-infinity-q30\/\">berline compacte Infiniti\u00a0Q30<\/a><\/span>, et nous pr\u00e9sente maintenant son future SUV au travers de ce concept car.\u00a0Infiniti, la marque premium de <span style=\"text-decoration: underline;\">Nissan<\/span>, ne veut plus se contenter d'un si faible niveau de vente en France : seulement 800 voitures vendues en 2014. La raison de cette m\u00e9vente ? Une marque peu connue, des mod\u00e8les luxueux et chers. Ce d\u00e9faut d'image co\u00fbte cher \u00e0 la marque.<\/p>\n<p>Infiniti est consciente du probl\u00e8me et d\u00e9cline sa gamme vers le bas pour la rendre plus accessible avec la berline Compacte Q30 et ce concept de SUV compact QX30. Ces deux mod\u00e8les seront fabriqu\u00e9s en Angleterre\u00a0(Sunderland) pour le march\u00e9 europ\u00e9en. Le Futur SUV compact nest pr\u00e9sent\u00e9 sous la forme de l'infiniti QX30 Concept. Son style est carr\u00e9ment r\u00e9ussi, les ligne sont modernes et dynamiques. L'int\u00e9rieur est tout aussi aguicheur, et on a h\u00e2te de l'essayer. Pas sur qu'Infiniti conserve tous les ingr\u00e9dients pr\u00e9sent sur ce concept car, comme les belles jantes de 21\", mais on devrait en retrouver pas mal. Les\u00a0si\u00e8ges partiellement recouverts de cuir Connolly avec les\u00a0surpiq\u00fbres bleues, et le double \u00e9cran tactile inaugur\u00e9 sur la <span style=\"text-decoration: underline;\"><a href=\"http:\/\/www.carideal.com\/blog\/2014\/02\/23\/infiniti-q50-2-2d-bva-diesel-170-ch\/\">Q50<\/a><\/span>.<\/p>\n<pre>Retrouvez nos offres de <span style=\"text-decoration: underline;\">voitures d'occasions<\/span><\/pre>\n<h2>Vid\u00e9o du Concept car Infiniti QX30<\/h2>\n<p>Retrouvez en vid\u00e9o la pr\u00e9sentation du Concept car Infiniti QX30 au salon de Gen\u00e8ve.<\/p>\n<p><iframe loading=\"lazy\" src=\"https:\/\/www.youtube.com\/embed\/24Gj1kIuxJI\" width=\"560\" height=\"315\" frameborder=\"0\" allowfullscreen=\"allowfullscreen\"><\/iframe><\/p>\n","protected":false},"excerpt":{"rendered":"<p>Infiniti QX30 Concept L&rsquo;Infiniti QX30 Concept Mi SUV,\u00a0mi-coup\u00e9, vient d&rsquo;\u00eatre pr\u00e9sent\u00e9 au salon de Gen\u00e8ve 2015. L&rsquo;infiniti QX30 Concept pr\u00e9figure un nouveau crossover Infinitiavec 4.43 m de long m\u00ealant les traits d&rsquo;une compact \u00e0 ceux d&rsquo;un coup\u00e9. Les lignes dynamiques de l&rsquo;infiniti QX30 concept d\u00e9gagent une impres\u00adsion de robustesse. Il faut dire qu&rsquo;avec une garde &#8230; <a title=\"Infiniti QX30 Concept\" class=\"read-more\" href=\"https:\/\/www.carideal.com\/blog\/2015\/03\/24\/infiniti-qx30-concept\/\" aria-label=\"En savoir plus sur Infiniti QX30 Concept\">Lire plus<\/a><\/p>\n","protected":false},"author":3,"featured_media":0,"comment_status":"open","ping_status":"open","sticky":false,"template":"","format":"standard","meta":{"_uag_custom_page_level_css":"","_themeisle_gutenberg_block_has_review":false,"footnotes":""},"categories":[2,21,5944,6093,5975,6021,10,5972,6097,6010,5974,18],"tags":[],"class_list":["post-5692","post","type-post","status-publish","format-standard","hentry","category-4x4-suv","category-actualites-auto","category-constructeur","category-infiniti","category-concept-car","category-crossovers","category-marche-automobile-voiture-neuve-occasion-4x4-suv","category-salons","category-salon-de-geneve","category-suv","category-type-de-vehicule","category-videos"],"wppr_data":[],"yoast_head":"<!-- This site is optimized with the Yoast SEO plugin v24.8.1 - https:\/\/yoast.com\/wordpress\/plugins\/seo\/ -->\n<title>Infiniti QX30 Concept - Blog auto Carid\u00e9al<\/title>\n<meta name=\"description\" content=\"L&#039;infiniti QX30 Concept pr\u00e9figure un nouveau crossover Infinitiavec 4.43 m de long m\u00ealant les traits d&#039;une compact \u00e0 ceux d&#039;un coup\u00e9\" \/>\n<meta name=\"robots\" content=\"index, follow, max-snippet:-1, max-image-preview:large, max-video-preview:-1\" \/>\n<link rel=\"canonical\" href=\"https:\/\/www.carideal.com\/blog\/2015\/03\/24\/infiniti-qx30-concept\/\" \/>\n<meta property=\"og:locale\" content=\"fr_FR\" \/>\n<meta property=\"og:type\" content=\"article\" \/>\n<meta property=\"og:title\" content=\"Infiniti QX30 Concept - Blog auto Carid\u00e9al\" \/>\n<meta property=\"og:description\" content=\"L&#039;infiniti QX30 Concept pr\u00e9figure un nouveau crossover Infinitiavec 4.43 m de long m\u00ealant les traits d&#039;une compact \u00e0 ceux d&#039;un coup\u00e9\" \/>\n<meta property=\"og:url\" content=\"https:\/\/www.carideal.com\/blog\/2015\/03\/24\/infiniti-qx30-concept\/\" \/>\n<meta property=\"og:site_name\" content=\"Blog auto Carid\u00e9al\" \/>\n<meta property=\"article:publisher\" content=\"https:\/\/www.facebook.com\/Carideal.mandataire.automobile\" \/>\n<meta property=\"article:author\" content=\"https:\/\/www.facebook.com\/nicolas.schiavon.39\" \/>\n<meta property=\"article:published_time\" content=\"2015-03-24T12:19:43+00:00\" \/>\n<meta property=\"article:modified_time\" content=\"2020-03-08T17:01:50+00:00\" \/>\n<meta property=\"og:image\" content=\"http:\/\/www.carideal.com\/blog\/wp-content\/uploads\/2015\/03\/Infiniti-QX30-carideal-blog-automobile1-300x194.jpg\" \/>\n<meta name=\"author\" content=\"Nicolas SCHIAVON\" \/>\n<meta name=\"twitter:card\" content=\"summary_large_image\" \/>\n<meta name=\"twitter:creator\" content=\"@caridealauto\" \/>\n<meta name=\"twitter:site\" content=\"@caridealauto\" \/>\n<meta name=\"twitter:label1\" content=\"\u00c9crit par\" \/>\n\t<meta name=\"twitter:data1\" content=\"Nicolas SCHIAVON\" \/>\n\t<meta name=\"twitter:label2\" content=\"Dur\u00e9e de lecture estim\u00e9e\" \/>\n\t<meta name=\"twitter:data2\" content=\"2 minutes\" \/>\n<script type=\"application\/ld+json\" class=\"yoast-schema-graph\">{\"@context\":\"https:\/\/schema.org\",\"@graph\":[{\"@type\":\"Article\",\"@id\":\"https:\/\/www.carideal.com\/blog\/2015\/03\/24\/infiniti-qx30-concept\/#article\",\"isPartOf\":{\"@id\":\"https:\/\/www.carideal.com\/blog\/2015\/03\/24\/infiniti-qx30-concept\/\"},\"author\":{\"name\":\"Nicolas SCHIAVON\",\"@id\":\"https:\/\/www.carideal.com\/blog\/#\/schema\/person\/cd95dc7919660de90d31b366f85be1ec\"},\"headline\":\"Infiniti QX30 Concept\",\"datePublished\":\"2015-03-24T12:19:43+00:00\",\"dateModified\":\"2020-03-08T17:01:50+00:00\",\"mainEntityOfPage\":{\"@id\":\"https:\/\/www.carideal.com\/blog\/2015\/03\/24\/infiniti-qx30-concept\/\"},\"wordCount\":442,\"commentCount\":0,\"publisher\":{\"@id\":\"https:\/\/www.carideal.com\/blog\/#organization\"},\"image\":{\"@id\":\"https:\/\/www.carideal.com\/blog\/2015\/03\/24\/infiniti-qx30-concept\/#primaryimage\"},\"thumbnailUrl\":\"http:\/\/www.carideal.com\/blog\/wp-content\/uploads\/2015\/03\/Infiniti-QX30-carideal-blog-automobile1-300x194.jpg\",\"articleSection\":[\"4X4 Actualit\u00e9\",\"Actualit\u00e9 automobile\",\"Actualit\u00e9 Constructeur automobile\",\"Actualit\u00e9 Infiniti\",\"Concept car\",\"Crossover\",\"March\u00e9 automobile\",\"Salon automobile\",\"Salon de Gen\u00e8ve\",\"SUV\",\"Type de v\u00e9hicule\",\"Vid\u00e9o voiture : vid\u00e9o automobile\"],\"inLanguage\":\"fr-FR\",\"potentialAction\":[{\"@type\":\"CommentAction\",\"name\":\"Comment\",\"target\":[\"https:\/\/www.carideal.com\/blog\/2015\/03\/24\/infiniti-qx30-concept\/#respond\"]}]},{\"@type\":\"WebPage\",\"@id\":\"https:\/\/www.carideal.com\/blog\/2015\/03\/24\/infiniti-qx30-concept\/\",\"url\":\"https:\/\/www.carideal.com\/blog\/2015\/03\/24\/infiniti-qx30-concept\/\",\"name\":\"Infiniti QX30 Concept - Blog auto Carid\u00e9al\",\"isPartOf\":{\"@id\":\"https:\/\/www.carideal.com\/blog\/#website\"},\"primaryImageOfPage\":{\"@id\":\"https:\/\/www.carideal.com\/blog\/2015\/03\/24\/infiniti-qx30-concept\/#primaryimage\"},\"image\":{\"@id\":\"https:\/\/www.carideal.com\/blog\/2015\/03\/24\/infiniti-qx30-concept\/#primaryimage\"},\"thumbnailUrl\":\"http:\/\/www.carideal.com\/blog\/wp-content\/uploads\/2015\/03\/Infiniti-QX30-carideal-blog-automobile1-300x194.jpg\",\"datePublished\":\"2015-03-24T12:19:43+00:00\",\"dateModified\":\"2020-03-08T17:01:50+00:00\",\"description\":\"L'infiniti QX30 Concept pr\u00e9figure un nouveau crossover Infinitiavec 4.43 m de long m\u00ealant les traits d'une compact \u00e0 ceux d'un coup\u00e9\",\"breadcrumb\":{\"@id\":\"https:\/\/www.carideal.com\/blog\/2015\/03\/24\/infiniti-qx30-concept\/#breadcrumb\"},\"inLanguage\":\"fr-FR\",\"potentialAction\":[{\"@type\":\"ReadAction\",\"target\":[\"https:\/\/www.carideal.com\/blog\/2015\/03\/24\/infiniti-qx30-concept\/\"]}]},{\"@type\":\"ImageObject\",\"inLanguage\":\"fr-FR\",\"@id\":\"https:\/\/www.carideal.com\/blog\/2015\/03\/24\/infiniti-qx30-concept\/#primaryimage\",\"url\":\"http:\/\/www.carideal.com\/blog\/wp-content\/uploads\/2015\/03\/Infiniti-QX30-carideal-blog-automobile1-300x194.jpg\",\"contentUrl\":\"http:\/\/www.carideal.com\/blog\/wp-content\/uploads\/2015\/03\/Infiniti-QX30-carideal-blog-automobile1-300x194.jpg\"},{\"@type\":\"BreadcrumbList\",\"@id\":\"https:\/\/www.carideal.com\/blog\/2015\/03\/24\/infiniti-qx30-concept\/#breadcrumb\",\"itemListElement\":[{\"@type\":\"ListItem\",\"position\":1,\"name\":\"Blog Carid\u00e9al\",\"item\":\"https:\/\/www.carideal.com\/blog\/\"},{\"@type\":\"ListItem\",\"position\":2,\"name\":\"Type de v\u00e9hicule\",\"item\":\"https:\/\/www.carideal.com\/blog\/type-de-vehicule\/\"},{\"@type\":\"ListItem\",\"position\":3,\"name\":\"4X4 Actualit\u00e9\",\"item\":\"https:\/\/www.carideal.com\/blog\/type-de-vehicule\/4x4-suv\/\"},{\"@type\":\"ListItem\",\"position\":4,\"name\":\"Infiniti QX30 Concept\"}]},{\"@type\":\"WebSite\",\"@id\":\"https:\/\/www.carideal.com\/blog\/#website\",\"url\":\"https:\/\/www.carideal.com\/blog\/\",\"name\":\"Blog auto Carid\u00e9al\",\"description\":\"Actualit\u00e9 auto par des passionn\u00e9s\",\"publisher\":{\"@id\":\"https:\/\/www.carideal.com\/blog\/#organization\"},\"potentialAction\":[{\"@type\":\"SearchAction\",\"target\":{\"@type\":\"EntryPoint\",\"urlTemplate\":\"https:\/\/www.carideal.com\/blog\/?s={search_term_string}\"},\"query-input\":{\"@type\":\"PropertyValueSpecification\",\"valueRequired\":true,\"valueName\":\"search_term_string\"}}],\"inLanguage\":\"fr-FR\"},{\"@type\":\"Organization\",\"@id\":\"https:\/\/www.carideal.com\/blog\/#organization\",\"name\":\"Carideal\",\"url\":\"https:\/\/www.carideal.com\/blog\/\",\"logo\":{\"@type\":\"ImageObject\",\"inLanguage\":\"fr-FR\",\"@id\":\"https:\/\/www.carideal.com\/blog\/#\/schema\/logo\/image\/\",\"url\":\"http:\/\/www.carideal.com\/blog\/wp-content\/uploads\/2016\/03\/logo-carideal-mandataire-automobile.png\",\"contentUrl\":\"http:\/\/www.carideal.com\/blog\/wp-content\/uploads\/2016\/03\/logo-carideal-mandataire-automobile.png\",\"width\":300,\"height\":300,\"caption\":\"Carideal\"},\"image\":{\"@id\":\"https:\/\/www.carideal.com\/blog\/#\/schema\/logo\/image\/\"},\"sameAs\":[\"https:\/\/www.facebook.com\/Carideal.mandataire.automobile\",\"https:\/\/x.com\/caridealauto\",\"https:\/\/www.instagram.com\/carideal1\/\",\"https:\/\/www.linkedin.com\/company\/carideal.com\",\"https:\/\/fr.pinterest.com\/schiavonsas\/\",\"https:\/\/www.youtube.com\/user\/caridealsas\"]},{\"@type\":\"Person\",\"@id\":\"https:\/\/www.carideal.com\/blog\/#\/schema\/person\/cd95dc7919660de90d31b366f85be1ec\",\"name\":\"Nicolas SCHIAVON\",\"image\":{\"@type\":\"ImageObject\",\"inLanguage\":\"fr-FR\",\"@id\":\"https:\/\/www.carideal.com\/blog\/#\/schema\/person\/image\/\",\"url\":\"https:\/\/secure.gravatar.com\/avatar\/c17e55009e671d92cc7f5dc837dc418a?s=96&r=g\",\"contentUrl\":\"https:\/\/secure.gravatar.com\/avatar\/c17e55009e671d92cc7f5dc837dc418a?s=96&r=g\",\"caption\":\"Nicolas SCHIAVON\"},\"description\":\"Nicolas Schiavon est tomb\u00e9 tout petit dans la marmite automobile. Ayant eu un garage de marque automobile, mandataire automobile de la premi\u00e8re heure d\u00e8s 1999. Nicolas a cr\u00e9\u00e9 ces premiers sites de vente de voiture et blog automobile d\u00e8s 1994. Carideal est n\u00e9 le 15 d\u00e9cembre 2000 de la volont\u00e9 de vendre des voitures d'occasions en ligne puis des voitures neuves. Il a pu essayer beaucoup de voitures tr\u00e8s diff\u00e9rentes et ayant eu personnellement quelques belles autos, Subaru Impreza, Mitsubishi Lancer Evo 7, Porsche 911, Ferrari Testarrossa, Audi RS3, RS4 et j'en passe...\",\"sameAs\":[\"http:\/\/www.carideal.com\",\"https:\/\/www.facebook.com\/nicolas.schiavon.39\",\"https:\/\/www.instagram.com\/carideal1\/\",\"https:\/\/www.linkedin.com\/in\/nschiavon\/\",\"https:\/\/x.com\/caridealauto\",\"https:\/\/www.youtube.com\/user\/caridealsas\/\"],\"url\":\"https:\/\/www.carideal.com\/blog\/author\/nschiavon\/\"}]}<\/script>\n<!-- \/ Yoast SEO plugin. -->","yoast_head_json":{"title":"Infiniti QX30 Concept - Blog auto Carid\u00e9al","description":"L'infiniti QX30 Concept pr\u00e9figure un nouveau crossover Infinitiavec 4.43 m de long m\u00ealant les traits d'une compact \u00e0 ceux d'un coup\u00e9","robots":{"index":"index","follow":"follow","max-snippet":"max-snippet:-1","max-image-preview":"max-image-preview:large","max-video-preview":"max-video-preview:-1"},"canonical":"https:\/\/www.carideal.com\/blog\/2015\/03\/24\/infiniti-qx30-concept\/","og_locale":"fr_FR","og_type":"article","og_title":"Infiniti QX30 Concept - Blog auto Carid\u00e9al","og_description":"L'infiniti QX30 Concept pr\u00e9figure un nouveau crossover Infinitiavec 4.43 m de long m\u00ealant les traits d'une compact \u00e0 ceux d'un coup\u00e9","og_url":"https:\/\/www.carideal.com\/blog\/2015\/03\/24\/infiniti-qx30-concept\/","og_site_name":"Blog auto Carid\u00e9al","article_publisher":"https:\/\/www.facebook.com\/Carideal.mandataire.automobile","article_author":"https:\/\/www.facebook.com\/nicolas.schiavon.39","article_published_time":"2015-03-24T12:19:43+00:00","article_modified_time":"2020-03-08T17:01:50+00:00","og_image":[{"url":"http:\/\/www.carideal.com\/blog\/wp-content\/uploads\/2015\/03\/Infiniti-QX30-carideal-blog-automobile1-300x194.jpg","type":"","width":"","height":""}],"author":"Nicolas SCHIAVON","twitter_card":"summary_large_image","twitter_creator":"@caridealauto","twitter_site":"@caridealauto","twitter_misc":{"\u00c9crit par":"Nicolas SCHIAVON","Dur\u00e9e de lecture estim\u00e9e":"2 minutes"},"schema":{"@context":"https:\/\/schema.org","@graph":[{"@type":"Article","@id":"https:\/\/www.carideal.com\/blog\/2015\/03\/24\/infiniti-qx30-concept\/#article","isPartOf":{"@id":"https:\/\/www.carideal.com\/blog\/2015\/03\/24\/infiniti-qx30-concept\/"},"author":{"name":"Nicolas SCHIAVON","@id":"https:\/\/www.carideal.com\/blog\/#\/schema\/person\/cd95dc7919660de90d31b366f85be1ec"},"headline":"Infiniti QX30 Concept","datePublished":"2015-03-24T12:19:43+00:00","dateModified":"2020-03-08T17:01:50+00:00","mainEntityOfPage":{"@id":"https:\/\/www.carideal.com\/blog\/2015\/03\/24\/infiniti-qx30-concept\/"},"wordCount":442,"commentCount":0,"publisher":{"@id":"https:\/\/www.carideal.com\/blog\/#organization"},"image":{"@id":"https:\/\/www.carideal.com\/blog\/2015\/03\/24\/infiniti-qx30-concept\/#primaryimage"},"thumbnailUrl":"http:\/\/www.carideal.com\/blog\/wp-content\/uploads\/2015\/03\/Infiniti-QX30-carideal-blog-automobile1-300x194.jpg","articleSection":["4X4 Actualit\u00e9","Actualit\u00e9 automobile","Actualit\u00e9 Constructeur automobile","Actualit\u00e9 Infiniti","Concept car","Crossover","March\u00e9 automobile","Salon automobile","Salon de Gen\u00e8ve","SUV","Type de v\u00e9hicule","Vid\u00e9o voiture : vid\u00e9o automobile"],"inLanguage":"fr-FR","potentialAction":[{"@type":"CommentAction","name":"Comment","target":["https:\/\/www.carideal.com\/blog\/2015\/03\/24\/infiniti-qx30-concept\/#respond"]}]},{"@type":"WebPage","@id":"https:\/\/www.carideal.com\/blog\/2015\/03\/24\/infiniti-qx30-concept\/","url":"https:\/\/www.carideal.com\/blog\/2015\/03\/24\/infiniti-qx30-concept\/","name":"Infiniti QX30 Concept - Blog auto Carid\u00e9al","isPartOf":{"@id":"https:\/\/www.carideal.com\/blog\/#website"},"primaryImageOfPage":{"@id":"https:\/\/www.carideal.com\/blog\/2015\/03\/24\/infiniti-qx30-concept\/#primaryimage"},"image":{"@id":"https:\/\/www.carideal.com\/blog\/2015\/03\/24\/infiniti-qx30-concept\/#primaryimage"},"thumbnailUrl":"http:\/\/www.carideal.com\/blog\/wp-content\/uploads\/2015\/03\/Infiniti-QX30-carideal-blog-automobile1-300x194.jpg","datePublished":"2015-03-24T12:19:43+00:00","dateModified":"2020-03-08T17:01:50+00:00","description":"L'infiniti QX30 Concept pr\u00e9figure un nouveau crossover Infinitiavec 4.43 m de long m\u00ealant les traits d'une compact \u00e0 ceux d'un coup\u00e9","breadcrumb":{"@id":"https:\/\/www.carideal.com\/blog\/2015\/03\/24\/infiniti-qx30-concept\/#breadcrumb"},"inLanguage":"fr-FR","potentialAction":[{"@type":"ReadAction","target":["https:\/\/www.carideal.com\/blog\/2015\/03\/24\/infiniti-qx30-concept\/"]}]},{"@type":"ImageObject","inLanguage":"fr-FR","@id":"https:\/\/www.carideal.com\/blog\/2015\/03\/24\/infiniti-qx30-concept\/#primaryimage","url":"http:\/\/www.carideal.com\/blog\/wp-content\/uploads\/2015\/03\/Infiniti-QX30-carideal-blog-automobile1-300x194.jpg","contentUrl":"http:\/\/www.carideal.com\/blog\/wp-content\/uploads\/2015\/03\/Infiniti-QX30-carideal-blog-automobile1-300x194.jpg"},{"@type":"BreadcrumbList","@id":"https:\/\/www.carideal.com\/blog\/2015\/03\/24\/infiniti-qx30-concept\/#breadcrumb","itemListElement":[{"@type":"ListItem","position":1,"name":"Blog Carid\u00e9al","item":"https:\/\/www.carideal.com\/blog\/"},{"@type":"ListItem","position":2,"name":"Type de v\u00e9hicule","item":"https:\/\/www.carideal.com\/blog\/type-de-vehicule\/"},{"@type":"ListItem","position":3,"name":"4X4 Actualit\u00e9","item":"https:\/\/www.carideal.com\/blog\/type-de-vehicule\/4x4-suv\/"},{"@type":"ListItem","position":4,"name":"Infiniti QX30 Concept"}]},{"@type":"WebSite","@id":"https:\/\/www.carideal.com\/blog\/#website","url":"https:\/\/www.carideal.com\/blog\/","name":"Blog auto Carid\u00e9al","description":"Actualit\u00e9 auto par des passionn\u00e9s","publisher":{"@id":"https:\/\/www.carideal.com\/blog\/#organization"},"potentialAction":[{"@type":"SearchAction","target":{"@type":"EntryPoint","urlTemplate":"https:\/\/www.carideal.com\/blog\/?s={search_term_string}"},"query-input":{"@type":"PropertyValueSpecification","valueRequired":true,"valueName":"search_term_string"}}],"inLanguage":"fr-FR"},{"@type":"Organization","@id":"https:\/\/www.carideal.com\/blog\/#organization","name":"Carideal","url":"https:\/\/www.carideal.com\/blog\/","logo":{"@type":"ImageObject","inLanguage":"fr-FR","@id":"https:\/\/www.carideal.com\/blog\/#\/schema\/logo\/image\/","url":"http:\/\/www.carideal.com\/blog\/wp-content\/uploads\/2016\/03\/logo-carideal-mandataire-automobile.png","contentUrl":"http:\/\/www.carideal.com\/blog\/wp-content\/uploads\/2016\/03\/logo-carideal-mandataire-automobile.png","width":300,"height":300,"caption":"Carideal"},"image":{"@id":"https:\/\/www.carideal.com\/blog\/#\/schema\/logo\/image\/"},"sameAs":["https:\/\/www.facebook.com\/Carideal.mandataire.automobile","https:\/\/x.com\/caridealauto","https:\/\/www.instagram.com\/carideal1\/","https:\/\/www.linkedin.com\/company\/carideal.com","https:\/\/fr.pinterest.com\/schiavonsas\/","https:\/\/www.youtube.com\/user\/caridealsas"]},{"@type":"Person","@id":"https:\/\/www.carideal.com\/blog\/#\/schema\/person\/cd95dc7919660de90d31b366f85be1ec","name":"Nicolas SCHIAVON","image":{"@type":"ImageObject","inLanguage":"fr-FR","@id":"https:\/\/www.carideal.com\/blog\/#\/schema\/person\/image\/","url":"https:\/\/secure.gravatar.com\/avatar\/c17e55009e671d92cc7f5dc837dc418a?s=96&r=g","contentUrl":"https:\/\/secure.gravatar.com\/avatar\/c17e55009e671d92cc7f5dc837dc418a?s=96&r=g","caption":"Nicolas SCHIAVON"},"description":"Nicolas Schiavon est tomb\u00e9 tout petit dans la marmite automobile. Ayant eu un garage de marque automobile, mandataire automobile de la premi\u00e8re heure d\u00e8s 1999. Nicolas a cr\u00e9\u00e9 ces premiers sites de vente de voiture et blog automobile d\u00e8s 1994. Carideal est n\u00e9 le 15 d\u00e9cembre 2000 de la volont\u00e9 de vendre des voitures d'occasions en ligne puis des voitures neuves. Il a pu essayer beaucoup de voitures tr\u00e8s diff\u00e9rentes et ayant eu personnellement quelques belles autos, Subaru Impreza, Mitsubishi Lancer Evo 7, Porsche 911, Ferrari Testarrossa, Audi RS3, RS4 et j'en passe...","sameAs":["http:\/\/www.carideal.com","https:\/\/www.facebook.com\/nicolas.schiavon.39","https:\/\/www.instagram.com\/carideal1\/","https:\/\/www.linkedin.com\/in\/nschiavon\/","https:\/\/x.com\/caridealauto","https:\/\/www.youtube.com\/user\/caridealsas\/"],"url":"https:\/\/www.carideal.com\/blog\/author\/nschiavon\/"}]}},"uagb_featured_image_src":{"full":false,"thumbnail":false,"medium":false,"medium_large":false,"large":false,"1536x1536":false,"2048x2048":false,"wppr-widget":false},"uagb_author_info":{"display_name":"Nicolas SCHIAVON","author_link":"https:\/\/www.carideal.com\/blog\/author\/nschiavon\/"},"uagb_comment_info":0,"uagb_excerpt":"Infiniti QX30 Concept L'Infiniti QX30 Concept Mi SUV,\u00a0mi-coup\u00e9, vient d'\u00eatre pr\u00e9sent\u00e9 au salon de Gen\u00e8ve 2015. L'infiniti QX30 Concept pr\u00e9figure un nouveau crossover Infinitiavec 4.43 m de long m\u00ealant les traits d'une compact \u00e0 ceux d'un coup\u00e9. Les lignes dynamiques de l'infiniti QX30 concept d\u00e9gagent une impres\u00adsion de robustesse. Il faut dire qu'avec une garde\u2026","_links":{"self":[{"href":"https:\/\/www.carideal.com\/blog\/wp-json\/wp\/v2\/posts\/5692"}],"collection":[{"href":"https:\/\/www.carideal.com\/blog\/wp-json\/wp\/v2\/posts"}],"about":[{"href":"https:\/\/www.carideal.com\/blog\/wp-json\/wp\/v2\/types\/post"}],"author":[{"embeddable":true,"href":"https:\/\/www.carideal.com\/blog\/wp-json\/wp\/v2\/users\/3"}],"replies":[{"embeddable":true,"href":"https:\/\/www.carideal.com\/blog\/wp-json\/wp\/v2\/comments?post=5692"}],"version-history":[{"count":0,"href":"https:\/\/www.carideal.com\/blog\/wp-json\/wp\/v2\/posts\/5692\/revisions"}],"wp:attachment":[{"href":"https:\/\/www.carideal.com\/blog\/wp-json\/wp\/v2\/media?parent=5692"}],"wp:term":[{"taxonomy":"category","embeddable":true,"href":"https:\/\/www.carideal.com\/blog\/wp-json\/wp\/v2\/categories?post=5692"},{"taxonomy":"post_tag","embeddable":true,"href":"https:\/\/www.carideal.com\/blog\/wp-json\/wp\/v2\/tags?post=5692"}],"curies":[{"name":"wp","href":"https:\/\/api.w.org\/{rel}","templated":true}]}}