{"id":5657,"date":"2015-03-11T17:23:36","date_gmt":"2015-03-11T16:23:36","guid":{"rendered":"http:\/\/www.carideal.com\/blog\/?p=5657"},"modified":"2018-10-30T10:34:11","modified_gmt":"2018-10-30T09:34:11","slug":"salon-de-geneve-2015-retour-du-fun","status":"publish","type":"post","link":"https:\/\/www.carideal.com\/blog\/2015\/03\/11\/salon-de-geneve-2015-retour-du-fun\/","title":{"rendered":"Salon de Gen\u00e8ve 2015 Retour du Fun"},"content":{"rendered":"<h1>Salon de Gen\u00e8ve 2015 Retour de flamme<\/h1>\n<h3>L'esprit de s\u00e9rieux semble peu \u00e0 peu desserrer son emprise sur les grands constructeurs. Le Salon de Gen\u00e8ve 2015 prouve que la pas\u00adsion est de retour.<\/h3>\n<p>Pendant plus de six ans, les constructeurs ont fait le dos rond, en attendant des jours meilleurs. Ce parti pris du s\u00e9rieux s'est nette\u00adment ressenti sur leurs productions. La grande majorit\u00e9 des mod\u00e8les manquaient, si ce n'est d'\u00e2me, au moins de folie. L'heure \u00e9tait en ef\u00adfet \u00e0 la standardisation, \u00e0 la rationalisation, \u00e0 la strat\u00e9gie de groupe, aux plateformes com\u00admunes, \u00e0 la course aux \u00e9conomies d'\u00e9chelles. De <a href=\"http:\/\/www.carideal.com\/blog\/marque-de-voiture-actualites-essais\/toyota\/\">Toyota<\/a> \u00e0 <a href=\"http:\/\/www.carideal.com\/blog\/marque-de-voiture-actualites-essais\/volkswagen\/\">Volkswagen<\/a>, de <a href=\"http:\/\/www.carideal.com\/blog\/marque-de-voiture-actualites-essais\/renault\/\">Renault<\/a> \u00e0 <a href=\"http:\/\/www.carideal.com\/blog\/marque-de-voiture-actualites-essais\/fiat\/\">Fiat<\/a> ou de <a href=\"http:\/\/www.carideal.com\/blog\/marque-de-voiture-actualites-essais\/peugeot\/\">Peugeot<\/a> \u00e0 Ford, les sourires avaient d\u00e9sert\u00e9 les calandres. Certes, cette tendance de fond qui traverse le secteur de l'automobile depuis 2008 est toujours aussi forte, et devrait m\u00eame se structurer davantage dans les ann\u00e9es \u00e0 ve\u00adnir avec le jeu de plus en plus courant des alliances, des rachats et des regroupements (voir notre article \u00ab Standardisation et per\u00adsonnalisation \u00bb). Mais le refour de flamme est sensible, et <strong>Gen\u00e8ve 2015<\/strong> en est la parfaite il\u00adlustration, surtout en comparaison avec 2014.<\/p>\n<h3>Les grands noms flambent<\/h3>\n<p>Certes, nous n'\u00e9tions pas tr\u00e8s inquiets pour les grandes marques sportives. <a href=\"http:\/\/www.carideal.com\/blog\/marque-de-voiture-actualites-essais\/porsche\/\">Porsche<\/a> a en\u00adcha\u00een\u00e9 les ann\u00e9es fastes, voguant de records de ventes en chiffres d'affaires plus mirobo\u00adlants les uns que les autres. <a href=\"http:\/\/www.carideal.com\/blog\/marque-de-voiture-actualites-essais\/bentley\/\">Bentley<\/a>, Maserati, Aston Martin, <a href=\"http:\/\/www.carideal.com\/blog\/marque-de-voiture-actualites-essais\/jaguar\/\">Jaguar<\/a>, <a href=\"http:\/\/www.carideal.com\/blog\/marque-de-voiture-actualites-essais\/ferrari\/\">Ferrari<\/a>, Lamborghini, McLaren... pas un des grands bodybuild\u00e9s n'avait autant affich\u00e9 la bonne sant\u00e9 de sa musculature que durant la crise. Mais le retour de ce que les sp\u00e9cialistes annoncent comme les beaux jours n'a pas l'air de ralentir leur entrain, bien au contraire. Le cycle vertueux s'acc\u00e9l\u00e8re m\u00eame. \u00c0 tel point que la course \u00e0 la puissance est relanc\u00e9e, gr\u00e2ce, en partie, aux nouvelles techniques d'hybridation (voir notre article \u00ab L'hybride s'invite partout \u00bb). La strat\u00e9gie de Ferrari est le parfait exemple de ce changement d'\u00e9poque. L'an pass\u00e9, le Che\u00adval cabr\u00e9 pr\u00e9sentait <a href=\"http:\/\/www.carideal.com\/blog\/2013\/08\/01\/ferrari-laferrari\/\">LaFerrari<\/a>, monstre de puissance, de 963 ch (800 thermique et 163 \u00e9lectrique). Aujourd'hui, c'est la version FXX K qui est lanc\u00e9e sur le devant de la sc\u00e8ne.<\/p>\n<p>Son V12\u00a0de 6,3 L gagne 60 ch et son bloc \u00e9lectrique 30 ch, pour une puissance totale de 1 050 ch ! L'orf\u00e8vre italien r\u00e9pond ainsi \u00e0 ses assaillants de plus en plus nombreux. \u00c0 com\u00admencer par McLaren qui sera \u00e0 Gen\u00e8ve avec la 675LT (it\u00e9ration hautes performances de la 650) et avec la P1 GTR, d\u00e9clinaison encore plus radicale de sa P1 (de 916 ch, elle passe \u00e0 plus de 1 000)... L'Aston Martin Vantage GT3, la <a href=\"http:\/\/www.carideal.com\/blog\/2015\/09\/09\/exclusivite-les-photos-du-suv-bentley-bentayga\/\">Bentley Bentayga<\/a>, la Chevrolet Cor\u00advette Z06 (600 ch !), la <a href=\"http:\/\/www.carideal.com\/blog\/2015\/02\/24\/jaguar-xe-2-0d-180-bva8-essai\/\">Jaguar XE<\/a>, et autres monstres d'acier, de carbone, d'aluminium et de chrome viendront jouer les gros bras sur les bords du lac L\u00e9man.<\/p>\n<h3>Les g\u00e9n\u00e9ralistes se remettent au sport<\/h3>\n<p>Alors certes, il est normal que ces grands sp\u00e9\u00adcialistes des supercars s'en donnent \u00e0 c\u0153ur joie, l'inverse aurait \u00e9t\u00e9 surprenant, mais la relative retenue de ces derni\u00e8res ann\u00e9es semble bel et bien appartenir au pass\u00e9. Or, au-del\u00e0 des firmes radicales, ce sont bien tous les constructeurs, m\u00eame les plus g\u00e9n\u00e9ralistes qui reviennent \u00e0 Gen\u00e8ve avec de meilleurs r\u00e9solutions. \u00c0 commencer par celle de se mettre au sport. <a href=\"http:\/\/www.carideal.com\/blog\/marque-de-voiture-actualites-essais\/honda\/\">Honda<\/a>, qui a multipli\u00e9 les sorties placides (<a href=\"http:\/\/www.carideal.com\/blog\/2013\/08\/24\/honda-crv-doccasion\/\">CR-V<\/a>, <a href=\"http:\/\/www.carideal.com\/blog\/2014\/06\/12\/la-honda-civic-tourer\/\">Civic<\/a>, Jazz), d\u00e9barque par exemple, avec une nouvelle g\u00e9n\u00e9ration de la mythique <a href=\"http:\/\/www.carideal.com\/blog\/2015\/01\/31\/honda-nsx-2015-le-retour\/\">NSX<\/a>, grande rivale des Ferrari \u00e0 la fin des ann\u00e9es 80.<\/p>\n<p>Un clin d'\u0153il a m\u00eame que le g\u00e9ant Nippon s'appr\u00eate \u00e0 refaire ses armes en Formule 1, comme \u00e0 la grande \u00e9poque des duels Ferrari\/McLaren. Un signe qui ne trompe pas, le grand retour des versions sport des mod\u00e8les grand public. Condamn\u00e9es il deux ans encore, celles-ci reviennent plus en forme que jamais. <a href=\"http:\/\/www.carideal.com\/blog\/2010\/05\/27\/la-ford-focus-rs-fait-un-carton\/\">Ford Focus RS<\/a>, Seat Leon Cupra, <a href=\"http:\/\/www.carideal.com\/blog\/2014\/11\/25\/volkswagen-golf-r-300-ch-2\/\">Volkswagen Golf R<\/a>, <a href=\"http:\/\/www.carideal.com\/blog\/2010\/05\/21\/le-retour-surprise-de-la-peugeot-308-gti\/\">Peugeot 308 GT GTI<\/a>... un vent de folie regagne les stands m\u00eame les mini-citadines s'y mettent ! La Twingo sort son jogging avec une version GTI muscl\u00e9e et l'Opel Adam arbore, en bombant le torse, un fier sigle S. Rarement ann\u00e9e ne sera donc annonc\u00e9e aussi faste, sur ce plan-l\u00e0 1 du moins.<\/p>\n<h3>Crise de responsabilit\u00e9 ?<\/h3>\n<p>Ce grand retour de l'enthousiasme est sans aucun doute \u00e0 saluer. Il marque l'arriv\u00e9e de jours meilleurs, m\u00eame s'il faut encore rester prudent. Il est r\u00e9jouissant d'\u00e9grener un longue liste de v\u00e9hicules \u00e0 vocation sport tant les passionn\u00e9s en ont \u00e9t\u00e9 priv\u00e9s pendant d'interminables ann\u00e9es. N\u00e9anmoins, pour temp\u00e9rer cet optimisme l\u00e9gitime, il faut tout de m\u00eame signaler que cette grande d\u00e9ferlante sportive se fait au d\u00e9triment d'avanc\u00e9es technologiques plus en accord avec les enjeu \u00e9conomiques et environnementaux de notre \u00e9poque.<\/p>\n<p>Certes, le <a href=\"http:\/\/www.carideal.com\/blog\/2013\/01\/05\/downsizing-150-ch-au-litre-pour-ford\/\">downsizing<\/a> (r\u00e9duction d cylindr\u00e9e du moteur sans perte de puissance et les progr\u00e8s de l'hybridation sont l\u00e0 pour rattraper un bilan plus que passable dans ce domaine. L'\u00e9lectricit\u00e9, bien pr\u00e9sente dans certains concepts, dispara\u00eet peu \u00e0 peu des radars. Et, pendant que tout monde prend beaucoup de plaisir \u00e0 concevoir et \u00e0 d\u00e9couvrir de nouveaux bolides, Toyota ou encore Honda, en sont d\u00e9j\u00e0 \u00e0 commercialiser leurs premiers mod\u00e8les \u00e0 hydrog\u00e8ne destiner \u00e0 la production \u00e0 grande \u00e9chelle. Le vent de folie qui souffle sur Gen\u00e8ve est donc r\u00e9jou\u00efssant et salutaire, mais attention \u00e0 ce qu'il ne fasse pas trop tourner les t\u00eates, ou \u00e0 ce qu'on ne les d\u00e9tourne pas trop des v\u00e9ritables enjeux qui attendent encore le monde de l'automobile.<\/p>\n","protected":false},"excerpt":{"rendered":"<p>Salon de Gen\u00e8ve 2015 Retour de flamme L&rsquo;esprit de s\u00e9rieux semble peu \u00e0 peu desserrer son emprise sur les grands constructeurs. Le Salon de Gen\u00e8ve 2015 prouve que la pas\u00adsion est de retour. Pendant plus de six ans, les constructeurs ont fait le dos rond, en attendant des jours meilleurs. Ce parti pris du s\u00e9rieux &#8230; <a title=\"Salon de Gen\u00e8ve 2015 Retour du Fun\" class=\"read-more\" href=\"https:\/\/www.carideal.com\/blog\/2015\/03\/11\/salon-de-geneve-2015-retour-du-fun\/\" aria-label=\"En savoir plus sur Salon de Gen\u00e8ve 2015 Retour du Fun\">Lire plus<\/a><\/p>\n","protected":false},"author":3,"featured_media":17828,"comment_status":"open","ping_status":"open","sticky":false,"template":"","format":"standard","meta":{"_uag_custom_page_level_css":"","_themeisle_gutenberg_block_has_review":false,"footnotes":""},"categories":[21,5972,6097],"tags":[],"class_list":["post-5657","post","type-post","status-publish","format-standard","has-post-thumbnail","hentry","category-actualites-auto","category-salons","category-salon-de-geneve"],"wppr_data":{"cwp_meta_box_check":"No"},"yoast_head":"<!-- This site is optimized with the Yoast SEO plugin v24.8.1 - https:\/\/yoast.com\/wordpress\/plugins\/seo\/ -->\n<title>Salon de Gen\u00e8ve 2015 Retour du Fun - Blog auto Carid\u00e9al<\/title>\n<meta name=\"description\" content=\"Un retour sur de belles voitures au Salon de Gen\u00e8ve 2015. La passion semble revenu sur les stands du Salon de Gen\u00e8ve 2015. L&#039;esprit de s\u00e9rieux des grands constructeurs semble peu \u00e0 peu desserrer son emprise sur leur cr\u00e9ativit\u00e9. Le Salon de Gen\u00e8ve 2015 prouve que la pas\u00adsion est de retour.\" \/>\n<meta name=\"robots\" content=\"index, follow, max-snippet:-1, max-image-preview:large, max-video-preview:-1\" \/>\n<link rel=\"canonical\" href=\"https:\/\/www.carideal.com\/blog\/2015\/03\/11\/salon-de-geneve-2015-retour-du-fun\/\" \/>\n<meta property=\"og:locale\" content=\"fr_FR\" \/>\n<meta property=\"og:type\" content=\"article\" \/>\n<meta property=\"og:title\" content=\"Salon de Gen\u00e8ve 2015 Retour du Fun - Blog auto Carid\u00e9al\" \/>\n<meta property=\"og:description\" content=\"Un retour sur de belles voitures au Salon de Gen\u00e8ve 2015. La passion semble revenu sur les stands du Salon de Gen\u00e8ve 2015. L&#039;esprit de s\u00e9rieux des grands constructeurs semble peu \u00e0 peu desserrer son emprise sur leur cr\u00e9ativit\u00e9. Le Salon de Gen\u00e8ve 2015 prouve que la pas\u00adsion est de retour.\" \/>\n<meta property=\"og:url\" content=\"https:\/\/www.carideal.com\/blog\/2015\/03\/11\/salon-de-geneve-2015-retour-du-fun\/\" \/>\n<meta property=\"og:site_name\" content=\"Blog auto Carid\u00e9al\" \/>\n<meta property=\"article:publisher\" content=\"https:\/\/www.facebook.com\/Carideal.mandataire.automobile\" \/>\n<meta property=\"article:author\" content=\"https:\/\/www.facebook.com\/nicolas.schiavon.39\" \/>\n<meta property=\"article:published_time\" content=\"2015-03-11T16:23:36+00:00\" \/>\n<meta property=\"article:modified_time\" content=\"2018-10-30T09:34:11+00:00\" \/>\n<meta property=\"og:image\" content=\"https:\/\/www.carideal.com\/blog\/wp-content\/uploads\/2015\/03\/Ford_GT_Salon_Geneve_2015_blog-carideal-automobile-1.jpg\" \/>\n\t<meta property=\"og:image:width\" content=\"633\" \/>\n\t<meta property=\"og:image:height\" content=\"421\" \/>\n\t<meta property=\"og:image:type\" content=\"image\/jpeg\" \/>\n<meta name=\"author\" content=\"Nicolas SCHIAVON\" \/>\n<meta name=\"twitter:card\" content=\"summary_large_image\" \/>\n<meta name=\"twitter:creator\" content=\"@caridealauto\" \/>\n<meta name=\"twitter:site\" content=\"@caridealauto\" \/>\n<meta name=\"twitter:label1\" content=\"\u00c9crit par\" \/>\n\t<meta name=\"twitter:data1\" content=\"Nicolas SCHIAVON\" \/>\n\t<meta name=\"twitter:label2\" content=\"Dur\u00e9e de lecture estim\u00e9e\" \/>\n\t<meta name=\"twitter:data2\" content=\"5 minutes\" \/>\n<script type=\"application\/ld+json\" class=\"yoast-schema-graph\">{\"@context\":\"https:\/\/schema.org\",\"@graph\":[{\"@type\":\"Article\",\"@id\":\"https:\/\/www.carideal.com\/blog\/2015\/03\/11\/salon-de-geneve-2015-retour-du-fun\/#article\",\"isPartOf\":{\"@id\":\"https:\/\/www.carideal.com\/blog\/2015\/03\/11\/salon-de-geneve-2015-retour-du-fun\/\"},\"author\":{\"name\":\"Nicolas SCHIAVON\",\"@id\":\"https:\/\/www.carideal.com\/blog\/#\/schema\/person\/cd95dc7919660de90d31b366f85be1ec\"},\"headline\":\"Salon de Gen\u00e8ve 2015 Retour du Fun\",\"datePublished\":\"2015-03-11T16:23:36+00:00\",\"dateModified\":\"2018-10-30T09:34:11+00:00\",\"mainEntityOfPage\":{\"@id\":\"https:\/\/www.carideal.com\/blog\/2015\/03\/11\/salon-de-geneve-2015-retour-du-fun\/\"},\"wordCount\":936,\"commentCount\":0,\"publisher\":{\"@id\":\"https:\/\/www.carideal.com\/blog\/#organization\"},\"image\":{\"@id\":\"https:\/\/www.carideal.com\/blog\/2015\/03\/11\/salon-de-geneve-2015-retour-du-fun\/#primaryimage\"},\"thumbnailUrl\":\"https:\/\/www.carideal.com\/blog\/wp-content\/uploads\/2015\/03\/Ford_GT_Salon_Geneve_2015_blog-carideal-automobile-1.jpg\",\"articleSection\":[\"Actualit\u00e9 automobile\",\"Salon automobile\",\"Salon de Gen\u00e8ve\"],\"inLanguage\":\"fr-FR\",\"potentialAction\":[{\"@type\":\"CommentAction\",\"name\":\"Comment\",\"target\":[\"https:\/\/www.carideal.com\/blog\/2015\/03\/11\/salon-de-geneve-2015-retour-du-fun\/#respond\"]}]},{\"@type\":\"WebPage\",\"@id\":\"https:\/\/www.carideal.com\/blog\/2015\/03\/11\/salon-de-geneve-2015-retour-du-fun\/\",\"url\":\"https:\/\/www.carideal.com\/blog\/2015\/03\/11\/salon-de-geneve-2015-retour-du-fun\/\",\"name\":\"Salon de Gen\u00e8ve 2015 Retour du Fun - Blog auto Carid\u00e9al\",\"isPartOf\":{\"@id\":\"https:\/\/www.carideal.com\/blog\/#website\"},\"primaryImageOfPage\":{\"@id\":\"https:\/\/www.carideal.com\/blog\/2015\/03\/11\/salon-de-geneve-2015-retour-du-fun\/#primaryimage\"},\"image\":{\"@id\":\"https:\/\/www.carideal.com\/blog\/2015\/03\/11\/salon-de-geneve-2015-retour-du-fun\/#primaryimage\"},\"thumbnailUrl\":\"https:\/\/www.carideal.com\/blog\/wp-content\/uploads\/2015\/03\/Ford_GT_Salon_Geneve_2015_blog-carideal-automobile-1.jpg\",\"datePublished\":\"2015-03-11T16:23:36+00:00\",\"dateModified\":\"2018-10-30T09:34:11+00:00\",\"description\":\"Un retour sur de belles voitures au Salon de Gen\u00e8ve 2015. La passion semble revenu sur les stands du Salon de Gen\u00e8ve 2015. L'esprit de s\u00e9rieux des grands constructeurs semble peu \u00e0 peu desserrer son emprise sur leur cr\u00e9ativit\u00e9. Le Salon de Gen\u00e8ve 2015 prouve que la pas\u00adsion est de retour.\",\"breadcrumb\":{\"@id\":\"https:\/\/www.carideal.com\/blog\/2015\/03\/11\/salon-de-geneve-2015-retour-du-fun\/#breadcrumb\"},\"inLanguage\":\"fr-FR\",\"potentialAction\":[{\"@type\":\"ReadAction\",\"target\":[\"https:\/\/www.carideal.com\/blog\/2015\/03\/11\/salon-de-geneve-2015-retour-du-fun\/\"]}]},{\"@type\":\"ImageObject\",\"inLanguage\":\"fr-FR\",\"@id\":\"https:\/\/www.carideal.com\/blog\/2015\/03\/11\/salon-de-geneve-2015-retour-du-fun\/#primaryimage\",\"url\":\"https:\/\/www.carideal.com\/blog\/wp-content\/uploads\/2015\/03\/Ford_GT_Salon_Geneve_2015_blog-carideal-automobile-1.jpg\",\"contentUrl\":\"https:\/\/www.carideal.com\/blog\/wp-content\/uploads\/2015\/03\/Ford_GT_Salon_Geneve_2015_blog-carideal-automobile-1.jpg\",\"width\":633,\"height\":421,\"caption\":\"Ford GT au Salon de Gen\u00e8ve 2015\"},{\"@type\":\"BreadcrumbList\",\"@id\":\"https:\/\/www.carideal.com\/blog\/2015\/03\/11\/salon-de-geneve-2015-retour-du-fun\/#breadcrumb\",\"itemListElement\":[{\"@type\":\"ListItem\",\"position\":1,\"name\":\"Blog Carid\u00e9al\",\"item\":\"https:\/\/www.carideal.com\/blog\/\"},{\"@type\":\"ListItem\",\"position\":2,\"name\":\"Salon automobile\",\"item\":\"https:\/\/www.carideal.com\/blog\/salons\/\"},{\"@type\":\"ListItem\",\"position\":3,\"name\":\"Salon de Gen\u00e8ve\",\"item\":\"https:\/\/www.carideal.com\/blog\/salons\/salon-de-geneve\/\"},{\"@type\":\"ListItem\",\"position\":4,\"name\":\"Salon de Gen\u00e8ve 2015 Retour du Fun\"}]},{\"@type\":\"WebSite\",\"@id\":\"https:\/\/www.carideal.com\/blog\/#website\",\"url\":\"https:\/\/www.carideal.com\/blog\/\",\"name\":\"Blog auto Carid\u00e9al\",\"description\":\"Actualit\u00e9 auto par des passionn\u00e9s\",\"publisher\":{\"@id\":\"https:\/\/www.carideal.com\/blog\/#organization\"},\"potentialAction\":[{\"@type\":\"SearchAction\",\"target\":{\"@type\":\"EntryPoint\",\"urlTemplate\":\"https:\/\/www.carideal.com\/blog\/?s={search_term_string}\"},\"query-input\":{\"@type\":\"PropertyValueSpecification\",\"valueRequired\":true,\"valueName\":\"search_term_string\"}}],\"inLanguage\":\"fr-FR\"},{\"@type\":\"Organization\",\"@id\":\"https:\/\/www.carideal.com\/blog\/#organization\",\"name\":\"Carideal\",\"url\":\"https:\/\/www.carideal.com\/blog\/\",\"logo\":{\"@type\":\"ImageObject\",\"inLanguage\":\"fr-FR\",\"@id\":\"https:\/\/www.carideal.com\/blog\/#\/schema\/logo\/image\/\",\"url\":\"http:\/\/www.carideal.com\/blog\/wp-content\/uploads\/2016\/03\/logo-carideal-mandataire-automobile.png\",\"contentUrl\":\"http:\/\/www.carideal.com\/blog\/wp-content\/uploads\/2016\/03\/logo-carideal-mandataire-automobile.png\",\"width\":300,\"height\":300,\"caption\":\"Carideal\"},\"image\":{\"@id\":\"https:\/\/www.carideal.com\/blog\/#\/schema\/logo\/image\/\"},\"sameAs\":[\"https:\/\/www.facebook.com\/Carideal.mandataire.automobile\",\"https:\/\/x.com\/caridealauto\",\"https:\/\/www.instagram.com\/carideal1\/\",\"https:\/\/www.linkedin.com\/company\/carideal.com\",\"https:\/\/fr.pinterest.com\/schiavonsas\/\",\"https:\/\/www.youtube.com\/user\/caridealsas\"]},{\"@type\":\"Person\",\"@id\":\"https:\/\/www.carideal.com\/blog\/#\/schema\/person\/cd95dc7919660de90d31b366f85be1ec\",\"name\":\"Nicolas SCHIAVON\",\"image\":{\"@type\":\"ImageObject\",\"inLanguage\":\"fr-FR\",\"@id\":\"https:\/\/www.carideal.com\/blog\/#\/schema\/person\/image\/\",\"url\":\"https:\/\/secure.gravatar.com\/avatar\/c17e55009e671d92cc7f5dc837dc418a?s=96&r=g\",\"contentUrl\":\"https:\/\/secure.gravatar.com\/avatar\/c17e55009e671d92cc7f5dc837dc418a?s=96&r=g\",\"caption\":\"Nicolas SCHIAVON\"},\"description\":\"Nicolas Schiavon est tomb\u00e9 tout petit dans la marmite automobile. Ayant eu un garage de marque automobile, mandataire automobile de la premi\u00e8re heure d\u00e8s 1999. Nicolas a cr\u00e9\u00e9 ces premiers sites de vente de voiture et blog automobile d\u00e8s 1994. Carideal est n\u00e9 le 15 d\u00e9cembre 2000 de la volont\u00e9 de vendre des voitures d'occasions en ligne puis des voitures neuves. Il a pu essayer beaucoup de voitures tr\u00e8s diff\u00e9rentes et ayant eu personnellement quelques belles autos, Subaru Impreza, Mitsubishi Lancer Evo 7, Porsche 911, Ferrari Testarrossa, Audi RS3, RS4 et j'en passe...\",\"sameAs\":[\"http:\/\/www.carideal.com\",\"https:\/\/www.facebook.com\/nicolas.schiavon.39\",\"https:\/\/www.instagram.com\/carideal1\/\",\"https:\/\/www.linkedin.com\/in\/nschiavon\/\",\"https:\/\/x.com\/caridealauto\",\"https:\/\/www.youtube.com\/user\/caridealsas\/\"],\"url\":\"https:\/\/www.carideal.com\/blog\/author\/nschiavon\/\"}]}<\/script>\n<!-- \/ Yoast SEO plugin. -->","yoast_head_json":{"title":"Salon de Gen\u00e8ve 2015 Retour du Fun - Blog auto Carid\u00e9al","description":"Un retour sur de belles voitures au Salon de Gen\u00e8ve 2015. La passion semble revenu sur les stands du Salon de Gen\u00e8ve 2015. L'esprit de s\u00e9rieux des grands constructeurs semble peu \u00e0 peu desserrer son emprise sur leur cr\u00e9ativit\u00e9. Le Salon de Gen\u00e8ve 2015 prouve que la pas\u00adsion est de retour.","robots":{"index":"index","follow":"follow","max-snippet":"max-snippet:-1","max-image-preview":"max-image-preview:large","max-video-preview":"max-video-preview:-1"},"canonical":"https:\/\/www.carideal.com\/blog\/2015\/03\/11\/salon-de-geneve-2015-retour-du-fun\/","og_locale":"fr_FR","og_type":"article","og_title":"Salon de Gen\u00e8ve 2015 Retour du Fun - Blog auto Carid\u00e9al","og_description":"Un retour sur de belles voitures au Salon de Gen\u00e8ve 2015. La passion semble revenu sur les stands du Salon de Gen\u00e8ve 2015. L'esprit de s\u00e9rieux des grands constructeurs semble peu \u00e0 peu desserrer son emprise sur leur cr\u00e9ativit\u00e9. Le Salon de Gen\u00e8ve 2015 prouve que la pas\u00adsion est de retour.","og_url":"https:\/\/www.carideal.com\/blog\/2015\/03\/11\/salon-de-geneve-2015-retour-du-fun\/","og_site_name":"Blog auto Carid\u00e9al","article_publisher":"https:\/\/www.facebook.com\/Carideal.mandataire.automobile","article_author":"https:\/\/www.facebook.com\/nicolas.schiavon.39","article_published_time":"2015-03-11T16:23:36+00:00","article_modified_time":"2018-10-30T09:34:11+00:00","og_image":[{"width":633,"height":421,"url":"https:\/\/www.carideal.com\/blog\/wp-content\/uploads\/2015\/03\/Ford_GT_Salon_Geneve_2015_blog-carideal-automobile-1.jpg","type":"image\/jpeg"}],"author":"Nicolas SCHIAVON","twitter_card":"summary_large_image","twitter_creator":"@caridealauto","twitter_site":"@caridealauto","twitter_misc":{"\u00c9crit par":"Nicolas SCHIAVON","Dur\u00e9e de lecture estim\u00e9e":"5 minutes"},"schema":{"@context":"https:\/\/schema.org","@graph":[{"@type":"Article","@id":"https:\/\/www.carideal.com\/blog\/2015\/03\/11\/salon-de-geneve-2015-retour-du-fun\/#article","isPartOf":{"@id":"https:\/\/www.carideal.com\/blog\/2015\/03\/11\/salon-de-geneve-2015-retour-du-fun\/"},"author":{"name":"Nicolas SCHIAVON","@id":"https:\/\/www.carideal.com\/blog\/#\/schema\/person\/cd95dc7919660de90d31b366f85be1ec"},"headline":"Salon de Gen\u00e8ve 2015 Retour du Fun","datePublished":"2015-03-11T16:23:36+00:00","dateModified":"2018-10-30T09:34:11+00:00","mainEntityOfPage":{"@id":"https:\/\/www.carideal.com\/blog\/2015\/03\/11\/salon-de-geneve-2015-retour-du-fun\/"},"wordCount":936,"commentCount":0,"publisher":{"@id":"https:\/\/www.carideal.com\/blog\/#organization"},"image":{"@id":"https:\/\/www.carideal.com\/blog\/2015\/03\/11\/salon-de-geneve-2015-retour-du-fun\/#primaryimage"},"thumbnailUrl":"https:\/\/www.carideal.com\/blog\/wp-content\/uploads\/2015\/03\/Ford_GT_Salon_Geneve_2015_blog-carideal-automobile-1.jpg","articleSection":["Actualit\u00e9 automobile","Salon automobile","Salon de Gen\u00e8ve"],"inLanguage":"fr-FR","potentialAction":[{"@type":"CommentAction","name":"Comment","target":["https:\/\/www.carideal.com\/blog\/2015\/03\/11\/salon-de-geneve-2015-retour-du-fun\/#respond"]}]},{"@type":"WebPage","@id":"https:\/\/www.carideal.com\/blog\/2015\/03\/11\/salon-de-geneve-2015-retour-du-fun\/","url":"https:\/\/www.carideal.com\/blog\/2015\/03\/11\/salon-de-geneve-2015-retour-du-fun\/","name":"Salon de Gen\u00e8ve 2015 Retour du Fun - Blog auto Carid\u00e9al","isPartOf":{"@id":"https:\/\/www.carideal.com\/blog\/#website"},"primaryImageOfPage":{"@id":"https:\/\/www.carideal.com\/blog\/2015\/03\/11\/salon-de-geneve-2015-retour-du-fun\/#primaryimage"},"image":{"@id":"https:\/\/www.carideal.com\/blog\/2015\/03\/11\/salon-de-geneve-2015-retour-du-fun\/#primaryimage"},"thumbnailUrl":"https:\/\/www.carideal.com\/blog\/wp-content\/uploads\/2015\/03\/Ford_GT_Salon_Geneve_2015_blog-carideal-automobile-1.jpg","datePublished":"2015-03-11T16:23:36+00:00","dateModified":"2018-10-30T09:34:11+00:00","description":"Un retour sur de belles voitures au Salon de Gen\u00e8ve 2015. La passion semble revenu sur les stands du Salon de Gen\u00e8ve 2015. L'esprit de s\u00e9rieux des grands constructeurs semble peu \u00e0 peu desserrer son emprise sur leur cr\u00e9ativit\u00e9. Le Salon de Gen\u00e8ve 2015 prouve que la pas\u00adsion est de retour.","breadcrumb":{"@id":"https:\/\/www.carideal.com\/blog\/2015\/03\/11\/salon-de-geneve-2015-retour-du-fun\/#breadcrumb"},"inLanguage":"fr-FR","potentialAction":[{"@type":"ReadAction","target":["https:\/\/www.carideal.com\/blog\/2015\/03\/11\/salon-de-geneve-2015-retour-du-fun\/"]}]},{"@type":"ImageObject","inLanguage":"fr-FR","@id":"https:\/\/www.carideal.com\/blog\/2015\/03\/11\/salon-de-geneve-2015-retour-du-fun\/#primaryimage","url":"https:\/\/www.carideal.com\/blog\/wp-content\/uploads\/2015\/03\/Ford_GT_Salon_Geneve_2015_blog-carideal-automobile-1.jpg","contentUrl":"https:\/\/www.carideal.com\/blog\/wp-content\/uploads\/2015\/03\/Ford_GT_Salon_Geneve_2015_blog-carideal-automobile-1.jpg","width":633,"height":421,"caption":"Ford GT au Salon de Gen\u00e8ve 2015"},{"@type":"BreadcrumbList","@id":"https:\/\/www.carideal.com\/blog\/2015\/03\/11\/salon-de-geneve-2015-retour-du-fun\/#breadcrumb","itemListElement":[{"@type":"ListItem","position":1,"name":"Blog Carid\u00e9al","item":"https:\/\/www.carideal.com\/blog\/"},{"@type":"ListItem","position":2,"name":"Salon automobile","item":"https:\/\/www.carideal.com\/blog\/salons\/"},{"@type":"ListItem","position":3,"name":"Salon de Gen\u00e8ve","item":"https:\/\/www.carideal.com\/blog\/salons\/salon-de-geneve\/"},{"@type":"ListItem","position":4,"name":"Salon de Gen\u00e8ve 2015 Retour du Fun"}]},{"@type":"WebSite","@id":"https:\/\/www.carideal.com\/blog\/#website","url":"https:\/\/www.carideal.com\/blog\/","name":"Blog auto Carid\u00e9al","description":"Actualit\u00e9 auto par des passionn\u00e9s","publisher":{"@id":"https:\/\/www.carideal.com\/blog\/#organization"},"potentialAction":[{"@type":"SearchAction","target":{"@type":"EntryPoint","urlTemplate":"https:\/\/www.carideal.com\/blog\/?s={search_term_string}"},"query-input":{"@type":"PropertyValueSpecification","valueRequired":true,"valueName":"search_term_string"}}],"inLanguage":"fr-FR"},{"@type":"Organization","@id":"https:\/\/www.carideal.com\/blog\/#organization","name":"Carideal","url":"https:\/\/www.carideal.com\/blog\/","logo":{"@type":"ImageObject","inLanguage":"fr-FR","@id":"https:\/\/www.carideal.com\/blog\/#\/schema\/logo\/image\/","url":"http:\/\/www.carideal.com\/blog\/wp-content\/uploads\/2016\/03\/logo-carideal-mandataire-automobile.png","contentUrl":"http:\/\/www.carideal.com\/blog\/wp-content\/uploads\/2016\/03\/logo-carideal-mandataire-automobile.png","width":300,"height":300,"caption":"Carideal"},"image":{"@id":"https:\/\/www.carideal.com\/blog\/#\/schema\/logo\/image\/"},"sameAs":["https:\/\/www.facebook.com\/Carideal.mandataire.automobile","https:\/\/x.com\/caridealauto","https:\/\/www.instagram.com\/carideal1\/","https:\/\/www.linkedin.com\/company\/carideal.com","https:\/\/fr.pinterest.com\/schiavonsas\/","https:\/\/www.youtube.com\/user\/caridealsas"]},{"@type":"Person","@id":"https:\/\/www.carideal.com\/blog\/#\/schema\/person\/cd95dc7919660de90d31b366f85be1ec","name":"Nicolas SCHIAVON","image":{"@type":"ImageObject","inLanguage":"fr-FR","@id":"https:\/\/www.carideal.com\/blog\/#\/schema\/person\/image\/","url":"https:\/\/secure.gravatar.com\/avatar\/c17e55009e671d92cc7f5dc837dc418a?s=96&r=g","contentUrl":"https:\/\/secure.gravatar.com\/avatar\/c17e55009e671d92cc7f5dc837dc418a?s=96&r=g","caption":"Nicolas SCHIAVON"},"description":"Nicolas Schiavon est tomb\u00e9 tout petit dans la marmite automobile. Ayant eu un garage de marque automobile, mandataire automobile de la premi\u00e8re heure d\u00e8s 1999. Nicolas a cr\u00e9\u00e9 ces premiers sites de vente de voiture et blog automobile d\u00e8s 1994. Carideal est n\u00e9 le 15 d\u00e9cembre 2000 de la volont\u00e9 de vendre des voitures d'occasions en ligne puis des voitures neuves. Il a pu essayer beaucoup de voitures tr\u00e8s diff\u00e9rentes et ayant eu personnellement quelques belles autos, Subaru Impreza, Mitsubishi Lancer Evo 7, Porsche 911, Ferrari Testarrossa, Audi RS3, RS4 et j'en passe...","sameAs":["http:\/\/www.carideal.com","https:\/\/www.facebook.com\/nicolas.schiavon.39","https:\/\/www.instagram.com\/carideal1\/","https:\/\/www.linkedin.com\/in\/nschiavon\/","https:\/\/x.com\/caridealauto","https:\/\/www.youtube.com\/user\/caridealsas\/"],"url":"https:\/\/www.carideal.com\/blog\/author\/nschiavon\/"}]}},"uagb_featured_image_src":{"full":["https:\/\/www.carideal.com\/blog\/wp-content\/uploads\/2015\/03\/Ford_GT_Salon_Geneve_2015_blog-carideal-automobile-1.jpg",633,421,false],"thumbnail":["https:\/\/www.carideal.com\/blog\/wp-content\/uploads\/2015\/03\/Ford_GT_Salon_Geneve_2015_blog-carideal-automobile-1-150x150.jpg",150,150,true],"medium":["https:\/\/www.carideal.com\/blog\/wp-content\/uploads\/2015\/03\/Ford_GT_Salon_Geneve_2015_blog-carideal-automobile-1-300x200.jpg",300,200,true],"medium_large":["https:\/\/www.carideal.com\/blog\/wp-content\/uploads\/2015\/03\/Ford_GT_Salon_Geneve_2015_blog-carideal-automobile-1.jpg",633,421,false],"large":["https:\/\/www.carideal.com\/blog\/wp-content\/uploads\/2015\/03\/Ford_GT_Salon_Geneve_2015_blog-carideal-automobile-1.jpg",633,421,false],"1536x1536":["https:\/\/www.carideal.com\/blog\/wp-content\/uploads\/2015\/03\/Ford_GT_Salon_Geneve_2015_blog-carideal-automobile-1.jpg",633,421,false],"2048x2048":["https:\/\/www.carideal.com\/blog\/wp-content\/uploads\/2015\/03\/Ford_GT_Salon_Geneve_2015_blog-carideal-automobile-1.jpg",633,421,false],"wppr-widget":["https:\/\/www.carideal.com\/blog\/wp-content\/uploads\/2015\/03\/Ford_GT_Salon_Geneve_2015_blog-carideal-automobile-1-50x33.jpg",50,33,true]},"uagb_author_info":{"display_name":"Nicolas SCHIAVON","author_link":"https:\/\/www.carideal.com\/blog\/author\/nschiavon\/"},"uagb_comment_info":0,"uagb_excerpt":"Salon de Gen\u00e8ve 2015 Retour de flamme L'esprit de s\u00e9rieux semble peu \u00e0 peu desserrer son emprise sur les grands constructeurs. Le Salon de Gen\u00e8ve 2015 prouve que la pas\u00adsion est de retour. Pendant plus de six ans, les constructeurs ont fait le dos rond, en attendant des jours meilleurs. Ce parti pris du s\u00e9rieux\u2026","_links":{"self":[{"href":"https:\/\/www.carideal.com\/blog\/wp-json\/wp\/v2\/posts\/5657"}],"collection":[{"href":"https:\/\/www.carideal.com\/blog\/wp-json\/wp\/v2\/posts"}],"about":[{"href":"https:\/\/www.carideal.com\/blog\/wp-json\/wp\/v2\/types\/post"}],"author":[{"embeddable":true,"href":"https:\/\/www.carideal.com\/blog\/wp-json\/wp\/v2\/users\/3"}],"replies":[{"embeddable":true,"href":"https:\/\/www.carideal.com\/blog\/wp-json\/wp\/v2\/comments?post=5657"}],"version-history":[{"count":0,"href":"https:\/\/www.carideal.com\/blog\/wp-json\/wp\/v2\/posts\/5657\/revisions"}],"wp:featuredmedia":[{"embeddable":true,"href":"https:\/\/www.carideal.com\/blog\/wp-json\/wp\/v2\/media\/17828"}],"wp:attachment":[{"href":"https:\/\/www.carideal.com\/blog\/wp-json\/wp\/v2\/media?parent=5657"}],"wp:term":[{"taxonomy":"category","embeddable":true,"href":"https:\/\/www.carideal.com\/blog\/wp-json\/wp\/v2\/categories?post=5657"},{"taxonomy":"post_tag","embeddable":true,"href":"https:\/\/www.carideal.com\/blog\/wp-json\/wp\/v2\/tags?post=5657"}],"curies":[{"name":"wp","href":"https:\/\/api.w.org\/{rel}","templated":true}]}}