{"id":5639,"date":"2015-03-11T12:04:34","date_gmt":"2015-03-11T11:04:34","guid":{"rendered":"http:\/\/www.carideal.com\/blog\/?p=5639"},"modified":"2018-10-09T04:33:54","modified_gmt":"2018-10-09T02:33:54","slug":"4x4-nouveau-kia-sportage","status":"publish","type":"post","link":"https:\/\/www.carideal.com\/blog\/2015\/03\/11\/4x4-nouveau-kia-sportage\/","title":{"rendered":"Nouveau Kia Sportage 2015 4&#215;4"},"content":{"rendered":"<h1>Nouveau Kia Sportage 2015 4x4<\/h1>\n<p><em>Le Kia Sportage 2015 hausse le ton<\/em><\/p>\n<p><strong>Trois ans apr\u00e8s le lancement de la nouvelle version, le Kia sportage Sportage 2015 m\u00e9\u00adritait une remise en forme. Juste quelques nuances pour mieux af\u00adfronter l'\u00e9chiquier europ\u00e9en en\u00adcombr\u00e9 de SUV.<\/strong><br \/>\nKia a mis en les bouch\u00e9es doubles pour re\u00adjoindre le peloton europ\u00e9en des grandes marques. Et avec 7 ans de garantie en plus \u00e7a ne peut faire que du bien. Le Sportage, en 2011, avait affin\u00e9 sa silhouette et rajeuni son bagage technique. \u00c0 <a href=\"http:\/\/www.carideal.com\/blog\/salons\/salon-de-geneve\/\">Gen\u00e8ve<\/a>, Kia avait donc d\u00e9cid\u00e9 de relooker son best-seller d\u00e9j\u00e0 diffus\u00e9 \u00e0 pr\u00e8s de 25 000 exemplaires en France. Oh juste un peu, de quoi justifier la nouveaut\u00e9. Ce sera donc un bloc optique in\u00e9dit entou\u00adrant une calandre nouvelle pour mieux col\u00adler aux effets stylistiques les plus r\u00e9cents du constructeur cor\u00e9en. \u00c0 l'arri\u00e8ie des feux \u00e0 Led et un jeu \u00e9largi de jantes alliage. Ainsi rajeu\u00adni avec quelques petits am\u00e9nagements int\u00e9\u00adrieurs, le <a href=\"http:\/\/www.carideal.com\/blog\/2008\/03\/25\/guide-d-achat-des-suv-compact-diesel\/\">SUV compact<\/a> de Kia peut s'aligner face aux r\u00e9cents mod\u00e8les de la concurrence, <a href=\"http:\/\/www.carideal.com\/blog\/2014\/06\/02\/nissan-qashqai\/\">Qashqai de Nissan<\/a> en t\u00eate.<\/p>\n<h2>Le 4x4 Kia Sportage 2015 en f\u00eate<\/h2>\n<p>Des dispositions telles que le Stop &amp; Start sont \u00e9videmment reconduites, mais on peut aussi disposer du syst\u00e8me de parking automatique (SPAS) et m\u00eame d'un volant chauffant. M\u00eame la conception de base a \u00e9t\u00e9 revue pour \u00e9carter d'anciennes critiques sur un niveau de vibra\u00adtions trop \u00e9lev\u00e9.<br \/>\nLe constructeur cor\u00e9en, par un jeu de bagues et de cales sp\u00e9cifiques sur les diff\u00e9rents points de liaison, y a judicieusement rem\u00e9di\u00e9.<br \/>\nAinsi nanti, le Sportage peut aligner un bel ensemble au catalogue pour un premier prix \u00e0 22 850\u20ac appliqu\u00e9 \u00e0 la version Style d'entr\u00e9e de gamme, \u00e0 moteur essence GDI de 135 chevaux. Dans ces conditions, on doit se contenter d'une version deux roues motrices.<\/p>\n<h2>Le bon rapport pour le Kia Sportage 2015<\/h2>\n<p>Conscient de la tendance g\u00e9n\u00e9rale \u00e0 privil\u00e9gier le look, Kia r\u00e9serve en ef\u00adfet son 4x4 au moteur 2 litres CRDI de 136 chevaux factur\u00e9 \u00e0 partir de 31 250 \u20ac, soit 2 000 \u20ac de plus que la version 4x2 \u00e9quivalente. Pour celui qui ne craint ni des conditions climatiques s\u00e9v\u00e8res ni des reproches \u00e9cologiques, le choix du 1,7 CRDI pourrait donc rapidement s'imposer. Ce petit diesel, \u00e0 condition aussi de pas rouler trop souvent en charge, se r\u00e9v\u00e8le particuli\u00e8rement dynamique. Sa bo\u00eete \u00e0 6 raports, agr\u00e9able et endurante, s'accorde avec le reste. Cette version est propos\u00e9e \u00e0 25 150\u20ac Au final, on red\u00e9couvre un Sportage attachant dans lequel on trouve ais\u00e9ment ses marques. Rien d'exceptionnel, mais tout est \u00e0 sa place, des gros cadrans lumineux \u00e0 l'\u00e9cran central sous un magnifique toit ouvrant en verre ( en option). Bien aux go\u00fbts du jour.<\/p>\n","protected":false},"excerpt":{"rendered":"<p>Nouveau Kia Sportage 2015 4&#215;4 Le Kia Sportage 2015 hausse le ton Trois ans apr\u00e8s le lancement de la nouvelle version, le Kia sportage Sportage 2015 m\u00e9\u00adritait une remise en forme. Juste quelques nuances pour mieux af\u00adfronter l&rsquo;\u00e9chiquier europ\u00e9en en\u00adcombr\u00e9 de SUV. Kia a mis en les bouch\u00e9es doubles pour re\u00adjoindre le peloton europ\u00e9en des &#8230; <a title=\"Nouveau Kia Sportage 2015 4&#215;4\" class=\"read-more\" href=\"https:\/\/www.carideal.com\/blog\/2015\/03\/11\/4x4-nouveau-kia-sportage\/\" aria-label=\"En savoir plus sur Nouveau Kia Sportage 2015 4&#215;4\">Lire plus<\/a><\/p>\n","protected":false},"author":3,"featured_media":5640,"comment_status":"open","ping_status":"open","sticky":false,"template":"","format":"standard","meta":{"_uag_custom_page_level_css":"","_themeisle_gutenberg_block_has_review":false,"footnotes":""},"categories":[2,6053,6010],"tags":[1845,6236],"class_list":["post-5639","post","type-post","status-publish","format-standard","has-post-thumbnail","hentry","category-4x4-suv","category-kia","category-suv","tag-quatre-roues-motrices","tag-guide-achat-4x4-et-suv"],"wppr_data":{"cwp_meta_box_check":"No"},"yoast_head":"<!-- This site is optimized with the Yoast SEO plugin v24.8.1 - https:\/\/yoast.com\/wordpress\/plugins\/seo\/ -->\n<title>Nouveau Kia Sportage 2015 4x4 - Blog auto Carid\u00e9al<\/title>\n<meta name=\"description\" content=\"Nouveau Kia Sportage 2015 4x4 description des nouvelles ambitions \u00e0 la hausse de la marque cor\u00e9enne pour son SUV.\" \/>\n<meta name=\"robots\" content=\"index, follow, max-snippet:-1, max-image-preview:large, max-video-preview:-1\" \/>\n<link rel=\"canonical\" href=\"https:\/\/www.carideal.com\/blog\/2015\/03\/11\/4x4-nouveau-kia-sportage\/\" \/>\n<meta property=\"og:locale\" content=\"fr_FR\" \/>\n<meta property=\"og:type\" content=\"article\" \/>\n<meta property=\"og:title\" content=\"Nouveau Kia Sportage 2015 4x4 - Blog auto Carid\u00e9al\" \/>\n<meta property=\"og:description\" content=\"Nouveau Kia Sportage 2015 4x4 description des nouvelles ambitions \u00e0 la hausse de la marque cor\u00e9enne pour son SUV.\" \/>\n<meta property=\"og:url\" content=\"https:\/\/www.carideal.com\/blog\/2015\/03\/11\/4x4-nouveau-kia-sportage\/\" \/>\n<meta property=\"og:site_name\" content=\"Blog auto Carid\u00e9al\" \/>\n<meta property=\"article:publisher\" content=\"https:\/\/www.facebook.com\/Carideal.mandataire.automobile\" \/>\n<meta property=\"article:author\" content=\"https:\/\/www.facebook.com\/nicolas.schiavon.39\" \/>\n<meta property=\"article:published_time\" content=\"2015-03-11T11:04:34+00:00\" \/>\n<meta property=\"article:modified_time\" content=\"2018-10-09T02:33:54+00:00\" \/>\n<meta property=\"og:image\" content=\"https:\/\/www.carideal.com\/blog\/wp-content\/uploads\/2015\/03\/kia-sportage-2015-blog-automobile-carideal-e1572987774368.jpg\" \/>\n\t<meta property=\"og:image:width\" content=\"600\" \/>\n\t<meta property=\"og:image:height\" content=\"401\" \/>\n\t<meta property=\"og:image:type\" content=\"image\/jpeg\" \/>\n<meta name=\"author\" content=\"Nicolas SCHIAVON\" \/>\n<meta name=\"twitter:card\" content=\"summary_large_image\" \/>\n<meta name=\"twitter:creator\" content=\"@caridealauto\" \/>\n<meta name=\"twitter:site\" content=\"@caridealauto\" \/>\n<meta name=\"twitter:label1\" content=\"\u00c9crit par\" \/>\n\t<meta name=\"twitter:data1\" content=\"Nicolas SCHIAVON\" \/>\n\t<meta name=\"twitter:label2\" content=\"Dur\u00e9e de lecture estim\u00e9e\" \/>\n\t<meta name=\"twitter:data2\" content=\"2 minutes\" \/>\n<script type=\"application\/ld+json\" class=\"yoast-schema-graph\">{\"@context\":\"https:\/\/schema.org\",\"@graph\":[{\"@type\":\"Article\",\"@id\":\"https:\/\/www.carideal.com\/blog\/2015\/03\/11\/4x4-nouveau-kia-sportage\/#article\",\"isPartOf\":{\"@id\":\"https:\/\/www.carideal.com\/blog\/2015\/03\/11\/4x4-nouveau-kia-sportage\/\"},\"author\":{\"name\":\"Nicolas SCHIAVON\",\"@id\":\"https:\/\/www.carideal.com\/blog\/#\/schema\/person\/cd95dc7919660de90d31b366f85be1ec\"},\"headline\":\"Nouveau Kia Sportage 2015 4&#215;4\",\"datePublished\":\"2015-03-11T11:04:34+00:00\",\"dateModified\":\"2018-10-09T02:33:54+00:00\",\"mainEntityOfPage\":{\"@id\":\"https:\/\/www.carideal.com\/blog\/2015\/03\/11\/4x4-nouveau-kia-sportage\/\"},\"wordCount\":465,\"commentCount\":0,\"publisher\":{\"@id\":\"https:\/\/www.carideal.com\/blog\/#organization\"},\"image\":{\"@id\":\"https:\/\/www.carideal.com\/blog\/2015\/03\/11\/4x4-nouveau-kia-sportage\/#primaryimage\"},\"thumbnailUrl\":\"https:\/\/www.carideal.com\/blog\/wp-content\/uploads\/2015\/03\/kia-sportage-2015-blog-automobile-carideal-e1572987774368.jpg\",\"keywords\":[\"4 roues motrices\",\"Guide achat 4x4 et SUV\"],\"articleSection\":[\"4X4 Actualit\u00e9\",\"Actualit\u00e9 Kia\",\"SUV\"],\"inLanguage\":\"fr-FR\",\"potentialAction\":[{\"@type\":\"CommentAction\",\"name\":\"Comment\",\"target\":[\"https:\/\/www.carideal.com\/blog\/2015\/03\/11\/4x4-nouveau-kia-sportage\/#respond\"]}]},{\"@type\":\"WebPage\",\"@id\":\"https:\/\/www.carideal.com\/blog\/2015\/03\/11\/4x4-nouveau-kia-sportage\/\",\"url\":\"https:\/\/www.carideal.com\/blog\/2015\/03\/11\/4x4-nouveau-kia-sportage\/\",\"name\":\"Nouveau Kia Sportage 2015 4x4 - Blog auto Carid\u00e9al\",\"isPartOf\":{\"@id\":\"https:\/\/www.carideal.com\/blog\/#website\"},\"primaryImageOfPage\":{\"@id\":\"https:\/\/www.carideal.com\/blog\/2015\/03\/11\/4x4-nouveau-kia-sportage\/#primaryimage\"},\"image\":{\"@id\":\"https:\/\/www.carideal.com\/blog\/2015\/03\/11\/4x4-nouveau-kia-sportage\/#primaryimage\"},\"thumbnailUrl\":\"https:\/\/www.carideal.com\/blog\/wp-content\/uploads\/2015\/03\/kia-sportage-2015-blog-automobile-carideal-e1572987774368.jpg\",\"datePublished\":\"2015-03-11T11:04:34+00:00\",\"dateModified\":\"2018-10-09T02:33:54+00:00\",\"description\":\"Nouveau Kia Sportage 2015 4x4 description des nouvelles ambitions \u00e0 la hausse de la marque cor\u00e9enne pour son SUV.\",\"breadcrumb\":{\"@id\":\"https:\/\/www.carideal.com\/blog\/2015\/03\/11\/4x4-nouveau-kia-sportage\/#breadcrumb\"},\"inLanguage\":\"fr-FR\",\"potentialAction\":[{\"@type\":\"ReadAction\",\"target\":[\"https:\/\/www.carideal.com\/blog\/2015\/03\/11\/4x4-nouveau-kia-sportage\/\"]}]},{\"@type\":\"ImageObject\",\"inLanguage\":\"fr-FR\",\"@id\":\"https:\/\/www.carideal.com\/blog\/2015\/03\/11\/4x4-nouveau-kia-sportage\/#primaryimage\",\"url\":\"https:\/\/www.carideal.com\/blog\/wp-content\/uploads\/2015\/03\/kia-sportage-2015-blog-automobile-carideal-e1572987774368.jpg\",\"contentUrl\":\"https:\/\/www.carideal.com\/blog\/wp-content\/uploads\/2015\/03\/kia-sportage-2015-blog-automobile-carideal-e1572987774368.jpg\",\"width\":600,\"height\":401,\"caption\":\"Kia Sportage 2015 restyl\u00e9\"},{\"@type\":\"BreadcrumbList\",\"@id\":\"https:\/\/www.carideal.com\/blog\/2015\/03\/11\/4x4-nouveau-kia-sportage\/#breadcrumb\",\"itemListElement\":[{\"@type\":\"ListItem\",\"position\":1,\"name\":\"Blog Carid\u00e9al\",\"item\":\"https:\/\/www.carideal.com\/blog\/\"},{\"@type\":\"ListItem\",\"position\":2,\"name\":\"Actualit\u00e9 constructeur automobile\",\"item\":\"https:\/\/www.carideal.com\/blog\/constructeur\/\"},{\"@type\":\"ListItem\",\"position\":3,\"name\":\"Actualit\u00e9 Kia\",\"item\":\"https:\/\/www.carideal.com\/blog\/constructeur\/kia\/\"},{\"@type\":\"ListItem\",\"position\":4,\"name\":\"Nouveau Kia Sportage 2015 4&#215;4\"}]},{\"@type\":\"WebSite\",\"@id\":\"https:\/\/www.carideal.com\/blog\/#website\",\"url\":\"https:\/\/www.carideal.com\/blog\/\",\"name\":\"Blog auto Carid\u00e9al\",\"description\":\"Actualit\u00e9 auto par des passionn\u00e9s\",\"publisher\":{\"@id\":\"https:\/\/www.carideal.com\/blog\/#organization\"},\"potentialAction\":[{\"@type\":\"SearchAction\",\"target\":{\"@type\":\"EntryPoint\",\"urlTemplate\":\"https:\/\/www.carideal.com\/blog\/?s={search_term_string}\"},\"query-input\":{\"@type\":\"PropertyValueSpecification\",\"valueRequired\":true,\"valueName\":\"search_term_string\"}}],\"inLanguage\":\"fr-FR\"},{\"@type\":\"Organization\",\"@id\":\"https:\/\/www.carideal.com\/blog\/#organization\",\"name\":\"Carideal\",\"url\":\"https:\/\/www.carideal.com\/blog\/\",\"logo\":{\"@type\":\"ImageObject\",\"inLanguage\":\"fr-FR\",\"@id\":\"https:\/\/www.carideal.com\/blog\/#\/schema\/logo\/image\/\",\"url\":\"http:\/\/www.carideal.com\/blog\/wp-content\/uploads\/2016\/03\/logo-carideal-mandataire-automobile.png\",\"contentUrl\":\"http:\/\/www.carideal.com\/blog\/wp-content\/uploads\/2016\/03\/logo-carideal-mandataire-automobile.png\",\"width\":300,\"height\":300,\"caption\":\"Carideal\"},\"image\":{\"@id\":\"https:\/\/www.carideal.com\/blog\/#\/schema\/logo\/image\/\"},\"sameAs\":[\"https:\/\/www.facebook.com\/Carideal.mandataire.automobile\",\"https:\/\/x.com\/caridealauto\",\"https:\/\/www.instagram.com\/carideal1\/\",\"https:\/\/www.linkedin.com\/company\/carideal.com\",\"https:\/\/fr.pinterest.com\/schiavonsas\/\",\"https:\/\/www.youtube.com\/user\/caridealsas\"]},{\"@type\":\"Person\",\"@id\":\"https:\/\/www.carideal.com\/blog\/#\/schema\/person\/cd95dc7919660de90d31b366f85be1ec\",\"name\":\"Nicolas SCHIAVON\",\"image\":{\"@type\":\"ImageObject\",\"inLanguage\":\"fr-FR\",\"@id\":\"https:\/\/www.carideal.com\/blog\/#\/schema\/person\/image\/\",\"url\":\"https:\/\/secure.gravatar.com\/avatar\/c17e55009e671d92cc7f5dc837dc418a?s=96&r=g\",\"contentUrl\":\"https:\/\/secure.gravatar.com\/avatar\/c17e55009e671d92cc7f5dc837dc418a?s=96&r=g\",\"caption\":\"Nicolas SCHIAVON\"},\"description\":\"Nicolas Schiavon est tomb\u00e9 tout petit dans la marmite automobile. Ayant eu un garage de marque automobile, mandataire automobile de la premi\u00e8re heure d\u00e8s 1999. Nicolas a cr\u00e9\u00e9 ces premiers sites de vente de voiture et blog automobile d\u00e8s 1994. Carideal est n\u00e9 le 15 d\u00e9cembre 2000 de la volont\u00e9 de vendre des voitures d'occasions en ligne puis des voitures neuves. Il a pu essayer beaucoup de voitures tr\u00e8s diff\u00e9rentes et ayant eu personnellement quelques belles autos, Subaru Impreza, Mitsubishi Lancer Evo 7, Porsche 911, Ferrari Testarrossa, Audi RS3, RS4 et j'en passe...\",\"sameAs\":[\"http:\/\/www.carideal.com\",\"https:\/\/www.facebook.com\/nicolas.schiavon.39\",\"https:\/\/www.instagram.com\/carideal1\/\",\"https:\/\/www.linkedin.com\/in\/nschiavon\/\",\"https:\/\/x.com\/caridealauto\",\"https:\/\/www.youtube.com\/user\/caridealsas\/\"],\"url\":\"https:\/\/www.carideal.com\/blog\/author\/nschiavon\/\"}]}<\/script>\n<!-- \/ Yoast SEO plugin. -->","yoast_head_json":{"title":"Nouveau Kia Sportage 2015 4x4 - Blog auto Carid\u00e9al","description":"Nouveau Kia Sportage 2015 4x4 description des nouvelles ambitions \u00e0 la hausse de la marque cor\u00e9enne pour son SUV.","robots":{"index":"index","follow":"follow","max-snippet":"max-snippet:-1","max-image-preview":"max-image-preview:large","max-video-preview":"max-video-preview:-1"},"canonical":"https:\/\/www.carideal.com\/blog\/2015\/03\/11\/4x4-nouveau-kia-sportage\/","og_locale":"fr_FR","og_type":"article","og_title":"Nouveau Kia Sportage 2015 4x4 - Blog auto Carid\u00e9al","og_description":"Nouveau Kia Sportage 2015 4x4 description des nouvelles ambitions \u00e0 la hausse de la marque cor\u00e9enne pour son SUV.","og_url":"https:\/\/www.carideal.com\/blog\/2015\/03\/11\/4x4-nouveau-kia-sportage\/","og_site_name":"Blog auto Carid\u00e9al","article_publisher":"https:\/\/www.facebook.com\/Carideal.mandataire.automobile","article_author":"https:\/\/www.facebook.com\/nicolas.schiavon.39","article_published_time":"2015-03-11T11:04:34+00:00","article_modified_time":"2018-10-09T02:33:54+00:00","og_image":[{"width":600,"height":401,"url":"https:\/\/www.carideal.com\/blog\/wp-content\/uploads\/2015\/03\/kia-sportage-2015-blog-automobile-carideal-e1572987774368.jpg","type":"image\/jpeg"}],"author":"Nicolas SCHIAVON","twitter_card":"summary_large_image","twitter_creator":"@caridealauto","twitter_site":"@caridealauto","twitter_misc":{"\u00c9crit par":"Nicolas SCHIAVON","Dur\u00e9e de lecture estim\u00e9e":"2 minutes"},"schema":{"@context":"https:\/\/schema.org","@graph":[{"@type":"Article","@id":"https:\/\/www.carideal.com\/blog\/2015\/03\/11\/4x4-nouveau-kia-sportage\/#article","isPartOf":{"@id":"https:\/\/www.carideal.com\/blog\/2015\/03\/11\/4x4-nouveau-kia-sportage\/"},"author":{"name":"Nicolas SCHIAVON","@id":"https:\/\/www.carideal.com\/blog\/#\/schema\/person\/cd95dc7919660de90d31b366f85be1ec"},"headline":"Nouveau Kia Sportage 2015 4&#215;4","datePublished":"2015-03-11T11:04:34+00:00","dateModified":"2018-10-09T02:33:54+00:00","mainEntityOfPage":{"@id":"https:\/\/www.carideal.com\/blog\/2015\/03\/11\/4x4-nouveau-kia-sportage\/"},"wordCount":465,"commentCount":0,"publisher":{"@id":"https:\/\/www.carideal.com\/blog\/#organization"},"image":{"@id":"https:\/\/www.carideal.com\/blog\/2015\/03\/11\/4x4-nouveau-kia-sportage\/#primaryimage"},"thumbnailUrl":"https:\/\/www.carideal.com\/blog\/wp-content\/uploads\/2015\/03\/kia-sportage-2015-blog-automobile-carideal-e1572987774368.jpg","keywords":["4 roues motrices","Guide achat 4x4 et SUV"],"articleSection":["4X4 Actualit\u00e9","Actualit\u00e9 Kia","SUV"],"inLanguage":"fr-FR","potentialAction":[{"@type":"CommentAction","name":"Comment","target":["https:\/\/www.carideal.com\/blog\/2015\/03\/11\/4x4-nouveau-kia-sportage\/#respond"]}]},{"@type":"WebPage","@id":"https:\/\/www.carideal.com\/blog\/2015\/03\/11\/4x4-nouveau-kia-sportage\/","url":"https:\/\/www.carideal.com\/blog\/2015\/03\/11\/4x4-nouveau-kia-sportage\/","name":"Nouveau Kia Sportage 2015 4x4 - Blog auto Carid\u00e9al","isPartOf":{"@id":"https:\/\/www.carideal.com\/blog\/#website"},"primaryImageOfPage":{"@id":"https:\/\/www.carideal.com\/blog\/2015\/03\/11\/4x4-nouveau-kia-sportage\/#primaryimage"},"image":{"@id":"https:\/\/www.carideal.com\/blog\/2015\/03\/11\/4x4-nouveau-kia-sportage\/#primaryimage"},"thumbnailUrl":"https:\/\/www.carideal.com\/blog\/wp-content\/uploads\/2015\/03\/kia-sportage-2015-blog-automobile-carideal-e1572987774368.jpg","datePublished":"2015-03-11T11:04:34+00:00","dateModified":"2018-10-09T02:33:54+00:00","description":"Nouveau Kia Sportage 2015 4x4 description des nouvelles ambitions \u00e0 la hausse de la marque cor\u00e9enne pour son SUV.","breadcrumb":{"@id":"https:\/\/www.carideal.com\/blog\/2015\/03\/11\/4x4-nouveau-kia-sportage\/#breadcrumb"},"inLanguage":"fr-FR","potentialAction":[{"@type":"ReadAction","target":["https:\/\/www.carideal.com\/blog\/2015\/03\/11\/4x4-nouveau-kia-sportage\/"]}]},{"@type":"ImageObject","inLanguage":"fr-FR","@id":"https:\/\/www.carideal.com\/blog\/2015\/03\/11\/4x4-nouveau-kia-sportage\/#primaryimage","url":"https:\/\/www.carideal.com\/blog\/wp-content\/uploads\/2015\/03\/kia-sportage-2015-blog-automobile-carideal-e1572987774368.jpg","contentUrl":"https:\/\/www.carideal.com\/blog\/wp-content\/uploads\/2015\/03\/kia-sportage-2015-blog-automobile-carideal-e1572987774368.jpg","width":600,"height":401,"caption":"Kia Sportage 2015 restyl\u00e9"},{"@type":"BreadcrumbList","@id":"https:\/\/www.carideal.com\/blog\/2015\/03\/11\/4x4-nouveau-kia-sportage\/#breadcrumb","itemListElement":[{"@type":"ListItem","position":1,"name":"Blog Carid\u00e9al","item":"https:\/\/www.carideal.com\/blog\/"},{"@type":"ListItem","position":2,"name":"Actualit\u00e9 constructeur automobile","item":"https:\/\/www.carideal.com\/blog\/constructeur\/"},{"@type":"ListItem","position":3,"name":"Actualit\u00e9 Kia","item":"https:\/\/www.carideal.com\/blog\/constructeur\/kia\/"},{"@type":"ListItem","position":4,"name":"Nouveau Kia Sportage 2015 4&#215;4"}]},{"@type":"WebSite","@id":"https:\/\/www.carideal.com\/blog\/#website","url":"https:\/\/www.carideal.com\/blog\/","name":"Blog auto Carid\u00e9al","description":"Actualit\u00e9 auto par des passionn\u00e9s","publisher":{"@id":"https:\/\/www.carideal.com\/blog\/#organization"},"potentialAction":[{"@type":"SearchAction","target":{"@type":"EntryPoint","urlTemplate":"https:\/\/www.carideal.com\/blog\/?s={search_term_string}"},"query-input":{"@type":"PropertyValueSpecification","valueRequired":true,"valueName":"search_term_string"}}],"inLanguage":"fr-FR"},{"@type":"Organization","@id":"https:\/\/www.carideal.com\/blog\/#organization","name":"Carideal","url":"https:\/\/www.carideal.com\/blog\/","logo":{"@type":"ImageObject","inLanguage":"fr-FR","@id":"https:\/\/www.carideal.com\/blog\/#\/schema\/logo\/image\/","url":"http:\/\/www.carideal.com\/blog\/wp-content\/uploads\/2016\/03\/logo-carideal-mandataire-automobile.png","contentUrl":"http:\/\/www.carideal.com\/blog\/wp-content\/uploads\/2016\/03\/logo-carideal-mandataire-automobile.png","width":300,"height":300,"caption":"Carideal"},"image":{"@id":"https:\/\/www.carideal.com\/blog\/#\/schema\/logo\/image\/"},"sameAs":["https:\/\/www.facebook.com\/Carideal.mandataire.automobile","https:\/\/x.com\/caridealauto","https:\/\/www.instagram.com\/carideal1\/","https:\/\/www.linkedin.com\/company\/carideal.com","https:\/\/fr.pinterest.com\/schiavonsas\/","https:\/\/www.youtube.com\/user\/caridealsas"]},{"@type":"Person","@id":"https:\/\/www.carideal.com\/blog\/#\/schema\/person\/cd95dc7919660de90d31b366f85be1ec","name":"Nicolas SCHIAVON","image":{"@type":"ImageObject","inLanguage":"fr-FR","@id":"https:\/\/www.carideal.com\/blog\/#\/schema\/person\/image\/","url":"https:\/\/secure.gravatar.com\/avatar\/c17e55009e671d92cc7f5dc837dc418a?s=96&r=g","contentUrl":"https:\/\/secure.gravatar.com\/avatar\/c17e55009e671d92cc7f5dc837dc418a?s=96&r=g","caption":"Nicolas SCHIAVON"},"description":"Nicolas Schiavon est tomb\u00e9 tout petit dans la marmite automobile. Ayant eu un garage de marque automobile, mandataire automobile de la premi\u00e8re heure d\u00e8s 1999. Nicolas a cr\u00e9\u00e9 ces premiers sites de vente de voiture et blog automobile d\u00e8s 1994. Carideal est n\u00e9 le 15 d\u00e9cembre 2000 de la volont\u00e9 de vendre des voitures d'occasions en ligne puis des voitures neuves. Il a pu essayer beaucoup de voitures tr\u00e8s diff\u00e9rentes et ayant eu personnellement quelques belles autos, Subaru Impreza, Mitsubishi Lancer Evo 7, Porsche 911, Ferrari Testarrossa, Audi RS3, RS4 et j'en passe...","sameAs":["http:\/\/www.carideal.com","https:\/\/www.facebook.com\/nicolas.schiavon.39","https:\/\/www.instagram.com\/carideal1\/","https:\/\/www.linkedin.com\/in\/nschiavon\/","https:\/\/x.com\/caridealauto","https:\/\/www.youtube.com\/user\/caridealsas\/"],"url":"https:\/\/www.carideal.com\/blog\/author\/nschiavon\/"}]}},"uagb_featured_image_src":{"full":["https:\/\/www.carideal.com\/blog\/wp-content\/uploads\/2015\/03\/kia-sportage-2015-blog-automobile-carideal-e1572987774368.jpg",600,401,false],"thumbnail":["https:\/\/www.carideal.com\/blog\/wp-content\/uploads\/2015\/03\/kia-sportage-2015-blog-automobile-carideal-150x150.jpg",150,150,true],"medium":["https:\/\/www.carideal.com\/blog\/wp-content\/uploads\/2015\/03\/kia-sportage-2015-blog-automobile-carideal-300x200.jpg",300,200,true],"medium_large":["https:\/\/www.carideal.com\/blog\/wp-content\/uploads\/2015\/03\/kia-sportage-2015-blog-automobile-carideal-e1572987774368.jpg",600,401,false],"large":["https:\/\/www.carideal.com\/blog\/wp-content\/uploads\/2015\/03\/kia-sportage-2015-blog-automobile-carideal-e1572987774368.jpg",600,401,false],"1536x1536":["https:\/\/www.carideal.com\/blog\/wp-content\/uploads\/2015\/03\/kia-sportage-2015-blog-automobile-carideal-e1572987774368.jpg",600,401,false],"2048x2048":["https:\/\/www.carideal.com\/blog\/wp-content\/uploads\/2015\/03\/kia-sportage-2015-blog-automobile-carideal-e1572987774368.jpg",600,401,false],"wppr-widget":["https:\/\/www.carideal.com\/blog\/wp-content\/uploads\/2015\/03\/kia-sportage-2015-blog-automobile-carideal-e1572987774368.jpg",50,33,false]},"uagb_author_info":{"display_name":"Nicolas SCHIAVON","author_link":"https:\/\/www.carideal.com\/blog\/author\/nschiavon\/"},"uagb_comment_info":0,"uagb_excerpt":"Nouveau Kia Sportage 2015 4x4 Le Kia Sportage 2015 hausse le ton Trois ans apr\u00e8s le lancement de la nouvelle version, le Kia sportage Sportage 2015 m\u00e9\u00adritait une remise en forme. Juste quelques nuances pour mieux af\u00adfronter l'\u00e9chiquier europ\u00e9en en\u00adcombr\u00e9 de SUV. Kia a mis en les bouch\u00e9es doubles pour re\u00adjoindre le peloton europ\u00e9en des\u2026","_links":{"self":[{"href":"https:\/\/www.carideal.com\/blog\/wp-json\/wp\/v2\/posts\/5639"}],"collection":[{"href":"https:\/\/www.carideal.com\/blog\/wp-json\/wp\/v2\/posts"}],"about":[{"href":"https:\/\/www.carideal.com\/blog\/wp-json\/wp\/v2\/types\/post"}],"author":[{"embeddable":true,"href":"https:\/\/www.carideal.com\/blog\/wp-json\/wp\/v2\/users\/3"}],"replies":[{"embeddable":true,"href":"https:\/\/www.carideal.com\/blog\/wp-json\/wp\/v2\/comments?post=5639"}],"version-history":[{"count":0,"href":"https:\/\/www.carideal.com\/blog\/wp-json\/wp\/v2\/posts\/5639\/revisions"}],"wp:featuredmedia":[{"embeddable":true,"href":"https:\/\/www.carideal.com\/blog\/wp-json\/wp\/v2\/media\/5640"}],"wp:attachment":[{"href":"https:\/\/www.carideal.com\/blog\/wp-json\/wp\/v2\/media?parent=5639"}],"wp:term":[{"taxonomy":"category","embeddable":true,"href":"https:\/\/www.carideal.com\/blog\/wp-json\/wp\/v2\/categories?post=5639"},{"taxonomy":"post_tag","embeddable":true,"href":"https:\/\/www.carideal.com\/blog\/wp-json\/wp\/v2\/tags?post=5639"}],"curies":[{"name":"wp","href":"https:\/\/api.w.org\/{rel}","templated":true}]}}