{"id":5608,"date":"2015-03-11T07:45:16","date_gmt":"2015-03-11T06:45:16","guid":{"rendered":"http:\/\/www.carideal.com\/blog\/?p=5608"},"modified":"2019-08-29T13:52:19","modified_gmt":"2019-08-29T11:52:19","slug":"mitsubishi-outlander-phev-premier-suv-hybride-rechargeable-commercialise-en-france","status":"publish","type":"post","link":"https:\/\/www.carideal.com\/blog\/2015\/03\/11\/mitsubishi-outlander-phev-premier-suv-hybride-rechargeable-commercialise-en-france\/","title":{"rendered":"Mitsubishi Outlander PHEV premier SUV Hybride rechargeable commercialis\u00e9 en France"},"content":{"rendered":"<h2>Mitsubishi Outlander PHEV premier SUV Hybride rechargeable commercialis\u00e9 en France<\/h2>\n<p>Le Mitsubishi Outlander PHEV est l'hybride rechargeable le plus vendu en France<\/p>\n<p>L'Outlander PHEV et le premier SUV hybride rechargeable commercialis\u00e9 en France par le constructeur japonais Mitsubishi Motors.<br \/>\nAffichant un taux d'\u00e9missions de CO2 de seu\u00adlement 44\u00a0g\/km, l'Outlander PHEV est \u00e9quip\u00e9 de deux moteurs \u00e9lectriques de 82ch et d'un moteur thermique essence 2.0 litres de 121ch, ce-dernier agissant soit en tant que g\u00e9n\u00e9rateur d'\u00e9lectricit\u00e9, soit en tant que syst\u00e8me de propulsion.<br \/>\nL'Outlander PHEV, SUV 5 places 5 portes, san compromis, combine l'agr\u00e9ment de conduite d'une voiture \u00e9lectrique, la s\u00e9curit\u00e9 active toutes saisons de la transmission int\u00e9grale et l'habitabilit\u00e9 d'un SUV. Gr\u00e2ce sa technologie de pointe hybride rechargeable, l'Outlander PHD peut se brancher sur une simple prise de courant. Il permet d'effectuer les trajets urbains du quotidien en 100\u00a0% \u00e9lectrique tout en ayant la possibilit\u00e9 de faire des trajets p\u00e9riurbain sans se soucier de l'autaunomie. Gr\u00e2ce \u00e0 ses \u00e9quipements de s\u00e9curit\u00e9, l'Outlander PHEV obtenu 5 \u00e9toiles aux crash-test Euro NCAP. Il est commercialis\u00e9 \u00e0 partir de 39 900 euros, bonus de 4 000 euros d\u00e9duit. Et pour les professionnels, l'Outlancle PHEV est totalement exon\u00e9r\u00e9 de TVS.<\/p>\n<p><a title=\"Le Mitsubishi Outlander PHEV Hybride rechargeable est Invendable : Essai\" href=\"http:\/\/www.carideal.com\/blog\/2014\/03\/31\/le-mitsubishi-outlander-phev-hybride-rechargeable-est-invendable-essai\/\">Retrouvez notre essai du Mitsubishi Outlander PHEV ICI<\/a><\/p>\n","protected":false},"excerpt":{"rendered":"<p>Mitsubishi Outlander PHEV premier SUV Hybride rechargeable commercialis\u00e9 en France Le Mitsubishi Outlander PHEV est l&rsquo;hybride rechargeable le plus vendu en France L&rsquo;Outlander PHEV et le premier SUV hybride rechargeable commercialis\u00e9 en France par le constructeur japonais Mitsubishi Motors. Affichant un taux d&rsquo;\u00e9missions de CO2 de seu\u00adlement 44\u00a0g\/km, l&rsquo;Outlander PHEV est \u00e9quip\u00e9 de deux moteurs &#8230; <a title=\"Mitsubishi Outlander PHEV premier SUV Hybride rechargeable commercialis\u00e9 en France\" class=\"read-more\" href=\"https:\/\/www.carideal.com\/blog\/2015\/03\/11\/mitsubishi-outlander-phev-premier-suv-hybride-rechargeable-commercialise-en-france\/\" aria-label=\"En savoir plus sur Mitsubishi Outlander PHEV premier SUV Hybride rechargeable commercialis\u00e9 en France\">Lire plus<\/a><\/p>\n","protected":false},"author":3,"featured_media":4235,"comment_status":"open","ping_status":"open","sticky":false,"template":"","format":"standard","meta":{"_uag_custom_page_level_css":"","_themeisle_gutenberg_block_has_review":false,"footnotes":""},"categories":[5944,6159,10,6010,5080,5974,6089],"tags":[],"class_list":["post-5608","post","type-post","status-publish","format-standard","has-post-thumbnail","hentry","category-constructeur","category-actualite-mitsubishi","category-marche-automobile-voiture-neuve-occasion-4x4-suv","category-suv","category-technologie-2","category-type-de-vehicule","category-hybride"],"wppr_data":{"cwp_meta_box_check":"No"},"yoast_head":"<!-- This site is optimized with the Yoast SEO plugin v24.8.1 - https:\/\/yoast.com\/wordpress\/plugins\/seo\/ -->\n<title>Mitsubishi Outlander PHEV premier SUV Hybride rechargeable commercialis\u00e9 en France - Blog auto Carid\u00e9al<\/title>\n<meta name=\"description\" content=\"Le Mitsubishi PHEV est tout simplement invendable \u00e0 ce tarif l\u00e0 : 49900 \u20ac Bonus d\u00e9duit. C&#039;est 8310 \u20ac de plus qu&#039;un Outlander diesel en boite automatique.\" \/>\n<meta name=\"robots\" content=\"index, follow, max-snippet:-1, max-image-preview:large, max-video-preview:-1\" \/>\n<link rel=\"canonical\" href=\"https:\/\/www.carideal.com\/blog\/2015\/03\/11\/mitsubishi-outlander-phev-premier-suv-hybride-rechargeable-commercialise-en-france\/\" \/>\n<meta property=\"og:locale\" content=\"fr_FR\" \/>\n<meta property=\"og:type\" content=\"article\" \/>\n<meta property=\"og:title\" content=\"Mitsubishi Outlander PHEV premier SUV Hybride rechargeable commercialis\u00e9 en France - Blog auto Carid\u00e9al\" \/>\n<meta property=\"og:description\" content=\"Le Mitsubishi PHEV est tout simplement invendable \u00e0 ce tarif l\u00e0 : 49900 \u20ac Bonus d\u00e9duit. C&#039;est 8310 \u20ac de plus qu&#039;un Outlander diesel en boite automatique.\" \/>\n<meta property=\"og:url\" content=\"https:\/\/www.carideal.com\/blog\/2015\/03\/11\/mitsubishi-outlander-phev-premier-suv-hybride-rechargeable-commercialise-en-france\/\" \/>\n<meta property=\"og:site_name\" content=\"Blog auto Carid\u00e9al\" \/>\n<meta property=\"article:publisher\" content=\"https:\/\/www.facebook.com\/Carideal.mandataire.automobile\" \/>\n<meta property=\"article:author\" content=\"https:\/\/www.facebook.com\/nicolas.schiavon.39\" \/>\n<meta property=\"article:published_time\" content=\"2015-03-11T06:45:16+00:00\" \/>\n<meta property=\"article:modified_time\" content=\"2019-08-29T11:52:19+00:00\" \/>\n<meta property=\"og:image\" content=\"https:\/\/www.carideal.com\/blog\/wp-content\/uploads\/2015\/01\/mitsubishi-outlander-phev-hybride-rechargeable-carideal-mandataire-automobile-e1567079312191.jpg\" \/>\n\t<meta property=\"og:image:width\" content=\"600\" \/>\n\t<meta property=\"og:image:height\" content=\"321\" \/>\n\t<meta property=\"og:image:type\" content=\"image\/jpeg\" \/>\n<meta name=\"author\" content=\"Nicolas SCHIAVON\" \/>\n<meta name=\"twitter:card\" content=\"summary_large_image\" \/>\n<meta name=\"twitter:creator\" content=\"@caridealauto\" \/>\n<meta name=\"twitter:site\" content=\"@caridealauto\" \/>\n<meta name=\"twitter:label1\" content=\"\u00c9crit par\" \/>\n\t<meta name=\"twitter:data1\" content=\"Nicolas SCHIAVON\" \/>\n\t<meta name=\"twitter:label2\" content=\"Dur\u00e9e de lecture estim\u00e9e\" \/>\n\t<meta name=\"twitter:data2\" content=\"1 minute\" \/>\n<script type=\"application\/ld+json\" class=\"yoast-schema-graph\">{\"@context\":\"https:\/\/schema.org\",\"@graph\":[{\"@type\":\"Article\",\"@id\":\"https:\/\/www.carideal.com\/blog\/2015\/03\/11\/mitsubishi-outlander-phev-premier-suv-hybride-rechargeable-commercialise-en-france\/#article\",\"isPartOf\":{\"@id\":\"https:\/\/www.carideal.com\/blog\/2015\/03\/11\/mitsubishi-outlander-phev-premier-suv-hybride-rechargeable-commercialise-en-france\/\"},\"author\":{\"name\":\"Nicolas SCHIAVON\",\"@id\":\"https:\/\/www.carideal.com\/blog\/#\/schema\/person\/cd95dc7919660de90d31b366f85be1ec\"},\"headline\":\"Mitsubishi Outlander PHEV premier SUV Hybride rechargeable commercialis\u00e9 en France\",\"datePublished\":\"2015-03-11T06:45:16+00:00\",\"dateModified\":\"2019-08-29T11:52:19+00:00\",\"mainEntityOfPage\":{\"@id\":\"https:\/\/www.carideal.com\/blog\/2015\/03\/11\/mitsubishi-outlander-phev-premier-suv-hybride-rechargeable-commercialise-en-france\/\"},\"wordCount\":219,\"commentCount\":2,\"publisher\":{\"@id\":\"https:\/\/www.carideal.com\/blog\/#organization\"},\"image\":{\"@id\":\"https:\/\/www.carideal.com\/blog\/2015\/03\/11\/mitsubishi-outlander-phev-premier-suv-hybride-rechargeable-commercialise-en-france\/#primaryimage\"},\"thumbnailUrl\":\"https:\/\/www.carideal.com\/blog\/wp-content\/uploads\/2015\/01\/mitsubishi-outlander-phev-hybride-rechargeable-carideal-mandataire-automobile-e1567079312191.jpg\",\"articleSection\":[\"Actualit\u00e9 Constructeur automobile\",\"Actualit\u00e9 Mitsubishi\",\"March\u00e9 automobile\",\"SUV\",\"Technologie Automobile\",\"Type de v\u00e9hicule\",\"Voiture Hybride\"],\"inLanguage\":\"fr-FR\",\"potentialAction\":[{\"@type\":\"CommentAction\",\"name\":\"Comment\",\"target\":[\"https:\/\/www.carideal.com\/blog\/2015\/03\/11\/mitsubishi-outlander-phev-premier-suv-hybride-rechargeable-commercialise-en-france\/#respond\"]}]},{\"@type\":\"WebPage\",\"@id\":\"https:\/\/www.carideal.com\/blog\/2015\/03\/11\/mitsubishi-outlander-phev-premier-suv-hybride-rechargeable-commercialise-en-france\/\",\"url\":\"https:\/\/www.carideal.com\/blog\/2015\/03\/11\/mitsubishi-outlander-phev-premier-suv-hybride-rechargeable-commercialise-en-france\/\",\"name\":\"Mitsubishi Outlander PHEV premier SUV Hybride rechargeable commercialis\u00e9 en France - Blog auto Carid\u00e9al\",\"isPartOf\":{\"@id\":\"https:\/\/www.carideal.com\/blog\/#website\"},\"primaryImageOfPage\":{\"@id\":\"https:\/\/www.carideal.com\/blog\/2015\/03\/11\/mitsubishi-outlander-phev-premier-suv-hybride-rechargeable-commercialise-en-france\/#primaryimage\"},\"image\":{\"@id\":\"https:\/\/www.carideal.com\/blog\/2015\/03\/11\/mitsubishi-outlander-phev-premier-suv-hybride-rechargeable-commercialise-en-france\/#primaryimage\"},\"thumbnailUrl\":\"https:\/\/www.carideal.com\/blog\/wp-content\/uploads\/2015\/01\/mitsubishi-outlander-phev-hybride-rechargeable-carideal-mandataire-automobile-e1567079312191.jpg\",\"datePublished\":\"2015-03-11T06:45:16+00:00\",\"dateModified\":\"2019-08-29T11:52:19+00:00\",\"description\":\"Le Mitsubishi PHEV est tout simplement invendable \u00e0 ce tarif l\u00e0 : 49900 \u20ac Bonus d\u00e9duit. C'est 8310 \u20ac de plus qu'un Outlander diesel en boite automatique.\",\"breadcrumb\":{\"@id\":\"https:\/\/www.carideal.com\/blog\/2015\/03\/11\/mitsubishi-outlander-phev-premier-suv-hybride-rechargeable-commercialise-en-france\/#breadcrumb\"},\"inLanguage\":\"fr-FR\",\"potentialAction\":[{\"@type\":\"ReadAction\",\"target\":[\"https:\/\/www.carideal.com\/blog\/2015\/03\/11\/mitsubishi-outlander-phev-premier-suv-hybride-rechargeable-commercialise-en-france\/\"]}]},{\"@type\":\"ImageObject\",\"inLanguage\":\"fr-FR\",\"@id\":\"https:\/\/www.carideal.com\/blog\/2015\/03\/11\/mitsubishi-outlander-phev-premier-suv-hybride-rechargeable-commercialise-en-france\/#primaryimage\",\"url\":\"https:\/\/www.carideal.com\/blog\/wp-content\/uploads\/2015\/01\/mitsubishi-outlander-phev-hybride-rechargeable-carideal-mandataire-automobile-e1567079312191.jpg\",\"contentUrl\":\"https:\/\/www.carideal.com\/blog\/wp-content\/uploads\/2015\/01\/mitsubishi-outlander-phev-hybride-rechargeable-carideal-mandataire-automobile-e1567079312191.jpg\",\"width\":600,\"height\":321,\"caption\":\"Le Mitsubishi PHEV est tout simplement invendable \u00e0 ce tarif l\u00e0 : 49900 \u20ac Bonus d\u00e9duit. C'est 8310 \u20ac de plus qu'un Outlander diesel en boite automatique. La consommation d'essence sur autoroute est r\u00e9dhibitoire... mais le SUV au quotidien est plaisant.\"},{\"@type\":\"BreadcrumbList\",\"@id\":\"https:\/\/www.carideal.com\/blog\/2015\/03\/11\/mitsubishi-outlander-phev-premier-suv-hybride-rechargeable-commercialise-en-france\/#breadcrumb\",\"itemListElement\":[{\"@type\":\"ListItem\",\"position\":1,\"name\":\"Blog Carid\u00e9al\",\"item\":\"https:\/\/www.carideal.com\/blog\/\"},{\"@type\":\"ListItem\",\"position\":2,\"name\":\"March\u00e9 automobile\",\"item\":\"https:\/\/www.carideal.com\/blog\/marche-automobile-voiture-neuve-occasion-4x4-suv\/\"},{\"@type\":\"ListItem\",\"position\":3,\"name\":\"Mitsubishi Outlander PHEV premier SUV Hybride rechargeable commercialis\u00e9 en France\"}]},{\"@type\":\"WebSite\",\"@id\":\"https:\/\/www.carideal.com\/blog\/#website\",\"url\":\"https:\/\/www.carideal.com\/blog\/\",\"name\":\"Blog auto Carid\u00e9al\",\"description\":\"Actualit\u00e9 auto par des passionn\u00e9s\",\"publisher\":{\"@id\":\"https:\/\/www.carideal.com\/blog\/#organization\"},\"potentialAction\":[{\"@type\":\"SearchAction\",\"target\":{\"@type\":\"EntryPoint\",\"urlTemplate\":\"https:\/\/www.carideal.com\/blog\/?s={search_term_string}\"},\"query-input\":{\"@type\":\"PropertyValueSpecification\",\"valueRequired\":true,\"valueName\":\"search_term_string\"}}],\"inLanguage\":\"fr-FR\"},{\"@type\":\"Organization\",\"@id\":\"https:\/\/www.carideal.com\/blog\/#organization\",\"name\":\"Carideal\",\"url\":\"https:\/\/www.carideal.com\/blog\/\",\"logo\":{\"@type\":\"ImageObject\",\"inLanguage\":\"fr-FR\",\"@id\":\"https:\/\/www.carideal.com\/blog\/#\/schema\/logo\/image\/\",\"url\":\"http:\/\/www.carideal.com\/blog\/wp-content\/uploads\/2016\/03\/logo-carideal-mandataire-automobile.png\",\"contentUrl\":\"http:\/\/www.carideal.com\/blog\/wp-content\/uploads\/2016\/03\/logo-carideal-mandataire-automobile.png\",\"width\":300,\"height\":300,\"caption\":\"Carideal\"},\"image\":{\"@id\":\"https:\/\/www.carideal.com\/blog\/#\/schema\/logo\/image\/\"},\"sameAs\":[\"https:\/\/www.facebook.com\/Carideal.mandataire.automobile\",\"https:\/\/x.com\/caridealauto\",\"https:\/\/www.instagram.com\/carideal1\/\",\"https:\/\/www.linkedin.com\/company\/carideal.com\",\"https:\/\/fr.pinterest.com\/schiavonsas\/\",\"https:\/\/www.youtube.com\/user\/caridealsas\"]},{\"@type\":\"Person\",\"@id\":\"https:\/\/www.carideal.com\/blog\/#\/schema\/person\/cd95dc7919660de90d31b366f85be1ec\",\"name\":\"Nicolas SCHIAVON\",\"image\":{\"@type\":\"ImageObject\",\"inLanguage\":\"fr-FR\",\"@id\":\"https:\/\/www.carideal.com\/blog\/#\/schema\/person\/image\/\",\"url\":\"https:\/\/secure.gravatar.com\/avatar\/c17e55009e671d92cc7f5dc837dc418a?s=96&r=g\",\"contentUrl\":\"https:\/\/secure.gravatar.com\/avatar\/c17e55009e671d92cc7f5dc837dc418a?s=96&r=g\",\"caption\":\"Nicolas SCHIAVON\"},\"description\":\"Nicolas Schiavon est tomb\u00e9 tout petit dans la marmite automobile. Ayant eu un garage de marque automobile, mandataire automobile de la premi\u00e8re heure d\u00e8s 1999. Nicolas a cr\u00e9\u00e9 ces premiers sites de vente de voiture et blog automobile d\u00e8s 1994. Carideal est n\u00e9 le 15 d\u00e9cembre 2000 de la volont\u00e9 de vendre des voitures d'occasions en ligne puis des voitures neuves. Il a pu essayer beaucoup de voitures tr\u00e8s diff\u00e9rentes et ayant eu personnellement quelques belles autos, Subaru Impreza, Mitsubishi Lancer Evo 7, Porsche 911, Ferrari Testarrossa, Audi RS3, RS4 et j'en passe...\",\"sameAs\":[\"http:\/\/www.carideal.com\",\"https:\/\/www.facebook.com\/nicolas.schiavon.39\",\"https:\/\/www.instagram.com\/carideal1\/\",\"https:\/\/www.linkedin.com\/in\/nschiavon\/\",\"https:\/\/x.com\/caridealauto\",\"https:\/\/www.youtube.com\/user\/caridealsas\/\"],\"url\":\"https:\/\/www.carideal.com\/blog\/author\/nschiavon\/\"}]}<\/script>\n<!-- \/ Yoast SEO plugin. -->","yoast_head_json":{"title":"Mitsubishi Outlander PHEV premier SUV Hybride rechargeable commercialis\u00e9 en France - Blog auto Carid\u00e9al","description":"Le Mitsubishi PHEV est tout simplement invendable \u00e0 ce tarif l\u00e0 : 49900 \u20ac Bonus d\u00e9duit. C'est 8310 \u20ac de plus qu'un Outlander diesel en boite automatique.","robots":{"index":"index","follow":"follow","max-snippet":"max-snippet:-1","max-image-preview":"max-image-preview:large","max-video-preview":"max-video-preview:-1"},"canonical":"https:\/\/www.carideal.com\/blog\/2015\/03\/11\/mitsubishi-outlander-phev-premier-suv-hybride-rechargeable-commercialise-en-france\/","og_locale":"fr_FR","og_type":"article","og_title":"Mitsubishi Outlander PHEV premier SUV Hybride rechargeable commercialis\u00e9 en France - Blog auto Carid\u00e9al","og_description":"Le Mitsubishi PHEV est tout simplement invendable \u00e0 ce tarif l\u00e0 : 49900 \u20ac Bonus d\u00e9duit. C'est 8310 \u20ac de plus qu'un Outlander diesel en boite automatique.","og_url":"https:\/\/www.carideal.com\/blog\/2015\/03\/11\/mitsubishi-outlander-phev-premier-suv-hybride-rechargeable-commercialise-en-france\/","og_site_name":"Blog auto Carid\u00e9al","article_publisher":"https:\/\/www.facebook.com\/Carideal.mandataire.automobile","article_author":"https:\/\/www.facebook.com\/nicolas.schiavon.39","article_published_time":"2015-03-11T06:45:16+00:00","article_modified_time":"2019-08-29T11:52:19+00:00","og_image":[{"width":600,"height":321,"url":"https:\/\/www.carideal.com\/blog\/wp-content\/uploads\/2015\/01\/mitsubishi-outlander-phev-hybride-rechargeable-carideal-mandataire-automobile-e1567079312191.jpg","type":"image\/jpeg"}],"author":"Nicolas SCHIAVON","twitter_card":"summary_large_image","twitter_creator":"@caridealauto","twitter_site":"@caridealauto","twitter_misc":{"\u00c9crit par":"Nicolas SCHIAVON","Dur\u00e9e de lecture estim\u00e9e":"1 minute"},"schema":{"@context":"https:\/\/schema.org","@graph":[{"@type":"Article","@id":"https:\/\/www.carideal.com\/blog\/2015\/03\/11\/mitsubishi-outlander-phev-premier-suv-hybride-rechargeable-commercialise-en-france\/#article","isPartOf":{"@id":"https:\/\/www.carideal.com\/blog\/2015\/03\/11\/mitsubishi-outlander-phev-premier-suv-hybride-rechargeable-commercialise-en-france\/"},"author":{"name":"Nicolas SCHIAVON","@id":"https:\/\/www.carideal.com\/blog\/#\/schema\/person\/cd95dc7919660de90d31b366f85be1ec"},"headline":"Mitsubishi Outlander PHEV premier SUV Hybride rechargeable commercialis\u00e9 en France","datePublished":"2015-03-11T06:45:16+00:00","dateModified":"2019-08-29T11:52:19+00:00","mainEntityOfPage":{"@id":"https:\/\/www.carideal.com\/blog\/2015\/03\/11\/mitsubishi-outlander-phev-premier-suv-hybride-rechargeable-commercialise-en-france\/"},"wordCount":219,"commentCount":2,"publisher":{"@id":"https:\/\/www.carideal.com\/blog\/#organization"},"image":{"@id":"https:\/\/www.carideal.com\/blog\/2015\/03\/11\/mitsubishi-outlander-phev-premier-suv-hybride-rechargeable-commercialise-en-france\/#primaryimage"},"thumbnailUrl":"https:\/\/www.carideal.com\/blog\/wp-content\/uploads\/2015\/01\/mitsubishi-outlander-phev-hybride-rechargeable-carideal-mandataire-automobile-e1567079312191.jpg","articleSection":["Actualit\u00e9 Constructeur automobile","Actualit\u00e9 Mitsubishi","March\u00e9 automobile","SUV","Technologie Automobile","Type de v\u00e9hicule","Voiture Hybride"],"inLanguage":"fr-FR","potentialAction":[{"@type":"CommentAction","name":"Comment","target":["https:\/\/www.carideal.com\/blog\/2015\/03\/11\/mitsubishi-outlander-phev-premier-suv-hybride-rechargeable-commercialise-en-france\/#respond"]}]},{"@type":"WebPage","@id":"https:\/\/www.carideal.com\/blog\/2015\/03\/11\/mitsubishi-outlander-phev-premier-suv-hybride-rechargeable-commercialise-en-france\/","url":"https:\/\/www.carideal.com\/blog\/2015\/03\/11\/mitsubishi-outlander-phev-premier-suv-hybride-rechargeable-commercialise-en-france\/","name":"Mitsubishi Outlander PHEV premier SUV Hybride rechargeable commercialis\u00e9 en France - Blog auto Carid\u00e9al","isPartOf":{"@id":"https:\/\/www.carideal.com\/blog\/#website"},"primaryImageOfPage":{"@id":"https:\/\/www.carideal.com\/blog\/2015\/03\/11\/mitsubishi-outlander-phev-premier-suv-hybride-rechargeable-commercialise-en-france\/#primaryimage"},"image":{"@id":"https:\/\/www.carideal.com\/blog\/2015\/03\/11\/mitsubishi-outlander-phev-premier-suv-hybride-rechargeable-commercialise-en-france\/#primaryimage"},"thumbnailUrl":"https:\/\/www.carideal.com\/blog\/wp-content\/uploads\/2015\/01\/mitsubishi-outlander-phev-hybride-rechargeable-carideal-mandataire-automobile-e1567079312191.jpg","datePublished":"2015-03-11T06:45:16+00:00","dateModified":"2019-08-29T11:52:19+00:00","description":"Le Mitsubishi PHEV est tout simplement invendable \u00e0 ce tarif l\u00e0 : 49900 \u20ac Bonus d\u00e9duit. C'est 8310 \u20ac de plus qu'un Outlander diesel en boite automatique.","breadcrumb":{"@id":"https:\/\/www.carideal.com\/blog\/2015\/03\/11\/mitsubishi-outlander-phev-premier-suv-hybride-rechargeable-commercialise-en-france\/#breadcrumb"},"inLanguage":"fr-FR","potentialAction":[{"@type":"ReadAction","target":["https:\/\/www.carideal.com\/blog\/2015\/03\/11\/mitsubishi-outlander-phev-premier-suv-hybride-rechargeable-commercialise-en-france\/"]}]},{"@type":"ImageObject","inLanguage":"fr-FR","@id":"https:\/\/www.carideal.com\/blog\/2015\/03\/11\/mitsubishi-outlander-phev-premier-suv-hybride-rechargeable-commercialise-en-france\/#primaryimage","url":"https:\/\/www.carideal.com\/blog\/wp-content\/uploads\/2015\/01\/mitsubishi-outlander-phev-hybride-rechargeable-carideal-mandataire-automobile-e1567079312191.jpg","contentUrl":"https:\/\/www.carideal.com\/blog\/wp-content\/uploads\/2015\/01\/mitsubishi-outlander-phev-hybride-rechargeable-carideal-mandataire-automobile-e1567079312191.jpg","width":600,"height":321,"caption":"Le Mitsubishi PHEV est tout simplement invendable \u00e0 ce tarif l\u00e0 : 49900 \u20ac Bonus d\u00e9duit. C'est 8310 \u20ac de plus qu'un Outlander diesel en boite automatique. La consommation d'essence sur autoroute est r\u00e9dhibitoire... mais le SUV au quotidien est plaisant."},{"@type":"BreadcrumbList","@id":"https:\/\/www.carideal.com\/blog\/2015\/03\/11\/mitsubishi-outlander-phev-premier-suv-hybride-rechargeable-commercialise-en-france\/#breadcrumb","itemListElement":[{"@type":"ListItem","position":1,"name":"Blog Carid\u00e9al","item":"https:\/\/www.carideal.com\/blog\/"},{"@type":"ListItem","position":2,"name":"March\u00e9 automobile","item":"https:\/\/www.carideal.com\/blog\/marche-automobile-voiture-neuve-occasion-4x4-suv\/"},{"@type":"ListItem","position":3,"name":"Mitsubishi Outlander PHEV premier SUV Hybride rechargeable commercialis\u00e9 en France"}]},{"@type":"WebSite","@id":"https:\/\/www.carideal.com\/blog\/#website","url":"https:\/\/www.carideal.com\/blog\/","name":"Blog auto Carid\u00e9al","description":"Actualit\u00e9 auto par des passionn\u00e9s","publisher":{"@id":"https:\/\/www.carideal.com\/blog\/#organization"},"potentialAction":[{"@type":"SearchAction","target":{"@type":"EntryPoint","urlTemplate":"https:\/\/www.carideal.com\/blog\/?s={search_term_string}"},"query-input":{"@type":"PropertyValueSpecification","valueRequired":true,"valueName":"search_term_string"}}],"inLanguage":"fr-FR"},{"@type":"Organization","@id":"https:\/\/www.carideal.com\/blog\/#organization","name":"Carideal","url":"https:\/\/www.carideal.com\/blog\/","logo":{"@type":"ImageObject","inLanguage":"fr-FR","@id":"https:\/\/www.carideal.com\/blog\/#\/schema\/logo\/image\/","url":"http:\/\/www.carideal.com\/blog\/wp-content\/uploads\/2016\/03\/logo-carideal-mandataire-automobile.png","contentUrl":"http:\/\/www.carideal.com\/blog\/wp-content\/uploads\/2016\/03\/logo-carideal-mandataire-automobile.png","width":300,"height":300,"caption":"Carideal"},"image":{"@id":"https:\/\/www.carideal.com\/blog\/#\/schema\/logo\/image\/"},"sameAs":["https:\/\/www.facebook.com\/Carideal.mandataire.automobile","https:\/\/x.com\/caridealauto","https:\/\/www.instagram.com\/carideal1\/","https:\/\/www.linkedin.com\/company\/carideal.com","https:\/\/fr.pinterest.com\/schiavonsas\/","https:\/\/www.youtube.com\/user\/caridealsas"]},{"@type":"Person","@id":"https:\/\/www.carideal.com\/blog\/#\/schema\/person\/cd95dc7919660de90d31b366f85be1ec","name":"Nicolas SCHIAVON","image":{"@type":"ImageObject","inLanguage":"fr-FR","@id":"https:\/\/www.carideal.com\/blog\/#\/schema\/person\/image\/","url":"https:\/\/secure.gravatar.com\/avatar\/c17e55009e671d92cc7f5dc837dc418a?s=96&r=g","contentUrl":"https:\/\/secure.gravatar.com\/avatar\/c17e55009e671d92cc7f5dc837dc418a?s=96&r=g","caption":"Nicolas SCHIAVON"},"description":"Nicolas Schiavon est tomb\u00e9 tout petit dans la marmite automobile. Ayant eu un garage de marque automobile, mandataire automobile de la premi\u00e8re heure d\u00e8s 1999. Nicolas a cr\u00e9\u00e9 ces premiers sites de vente de voiture et blog automobile d\u00e8s 1994. Carideal est n\u00e9 le 15 d\u00e9cembre 2000 de la volont\u00e9 de vendre des voitures d'occasions en ligne puis des voitures neuves. Il a pu essayer beaucoup de voitures tr\u00e8s diff\u00e9rentes et ayant eu personnellement quelques belles autos, Subaru Impreza, Mitsubishi Lancer Evo 7, Porsche 911, Ferrari Testarrossa, Audi RS3, RS4 et j'en passe...","sameAs":["http:\/\/www.carideal.com","https:\/\/www.facebook.com\/nicolas.schiavon.39","https:\/\/www.instagram.com\/carideal1\/","https:\/\/www.linkedin.com\/in\/nschiavon\/","https:\/\/x.com\/caridealauto","https:\/\/www.youtube.com\/user\/caridealsas\/"],"url":"https:\/\/www.carideal.com\/blog\/author\/nschiavon\/"}]}},"uagb_featured_image_src":{"full":["https:\/\/www.carideal.com\/blog\/wp-content\/uploads\/2015\/01\/mitsubishi-outlander-phev-hybride-rechargeable-carideal-mandataire-automobile-e1567079312191.jpg",600,321,false],"thumbnail":["https:\/\/www.carideal.com\/blog\/wp-content\/uploads\/2015\/01\/mitsubishi-outlander-phev-hybride-rechargeable-carideal-mandataire-automobile-150x150.jpg",150,150,true],"medium":["https:\/\/www.carideal.com\/blog\/wp-content\/uploads\/2015\/01\/mitsubishi-outlander-phev-hybride-rechargeable-carideal-mandataire-automobile-300x160.jpg",300,160,true],"medium_large":["https:\/\/www.carideal.com\/blog\/wp-content\/uploads\/2015\/01\/mitsubishi-outlander-phev-hybride-rechargeable-carideal-mandataire-automobile-e1567079312191.jpg",600,321,false],"large":["https:\/\/www.carideal.com\/blog\/wp-content\/uploads\/2015\/01\/mitsubishi-outlander-phev-hybride-rechargeable-carideal-mandataire-automobile-1024x547.jpg",1024,547,true],"1536x1536":["https:\/\/www.carideal.com\/blog\/wp-content\/uploads\/2015\/01\/mitsubishi-outlander-phev-hybride-rechargeable-carideal-mandataire-automobile-e1567079312191.jpg",600,321,false],"2048x2048":["https:\/\/www.carideal.com\/blog\/wp-content\/uploads\/2015\/01\/mitsubishi-outlander-phev-hybride-rechargeable-carideal-mandataire-automobile-e1567079312191.jpg",600,321,false],"wppr-widget":["https:\/\/www.carideal.com\/blog\/wp-content\/uploads\/2015\/01\/mitsubishi-outlander-phev-hybride-rechargeable-carideal-mandataire-automobile-e1567079312191.jpg",50,27,false]},"uagb_author_info":{"display_name":"Nicolas SCHIAVON","author_link":"https:\/\/www.carideal.com\/blog\/author\/nschiavon\/"},"uagb_comment_info":2,"uagb_excerpt":"Mitsubishi Outlander PHEV premier SUV Hybride rechargeable commercialis\u00e9 en France Le Mitsubishi Outlander PHEV est l'hybride rechargeable le plus vendu en France L'Outlander PHEV et le premier SUV hybride rechargeable commercialis\u00e9 en France par le constructeur japonais Mitsubishi Motors. Affichant un taux d'\u00e9missions de CO2 de seu\u00adlement 44\u00a0g\/km, l'Outlander PHEV est \u00e9quip\u00e9 de deux moteurs\u2026","_links":{"self":[{"href":"https:\/\/www.carideal.com\/blog\/wp-json\/wp\/v2\/posts\/5608"}],"collection":[{"href":"https:\/\/www.carideal.com\/blog\/wp-json\/wp\/v2\/posts"}],"about":[{"href":"https:\/\/www.carideal.com\/blog\/wp-json\/wp\/v2\/types\/post"}],"author":[{"embeddable":true,"href":"https:\/\/www.carideal.com\/blog\/wp-json\/wp\/v2\/users\/3"}],"replies":[{"embeddable":true,"href":"https:\/\/www.carideal.com\/blog\/wp-json\/wp\/v2\/comments?post=5608"}],"version-history":[{"count":0,"href":"https:\/\/www.carideal.com\/blog\/wp-json\/wp\/v2\/posts\/5608\/revisions"}],"wp:featuredmedia":[{"embeddable":true,"href":"https:\/\/www.carideal.com\/blog\/wp-json\/wp\/v2\/media\/4235"}],"wp:attachment":[{"href":"https:\/\/www.carideal.com\/blog\/wp-json\/wp\/v2\/media?parent=5608"}],"wp:term":[{"taxonomy":"category","embeddable":true,"href":"https:\/\/www.carideal.com\/blog\/wp-json\/wp\/v2\/categories?post=5608"},{"taxonomy":"post_tag","embeddable":true,"href":"https:\/\/www.carideal.com\/blog\/wp-json\/wp\/v2\/tags?post=5608"}],"curies":[{"name":"wp","href":"https:\/\/api.w.org\/{rel}","templated":true}]}}