{"id":5605,"date":"2015-03-10T21:50:26","date_gmt":"2015-03-10T20:50:26","guid":{"rendered":"http:\/\/www.carideal.com\/blog\/?p=5605"},"modified":"2019-12-16T10:55:00","modified_gmt":"2019-12-16T09:55:00","slug":"hyundai-i20-une-citadine-racee","status":"publish","type":"post","link":"https:\/\/www.carideal.com\/blog\/2015\/03\/10\/hyundai-i20-une-citadine-racee\/","title":{"rendered":"Hyundai i20 Une citadine rac\u00e9e"},"content":{"rendered":"<h2>Hyundai i20 une citadine rac\u00e9e<\/h2>\n<p><a href=\"http:\/\/www.carideal.com\/blog\/marque-de-voiture-actualites-essais\/hyundai\/\">Hyundai<\/a> quatri\u00e8me constructeur mondial vient de lancer la Hyundai i20 de nou\u00advelle G\u00e9n\u00e9ration, une citadine au design dynamique.<\/p>\n<p>Hyundai aime le foot. Le constructeur est par\u00adtenaire majeur de l'Olympique Lyonnais de\u00adpuis trois saisons. Il sera aussi partenaire de l'Euro 2016 qui se jouera en France, l'an pro\u00adchain. En France toujours, la marque en forme entame l'ann\u00e9e sur un train d'enfer. Hyundai vient de lancer la compacte i20 Nouvelle G\u00e9n\u00e9ration. Nouvelle Hyundai i20 est une voi\u00adture polyvalente, spacieuse et g\u00e9n\u00e9reusement \u00e9quip\u00e9e.<\/p>\n<figure id=\"attachment_16952\" aria-describedby=\"caption-attachment-16952\" style=\"width: 390px\" class=\"wp-caption alignnone\"><img loading=\"lazy\" decoding=\"async\" class=\"size-full wp-image-16952\" src=\"http:\/\/www.carideal.com\/blog\/wp-content\/uploads\/2015\/03\/hyundai-i20-blog-carideal-automobile-1-e1575885297771.jpg\" alt=\"Hyundai I20\" width=\"400\" height=\"226\" \/><figcaption id=\"caption-attachment-16952\" class=\"wp-caption-text\">Hyundai I20<\/figcaption><\/figure>\n<p>Produite en Europe, elle pr\u00e9sente une ligne moderne et raffin\u00e9e. Sa nouvelle plate-forme d\u00e9veloppe son habitabilit\u00e9 pour un espace \u00e0 bord plus vaste et mieux pens\u00e9\u00a0que ses concurrentes. Nouvelle Hyundai i20, c'est une v\u00e9ritable 5 places pour 5 adultes... Une first classe car le luxe c'est aussi l'espace. La nouvelle Hyundai i20 est dot\u00e9e de qualit\u00e9s de finition de ni\u00adveau sup\u00e9rieur.<\/p>\n<ul>\n<li><a href=\"http:\/\/www.carideal.com\/blog\/2014\/06\/11\/top-10-des-citadines-2014\/\">Les meilleures citadines<\/a><\/li>\n<\/ul>\n<p>Le tableau de bord et la sellerie sont aussi agr\u00e9ables \u00e0 l'oeil qu'au toucher. Le conducteur a \u00e9t\u00e9 l'objet de toutes les attentions pour lui procurer un vrai plaisir de conduite. La planche de bord orient\u00e9e dans sa direction, permet une meilleure lisibilit\u00e9 et une conduite plus confortable. La pl\u00e9iade d'\u00e9quipements emprunt\u00e9e \u00e0 la cat\u00e9\u00adgorie sup\u00e9rieure et au meilleur prix du march\u00e9, y est certaine\u00adment pour quelque chose. Toit ouvrant panoramique qui apporte un r\u00e9el suppl\u00e9ment de luminosi\u00adt\u00e9. L'i20 est la seule voiture de sa cat\u00e9gorie \u00e0 offrir cette option. Volant chauffant, syst\u00e8me de maintien sur sa file ou encore d\u00e9sembuage automatique, adou\u00adcissent le voyage.<\/p>\n<p><a href=\"http:\/\/www.carideal.com\/blog\/2019\/12\/09\/les-petites-voitures-les-plus-fiables-a-acheter-en-2019\/\">Les citadines les plus fiables<\/a><\/p>\n<p>Le syst\u00e8me d'aide au stationnement rend le parcage plus ais\u00e9. Le volume du coffre n'est pas en reste, il est la r\u00e9f\u00e9rence du march\u00e9. Pour les plus m\u00e9lomanes, la connectique U5t3 et les au\u00adxiliaires de s\u00e9rie, transforment l'habitacle en auditorium roulant avec une parfaite insono\u00adrisation. Un vaste \u00e9cran de 7 pouces accueille notamment le syst\u00e8me de navigation.<\/p>\n<p>Une at\u00adtention particuli\u00e8re a \u00e9t\u00e9 port\u00e9e aux \u00e9quipe\u00adments de s\u00e9curit\u00e9 et d'assistance : 6 airbags, syst\u00e8me d'assistance au maintien de voies, l\u00e0 encore digne du segment sup\u00e9rieur. Sous le capot, le choix comprend 5 moteurs. La ver\u00adsion 1.1 CRDI Initia semble particuli\u00e8rement performante. Sa consommation est digne d'un oisillon avec \u00e0 peine 3,8 1\/100 km et un taux d'\u00e9mission de 99 g\/km. La Nouvelle Hyundai 120 se d\u00e9cline aussi en version 3 portes dont la carrosserie originale prend des airs de cou\u00adp\u00e9 sportif. On le voit, Nouvelle Hyundai 120 regorge de qualit\u00e9s. Depuis 2013, elle porte aussi les couleurs de la marque dans le cham\u00adpionnat du monde WRC des rallyes. D\u00e9cid\u00e9\u00adment, la citadine de Hyundai n'entend pas jouer les rempla\u00e7antes.<\/p>\n","protected":false},"excerpt":{"rendered":"<p>Hyundai i20 une citadine rac\u00e9e Hyundai quatri\u00e8me constructeur mondial vient de lancer la Hyundai i20 de nou\u00advelle G\u00e9n\u00e9ration, une citadine au design dynamique. Hyundai aime le foot. Le constructeur est par\u00adtenaire majeur de l&rsquo;Olympique Lyonnais de\u00adpuis trois saisons. Il sera aussi partenaire de l&rsquo;Euro 2016 qui se jouera en France, l&rsquo;an pro\u00adchain. En France toujours, &#8230; <a title=\"Hyundai i20 Une citadine rac\u00e9e\" class=\"read-more\" href=\"https:\/\/www.carideal.com\/blog\/2015\/03\/10\/hyundai-i20-une-citadine-racee\/\" aria-label=\"En savoir plus sur Hyundai i20 Une citadine rac\u00e9e\">Lire plus<\/a><\/p>\n","protected":false},"author":3,"featured_media":16952,"comment_status":"open","ping_status":"open","sticky":false,"template":"","format":"standard","meta":{"_uag_custom_page_level_css":"","_themeisle_gutenberg_block_has_review":false,"footnotes":""},"categories":[21,6009,6012,17178,5947,6240,5974],"tags":[1348],"class_list":["post-5605","post","type-post","status-publish","format-standard","has-post-thumbnail","hentry","category-actualites-auto","category-hyundai","category-berlines","category-citadine","category-essai","category-essais-hyundai","category-type-de-vehicule","tag-citadine"],"wppr_data":{"cwp_meta_box_check":"No"},"yoast_head":"<!-- This site is optimized with the Yoast SEO plugin v24.8.1 - https:\/\/yoast.com\/wordpress\/plugins\/seo\/ -->\n<title>Hyundai i20 Une citadine rac\u00e9e - Blog auto Carid\u00e9al<\/title>\n<meta name=\"description\" content=\"Hyundai vient de lancer la compacte i20 Nouvelle G\u00e9n\u00e9ration. Nouvelle Hyundai i20 est une voi\u00adture polyvalente, spacieuse et g\u00e9n\u00e9reusement \u00e9quip\u00e9e.\" \/>\n<meta name=\"robots\" content=\"index, follow, max-snippet:-1, max-image-preview:large, max-video-preview:-1\" \/>\n<link rel=\"canonical\" href=\"https:\/\/www.carideal.com\/blog\/2015\/03\/10\/hyundai-i20-une-citadine-racee\/\" \/>\n<meta property=\"og:locale\" content=\"fr_FR\" \/>\n<meta property=\"og:type\" content=\"article\" \/>\n<meta property=\"og:title\" content=\"Hyundai i20 Une citadine rac\u00e9e - Blog auto Carid\u00e9al\" \/>\n<meta property=\"og:description\" content=\"Hyundai vient de lancer la compacte i20 Nouvelle G\u00e9n\u00e9ration. Nouvelle Hyundai i20 est une voi\u00adture polyvalente, spacieuse et g\u00e9n\u00e9reusement \u00e9quip\u00e9e.\" \/>\n<meta property=\"og:url\" content=\"https:\/\/www.carideal.com\/blog\/2015\/03\/10\/hyundai-i20-une-citadine-racee\/\" \/>\n<meta property=\"og:site_name\" content=\"Blog auto Carid\u00e9al\" \/>\n<meta property=\"article:publisher\" content=\"https:\/\/www.facebook.com\/Carideal.mandataire.automobile\" \/>\n<meta property=\"article:author\" content=\"https:\/\/www.facebook.com\/nicolas.schiavon.39\" \/>\n<meta property=\"article:published_time\" content=\"2015-03-10T20:50:26+00:00\" \/>\n<meta property=\"article:modified_time\" content=\"2019-12-16T09:55:00+00:00\" \/>\n<meta property=\"og:image\" content=\"https:\/\/www.carideal.com\/blog\/wp-content\/uploads\/2015\/03\/hyundai-i20-blog-carideal-automobile-1-e1575885297771.jpg\" \/>\n\t<meta property=\"og:image:width\" content=\"400\" \/>\n\t<meta property=\"og:image:height\" content=\"226\" \/>\n\t<meta property=\"og:image:type\" content=\"image\/jpeg\" \/>\n<meta name=\"author\" content=\"Nicolas SCHIAVON\" \/>\n<meta name=\"twitter:card\" content=\"summary_large_image\" \/>\n<meta name=\"twitter:creator\" content=\"@caridealauto\" \/>\n<meta name=\"twitter:site\" content=\"@caridealauto\" \/>\n<meta name=\"twitter:label1\" content=\"\u00c9crit par\" \/>\n\t<meta name=\"twitter:data1\" content=\"Nicolas SCHIAVON\" \/>\n\t<meta name=\"twitter:label2\" content=\"Dur\u00e9e de lecture estim\u00e9e\" \/>\n\t<meta name=\"twitter:data2\" content=\"2 minutes\" \/>\n<script type=\"application\/ld+json\" class=\"yoast-schema-graph\">{\"@context\":\"https:\/\/schema.org\",\"@graph\":[{\"@type\":\"Article\",\"@id\":\"https:\/\/www.carideal.com\/blog\/2015\/03\/10\/hyundai-i20-une-citadine-racee\/#article\",\"isPartOf\":{\"@id\":\"https:\/\/www.carideal.com\/blog\/2015\/03\/10\/hyundai-i20-une-citadine-racee\/\"},\"author\":{\"name\":\"Nicolas SCHIAVON\",\"@id\":\"https:\/\/www.carideal.com\/blog\/#\/schema\/person\/cd95dc7919660de90d31b366f85be1ec\"},\"headline\":\"Hyundai i20 Une citadine rac\u00e9e\",\"datePublished\":\"2015-03-10T20:50:26+00:00\",\"dateModified\":\"2019-12-16T09:55:00+00:00\",\"mainEntityOfPage\":{\"@id\":\"https:\/\/www.carideal.com\/blog\/2015\/03\/10\/hyundai-i20-une-citadine-racee\/\"},\"wordCount\":497,\"commentCount\":0,\"publisher\":{\"@id\":\"https:\/\/www.carideal.com\/blog\/#organization\"},\"image\":{\"@id\":\"https:\/\/www.carideal.com\/blog\/2015\/03\/10\/hyundai-i20-une-citadine-racee\/#primaryimage\"},\"thumbnailUrl\":\"https:\/\/www.carideal.com\/blog\/wp-content\/uploads\/2015\/03\/hyundai-i20-blog-carideal-automobile-1-e1575885297771.jpg\",\"keywords\":[\"Voiture citadine\"],\"articleSection\":[\"Actualit\u00e9 automobile\",\"Actualit\u00e9 Hyundai\",\"Berlines\",\"Citadine\",\"Essais automobile\",\"Essais Hyundai\",\"Type de v\u00e9hicule\"],\"inLanguage\":\"fr-FR\",\"potentialAction\":[{\"@type\":\"CommentAction\",\"name\":\"Comment\",\"target\":[\"https:\/\/www.carideal.com\/blog\/2015\/03\/10\/hyundai-i20-une-citadine-racee\/#respond\"]}]},{\"@type\":\"WebPage\",\"@id\":\"https:\/\/www.carideal.com\/blog\/2015\/03\/10\/hyundai-i20-une-citadine-racee\/\",\"url\":\"https:\/\/www.carideal.com\/blog\/2015\/03\/10\/hyundai-i20-une-citadine-racee\/\",\"name\":\"Hyundai i20 Une citadine rac\u00e9e - Blog auto Carid\u00e9al\",\"isPartOf\":{\"@id\":\"https:\/\/www.carideal.com\/blog\/#website\"},\"primaryImageOfPage\":{\"@id\":\"https:\/\/www.carideal.com\/blog\/2015\/03\/10\/hyundai-i20-une-citadine-racee\/#primaryimage\"},\"image\":{\"@id\":\"https:\/\/www.carideal.com\/blog\/2015\/03\/10\/hyundai-i20-une-citadine-racee\/#primaryimage\"},\"thumbnailUrl\":\"https:\/\/www.carideal.com\/blog\/wp-content\/uploads\/2015\/03\/hyundai-i20-blog-carideal-automobile-1-e1575885297771.jpg\",\"datePublished\":\"2015-03-10T20:50:26+00:00\",\"dateModified\":\"2019-12-16T09:55:00+00:00\",\"description\":\"Hyundai vient de lancer la compacte i20 Nouvelle G\u00e9n\u00e9ration. Nouvelle Hyundai i20 est une voi\u00adture polyvalente, spacieuse et g\u00e9n\u00e9reusement \u00e9quip\u00e9e.\",\"breadcrumb\":{\"@id\":\"https:\/\/www.carideal.com\/blog\/2015\/03\/10\/hyundai-i20-une-citadine-racee\/#breadcrumb\"},\"inLanguage\":\"fr-FR\",\"potentialAction\":[{\"@type\":\"ReadAction\",\"target\":[\"https:\/\/www.carideal.com\/blog\/2015\/03\/10\/hyundai-i20-une-citadine-racee\/\"]}]},{\"@type\":\"ImageObject\",\"inLanguage\":\"fr-FR\",\"@id\":\"https:\/\/www.carideal.com\/blog\/2015\/03\/10\/hyundai-i20-une-citadine-racee\/#primaryimage\",\"url\":\"https:\/\/www.carideal.com\/blog\/wp-content\/uploads\/2015\/03\/hyundai-i20-blog-carideal-automobile-1-e1575885297771.jpg\",\"contentUrl\":\"https:\/\/www.carideal.com\/blog\/wp-content\/uploads\/2015\/03\/hyundai-i20-blog-carideal-automobile-1-e1575885297771.jpg\",\"width\":400,\"height\":226,\"caption\":\"Hyundai I20\"},{\"@type\":\"BreadcrumbList\",\"@id\":\"https:\/\/www.carideal.com\/blog\/2015\/03\/10\/hyundai-i20-une-citadine-racee\/#breadcrumb\",\"itemListElement\":[{\"@type\":\"ListItem\",\"position\":1,\"name\":\"Blog Carid\u00e9al\",\"item\":\"https:\/\/www.carideal.com\/blog\/\"},{\"@type\":\"ListItem\",\"position\":2,\"name\":\"Actualit\u00e9 constructeur automobile\",\"item\":\"https:\/\/www.carideal.com\/blog\/constructeur\/\"},{\"@type\":\"ListItem\",\"position\":3,\"name\":\"Actualit\u00e9 Hyundai\",\"item\":\"https:\/\/www.carideal.com\/blog\/constructeur\/hyundai\/\"},{\"@type\":\"ListItem\",\"position\":4,\"name\":\"Hyundai i20 Une citadine rac\u00e9e\"}]},{\"@type\":\"WebSite\",\"@id\":\"https:\/\/www.carideal.com\/blog\/#website\",\"url\":\"https:\/\/www.carideal.com\/blog\/\",\"name\":\"Blog auto Carid\u00e9al\",\"description\":\"Actualit\u00e9 auto par des passionn\u00e9s\",\"publisher\":{\"@id\":\"https:\/\/www.carideal.com\/blog\/#organization\"},\"potentialAction\":[{\"@type\":\"SearchAction\",\"target\":{\"@type\":\"EntryPoint\",\"urlTemplate\":\"https:\/\/www.carideal.com\/blog\/?s={search_term_string}\"},\"query-input\":{\"@type\":\"PropertyValueSpecification\",\"valueRequired\":true,\"valueName\":\"search_term_string\"}}],\"inLanguage\":\"fr-FR\"},{\"@type\":\"Organization\",\"@id\":\"https:\/\/www.carideal.com\/blog\/#organization\",\"name\":\"Carideal\",\"url\":\"https:\/\/www.carideal.com\/blog\/\",\"logo\":{\"@type\":\"ImageObject\",\"inLanguage\":\"fr-FR\",\"@id\":\"https:\/\/www.carideal.com\/blog\/#\/schema\/logo\/image\/\",\"url\":\"http:\/\/www.carideal.com\/blog\/wp-content\/uploads\/2016\/03\/logo-carideal-mandataire-automobile.png\",\"contentUrl\":\"http:\/\/www.carideal.com\/blog\/wp-content\/uploads\/2016\/03\/logo-carideal-mandataire-automobile.png\",\"width\":300,\"height\":300,\"caption\":\"Carideal\"},\"image\":{\"@id\":\"https:\/\/www.carideal.com\/blog\/#\/schema\/logo\/image\/\"},\"sameAs\":[\"https:\/\/www.facebook.com\/Carideal.mandataire.automobile\",\"https:\/\/x.com\/caridealauto\",\"https:\/\/www.instagram.com\/carideal1\/\",\"https:\/\/www.linkedin.com\/company\/carideal.com\",\"https:\/\/fr.pinterest.com\/schiavonsas\/\",\"https:\/\/www.youtube.com\/user\/caridealsas\"]},{\"@type\":\"Person\",\"@id\":\"https:\/\/www.carideal.com\/blog\/#\/schema\/person\/cd95dc7919660de90d31b366f85be1ec\",\"name\":\"Nicolas SCHIAVON\",\"image\":{\"@type\":\"ImageObject\",\"inLanguage\":\"fr-FR\",\"@id\":\"https:\/\/www.carideal.com\/blog\/#\/schema\/person\/image\/\",\"url\":\"https:\/\/secure.gravatar.com\/avatar\/c17e55009e671d92cc7f5dc837dc418a?s=96&r=g\",\"contentUrl\":\"https:\/\/secure.gravatar.com\/avatar\/c17e55009e671d92cc7f5dc837dc418a?s=96&r=g\",\"caption\":\"Nicolas SCHIAVON\"},\"description\":\"Nicolas Schiavon est tomb\u00e9 tout petit dans la marmite automobile. Ayant eu un garage de marque automobile, mandataire automobile de la premi\u00e8re heure d\u00e8s 1999. Nicolas a cr\u00e9\u00e9 ces premiers sites de vente de voiture et blog automobile d\u00e8s 1994. Carideal est n\u00e9 le 15 d\u00e9cembre 2000 de la volont\u00e9 de vendre des voitures d'occasions en ligne puis des voitures neuves. Il a pu essayer beaucoup de voitures tr\u00e8s diff\u00e9rentes et ayant eu personnellement quelques belles autos, Subaru Impreza, Mitsubishi Lancer Evo 7, Porsche 911, Ferrari Testarrossa, Audi RS3, RS4 et j'en passe...\",\"sameAs\":[\"http:\/\/www.carideal.com\",\"https:\/\/www.facebook.com\/nicolas.schiavon.39\",\"https:\/\/www.instagram.com\/carideal1\/\",\"https:\/\/www.linkedin.com\/in\/nschiavon\/\",\"https:\/\/x.com\/caridealauto\",\"https:\/\/www.youtube.com\/user\/caridealsas\/\"],\"url\":\"https:\/\/www.carideal.com\/blog\/author\/nschiavon\/\"}]}<\/script>\n<!-- \/ Yoast SEO plugin. -->","yoast_head_json":{"title":"Hyundai i20 Une citadine rac\u00e9e - Blog auto Carid\u00e9al","description":"Hyundai vient de lancer la compacte i20 Nouvelle G\u00e9n\u00e9ration. Nouvelle Hyundai i20 est une voi\u00adture polyvalente, spacieuse et g\u00e9n\u00e9reusement \u00e9quip\u00e9e.","robots":{"index":"index","follow":"follow","max-snippet":"max-snippet:-1","max-image-preview":"max-image-preview:large","max-video-preview":"max-video-preview:-1"},"canonical":"https:\/\/www.carideal.com\/blog\/2015\/03\/10\/hyundai-i20-une-citadine-racee\/","og_locale":"fr_FR","og_type":"article","og_title":"Hyundai i20 Une citadine rac\u00e9e - Blog auto Carid\u00e9al","og_description":"Hyundai vient de lancer la compacte i20 Nouvelle G\u00e9n\u00e9ration. Nouvelle Hyundai i20 est une voi\u00adture polyvalente, spacieuse et g\u00e9n\u00e9reusement \u00e9quip\u00e9e.","og_url":"https:\/\/www.carideal.com\/blog\/2015\/03\/10\/hyundai-i20-une-citadine-racee\/","og_site_name":"Blog auto Carid\u00e9al","article_publisher":"https:\/\/www.facebook.com\/Carideal.mandataire.automobile","article_author":"https:\/\/www.facebook.com\/nicolas.schiavon.39","article_published_time":"2015-03-10T20:50:26+00:00","article_modified_time":"2019-12-16T09:55:00+00:00","og_image":[{"width":400,"height":226,"url":"https:\/\/www.carideal.com\/blog\/wp-content\/uploads\/2015\/03\/hyundai-i20-blog-carideal-automobile-1-e1575885297771.jpg","type":"image\/jpeg"}],"author":"Nicolas SCHIAVON","twitter_card":"summary_large_image","twitter_creator":"@caridealauto","twitter_site":"@caridealauto","twitter_misc":{"\u00c9crit par":"Nicolas SCHIAVON","Dur\u00e9e de lecture estim\u00e9e":"2 minutes"},"schema":{"@context":"https:\/\/schema.org","@graph":[{"@type":"Article","@id":"https:\/\/www.carideal.com\/blog\/2015\/03\/10\/hyundai-i20-une-citadine-racee\/#article","isPartOf":{"@id":"https:\/\/www.carideal.com\/blog\/2015\/03\/10\/hyundai-i20-une-citadine-racee\/"},"author":{"name":"Nicolas SCHIAVON","@id":"https:\/\/www.carideal.com\/blog\/#\/schema\/person\/cd95dc7919660de90d31b366f85be1ec"},"headline":"Hyundai i20 Une citadine rac\u00e9e","datePublished":"2015-03-10T20:50:26+00:00","dateModified":"2019-12-16T09:55:00+00:00","mainEntityOfPage":{"@id":"https:\/\/www.carideal.com\/blog\/2015\/03\/10\/hyundai-i20-une-citadine-racee\/"},"wordCount":497,"commentCount":0,"publisher":{"@id":"https:\/\/www.carideal.com\/blog\/#organization"},"image":{"@id":"https:\/\/www.carideal.com\/blog\/2015\/03\/10\/hyundai-i20-une-citadine-racee\/#primaryimage"},"thumbnailUrl":"https:\/\/www.carideal.com\/blog\/wp-content\/uploads\/2015\/03\/hyundai-i20-blog-carideal-automobile-1-e1575885297771.jpg","keywords":["Voiture citadine"],"articleSection":["Actualit\u00e9 automobile","Actualit\u00e9 Hyundai","Berlines","Citadine","Essais automobile","Essais Hyundai","Type de v\u00e9hicule"],"inLanguage":"fr-FR","potentialAction":[{"@type":"CommentAction","name":"Comment","target":["https:\/\/www.carideal.com\/blog\/2015\/03\/10\/hyundai-i20-une-citadine-racee\/#respond"]}]},{"@type":"WebPage","@id":"https:\/\/www.carideal.com\/blog\/2015\/03\/10\/hyundai-i20-une-citadine-racee\/","url":"https:\/\/www.carideal.com\/blog\/2015\/03\/10\/hyundai-i20-une-citadine-racee\/","name":"Hyundai i20 Une citadine rac\u00e9e - Blog auto Carid\u00e9al","isPartOf":{"@id":"https:\/\/www.carideal.com\/blog\/#website"},"primaryImageOfPage":{"@id":"https:\/\/www.carideal.com\/blog\/2015\/03\/10\/hyundai-i20-une-citadine-racee\/#primaryimage"},"image":{"@id":"https:\/\/www.carideal.com\/blog\/2015\/03\/10\/hyundai-i20-une-citadine-racee\/#primaryimage"},"thumbnailUrl":"https:\/\/www.carideal.com\/blog\/wp-content\/uploads\/2015\/03\/hyundai-i20-blog-carideal-automobile-1-e1575885297771.jpg","datePublished":"2015-03-10T20:50:26+00:00","dateModified":"2019-12-16T09:55:00+00:00","description":"Hyundai vient de lancer la compacte i20 Nouvelle G\u00e9n\u00e9ration. Nouvelle Hyundai i20 est une voi\u00adture polyvalente, spacieuse et g\u00e9n\u00e9reusement \u00e9quip\u00e9e.","breadcrumb":{"@id":"https:\/\/www.carideal.com\/blog\/2015\/03\/10\/hyundai-i20-une-citadine-racee\/#breadcrumb"},"inLanguage":"fr-FR","potentialAction":[{"@type":"ReadAction","target":["https:\/\/www.carideal.com\/blog\/2015\/03\/10\/hyundai-i20-une-citadine-racee\/"]}]},{"@type":"ImageObject","inLanguage":"fr-FR","@id":"https:\/\/www.carideal.com\/blog\/2015\/03\/10\/hyundai-i20-une-citadine-racee\/#primaryimage","url":"https:\/\/www.carideal.com\/blog\/wp-content\/uploads\/2015\/03\/hyundai-i20-blog-carideal-automobile-1-e1575885297771.jpg","contentUrl":"https:\/\/www.carideal.com\/blog\/wp-content\/uploads\/2015\/03\/hyundai-i20-blog-carideal-automobile-1-e1575885297771.jpg","width":400,"height":226,"caption":"Hyundai I20"},{"@type":"BreadcrumbList","@id":"https:\/\/www.carideal.com\/blog\/2015\/03\/10\/hyundai-i20-une-citadine-racee\/#breadcrumb","itemListElement":[{"@type":"ListItem","position":1,"name":"Blog Carid\u00e9al","item":"https:\/\/www.carideal.com\/blog\/"},{"@type":"ListItem","position":2,"name":"Actualit\u00e9 constructeur automobile","item":"https:\/\/www.carideal.com\/blog\/constructeur\/"},{"@type":"ListItem","position":3,"name":"Actualit\u00e9 Hyundai","item":"https:\/\/www.carideal.com\/blog\/constructeur\/hyundai\/"},{"@type":"ListItem","position":4,"name":"Hyundai i20 Une citadine rac\u00e9e"}]},{"@type":"WebSite","@id":"https:\/\/www.carideal.com\/blog\/#website","url":"https:\/\/www.carideal.com\/blog\/","name":"Blog auto Carid\u00e9al","description":"Actualit\u00e9 auto par des passionn\u00e9s","publisher":{"@id":"https:\/\/www.carideal.com\/blog\/#organization"},"potentialAction":[{"@type":"SearchAction","target":{"@type":"EntryPoint","urlTemplate":"https:\/\/www.carideal.com\/blog\/?s={search_term_string}"},"query-input":{"@type":"PropertyValueSpecification","valueRequired":true,"valueName":"search_term_string"}}],"inLanguage":"fr-FR"},{"@type":"Organization","@id":"https:\/\/www.carideal.com\/blog\/#organization","name":"Carideal","url":"https:\/\/www.carideal.com\/blog\/","logo":{"@type":"ImageObject","inLanguage":"fr-FR","@id":"https:\/\/www.carideal.com\/blog\/#\/schema\/logo\/image\/","url":"http:\/\/www.carideal.com\/blog\/wp-content\/uploads\/2016\/03\/logo-carideal-mandataire-automobile.png","contentUrl":"http:\/\/www.carideal.com\/blog\/wp-content\/uploads\/2016\/03\/logo-carideal-mandataire-automobile.png","width":300,"height":300,"caption":"Carideal"},"image":{"@id":"https:\/\/www.carideal.com\/blog\/#\/schema\/logo\/image\/"},"sameAs":["https:\/\/www.facebook.com\/Carideal.mandataire.automobile","https:\/\/x.com\/caridealauto","https:\/\/www.instagram.com\/carideal1\/","https:\/\/www.linkedin.com\/company\/carideal.com","https:\/\/fr.pinterest.com\/schiavonsas\/","https:\/\/www.youtube.com\/user\/caridealsas"]},{"@type":"Person","@id":"https:\/\/www.carideal.com\/blog\/#\/schema\/person\/cd95dc7919660de90d31b366f85be1ec","name":"Nicolas SCHIAVON","image":{"@type":"ImageObject","inLanguage":"fr-FR","@id":"https:\/\/www.carideal.com\/blog\/#\/schema\/person\/image\/","url":"https:\/\/secure.gravatar.com\/avatar\/c17e55009e671d92cc7f5dc837dc418a?s=96&r=g","contentUrl":"https:\/\/secure.gravatar.com\/avatar\/c17e55009e671d92cc7f5dc837dc418a?s=96&r=g","caption":"Nicolas SCHIAVON"},"description":"Nicolas Schiavon est tomb\u00e9 tout petit dans la marmite automobile. Ayant eu un garage de marque automobile, mandataire automobile de la premi\u00e8re heure d\u00e8s 1999. Nicolas a cr\u00e9\u00e9 ces premiers sites de vente de voiture et blog automobile d\u00e8s 1994. Carideal est n\u00e9 le 15 d\u00e9cembre 2000 de la volont\u00e9 de vendre des voitures d'occasions en ligne puis des voitures neuves. Il a pu essayer beaucoup de voitures tr\u00e8s diff\u00e9rentes et ayant eu personnellement quelques belles autos, Subaru Impreza, Mitsubishi Lancer Evo 7, Porsche 911, Ferrari Testarrossa, Audi RS3, RS4 et j'en passe...","sameAs":["http:\/\/www.carideal.com","https:\/\/www.facebook.com\/nicolas.schiavon.39","https:\/\/www.instagram.com\/carideal1\/","https:\/\/www.linkedin.com\/in\/nschiavon\/","https:\/\/x.com\/caridealauto","https:\/\/www.youtube.com\/user\/caridealsas\/"],"url":"https:\/\/www.carideal.com\/blog\/author\/nschiavon\/"}]}},"uagb_featured_image_src":{"full":["https:\/\/www.carideal.com\/blog\/wp-content\/uploads\/2015\/03\/hyundai-i20-blog-carideal-automobile-1-e1575885297771.jpg",400,226,false],"thumbnail":["https:\/\/www.carideal.com\/blog\/wp-content\/uploads\/2015\/03\/hyundai-i20-blog-carideal-automobile-1-150x150.jpg",150,150,true],"medium":["https:\/\/www.carideal.com\/blog\/wp-content\/uploads\/2015\/03\/hyundai-i20-blog-carideal-automobile-1-300x169.jpg",300,169,true],"medium_large":["https:\/\/www.carideal.com\/blog\/wp-content\/uploads\/2015\/03\/hyundai-i20-blog-carideal-automobile-1-e1575885297771.jpg",400,226,false],"large":["https:\/\/www.carideal.com\/blog\/wp-content\/uploads\/2015\/03\/hyundai-i20-blog-carideal-automobile-1-e1575885297771.jpg",400,226,false],"1536x1536":["https:\/\/www.carideal.com\/blog\/wp-content\/uploads\/2015\/03\/hyundai-i20-blog-carideal-automobile-1-e1575885297771.jpg",400,226,false],"2048x2048":["https:\/\/www.carideal.com\/blog\/wp-content\/uploads\/2015\/03\/hyundai-i20-blog-carideal-automobile-1-e1575885297771.jpg",400,226,false],"wppr-widget":["https:\/\/www.carideal.com\/blog\/wp-content\/uploads\/2015\/03\/hyundai-i20-blog-carideal-automobile-1-e1575885297771.jpg",50,28,false]},"uagb_author_info":{"display_name":"Nicolas SCHIAVON","author_link":"https:\/\/www.carideal.com\/blog\/author\/nschiavon\/"},"uagb_comment_info":0,"uagb_excerpt":"Hyundai i20 une citadine rac\u00e9e Hyundai quatri\u00e8me constructeur mondial vient de lancer la Hyundai i20 de nou\u00advelle G\u00e9n\u00e9ration, une citadine au design dynamique. Hyundai aime le foot. Le constructeur est par\u00adtenaire majeur de l'Olympique Lyonnais de\u00adpuis trois saisons. Il sera aussi partenaire de l'Euro 2016 qui se jouera en France, l'an pro\u00adchain. En France toujours,\u2026","_links":{"self":[{"href":"https:\/\/www.carideal.com\/blog\/wp-json\/wp\/v2\/posts\/5605"}],"collection":[{"href":"https:\/\/www.carideal.com\/blog\/wp-json\/wp\/v2\/posts"}],"about":[{"href":"https:\/\/www.carideal.com\/blog\/wp-json\/wp\/v2\/types\/post"}],"author":[{"embeddable":true,"href":"https:\/\/www.carideal.com\/blog\/wp-json\/wp\/v2\/users\/3"}],"replies":[{"embeddable":true,"href":"https:\/\/www.carideal.com\/blog\/wp-json\/wp\/v2\/comments?post=5605"}],"version-history":[{"count":0,"href":"https:\/\/www.carideal.com\/blog\/wp-json\/wp\/v2\/posts\/5605\/revisions"}],"wp:featuredmedia":[{"embeddable":true,"href":"https:\/\/www.carideal.com\/blog\/wp-json\/wp\/v2\/media\/16952"}],"wp:attachment":[{"href":"https:\/\/www.carideal.com\/blog\/wp-json\/wp\/v2\/media?parent=5605"}],"wp:term":[{"taxonomy":"category","embeddable":true,"href":"https:\/\/www.carideal.com\/blog\/wp-json\/wp\/v2\/categories?post=5605"},{"taxonomy":"post_tag","embeddable":true,"href":"https:\/\/www.carideal.com\/blog\/wp-json\/wp\/v2\/tags?post=5605"}],"curies":[{"name":"wp","href":"https:\/\/api.w.org\/{rel}","templated":true}]}}