{"id":558,"date":"2012-12-19T13:29:00","date_gmt":"2012-12-19T13:29:00","guid":{"rendered":"http:\/\/carideal.com\/blog\/?p=558"},"modified":"2020-03-07T16:51:50","modified_gmt":"2020-03-07T15:51:50","slug":"le-telephone-portable","status":"publish","type":"post","link":"https:\/\/www.carideal.com\/blog\/2012\/12\/19\/le-telephone-portable\/","title":{"rendered":"Le t\u00e9l\u00e9phone portable"},"content":{"rendered":"<\/p>\n<p><a href=\"\/blog\/index.php?tag\/Les%20jeunes\">Les jeunes<\/a> sont d\u00e9cid\u00e9ment la population la plus risque, d\u00e8s qu'il s'agit de <a href=\"\/blog\/index.php?tag\/s%C3%A9curit%C3%A9%20routi%C3%A8re\">s\u00e9curit\u00e9 routi\u00e8re<\/a>. Selon la derni\u00e8re \u00e9tude orchestr\u00e9e par la Pr\u00e9vention Routi\u00e8re et Assureurs Pr\u00e9vention, 76% des 18-24 ans affirment utiliser leur t\u00e9l\u00e9phone au volant (...) contre 30 % en 1999 et 44 % en 2004. Mais voici le pire: \" Par ailleurs 74 % des jeunes conducteurs interrog\u00e9s ne comprendraient pas que tout usage de t\u00e9l\u00e9phone en voiture, y compris avec oreillette ou kit mains libres, puisse \u00eatre verbalis\u00e9 (contre 54% pour l'ensemble des conducteurs)\". Les derni\u00e8res g\u00e9n\u00e9rations \u00e9tant presque n\u00e9es avec un <a href=\"\/blog\/index.php?tag\/portable\">portable<\/a> \u00e0 la mains, il est d\u00e9sormais difficile de leur enlever de l'oreille. Toujours selon la Pr\u00e9vention Routi\u00e8re, les chiffres sont implacables&nbsp;: \"Environ 10 % des accidents corporels de la route sont imputables \u00e0 l'utilisation du t\u00e9l\u00e9phone au volant\" rappelle l'Association, qui se fonde sur les donn\u00e9es publi\u00e9es par l'observatoire nationale des infrastructures et de la s\u00e9curit\u00e9 routi\u00e8re (ONISR). L'utilisation d'un portable augmenterait en moyenne de 50 % le temps de r\u00e9action du conducteur. Une donn\u00e9e \u00e9tay\u00e9e par une \u00e9tude conjointe de l'Inserm et de l'Iffstar, l'Institut fran\u00e7ais des sciences et technologies des transports&nbsp;: \"Le sur-risque d'accident mat\u00e9riel ou corporel par rapport \u00e0 un conducteur ne t\u00e9l\u00e9phonant pas est environ  de 3\" \u00e9crivaient les scientifiques l'an dernier.  Faut-il donc l\u00e9gif\u00e9rer? Cela a d\u00e9j\u00e0 \u00e9t\u00e9 fait. Le code de la route pr\u00e9voit une <a href=\"\/blog\/index.php?tag\/sanction%20de%20135%20%E2%82%AC\">sanction de 135 \u20ac<\/a> et un <a href=\"\/blog\/index.php?tag\/retrait%20de%20trois%20points\">retrait de trois points<\/a> \u00e0 celui qui se fera attraper <a href=\"\/blog\/index.php?tag\/t%C3%A9l%C3%A9phone\">t\u00e9l\u00e9phone<\/a> en mains.T\u00e9l\u00e9phoner avec un<a href=\"\/blog\/index.php?tag\/kit%20mains%20libres\"> kit mains libres<\/a> demeure en revanche tol\u00e9r\u00e9 en France. L'association Pr\u00e9vention Routi\u00e8re demande donc que le dossier t\u00e9l\u00e9phone \" figure \u00e0 l'ordre du jour du prochain Comit\u00e9 interminist\u00e9riel \u00e0 la s\u00e9curit\u00e9 routi\u00e8re\", en vue d'une probable interdiction totale. Les travaux de l'Inserm s'av\u00e8rent plus mesur\u00e9s sur le sujet.<a href=\"\/blog\/index.php?tag\/Les%20scientifiques%20fran%C3%A7ais\"> Les scientifiques fran\u00e7ais<\/a> ont relev\u00e9 le fait qu'en Am\u00e9rique du Nord, l'interdiction  totale s'est r\u00e9v\u00e9l\u00e9e \" peu probante et pas en mesure de d\u00e9montrer son int\u00e9r\u00eat socio-\u00e9conomique.\" Pourtant, le kit mains libres a \u00e9t\u00e9 reconnu comme entra\u00eenant un niveau de distraction quasiment identique \u00e0 celui du t\u00e9l\u00e9phone tenu en mains.<\/p>\n","protected":false},"excerpt":{"rendered":"<p>Les jeunes sont d\u00e9cid\u00e9ment la population la plus risque, d\u00e8s qu&rsquo;il s&rsquo;agit de s\u00e9curit\u00e9 routi\u00e8re. Selon la derni\u00e8re \u00e9tude orchestr\u00e9e par la Pr\u00e9vention Routi\u00e8re et Assureurs Pr\u00e9vention, 76% des 18-24 ans affirment utiliser leur t\u00e9l\u00e9phone au volant (&#8230;) contre 30 % en 1999 et 44 % en 2004. Mais voici le pire: \u00a0\u00bb Par ailleurs &#8230; <a title=\"Le t\u00e9l\u00e9phone portable\" class=\"read-more\" href=\"https:\/\/www.carideal.com\/blog\/2012\/12\/19\/le-telephone-portable\/\" aria-label=\"En savoir plus sur Le t\u00e9l\u00e9phone portable\">Lire plus<\/a><\/p>\n","protected":false},"author":1,"featured_media":0,"comment_status":"open","ping_status":"open","sticky":false,"template":"","format":"standard","meta":{"_uag_custom_page_level_css":"","_themeisle_gutenberg_block_has_review":false,"footnotes":""},"categories":[9],"tags":[],"class_list":["post-558","post","type-post","status-publish","format-standard","hentry","category-divers"],"wppr_data":[],"yoast_head":"<!-- This site is optimized with the Yoast SEO plugin v24.8.1 - https:\/\/yoast.com\/wordpress\/plugins\/seo\/ -->\n<title>Le t\u00e9l\u00e9phone portable - Blog auto Carid\u00e9al<\/title>\n<meta name=\"robots\" content=\"index, follow, max-snippet:-1, max-image-preview:large, max-video-preview:-1\" \/>\n<link rel=\"canonical\" href=\"https:\/\/www.carideal.com\/blog\/2012\/12\/19\/le-telephone-portable\/\" \/>\n<meta property=\"og:locale\" content=\"fr_FR\" \/>\n<meta property=\"og:type\" content=\"article\" \/>\n<meta property=\"og:title\" content=\"Le t\u00e9l\u00e9phone portable - Blog auto Carid\u00e9al\" \/>\n<meta property=\"og:description\" content=\"Les jeunes sont d\u00e9cid\u00e9ment la population la plus risque, d\u00e8s qu&#039;il s&#039;agit de s\u00e9curit\u00e9 routi\u00e8re. Selon la derni\u00e8re \u00e9tude orchestr\u00e9e par la Pr\u00e9vention Routi\u00e8re et Assureurs Pr\u00e9vention, 76% des 18-24 ans affirment utiliser leur t\u00e9l\u00e9phone au volant (...) contre 30 % en 1999 et 44 % en 2004. Mais voici le pire: &quot; Par ailleurs ... Lire plus\" \/>\n<meta property=\"og:url\" content=\"https:\/\/www.carideal.com\/blog\/2012\/12\/19\/le-telephone-portable\/\" \/>\n<meta property=\"og:site_name\" content=\"Blog auto Carid\u00e9al\" \/>\n<meta property=\"article:publisher\" content=\"https:\/\/www.facebook.com\/Carideal.mandataire.automobile\" \/>\n<meta property=\"article:author\" content=\"https:\/\/www.facebook.com\/Carideal.mandataire.automobile\/\" \/>\n<meta property=\"article:published_time\" content=\"2012-12-19T13:29:00+00:00\" \/>\n<meta property=\"article:modified_time\" content=\"2020-03-07T15:51:50+00:00\" \/>\n<meta property=\"og:image\" content=\"https:\/\/www.carideal.com\/blog\/wp-content\/uploads\/2016\/03\/logo-carideal-mandataire-automobile.png\" \/>\n\t<meta property=\"og:image:width\" content=\"300\" \/>\n\t<meta property=\"og:image:height\" content=\"300\" \/>\n\t<meta property=\"og:image:type\" content=\"image\/png\" \/>\n<meta name=\"author\" content=\"N.S Carideal\" \/>\n<meta name=\"twitter:card\" content=\"summary_large_image\" \/>\n<meta name=\"twitter:creator\" content=\"@caridealauto\" \/>\n<meta name=\"twitter:site\" content=\"@caridealauto\" \/>\n<meta name=\"twitter:label1\" content=\"\u00c9crit par\" \/>\n\t<meta name=\"twitter:data1\" content=\"N.S Carideal\" \/>\n\t<meta name=\"twitter:label2\" content=\"Dur\u00e9e de lecture estim\u00e9e\" \/>\n\t<meta name=\"twitter:data2\" content=\"2 minutes\" \/>\n<script type=\"application\/ld+json\" class=\"yoast-schema-graph\">{\"@context\":\"https:\/\/schema.org\",\"@graph\":[{\"@type\":\"Article\",\"@id\":\"https:\/\/www.carideal.com\/blog\/2012\/12\/19\/le-telephone-portable\/#article\",\"isPartOf\":{\"@id\":\"https:\/\/www.carideal.com\/blog\/2012\/12\/19\/le-telephone-portable\/\"},\"author\":{\"name\":\"N.S Carideal\",\"@id\":\"https:\/\/www.carideal.com\/blog\/#\/schema\/person\/985c7e757d1042d647f21bfaf8d41ebc\"},\"headline\":\"Le t\u00e9l\u00e9phone portable\",\"datePublished\":\"2012-12-19T13:29:00+00:00\",\"dateModified\":\"2020-03-07T15:51:50+00:00\",\"mainEntityOfPage\":{\"@id\":\"https:\/\/www.carideal.com\/blog\/2012\/12\/19\/le-telephone-portable\/\"},\"wordCount\":392,\"commentCount\":1,\"publisher\":{\"@id\":\"https:\/\/www.carideal.com\/blog\/#organization\"},\"articleSection\":[\"Divers\"],\"inLanguage\":\"fr-FR\",\"potentialAction\":[{\"@type\":\"CommentAction\",\"name\":\"Comment\",\"target\":[\"https:\/\/www.carideal.com\/blog\/2012\/12\/19\/le-telephone-portable\/#respond\"]}]},{\"@type\":\"WebPage\",\"@id\":\"https:\/\/www.carideal.com\/blog\/2012\/12\/19\/le-telephone-portable\/\",\"url\":\"https:\/\/www.carideal.com\/blog\/2012\/12\/19\/le-telephone-portable\/\",\"name\":\"Le t\u00e9l\u00e9phone portable - Blog auto Carid\u00e9al\",\"isPartOf\":{\"@id\":\"https:\/\/www.carideal.com\/blog\/#website\"},\"datePublished\":\"2012-12-19T13:29:00+00:00\",\"dateModified\":\"2020-03-07T15:51:50+00:00\",\"breadcrumb\":{\"@id\":\"https:\/\/www.carideal.com\/blog\/2012\/12\/19\/le-telephone-portable\/#breadcrumb\"},\"inLanguage\":\"fr-FR\",\"potentialAction\":[{\"@type\":\"ReadAction\",\"target\":[\"https:\/\/www.carideal.com\/blog\/2012\/12\/19\/le-telephone-portable\/\"]}]},{\"@type\":\"BreadcrumbList\",\"@id\":\"https:\/\/www.carideal.com\/blog\/2012\/12\/19\/le-telephone-portable\/#breadcrumb\",\"itemListElement\":[{\"@type\":\"ListItem\",\"position\":1,\"name\":\"Blog Carid\u00e9al\",\"item\":\"https:\/\/www.carideal.com\/blog\/\"},{\"@type\":\"ListItem\",\"position\":2,\"name\":\"Divers\",\"item\":\"https:\/\/www.carideal.com\/blog\/divers\/\"},{\"@type\":\"ListItem\",\"position\":3,\"name\":\"Le t\u00e9l\u00e9phone portable\"}]},{\"@type\":\"WebSite\",\"@id\":\"https:\/\/www.carideal.com\/blog\/#website\",\"url\":\"https:\/\/www.carideal.com\/blog\/\",\"name\":\"Blog auto Carid\u00e9al\",\"description\":\"Actualit\u00e9 auto par des passionn\u00e9s\",\"publisher\":{\"@id\":\"https:\/\/www.carideal.com\/blog\/#organization\"},\"potentialAction\":[{\"@type\":\"SearchAction\",\"target\":{\"@type\":\"EntryPoint\",\"urlTemplate\":\"https:\/\/www.carideal.com\/blog\/?s={search_term_string}\"},\"query-input\":{\"@type\":\"PropertyValueSpecification\",\"valueRequired\":true,\"valueName\":\"search_term_string\"}}],\"inLanguage\":\"fr-FR\"},{\"@type\":\"Organization\",\"@id\":\"https:\/\/www.carideal.com\/blog\/#organization\",\"name\":\"Carideal\",\"url\":\"https:\/\/www.carideal.com\/blog\/\",\"logo\":{\"@type\":\"ImageObject\",\"inLanguage\":\"fr-FR\",\"@id\":\"https:\/\/www.carideal.com\/blog\/#\/schema\/logo\/image\/\",\"url\":\"http:\/\/www.carideal.com\/blog\/wp-content\/uploads\/2016\/03\/logo-carideal-mandataire-automobile.png\",\"contentUrl\":\"http:\/\/www.carideal.com\/blog\/wp-content\/uploads\/2016\/03\/logo-carideal-mandataire-automobile.png\",\"width\":300,\"height\":300,\"caption\":\"Carideal\"},\"image\":{\"@id\":\"https:\/\/www.carideal.com\/blog\/#\/schema\/logo\/image\/\"},\"sameAs\":[\"https:\/\/www.facebook.com\/Carideal.mandataire.automobile\",\"https:\/\/x.com\/caridealauto\",\"https:\/\/www.instagram.com\/carideal1\/\",\"https:\/\/www.linkedin.com\/company\/carideal.com\",\"https:\/\/fr.pinterest.com\/schiavonsas\/\",\"https:\/\/www.youtube.com\/user\/caridealsas\"]},{\"@type\":\"Person\",\"@id\":\"https:\/\/www.carideal.com\/blog\/#\/schema\/person\/985c7e757d1042d647f21bfaf8d41ebc\",\"name\":\"N.S Carideal\",\"image\":{\"@type\":\"ImageObject\",\"inLanguage\":\"fr-FR\",\"@id\":\"https:\/\/www.carideal.com\/blog\/#\/schema\/person\/image\/\",\"url\":\"https:\/\/secure.gravatar.com\/avatar\/edb7ccdf1a4e3d14aef967760d354d0e?s=96&r=g\",\"contentUrl\":\"https:\/\/secure.gravatar.com\/avatar\/edb7ccdf1a4e3d14aef967760d354d0e?s=96&r=g\",\"caption\":\"N.S Carideal\"},\"description\":\"Depuis tout petit fan d'automobile. Il est question d'essayer et de comparer toutes ces voitures qui nous ont fait r\u00e9ver, avant que celles-ci ne devient uniquement des voitures de collection.\",\"sameAs\":[\"http:\/\/www.carideal.com\/blog\",\"https:\/\/www.facebook.com\/Carideal.mandataire.automobile\/\",\"https:\/\/www.linkedin.com\/in\/nschiavon\/\",\"https:\/\/www.youtube.com\/user\/caridealsas\/\"],\"url\":\"https:\/\/www.carideal.com\/blog\/author\/admin_carideal\/\"}]}<\/script>\n<!-- \/ Yoast SEO plugin. -->","yoast_head_json":{"title":"Le t\u00e9l\u00e9phone portable - Blog auto Carid\u00e9al","robots":{"index":"index","follow":"follow","max-snippet":"max-snippet:-1","max-image-preview":"max-image-preview:large","max-video-preview":"max-video-preview:-1"},"canonical":"https:\/\/www.carideal.com\/blog\/2012\/12\/19\/le-telephone-portable\/","og_locale":"fr_FR","og_type":"article","og_title":"Le t\u00e9l\u00e9phone portable - Blog auto Carid\u00e9al","og_description":"Les jeunes sont d\u00e9cid\u00e9ment la population la plus risque, d\u00e8s qu'il s'agit de s\u00e9curit\u00e9 routi\u00e8re. Selon la derni\u00e8re \u00e9tude orchestr\u00e9e par la Pr\u00e9vention Routi\u00e8re et Assureurs Pr\u00e9vention, 76% des 18-24 ans affirment utiliser leur t\u00e9l\u00e9phone au volant (...) contre 30 % en 1999 et 44 % en 2004. Mais voici le pire: \" Par ailleurs ... Lire plus","og_url":"https:\/\/www.carideal.com\/blog\/2012\/12\/19\/le-telephone-portable\/","og_site_name":"Blog auto Carid\u00e9al","article_publisher":"https:\/\/www.facebook.com\/Carideal.mandataire.automobile","article_author":"https:\/\/www.facebook.com\/Carideal.mandataire.automobile\/","article_published_time":"2012-12-19T13:29:00+00:00","article_modified_time":"2020-03-07T15:51:50+00:00","og_image":[{"width":300,"height":300,"url":"https:\/\/www.carideal.com\/blog\/wp-content\/uploads\/2016\/03\/logo-carideal-mandataire-automobile.png","type":"image\/png"}],"author":"N.S Carideal","twitter_card":"summary_large_image","twitter_creator":"@caridealauto","twitter_site":"@caridealauto","twitter_misc":{"\u00c9crit par":"N.S Carideal","Dur\u00e9e de lecture estim\u00e9e":"2 minutes"},"schema":{"@context":"https:\/\/schema.org","@graph":[{"@type":"Article","@id":"https:\/\/www.carideal.com\/blog\/2012\/12\/19\/le-telephone-portable\/#article","isPartOf":{"@id":"https:\/\/www.carideal.com\/blog\/2012\/12\/19\/le-telephone-portable\/"},"author":{"name":"N.S Carideal","@id":"https:\/\/www.carideal.com\/blog\/#\/schema\/person\/985c7e757d1042d647f21bfaf8d41ebc"},"headline":"Le t\u00e9l\u00e9phone portable","datePublished":"2012-12-19T13:29:00+00:00","dateModified":"2020-03-07T15:51:50+00:00","mainEntityOfPage":{"@id":"https:\/\/www.carideal.com\/blog\/2012\/12\/19\/le-telephone-portable\/"},"wordCount":392,"commentCount":1,"publisher":{"@id":"https:\/\/www.carideal.com\/blog\/#organization"},"articleSection":["Divers"],"inLanguage":"fr-FR","potentialAction":[{"@type":"CommentAction","name":"Comment","target":["https:\/\/www.carideal.com\/blog\/2012\/12\/19\/le-telephone-portable\/#respond"]}]},{"@type":"WebPage","@id":"https:\/\/www.carideal.com\/blog\/2012\/12\/19\/le-telephone-portable\/","url":"https:\/\/www.carideal.com\/blog\/2012\/12\/19\/le-telephone-portable\/","name":"Le t\u00e9l\u00e9phone portable - Blog auto Carid\u00e9al","isPartOf":{"@id":"https:\/\/www.carideal.com\/blog\/#website"},"datePublished":"2012-12-19T13:29:00+00:00","dateModified":"2020-03-07T15:51:50+00:00","breadcrumb":{"@id":"https:\/\/www.carideal.com\/blog\/2012\/12\/19\/le-telephone-portable\/#breadcrumb"},"inLanguage":"fr-FR","potentialAction":[{"@type":"ReadAction","target":["https:\/\/www.carideal.com\/blog\/2012\/12\/19\/le-telephone-portable\/"]}]},{"@type":"BreadcrumbList","@id":"https:\/\/www.carideal.com\/blog\/2012\/12\/19\/le-telephone-portable\/#breadcrumb","itemListElement":[{"@type":"ListItem","position":1,"name":"Blog Carid\u00e9al","item":"https:\/\/www.carideal.com\/blog\/"},{"@type":"ListItem","position":2,"name":"Divers","item":"https:\/\/www.carideal.com\/blog\/divers\/"},{"@type":"ListItem","position":3,"name":"Le t\u00e9l\u00e9phone portable"}]},{"@type":"WebSite","@id":"https:\/\/www.carideal.com\/blog\/#website","url":"https:\/\/www.carideal.com\/blog\/","name":"Blog auto Carid\u00e9al","description":"Actualit\u00e9 auto par des passionn\u00e9s","publisher":{"@id":"https:\/\/www.carideal.com\/blog\/#organization"},"potentialAction":[{"@type":"SearchAction","target":{"@type":"EntryPoint","urlTemplate":"https:\/\/www.carideal.com\/blog\/?s={search_term_string}"},"query-input":{"@type":"PropertyValueSpecification","valueRequired":true,"valueName":"search_term_string"}}],"inLanguage":"fr-FR"},{"@type":"Organization","@id":"https:\/\/www.carideal.com\/blog\/#organization","name":"Carideal","url":"https:\/\/www.carideal.com\/blog\/","logo":{"@type":"ImageObject","inLanguage":"fr-FR","@id":"https:\/\/www.carideal.com\/blog\/#\/schema\/logo\/image\/","url":"http:\/\/www.carideal.com\/blog\/wp-content\/uploads\/2016\/03\/logo-carideal-mandataire-automobile.png","contentUrl":"http:\/\/www.carideal.com\/blog\/wp-content\/uploads\/2016\/03\/logo-carideal-mandataire-automobile.png","width":300,"height":300,"caption":"Carideal"},"image":{"@id":"https:\/\/www.carideal.com\/blog\/#\/schema\/logo\/image\/"},"sameAs":["https:\/\/www.facebook.com\/Carideal.mandataire.automobile","https:\/\/x.com\/caridealauto","https:\/\/www.instagram.com\/carideal1\/","https:\/\/www.linkedin.com\/company\/carideal.com","https:\/\/fr.pinterest.com\/schiavonsas\/","https:\/\/www.youtube.com\/user\/caridealsas"]},{"@type":"Person","@id":"https:\/\/www.carideal.com\/blog\/#\/schema\/person\/985c7e757d1042d647f21bfaf8d41ebc","name":"N.S Carideal","image":{"@type":"ImageObject","inLanguage":"fr-FR","@id":"https:\/\/www.carideal.com\/blog\/#\/schema\/person\/image\/","url":"https:\/\/secure.gravatar.com\/avatar\/edb7ccdf1a4e3d14aef967760d354d0e?s=96&r=g","contentUrl":"https:\/\/secure.gravatar.com\/avatar\/edb7ccdf1a4e3d14aef967760d354d0e?s=96&r=g","caption":"N.S Carideal"},"description":"Depuis tout petit fan d'automobile. Il est question d'essayer et de comparer toutes ces voitures qui nous ont fait r\u00e9ver, avant que celles-ci ne devient uniquement des voitures de collection.","sameAs":["http:\/\/www.carideal.com\/blog","https:\/\/www.facebook.com\/Carideal.mandataire.automobile\/","https:\/\/www.linkedin.com\/in\/nschiavon\/","https:\/\/www.youtube.com\/user\/caridealsas\/"],"url":"https:\/\/www.carideal.com\/blog\/author\/admin_carideal\/"}]}},"uagb_featured_image_src":{"full":false,"thumbnail":false,"medium":false,"medium_large":false,"large":false,"1536x1536":false,"2048x2048":false,"wppr-widget":false},"uagb_author_info":{"display_name":"N.S Carideal","author_link":"https:\/\/www.carideal.com\/blog\/author\/admin_carideal\/"},"uagb_comment_info":4,"uagb_excerpt":"Les jeunes sont d\u00e9cid\u00e9ment la population la plus risque, d\u00e8s qu'il s'agit de s\u00e9curit\u00e9 routi\u00e8re. Selon la derni\u00e8re \u00e9tude orchestr\u00e9e par la Pr\u00e9vention Routi\u00e8re et Assureurs Pr\u00e9vention, 76% des 18-24 ans affirment utiliser leur t\u00e9l\u00e9phone au volant (...) contre 30 % en 1999 et 44 % en 2004. Mais voici le pire: \" Par ailleurs\u2026","_links":{"self":[{"href":"https:\/\/www.carideal.com\/blog\/wp-json\/wp\/v2\/posts\/558"}],"collection":[{"href":"https:\/\/www.carideal.com\/blog\/wp-json\/wp\/v2\/posts"}],"about":[{"href":"https:\/\/www.carideal.com\/blog\/wp-json\/wp\/v2\/types\/post"}],"author":[{"embeddable":true,"href":"https:\/\/www.carideal.com\/blog\/wp-json\/wp\/v2\/users\/1"}],"replies":[{"embeddable":true,"href":"https:\/\/www.carideal.com\/blog\/wp-json\/wp\/v2\/comments?post=558"}],"version-history":[{"count":0,"href":"https:\/\/www.carideal.com\/blog\/wp-json\/wp\/v2\/posts\/558\/revisions"}],"wp:attachment":[{"href":"https:\/\/www.carideal.com\/blog\/wp-json\/wp\/v2\/media?parent=558"}],"wp:term":[{"taxonomy":"category","embeddable":true,"href":"https:\/\/www.carideal.com\/blog\/wp-json\/wp\/v2\/categories?post=558"},{"taxonomy":"post_tag","embeddable":true,"href":"https:\/\/www.carideal.com\/blog\/wp-json\/wp\/v2\/tags?post=558"}],"curies":[{"name":"wp","href":"https:\/\/api.w.org\/{rel}","templated":true}]}}