{"id":5570,"date":"2015-03-08T11:50:53","date_gmt":"2015-03-08T10:50:53","guid":{"rendered":"http:\/\/www.carideal.com\/blog\/?p=5570"},"modified":"2015-03-08T11:50:53","modified_gmt":"2015-03-08T10:50:53","slug":"alfa-romeo-series-speciales-sprint","status":"publish","type":"post","link":"https:\/\/www.carideal.com\/blog\/2015\/03\/08\/alfa-romeo-series-speciales-sprint\/","title":{"rendered":"Alfa Romeo s\u00e9ries sp\u00e9ciales Sprint"},"content":{"rendered":"<p><figure id=\"attachment_5571\" aria-describedby=\"caption-attachment-5571\" style=\"width: 290px\" class=\"wp-caption alignnone\"><a href=\"http:\/\/www.carideal.com\/blog\/wp-content\/uploads\/2015\/03\/Alfa_Romeo-Giulietta_Sprint_2015_blog-automobile-carideal.jpg\"><img loading=\"lazy\" decoding=\"async\" src=\"http:\/\/www.carideal.com\/blog\/wp-content\/uploads\/2015\/03\/Alfa_Romeo-Giulietta_Sprint_2015_blog-automobile-carideal-300x225.jpg\" alt=\"Alfa Romeo Giulietta Sprint\" width=\"300\" height=\"225\" class=\"size-medium wp-image-5571\" \/><\/a><figcaption id=\"caption-attachment-5571\" class=\"wp-caption-text\">Alfa Romeo Giulietta Sprint<\/figcaption><\/figure><br \/>\nLes s\u00e9ries sp\u00e9ciales Giulietta et MiTo Sprint \u00e9largissent leurs gamines de motorisations avec le lancement de six versions suppl\u00e9mentaires. Jusqu'ici propos\u00e9e en versions essence et gazole de 150 ch, la Giulietta Sprint re\u00e7oit d\u00e9sor\u00admais le bloc diesel 1.6 105 ainsi que le 2.0 JTDm 175 TCT avec bo\u00eete automatique \u00e0 dou\u00adble embrayage. Cette transmis\u00adsion est \u00e9galement propos\u00e9e avec le 1.4 MultiAir 170. Bas\u00e9e sur le niveau Distinctive, la L' s\u00e9rie sp\u00e9ciale Sprint y ajoute, entre autres, des jantes sp\u00e9ci\u00adfiques en alliage de 17 pouces, de grosses sorties d'\u00e9chappe\u00adment ou encore des vitres arri\u00e8re surteint\u00e9es. L'avantage client s'\u00e9l\u00e8ve \u00e0 1 200\u20ac.<br \/>\nLa MiTo Sprint \u00e9toffe elle aussi sa palette de motorisa\u00adtions avec l'arriv\u00e9e des mo\u00adteurs \u00e0 essence 1.4 MPI 78 et 1.4 MultiAir 140 TCT et du die\u00ad<br \/>\nsel 1.6 JTDm 120. Comme la Giulietta, la MiTo Sprint d\u00e9rive de la finition Distinctive avec, en plus, les jantes sp\u00e9cifiques en alliage de 17 pouces, des<br \/>\ncoques de r\u00e9troviseurs sp\u00e9ci\u00adfiques, la climatisation auto\u00admatique bizone... L'avantage client est de 1 000\u20ac.<\/p>\n","protected":false},"excerpt":{"rendered":"<p>Les s\u00e9ries sp\u00e9ciales Giulietta et MiTo Sprint \u00e9largissent leurs gamines de motorisations avec le lancement de six versions suppl\u00e9mentaires. Jusqu&rsquo;ici propos\u00e9e en versions essence et gazole de 150 ch, la Giulietta Sprint re\u00e7oit d\u00e9sor\u00admais le bloc diesel 1.6 105 ainsi que le 2.0 JTDm 175 TCT avec bo\u00eete automatique \u00e0 dou\u00adble embrayage. Cette transmis\u00adsion est &#8230; <a title=\"Alfa Romeo s\u00e9ries sp\u00e9ciales Sprint\" class=\"read-more\" href=\"https:\/\/www.carideal.com\/blog\/2015\/03\/08\/alfa-romeo-series-speciales-sprint\/\" aria-label=\"En savoir plus sur Alfa Romeo s\u00e9ries sp\u00e9ciales Sprint\">Lire plus<\/a><\/p>\n","protected":false},"author":3,"featured_media":0,"comment_status":"open","ping_status":"open","sticky":false,"template":"","format":"standard","meta":{"_uag_custom_page_level_css":"","_themeisle_gutenberg_block_has_review":false,"footnotes":""},"categories":[21],"tags":[2422],"class_list":["post-5570","post","type-post","status-publish","format-standard","hentry","category-actualites-auto","tag-mito"],"wppr_data":[],"yoast_head":"<!-- This site is optimized with the Yoast SEO plugin v24.8.1 - https:\/\/yoast.com\/wordpress\/plugins\/seo\/ -->\n<title>Alfa Romeo s\u00e9ries sp\u00e9ciales Sprint - Blog auto Carid\u00e9al<\/title>\n<meta name=\"robots\" content=\"index, follow, max-snippet:-1, max-image-preview:large, max-video-preview:-1\" \/>\n<link rel=\"canonical\" href=\"https:\/\/www.carideal.com\/blog\/2015\/03\/08\/alfa-romeo-series-speciales-sprint\/\" \/>\n<meta property=\"og:locale\" content=\"fr_FR\" \/>\n<meta property=\"og:type\" content=\"article\" \/>\n<meta property=\"og:title\" content=\"Alfa Romeo s\u00e9ries sp\u00e9ciales Sprint - Blog auto Carid\u00e9al\" \/>\n<meta property=\"og:description\" content=\"Les s\u00e9ries sp\u00e9ciales Giulietta et MiTo Sprint \u00e9largissent leurs gamines de motorisations avec le lancement de six versions suppl\u00e9mentaires. Jusqu&#039;ici propos\u00e9e en versions essence et gazole de 150 ch, la Giulietta Sprint re\u00e7oit d\u00e9sor\u00admais le bloc diesel 1.6 105 ainsi que le 2.0 JTDm 175 TCT avec bo\u00eete automatique \u00e0 dou\u00adble embrayage. Cette transmis\u00adsion est ... Lire plus\" \/>\n<meta property=\"og:url\" content=\"https:\/\/www.carideal.com\/blog\/2015\/03\/08\/alfa-romeo-series-speciales-sprint\/\" \/>\n<meta property=\"og:site_name\" content=\"Blog auto Carid\u00e9al\" \/>\n<meta property=\"article:publisher\" content=\"https:\/\/www.facebook.com\/Carideal.mandataire.automobile\" \/>\n<meta property=\"article:author\" content=\"https:\/\/www.facebook.com\/nicolas.schiavon.39\" \/>\n<meta property=\"article:published_time\" content=\"2015-03-08T10:50:53+00:00\" \/>\n<meta property=\"og:image\" content=\"http:\/\/www.carideal.com\/blog\/wp-content\/uploads\/2015\/03\/Alfa_Romeo-Giulietta_Sprint_2015_blog-automobile-carideal-300x225.jpg\" \/>\n<meta name=\"author\" content=\"Nicolas SCHIAVON\" \/>\n<meta name=\"twitter:card\" content=\"summary_large_image\" \/>\n<meta name=\"twitter:creator\" content=\"@caridealauto\" \/>\n<meta name=\"twitter:site\" content=\"@caridealauto\" \/>\n<meta name=\"twitter:label1\" content=\"\u00c9crit par\" \/>\n\t<meta name=\"twitter:data1\" content=\"Nicolas SCHIAVON\" \/>\n\t<meta name=\"twitter:label2\" content=\"Dur\u00e9e de lecture estim\u00e9e\" \/>\n\t<meta name=\"twitter:data2\" content=\"1 minute\" \/>\n<script type=\"application\/ld+json\" class=\"yoast-schema-graph\">{\"@context\":\"https:\/\/schema.org\",\"@graph\":[{\"@type\":\"Article\",\"@id\":\"https:\/\/www.carideal.com\/blog\/2015\/03\/08\/alfa-romeo-series-speciales-sprint\/#article\",\"isPartOf\":{\"@id\":\"https:\/\/www.carideal.com\/blog\/2015\/03\/08\/alfa-romeo-series-speciales-sprint\/\"},\"author\":{\"name\":\"Nicolas SCHIAVON\",\"@id\":\"https:\/\/www.carideal.com\/blog\/#\/schema\/person\/cd95dc7919660de90d31b366f85be1ec\"},\"headline\":\"Alfa Romeo s\u00e9ries sp\u00e9ciales Sprint\",\"datePublished\":\"2015-03-08T10:50:53+00:00\",\"mainEntityOfPage\":{\"@id\":\"https:\/\/www.carideal.com\/blog\/2015\/03\/08\/alfa-romeo-series-speciales-sprint\/\"},\"wordCount\":195,\"commentCount\":0,\"publisher\":{\"@id\":\"https:\/\/www.carideal.com\/blog\/#organization\"},\"image\":{\"@id\":\"https:\/\/www.carideal.com\/blog\/2015\/03\/08\/alfa-romeo-series-speciales-sprint\/#primaryimage\"},\"thumbnailUrl\":\"http:\/\/www.carideal.com\/blog\/wp-content\/uploads\/2015\/03\/Alfa_Romeo-Giulietta_Sprint_2015_blog-automobile-carideal-300x225.jpg\",\"keywords\":[\"MiTo\"],\"articleSection\":[\"Actualit\u00e9 automobile\"],\"inLanguage\":\"fr-FR\",\"potentialAction\":[{\"@type\":\"CommentAction\",\"name\":\"Comment\",\"target\":[\"https:\/\/www.carideal.com\/blog\/2015\/03\/08\/alfa-romeo-series-speciales-sprint\/#respond\"]}]},{\"@type\":\"WebPage\",\"@id\":\"https:\/\/www.carideal.com\/blog\/2015\/03\/08\/alfa-romeo-series-speciales-sprint\/\",\"url\":\"https:\/\/www.carideal.com\/blog\/2015\/03\/08\/alfa-romeo-series-speciales-sprint\/\",\"name\":\"Alfa Romeo s\u00e9ries sp\u00e9ciales Sprint - Blog auto Carid\u00e9al\",\"isPartOf\":{\"@id\":\"https:\/\/www.carideal.com\/blog\/#website\"},\"primaryImageOfPage\":{\"@id\":\"https:\/\/www.carideal.com\/blog\/2015\/03\/08\/alfa-romeo-series-speciales-sprint\/#primaryimage\"},\"image\":{\"@id\":\"https:\/\/www.carideal.com\/blog\/2015\/03\/08\/alfa-romeo-series-speciales-sprint\/#primaryimage\"},\"thumbnailUrl\":\"http:\/\/www.carideal.com\/blog\/wp-content\/uploads\/2015\/03\/Alfa_Romeo-Giulietta_Sprint_2015_blog-automobile-carideal-300x225.jpg\",\"datePublished\":\"2015-03-08T10:50:53+00:00\",\"breadcrumb\":{\"@id\":\"https:\/\/www.carideal.com\/blog\/2015\/03\/08\/alfa-romeo-series-speciales-sprint\/#breadcrumb\"},\"inLanguage\":\"fr-FR\",\"potentialAction\":[{\"@type\":\"ReadAction\",\"target\":[\"https:\/\/www.carideal.com\/blog\/2015\/03\/08\/alfa-romeo-series-speciales-sprint\/\"]}]},{\"@type\":\"ImageObject\",\"inLanguage\":\"fr-FR\",\"@id\":\"https:\/\/www.carideal.com\/blog\/2015\/03\/08\/alfa-romeo-series-speciales-sprint\/#primaryimage\",\"url\":\"http:\/\/www.carideal.com\/blog\/wp-content\/uploads\/2015\/03\/Alfa_Romeo-Giulietta_Sprint_2015_blog-automobile-carideal-300x225.jpg\",\"contentUrl\":\"http:\/\/www.carideal.com\/blog\/wp-content\/uploads\/2015\/03\/Alfa_Romeo-Giulietta_Sprint_2015_blog-automobile-carideal-300x225.jpg\"},{\"@type\":\"BreadcrumbList\",\"@id\":\"https:\/\/www.carideal.com\/blog\/2015\/03\/08\/alfa-romeo-series-speciales-sprint\/#breadcrumb\",\"itemListElement\":[{\"@type\":\"ListItem\",\"position\":1,\"name\":\"Blog Carid\u00e9al\",\"item\":\"https:\/\/www.carideal.com\/blog\/\"},{\"@type\":\"ListItem\",\"position\":2,\"name\":\"Actualit\u00e9 automobile\",\"item\":\"https:\/\/www.carideal.com\/blog\/actualites-auto\/\"},{\"@type\":\"ListItem\",\"position\":3,\"name\":\"Alfa Romeo s\u00e9ries sp\u00e9ciales Sprint\"}]},{\"@type\":\"WebSite\",\"@id\":\"https:\/\/www.carideal.com\/blog\/#website\",\"url\":\"https:\/\/www.carideal.com\/blog\/\",\"name\":\"Blog auto Carid\u00e9al\",\"description\":\"Actualit\u00e9 auto par des passionn\u00e9s\",\"publisher\":{\"@id\":\"https:\/\/www.carideal.com\/blog\/#organization\"},\"potentialAction\":[{\"@type\":\"SearchAction\",\"target\":{\"@type\":\"EntryPoint\",\"urlTemplate\":\"https:\/\/www.carideal.com\/blog\/?s={search_term_string}\"},\"query-input\":{\"@type\":\"PropertyValueSpecification\",\"valueRequired\":true,\"valueName\":\"search_term_string\"}}],\"inLanguage\":\"fr-FR\"},{\"@type\":\"Organization\",\"@id\":\"https:\/\/www.carideal.com\/blog\/#organization\",\"name\":\"Carideal\",\"url\":\"https:\/\/www.carideal.com\/blog\/\",\"logo\":{\"@type\":\"ImageObject\",\"inLanguage\":\"fr-FR\",\"@id\":\"https:\/\/www.carideal.com\/blog\/#\/schema\/logo\/image\/\",\"url\":\"http:\/\/www.carideal.com\/blog\/wp-content\/uploads\/2016\/03\/logo-carideal-mandataire-automobile.png\",\"contentUrl\":\"http:\/\/www.carideal.com\/blog\/wp-content\/uploads\/2016\/03\/logo-carideal-mandataire-automobile.png\",\"width\":300,\"height\":300,\"caption\":\"Carideal\"},\"image\":{\"@id\":\"https:\/\/www.carideal.com\/blog\/#\/schema\/logo\/image\/\"},\"sameAs\":[\"https:\/\/www.facebook.com\/Carideal.mandataire.automobile\",\"https:\/\/x.com\/caridealauto\",\"https:\/\/www.instagram.com\/carideal1\/\",\"https:\/\/www.linkedin.com\/company\/carideal.com\",\"https:\/\/fr.pinterest.com\/schiavonsas\/\",\"https:\/\/www.youtube.com\/user\/caridealsas\"]},{\"@type\":\"Person\",\"@id\":\"https:\/\/www.carideal.com\/blog\/#\/schema\/person\/cd95dc7919660de90d31b366f85be1ec\",\"name\":\"Nicolas SCHIAVON\",\"image\":{\"@type\":\"ImageObject\",\"inLanguage\":\"fr-FR\",\"@id\":\"https:\/\/www.carideal.com\/blog\/#\/schema\/person\/image\/\",\"url\":\"https:\/\/secure.gravatar.com\/avatar\/c17e55009e671d92cc7f5dc837dc418a?s=96&r=g\",\"contentUrl\":\"https:\/\/secure.gravatar.com\/avatar\/c17e55009e671d92cc7f5dc837dc418a?s=96&r=g\",\"caption\":\"Nicolas SCHIAVON\"},\"description\":\"Nicolas Schiavon est tomb\u00e9 tout petit dans la marmite automobile. Ayant eu un garage de marque automobile, mandataire automobile de la premi\u00e8re heure d\u00e8s 1999. Nicolas a cr\u00e9\u00e9 ces premiers sites de vente de voiture et blog automobile d\u00e8s 1994. Carideal est n\u00e9 le 15 d\u00e9cembre 2000 de la volont\u00e9 de vendre des voitures d'occasions en ligne puis des voitures neuves. Il a pu essayer beaucoup de voitures tr\u00e8s diff\u00e9rentes et ayant eu personnellement quelques belles autos, Subaru Impreza, Mitsubishi Lancer Evo 7, Porsche 911, Ferrari Testarrossa, Audi RS3, RS4 et j'en passe...\",\"sameAs\":[\"http:\/\/www.carideal.com\",\"https:\/\/www.facebook.com\/nicolas.schiavon.39\",\"https:\/\/www.instagram.com\/carideal1\/\",\"https:\/\/www.linkedin.com\/in\/nschiavon\/\",\"https:\/\/x.com\/caridealauto\",\"https:\/\/www.youtube.com\/user\/caridealsas\/\"],\"url\":\"https:\/\/www.carideal.com\/blog\/author\/nschiavon\/\"}]}<\/script>\n<!-- \/ Yoast SEO plugin. -->","yoast_head_json":{"title":"Alfa Romeo s\u00e9ries sp\u00e9ciales Sprint - Blog auto Carid\u00e9al","robots":{"index":"index","follow":"follow","max-snippet":"max-snippet:-1","max-image-preview":"max-image-preview:large","max-video-preview":"max-video-preview:-1"},"canonical":"https:\/\/www.carideal.com\/blog\/2015\/03\/08\/alfa-romeo-series-speciales-sprint\/","og_locale":"fr_FR","og_type":"article","og_title":"Alfa Romeo s\u00e9ries sp\u00e9ciales Sprint - Blog auto Carid\u00e9al","og_description":"Les s\u00e9ries sp\u00e9ciales Giulietta et MiTo Sprint \u00e9largissent leurs gamines de motorisations avec le lancement de six versions suppl\u00e9mentaires. Jusqu'ici propos\u00e9e en versions essence et gazole de 150 ch, la Giulietta Sprint re\u00e7oit d\u00e9sor\u00admais le bloc diesel 1.6 105 ainsi que le 2.0 JTDm 175 TCT avec bo\u00eete automatique \u00e0 dou\u00adble embrayage. Cette transmis\u00adsion est ... Lire plus","og_url":"https:\/\/www.carideal.com\/blog\/2015\/03\/08\/alfa-romeo-series-speciales-sprint\/","og_site_name":"Blog auto Carid\u00e9al","article_publisher":"https:\/\/www.facebook.com\/Carideal.mandataire.automobile","article_author":"https:\/\/www.facebook.com\/nicolas.schiavon.39","article_published_time":"2015-03-08T10:50:53+00:00","og_image":[{"url":"http:\/\/www.carideal.com\/blog\/wp-content\/uploads\/2015\/03\/Alfa_Romeo-Giulietta_Sprint_2015_blog-automobile-carideal-300x225.jpg","type":"","width":"","height":""}],"author":"Nicolas SCHIAVON","twitter_card":"summary_large_image","twitter_creator":"@caridealauto","twitter_site":"@caridealauto","twitter_misc":{"\u00c9crit par":"Nicolas SCHIAVON","Dur\u00e9e de lecture estim\u00e9e":"1 minute"},"schema":{"@context":"https:\/\/schema.org","@graph":[{"@type":"Article","@id":"https:\/\/www.carideal.com\/blog\/2015\/03\/08\/alfa-romeo-series-speciales-sprint\/#article","isPartOf":{"@id":"https:\/\/www.carideal.com\/blog\/2015\/03\/08\/alfa-romeo-series-speciales-sprint\/"},"author":{"name":"Nicolas SCHIAVON","@id":"https:\/\/www.carideal.com\/blog\/#\/schema\/person\/cd95dc7919660de90d31b366f85be1ec"},"headline":"Alfa Romeo s\u00e9ries sp\u00e9ciales Sprint","datePublished":"2015-03-08T10:50:53+00:00","mainEntityOfPage":{"@id":"https:\/\/www.carideal.com\/blog\/2015\/03\/08\/alfa-romeo-series-speciales-sprint\/"},"wordCount":195,"commentCount":0,"publisher":{"@id":"https:\/\/www.carideal.com\/blog\/#organization"},"image":{"@id":"https:\/\/www.carideal.com\/blog\/2015\/03\/08\/alfa-romeo-series-speciales-sprint\/#primaryimage"},"thumbnailUrl":"http:\/\/www.carideal.com\/blog\/wp-content\/uploads\/2015\/03\/Alfa_Romeo-Giulietta_Sprint_2015_blog-automobile-carideal-300x225.jpg","keywords":["MiTo"],"articleSection":["Actualit\u00e9 automobile"],"inLanguage":"fr-FR","potentialAction":[{"@type":"CommentAction","name":"Comment","target":["https:\/\/www.carideal.com\/blog\/2015\/03\/08\/alfa-romeo-series-speciales-sprint\/#respond"]}]},{"@type":"WebPage","@id":"https:\/\/www.carideal.com\/blog\/2015\/03\/08\/alfa-romeo-series-speciales-sprint\/","url":"https:\/\/www.carideal.com\/blog\/2015\/03\/08\/alfa-romeo-series-speciales-sprint\/","name":"Alfa Romeo s\u00e9ries sp\u00e9ciales Sprint - Blog auto Carid\u00e9al","isPartOf":{"@id":"https:\/\/www.carideal.com\/blog\/#website"},"primaryImageOfPage":{"@id":"https:\/\/www.carideal.com\/blog\/2015\/03\/08\/alfa-romeo-series-speciales-sprint\/#primaryimage"},"image":{"@id":"https:\/\/www.carideal.com\/blog\/2015\/03\/08\/alfa-romeo-series-speciales-sprint\/#primaryimage"},"thumbnailUrl":"http:\/\/www.carideal.com\/blog\/wp-content\/uploads\/2015\/03\/Alfa_Romeo-Giulietta_Sprint_2015_blog-automobile-carideal-300x225.jpg","datePublished":"2015-03-08T10:50:53+00:00","breadcrumb":{"@id":"https:\/\/www.carideal.com\/blog\/2015\/03\/08\/alfa-romeo-series-speciales-sprint\/#breadcrumb"},"inLanguage":"fr-FR","potentialAction":[{"@type":"ReadAction","target":["https:\/\/www.carideal.com\/blog\/2015\/03\/08\/alfa-romeo-series-speciales-sprint\/"]}]},{"@type":"ImageObject","inLanguage":"fr-FR","@id":"https:\/\/www.carideal.com\/blog\/2015\/03\/08\/alfa-romeo-series-speciales-sprint\/#primaryimage","url":"http:\/\/www.carideal.com\/blog\/wp-content\/uploads\/2015\/03\/Alfa_Romeo-Giulietta_Sprint_2015_blog-automobile-carideal-300x225.jpg","contentUrl":"http:\/\/www.carideal.com\/blog\/wp-content\/uploads\/2015\/03\/Alfa_Romeo-Giulietta_Sprint_2015_blog-automobile-carideal-300x225.jpg"},{"@type":"BreadcrumbList","@id":"https:\/\/www.carideal.com\/blog\/2015\/03\/08\/alfa-romeo-series-speciales-sprint\/#breadcrumb","itemListElement":[{"@type":"ListItem","position":1,"name":"Blog Carid\u00e9al","item":"https:\/\/www.carideal.com\/blog\/"},{"@type":"ListItem","position":2,"name":"Actualit\u00e9 automobile","item":"https:\/\/www.carideal.com\/blog\/actualites-auto\/"},{"@type":"ListItem","position":3,"name":"Alfa Romeo s\u00e9ries sp\u00e9ciales Sprint"}]},{"@type":"WebSite","@id":"https:\/\/www.carideal.com\/blog\/#website","url":"https:\/\/www.carideal.com\/blog\/","name":"Blog auto Carid\u00e9al","description":"Actualit\u00e9 auto par des passionn\u00e9s","publisher":{"@id":"https:\/\/www.carideal.com\/blog\/#organization"},"potentialAction":[{"@type":"SearchAction","target":{"@type":"EntryPoint","urlTemplate":"https:\/\/www.carideal.com\/blog\/?s={search_term_string}"},"query-input":{"@type":"PropertyValueSpecification","valueRequired":true,"valueName":"search_term_string"}}],"inLanguage":"fr-FR"},{"@type":"Organization","@id":"https:\/\/www.carideal.com\/blog\/#organization","name":"Carideal","url":"https:\/\/www.carideal.com\/blog\/","logo":{"@type":"ImageObject","inLanguage":"fr-FR","@id":"https:\/\/www.carideal.com\/blog\/#\/schema\/logo\/image\/","url":"http:\/\/www.carideal.com\/blog\/wp-content\/uploads\/2016\/03\/logo-carideal-mandataire-automobile.png","contentUrl":"http:\/\/www.carideal.com\/blog\/wp-content\/uploads\/2016\/03\/logo-carideal-mandataire-automobile.png","width":300,"height":300,"caption":"Carideal"},"image":{"@id":"https:\/\/www.carideal.com\/blog\/#\/schema\/logo\/image\/"},"sameAs":["https:\/\/www.facebook.com\/Carideal.mandataire.automobile","https:\/\/x.com\/caridealauto","https:\/\/www.instagram.com\/carideal1\/","https:\/\/www.linkedin.com\/company\/carideal.com","https:\/\/fr.pinterest.com\/schiavonsas\/","https:\/\/www.youtube.com\/user\/caridealsas"]},{"@type":"Person","@id":"https:\/\/www.carideal.com\/blog\/#\/schema\/person\/cd95dc7919660de90d31b366f85be1ec","name":"Nicolas SCHIAVON","image":{"@type":"ImageObject","inLanguage":"fr-FR","@id":"https:\/\/www.carideal.com\/blog\/#\/schema\/person\/image\/","url":"https:\/\/secure.gravatar.com\/avatar\/c17e55009e671d92cc7f5dc837dc418a?s=96&r=g","contentUrl":"https:\/\/secure.gravatar.com\/avatar\/c17e55009e671d92cc7f5dc837dc418a?s=96&r=g","caption":"Nicolas SCHIAVON"},"description":"Nicolas Schiavon est tomb\u00e9 tout petit dans la marmite automobile. Ayant eu un garage de marque automobile, mandataire automobile de la premi\u00e8re heure d\u00e8s 1999. Nicolas a cr\u00e9\u00e9 ces premiers sites de vente de voiture et blog automobile d\u00e8s 1994. Carideal est n\u00e9 le 15 d\u00e9cembre 2000 de la volont\u00e9 de vendre des voitures d'occasions en ligne puis des voitures neuves. Il a pu essayer beaucoup de voitures tr\u00e8s diff\u00e9rentes et ayant eu personnellement quelques belles autos, Subaru Impreza, Mitsubishi Lancer Evo 7, Porsche 911, Ferrari Testarrossa, Audi RS3, RS4 et j'en passe...","sameAs":["http:\/\/www.carideal.com","https:\/\/www.facebook.com\/nicolas.schiavon.39","https:\/\/www.instagram.com\/carideal1\/","https:\/\/www.linkedin.com\/in\/nschiavon\/","https:\/\/x.com\/caridealauto","https:\/\/www.youtube.com\/user\/caridealsas\/"],"url":"https:\/\/www.carideal.com\/blog\/author\/nschiavon\/"}]}},"uagb_featured_image_src":{"full":false,"thumbnail":false,"medium":false,"medium_large":false,"large":false,"1536x1536":false,"2048x2048":false,"wppr-widget":false},"uagb_author_info":{"display_name":"Nicolas SCHIAVON","author_link":"https:\/\/www.carideal.com\/blog\/author\/nschiavon\/"},"uagb_comment_info":6,"uagb_excerpt":"Les s\u00e9ries sp\u00e9ciales Giulietta et MiTo Sprint \u00e9largissent leurs gamines de motorisations avec le lancement de six versions suppl\u00e9mentaires. Jusqu'ici propos\u00e9e en versions essence et gazole de 150 ch, la Giulietta Sprint re\u00e7oit d\u00e9sor\u00admais le bloc diesel 1.6 105 ainsi que le 2.0 JTDm 175 TCT avec bo\u00eete automatique \u00e0 dou\u00adble embrayage. Cette transmis\u00adsion est\u2026","_links":{"self":[{"href":"https:\/\/www.carideal.com\/blog\/wp-json\/wp\/v2\/posts\/5570"}],"collection":[{"href":"https:\/\/www.carideal.com\/blog\/wp-json\/wp\/v2\/posts"}],"about":[{"href":"https:\/\/www.carideal.com\/blog\/wp-json\/wp\/v2\/types\/post"}],"author":[{"embeddable":true,"href":"https:\/\/www.carideal.com\/blog\/wp-json\/wp\/v2\/users\/3"}],"replies":[{"embeddable":true,"href":"https:\/\/www.carideal.com\/blog\/wp-json\/wp\/v2\/comments?post=5570"}],"version-history":[{"count":0,"href":"https:\/\/www.carideal.com\/blog\/wp-json\/wp\/v2\/posts\/5570\/revisions"}],"wp:attachment":[{"href":"https:\/\/www.carideal.com\/blog\/wp-json\/wp\/v2\/media?parent=5570"}],"wp:term":[{"taxonomy":"category","embeddable":true,"href":"https:\/\/www.carideal.com\/blog\/wp-json\/wp\/v2\/categories?post=5570"},{"taxonomy":"post_tag","embeddable":true,"href":"https:\/\/www.carideal.com\/blog\/wp-json\/wp\/v2\/tags?post=5570"}],"curies":[{"name":"wp","href":"https:\/\/api.w.org\/{rel}","templated":true}]}}