{"id":556,"date":"2012-12-18T16:45:00","date_gmt":"2012-12-18T16:45:00","guid":{"rendered":"http:\/\/carideal.com\/blog\/?p=556"},"modified":"2012-12-18T16:45:00","modified_gmt":"2012-12-18T16:45:00","slug":"independance-et-competitivite","status":"publish","type":"post","link":"https:\/\/www.carideal.com\/blog\/2012\/12\/18\/independance-et-competitivite\/","title":{"rendered":"Ind\u00e9pendance et comp\u00e9titivit\u00e9"},"content":{"rendered":"<p><img decoding=\"async\" src=\"\/blog\/public\/.indepance-competitivite_m.jpg\" alt=\"indepance-competitivite.jpg\" title=\"indepance-competitivite.jpg, d\u00e9c. 2012\" \/><\/p>\n<p>A l'heure o\u00f9 l'on parle beaucoup de comp\u00e9titivit\u00e9, notamment industrielle, les <a href=\"\/blog\/index.php?tag\/Etats-Unis\">Etats-Unis<\/a> sont en train de nous donner une le\u00e7on en la mati\u00e8re, et par la voie \u00e9nerg\u00e9tique. Alors que l'Am\u00e9rique importe aujourd'hui environ  20 % de sa consommation de p\u00e9trole, il semblerait que le pays sera autosuffisant \u00e0 l'horizon 2020, devenant m\u00eame d'ici  cinq ans ( selon l'Agence internationale de l'\u00e9nergie), le premier producteur mondial d'or noir devant l'Arabie saoudite et la Russie. En chiffres, selon l'<a href=\"\/blog\/index.php?tag\/%C3%A9conomiste%20Christian%20Menanteau\">\u00e9conomiste Christian Menanteau<\/a> (chroniqueur de talent sur RTL), cela repr\u00e9senterait une r\u00e9duction de leur d\u00e9ficit commercial de 85 milliards de dollars par an, alors que le prix du p\u00e9trole va continuer d'augmenter.Autre manne financi\u00e8re importante pour les industriels am\u00e9ricains, le <a href=\"\/blog\/index.php?tag\/gaz%20de%20schiste\">gaz de schiste<\/a> dont l'extraction jug\u00e9e par beaucoup peu  \u00e9cologique, mais qui pose beaucoup moins  de probl\u00e8mes de l'autre c\u00f4t\u00e9 de l'Altantique, participe lui aussi activement au succ\u00e8s \u00e9conomique du pays. Bien s\u00fbr mais il faudra du temps la France pourrait mener des \u00e9tudes plus pouss\u00e9es sur la facturation de roche n\u00e9cessaire \u00e0 l'extraction de ce gaz tr\u00e8s demand\u00e9, car il semblerait que nous soyons assis sur une poche gigantesque. Mais les \u00e9tudes et les d\u00e9cisions tardent \u00e0 venir et, il faut le reconna\u00eetre, sur ce point <a href=\"\/blog\/index.php?tag\/l%20Europe\">l'Europe<\/a> est \u00e0 la remorque de l'Am\u00e9rique.<\/p>\n","protected":false},"excerpt":{"rendered":"<p>A l&rsquo;heure o\u00f9 l&rsquo;on parle beaucoup de comp\u00e9titivit\u00e9, notamment industrielle, les Etats-Unis sont en train de nous donner une le\u00e7on en la mati\u00e8re, et par la voie \u00e9nerg\u00e9tique. Alors que l&rsquo;Am\u00e9rique importe aujourd&rsquo;hui environ 20 % de sa consommation de p\u00e9trole, il semblerait que le pays sera autosuffisant \u00e0 l&rsquo;horizon 2020, devenant m\u00eame d&rsquo;ici cinq &#8230; <a title=\"Ind\u00e9pendance et comp\u00e9titivit\u00e9\" class=\"read-more\" href=\"https:\/\/www.carideal.com\/blog\/2012\/12\/18\/independance-et-competitivite\/\" aria-label=\"En savoir plus sur Ind\u00e9pendance et comp\u00e9titivit\u00e9\">Lire plus<\/a><\/p>\n","protected":false},"author":1,"featured_media":0,"comment_status":"open","ping_status":"open","sticky":false,"template":"","format":"standard","meta":{"_uag_custom_page_level_css":"","_themeisle_gutenberg_block_has_review":false,"footnotes":""},"categories":[9],"tags":[292],"class_list":["post-556","post","type-post","status-publish","format-standard","hentry","category-divers","tag-etats-unis"],"wppr_data":[],"yoast_head":"<!-- This site is optimized with the Yoast SEO plugin v24.8.1 - https:\/\/yoast.com\/wordpress\/plugins\/seo\/ -->\n<title>Ind\u00e9pendance et comp\u00e9titivit\u00e9 - Blog auto Carid\u00e9al<\/title>\n<meta name=\"robots\" content=\"index, follow, max-snippet:-1, max-image-preview:large, max-video-preview:-1\" \/>\n<link rel=\"canonical\" href=\"https:\/\/www.carideal.com\/blog\/2012\/12\/18\/independance-et-competitivite\/\" \/>\n<meta property=\"og:locale\" content=\"fr_FR\" \/>\n<meta property=\"og:type\" content=\"article\" \/>\n<meta property=\"og:title\" content=\"Ind\u00e9pendance et comp\u00e9titivit\u00e9 - Blog auto Carid\u00e9al\" \/>\n<meta property=\"og:description\" content=\"A l&#039;heure o\u00f9 l&#039;on parle beaucoup de comp\u00e9titivit\u00e9, notamment industrielle, les Etats-Unis sont en train de nous donner une le\u00e7on en la mati\u00e8re, et par la voie \u00e9nerg\u00e9tique. Alors que l&#039;Am\u00e9rique importe aujourd&#039;hui environ 20 % de sa consommation de p\u00e9trole, il semblerait que le pays sera autosuffisant \u00e0 l&#039;horizon 2020, devenant m\u00eame d&#039;ici cinq ... Lire plus\" \/>\n<meta property=\"og:url\" content=\"https:\/\/www.carideal.com\/blog\/2012\/12\/18\/independance-et-competitivite\/\" \/>\n<meta property=\"og:site_name\" content=\"Blog auto Carid\u00e9al\" \/>\n<meta property=\"article:publisher\" content=\"https:\/\/www.facebook.com\/Carideal.mandataire.automobile\" \/>\n<meta property=\"article:author\" content=\"https:\/\/www.facebook.com\/Carideal.mandataire.automobile\/\" \/>\n<meta property=\"article:published_time\" content=\"2012-12-18T16:45:00+00:00\" \/>\n<meta property=\"og:image\" content=\"https:\/\/www.carideal.com\/blog\/wp-content\/uploads\/2016\/03\/logo-carideal-mandataire-automobile.png\" \/>\n\t<meta property=\"og:image:width\" content=\"300\" \/>\n\t<meta property=\"og:image:height\" content=\"300\" \/>\n\t<meta property=\"og:image:type\" content=\"image\/png\" \/>\n<meta name=\"author\" content=\"N.S Carideal\" \/>\n<meta name=\"twitter:card\" content=\"summary_large_image\" \/>\n<meta name=\"twitter:creator\" content=\"@caridealauto\" \/>\n<meta name=\"twitter:site\" content=\"@caridealauto\" \/>\n<meta name=\"twitter:label1\" content=\"\u00c9crit par\" \/>\n\t<meta name=\"twitter:data1\" content=\"N.S Carideal\" \/>\n\t<meta name=\"twitter:label2\" content=\"Dur\u00e9e de lecture estim\u00e9e\" \/>\n\t<meta name=\"twitter:data2\" content=\"1 minute\" \/>\n<script type=\"application\/ld+json\" class=\"yoast-schema-graph\">{\"@context\":\"https:\/\/schema.org\",\"@graph\":[{\"@type\":\"Article\",\"@id\":\"https:\/\/www.carideal.com\/blog\/2012\/12\/18\/independance-et-competitivite\/#article\",\"isPartOf\":{\"@id\":\"https:\/\/www.carideal.com\/blog\/2012\/12\/18\/independance-et-competitivite\/\"},\"author\":{\"name\":\"N.S Carideal\",\"@id\":\"https:\/\/www.carideal.com\/blog\/#\/schema\/person\/985c7e757d1042d647f21bfaf8d41ebc\"},\"headline\":\"Ind\u00e9pendance et comp\u00e9titivit\u00e9\",\"datePublished\":\"2012-12-18T16:45:00+00:00\",\"mainEntityOfPage\":{\"@id\":\"https:\/\/www.carideal.com\/blog\/2012\/12\/18\/independance-et-competitivite\/\"},\"wordCount\":234,\"commentCount\":0,\"publisher\":{\"@id\":\"https:\/\/www.carideal.com\/blog\/#organization\"},\"keywords\":[\"Etats-Unis march\u00e9 automobile am\u00e9ricain\"],\"articleSection\":[\"Divers\"],\"inLanguage\":\"fr-FR\",\"potentialAction\":[{\"@type\":\"CommentAction\",\"name\":\"Comment\",\"target\":[\"https:\/\/www.carideal.com\/blog\/2012\/12\/18\/independance-et-competitivite\/#respond\"]}]},{\"@type\":\"WebPage\",\"@id\":\"https:\/\/www.carideal.com\/blog\/2012\/12\/18\/independance-et-competitivite\/\",\"url\":\"https:\/\/www.carideal.com\/blog\/2012\/12\/18\/independance-et-competitivite\/\",\"name\":\"Ind\u00e9pendance et comp\u00e9titivit\u00e9 - Blog auto Carid\u00e9al\",\"isPartOf\":{\"@id\":\"https:\/\/www.carideal.com\/blog\/#website\"},\"datePublished\":\"2012-12-18T16:45:00+00:00\",\"breadcrumb\":{\"@id\":\"https:\/\/www.carideal.com\/blog\/2012\/12\/18\/independance-et-competitivite\/#breadcrumb\"},\"inLanguage\":\"fr-FR\",\"potentialAction\":[{\"@type\":\"ReadAction\",\"target\":[\"https:\/\/www.carideal.com\/blog\/2012\/12\/18\/independance-et-competitivite\/\"]}]},{\"@type\":\"BreadcrumbList\",\"@id\":\"https:\/\/www.carideal.com\/blog\/2012\/12\/18\/independance-et-competitivite\/#breadcrumb\",\"itemListElement\":[{\"@type\":\"ListItem\",\"position\":1,\"name\":\"Blog Carid\u00e9al\",\"item\":\"https:\/\/www.carideal.com\/blog\/\"},{\"@type\":\"ListItem\",\"position\":2,\"name\":\"Divers\",\"item\":\"https:\/\/www.carideal.com\/blog\/divers\/\"},{\"@type\":\"ListItem\",\"position\":3,\"name\":\"Ind\u00e9pendance et comp\u00e9titivit\u00e9\"}]},{\"@type\":\"WebSite\",\"@id\":\"https:\/\/www.carideal.com\/blog\/#website\",\"url\":\"https:\/\/www.carideal.com\/blog\/\",\"name\":\"Blog auto Carid\u00e9al\",\"description\":\"Actualit\u00e9 auto par des passionn\u00e9s\",\"publisher\":{\"@id\":\"https:\/\/www.carideal.com\/blog\/#organization\"},\"potentialAction\":[{\"@type\":\"SearchAction\",\"target\":{\"@type\":\"EntryPoint\",\"urlTemplate\":\"https:\/\/www.carideal.com\/blog\/?s={search_term_string}\"},\"query-input\":{\"@type\":\"PropertyValueSpecification\",\"valueRequired\":true,\"valueName\":\"search_term_string\"}}],\"inLanguage\":\"fr-FR\"},{\"@type\":\"Organization\",\"@id\":\"https:\/\/www.carideal.com\/blog\/#organization\",\"name\":\"Carideal\",\"url\":\"https:\/\/www.carideal.com\/blog\/\",\"logo\":{\"@type\":\"ImageObject\",\"inLanguage\":\"fr-FR\",\"@id\":\"https:\/\/www.carideal.com\/blog\/#\/schema\/logo\/image\/\",\"url\":\"http:\/\/www.carideal.com\/blog\/wp-content\/uploads\/2016\/03\/logo-carideal-mandataire-automobile.png\",\"contentUrl\":\"http:\/\/www.carideal.com\/blog\/wp-content\/uploads\/2016\/03\/logo-carideal-mandataire-automobile.png\",\"width\":300,\"height\":300,\"caption\":\"Carideal\"},\"image\":{\"@id\":\"https:\/\/www.carideal.com\/blog\/#\/schema\/logo\/image\/\"},\"sameAs\":[\"https:\/\/www.facebook.com\/Carideal.mandataire.automobile\",\"https:\/\/x.com\/caridealauto\",\"https:\/\/www.instagram.com\/carideal1\/\",\"https:\/\/www.linkedin.com\/company\/carideal.com\",\"https:\/\/fr.pinterest.com\/schiavonsas\/\",\"https:\/\/www.youtube.com\/user\/caridealsas\"]},{\"@type\":\"Person\",\"@id\":\"https:\/\/www.carideal.com\/blog\/#\/schema\/person\/985c7e757d1042d647f21bfaf8d41ebc\",\"name\":\"N.S Carideal\",\"image\":{\"@type\":\"ImageObject\",\"inLanguage\":\"fr-FR\",\"@id\":\"https:\/\/www.carideal.com\/blog\/#\/schema\/person\/image\/\",\"url\":\"https:\/\/secure.gravatar.com\/avatar\/edb7ccdf1a4e3d14aef967760d354d0e?s=96&r=g\",\"contentUrl\":\"https:\/\/secure.gravatar.com\/avatar\/edb7ccdf1a4e3d14aef967760d354d0e?s=96&r=g\",\"caption\":\"N.S Carideal\"},\"description\":\"Depuis tout petit fan d'automobile. Il est question d'essayer et de comparer toutes ces voitures qui nous ont fait r\u00e9ver, avant que celles-ci ne devient uniquement des voitures de collection.\",\"sameAs\":[\"http:\/\/www.carideal.com\/blog\",\"https:\/\/www.facebook.com\/Carideal.mandataire.automobile\/\",\"https:\/\/www.linkedin.com\/in\/nschiavon\/\",\"https:\/\/www.youtube.com\/user\/caridealsas\/\"],\"url\":\"https:\/\/www.carideal.com\/blog\/author\/admin_carideal\/\"}]}<\/script>\n<!-- \/ Yoast SEO plugin. -->","yoast_head_json":{"title":"Ind\u00e9pendance et comp\u00e9titivit\u00e9 - Blog auto Carid\u00e9al","robots":{"index":"index","follow":"follow","max-snippet":"max-snippet:-1","max-image-preview":"max-image-preview:large","max-video-preview":"max-video-preview:-1"},"canonical":"https:\/\/www.carideal.com\/blog\/2012\/12\/18\/independance-et-competitivite\/","og_locale":"fr_FR","og_type":"article","og_title":"Ind\u00e9pendance et comp\u00e9titivit\u00e9 - Blog auto Carid\u00e9al","og_description":"A l'heure o\u00f9 l'on parle beaucoup de comp\u00e9titivit\u00e9, notamment industrielle, les Etats-Unis sont en train de nous donner une le\u00e7on en la mati\u00e8re, et par la voie \u00e9nerg\u00e9tique. Alors que l'Am\u00e9rique importe aujourd'hui environ 20 % de sa consommation de p\u00e9trole, il semblerait que le pays sera autosuffisant \u00e0 l'horizon 2020, devenant m\u00eame d'ici cinq ... Lire plus","og_url":"https:\/\/www.carideal.com\/blog\/2012\/12\/18\/independance-et-competitivite\/","og_site_name":"Blog auto Carid\u00e9al","article_publisher":"https:\/\/www.facebook.com\/Carideal.mandataire.automobile","article_author":"https:\/\/www.facebook.com\/Carideal.mandataire.automobile\/","article_published_time":"2012-12-18T16:45:00+00:00","og_image":[{"width":300,"height":300,"url":"https:\/\/www.carideal.com\/blog\/wp-content\/uploads\/2016\/03\/logo-carideal-mandataire-automobile.png","type":"image\/png"}],"author":"N.S Carideal","twitter_card":"summary_large_image","twitter_creator":"@caridealauto","twitter_site":"@caridealauto","twitter_misc":{"\u00c9crit par":"N.S Carideal","Dur\u00e9e de lecture estim\u00e9e":"1 minute"},"schema":{"@context":"https:\/\/schema.org","@graph":[{"@type":"Article","@id":"https:\/\/www.carideal.com\/blog\/2012\/12\/18\/independance-et-competitivite\/#article","isPartOf":{"@id":"https:\/\/www.carideal.com\/blog\/2012\/12\/18\/independance-et-competitivite\/"},"author":{"name":"N.S Carideal","@id":"https:\/\/www.carideal.com\/blog\/#\/schema\/person\/985c7e757d1042d647f21bfaf8d41ebc"},"headline":"Ind\u00e9pendance et comp\u00e9titivit\u00e9","datePublished":"2012-12-18T16:45:00+00:00","mainEntityOfPage":{"@id":"https:\/\/www.carideal.com\/blog\/2012\/12\/18\/independance-et-competitivite\/"},"wordCount":234,"commentCount":0,"publisher":{"@id":"https:\/\/www.carideal.com\/blog\/#organization"},"keywords":["Etats-Unis march\u00e9 automobile am\u00e9ricain"],"articleSection":["Divers"],"inLanguage":"fr-FR","potentialAction":[{"@type":"CommentAction","name":"Comment","target":["https:\/\/www.carideal.com\/blog\/2012\/12\/18\/independance-et-competitivite\/#respond"]}]},{"@type":"WebPage","@id":"https:\/\/www.carideal.com\/blog\/2012\/12\/18\/independance-et-competitivite\/","url":"https:\/\/www.carideal.com\/blog\/2012\/12\/18\/independance-et-competitivite\/","name":"Ind\u00e9pendance et comp\u00e9titivit\u00e9 - Blog auto Carid\u00e9al","isPartOf":{"@id":"https:\/\/www.carideal.com\/blog\/#website"},"datePublished":"2012-12-18T16:45:00+00:00","breadcrumb":{"@id":"https:\/\/www.carideal.com\/blog\/2012\/12\/18\/independance-et-competitivite\/#breadcrumb"},"inLanguage":"fr-FR","potentialAction":[{"@type":"ReadAction","target":["https:\/\/www.carideal.com\/blog\/2012\/12\/18\/independance-et-competitivite\/"]}]},{"@type":"BreadcrumbList","@id":"https:\/\/www.carideal.com\/blog\/2012\/12\/18\/independance-et-competitivite\/#breadcrumb","itemListElement":[{"@type":"ListItem","position":1,"name":"Blog Carid\u00e9al","item":"https:\/\/www.carideal.com\/blog\/"},{"@type":"ListItem","position":2,"name":"Divers","item":"https:\/\/www.carideal.com\/blog\/divers\/"},{"@type":"ListItem","position":3,"name":"Ind\u00e9pendance et comp\u00e9titivit\u00e9"}]},{"@type":"WebSite","@id":"https:\/\/www.carideal.com\/blog\/#website","url":"https:\/\/www.carideal.com\/blog\/","name":"Blog auto Carid\u00e9al","description":"Actualit\u00e9 auto par des passionn\u00e9s","publisher":{"@id":"https:\/\/www.carideal.com\/blog\/#organization"},"potentialAction":[{"@type":"SearchAction","target":{"@type":"EntryPoint","urlTemplate":"https:\/\/www.carideal.com\/blog\/?s={search_term_string}"},"query-input":{"@type":"PropertyValueSpecification","valueRequired":true,"valueName":"search_term_string"}}],"inLanguage":"fr-FR"},{"@type":"Organization","@id":"https:\/\/www.carideal.com\/blog\/#organization","name":"Carideal","url":"https:\/\/www.carideal.com\/blog\/","logo":{"@type":"ImageObject","inLanguage":"fr-FR","@id":"https:\/\/www.carideal.com\/blog\/#\/schema\/logo\/image\/","url":"http:\/\/www.carideal.com\/blog\/wp-content\/uploads\/2016\/03\/logo-carideal-mandataire-automobile.png","contentUrl":"http:\/\/www.carideal.com\/blog\/wp-content\/uploads\/2016\/03\/logo-carideal-mandataire-automobile.png","width":300,"height":300,"caption":"Carideal"},"image":{"@id":"https:\/\/www.carideal.com\/blog\/#\/schema\/logo\/image\/"},"sameAs":["https:\/\/www.facebook.com\/Carideal.mandataire.automobile","https:\/\/x.com\/caridealauto","https:\/\/www.instagram.com\/carideal1\/","https:\/\/www.linkedin.com\/company\/carideal.com","https:\/\/fr.pinterest.com\/schiavonsas\/","https:\/\/www.youtube.com\/user\/caridealsas"]},{"@type":"Person","@id":"https:\/\/www.carideal.com\/blog\/#\/schema\/person\/985c7e757d1042d647f21bfaf8d41ebc","name":"N.S Carideal","image":{"@type":"ImageObject","inLanguage":"fr-FR","@id":"https:\/\/www.carideal.com\/blog\/#\/schema\/person\/image\/","url":"https:\/\/secure.gravatar.com\/avatar\/edb7ccdf1a4e3d14aef967760d354d0e?s=96&r=g","contentUrl":"https:\/\/secure.gravatar.com\/avatar\/edb7ccdf1a4e3d14aef967760d354d0e?s=96&r=g","caption":"N.S Carideal"},"description":"Depuis tout petit fan d'automobile. Il est question d'essayer et de comparer toutes ces voitures qui nous ont fait r\u00e9ver, avant que celles-ci ne devient uniquement des voitures de collection.","sameAs":["http:\/\/www.carideal.com\/blog","https:\/\/www.facebook.com\/Carideal.mandataire.automobile\/","https:\/\/www.linkedin.com\/in\/nschiavon\/","https:\/\/www.youtube.com\/user\/caridealsas\/"],"url":"https:\/\/www.carideal.com\/blog\/author\/admin_carideal\/"}]}},"uagb_featured_image_src":{"full":false,"thumbnail":false,"medium":false,"medium_large":false,"large":false,"1536x1536":false,"2048x2048":false,"wppr-widget":false},"uagb_author_info":{"display_name":"N.S Carideal","author_link":"https:\/\/www.carideal.com\/blog\/author\/admin_carideal\/"},"uagb_comment_info":0,"uagb_excerpt":"A l'heure o\u00f9 l'on parle beaucoup de comp\u00e9titivit\u00e9, notamment industrielle, les Etats-Unis sont en train de nous donner une le\u00e7on en la mati\u00e8re, et par la voie \u00e9nerg\u00e9tique. Alors que l'Am\u00e9rique importe aujourd'hui environ 20 % de sa consommation de p\u00e9trole, il semblerait que le pays sera autosuffisant \u00e0 l'horizon 2020, devenant m\u00eame d'ici cinq\u2026","_links":{"self":[{"href":"https:\/\/www.carideal.com\/blog\/wp-json\/wp\/v2\/posts\/556"}],"collection":[{"href":"https:\/\/www.carideal.com\/blog\/wp-json\/wp\/v2\/posts"}],"about":[{"href":"https:\/\/www.carideal.com\/blog\/wp-json\/wp\/v2\/types\/post"}],"author":[{"embeddable":true,"href":"https:\/\/www.carideal.com\/blog\/wp-json\/wp\/v2\/users\/1"}],"replies":[{"embeddable":true,"href":"https:\/\/www.carideal.com\/blog\/wp-json\/wp\/v2\/comments?post=556"}],"version-history":[{"count":0,"href":"https:\/\/www.carideal.com\/blog\/wp-json\/wp\/v2\/posts\/556\/revisions"}],"wp:attachment":[{"href":"https:\/\/www.carideal.com\/blog\/wp-json\/wp\/v2\/media?parent=556"}],"wp:term":[{"taxonomy":"category","embeddable":true,"href":"https:\/\/www.carideal.com\/blog\/wp-json\/wp\/v2\/categories?post=556"},{"taxonomy":"post_tag","embeddable":true,"href":"https:\/\/www.carideal.com\/blog\/wp-json\/wp\/v2\/tags?post=556"}],"curies":[{"name":"wp","href":"https:\/\/api.w.org\/{rel}","templated":true}]}}