{"id":5527,"date":"2014-11-15T23:00:00","date_gmt":"2014-11-15T23:00:00","guid":{"rendered":"http:\/\/www.carideal.com\/blog\/2014\/11\/15\/jaguar-xe-commercialisee-en-fevrier-2015\/"},"modified":"2016-06-21T12:44:56","modified_gmt":"2016-06-21T10:44:56","slug":"jaguar-xe-commercialisee-en-fevrier-2015","status":"publish","type":"post","link":"https:\/\/www.carideal.com\/blog\/2014\/11\/15\/jaguar-xe-commercialisee-en-fevrier-2015\/","title":{"rendered":"Jaguar XE commercialis\u00e9e en F\u00e9vrier 2015"},"content":{"rendered":"<div>\n<figure style=\"width: 1130px\" class=\"wp-caption alignnone\"><img loading=\"lazy\" decoding=\"async\" title=\" Jaguar XE\" src=\"http:\/\/www.carideal.com\/images_actualite\/jaguarxe2015caridealmandataireautomobile-1416136996.jpg\" alt=\" Jaguar XE\" width=\"1140\" height=\"643\" \/><figcaption class=\"wp-caption-text\">Jaguar XE<\/figcaption><\/figure>\n<h1><strong>JAGUAR XE COMMERCIALIS\u00c9E EN F\u00c9VRIER 2015<\/strong><\/h1>\n<\/div>\n<p>Moteur 2.0 diesel de 163 ch<br \/>\n\u00c0 partir de 37 000 \u20ac (estimation)<br \/>\nLe constructeur annonce la Jaguar XE comme le mod\u00e8le le plus important de son histoire. Il s'agit aussi de faire oublier les d\u00e9boires de feu la X-Type. Cette fois, la berline familiale Jaguar est une production 100% maison.<br \/>\nTout le monde l'attend : le propri\u00e9\u00adtaire de la marque, l'indien Tata, qui a de logiques ambi\u00adtions commerciales au niveau mondial, tout comme les quarante concessionnaires fran\u00e7ais - un chiffre amen\u00e9 \u00e0 \u00e9voluer -,les deux ayant besoin de volume. Concurrente directe des Audi A4, BMW S\u00e9rie 3 et Mercedes Clase C,la Jaguar XE devra \u00e9galement faire oublier la X-Type, dont la trop grande proximit\u00e9 technologique avec sa cousine la Ford Mondeo a rebut\u00e9 la client\u00e8le. Conscient de l'enjeu. Jaguar a investi 1,8 milliard d'euros dans la modernisation de son outil industriel, afin de pouvoir fabri\u00adquer \u00e0 la fois des Land Rover et des Jaguar sur les m\u00eames cha\u00eenes de Solihull (Grande-Bretagne), et revenir en force sur le segment des familiales premium, qui repr\u00e9sente aujourd'hui un peu moins d'un million de ventes annuelles au niveau mondial, mais qui d\u00e9passera 1,5 million d'imma\u00adtriculations \u00e0 partir de 2016. \u00c0 la fois luxueuse et sportive, la berline XE a des allures de coup\u00e9. Jaguar s'est pour l'instant content\u00e9 d'indiquer que ses dimensions ext\u00e9rieures se calaient approximativement sur celles de la nouvelle Mercedes<br \/>\nClasse C, \u00e0 savoir une longueur de 4,68 m pour une largeur de 1,81 m. En revanche, la XE parait plus basse, dans un style \u00e9quilibr\u00e9 et s\u00e9duisant. Pour le reste, c'est aussi la recette du coup\u00e9 sport qui fonctionne : empattement g\u00e9n\u00e9reux, porte-\u00e0-faux r\u00e9duits, face avant agres\u00adsive et profil dynamique, mais coffre de berline : 455 litres.<\/p>\n<p>Propulsion et V6<\/p>\n<p>Principalement constitu\u00e9e d'aluminium, la XE sera une voiture relativement l\u00e9g\u00e8re, ce qui permet \u00e0 Jaguar d'annoncer des rejets de CO2 contenus \u00e0 99 g\/km pour le seul moteur disponible au lancement, un quatre cylindres 2.0 diesel de la nouvelle gamme Ingenium , dont la consommation mixte serait de 3,8 L\/100 km (sous r\u00e9serve d'homologation). Ce bloc sera propos\u00e9 avec une bo\u00eete de vitesses manuelle \u00e0 six rapports, ou une transmission automa\u00adtique \u00e0 8 rapports.<\/p>\n<p><strong>Affichage au laser<\/strong><\/p>\n<p>Jaguar n'a pas confirm\u00e9, mais en plus des livr\u00e9es \u00e0 pro\u00adpulsion qui seront d\u00e9j\u00e0 au cata\u00adlogue (un 3.0 V6 turbo de 340 ch viendra se positionner au-dessus du diesel mi-2015), des versions \u00e0 quatre roue motrices, ainsi qu'un break, pourraient venir grossir les rangs de la XE d'ici 2016. \u00c0 l'int\u00e9rieur, si l'espace appara\u00eet compt\u00e9, notamment aux places arri\u00e8re (passagers assis tr\u00e8s bas, vue vers l'avant occult\u00e9e par les imposants dossiers des si\u00e8ges avant), la XE embarque tout ce qui se fait de mieux en termes de s\u00e9curit\u00e9 active ou passive, et propose un syst\u00e8me multim\u00e9dia avanc\u00e9 ainsi qu'un affichage t\u00e8te haute au laser, ce qui est une nouveaut\u00e9 dans l'automobile. Le niveau de finition est en ad\u00e9quation avec le standing de l'engin, dans un dessin relati\u00advement classique.<\/p>\n","protected":false},"excerpt":{"rendered":"<p>JAGUAR XE COMMERCIALIS\u00c9E EN F\u00c9VRIER 2015 Moteur 2.0 diesel de 163 ch \u00c0 partir de 37 000 \u20ac (estimation) Le constructeur annonce la Jaguar XE comme le mod\u00e8le le plus important de son histoire. Il s&rsquo;agit aussi de faire oublier les d\u00e9boires de feu la X-Type. Cette fois, la berline familiale Jaguar est une production &#8230; <a title=\"Jaguar XE commercialis\u00e9e en F\u00e9vrier 2015\" class=\"read-more\" href=\"https:\/\/www.carideal.com\/blog\/2014\/11\/15\/jaguar-xe-commercialisee-en-fevrier-2015\/\" aria-label=\"En savoir plus sur Jaguar XE commercialis\u00e9e en F\u00e9vrier 2015\">Lire plus<\/a><\/p>\n","protected":false},"author":3,"featured_media":0,"comment_status":"open","ping_status":"open","sticky":false,"template":"","format":"standard","meta":{"_uag_custom_page_level_css":"","_themeisle_gutenberg_block_has_review":false,"footnotes":""},"categories":[21,5944,5987],"tags":[],"class_list":["post-5527","post","type-post","status-publish","format-standard","hentry","category-actualites-auto","category-constructeur","category-jaguar"],"wppr_data":[],"yoast_head":"<!-- This site is optimized with the Yoast SEO plugin v24.8.1 - https:\/\/yoast.com\/wordpress\/plugins\/seo\/ -->\n<title>Jaguar XE commercialis\u00e9e en F\u00e9vrier 2015 - Blog auto Carid\u00e9al<\/title>\n<meta name=\"robots\" content=\"index, follow, max-snippet:-1, max-image-preview:large, max-video-preview:-1\" \/>\n<link rel=\"canonical\" href=\"https:\/\/www.carideal.com\/blog\/2014\/11\/15\/jaguar-xe-commercialisee-en-fevrier-2015\/\" \/>\n<meta property=\"og:locale\" content=\"fr_FR\" \/>\n<meta property=\"og:type\" content=\"article\" \/>\n<meta property=\"og:title\" content=\"Jaguar XE commercialis\u00e9e en F\u00e9vrier 2015 - Blog auto Carid\u00e9al\" \/>\n<meta property=\"og:description\" content=\"JAGUAR XE COMMERCIALIS\u00c9E EN F\u00c9VRIER 2015 Moteur 2.0 diesel de 163 ch \u00c0 partir de 37 000 \u20ac (estimation) Le constructeur annonce la Jaguar XE comme le mod\u00e8le le plus important de son histoire. Il s&#039;agit aussi de faire oublier les d\u00e9boires de feu la X-Type. Cette fois, la berline familiale Jaguar est une production ... Lire plus\" \/>\n<meta property=\"og:url\" content=\"https:\/\/www.carideal.com\/blog\/2014\/11\/15\/jaguar-xe-commercialisee-en-fevrier-2015\/\" \/>\n<meta property=\"og:site_name\" content=\"Blog auto Carid\u00e9al\" \/>\n<meta property=\"article:publisher\" content=\"https:\/\/www.facebook.com\/Carideal.mandataire.automobile\" \/>\n<meta property=\"article:author\" content=\"https:\/\/www.facebook.com\/nicolas.schiavon.39\" \/>\n<meta property=\"article:published_time\" content=\"2014-11-15T23:00:00+00:00\" \/>\n<meta property=\"article:modified_time\" content=\"2016-06-21T10:44:56+00:00\" \/>\n<meta property=\"og:image\" content=\"http:\/\/www.carideal.com\/images_actualite\/jaguarxe2015caridealmandataireautomobile-1416136996.jpg\" \/>\n<meta name=\"author\" content=\"Nicolas SCHIAVON\" \/>\n<meta name=\"twitter:card\" content=\"summary_large_image\" \/>\n<meta name=\"twitter:creator\" content=\"@caridealauto\" \/>\n<meta name=\"twitter:site\" content=\"@caridealauto\" \/>\n<meta name=\"twitter:label1\" content=\"\u00c9crit par\" \/>\n\t<meta name=\"twitter:data1\" content=\"Nicolas SCHIAVON\" \/>\n\t<meta name=\"twitter:label2\" content=\"Dur\u00e9e de lecture estim\u00e9e\" \/>\n\t<meta name=\"twitter:data2\" content=\"3 minutes\" \/>\n<script type=\"application\/ld+json\" class=\"yoast-schema-graph\">{\"@context\":\"https:\/\/schema.org\",\"@graph\":[{\"@type\":\"Article\",\"@id\":\"https:\/\/www.carideal.com\/blog\/2014\/11\/15\/jaguar-xe-commercialisee-en-fevrier-2015\/#article\",\"isPartOf\":{\"@id\":\"https:\/\/www.carideal.com\/blog\/2014\/11\/15\/jaguar-xe-commercialisee-en-fevrier-2015\/\"},\"author\":{\"name\":\"Nicolas SCHIAVON\",\"@id\":\"https:\/\/www.carideal.com\/blog\/#\/schema\/person\/cd95dc7919660de90d31b366f85be1ec\"},\"headline\":\"Jaguar XE commercialis\u00e9e en F\u00e9vrier 2015\",\"datePublished\":\"2014-11-15T23:00:00+00:00\",\"dateModified\":\"2016-06-21T10:44:56+00:00\",\"mainEntityOfPage\":{\"@id\":\"https:\/\/www.carideal.com\/blog\/2014\/11\/15\/jaguar-xe-commercialisee-en-fevrier-2015\/\"},\"wordCount\":525,\"commentCount\":0,\"publisher\":{\"@id\":\"https:\/\/www.carideal.com\/blog\/#organization\"},\"image\":{\"@id\":\"https:\/\/www.carideal.com\/blog\/2014\/11\/15\/jaguar-xe-commercialisee-en-fevrier-2015\/#primaryimage\"},\"thumbnailUrl\":\"http:\/\/www.carideal.com\/images_actualite\/jaguarxe2015caridealmandataireautomobile-1416136996.jpg\",\"articleSection\":[\"Actualit\u00e9 automobile\",\"Actualit\u00e9 Constructeur automobile\",\"Actualit\u00e9s Jaguar\"],\"inLanguage\":\"fr-FR\",\"potentialAction\":[{\"@type\":\"CommentAction\",\"name\":\"Comment\",\"target\":[\"https:\/\/www.carideal.com\/blog\/2014\/11\/15\/jaguar-xe-commercialisee-en-fevrier-2015\/#respond\"]}]},{\"@type\":\"WebPage\",\"@id\":\"https:\/\/www.carideal.com\/blog\/2014\/11\/15\/jaguar-xe-commercialisee-en-fevrier-2015\/\",\"url\":\"https:\/\/www.carideal.com\/blog\/2014\/11\/15\/jaguar-xe-commercialisee-en-fevrier-2015\/\",\"name\":\"Jaguar XE commercialis\u00e9e en F\u00e9vrier 2015 - Blog auto Carid\u00e9al\",\"isPartOf\":{\"@id\":\"https:\/\/www.carideal.com\/blog\/#website\"},\"primaryImageOfPage\":{\"@id\":\"https:\/\/www.carideal.com\/blog\/2014\/11\/15\/jaguar-xe-commercialisee-en-fevrier-2015\/#primaryimage\"},\"image\":{\"@id\":\"https:\/\/www.carideal.com\/blog\/2014\/11\/15\/jaguar-xe-commercialisee-en-fevrier-2015\/#primaryimage\"},\"thumbnailUrl\":\"http:\/\/www.carideal.com\/images_actualite\/jaguarxe2015caridealmandataireautomobile-1416136996.jpg\",\"datePublished\":\"2014-11-15T23:00:00+00:00\",\"dateModified\":\"2016-06-21T10:44:56+00:00\",\"breadcrumb\":{\"@id\":\"https:\/\/www.carideal.com\/blog\/2014\/11\/15\/jaguar-xe-commercialisee-en-fevrier-2015\/#breadcrumb\"},\"inLanguage\":\"fr-FR\",\"potentialAction\":[{\"@type\":\"ReadAction\",\"target\":[\"https:\/\/www.carideal.com\/blog\/2014\/11\/15\/jaguar-xe-commercialisee-en-fevrier-2015\/\"]}]},{\"@type\":\"ImageObject\",\"inLanguage\":\"fr-FR\",\"@id\":\"https:\/\/www.carideal.com\/blog\/2014\/11\/15\/jaguar-xe-commercialisee-en-fevrier-2015\/#primaryimage\",\"url\":\"http:\/\/www.carideal.com\/images_actualite\/jaguarxe2015caridealmandataireautomobile-1416136996.jpg\",\"contentUrl\":\"http:\/\/www.carideal.com\/images_actualite\/jaguarxe2015caridealmandataireautomobile-1416136996.jpg\"},{\"@type\":\"BreadcrumbList\",\"@id\":\"https:\/\/www.carideal.com\/blog\/2014\/11\/15\/jaguar-xe-commercialisee-en-fevrier-2015\/#breadcrumb\",\"itemListElement\":[{\"@type\":\"ListItem\",\"position\":1,\"name\":\"Blog Carid\u00e9al\",\"item\":\"https:\/\/www.carideal.com\/blog\/\"},{\"@type\":\"ListItem\",\"position\":2,\"name\":\"Actualit\u00e9 automobile\",\"item\":\"https:\/\/www.carideal.com\/blog\/actualites-auto\/\"},{\"@type\":\"ListItem\",\"position\":3,\"name\":\"Jaguar XE commercialis\u00e9e en F\u00e9vrier 2015\"}]},{\"@type\":\"WebSite\",\"@id\":\"https:\/\/www.carideal.com\/blog\/#website\",\"url\":\"https:\/\/www.carideal.com\/blog\/\",\"name\":\"Blog auto Carid\u00e9al\",\"description\":\"Actualit\u00e9 auto par des passionn\u00e9s\",\"publisher\":{\"@id\":\"https:\/\/www.carideal.com\/blog\/#organization\"},\"potentialAction\":[{\"@type\":\"SearchAction\",\"target\":{\"@type\":\"EntryPoint\",\"urlTemplate\":\"https:\/\/www.carideal.com\/blog\/?s={search_term_string}\"},\"query-input\":{\"@type\":\"PropertyValueSpecification\",\"valueRequired\":true,\"valueName\":\"search_term_string\"}}],\"inLanguage\":\"fr-FR\"},{\"@type\":\"Organization\",\"@id\":\"https:\/\/www.carideal.com\/blog\/#organization\",\"name\":\"Carideal\",\"url\":\"https:\/\/www.carideal.com\/blog\/\",\"logo\":{\"@type\":\"ImageObject\",\"inLanguage\":\"fr-FR\",\"@id\":\"https:\/\/www.carideal.com\/blog\/#\/schema\/logo\/image\/\",\"url\":\"http:\/\/www.carideal.com\/blog\/wp-content\/uploads\/2016\/03\/logo-carideal-mandataire-automobile.png\",\"contentUrl\":\"http:\/\/www.carideal.com\/blog\/wp-content\/uploads\/2016\/03\/logo-carideal-mandataire-automobile.png\",\"width\":300,\"height\":300,\"caption\":\"Carideal\"},\"image\":{\"@id\":\"https:\/\/www.carideal.com\/blog\/#\/schema\/logo\/image\/\"},\"sameAs\":[\"https:\/\/www.facebook.com\/Carideal.mandataire.automobile\",\"https:\/\/x.com\/caridealauto\",\"https:\/\/www.instagram.com\/carideal1\/\",\"https:\/\/www.linkedin.com\/company\/carideal.com\",\"https:\/\/fr.pinterest.com\/schiavonsas\/\",\"https:\/\/www.youtube.com\/user\/caridealsas\"]},{\"@type\":\"Person\",\"@id\":\"https:\/\/www.carideal.com\/blog\/#\/schema\/person\/cd95dc7919660de90d31b366f85be1ec\",\"name\":\"Nicolas SCHIAVON\",\"image\":{\"@type\":\"ImageObject\",\"inLanguage\":\"fr-FR\",\"@id\":\"https:\/\/www.carideal.com\/blog\/#\/schema\/person\/image\/\",\"url\":\"https:\/\/secure.gravatar.com\/avatar\/c17e55009e671d92cc7f5dc837dc418a?s=96&r=g\",\"contentUrl\":\"https:\/\/secure.gravatar.com\/avatar\/c17e55009e671d92cc7f5dc837dc418a?s=96&r=g\",\"caption\":\"Nicolas SCHIAVON\"},\"description\":\"Nicolas Schiavon est tomb\u00e9 tout petit dans la marmite automobile. Ayant eu un garage de marque automobile, mandataire automobile de la premi\u00e8re heure d\u00e8s 1999. Nicolas a cr\u00e9\u00e9 ces premiers sites de vente de voiture et blog automobile d\u00e8s 1994. Carideal est n\u00e9 le 15 d\u00e9cembre 2000 de la volont\u00e9 de vendre des voitures d'occasions en ligne puis des voitures neuves. Il a pu essayer beaucoup de voitures tr\u00e8s diff\u00e9rentes et ayant eu personnellement quelques belles autos, Subaru Impreza, Mitsubishi Lancer Evo 7, Porsche 911, Ferrari Testarrossa, Audi RS3, RS4 et j'en passe...\",\"sameAs\":[\"http:\/\/www.carideal.com\",\"https:\/\/www.facebook.com\/nicolas.schiavon.39\",\"https:\/\/www.instagram.com\/carideal1\/\",\"https:\/\/www.linkedin.com\/in\/nschiavon\/\",\"https:\/\/x.com\/caridealauto\",\"https:\/\/www.youtube.com\/user\/caridealsas\/\"],\"url\":\"https:\/\/www.carideal.com\/blog\/author\/nschiavon\/\"}]}<\/script>\n<!-- \/ Yoast SEO plugin. -->","yoast_head_json":{"title":"Jaguar XE commercialis\u00e9e en F\u00e9vrier 2015 - Blog auto Carid\u00e9al","robots":{"index":"index","follow":"follow","max-snippet":"max-snippet:-1","max-image-preview":"max-image-preview:large","max-video-preview":"max-video-preview:-1"},"canonical":"https:\/\/www.carideal.com\/blog\/2014\/11\/15\/jaguar-xe-commercialisee-en-fevrier-2015\/","og_locale":"fr_FR","og_type":"article","og_title":"Jaguar XE commercialis\u00e9e en F\u00e9vrier 2015 - Blog auto Carid\u00e9al","og_description":"JAGUAR XE COMMERCIALIS\u00c9E EN F\u00c9VRIER 2015 Moteur 2.0 diesel de 163 ch \u00c0 partir de 37 000 \u20ac (estimation) Le constructeur annonce la Jaguar XE comme le mod\u00e8le le plus important de son histoire. Il s'agit aussi de faire oublier les d\u00e9boires de feu la X-Type. Cette fois, la berline familiale Jaguar est une production ... Lire plus","og_url":"https:\/\/www.carideal.com\/blog\/2014\/11\/15\/jaguar-xe-commercialisee-en-fevrier-2015\/","og_site_name":"Blog auto Carid\u00e9al","article_publisher":"https:\/\/www.facebook.com\/Carideal.mandataire.automobile","article_author":"https:\/\/www.facebook.com\/nicolas.schiavon.39","article_published_time":"2014-11-15T23:00:00+00:00","article_modified_time":"2016-06-21T10:44:56+00:00","og_image":[{"url":"http:\/\/www.carideal.com\/images_actualite\/jaguarxe2015caridealmandataireautomobile-1416136996.jpg","type":"","width":"","height":""}],"author":"Nicolas SCHIAVON","twitter_card":"summary_large_image","twitter_creator":"@caridealauto","twitter_site":"@caridealauto","twitter_misc":{"\u00c9crit par":"Nicolas SCHIAVON","Dur\u00e9e de lecture estim\u00e9e":"3 minutes"},"schema":{"@context":"https:\/\/schema.org","@graph":[{"@type":"Article","@id":"https:\/\/www.carideal.com\/blog\/2014\/11\/15\/jaguar-xe-commercialisee-en-fevrier-2015\/#article","isPartOf":{"@id":"https:\/\/www.carideal.com\/blog\/2014\/11\/15\/jaguar-xe-commercialisee-en-fevrier-2015\/"},"author":{"name":"Nicolas SCHIAVON","@id":"https:\/\/www.carideal.com\/blog\/#\/schema\/person\/cd95dc7919660de90d31b366f85be1ec"},"headline":"Jaguar XE commercialis\u00e9e en F\u00e9vrier 2015","datePublished":"2014-11-15T23:00:00+00:00","dateModified":"2016-06-21T10:44:56+00:00","mainEntityOfPage":{"@id":"https:\/\/www.carideal.com\/blog\/2014\/11\/15\/jaguar-xe-commercialisee-en-fevrier-2015\/"},"wordCount":525,"commentCount":0,"publisher":{"@id":"https:\/\/www.carideal.com\/blog\/#organization"},"image":{"@id":"https:\/\/www.carideal.com\/blog\/2014\/11\/15\/jaguar-xe-commercialisee-en-fevrier-2015\/#primaryimage"},"thumbnailUrl":"http:\/\/www.carideal.com\/images_actualite\/jaguarxe2015caridealmandataireautomobile-1416136996.jpg","articleSection":["Actualit\u00e9 automobile","Actualit\u00e9 Constructeur automobile","Actualit\u00e9s Jaguar"],"inLanguage":"fr-FR","potentialAction":[{"@type":"CommentAction","name":"Comment","target":["https:\/\/www.carideal.com\/blog\/2014\/11\/15\/jaguar-xe-commercialisee-en-fevrier-2015\/#respond"]}]},{"@type":"WebPage","@id":"https:\/\/www.carideal.com\/blog\/2014\/11\/15\/jaguar-xe-commercialisee-en-fevrier-2015\/","url":"https:\/\/www.carideal.com\/blog\/2014\/11\/15\/jaguar-xe-commercialisee-en-fevrier-2015\/","name":"Jaguar XE commercialis\u00e9e en F\u00e9vrier 2015 - Blog auto Carid\u00e9al","isPartOf":{"@id":"https:\/\/www.carideal.com\/blog\/#website"},"primaryImageOfPage":{"@id":"https:\/\/www.carideal.com\/blog\/2014\/11\/15\/jaguar-xe-commercialisee-en-fevrier-2015\/#primaryimage"},"image":{"@id":"https:\/\/www.carideal.com\/blog\/2014\/11\/15\/jaguar-xe-commercialisee-en-fevrier-2015\/#primaryimage"},"thumbnailUrl":"http:\/\/www.carideal.com\/images_actualite\/jaguarxe2015caridealmandataireautomobile-1416136996.jpg","datePublished":"2014-11-15T23:00:00+00:00","dateModified":"2016-06-21T10:44:56+00:00","breadcrumb":{"@id":"https:\/\/www.carideal.com\/blog\/2014\/11\/15\/jaguar-xe-commercialisee-en-fevrier-2015\/#breadcrumb"},"inLanguage":"fr-FR","potentialAction":[{"@type":"ReadAction","target":["https:\/\/www.carideal.com\/blog\/2014\/11\/15\/jaguar-xe-commercialisee-en-fevrier-2015\/"]}]},{"@type":"ImageObject","inLanguage":"fr-FR","@id":"https:\/\/www.carideal.com\/blog\/2014\/11\/15\/jaguar-xe-commercialisee-en-fevrier-2015\/#primaryimage","url":"http:\/\/www.carideal.com\/images_actualite\/jaguarxe2015caridealmandataireautomobile-1416136996.jpg","contentUrl":"http:\/\/www.carideal.com\/images_actualite\/jaguarxe2015caridealmandataireautomobile-1416136996.jpg"},{"@type":"BreadcrumbList","@id":"https:\/\/www.carideal.com\/blog\/2014\/11\/15\/jaguar-xe-commercialisee-en-fevrier-2015\/#breadcrumb","itemListElement":[{"@type":"ListItem","position":1,"name":"Blog Carid\u00e9al","item":"https:\/\/www.carideal.com\/blog\/"},{"@type":"ListItem","position":2,"name":"Actualit\u00e9 automobile","item":"https:\/\/www.carideal.com\/blog\/actualites-auto\/"},{"@type":"ListItem","position":3,"name":"Jaguar XE commercialis\u00e9e en F\u00e9vrier 2015"}]},{"@type":"WebSite","@id":"https:\/\/www.carideal.com\/blog\/#website","url":"https:\/\/www.carideal.com\/blog\/","name":"Blog auto Carid\u00e9al","description":"Actualit\u00e9 auto par des passionn\u00e9s","publisher":{"@id":"https:\/\/www.carideal.com\/blog\/#organization"},"potentialAction":[{"@type":"SearchAction","target":{"@type":"EntryPoint","urlTemplate":"https:\/\/www.carideal.com\/blog\/?s={search_term_string}"},"query-input":{"@type":"PropertyValueSpecification","valueRequired":true,"valueName":"search_term_string"}}],"inLanguage":"fr-FR"},{"@type":"Organization","@id":"https:\/\/www.carideal.com\/blog\/#organization","name":"Carideal","url":"https:\/\/www.carideal.com\/blog\/","logo":{"@type":"ImageObject","inLanguage":"fr-FR","@id":"https:\/\/www.carideal.com\/blog\/#\/schema\/logo\/image\/","url":"http:\/\/www.carideal.com\/blog\/wp-content\/uploads\/2016\/03\/logo-carideal-mandataire-automobile.png","contentUrl":"http:\/\/www.carideal.com\/blog\/wp-content\/uploads\/2016\/03\/logo-carideal-mandataire-automobile.png","width":300,"height":300,"caption":"Carideal"},"image":{"@id":"https:\/\/www.carideal.com\/blog\/#\/schema\/logo\/image\/"},"sameAs":["https:\/\/www.facebook.com\/Carideal.mandataire.automobile","https:\/\/x.com\/caridealauto","https:\/\/www.instagram.com\/carideal1\/","https:\/\/www.linkedin.com\/company\/carideal.com","https:\/\/fr.pinterest.com\/schiavonsas\/","https:\/\/www.youtube.com\/user\/caridealsas"]},{"@type":"Person","@id":"https:\/\/www.carideal.com\/blog\/#\/schema\/person\/cd95dc7919660de90d31b366f85be1ec","name":"Nicolas SCHIAVON","image":{"@type":"ImageObject","inLanguage":"fr-FR","@id":"https:\/\/www.carideal.com\/blog\/#\/schema\/person\/image\/","url":"https:\/\/secure.gravatar.com\/avatar\/c17e55009e671d92cc7f5dc837dc418a?s=96&r=g","contentUrl":"https:\/\/secure.gravatar.com\/avatar\/c17e55009e671d92cc7f5dc837dc418a?s=96&r=g","caption":"Nicolas SCHIAVON"},"description":"Nicolas Schiavon est tomb\u00e9 tout petit dans la marmite automobile. Ayant eu un garage de marque automobile, mandataire automobile de la premi\u00e8re heure d\u00e8s 1999. Nicolas a cr\u00e9\u00e9 ces premiers sites de vente de voiture et blog automobile d\u00e8s 1994. Carideal est n\u00e9 le 15 d\u00e9cembre 2000 de la volont\u00e9 de vendre des voitures d'occasions en ligne puis des voitures neuves. Il a pu essayer beaucoup de voitures tr\u00e8s diff\u00e9rentes et ayant eu personnellement quelques belles autos, Subaru Impreza, Mitsubishi Lancer Evo 7, Porsche 911, Ferrari Testarrossa, Audi RS3, RS4 et j'en passe...","sameAs":["http:\/\/www.carideal.com","https:\/\/www.facebook.com\/nicolas.schiavon.39","https:\/\/www.instagram.com\/carideal1\/","https:\/\/www.linkedin.com\/in\/nschiavon\/","https:\/\/x.com\/caridealauto","https:\/\/www.youtube.com\/user\/caridealsas\/"],"url":"https:\/\/www.carideal.com\/blog\/author\/nschiavon\/"}]}},"uagb_featured_image_src":{"full":false,"thumbnail":false,"medium":false,"medium_large":false,"large":false,"1536x1536":false,"2048x2048":false,"wppr-widget":false},"uagb_author_info":{"display_name":"Nicolas SCHIAVON","author_link":"https:\/\/www.carideal.com\/blog\/author\/nschiavon\/"},"uagb_comment_info":0,"uagb_excerpt":"JAGUAR XE COMMERCIALIS\u00c9E EN F\u00c9VRIER 2015 Moteur 2.0 diesel de 163 ch \u00c0 partir de 37 000 \u20ac (estimation) Le constructeur annonce la Jaguar XE comme le mod\u00e8le le plus important de son histoire. Il s'agit aussi de faire oublier les d\u00e9boires de feu la X-Type. Cette fois, la berline familiale Jaguar est une production\u2026","_links":{"self":[{"href":"https:\/\/www.carideal.com\/blog\/wp-json\/wp\/v2\/posts\/5527"}],"collection":[{"href":"https:\/\/www.carideal.com\/blog\/wp-json\/wp\/v2\/posts"}],"about":[{"href":"https:\/\/www.carideal.com\/blog\/wp-json\/wp\/v2\/types\/post"}],"author":[{"embeddable":true,"href":"https:\/\/www.carideal.com\/blog\/wp-json\/wp\/v2\/users\/3"}],"replies":[{"embeddable":true,"href":"https:\/\/www.carideal.com\/blog\/wp-json\/wp\/v2\/comments?post=5527"}],"version-history":[{"count":0,"href":"https:\/\/www.carideal.com\/blog\/wp-json\/wp\/v2\/posts\/5527\/revisions"}],"wp:attachment":[{"href":"https:\/\/www.carideal.com\/blog\/wp-json\/wp\/v2\/media?parent=5527"}],"wp:term":[{"taxonomy":"category","embeddable":true,"href":"https:\/\/www.carideal.com\/blog\/wp-json\/wp\/v2\/categories?post=5527"},{"taxonomy":"post_tag","embeddable":true,"href":"https:\/\/www.carideal.com\/blog\/wp-json\/wp\/v2\/tags?post=5527"}],"curies":[{"name":"wp","href":"https:\/\/api.w.org\/{rel}","templated":true}]}}