{"id":5520,"date":"2014-11-08T23:00:00","date_gmt":"2014-11-08T23:00:00","guid":{"rendered":"http:\/\/www.carideal.com\/blog\/2014\/11\/08\/le-vol-astucieux-mode-privilegie-pour-les-voitures\/"},"modified":"2015-10-10T15:38:12","modified_gmt":"2015-10-10T13:38:12","slug":"le-vol-astucieux-mode-privilegie-pour-les-voitures","status":"publish","type":"post","link":"https:\/\/www.carideal.com\/blog\/2014\/11\/08\/le-vol-astucieux-mode-privilegie-pour-les-voitures\/","title":{"rendered":"Le Vol Astucieux est privil\u00e9gi\u00e9 pour les voitures"},"content":{"rendered":"\n<div>\n                        <img decoding=\"async\" src=\"http:\/\/www.carideal.com\/images_actualite\/volsvoiturecarjackingcarideal-1415529122.jpg\"><\/p>\n<p>Le Vol astucieux mode privil\u00e9gi\u00e9 pour les voitures<\/p>\n<\/div>\n<p> Le Vol astucieux mode privil\u00e9gi\u00e9 pour les voitures.<br \/>\nBonne nouvelle : les malfaisants pr\u00e9f\u00e9reraient d\u00e9sormais l'astuce \u00e0 la violence.<br \/>\nActuellement le vol de voitures est essentiellement devenu l'oeuvre d'experts en \u00e9lectronique et en informatique, d'apr\u00e8s les donn\u00e9es 2013 livr\u00e9es par Traqueur : les m\u00e9thodes agressives et intrusive, car-jacking et home-jacking perdent du terrain.<br \/>\nLes r\u00e9seaux organis\u00e9es se sont adapt\u00e9s et pr\u00e9f\u00e8rent d\u00e9sormais des m\u00e9thodes de vol douces qui font d'avantage appel \u00e0 l'ing\u00e9niosit\u00e9 qu'\u00e0 la brutalit\u00e9 indique Traqueur qui \u00e9quipe 250000 v\u00e9hicules en France.<br \/>\n52 % des vols constat\u00e9s par l'entreprise l'ann\u00e9e derni\u00e8re ont \u00e9t\u00e9 attribu\u00e9s \u00e0 une m\u00e9thode astucieuse et non plus violente comme aupparavant.<br \/>\nEnviron 110 000 v\u00e9hicule sont d\u00e9rob\u00e9s chaque ann\u00e9e en France.<\/p>\n","protected":false},"excerpt":{"rendered":"<p>Le Vol astucieux mode privil\u00e9gi\u00e9 pour les voitures Le Vol astucieux mode privil\u00e9gi\u00e9 pour les voitures. Bonne nouvelle : les malfaisants pr\u00e9f\u00e9reraient d\u00e9sormais l&rsquo;astuce \u00e0 la violence. Actuellement le vol de voitures est essentiellement devenu l&rsquo;oeuvre d&rsquo;experts en \u00e9lectronique et en informatique, d&rsquo;apr\u00e8s les donn\u00e9es 2013 livr\u00e9es par Traqueur : les m\u00e9thodes agressives et intrusive, &#8230; <a title=\"Le Vol Astucieux est privil\u00e9gi\u00e9 pour les voitures\" class=\"read-more\" href=\"https:\/\/www.carideal.com\/blog\/2014\/11\/08\/le-vol-astucieux-mode-privilegie-pour-les-voitures\/\" aria-label=\"En savoir plus sur Le Vol Astucieux est privil\u00e9gi\u00e9 pour les voitures\">Lire plus<\/a><\/p>\n","protected":false},"author":3,"featured_media":0,"comment_status":"open","ping_status":"open","sticky":false,"template":"","format":"standard","meta":{"_uag_custom_page_level_css":"","_themeisle_gutenberg_block_has_review":false,"footnotes":""},"categories":[21],"tags":[],"class_list":["post-5520","post","type-post","status-publish","format-standard","hentry","category-actualites-auto"],"wppr_data":[],"yoast_head":"<!-- This site is optimized with the Yoast SEO plugin v24.8.1 - https:\/\/yoast.com\/wordpress\/plugins\/seo\/ -->\n<title>Le Vol Astucieux est privil\u00e9gi\u00e9 pour les voitures - Blog auto Carid\u00e9al<\/title>\n<meta name=\"robots\" content=\"index, follow, max-snippet:-1, max-image-preview:large, max-video-preview:-1\" \/>\n<link rel=\"canonical\" href=\"https:\/\/www.carideal.com\/blog\/2014\/11\/08\/le-vol-astucieux-mode-privilegie-pour-les-voitures\/\" \/>\n<meta property=\"og:locale\" content=\"fr_FR\" \/>\n<meta property=\"og:type\" content=\"article\" \/>\n<meta property=\"og:title\" content=\"Le Vol Astucieux est privil\u00e9gi\u00e9 pour les voitures - Blog auto Carid\u00e9al\" \/>\n<meta property=\"og:description\" content=\"Le Vol astucieux mode privil\u00e9gi\u00e9 pour les voitures Le Vol astucieux mode privil\u00e9gi\u00e9 pour les voitures. Bonne nouvelle : les malfaisants pr\u00e9f\u00e9reraient d\u00e9sormais l&#039;astuce \u00e0 la violence. Actuellement le vol de voitures est essentiellement devenu l&#039;oeuvre d&#039;experts en \u00e9lectronique et en informatique, d&#039;apr\u00e8s les donn\u00e9es 2013 livr\u00e9es par Traqueur : les m\u00e9thodes agressives et intrusive, ... Lire plus\" \/>\n<meta property=\"og:url\" content=\"https:\/\/www.carideal.com\/blog\/2014\/11\/08\/le-vol-astucieux-mode-privilegie-pour-les-voitures\/\" \/>\n<meta property=\"og:site_name\" content=\"Blog auto Carid\u00e9al\" \/>\n<meta property=\"article:publisher\" content=\"https:\/\/www.facebook.com\/Carideal.mandataire.automobile\" \/>\n<meta property=\"article:author\" content=\"https:\/\/www.facebook.com\/nicolas.schiavon.39\" \/>\n<meta property=\"article:published_time\" content=\"2014-11-08T23:00:00+00:00\" \/>\n<meta property=\"article:modified_time\" content=\"2015-10-10T13:38:12+00:00\" \/>\n<meta property=\"og:image\" content=\"http:\/\/www.carideal.com\/images_actualite\/volsvoiturecarjackingcarideal-1415529122.jpg\" \/>\n<meta name=\"author\" content=\"Nicolas SCHIAVON\" \/>\n<meta name=\"twitter:card\" content=\"summary_large_image\" \/>\n<meta name=\"twitter:creator\" content=\"@caridealauto\" \/>\n<meta name=\"twitter:site\" content=\"@caridealauto\" \/>\n<meta name=\"twitter:label1\" content=\"\u00c9crit par\" \/>\n\t<meta name=\"twitter:data1\" content=\"Nicolas SCHIAVON\" \/>\n\t<meta name=\"twitter:label2\" content=\"Dur\u00e9e de lecture estim\u00e9e\" \/>\n\t<meta name=\"twitter:data2\" content=\"1 minute\" \/>\n<script type=\"application\/ld+json\" class=\"yoast-schema-graph\">{\"@context\":\"https:\/\/schema.org\",\"@graph\":[{\"@type\":\"Article\",\"@id\":\"https:\/\/www.carideal.com\/blog\/2014\/11\/08\/le-vol-astucieux-mode-privilegie-pour-les-voitures\/#article\",\"isPartOf\":{\"@id\":\"https:\/\/www.carideal.com\/blog\/2014\/11\/08\/le-vol-astucieux-mode-privilegie-pour-les-voitures\/\"},\"author\":{\"name\":\"Nicolas SCHIAVON\",\"@id\":\"https:\/\/www.carideal.com\/blog\/#\/schema\/person\/cd95dc7919660de90d31b366f85be1ec\"},\"headline\":\"Le Vol Astucieux est privil\u00e9gi\u00e9 pour les voitures\",\"datePublished\":\"2014-11-08T23:00:00+00:00\",\"dateModified\":\"2015-10-10T13:38:12+00:00\",\"mainEntityOfPage\":{\"@id\":\"https:\/\/www.carideal.com\/blog\/2014\/11\/08\/le-vol-astucieux-mode-privilegie-pour-les-voitures\/\"},\"wordCount\":149,\"commentCount\":0,\"publisher\":{\"@id\":\"https:\/\/www.carideal.com\/blog\/#organization\"},\"image\":{\"@id\":\"https:\/\/www.carideal.com\/blog\/2014\/11\/08\/le-vol-astucieux-mode-privilegie-pour-les-voitures\/#primaryimage\"},\"thumbnailUrl\":\"http:\/\/www.carideal.com\/images_actualite\/volsvoiturecarjackingcarideal-1415529122.jpg\",\"articleSection\":[\"Actualit\u00e9 automobile\"],\"inLanguage\":\"fr-FR\",\"potentialAction\":[{\"@type\":\"CommentAction\",\"name\":\"Comment\",\"target\":[\"https:\/\/www.carideal.com\/blog\/2014\/11\/08\/le-vol-astucieux-mode-privilegie-pour-les-voitures\/#respond\"]}]},{\"@type\":\"WebPage\",\"@id\":\"https:\/\/www.carideal.com\/blog\/2014\/11\/08\/le-vol-astucieux-mode-privilegie-pour-les-voitures\/\",\"url\":\"https:\/\/www.carideal.com\/blog\/2014\/11\/08\/le-vol-astucieux-mode-privilegie-pour-les-voitures\/\",\"name\":\"Le Vol Astucieux est privil\u00e9gi\u00e9 pour les voitures - Blog auto Carid\u00e9al\",\"isPartOf\":{\"@id\":\"https:\/\/www.carideal.com\/blog\/#website\"},\"primaryImageOfPage\":{\"@id\":\"https:\/\/www.carideal.com\/blog\/2014\/11\/08\/le-vol-astucieux-mode-privilegie-pour-les-voitures\/#primaryimage\"},\"image\":{\"@id\":\"https:\/\/www.carideal.com\/blog\/2014\/11\/08\/le-vol-astucieux-mode-privilegie-pour-les-voitures\/#primaryimage\"},\"thumbnailUrl\":\"http:\/\/www.carideal.com\/images_actualite\/volsvoiturecarjackingcarideal-1415529122.jpg\",\"datePublished\":\"2014-11-08T23:00:00+00:00\",\"dateModified\":\"2015-10-10T13:38:12+00:00\",\"breadcrumb\":{\"@id\":\"https:\/\/www.carideal.com\/blog\/2014\/11\/08\/le-vol-astucieux-mode-privilegie-pour-les-voitures\/#breadcrumb\"},\"inLanguage\":\"fr-FR\",\"potentialAction\":[{\"@type\":\"ReadAction\",\"target\":[\"https:\/\/www.carideal.com\/blog\/2014\/11\/08\/le-vol-astucieux-mode-privilegie-pour-les-voitures\/\"]}]},{\"@type\":\"ImageObject\",\"inLanguage\":\"fr-FR\",\"@id\":\"https:\/\/www.carideal.com\/blog\/2014\/11\/08\/le-vol-astucieux-mode-privilegie-pour-les-voitures\/#primaryimage\",\"url\":\"http:\/\/www.carideal.com\/images_actualite\/volsvoiturecarjackingcarideal-1415529122.jpg\",\"contentUrl\":\"http:\/\/www.carideal.com\/images_actualite\/volsvoiturecarjackingcarideal-1415529122.jpg\"},{\"@type\":\"BreadcrumbList\",\"@id\":\"https:\/\/www.carideal.com\/blog\/2014\/11\/08\/le-vol-astucieux-mode-privilegie-pour-les-voitures\/#breadcrumb\",\"itemListElement\":[{\"@type\":\"ListItem\",\"position\":1,\"name\":\"Blog Carid\u00e9al\",\"item\":\"https:\/\/www.carideal.com\/blog\/\"},{\"@type\":\"ListItem\",\"position\":2,\"name\":\"Actualit\u00e9 automobile\",\"item\":\"https:\/\/www.carideal.com\/blog\/actualites-auto\/\"},{\"@type\":\"ListItem\",\"position\":3,\"name\":\"Le Vol Astucieux est privil\u00e9gi\u00e9 pour les voitures\"}]},{\"@type\":\"WebSite\",\"@id\":\"https:\/\/www.carideal.com\/blog\/#website\",\"url\":\"https:\/\/www.carideal.com\/blog\/\",\"name\":\"Blog auto Carid\u00e9al\",\"description\":\"Actualit\u00e9 auto par des passionn\u00e9s\",\"publisher\":{\"@id\":\"https:\/\/www.carideal.com\/blog\/#organization\"},\"potentialAction\":[{\"@type\":\"SearchAction\",\"target\":{\"@type\":\"EntryPoint\",\"urlTemplate\":\"https:\/\/www.carideal.com\/blog\/?s={search_term_string}\"},\"query-input\":{\"@type\":\"PropertyValueSpecification\",\"valueRequired\":true,\"valueName\":\"search_term_string\"}}],\"inLanguage\":\"fr-FR\"},{\"@type\":\"Organization\",\"@id\":\"https:\/\/www.carideal.com\/blog\/#organization\",\"name\":\"Carideal\",\"url\":\"https:\/\/www.carideal.com\/blog\/\",\"logo\":{\"@type\":\"ImageObject\",\"inLanguage\":\"fr-FR\",\"@id\":\"https:\/\/www.carideal.com\/blog\/#\/schema\/logo\/image\/\",\"url\":\"http:\/\/www.carideal.com\/blog\/wp-content\/uploads\/2016\/03\/logo-carideal-mandataire-automobile.png\",\"contentUrl\":\"http:\/\/www.carideal.com\/blog\/wp-content\/uploads\/2016\/03\/logo-carideal-mandataire-automobile.png\",\"width\":300,\"height\":300,\"caption\":\"Carideal\"},\"image\":{\"@id\":\"https:\/\/www.carideal.com\/blog\/#\/schema\/logo\/image\/\"},\"sameAs\":[\"https:\/\/www.facebook.com\/Carideal.mandataire.automobile\",\"https:\/\/x.com\/caridealauto\",\"https:\/\/www.instagram.com\/carideal1\/\",\"https:\/\/www.linkedin.com\/company\/carideal.com\",\"https:\/\/fr.pinterest.com\/schiavonsas\/\",\"https:\/\/www.youtube.com\/user\/caridealsas\"]},{\"@type\":\"Person\",\"@id\":\"https:\/\/www.carideal.com\/blog\/#\/schema\/person\/cd95dc7919660de90d31b366f85be1ec\",\"name\":\"Nicolas SCHIAVON\",\"image\":{\"@type\":\"ImageObject\",\"inLanguage\":\"fr-FR\",\"@id\":\"https:\/\/www.carideal.com\/blog\/#\/schema\/person\/image\/\",\"url\":\"https:\/\/secure.gravatar.com\/avatar\/c17e55009e671d92cc7f5dc837dc418a?s=96&r=g\",\"contentUrl\":\"https:\/\/secure.gravatar.com\/avatar\/c17e55009e671d92cc7f5dc837dc418a?s=96&r=g\",\"caption\":\"Nicolas SCHIAVON\"},\"description\":\"Nicolas Schiavon est tomb\u00e9 tout petit dans la marmite automobile. Ayant eu un garage de marque automobile, mandataire automobile de la premi\u00e8re heure d\u00e8s 1999. Nicolas a cr\u00e9\u00e9 ces premiers sites de vente de voiture et blog automobile d\u00e8s 1994. Carideal est n\u00e9 le 15 d\u00e9cembre 2000 de la volont\u00e9 de vendre des voitures d'occasions en ligne puis des voitures neuves. Il a pu essayer beaucoup de voitures tr\u00e8s diff\u00e9rentes et ayant eu personnellement quelques belles autos, Subaru Impreza, Mitsubishi Lancer Evo 7, Porsche 911, Ferrari Testarrossa, Audi RS3, RS4 et j'en passe...\",\"sameAs\":[\"http:\/\/www.carideal.com\",\"https:\/\/www.facebook.com\/nicolas.schiavon.39\",\"https:\/\/www.instagram.com\/carideal1\/\",\"https:\/\/www.linkedin.com\/in\/nschiavon\/\",\"https:\/\/x.com\/caridealauto\",\"https:\/\/www.youtube.com\/user\/caridealsas\/\"],\"url\":\"https:\/\/www.carideal.com\/blog\/author\/nschiavon\/\"}]}<\/script>\n<!-- \/ Yoast SEO plugin. -->","yoast_head_json":{"title":"Le Vol Astucieux est privil\u00e9gi\u00e9 pour les voitures - Blog auto Carid\u00e9al","robots":{"index":"index","follow":"follow","max-snippet":"max-snippet:-1","max-image-preview":"max-image-preview:large","max-video-preview":"max-video-preview:-1"},"canonical":"https:\/\/www.carideal.com\/blog\/2014\/11\/08\/le-vol-astucieux-mode-privilegie-pour-les-voitures\/","og_locale":"fr_FR","og_type":"article","og_title":"Le Vol Astucieux est privil\u00e9gi\u00e9 pour les voitures - Blog auto Carid\u00e9al","og_description":"Le Vol astucieux mode privil\u00e9gi\u00e9 pour les voitures Le Vol astucieux mode privil\u00e9gi\u00e9 pour les voitures. Bonne nouvelle : les malfaisants pr\u00e9f\u00e9reraient d\u00e9sormais l'astuce \u00e0 la violence. Actuellement le vol de voitures est essentiellement devenu l'oeuvre d'experts en \u00e9lectronique et en informatique, d'apr\u00e8s les donn\u00e9es 2013 livr\u00e9es par Traqueur : les m\u00e9thodes agressives et intrusive, ... Lire plus","og_url":"https:\/\/www.carideal.com\/blog\/2014\/11\/08\/le-vol-astucieux-mode-privilegie-pour-les-voitures\/","og_site_name":"Blog auto Carid\u00e9al","article_publisher":"https:\/\/www.facebook.com\/Carideal.mandataire.automobile","article_author":"https:\/\/www.facebook.com\/nicolas.schiavon.39","article_published_time":"2014-11-08T23:00:00+00:00","article_modified_time":"2015-10-10T13:38:12+00:00","og_image":[{"url":"http:\/\/www.carideal.com\/images_actualite\/volsvoiturecarjackingcarideal-1415529122.jpg","type":"","width":"","height":""}],"author":"Nicolas SCHIAVON","twitter_card":"summary_large_image","twitter_creator":"@caridealauto","twitter_site":"@caridealauto","twitter_misc":{"\u00c9crit par":"Nicolas SCHIAVON","Dur\u00e9e de lecture estim\u00e9e":"1 minute"},"schema":{"@context":"https:\/\/schema.org","@graph":[{"@type":"Article","@id":"https:\/\/www.carideal.com\/blog\/2014\/11\/08\/le-vol-astucieux-mode-privilegie-pour-les-voitures\/#article","isPartOf":{"@id":"https:\/\/www.carideal.com\/blog\/2014\/11\/08\/le-vol-astucieux-mode-privilegie-pour-les-voitures\/"},"author":{"name":"Nicolas SCHIAVON","@id":"https:\/\/www.carideal.com\/blog\/#\/schema\/person\/cd95dc7919660de90d31b366f85be1ec"},"headline":"Le Vol Astucieux est privil\u00e9gi\u00e9 pour les voitures","datePublished":"2014-11-08T23:00:00+00:00","dateModified":"2015-10-10T13:38:12+00:00","mainEntityOfPage":{"@id":"https:\/\/www.carideal.com\/blog\/2014\/11\/08\/le-vol-astucieux-mode-privilegie-pour-les-voitures\/"},"wordCount":149,"commentCount":0,"publisher":{"@id":"https:\/\/www.carideal.com\/blog\/#organization"},"image":{"@id":"https:\/\/www.carideal.com\/blog\/2014\/11\/08\/le-vol-astucieux-mode-privilegie-pour-les-voitures\/#primaryimage"},"thumbnailUrl":"http:\/\/www.carideal.com\/images_actualite\/volsvoiturecarjackingcarideal-1415529122.jpg","articleSection":["Actualit\u00e9 automobile"],"inLanguage":"fr-FR","potentialAction":[{"@type":"CommentAction","name":"Comment","target":["https:\/\/www.carideal.com\/blog\/2014\/11\/08\/le-vol-astucieux-mode-privilegie-pour-les-voitures\/#respond"]}]},{"@type":"WebPage","@id":"https:\/\/www.carideal.com\/blog\/2014\/11\/08\/le-vol-astucieux-mode-privilegie-pour-les-voitures\/","url":"https:\/\/www.carideal.com\/blog\/2014\/11\/08\/le-vol-astucieux-mode-privilegie-pour-les-voitures\/","name":"Le Vol Astucieux est privil\u00e9gi\u00e9 pour les voitures - Blog auto Carid\u00e9al","isPartOf":{"@id":"https:\/\/www.carideal.com\/blog\/#website"},"primaryImageOfPage":{"@id":"https:\/\/www.carideal.com\/blog\/2014\/11\/08\/le-vol-astucieux-mode-privilegie-pour-les-voitures\/#primaryimage"},"image":{"@id":"https:\/\/www.carideal.com\/blog\/2014\/11\/08\/le-vol-astucieux-mode-privilegie-pour-les-voitures\/#primaryimage"},"thumbnailUrl":"http:\/\/www.carideal.com\/images_actualite\/volsvoiturecarjackingcarideal-1415529122.jpg","datePublished":"2014-11-08T23:00:00+00:00","dateModified":"2015-10-10T13:38:12+00:00","breadcrumb":{"@id":"https:\/\/www.carideal.com\/blog\/2014\/11\/08\/le-vol-astucieux-mode-privilegie-pour-les-voitures\/#breadcrumb"},"inLanguage":"fr-FR","potentialAction":[{"@type":"ReadAction","target":["https:\/\/www.carideal.com\/blog\/2014\/11\/08\/le-vol-astucieux-mode-privilegie-pour-les-voitures\/"]}]},{"@type":"ImageObject","inLanguage":"fr-FR","@id":"https:\/\/www.carideal.com\/blog\/2014\/11\/08\/le-vol-astucieux-mode-privilegie-pour-les-voitures\/#primaryimage","url":"http:\/\/www.carideal.com\/images_actualite\/volsvoiturecarjackingcarideal-1415529122.jpg","contentUrl":"http:\/\/www.carideal.com\/images_actualite\/volsvoiturecarjackingcarideal-1415529122.jpg"},{"@type":"BreadcrumbList","@id":"https:\/\/www.carideal.com\/blog\/2014\/11\/08\/le-vol-astucieux-mode-privilegie-pour-les-voitures\/#breadcrumb","itemListElement":[{"@type":"ListItem","position":1,"name":"Blog Carid\u00e9al","item":"https:\/\/www.carideal.com\/blog\/"},{"@type":"ListItem","position":2,"name":"Actualit\u00e9 automobile","item":"https:\/\/www.carideal.com\/blog\/actualites-auto\/"},{"@type":"ListItem","position":3,"name":"Le Vol Astucieux est privil\u00e9gi\u00e9 pour les voitures"}]},{"@type":"WebSite","@id":"https:\/\/www.carideal.com\/blog\/#website","url":"https:\/\/www.carideal.com\/blog\/","name":"Blog auto Carid\u00e9al","description":"Actualit\u00e9 auto par des passionn\u00e9s","publisher":{"@id":"https:\/\/www.carideal.com\/blog\/#organization"},"potentialAction":[{"@type":"SearchAction","target":{"@type":"EntryPoint","urlTemplate":"https:\/\/www.carideal.com\/blog\/?s={search_term_string}"},"query-input":{"@type":"PropertyValueSpecification","valueRequired":true,"valueName":"search_term_string"}}],"inLanguage":"fr-FR"},{"@type":"Organization","@id":"https:\/\/www.carideal.com\/blog\/#organization","name":"Carideal","url":"https:\/\/www.carideal.com\/blog\/","logo":{"@type":"ImageObject","inLanguage":"fr-FR","@id":"https:\/\/www.carideal.com\/blog\/#\/schema\/logo\/image\/","url":"http:\/\/www.carideal.com\/blog\/wp-content\/uploads\/2016\/03\/logo-carideal-mandataire-automobile.png","contentUrl":"http:\/\/www.carideal.com\/blog\/wp-content\/uploads\/2016\/03\/logo-carideal-mandataire-automobile.png","width":300,"height":300,"caption":"Carideal"},"image":{"@id":"https:\/\/www.carideal.com\/blog\/#\/schema\/logo\/image\/"},"sameAs":["https:\/\/www.facebook.com\/Carideal.mandataire.automobile","https:\/\/x.com\/caridealauto","https:\/\/www.instagram.com\/carideal1\/","https:\/\/www.linkedin.com\/company\/carideal.com","https:\/\/fr.pinterest.com\/schiavonsas\/","https:\/\/www.youtube.com\/user\/caridealsas"]},{"@type":"Person","@id":"https:\/\/www.carideal.com\/blog\/#\/schema\/person\/cd95dc7919660de90d31b366f85be1ec","name":"Nicolas SCHIAVON","image":{"@type":"ImageObject","inLanguage":"fr-FR","@id":"https:\/\/www.carideal.com\/blog\/#\/schema\/person\/image\/","url":"https:\/\/secure.gravatar.com\/avatar\/c17e55009e671d92cc7f5dc837dc418a?s=96&r=g","contentUrl":"https:\/\/secure.gravatar.com\/avatar\/c17e55009e671d92cc7f5dc837dc418a?s=96&r=g","caption":"Nicolas SCHIAVON"},"description":"Nicolas Schiavon est tomb\u00e9 tout petit dans la marmite automobile. Ayant eu un garage de marque automobile, mandataire automobile de la premi\u00e8re heure d\u00e8s 1999. Nicolas a cr\u00e9\u00e9 ces premiers sites de vente de voiture et blog automobile d\u00e8s 1994. Carideal est n\u00e9 le 15 d\u00e9cembre 2000 de la volont\u00e9 de vendre des voitures d'occasions en ligne puis des voitures neuves. Il a pu essayer beaucoup de voitures tr\u00e8s diff\u00e9rentes et ayant eu personnellement quelques belles autos, Subaru Impreza, Mitsubishi Lancer Evo 7, Porsche 911, Ferrari Testarrossa, Audi RS3, RS4 et j'en passe...","sameAs":["http:\/\/www.carideal.com","https:\/\/www.facebook.com\/nicolas.schiavon.39","https:\/\/www.instagram.com\/carideal1\/","https:\/\/www.linkedin.com\/in\/nschiavon\/","https:\/\/x.com\/caridealauto","https:\/\/www.youtube.com\/user\/caridealsas\/"],"url":"https:\/\/www.carideal.com\/blog\/author\/nschiavon\/"}]}},"uagb_featured_image_src":{"full":false,"thumbnail":false,"medium":false,"medium_large":false,"large":false,"1536x1536":false,"2048x2048":false,"wppr-widget":false},"uagb_author_info":{"display_name":"Nicolas SCHIAVON","author_link":"https:\/\/www.carideal.com\/blog\/author\/nschiavon\/"},"uagb_comment_info":0,"uagb_excerpt":"Le Vol astucieux mode privil\u00e9gi\u00e9 pour les voitures Le Vol astucieux mode privil\u00e9gi\u00e9 pour les voitures. Bonne nouvelle : les malfaisants pr\u00e9f\u00e9reraient d\u00e9sormais l'astuce \u00e0 la violence. Actuellement le vol de voitures est essentiellement devenu l'oeuvre d'experts en \u00e9lectronique et en informatique, d'apr\u00e8s les donn\u00e9es 2013 livr\u00e9es par Traqueur : les m\u00e9thodes agressives et intrusive,\u2026","_links":{"self":[{"href":"https:\/\/www.carideal.com\/blog\/wp-json\/wp\/v2\/posts\/5520"}],"collection":[{"href":"https:\/\/www.carideal.com\/blog\/wp-json\/wp\/v2\/posts"}],"about":[{"href":"https:\/\/www.carideal.com\/blog\/wp-json\/wp\/v2\/types\/post"}],"author":[{"embeddable":true,"href":"https:\/\/www.carideal.com\/blog\/wp-json\/wp\/v2\/users\/3"}],"replies":[{"embeddable":true,"href":"https:\/\/www.carideal.com\/blog\/wp-json\/wp\/v2\/comments?post=5520"}],"version-history":[{"count":0,"href":"https:\/\/www.carideal.com\/blog\/wp-json\/wp\/v2\/posts\/5520\/revisions"}],"wp:attachment":[{"href":"https:\/\/www.carideal.com\/blog\/wp-json\/wp\/v2\/media?parent=5520"}],"wp:term":[{"taxonomy":"category","embeddable":true,"href":"https:\/\/www.carideal.com\/blog\/wp-json\/wp\/v2\/categories?post=5520"},{"taxonomy":"post_tag","embeddable":true,"href":"https:\/\/www.carideal.com\/blog\/wp-json\/wp\/v2\/tags?post=5520"}],"curies":[{"name":"wp","href":"https:\/\/api.w.org\/{rel}","templated":true}]}}