{"id":5518,"date":"2014-10-30T23:00:00","date_gmt":"2014-10-30T23:00:00","guid":{"rendered":"http:\/\/www.carideal.com\/blog\/2014\/10\/30\/le-diesel-est-en-perte-de-vitesse\/"},"modified":"2014-10-30T23:00:00","modified_gmt":"2014-10-30T23:00:00","slug":"le-diesel-est-en-perte-de-vitesse","status":"publish","type":"post","link":"https:\/\/www.carideal.com\/blog\/2014\/10\/30\/le-diesel-est-en-perte-de-vitesse\/","title":{"rendered":"le diesel est en perte de vitesse"},"content":{"rendered":"<div>\n                        <img decoding=\"async\" src=\"http:\/\/www.carideal.com\/images_actualite\/voituredieselcaridealmandataireautomobile-1414747070.jpg\"><\/p>\n<p>Le diesel est en perte de vitesse<\/p>\n<\/div>\n<p> Le Diesel est en perte de vitesse dans les immatriculations de v\u00e9hicules neufs, cela a commenc\u00e9 il y a un an d\u00e9j\u00e0.<br \/>\nSur les six premiers mois de l'ann\u00e9e,49,7 % des ventes de polyvalentes ont \u00e9t\u00e9 le fait d'une essence, pour 47% de de diesel. Un an plus t\u00f4t le diesel repr\u00e9sentait encore 55 % des immatriculations, et l'essence 41,6 %... L'explication tient essentiellement \u00e0 deux mod\u00e8les, les Peugeot 208 et Renault Clio. La petite Peugeot a \u00e9t\u00e9 distribu\u00e9e \u00e0 53,5% en diesel au premier semestre (contre 62,3% en 2013),<br \/>\ntandis que sa rivale se vend encore avec un moteur \u00e0 gazole \u00e0 hauteur de 58% (67% auparavant).<br \/>\nDe plus, le diesel est quasiment \u00e9radiqu\u00e9 du segment des citadines o\u00f9 les ventes sont d\u00e9sormais \u00e0 94,1 % le fait d'une essence. Sur ce segment B1 ,seul Flat continue de proposer des moteurs diesels pour ses 500 et Panda. A.M.<\/p>\n<p>Un autre constat s'impose: le diesel n'est plus la motorisation majoritaire au sein des polyvalentes, soit le segment qui r\u00e9alise le plus d'immatriculations en France! <\/p>\n","protected":false},"excerpt":{"rendered":"<p>Le diesel est en perte de vitesse Le Diesel est en perte de vitesse dans les immatriculations de v\u00e9hicules neufs, cela a commenc\u00e9 il y a un an d\u00e9j\u00e0. Sur les six premiers mois de l&rsquo;ann\u00e9e,49,7 % des ventes de polyvalentes ont \u00e9t\u00e9 le fait d&rsquo;une essence, pour 47% de de diesel. Un an plus &#8230; <a title=\"le diesel est en perte de vitesse\" class=\"read-more\" href=\"https:\/\/www.carideal.com\/blog\/2014\/10\/30\/le-diesel-est-en-perte-de-vitesse\/\" aria-label=\"En savoir plus sur le diesel est en perte de vitesse\">Lire plus<\/a><\/p>\n","protected":false},"author":3,"featured_media":0,"comment_status":"open","ping_status":"open","sticky":false,"template":"","format":"standard","meta":{"_uag_custom_page_level_css":"","_themeisle_gutenberg_block_has_review":false,"footnotes":""},"categories":[21],"tags":[],"class_list":["post-5518","post","type-post","status-publish","format-standard","hentry","category-actualites-auto"],"wppr_data":[],"yoast_head":"<!-- This site is optimized with the Yoast SEO plugin v24.8.1 - https:\/\/yoast.com\/wordpress\/plugins\/seo\/ -->\n<title>le diesel est en perte de vitesse - Blog auto Carid\u00e9al<\/title>\n<meta name=\"robots\" content=\"index, follow, max-snippet:-1, max-image-preview:large, max-video-preview:-1\" \/>\n<link rel=\"canonical\" href=\"https:\/\/www.carideal.com\/blog\/2014\/10\/30\/le-diesel-est-en-perte-de-vitesse\/\" \/>\n<meta property=\"og:locale\" content=\"fr_FR\" \/>\n<meta property=\"og:type\" content=\"article\" \/>\n<meta property=\"og:title\" content=\"le diesel est en perte de vitesse - Blog auto Carid\u00e9al\" \/>\n<meta property=\"og:description\" content=\"Le diesel est en perte de vitesse Le Diesel est en perte de vitesse dans les immatriculations de v\u00e9hicules neufs, cela a commenc\u00e9 il y a un an d\u00e9j\u00e0. Sur les six premiers mois de l&#039;ann\u00e9e,49,7 % des ventes de polyvalentes ont \u00e9t\u00e9 le fait d&#039;une essence, pour 47% de de diesel. Un an plus ... Lire plus\" \/>\n<meta property=\"og:url\" content=\"https:\/\/www.carideal.com\/blog\/2014\/10\/30\/le-diesel-est-en-perte-de-vitesse\/\" \/>\n<meta property=\"og:site_name\" content=\"Blog auto Carid\u00e9al\" \/>\n<meta property=\"article:publisher\" content=\"https:\/\/www.facebook.com\/Carideal.mandataire.automobile\" \/>\n<meta property=\"article:author\" content=\"https:\/\/www.facebook.com\/nicolas.schiavon.39\" \/>\n<meta property=\"article:published_time\" content=\"2014-10-30T23:00:00+00:00\" \/>\n<meta property=\"og:image\" content=\"http:\/\/www.carideal.com\/images_actualite\/voituredieselcaridealmandataireautomobile-1414747070.jpg\" \/>\n<meta name=\"author\" content=\"Nicolas SCHIAVON\" \/>\n<meta name=\"twitter:card\" content=\"summary_large_image\" \/>\n<meta name=\"twitter:creator\" content=\"@caridealauto\" \/>\n<meta name=\"twitter:site\" content=\"@caridealauto\" \/>\n<meta name=\"twitter:label1\" content=\"\u00c9crit par\" \/>\n\t<meta name=\"twitter:data1\" content=\"Nicolas SCHIAVON\" \/>\n\t<meta name=\"twitter:label2\" content=\"Dur\u00e9e de lecture estim\u00e9e\" \/>\n\t<meta name=\"twitter:data2\" content=\"1 minute\" \/>\n<script type=\"application\/ld+json\" class=\"yoast-schema-graph\">{\"@context\":\"https:\/\/schema.org\",\"@graph\":[{\"@type\":\"Article\",\"@id\":\"https:\/\/www.carideal.com\/blog\/2014\/10\/30\/le-diesel-est-en-perte-de-vitesse\/#article\",\"isPartOf\":{\"@id\":\"https:\/\/www.carideal.com\/blog\/2014\/10\/30\/le-diesel-est-en-perte-de-vitesse\/\"},\"author\":{\"name\":\"Nicolas SCHIAVON\",\"@id\":\"https:\/\/www.carideal.com\/blog\/#\/schema\/person\/cd95dc7919660de90d31b366f85be1ec\"},\"headline\":\"le diesel est en perte de vitesse\",\"datePublished\":\"2014-10-30T23:00:00+00:00\",\"mainEntityOfPage\":{\"@id\":\"https:\/\/www.carideal.com\/blog\/2014\/10\/30\/le-diesel-est-en-perte-de-vitesse\/\"},\"wordCount\":178,\"commentCount\":0,\"publisher\":{\"@id\":\"https:\/\/www.carideal.com\/blog\/#organization\"},\"image\":{\"@id\":\"https:\/\/www.carideal.com\/blog\/2014\/10\/30\/le-diesel-est-en-perte-de-vitesse\/#primaryimage\"},\"thumbnailUrl\":\"http:\/\/www.carideal.com\/images_actualite\/voituredieselcaridealmandataireautomobile-1414747070.jpg\",\"articleSection\":[\"Actualit\u00e9 automobile\"],\"inLanguage\":\"fr-FR\",\"potentialAction\":[{\"@type\":\"CommentAction\",\"name\":\"Comment\",\"target\":[\"https:\/\/www.carideal.com\/blog\/2014\/10\/30\/le-diesel-est-en-perte-de-vitesse\/#respond\"]}]},{\"@type\":\"WebPage\",\"@id\":\"https:\/\/www.carideal.com\/blog\/2014\/10\/30\/le-diesel-est-en-perte-de-vitesse\/\",\"url\":\"https:\/\/www.carideal.com\/blog\/2014\/10\/30\/le-diesel-est-en-perte-de-vitesse\/\",\"name\":\"le diesel est en perte de vitesse - Blog auto Carid\u00e9al\",\"isPartOf\":{\"@id\":\"https:\/\/www.carideal.com\/blog\/#website\"},\"primaryImageOfPage\":{\"@id\":\"https:\/\/www.carideal.com\/blog\/2014\/10\/30\/le-diesel-est-en-perte-de-vitesse\/#primaryimage\"},\"image\":{\"@id\":\"https:\/\/www.carideal.com\/blog\/2014\/10\/30\/le-diesel-est-en-perte-de-vitesse\/#primaryimage\"},\"thumbnailUrl\":\"http:\/\/www.carideal.com\/images_actualite\/voituredieselcaridealmandataireautomobile-1414747070.jpg\",\"datePublished\":\"2014-10-30T23:00:00+00:00\",\"breadcrumb\":{\"@id\":\"https:\/\/www.carideal.com\/blog\/2014\/10\/30\/le-diesel-est-en-perte-de-vitesse\/#breadcrumb\"},\"inLanguage\":\"fr-FR\",\"potentialAction\":[{\"@type\":\"ReadAction\",\"target\":[\"https:\/\/www.carideal.com\/blog\/2014\/10\/30\/le-diesel-est-en-perte-de-vitesse\/\"]}]},{\"@type\":\"ImageObject\",\"inLanguage\":\"fr-FR\",\"@id\":\"https:\/\/www.carideal.com\/blog\/2014\/10\/30\/le-diesel-est-en-perte-de-vitesse\/#primaryimage\",\"url\":\"http:\/\/www.carideal.com\/images_actualite\/voituredieselcaridealmandataireautomobile-1414747070.jpg\",\"contentUrl\":\"http:\/\/www.carideal.com\/images_actualite\/voituredieselcaridealmandataireautomobile-1414747070.jpg\"},{\"@type\":\"BreadcrumbList\",\"@id\":\"https:\/\/www.carideal.com\/blog\/2014\/10\/30\/le-diesel-est-en-perte-de-vitesse\/#breadcrumb\",\"itemListElement\":[{\"@type\":\"ListItem\",\"position\":1,\"name\":\"Blog Carid\u00e9al\",\"item\":\"https:\/\/www.carideal.com\/blog\/\"},{\"@type\":\"ListItem\",\"position\":2,\"name\":\"Actualit\u00e9 automobile\",\"item\":\"https:\/\/www.carideal.com\/blog\/actualites-auto\/\"},{\"@type\":\"ListItem\",\"position\":3,\"name\":\"le diesel est en perte de vitesse\"}]},{\"@type\":\"WebSite\",\"@id\":\"https:\/\/www.carideal.com\/blog\/#website\",\"url\":\"https:\/\/www.carideal.com\/blog\/\",\"name\":\"Blog auto Carid\u00e9al\",\"description\":\"Actualit\u00e9 auto par des passionn\u00e9s\",\"publisher\":{\"@id\":\"https:\/\/www.carideal.com\/blog\/#organization\"},\"potentialAction\":[{\"@type\":\"SearchAction\",\"target\":{\"@type\":\"EntryPoint\",\"urlTemplate\":\"https:\/\/www.carideal.com\/blog\/?s={search_term_string}\"},\"query-input\":{\"@type\":\"PropertyValueSpecification\",\"valueRequired\":true,\"valueName\":\"search_term_string\"}}],\"inLanguage\":\"fr-FR\"},{\"@type\":\"Organization\",\"@id\":\"https:\/\/www.carideal.com\/blog\/#organization\",\"name\":\"Carideal\",\"url\":\"https:\/\/www.carideal.com\/blog\/\",\"logo\":{\"@type\":\"ImageObject\",\"inLanguage\":\"fr-FR\",\"@id\":\"https:\/\/www.carideal.com\/blog\/#\/schema\/logo\/image\/\",\"url\":\"http:\/\/www.carideal.com\/blog\/wp-content\/uploads\/2016\/03\/logo-carideal-mandataire-automobile.png\",\"contentUrl\":\"http:\/\/www.carideal.com\/blog\/wp-content\/uploads\/2016\/03\/logo-carideal-mandataire-automobile.png\",\"width\":300,\"height\":300,\"caption\":\"Carideal\"},\"image\":{\"@id\":\"https:\/\/www.carideal.com\/blog\/#\/schema\/logo\/image\/\"},\"sameAs\":[\"https:\/\/www.facebook.com\/Carideal.mandataire.automobile\",\"https:\/\/x.com\/caridealauto\",\"https:\/\/www.instagram.com\/carideal1\/\",\"https:\/\/www.linkedin.com\/company\/carideal.com\",\"https:\/\/fr.pinterest.com\/schiavonsas\/\",\"https:\/\/www.youtube.com\/user\/caridealsas\"]},{\"@type\":\"Person\",\"@id\":\"https:\/\/www.carideal.com\/blog\/#\/schema\/person\/cd95dc7919660de90d31b366f85be1ec\",\"name\":\"Nicolas SCHIAVON\",\"image\":{\"@type\":\"ImageObject\",\"inLanguage\":\"fr-FR\",\"@id\":\"https:\/\/www.carideal.com\/blog\/#\/schema\/person\/image\/\",\"url\":\"https:\/\/secure.gravatar.com\/avatar\/c17e55009e671d92cc7f5dc837dc418a?s=96&r=g\",\"contentUrl\":\"https:\/\/secure.gravatar.com\/avatar\/c17e55009e671d92cc7f5dc837dc418a?s=96&r=g\",\"caption\":\"Nicolas SCHIAVON\"},\"description\":\"Nicolas Schiavon est tomb\u00e9 tout petit dans la marmite automobile. Ayant eu un garage de marque automobile, mandataire automobile de la premi\u00e8re heure d\u00e8s 1999. Nicolas a cr\u00e9\u00e9 ces premiers sites de vente de voiture et blog automobile d\u00e8s 1994. Carideal est n\u00e9 le 15 d\u00e9cembre 2000 de la volont\u00e9 de vendre des voitures d'occasions en ligne puis des voitures neuves. Il a pu essayer beaucoup de voitures tr\u00e8s diff\u00e9rentes et ayant eu personnellement quelques belles autos, Subaru Impreza, Mitsubishi Lancer Evo 7, Porsche 911, Ferrari Testarrossa, Audi RS3, RS4 et j'en passe...\",\"sameAs\":[\"http:\/\/www.carideal.com\",\"https:\/\/www.facebook.com\/nicolas.schiavon.39\",\"https:\/\/www.instagram.com\/carideal1\/\",\"https:\/\/www.linkedin.com\/in\/nschiavon\/\",\"https:\/\/x.com\/caridealauto\",\"https:\/\/www.youtube.com\/user\/caridealsas\/\"],\"url\":\"https:\/\/www.carideal.com\/blog\/author\/nschiavon\/\"}]}<\/script>\n<!-- \/ Yoast SEO plugin. -->","yoast_head_json":{"title":"le diesel est en perte de vitesse - Blog auto Carid\u00e9al","robots":{"index":"index","follow":"follow","max-snippet":"max-snippet:-1","max-image-preview":"max-image-preview:large","max-video-preview":"max-video-preview:-1"},"canonical":"https:\/\/www.carideal.com\/blog\/2014\/10\/30\/le-diesel-est-en-perte-de-vitesse\/","og_locale":"fr_FR","og_type":"article","og_title":"le diesel est en perte de vitesse - Blog auto Carid\u00e9al","og_description":"Le diesel est en perte de vitesse Le Diesel est en perte de vitesse dans les immatriculations de v\u00e9hicules neufs, cela a commenc\u00e9 il y a un an d\u00e9j\u00e0. Sur les six premiers mois de l'ann\u00e9e,49,7 % des ventes de polyvalentes ont \u00e9t\u00e9 le fait d'une essence, pour 47% de de diesel. Un an plus ... Lire plus","og_url":"https:\/\/www.carideal.com\/blog\/2014\/10\/30\/le-diesel-est-en-perte-de-vitesse\/","og_site_name":"Blog auto Carid\u00e9al","article_publisher":"https:\/\/www.facebook.com\/Carideal.mandataire.automobile","article_author":"https:\/\/www.facebook.com\/nicolas.schiavon.39","article_published_time":"2014-10-30T23:00:00+00:00","og_image":[{"url":"http:\/\/www.carideal.com\/images_actualite\/voituredieselcaridealmandataireautomobile-1414747070.jpg","type":"","width":"","height":""}],"author":"Nicolas SCHIAVON","twitter_card":"summary_large_image","twitter_creator":"@caridealauto","twitter_site":"@caridealauto","twitter_misc":{"\u00c9crit par":"Nicolas SCHIAVON","Dur\u00e9e de lecture estim\u00e9e":"1 minute"},"schema":{"@context":"https:\/\/schema.org","@graph":[{"@type":"Article","@id":"https:\/\/www.carideal.com\/blog\/2014\/10\/30\/le-diesel-est-en-perte-de-vitesse\/#article","isPartOf":{"@id":"https:\/\/www.carideal.com\/blog\/2014\/10\/30\/le-diesel-est-en-perte-de-vitesse\/"},"author":{"name":"Nicolas SCHIAVON","@id":"https:\/\/www.carideal.com\/blog\/#\/schema\/person\/cd95dc7919660de90d31b366f85be1ec"},"headline":"le diesel est en perte de vitesse","datePublished":"2014-10-30T23:00:00+00:00","mainEntityOfPage":{"@id":"https:\/\/www.carideal.com\/blog\/2014\/10\/30\/le-diesel-est-en-perte-de-vitesse\/"},"wordCount":178,"commentCount":0,"publisher":{"@id":"https:\/\/www.carideal.com\/blog\/#organization"},"image":{"@id":"https:\/\/www.carideal.com\/blog\/2014\/10\/30\/le-diesel-est-en-perte-de-vitesse\/#primaryimage"},"thumbnailUrl":"http:\/\/www.carideal.com\/images_actualite\/voituredieselcaridealmandataireautomobile-1414747070.jpg","articleSection":["Actualit\u00e9 automobile"],"inLanguage":"fr-FR","potentialAction":[{"@type":"CommentAction","name":"Comment","target":["https:\/\/www.carideal.com\/blog\/2014\/10\/30\/le-diesel-est-en-perte-de-vitesse\/#respond"]}]},{"@type":"WebPage","@id":"https:\/\/www.carideal.com\/blog\/2014\/10\/30\/le-diesel-est-en-perte-de-vitesse\/","url":"https:\/\/www.carideal.com\/blog\/2014\/10\/30\/le-diesel-est-en-perte-de-vitesse\/","name":"le diesel est en perte de vitesse - Blog auto Carid\u00e9al","isPartOf":{"@id":"https:\/\/www.carideal.com\/blog\/#website"},"primaryImageOfPage":{"@id":"https:\/\/www.carideal.com\/blog\/2014\/10\/30\/le-diesel-est-en-perte-de-vitesse\/#primaryimage"},"image":{"@id":"https:\/\/www.carideal.com\/blog\/2014\/10\/30\/le-diesel-est-en-perte-de-vitesse\/#primaryimage"},"thumbnailUrl":"http:\/\/www.carideal.com\/images_actualite\/voituredieselcaridealmandataireautomobile-1414747070.jpg","datePublished":"2014-10-30T23:00:00+00:00","breadcrumb":{"@id":"https:\/\/www.carideal.com\/blog\/2014\/10\/30\/le-diesel-est-en-perte-de-vitesse\/#breadcrumb"},"inLanguage":"fr-FR","potentialAction":[{"@type":"ReadAction","target":["https:\/\/www.carideal.com\/blog\/2014\/10\/30\/le-diesel-est-en-perte-de-vitesse\/"]}]},{"@type":"ImageObject","inLanguage":"fr-FR","@id":"https:\/\/www.carideal.com\/blog\/2014\/10\/30\/le-diesel-est-en-perte-de-vitesse\/#primaryimage","url":"http:\/\/www.carideal.com\/images_actualite\/voituredieselcaridealmandataireautomobile-1414747070.jpg","contentUrl":"http:\/\/www.carideal.com\/images_actualite\/voituredieselcaridealmandataireautomobile-1414747070.jpg"},{"@type":"BreadcrumbList","@id":"https:\/\/www.carideal.com\/blog\/2014\/10\/30\/le-diesel-est-en-perte-de-vitesse\/#breadcrumb","itemListElement":[{"@type":"ListItem","position":1,"name":"Blog Carid\u00e9al","item":"https:\/\/www.carideal.com\/blog\/"},{"@type":"ListItem","position":2,"name":"Actualit\u00e9 automobile","item":"https:\/\/www.carideal.com\/blog\/actualites-auto\/"},{"@type":"ListItem","position":3,"name":"le diesel est en perte de vitesse"}]},{"@type":"WebSite","@id":"https:\/\/www.carideal.com\/blog\/#website","url":"https:\/\/www.carideal.com\/blog\/","name":"Blog auto Carid\u00e9al","description":"Actualit\u00e9 auto par des passionn\u00e9s","publisher":{"@id":"https:\/\/www.carideal.com\/blog\/#organization"},"potentialAction":[{"@type":"SearchAction","target":{"@type":"EntryPoint","urlTemplate":"https:\/\/www.carideal.com\/blog\/?s={search_term_string}"},"query-input":{"@type":"PropertyValueSpecification","valueRequired":true,"valueName":"search_term_string"}}],"inLanguage":"fr-FR"},{"@type":"Organization","@id":"https:\/\/www.carideal.com\/blog\/#organization","name":"Carideal","url":"https:\/\/www.carideal.com\/blog\/","logo":{"@type":"ImageObject","inLanguage":"fr-FR","@id":"https:\/\/www.carideal.com\/blog\/#\/schema\/logo\/image\/","url":"http:\/\/www.carideal.com\/blog\/wp-content\/uploads\/2016\/03\/logo-carideal-mandataire-automobile.png","contentUrl":"http:\/\/www.carideal.com\/blog\/wp-content\/uploads\/2016\/03\/logo-carideal-mandataire-automobile.png","width":300,"height":300,"caption":"Carideal"},"image":{"@id":"https:\/\/www.carideal.com\/blog\/#\/schema\/logo\/image\/"},"sameAs":["https:\/\/www.facebook.com\/Carideal.mandataire.automobile","https:\/\/x.com\/caridealauto","https:\/\/www.instagram.com\/carideal1\/","https:\/\/www.linkedin.com\/company\/carideal.com","https:\/\/fr.pinterest.com\/schiavonsas\/","https:\/\/www.youtube.com\/user\/caridealsas"]},{"@type":"Person","@id":"https:\/\/www.carideal.com\/blog\/#\/schema\/person\/cd95dc7919660de90d31b366f85be1ec","name":"Nicolas SCHIAVON","image":{"@type":"ImageObject","inLanguage":"fr-FR","@id":"https:\/\/www.carideal.com\/blog\/#\/schema\/person\/image\/","url":"https:\/\/secure.gravatar.com\/avatar\/c17e55009e671d92cc7f5dc837dc418a?s=96&r=g","contentUrl":"https:\/\/secure.gravatar.com\/avatar\/c17e55009e671d92cc7f5dc837dc418a?s=96&r=g","caption":"Nicolas SCHIAVON"},"description":"Nicolas Schiavon est tomb\u00e9 tout petit dans la marmite automobile. Ayant eu un garage de marque automobile, mandataire automobile de la premi\u00e8re heure d\u00e8s 1999. Nicolas a cr\u00e9\u00e9 ces premiers sites de vente de voiture et blog automobile d\u00e8s 1994. Carideal est n\u00e9 le 15 d\u00e9cembre 2000 de la volont\u00e9 de vendre des voitures d'occasions en ligne puis des voitures neuves. Il a pu essayer beaucoup de voitures tr\u00e8s diff\u00e9rentes et ayant eu personnellement quelques belles autos, Subaru Impreza, Mitsubishi Lancer Evo 7, Porsche 911, Ferrari Testarrossa, Audi RS3, RS4 et j'en passe...","sameAs":["http:\/\/www.carideal.com","https:\/\/www.facebook.com\/nicolas.schiavon.39","https:\/\/www.instagram.com\/carideal1\/","https:\/\/www.linkedin.com\/in\/nschiavon\/","https:\/\/x.com\/caridealauto","https:\/\/www.youtube.com\/user\/caridealsas\/"],"url":"https:\/\/www.carideal.com\/blog\/author\/nschiavon\/"}]}},"uagb_featured_image_src":{"full":false,"thumbnail":false,"medium":false,"medium_large":false,"large":false,"1536x1536":false,"2048x2048":false,"wppr-widget":false},"uagb_author_info":{"display_name":"Nicolas SCHIAVON","author_link":"https:\/\/www.carideal.com\/blog\/author\/nschiavon\/"},"uagb_comment_info":0,"uagb_excerpt":"Le diesel est en perte de vitesse Le Diesel est en perte de vitesse dans les immatriculations de v\u00e9hicules neufs, cela a commenc\u00e9 il y a un an d\u00e9j\u00e0. Sur les six premiers mois de l'ann\u00e9e,49,7 % des ventes de polyvalentes ont \u00e9t\u00e9 le fait d'une essence, pour 47% de de diesel. Un an plus\u2026","_links":{"self":[{"href":"https:\/\/www.carideal.com\/blog\/wp-json\/wp\/v2\/posts\/5518"}],"collection":[{"href":"https:\/\/www.carideal.com\/blog\/wp-json\/wp\/v2\/posts"}],"about":[{"href":"https:\/\/www.carideal.com\/blog\/wp-json\/wp\/v2\/types\/post"}],"author":[{"embeddable":true,"href":"https:\/\/www.carideal.com\/blog\/wp-json\/wp\/v2\/users\/3"}],"replies":[{"embeddable":true,"href":"https:\/\/www.carideal.com\/blog\/wp-json\/wp\/v2\/comments?post=5518"}],"version-history":[{"count":0,"href":"https:\/\/www.carideal.com\/blog\/wp-json\/wp\/v2\/posts\/5518\/revisions"}],"wp:attachment":[{"href":"https:\/\/www.carideal.com\/blog\/wp-json\/wp\/v2\/media?parent=5518"}],"wp:term":[{"taxonomy":"category","embeddable":true,"href":"https:\/\/www.carideal.com\/blog\/wp-json\/wp\/v2\/categories?post=5518"},{"taxonomy":"post_tag","embeddable":true,"href":"https:\/\/www.carideal.com\/blog\/wp-json\/wp\/v2\/tags?post=5518"}],"curies":[{"name":"wp","href":"https:\/\/api.w.org\/{rel}","templated":true}]}}