{"id":5510,"date":"2014-09-24T22:00:00","date_gmt":"2014-09-24T22:00:00","guid":{"rendered":"http:\/\/www.carideal.com\/blog\/2014\/09\/24\/gm-va-tester-la-voiture-autonome-des-2017\/"},"modified":"2014-09-24T22:00:00","modified_gmt":"2014-09-24T22:00:00","slug":"gm-va-tester-la-voiture-autonome-des-2017","status":"publish","type":"post","link":"https:\/\/www.carideal.com\/blog\/2014\/09\/24\/gm-va-tester-la-voiture-autonome-des-2017\/","title":{"rendered":"gm va tester la voiture autonome des 2017"},"content":{"rendered":"<div>\n                        <img decoding=\"async\" src=\"http:\/\/www.carideal.com\/images_actualite\/generalmotorscadillacvoitureautonome-1411635718.jpg\"><\/p>\n<p>GM va tester la voiture autonome d\u00e8s 2017<\/p>\n<\/div>\n<p> GM va tester la voiture autonome d\u00e8s 2017.<br \/>\nMary Barra la pr\u00e9sidente de G\u00e9n\u00e9ral Motors, le g\u00e9ant am\u00e9ricains vient d'annoncer que la voiture autonome fera ses premiers tours de roues d'ici \u00e0 trois ans.<br \/>\nUn syst\u00e8me appel\u00e9 Super Cruise, sera install\u00e9 sur certaine Cadillac, et permettra dans les bouchons ou lors de long trajets sur route d'avancer dans une file, freiner et contr\u00f4ler sa vitesse sur autoroute dans certaines conditions de circulation.<\/p>\n","protected":false},"excerpt":{"rendered":"<p>GM va tester la voiture autonome d\u00e8s 2017 GM va tester la voiture autonome d\u00e8s 2017. Mary Barra la pr\u00e9sidente de G\u00e9n\u00e9ral Motors, le g\u00e9ant am\u00e9ricains vient d&rsquo;annoncer que la voiture autonome fera ses premiers tours de roues d&rsquo;ici \u00e0 trois ans. Un syst\u00e8me appel\u00e9 Super Cruise, sera install\u00e9 sur certaine Cadillac, et permettra dans &#8230; <a title=\"gm va tester la voiture autonome des 2017\" class=\"read-more\" href=\"https:\/\/www.carideal.com\/blog\/2014\/09\/24\/gm-va-tester-la-voiture-autonome-des-2017\/\" aria-label=\"En savoir plus sur gm va tester la voiture autonome des 2017\">Lire plus<\/a><\/p>\n","protected":false},"author":3,"featured_media":0,"comment_status":"open","ping_status":"open","sticky":false,"template":"","format":"standard","meta":{"_uag_custom_page_level_css":"","_themeisle_gutenberg_block_has_review":false,"footnotes":""},"categories":[21],"tags":[],"class_list":["post-5510","post","type-post","status-publish","format-standard","hentry","category-actualites-auto"],"wppr_data":[],"yoast_head":"<!-- This site is optimized with the Yoast SEO plugin v24.8.1 - https:\/\/yoast.com\/wordpress\/plugins\/seo\/ -->\n<title>gm va tester la voiture autonome des 2017 - Blog auto Carid\u00e9al<\/title>\n<meta name=\"robots\" content=\"index, follow, max-snippet:-1, max-image-preview:large, max-video-preview:-1\" \/>\n<link rel=\"canonical\" href=\"https:\/\/www.carideal.com\/blog\/2014\/09\/24\/gm-va-tester-la-voiture-autonome-des-2017\/\" \/>\n<meta property=\"og:locale\" content=\"fr_FR\" \/>\n<meta property=\"og:type\" content=\"article\" \/>\n<meta property=\"og:title\" content=\"gm va tester la voiture autonome des 2017 - Blog auto Carid\u00e9al\" \/>\n<meta property=\"og:description\" content=\"GM va tester la voiture autonome d\u00e8s 2017 GM va tester la voiture autonome d\u00e8s 2017. Mary Barra la pr\u00e9sidente de G\u00e9n\u00e9ral Motors, le g\u00e9ant am\u00e9ricains vient d&#039;annoncer que la voiture autonome fera ses premiers tours de roues d&#039;ici \u00e0 trois ans. Un syst\u00e8me appel\u00e9 Super Cruise, sera install\u00e9 sur certaine Cadillac, et permettra dans ... Lire plus\" \/>\n<meta property=\"og:url\" content=\"https:\/\/www.carideal.com\/blog\/2014\/09\/24\/gm-va-tester-la-voiture-autonome-des-2017\/\" \/>\n<meta property=\"og:site_name\" content=\"Blog auto Carid\u00e9al\" \/>\n<meta property=\"article:publisher\" content=\"https:\/\/www.facebook.com\/Carideal.mandataire.automobile\" \/>\n<meta property=\"article:author\" content=\"https:\/\/www.facebook.com\/nicolas.schiavon.39\" \/>\n<meta property=\"article:published_time\" content=\"2014-09-24T22:00:00+00:00\" \/>\n<meta property=\"og:image\" content=\"http:\/\/www.carideal.com\/images_actualite\/generalmotorscadillacvoitureautonome-1411635718.jpg\" \/>\n<meta name=\"author\" content=\"Nicolas SCHIAVON\" \/>\n<meta name=\"twitter:card\" content=\"summary_large_image\" \/>\n<meta name=\"twitter:creator\" content=\"@caridealauto\" \/>\n<meta name=\"twitter:site\" content=\"@caridealauto\" \/>\n<meta name=\"twitter:label1\" content=\"\u00c9crit par\" \/>\n\t<meta name=\"twitter:data1\" content=\"Nicolas SCHIAVON\" \/>\n<script type=\"application\/ld+json\" class=\"yoast-schema-graph\">{\"@context\":\"https:\/\/schema.org\",\"@graph\":[{\"@type\":\"Article\",\"@id\":\"https:\/\/www.carideal.com\/blog\/2014\/09\/24\/gm-va-tester-la-voiture-autonome-des-2017\/#article\",\"isPartOf\":{\"@id\":\"https:\/\/www.carideal.com\/blog\/2014\/09\/24\/gm-va-tester-la-voiture-autonome-des-2017\/\"},\"author\":{\"name\":\"Nicolas SCHIAVON\",\"@id\":\"https:\/\/www.carideal.com\/blog\/#\/schema\/person\/cd95dc7919660de90d31b366f85be1ec\"},\"headline\":\"gm va tester la voiture autonome des 2017\",\"datePublished\":\"2014-09-24T22:00:00+00:00\",\"mainEntityOfPage\":{\"@id\":\"https:\/\/www.carideal.com\/blog\/2014\/09\/24\/gm-va-tester-la-voiture-autonome-des-2017\/\"},\"wordCount\":93,\"commentCount\":0,\"publisher\":{\"@id\":\"https:\/\/www.carideal.com\/blog\/#organization\"},\"image\":{\"@id\":\"https:\/\/www.carideal.com\/blog\/2014\/09\/24\/gm-va-tester-la-voiture-autonome-des-2017\/#primaryimage\"},\"thumbnailUrl\":\"http:\/\/www.carideal.com\/images_actualite\/generalmotorscadillacvoitureautonome-1411635718.jpg\",\"articleSection\":[\"Actualit\u00e9 automobile\"],\"inLanguage\":\"fr-FR\",\"potentialAction\":[{\"@type\":\"CommentAction\",\"name\":\"Comment\",\"target\":[\"https:\/\/www.carideal.com\/blog\/2014\/09\/24\/gm-va-tester-la-voiture-autonome-des-2017\/#respond\"]}]},{\"@type\":\"WebPage\",\"@id\":\"https:\/\/www.carideal.com\/blog\/2014\/09\/24\/gm-va-tester-la-voiture-autonome-des-2017\/\",\"url\":\"https:\/\/www.carideal.com\/blog\/2014\/09\/24\/gm-va-tester-la-voiture-autonome-des-2017\/\",\"name\":\"gm va tester la voiture autonome des 2017 - Blog auto Carid\u00e9al\",\"isPartOf\":{\"@id\":\"https:\/\/www.carideal.com\/blog\/#website\"},\"primaryImageOfPage\":{\"@id\":\"https:\/\/www.carideal.com\/blog\/2014\/09\/24\/gm-va-tester-la-voiture-autonome-des-2017\/#primaryimage\"},\"image\":{\"@id\":\"https:\/\/www.carideal.com\/blog\/2014\/09\/24\/gm-va-tester-la-voiture-autonome-des-2017\/#primaryimage\"},\"thumbnailUrl\":\"http:\/\/www.carideal.com\/images_actualite\/generalmotorscadillacvoitureautonome-1411635718.jpg\",\"datePublished\":\"2014-09-24T22:00:00+00:00\",\"breadcrumb\":{\"@id\":\"https:\/\/www.carideal.com\/blog\/2014\/09\/24\/gm-va-tester-la-voiture-autonome-des-2017\/#breadcrumb\"},\"inLanguage\":\"fr-FR\",\"potentialAction\":[{\"@type\":\"ReadAction\",\"target\":[\"https:\/\/www.carideal.com\/blog\/2014\/09\/24\/gm-va-tester-la-voiture-autonome-des-2017\/\"]}]},{\"@type\":\"ImageObject\",\"inLanguage\":\"fr-FR\",\"@id\":\"https:\/\/www.carideal.com\/blog\/2014\/09\/24\/gm-va-tester-la-voiture-autonome-des-2017\/#primaryimage\",\"url\":\"http:\/\/www.carideal.com\/images_actualite\/generalmotorscadillacvoitureautonome-1411635718.jpg\",\"contentUrl\":\"http:\/\/www.carideal.com\/images_actualite\/generalmotorscadillacvoitureautonome-1411635718.jpg\"},{\"@type\":\"BreadcrumbList\",\"@id\":\"https:\/\/www.carideal.com\/blog\/2014\/09\/24\/gm-va-tester-la-voiture-autonome-des-2017\/#breadcrumb\",\"itemListElement\":[{\"@type\":\"ListItem\",\"position\":1,\"name\":\"Blog Carid\u00e9al\",\"item\":\"https:\/\/www.carideal.com\/blog\/\"},{\"@type\":\"ListItem\",\"position\":2,\"name\":\"Actualit\u00e9 automobile\",\"item\":\"https:\/\/www.carideal.com\/blog\/actualites-auto\/\"},{\"@type\":\"ListItem\",\"position\":3,\"name\":\"gm va tester la voiture autonome des 2017\"}]},{\"@type\":\"WebSite\",\"@id\":\"https:\/\/www.carideal.com\/blog\/#website\",\"url\":\"https:\/\/www.carideal.com\/blog\/\",\"name\":\"Blog auto Carid\u00e9al\",\"description\":\"Actualit\u00e9 auto par des passionn\u00e9s\",\"publisher\":{\"@id\":\"https:\/\/www.carideal.com\/blog\/#organization\"},\"potentialAction\":[{\"@type\":\"SearchAction\",\"target\":{\"@type\":\"EntryPoint\",\"urlTemplate\":\"https:\/\/www.carideal.com\/blog\/?s={search_term_string}\"},\"query-input\":{\"@type\":\"PropertyValueSpecification\",\"valueRequired\":true,\"valueName\":\"search_term_string\"}}],\"inLanguage\":\"fr-FR\"},{\"@type\":\"Organization\",\"@id\":\"https:\/\/www.carideal.com\/blog\/#organization\",\"name\":\"Carideal\",\"url\":\"https:\/\/www.carideal.com\/blog\/\",\"logo\":{\"@type\":\"ImageObject\",\"inLanguage\":\"fr-FR\",\"@id\":\"https:\/\/www.carideal.com\/blog\/#\/schema\/logo\/image\/\",\"url\":\"http:\/\/www.carideal.com\/blog\/wp-content\/uploads\/2016\/03\/logo-carideal-mandataire-automobile.png\",\"contentUrl\":\"http:\/\/www.carideal.com\/blog\/wp-content\/uploads\/2016\/03\/logo-carideal-mandataire-automobile.png\",\"width\":300,\"height\":300,\"caption\":\"Carideal\"},\"image\":{\"@id\":\"https:\/\/www.carideal.com\/blog\/#\/schema\/logo\/image\/\"},\"sameAs\":[\"https:\/\/www.facebook.com\/Carideal.mandataire.automobile\",\"https:\/\/x.com\/caridealauto\",\"https:\/\/www.instagram.com\/carideal1\/\",\"https:\/\/www.linkedin.com\/company\/carideal.com\",\"https:\/\/fr.pinterest.com\/schiavonsas\/\",\"https:\/\/www.youtube.com\/user\/caridealsas\"]},{\"@type\":\"Person\",\"@id\":\"https:\/\/www.carideal.com\/blog\/#\/schema\/person\/cd95dc7919660de90d31b366f85be1ec\",\"name\":\"Nicolas SCHIAVON\",\"image\":{\"@type\":\"ImageObject\",\"inLanguage\":\"fr-FR\",\"@id\":\"https:\/\/www.carideal.com\/blog\/#\/schema\/person\/image\/\",\"url\":\"https:\/\/secure.gravatar.com\/avatar\/c17e55009e671d92cc7f5dc837dc418a?s=96&r=g\",\"contentUrl\":\"https:\/\/secure.gravatar.com\/avatar\/c17e55009e671d92cc7f5dc837dc418a?s=96&r=g\",\"caption\":\"Nicolas SCHIAVON\"},\"description\":\"Nicolas Schiavon est tomb\u00e9 tout petit dans la marmite automobile. Ayant eu un garage de marque automobile, mandataire automobile de la premi\u00e8re heure d\u00e8s 1999. Nicolas a cr\u00e9\u00e9 ces premiers sites de vente de voiture et blog automobile d\u00e8s 1994. Carideal est n\u00e9 le 15 d\u00e9cembre 2000 de la volont\u00e9 de vendre des voitures d'occasions en ligne puis des voitures neuves. Il a pu essayer beaucoup de voitures tr\u00e8s diff\u00e9rentes et ayant eu personnellement quelques belles autos, Subaru Impreza, Mitsubishi Lancer Evo 7, Porsche 911, Ferrari Testarrossa, Audi RS3, RS4 et j'en passe...\",\"sameAs\":[\"http:\/\/www.carideal.com\",\"https:\/\/www.facebook.com\/nicolas.schiavon.39\",\"https:\/\/www.instagram.com\/carideal1\/\",\"https:\/\/www.linkedin.com\/in\/nschiavon\/\",\"https:\/\/x.com\/caridealauto\",\"https:\/\/www.youtube.com\/user\/caridealsas\/\"],\"url\":\"https:\/\/www.carideal.com\/blog\/author\/nschiavon\/\"}]}<\/script>\n<!-- \/ Yoast SEO plugin. -->","yoast_head_json":{"title":"gm va tester la voiture autonome des 2017 - Blog auto Carid\u00e9al","robots":{"index":"index","follow":"follow","max-snippet":"max-snippet:-1","max-image-preview":"max-image-preview:large","max-video-preview":"max-video-preview:-1"},"canonical":"https:\/\/www.carideal.com\/blog\/2014\/09\/24\/gm-va-tester-la-voiture-autonome-des-2017\/","og_locale":"fr_FR","og_type":"article","og_title":"gm va tester la voiture autonome des 2017 - Blog auto Carid\u00e9al","og_description":"GM va tester la voiture autonome d\u00e8s 2017 GM va tester la voiture autonome d\u00e8s 2017. Mary Barra la pr\u00e9sidente de G\u00e9n\u00e9ral Motors, le g\u00e9ant am\u00e9ricains vient d'annoncer que la voiture autonome fera ses premiers tours de roues d'ici \u00e0 trois ans. Un syst\u00e8me appel\u00e9 Super Cruise, sera install\u00e9 sur certaine Cadillac, et permettra dans ... Lire plus","og_url":"https:\/\/www.carideal.com\/blog\/2014\/09\/24\/gm-va-tester-la-voiture-autonome-des-2017\/","og_site_name":"Blog auto Carid\u00e9al","article_publisher":"https:\/\/www.facebook.com\/Carideal.mandataire.automobile","article_author":"https:\/\/www.facebook.com\/nicolas.schiavon.39","article_published_time":"2014-09-24T22:00:00+00:00","og_image":[{"url":"http:\/\/www.carideal.com\/images_actualite\/generalmotorscadillacvoitureautonome-1411635718.jpg","type":"","width":"","height":""}],"author":"Nicolas SCHIAVON","twitter_card":"summary_large_image","twitter_creator":"@caridealauto","twitter_site":"@caridealauto","twitter_misc":{"\u00c9crit par":"Nicolas SCHIAVON"},"schema":{"@context":"https:\/\/schema.org","@graph":[{"@type":"Article","@id":"https:\/\/www.carideal.com\/blog\/2014\/09\/24\/gm-va-tester-la-voiture-autonome-des-2017\/#article","isPartOf":{"@id":"https:\/\/www.carideal.com\/blog\/2014\/09\/24\/gm-va-tester-la-voiture-autonome-des-2017\/"},"author":{"name":"Nicolas SCHIAVON","@id":"https:\/\/www.carideal.com\/blog\/#\/schema\/person\/cd95dc7919660de90d31b366f85be1ec"},"headline":"gm va tester la voiture autonome des 2017","datePublished":"2014-09-24T22:00:00+00:00","mainEntityOfPage":{"@id":"https:\/\/www.carideal.com\/blog\/2014\/09\/24\/gm-va-tester-la-voiture-autonome-des-2017\/"},"wordCount":93,"commentCount":0,"publisher":{"@id":"https:\/\/www.carideal.com\/blog\/#organization"},"image":{"@id":"https:\/\/www.carideal.com\/blog\/2014\/09\/24\/gm-va-tester-la-voiture-autonome-des-2017\/#primaryimage"},"thumbnailUrl":"http:\/\/www.carideal.com\/images_actualite\/generalmotorscadillacvoitureautonome-1411635718.jpg","articleSection":["Actualit\u00e9 automobile"],"inLanguage":"fr-FR","potentialAction":[{"@type":"CommentAction","name":"Comment","target":["https:\/\/www.carideal.com\/blog\/2014\/09\/24\/gm-va-tester-la-voiture-autonome-des-2017\/#respond"]}]},{"@type":"WebPage","@id":"https:\/\/www.carideal.com\/blog\/2014\/09\/24\/gm-va-tester-la-voiture-autonome-des-2017\/","url":"https:\/\/www.carideal.com\/blog\/2014\/09\/24\/gm-va-tester-la-voiture-autonome-des-2017\/","name":"gm va tester la voiture autonome des 2017 - Blog auto Carid\u00e9al","isPartOf":{"@id":"https:\/\/www.carideal.com\/blog\/#website"},"primaryImageOfPage":{"@id":"https:\/\/www.carideal.com\/blog\/2014\/09\/24\/gm-va-tester-la-voiture-autonome-des-2017\/#primaryimage"},"image":{"@id":"https:\/\/www.carideal.com\/blog\/2014\/09\/24\/gm-va-tester-la-voiture-autonome-des-2017\/#primaryimage"},"thumbnailUrl":"http:\/\/www.carideal.com\/images_actualite\/generalmotorscadillacvoitureautonome-1411635718.jpg","datePublished":"2014-09-24T22:00:00+00:00","breadcrumb":{"@id":"https:\/\/www.carideal.com\/blog\/2014\/09\/24\/gm-va-tester-la-voiture-autonome-des-2017\/#breadcrumb"},"inLanguage":"fr-FR","potentialAction":[{"@type":"ReadAction","target":["https:\/\/www.carideal.com\/blog\/2014\/09\/24\/gm-va-tester-la-voiture-autonome-des-2017\/"]}]},{"@type":"ImageObject","inLanguage":"fr-FR","@id":"https:\/\/www.carideal.com\/blog\/2014\/09\/24\/gm-va-tester-la-voiture-autonome-des-2017\/#primaryimage","url":"http:\/\/www.carideal.com\/images_actualite\/generalmotorscadillacvoitureautonome-1411635718.jpg","contentUrl":"http:\/\/www.carideal.com\/images_actualite\/generalmotorscadillacvoitureautonome-1411635718.jpg"},{"@type":"BreadcrumbList","@id":"https:\/\/www.carideal.com\/blog\/2014\/09\/24\/gm-va-tester-la-voiture-autonome-des-2017\/#breadcrumb","itemListElement":[{"@type":"ListItem","position":1,"name":"Blog Carid\u00e9al","item":"https:\/\/www.carideal.com\/blog\/"},{"@type":"ListItem","position":2,"name":"Actualit\u00e9 automobile","item":"https:\/\/www.carideal.com\/blog\/actualites-auto\/"},{"@type":"ListItem","position":3,"name":"gm va tester la voiture autonome des 2017"}]},{"@type":"WebSite","@id":"https:\/\/www.carideal.com\/blog\/#website","url":"https:\/\/www.carideal.com\/blog\/","name":"Blog auto Carid\u00e9al","description":"Actualit\u00e9 auto par des passionn\u00e9s","publisher":{"@id":"https:\/\/www.carideal.com\/blog\/#organization"},"potentialAction":[{"@type":"SearchAction","target":{"@type":"EntryPoint","urlTemplate":"https:\/\/www.carideal.com\/blog\/?s={search_term_string}"},"query-input":{"@type":"PropertyValueSpecification","valueRequired":true,"valueName":"search_term_string"}}],"inLanguage":"fr-FR"},{"@type":"Organization","@id":"https:\/\/www.carideal.com\/blog\/#organization","name":"Carideal","url":"https:\/\/www.carideal.com\/blog\/","logo":{"@type":"ImageObject","inLanguage":"fr-FR","@id":"https:\/\/www.carideal.com\/blog\/#\/schema\/logo\/image\/","url":"http:\/\/www.carideal.com\/blog\/wp-content\/uploads\/2016\/03\/logo-carideal-mandataire-automobile.png","contentUrl":"http:\/\/www.carideal.com\/blog\/wp-content\/uploads\/2016\/03\/logo-carideal-mandataire-automobile.png","width":300,"height":300,"caption":"Carideal"},"image":{"@id":"https:\/\/www.carideal.com\/blog\/#\/schema\/logo\/image\/"},"sameAs":["https:\/\/www.facebook.com\/Carideal.mandataire.automobile","https:\/\/x.com\/caridealauto","https:\/\/www.instagram.com\/carideal1\/","https:\/\/www.linkedin.com\/company\/carideal.com","https:\/\/fr.pinterest.com\/schiavonsas\/","https:\/\/www.youtube.com\/user\/caridealsas"]},{"@type":"Person","@id":"https:\/\/www.carideal.com\/blog\/#\/schema\/person\/cd95dc7919660de90d31b366f85be1ec","name":"Nicolas SCHIAVON","image":{"@type":"ImageObject","inLanguage":"fr-FR","@id":"https:\/\/www.carideal.com\/blog\/#\/schema\/person\/image\/","url":"https:\/\/secure.gravatar.com\/avatar\/c17e55009e671d92cc7f5dc837dc418a?s=96&r=g","contentUrl":"https:\/\/secure.gravatar.com\/avatar\/c17e55009e671d92cc7f5dc837dc418a?s=96&r=g","caption":"Nicolas SCHIAVON"},"description":"Nicolas Schiavon est tomb\u00e9 tout petit dans la marmite automobile. Ayant eu un garage de marque automobile, mandataire automobile de la premi\u00e8re heure d\u00e8s 1999. Nicolas a cr\u00e9\u00e9 ces premiers sites de vente de voiture et blog automobile d\u00e8s 1994. Carideal est n\u00e9 le 15 d\u00e9cembre 2000 de la volont\u00e9 de vendre des voitures d'occasions en ligne puis des voitures neuves. Il a pu essayer beaucoup de voitures tr\u00e8s diff\u00e9rentes et ayant eu personnellement quelques belles autos, Subaru Impreza, Mitsubishi Lancer Evo 7, Porsche 911, Ferrari Testarrossa, Audi RS3, RS4 et j'en passe...","sameAs":["http:\/\/www.carideal.com","https:\/\/www.facebook.com\/nicolas.schiavon.39","https:\/\/www.instagram.com\/carideal1\/","https:\/\/www.linkedin.com\/in\/nschiavon\/","https:\/\/x.com\/caridealauto","https:\/\/www.youtube.com\/user\/caridealsas\/"],"url":"https:\/\/www.carideal.com\/blog\/author\/nschiavon\/"}]}},"uagb_featured_image_src":{"full":false,"thumbnail":false,"medium":false,"medium_large":false,"large":false,"1536x1536":false,"2048x2048":false,"wppr-widget":false},"uagb_author_info":{"display_name":"Nicolas SCHIAVON","author_link":"https:\/\/www.carideal.com\/blog\/author\/nschiavon\/"},"uagb_comment_info":0,"uagb_excerpt":"GM va tester la voiture autonome d\u00e8s 2017 GM va tester la voiture autonome d\u00e8s 2017. Mary Barra la pr\u00e9sidente de G\u00e9n\u00e9ral Motors, le g\u00e9ant am\u00e9ricains vient d'annoncer que la voiture autonome fera ses premiers tours de roues d'ici \u00e0 trois ans. Un syst\u00e8me appel\u00e9 Super Cruise, sera install\u00e9 sur certaine Cadillac, et permettra dans\u2026","_links":{"self":[{"href":"https:\/\/www.carideal.com\/blog\/wp-json\/wp\/v2\/posts\/5510"}],"collection":[{"href":"https:\/\/www.carideal.com\/blog\/wp-json\/wp\/v2\/posts"}],"about":[{"href":"https:\/\/www.carideal.com\/blog\/wp-json\/wp\/v2\/types\/post"}],"author":[{"embeddable":true,"href":"https:\/\/www.carideal.com\/blog\/wp-json\/wp\/v2\/users\/3"}],"replies":[{"embeddable":true,"href":"https:\/\/www.carideal.com\/blog\/wp-json\/wp\/v2\/comments?post=5510"}],"version-history":[{"count":0,"href":"https:\/\/www.carideal.com\/blog\/wp-json\/wp\/v2\/posts\/5510\/revisions"}],"wp:attachment":[{"href":"https:\/\/www.carideal.com\/blog\/wp-json\/wp\/v2\/media?parent=5510"}],"wp:term":[{"taxonomy":"category","embeddable":true,"href":"https:\/\/www.carideal.com\/blog\/wp-json\/wp\/v2\/categories?post=5510"},{"taxonomy":"post_tag","embeddable":true,"href":"https:\/\/www.carideal.com\/blog\/wp-json\/wp\/v2\/tags?post=5510"}],"curies":[{"name":"wp","href":"https:\/\/api.w.org\/{rel}","templated":true}]}}