{"id":5501,"date":"2014-08-25T22:00:00","date_gmt":"2014-08-25T22:00:00","guid":{"rendered":"http:\/\/www.carideal.com\/blog\/2014\/08\/25\/la-voiture-electrique-patine-faute-d-infrastructures\/"},"modified":"2023-01-20T14:29:08","modified_gmt":"2023-01-20T13:29:08","slug":"la-voiture-electrique-patine-faute-d-infrastructures","status":"publish","type":"post","link":"https:\/\/www.carideal.com\/blog\/2014\/08\/25\/la-voiture-electrique-patine-faute-d-infrastructures\/","title":{"rendered":"Pas assez de borne de recharge \u00e9lectrique"},"content":{"rendered":"\n<h2 class=\"wp-block-heading\">Il n'y a pas assez de borne de recharge \u00e9lectrique<\/h2>\n\n\n\n<p>C'est ainsi qu'est justifi\u00e9 la m\u00e9vente des <span style=\"text-decoration: underline;\"><a href=\"http:\/\/www.carideal.com\/blog\/2014\/03\/23\/la-diac-arrete-ses-offres-de-locations-en-lld-et-loa-de-la-zoe\/\">Zo\u00e9<\/a><\/span> par le PDG de Renault Nissan :&nbsp;\"La voiture \u00e9lectrique patine faute d'infrastructures. Mais les concurrents arrivent. C'est un signe qui ne trompe pas.\"<br>La phrase de Carlos Ghosn, PDG de Renault, justifiant ses pr\u00e9visions trop optimistes pour Zo\u00e9. Le PDG de Renault lie les mauvaises performances des ventes de voiture \u00e9lectrique sur le manque de borne de recharge \u00e9lectrique. On se souvient justement que le s\u00e9nateur louis n\u00e8gre avait rendu un rapport dans ce sens, ou il expliquait que le d\u00e9velloppement des voitures \u00e9lectriques passerait imp\u00e9rativement par celui de <span style=\"text-decoration: underline;\"><a href=\"http:\/\/www.carideal.com\/blog\/2011\/05\/12\/voiture-electrique-cheres-infrastructures\/\">borne de recharge \u00e9lectrique<\/a><\/span>.<\/p>\n\n\n\n<p>Est-ce la seule raison pour justifier la m\u00e9vente des voitures \u00e9lectriques en g\u00e9n\u00e9ral et celle de la Renault Zo\u00e9 en particulier ? je ne sais pas mais sans doute tr\u00e8s certainement.<\/p>\n\n\n\n<h2 class=\"wp-block-heading\">Le manque de borne de recharge \u00e9lectrique \u00e9tait un frein dans&nbsp;l'\u00e9quation de d\u00e9part !<\/h2>\n\n\n\n<p>D'un autre cot\u00e9, si l'on r\u00e9fl\u00e9chit bien ?! on ne construit pas une formule 1&nbsp;sans avoir un circuit pour l'exploiter !! De m\u00eame, on le savait d\u00e8s le d\u00e9part parmi les freins \u00e0 la vente de voiture \u00e9lectrique, faisait figure de probl\u00e8me majeure le manque d'infrastructure et de borne de recharge en sus du reste, autonomie, co\u00fbt etc. <span style=\"text-decoration: underline;\"><a href=\"http:\/\/www.carideal.com\/blog\/2013\/12\/31\/carlos-ghosn-avoue-s-etre-trompe-sur-la-voiture-electrique\/\">Les ventes de voiture \u00e9lectrique sont en berne.<\/a><\/span><\/p>\n\n\n\n<ul class=\"wp-block-list\">\n<li><a href=\"http:\/\/www.carideal.com\/blog\/2023\/01\/11\/reseau-electrique-francais-sera-capable-de-gerer-la-demande-supplementaire-en-electricite-des-voitures-electriques\/\">Est-ce que le r\u00e9seau \u00e9lectrique fran\u00e7aise sera capable de g\u00e9rer la demande suppl\u00e9mentaire due aux voitures \u00e9lectriques ?<\/a><\/li>\n<\/ul>\n\n\n\n<p>On a voulu mettre la charrue avant les boeufs, et on se plante, la voiture \u00e9lectrique n'a pas de mod\u00e8le \u00e9conomique en partie car nous n'avons pas de r\u00e9seau borne de recharge \u00e9lectrique, aucune infrastructure n'est pr\u00e8te. A ce jour, la r\u00e9duction du r\u00e9seau de distribution de carburant a d\u00e9j\u00e0 commenc\u00e9, et le nombre de station service est en r\u00e9gression, il n'y en a presque plus dans les campagnes, alors que penser de construire un r\u00e9seau de borne de recharge \u00e9lectrique ?<\/p>\n","protected":false},"excerpt":{"rendered":"<p>Il n&rsquo;y a pas assez de borne de recharge \u00e9lectrique C&rsquo;est ainsi qu&rsquo;est justifi\u00e9 la m\u00e9vente des Zo\u00e9 par le PDG de Renault Nissan :&nbsp;\u00ab\u00a0La voiture \u00e9lectrique patine faute d&rsquo;infrastructures. Mais les concurrents arrivent. C&rsquo;est un signe qui ne trompe pas.\u00a0\u00bbLa phrase de Carlos Ghosn, PDG de Renault, justifiant ses pr\u00e9visions trop optimistes pour Zo\u00e9. &#8230; <a title=\"Pas assez de borne de recharge \u00e9lectrique\" class=\"read-more\" href=\"https:\/\/www.carideal.com\/blog\/2014\/08\/25\/la-voiture-electrique-patine-faute-d-infrastructures\/\" aria-label=\"En savoir plus sur Pas assez de borne de recharge \u00e9lectrique\">Lire plus<\/a><\/p>\n","protected":false},"author":3,"featured_media":26684,"comment_status":"open","ping_status":"open","sticky":false,"template":"","format":"standard","meta":{"_uag_custom_page_level_css":"","_themeisle_gutenberg_block_has_review":false,"footnotes":""},"categories":[5080,5970],"tags":[],"class_list":["post-5501","post","type-post","status-publish","format-standard","has-post-thumbnail","hentry","category-technologie-2","category-electrique-technologie-2"],"wppr_data":{"cwp_meta_box_check":"No"},"yoast_head":"<!-- This site is optimized with the Yoast SEO plugin v24.8.1 - https:\/\/yoast.com\/wordpress\/plugins\/seo\/ -->\n<title>Pas assez de borne de recharge \u00e9lectrique - Blog auto Carid\u00e9al<\/title>\n<meta name=\"description\" content=\"Il n&#039;y a pas assez de borne de recharge \u00e9lectrique C&#039;est ainsi quest justifi\u00e9 la m\u00e9vente des Zo\u00e9 par le PDG de Renault Nissan\" \/>\n<meta name=\"robots\" content=\"index, follow, max-snippet:-1, max-image-preview:large, max-video-preview:-1\" \/>\n<link rel=\"canonical\" href=\"https:\/\/www.carideal.com\/blog\/2014\/08\/25\/la-voiture-electrique-patine-faute-d-infrastructures\/\" \/>\n<meta property=\"og:locale\" content=\"fr_FR\" \/>\n<meta property=\"og:type\" content=\"article\" \/>\n<meta property=\"og:title\" content=\"Pas assez de borne de recharge \u00e9lectrique - Blog auto Carid\u00e9al\" \/>\n<meta property=\"og:description\" content=\"Il n&#039;y a pas assez de borne de recharge \u00e9lectrique C&#039;est ainsi quest justifi\u00e9 la m\u00e9vente des Zo\u00e9 par le PDG de Renault Nissan\" \/>\n<meta property=\"og:url\" content=\"https:\/\/www.carideal.com\/blog\/2014\/08\/25\/la-voiture-electrique-patine-faute-d-infrastructures\/\" \/>\n<meta property=\"og:site_name\" content=\"Blog auto Carid\u00e9al\" \/>\n<meta property=\"article:publisher\" content=\"https:\/\/www.facebook.com\/Carideal.mandataire.automobile\" \/>\n<meta property=\"article:author\" content=\"https:\/\/www.facebook.com\/nicolas.schiavon.39\" \/>\n<meta property=\"article:published_time\" content=\"2014-08-25T22:00:00+00:00\" \/>\n<meta property=\"article:modified_time\" content=\"2023-01-20T13:29:08+00:00\" \/>\n<meta property=\"og:image\" content=\"https:\/\/www.carideal.com\/blog\/wp-content\/uploads\/2014\/08\/renaultzoeelectriquevoitureelectrique-1409065188.jpg\" \/>\n\t<meta property=\"og:image:width\" content=\"1200\" \/>\n\t<meta property=\"og:image:height\" content=\"800\" \/>\n\t<meta property=\"og:image:type\" content=\"image\/jpeg\" \/>\n<meta name=\"author\" content=\"Nicolas SCHIAVON\" \/>\n<meta name=\"twitter:card\" content=\"summary_large_image\" \/>\n<meta name=\"twitter:creator\" content=\"@caridealauto\" \/>\n<meta name=\"twitter:site\" content=\"@caridealauto\" \/>\n<meta name=\"twitter:label1\" content=\"\u00c9crit par\" \/>\n\t<meta name=\"twitter:data1\" content=\"Nicolas SCHIAVON\" \/>\n\t<meta name=\"twitter:label2\" content=\"Dur\u00e9e de lecture estim\u00e9e\" \/>\n\t<meta name=\"twitter:data2\" content=\"2 minutes\" \/>\n<script type=\"application\/ld+json\" class=\"yoast-schema-graph\">{\"@context\":\"https:\/\/schema.org\",\"@graph\":[{\"@type\":\"Article\",\"@id\":\"https:\/\/www.carideal.com\/blog\/2014\/08\/25\/la-voiture-electrique-patine-faute-d-infrastructures\/#article\",\"isPartOf\":{\"@id\":\"https:\/\/www.carideal.com\/blog\/2014\/08\/25\/la-voiture-electrique-patine-faute-d-infrastructures\/\"},\"author\":{\"name\":\"Nicolas SCHIAVON\",\"@id\":\"https:\/\/www.carideal.com\/blog\/#\/schema\/person\/cd95dc7919660de90d31b366f85be1ec\"},\"headline\":\"Pas assez de borne de recharge \u00e9lectrique\",\"datePublished\":\"2014-08-25T22:00:00+00:00\",\"dateModified\":\"2023-01-20T13:29:08+00:00\",\"mainEntityOfPage\":{\"@id\":\"https:\/\/www.carideal.com\/blog\/2014\/08\/25\/la-voiture-electrique-patine-faute-d-infrastructures\/\"},\"wordCount\":357,\"commentCount\":0,\"publisher\":{\"@id\":\"https:\/\/www.carideal.com\/blog\/#organization\"},\"image\":{\"@id\":\"https:\/\/www.carideal.com\/blog\/2014\/08\/25\/la-voiture-electrique-patine-faute-d-infrastructures\/#primaryimage\"},\"thumbnailUrl\":\"https:\/\/www.carideal.com\/blog\/wp-content\/uploads\/2014\/08\/renaultzoeelectriquevoitureelectrique-1409065188.jpg\",\"articleSection\":[\"Technologie Automobile\",\"Voiture \u00e9lectrique\"],\"inLanguage\":\"fr-FR\",\"potentialAction\":[{\"@type\":\"CommentAction\",\"name\":\"Comment\",\"target\":[\"https:\/\/www.carideal.com\/blog\/2014\/08\/25\/la-voiture-electrique-patine-faute-d-infrastructures\/#respond\"]}]},{\"@type\":\"WebPage\",\"@id\":\"https:\/\/www.carideal.com\/blog\/2014\/08\/25\/la-voiture-electrique-patine-faute-d-infrastructures\/\",\"url\":\"https:\/\/www.carideal.com\/blog\/2014\/08\/25\/la-voiture-electrique-patine-faute-d-infrastructures\/\",\"name\":\"Pas assez de borne de recharge \u00e9lectrique - Blog auto Carid\u00e9al\",\"isPartOf\":{\"@id\":\"https:\/\/www.carideal.com\/blog\/#website\"},\"primaryImageOfPage\":{\"@id\":\"https:\/\/www.carideal.com\/blog\/2014\/08\/25\/la-voiture-electrique-patine-faute-d-infrastructures\/#primaryimage\"},\"image\":{\"@id\":\"https:\/\/www.carideal.com\/blog\/2014\/08\/25\/la-voiture-electrique-patine-faute-d-infrastructures\/#primaryimage\"},\"thumbnailUrl\":\"https:\/\/www.carideal.com\/blog\/wp-content\/uploads\/2014\/08\/renaultzoeelectriquevoitureelectrique-1409065188.jpg\",\"datePublished\":\"2014-08-25T22:00:00+00:00\",\"dateModified\":\"2023-01-20T13:29:08+00:00\",\"description\":\"Il n'y a pas assez de borne de recharge \u00e9lectrique C'est ainsi quest justifi\u00e9 la m\u00e9vente des Zo\u00e9 par le PDG de Renault Nissan\",\"breadcrumb\":{\"@id\":\"https:\/\/www.carideal.com\/blog\/2014\/08\/25\/la-voiture-electrique-patine-faute-d-infrastructures\/#breadcrumb\"},\"inLanguage\":\"fr-FR\",\"potentialAction\":[{\"@type\":\"ReadAction\",\"target\":[\"https:\/\/www.carideal.com\/blog\/2014\/08\/25\/la-voiture-electrique-patine-faute-d-infrastructures\/\"]}]},{\"@type\":\"ImageObject\",\"inLanguage\":\"fr-FR\",\"@id\":\"https:\/\/www.carideal.com\/blog\/2014\/08\/25\/la-voiture-electrique-patine-faute-d-infrastructures\/#primaryimage\",\"url\":\"https:\/\/www.carideal.com\/blog\/wp-content\/uploads\/2014\/08\/renaultzoeelectriquevoitureelectrique-1409065188.jpg\",\"contentUrl\":\"https:\/\/www.carideal.com\/blog\/wp-content\/uploads\/2014\/08\/renaultzoeelectriquevoitureelectrique-1409065188.jpg\",\"width\":1200,\"height\":800,\"caption\":\"Pas assez de borne de recharge \u00e9lectrique\"},{\"@type\":\"BreadcrumbList\",\"@id\":\"https:\/\/www.carideal.com\/blog\/2014\/08\/25\/la-voiture-electrique-patine-faute-d-infrastructures\/#breadcrumb\",\"itemListElement\":[{\"@type\":\"ListItem\",\"position\":1,\"name\":\"Blog Carid\u00e9al\",\"item\":\"https:\/\/www.carideal.com\/blog\/\"},{\"@type\":\"ListItem\",\"position\":2,\"name\":\"Technologie Automobile\",\"item\":\"https:\/\/www.carideal.com\/blog\/technologie-2\/\"},{\"@type\":\"ListItem\",\"position\":3,\"name\":\"Pas assez de borne de recharge \u00e9lectrique\"}]},{\"@type\":\"WebSite\",\"@id\":\"https:\/\/www.carideal.com\/blog\/#website\",\"url\":\"https:\/\/www.carideal.com\/blog\/\",\"name\":\"Blog auto Carid\u00e9al\",\"description\":\"Actualit\u00e9 auto par des passionn\u00e9s\",\"publisher\":{\"@id\":\"https:\/\/www.carideal.com\/blog\/#organization\"},\"potentialAction\":[{\"@type\":\"SearchAction\",\"target\":{\"@type\":\"EntryPoint\",\"urlTemplate\":\"https:\/\/www.carideal.com\/blog\/?s={search_term_string}\"},\"query-input\":{\"@type\":\"PropertyValueSpecification\",\"valueRequired\":true,\"valueName\":\"search_term_string\"}}],\"inLanguage\":\"fr-FR\"},{\"@type\":\"Organization\",\"@id\":\"https:\/\/www.carideal.com\/blog\/#organization\",\"name\":\"Carideal\",\"url\":\"https:\/\/www.carideal.com\/blog\/\",\"logo\":{\"@type\":\"ImageObject\",\"inLanguage\":\"fr-FR\",\"@id\":\"https:\/\/www.carideal.com\/blog\/#\/schema\/logo\/image\/\",\"url\":\"http:\/\/www.carideal.com\/blog\/wp-content\/uploads\/2016\/03\/logo-carideal-mandataire-automobile.png\",\"contentUrl\":\"http:\/\/www.carideal.com\/blog\/wp-content\/uploads\/2016\/03\/logo-carideal-mandataire-automobile.png\",\"width\":300,\"height\":300,\"caption\":\"Carideal\"},\"image\":{\"@id\":\"https:\/\/www.carideal.com\/blog\/#\/schema\/logo\/image\/\"},\"sameAs\":[\"https:\/\/www.facebook.com\/Carideal.mandataire.automobile\",\"https:\/\/x.com\/caridealauto\",\"https:\/\/www.instagram.com\/carideal1\/\",\"https:\/\/www.linkedin.com\/company\/carideal.com\",\"https:\/\/fr.pinterest.com\/schiavonsas\/\",\"https:\/\/www.youtube.com\/user\/caridealsas\"]},{\"@type\":\"Person\",\"@id\":\"https:\/\/www.carideal.com\/blog\/#\/schema\/person\/cd95dc7919660de90d31b366f85be1ec\",\"name\":\"Nicolas SCHIAVON\",\"image\":{\"@type\":\"ImageObject\",\"inLanguage\":\"fr-FR\",\"@id\":\"https:\/\/www.carideal.com\/blog\/#\/schema\/person\/image\/\",\"url\":\"https:\/\/secure.gravatar.com\/avatar\/c17e55009e671d92cc7f5dc837dc418a?s=96&r=g\",\"contentUrl\":\"https:\/\/secure.gravatar.com\/avatar\/c17e55009e671d92cc7f5dc837dc418a?s=96&r=g\",\"caption\":\"Nicolas SCHIAVON\"},\"description\":\"Nicolas Schiavon est tomb\u00e9 tout petit dans la marmite automobile. Ayant eu un garage de marque automobile, mandataire automobile de la premi\u00e8re heure d\u00e8s 1999. Nicolas a cr\u00e9\u00e9 ces premiers sites de vente de voiture et blog automobile d\u00e8s 1994. Carideal est n\u00e9 le 15 d\u00e9cembre 2000 de la volont\u00e9 de vendre des voitures d'occasions en ligne puis des voitures neuves. Il a pu essayer beaucoup de voitures tr\u00e8s diff\u00e9rentes et ayant eu personnellement quelques belles autos, Subaru Impreza, Mitsubishi Lancer Evo 7, Porsche 911, Ferrari Testarrossa, Audi RS3, RS4 et j'en passe...\",\"sameAs\":[\"http:\/\/www.carideal.com\",\"https:\/\/www.facebook.com\/nicolas.schiavon.39\",\"https:\/\/www.instagram.com\/carideal1\/\",\"https:\/\/www.linkedin.com\/in\/nschiavon\/\",\"https:\/\/x.com\/caridealauto\",\"https:\/\/www.youtube.com\/user\/caridealsas\/\"],\"url\":\"https:\/\/www.carideal.com\/blog\/author\/nschiavon\/\"}]}<\/script>\n<!-- \/ Yoast SEO plugin. -->","yoast_head_json":{"title":"Pas assez de borne de recharge \u00e9lectrique - Blog auto Carid\u00e9al","description":"Il n'y a pas assez de borne de recharge \u00e9lectrique C'est ainsi quest justifi\u00e9 la m\u00e9vente des Zo\u00e9 par le PDG de Renault Nissan","robots":{"index":"index","follow":"follow","max-snippet":"max-snippet:-1","max-image-preview":"max-image-preview:large","max-video-preview":"max-video-preview:-1"},"canonical":"https:\/\/www.carideal.com\/blog\/2014\/08\/25\/la-voiture-electrique-patine-faute-d-infrastructures\/","og_locale":"fr_FR","og_type":"article","og_title":"Pas assez de borne de recharge \u00e9lectrique - Blog auto Carid\u00e9al","og_description":"Il n'y a pas assez de borne de recharge \u00e9lectrique C'est ainsi quest justifi\u00e9 la m\u00e9vente des Zo\u00e9 par le PDG de Renault Nissan","og_url":"https:\/\/www.carideal.com\/blog\/2014\/08\/25\/la-voiture-electrique-patine-faute-d-infrastructures\/","og_site_name":"Blog auto Carid\u00e9al","article_publisher":"https:\/\/www.facebook.com\/Carideal.mandataire.automobile","article_author":"https:\/\/www.facebook.com\/nicolas.schiavon.39","article_published_time":"2014-08-25T22:00:00+00:00","article_modified_time":"2023-01-20T13:29:08+00:00","og_image":[{"width":1200,"height":800,"url":"https:\/\/www.carideal.com\/blog\/wp-content\/uploads\/2014\/08\/renaultzoeelectriquevoitureelectrique-1409065188.jpg","type":"image\/jpeg"}],"author":"Nicolas SCHIAVON","twitter_card":"summary_large_image","twitter_creator":"@caridealauto","twitter_site":"@caridealauto","twitter_misc":{"\u00c9crit par":"Nicolas SCHIAVON","Dur\u00e9e de lecture estim\u00e9e":"2 minutes"},"schema":{"@context":"https:\/\/schema.org","@graph":[{"@type":"Article","@id":"https:\/\/www.carideal.com\/blog\/2014\/08\/25\/la-voiture-electrique-patine-faute-d-infrastructures\/#article","isPartOf":{"@id":"https:\/\/www.carideal.com\/blog\/2014\/08\/25\/la-voiture-electrique-patine-faute-d-infrastructures\/"},"author":{"name":"Nicolas SCHIAVON","@id":"https:\/\/www.carideal.com\/blog\/#\/schema\/person\/cd95dc7919660de90d31b366f85be1ec"},"headline":"Pas assez de borne de recharge \u00e9lectrique","datePublished":"2014-08-25T22:00:00+00:00","dateModified":"2023-01-20T13:29:08+00:00","mainEntityOfPage":{"@id":"https:\/\/www.carideal.com\/blog\/2014\/08\/25\/la-voiture-electrique-patine-faute-d-infrastructures\/"},"wordCount":357,"commentCount":0,"publisher":{"@id":"https:\/\/www.carideal.com\/blog\/#organization"},"image":{"@id":"https:\/\/www.carideal.com\/blog\/2014\/08\/25\/la-voiture-electrique-patine-faute-d-infrastructures\/#primaryimage"},"thumbnailUrl":"https:\/\/www.carideal.com\/blog\/wp-content\/uploads\/2014\/08\/renaultzoeelectriquevoitureelectrique-1409065188.jpg","articleSection":["Technologie Automobile","Voiture \u00e9lectrique"],"inLanguage":"fr-FR","potentialAction":[{"@type":"CommentAction","name":"Comment","target":["https:\/\/www.carideal.com\/blog\/2014\/08\/25\/la-voiture-electrique-patine-faute-d-infrastructures\/#respond"]}]},{"@type":"WebPage","@id":"https:\/\/www.carideal.com\/blog\/2014\/08\/25\/la-voiture-electrique-patine-faute-d-infrastructures\/","url":"https:\/\/www.carideal.com\/blog\/2014\/08\/25\/la-voiture-electrique-patine-faute-d-infrastructures\/","name":"Pas assez de borne de recharge \u00e9lectrique - Blog auto Carid\u00e9al","isPartOf":{"@id":"https:\/\/www.carideal.com\/blog\/#website"},"primaryImageOfPage":{"@id":"https:\/\/www.carideal.com\/blog\/2014\/08\/25\/la-voiture-electrique-patine-faute-d-infrastructures\/#primaryimage"},"image":{"@id":"https:\/\/www.carideal.com\/blog\/2014\/08\/25\/la-voiture-electrique-patine-faute-d-infrastructures\/#primaryimage"},"thumbnailUrl":"https:\/\/www.carideal.com\/blog\/wp-content\/uploads\/2014\/08\/renaultzoeelectriquevoitureelectrique-1409065188.jpg","datePublished":"2014-08-25T22:00:00+00:00","dateModified":"2023-01-20T13:29:08+00:00","description":"Il n'y a pas assez de borne de recharge \u00e9lectrique C'est ainsi quest justifi\u00e9 la m\u00e9vente des Zo\u00e9 par le PDG de Renault Nissan","breadcrumb":{"@id":"https:\/\/www.carideal.com\/blog\/2014\/08\/25\/la-voiture-electrique-patine-faute-d-infrastructures\/#breadcrumb"},"inLanguage":"fr-FR","potentialAction":[{"@type":"ReadAction","target":["https:\/\/www.carideal.com\/blog\/2014\/08\/25\/la-voiture-electrique-patine-faute-d-infrastructures\/"]}]},{"@type":"ImageObject","inLanguage":"fr-FR","@id":"https:\/\/www.carideal.com\/blog\/2014\/08\/25\/la-voiture-electrique-patine-faute-d-infrastructures\/#primaryimage","url":"https:\/\/www.carideal.com\/blog\/wp-content\/uploads\/2014\/08\/renaultzoeelectriquevoitureelectrique-1409065188.jpg","contentUrl":"https:\/\/www.carideal.com\/blog\/wp-content\/uploads\/2014\/08\/renaultzoeelectriquevoitureelectrique-1409065188.jpg","width":1200,"height":800,"caption":"Pas assez de borne de recharge \u00e9lectrique"},{"@type":"BreadcrumbList","@id":"https:\/\/www.carideal.com\/blog\/2014\/08\/25\/la-voiture-electrique-patine-faute-d-infrastructures\/#breadcrumb","itemListElement":[{"@type":"ListItem","position":1,"name":"Blog Carid\u00e9al","item":"https:\/\/www.carideal.com\/blog\/"},{"@type":"ListItem","position":2,"name":"Technologie Automobile","item":"https:\/\/www.carideal.com\/blog\/technologie-2\/"},{"@type":"ListItem","position":3,"name":"Pas assez de borne de recharge \u00e9lectrique"}]},{"@type":"WebSite","@id":"https:\/\/www.carideal.com\/blog\/#website","url":"https:\/\/www.carideal.com\/blog\/","name":"Blog auto Carid\u00e9al","description":"Actualit\u00e9 auto par des passionn\u00e9s","publisher":{"@id":"https:\/\/www.carideal.com\/blog\/#organization"},"potentialAction":[{"@type":"SearchAction","target":{"@type":"EntryPoint","urlTemplate":"https:\/\/www.carideal.com\/blog\/?s={search_term_string}"},"query-input":{"@type":"PropertyValueSpecification","valueRequired":true,"valueName":"search_term_string"}}],"inLanguage":"fr-FR"},{"@type":"Organization","@id":"https:\/\/www.carideal.com\/blog\/#organization","name":"Carideal","url":"https:\/\/www.carideal.com\/blog\/","logo":{"@type":"ImageObject","inLanguage":"fr-FR","@id":"https:\/\/www.carideal.com\/blog\/#\/schema\/logo\/image\/","url":"http:\/\/www.carideal.com\/blog\/wp-content\/uploads\/2016\/03\/logo-carideal-mandataire-automobile.png","contentUrl":"http:\/\/www.carideal.com\/blog\/wp-content\/uploads\/2016\/03\/logo-carideal-mandataire-automobile.png","width":300,"height":300,"caption":"Carideal"},"image":{"@id":"https:\/\/www.carideal.com\/blog\/#\/schema\/logo\/image\/"},"sameAs":["https:\/\/www.facebook.com\/Carideal.mandataire.automobile","https:\/\/x.com\/caridealauto","https:\/\/www.instagram.com\/carideal1\/","https:\/\/www.linkedin.com\/company\/carideal.com","https:\/\/fr.pinterest.com\/schiavonsas\/","https:\/\/www.youtube.com\/user\/caridealsas"]},{"@type":"Person","@id":"https:\/\/www.carideal.com\/blog\/#\/schema\/person\/cd95dc7919660de90d31b366f85be1ec","name":"Nicolas SCHIAVON","image":{"@type":"ImageObject","inLanguage":"fr-FR","@id":"https:\/\/www.carideal.com\/blog\/#\/schema\/person\/image\/","url":"https:\/\/secure.gravatar.com\/avatar\/c17e55009e671d92cc7f5dc837dc418a?s=96&r=g","contentUrl":"https:\/\/secure.gravatar.com\/avatar\/c17e55009e671d92cc7f5dc837dc418a?s=96&r=g","caption":"Nicolas SCHIAVON"},"description":"Nicolas Schiavon est tomb\u00e9 tout petit dans la marmite automobile. Ayant eu un garage de marque automobile, mandataire automobile de la premi\u00e8re heure d\u00e8s 1999. Nicolas a cr\u00e9\u00e9 ces premiers sites de vente de voiture et blog automobile d\u00e8s 1994. Carideal est n\u00e9 le 15 d\u00e9cembre 2000 de la volont\u00e9 de vendre des voitures d'occasions en ligne puis des voitures neuves. Il a pu essayer beaucoup de voitures tr\u00e8s diff\u00e9rentes et ayant eu personnellement quelques belles autos, Subaru Impreza, Mitsubishi Lancer Evo 7, Porsche 911, Ferrari Testarrossa, Audi RS3, RS4 et j'en passe...","sameAs":["http:\/\/www.carideal.com","https:\/\/www.facebook.com\/nicolas.schiavon.39","https:\/\/www.instagram.com\/carideal1\/","https:\/\/www.linkedin.com\/in\/nschiavon\/","https:\/\/x.com\/caridealauto","https:\/\/www.youtube.com\/user\/caridealsas\/"],"url":"https:\/\/www.carideal.com\/blog\/author\/nschiavon\/"}]}},"uagb_featured_image_src":{"full":["https:\/\/www.carideal.com\/blog\/wp-content\/uploads\/2014\/08\/renaultzoeelectriquevoitureelectrique-1409065188.jpg",1200,800,false],"thumbnail":["https:\/\/www.carideal.com\/blog\/wp-content\/uploads\/2014\/08\/renaultzoeelectriquevoitureelectrique-1409065188-150x150.jpg",150,150,true],"medium":["https:\/\/www.carideal.com\/blog\/wp-content\/uploads\/2014\/08\/renaultzoeelectriquevoitureelectrique-1409065188-300x200.jpg",300,200,true],"medium_large":["https:\/\/www.carideal.com\/blog\/wp-content\/uploads\/2014\/08\/renaultzoeelectriquevoitureelectrique-1409065188-768x512.jpg",768,512,true],"large":["https:\/\/www.carideal.com\/blog\/wp-content\/uploads\/2014\/08\/renaultzoeelectriquevoitureelectrique-1409065188-1024x683.jpg",1024,683,true],"1536x1536":["https:\/\/www.carideal.com\/blog\/wp-content\/uploads\/2014\/08\/renaultzoeelectriquevoitureelectrique-1409065188.jpg",1200,800,false],"2048x2048":["https:\/\/www.carideal.com\/blog\/wp-content\/uploads\/2014\/08\/renaultzoeelectriquevoitureelectrique-1409065188.jpg",1200,800,false],"wppr-widget":["https:\/\/www.carideal.com\/blog\/wp-content\/uploads\/2014\/08\/renaultzoeelectriquevoitureelectrique-1409065188-50x33.jpg",50,33,true]},"uagb_author_info":{"display_name":"Nicolas SCHIAVON","author_link":"https:\/\/www.carideal.com\/blog\/author\/nschiavon\/"},"uagb_comment_info":0,"uagb_excerpt":"Il n'y a pas assez de borne de recharge \u00e9lectrique C'est ainsi qu'est justifi\u00e9 la m\u00e9vente des Zo\u00e9 par le PDG de Renault Nissan :&nbsp;\"La voiture \u00e9lectrique patine faute d'infrastructures. Mais les concurrents arrivent. C'est un signe qui ne trompe pas.\"La phrase de Carlos Ghosn, PDG de Renault, justifiant ses pr\u00e9visions trop optimistes pour Zo\u00e9.\u2026","_links":{"self":[{"href":"https:\/\/www.carideal.com\/blog\/wp-json\/wp\/v2\/posts\/5501"}],"collection":[{"href":"https:\/\/www.carideal.com\/blog\/wp-json\/wp\/v2\/posts"}],"about":[{"href":"https:\/\/www.carideal.com\/blog\/wp-json\/wp\/v2\/types\/post"}],"author":[{"embeddable":true,"href":"https:\/\/www.carideal.com\/blog\/wp-json\/wp\/v2\/users\/3"}],"replies":[{"embeddable":true,"href":"https:\/\/www.carideal.com\/blog\/wp-json\/wp\/v2\/comments?post=5501"}],"version-history":[{"count":0,"href":"https:\/\/www.carideal.com\/blog\/wp-json\/wp\/v2\/posts\/5501\/revisions"}],"wp:featuredmedia":[{"embeddable":true,"href":"https:\/\/www.carideal.com\/blog\/wp-json\/wp\/v2\/media\/26684"}],"wp:attachment":[{"href":"https:\/\/www.carideal.com\/blog\/wp-json\/wp\/v2\/media?parent=5501"}],"wp:term":[{"taxonomy":"category","embeddable":true,"href":"https:\/\/www.carideal.com\/blog\/wp-json\/wp\/v2\/categories?post=5501"},{"taxonomy":"post_tag","embeddable":true,"href":"https:\/\/www.carideal.com\/blog\/wp-json\/wp\/v2\/tags?post=5501"}],"curies":[{"name":"wp","href":"https:\/\/api.w.org\/{rel}","templated":true}]}}