{"id":5499,"date":"2014-07-12T22:00:00","date_gmt":"2014-07-12T22:00:00","guid":{"rendered":"http:\/\/www.carideal.com\/blog\/2014\/07\/12\/nouvelle-volkswagen-passat-2015\/"},"modified":"2017-11-25T19:07:53","modified_gmt":"2017-11-25T18:07:53","slug":"nouvelle-volkswagen-passat-2015","status":"publish","type":"post","link":"https:\/\/www.carideal.com\/blog\/2014\/07\/12\/nouvelle-volkswagen-passat-2015\/","title":{"rendered":"Nouvelle Volkswagen Passat 2015"},"content":{"rendered":"<div>\n<h1>Nouvelle Volkswagen Passat 2015<\/h1>\n<\/div>\n<p><strong>La Nouvelle Volkswagen Passat 2015<\/strong> sera commercialis\u00e9e en Novembre \u00e0 partir de 25900 \u20ac. La huiti\u00e8me g\u00e9n\u00e9ration de la Passat arrive, m\u00eame longueur, mais plus basse et plus large, elle reste sur une version classique.\u00a0La nouvelle Volkswagen Passat 2015 s'allonge de 88 kg afin de faire baisser sa consommation et sera propos\u00e9e en version hybride rechargeable en 2015 : son objectif rester la r\u00e9f\u00e9rence europ\u00e9enne.<br \/>\nA bord de la <a href=\"http:\/\/www.carideal.com\/blog\/marque-de-voiture-actualites-essais\/volkswagen\/\">Volkswagen<\/a>, c'est du grand classique mais c'est qualitatif, efficace et \u00e0 la pointe de la technologie embraqu\u00e9e.<br \/>\nLa variante <a href=\"http:\/\/www.carideal.com\/blog\/type-de-vehicule\/break\/\">break SW<\/a> de la nouvelle Volkswagen Passat 2015 qui repr\u00e9sente plus de la moiti\u00e9 des ventes de la Passat en France, sera lanc\u00e9e en m\u00eame temps que la berline. La capacit\u00e9 de son coffre est port\u00e9e \u00e0 650 litres.<br \/>\nLa nouvelle Volkswagen Passat 2015 est homologu\u00e9e pour 10 g\/km avec le TDI 150 et moins de 100 g pour le TDI 120, des arguments qui vont plaire aux gestionnaires de flotte d'entreprise qui repr\u00e9sente 68 % des clients de cette voiture.<br \/>\nLa Volkswagen Passat 2015 disposera des moteurs TDI de 120, 150, 190 et 240 ch. Ce dernier sera un nouveau 2.0 biturbo d\u00e9velloppant 500 Nm de couple et offrant des performances de 3.0 V6 TDI en ne proposant des \u00e9missions limit\u00e9es \u00e0 139 g de CO2 par km et 5.3 l\/100 km. En essence la France disposera du moteur 1.4 TSI de 125 et 150 ch.<br \/>\nLa Passat a toujours su \u00e9voluer avec son \u00e9poque et cette huiti\u00e8me g\u00e9n\u00e9ration insiste particuli\u00e8rement sur les basses consommations et la technologie hybride rechargeable pour r\u00e9pondre aux r\u00e9glementations sur le CO2 et s'imposer encore plus fortement aupr\u00e8s des entreprises, son premier march\u00e9 en France. Son style reste sage et qualitatif, mais l'allemande a toujours \u00e9t\u00e9 d'avantage lou\u00e9e pour son pragmatisme que pour son sex-appeal.<\/p>\n","protected":false},"excerpt":{"rendered":"<p>Nouvelle Volkswagen Passat 2015 La Nouvelle Volkswagen Passat 2015 sera commercialis\u00e9e en Novembre \u00e0 partir de 25900 \u20ac. La huiti\u00e8me g\u00e9n\u00e9ration de la Passat arrive, m\u00eame longueur, mais plus basse et plus large, elle reste sur une version classique.\u00a0La nouvelle Volkswagen Passat 2015 s&rsquo;allonge de 88 kg afin de faire baisser sa consommation et sera &#8230; <a title=\"Nouvelle Volkswagen Passat 2015\" class=\"read-more\" href=\"https:\/\/www.carideal.com\/blog\/2014\/07\/12\/nouvelle-volkswagen-passat-2015\/\" aria-label=\"En savoir plus sur Nouvelle Volkswagen Passat 2015\">Lire plus<\/a><\/p>\n","protected":false},"author":3,"featured_media":16595,"comment_status":"open","ping_status":"open","sticky":false,"template":"","format":"standard","meta":{"_uag_custom_page_level_css":"","_themeisle_gutenberg_block_has_review":false,"footnotes":""},"categories":[5944,5985],"tags":[],"class_list":["post-5499","post","type-post","status-publish","format-standard","has-post-thumbnail","hentry","category-constructeur","category-volkswagen"],"wppr_data":{"cwp_meta_box_check":"Yes","cwp_rev_product_name":"Volkswagen Passat 2015","cwp_rev_product_image":"http:\/\/www.carideal.com\/blog\/wp-content\/uploads\/2014\/07\/volkswagenpassat2015caridealmandataireautomobile-1405238417.jpg","cwp_image_link":"image","wppr_links":[],"cwp_rev_price":"25900 \u20ac","wppr_pros":["","","","",""],"wppr_cons":["","","","",""],"wppr_rating":"0.00","wppr_options":[]},"yoast_head":"<!-- This site is optimized with the Yoast SEO plugin v24.8.1 - https:\/\/yoast.com\/wordpress\/plugins\/seo\/ -->\n<title>Nouvelle Volkswagen Passat 2015 - Blog auto Carid\u00e9al<\/title>\n<meta name=\"description\" content=\"Trouvez nos premi\u00e8res impressions sur la nouvelle Volkswagen Passat 2015. Les prix et les mod\u00e8les sont d\u00e9cript\u00e9s par Carideal\" \/>\n<meta name=\"robots\" content=\"index, follow, max-snippet:-1, max-image-preview:large, max-video-preview:-1\" \/>\n<link rel=\"canonical\" href=\"https:\/\/www.carideal.com\/blog\/2014\/07\/12\/nouvelle-volkswagen-passat-2015\/\" \/>\n<meta property=\"og:locale\" content=\"fr_FR\" \/>\n<meta property=\"og:type\" content=\"article\" \/>\n<meta property=\"og:title\" content=\"Nouvelle Volkswagen Passat 2015 - Blog auto Carid\u00e9al\" \/>\n<meta property=\"og:description\" content=\"Trouvez nos premi\u00e8res impressions sur la nouvelle Volkswagen Passat 2015. Les prix et les mod\u00e8les sont d\u00e9cript\u00e9s par Carideal\" \/>\n<meta property=\"og:url\" content=\"https:\/\/www.carideal.com\/blog\/2014\/07\/12\/nouvelle-volkswagen-passat-2015\/\" \/>\n<meta property=\"og:site_name\" content=\"Blog auto Carid\u00e9al\" \/>\n<meta property=\"article:publisher\" content=\"https:\/\/www.facebook.com\/Carideal.mandataire.automobile\" \/>\n<meta property=\"article:author\" content=\"https:\/\/www.facebook.com\/nicolas.schiavon.39\" \/>\n<meta property=\"article:published_time\" content=\"2014-07-12T22:00:00+00:00\" \/>\n<meta property=\"article:modified_time\" content=\"2017-11-25T18:07:53+00:00\" \/>\n<meta property=\"og:image\" content=\"https:\/\/www.carideal.com\/blog\/wp-content\/uploads\/2014\/07\/volkswagenpassat2015caridealmandataireautomobile-1405238417.jpg\" \/>\n\t<meta property=\"og:image:width\" content=\"420\" \/>\n\t<meta property=\"og:image:height\" content=\"280\" \/>\n\t<meta property=\"og:image:type\" content=\"image\/jpeg\" \/>\n<meta name=\"author\" content=\"Nicolas SCHIAVON\" \/>\n<meta name=\"twitter:card\" content=\"summary_large_image\" \/>\n<meta name=\"twitter:creator\" content=\"@caridealauto\" \/>\n<meta name=\"twitter:site\" content=\"@caridealauto\" \/>\n<meta name=\"twitter:label1\" content=\"\u00c9crit par\" \/>\n\t<meta name=\"twitter:data1\" content=\"Nicolas SCHIAVON\" \/>\n\t<meta name=\"twitter:label2\" content=\"Dur\u00e9e de lecture estim\u00e9e\" \/>\n\t<meta name=\"twitter:data2\" content=\"1 minute\" \/>\n<script type=\"application\/ld+json\" class=\"yoast-schema-graph\">{\"@context\":\"https:\/\/schema.org\",\"@graph\":[{\"@type\":\"Article\",\"@id\":\"https:\/\/www.carideal.com\/blog\/2014\/07\/12\/nouvelle-volkswagen-passat-2015\/#article\",\"isPartOf\":{\"@id\":\"https:\/\/www.carideal.com\/blog\/2014\/07\/12\/nouvelle-volkswagen-passat-2015\/\"},\"author\":{\"name\":\"Nicolas SCHIAVON\",\"@id\":\"https:\/\/www.carideal.com\/blog\/#\/schema\/person\/cd95dc7919660de90d31b366f85be1ec\"},\"headline\":\"Nouvelle Volkswagen Passat 2015\",\"datePublished\":\"2014-07-12T22:00:00+00:00\",\"dateModified\":\"2017-11-25T18:07:53+00:00\",\"mainEntityOfPage\":{\"@id\":\"https:\/\/www.carideal.com\/blog\/2014\/07\/12\/nouvelle-volkswagen-passat-2015\/\"},\"wordCount\":300,\"commentCount\":0,\"publisher\":{\"@id\":\"https:\/\/www.carideal.com\/blog\/#organization\"},\"image\":{\"@id\":\"https:\/\/www.carideal.com\/blog\/2014\/07\/12\/nouvelle-volkswagen-passat-2015\/#primaryimage\"},\"thumbnailUrl\":\"https:\/\/www.carideal.com\/blog\/wp-content\/uploads\/2014\/07\/volkswagenpassat2015caridealmandataireautomobile-1405238417.jpg\",\"articleSection\":[\"Actualit\u00e9 Constructeur automobile\",\"Actualit\u00e9 Volkswagen\"],\"inLanguage\":\"fr-FR\",\"potentialAction\":[{\"@type\":\"CommentAction\",\"name\":\"Comment\",\"target\":[\"https:\/\/www.carideal.com\/blog\/2014\/07\/12\/nouvelle-volkswagen-passat-2015\/#respond\"]}]},{\"@type\":\"WebPage\",\"@id\":\"https:\/\/www.carideal.com\/blog\/2014\/07\/12\/nouvelle-volkswagen-passat-2015\/\",\"url\":\"https:\/\/www.carideal.com\/blog\/2014\/07\/12\/nouvelle-volkswagen-passat-2015\/\",\"name\":\"Nouvelle Volkswagen Passat 2015 - Blog auto Carid\u00e9al\",\"isPartOf\":{\"@id\":\"https:\/\/www.carideal.com\/blog\/#website\"},\"primaryImageOfPage\":{\"@id\":\"https:\/\/www.carideal.com\/blog\/2014\/07\/12\/nouvelle-volkswagen-passat-2015\/#primaryimage\"},\"image\":{\"@id\":\"https:\/\/www.carideal.com\/blog\/2014\/07\/12\/nouvelle-volkswagen-passat-2015\/#primaryimage\"},\"thumbnailUrl\":\"https:\/\/www.carideal.com\/blog\/wp-content\/uploads\/2014\/07\/volkswagenpassat2015caridealmandataireautomobile-1405238417.jpg\",\"datePublished\":\"2014-07-12T22:00:00+00:00\",\"dateModified\":\"2017-11-25T18:07:53+00:00\",\"description\":\"Trouvez nos premi\u00e8res impressions sur la nouvelle Volkswagen Passat 2015. Les prix et les mod\u00e8les sont d\u00e9cript\u00e9s par Carideal\",\"breadcrumb\":{\"@id\":\"https:\/\/www.carideal.com\/blog\/2014\/07\/12\/nouvelle-volkswagen-passat-2015\/#breadcrumb\"},\"inLanguage\":\"fr-FR\",\"potentialAction\":[{\"@type\":\"ReadAction\",\"target\":[\"https:\/\/www.carideal.com\/blog\/2014\/07\/12\/nouvelle-volkswagen-passat-2015\/\"]}]},{\"@type\":\"ImageObject\",\"inLanguage\":\"fr-FR\",\"@id\":\"https:\/\/www.carideal.com\/blog\/2014\/07\/12\/nouvelle-volkswagen-passat-2015\/#primaryimage\",\"url\":\"https:\/\/www.carideal.com\/blog\/wp-content\/uploads\/2014\/07\/volkswagenpassat2015caridealmandataireautomobile-1405238417.jpg\",\"contentUrl\":\"https:\/\/www.carideal.com\/blog\/wp-content\/uploads\/2014\/07\/volkswagenpassat2015caridealmandataireautomobile-1405238417.jpg\",\"width\":420,\"height\":280,\"caption\":\"Nouvelle Volkswagen Passat 2015\"},{\"@type\":\"BreadcrumbList\",\"@id\":\"https:\/\/www.carideal.com\/blog\/2014\/07\/12\/nouvelle-volkswagen-passat-2015\/#breadcrumb\",\"itemListElement\":[{\"@type\":\"ListItem\",\"position\":1,\"name\":\"Blog Carid\u00e9al\",\"item\":\"https:\/\/www.carideal.com\/blog\/\"},{\"@type\":\"ListItem\",\"position\":2,\"name\":\"Actualit\u00e9 constructeur automobile\",\"item\":\"https:\/\/www.carideal.com\/blog\/constructeur\/\"},{\"@type\":\"ListItem\",\"position\":3,\"name\":\"Nouvelle Volkswagen Passat 2015\"}]},{\"@type\":\"WebSite\",\"@id\":\"https:\/\/www.carideal.com\/blog\/#website\",\"url\":\"https:\/\/www.carideal.com\/blog\/\",\"name\":\"Blog auto Carid\u00e9al\",\"description\":\"Actualit\u00e9 auto par des passionn\u00e9s\",\"publisher\":{\"@id\":\"https:\/\/www.carideal.com\/blog\/#organization\"},\"potentialAction\":[{\"@type\":\"SearchAction\",\"target\":{\"@type\":\"EntryPoint\",\"urlTemplate\":\"https:\/\/www.carideal.com\/blog\/?s={search_term_string}\"},\"query-input\":{\"@type\":\"PropertyValueSpecification\",\"valueRequired\":true,\"valueName\":\"search_term_string\"}}],\"inLanguage\":\"fr-FR\"},{\"@type\":\"Organization\",\"@id\":\"https:\/\/www.carideal.com\/blog\/#organization\",\"name\":\"Carideal\",\"url\":\"https:\/\/www.carideal.com\/blog\/\",\"logo\":{\"@type\":\"ImageObject\",\"inLanguage\":\"fr-FR\",\"@id\":\"https:\/\/www.carideal.com\/blog\/#\/schema\/logo\/image\/\",\"url\":\"http:\/\/www.carideal.com\/blog\/wp-content\/uploads\/2016\/03\/logo-carideal-mandataire-automobile.png\",\"contentUrl\":\"http:\/\/www.carideal.com\/blog\/wp-content\/uploads\/2016\/03\/logo-carideal-mandataire-automobile.png\",\"width\":300,\"height\":300,\"caption\":\"Carideal\"},\"image\":{\"@id\":\"https:\/\/www.carideal.com\/blog\/#\/schema\/logo\/image\/\"},\"sameAs\":[\"https:\/\/www.facebook.com\/Carideal.mandataire.automobile\",\"https:\/\/x.com\/caridealauto\",\"https:\/\/www.instagram.com\/carideal1\/\",\"https:\/\/www.linkedin.com\/company\/carideal.com\",\"https:\/\/fr.pinterest.com\/schiavonsas\/\",\"https:\/\/www.youtube.com\/user\/caridealsas\"]},{\"@type\":\"Person\",\"@id\":\"https:\/\/www.carideal.com\/blog\/#\/schema\/person\/cd95dc7919660de90d31b366f85be1ec\",\"name\":\"Nicolas SCHIAVON\",\"image\":{\"@type\":\"ImageObject\",\"inLanguage\":\"fr-FR\",\"@id\":\"https:\/\/www.carideal.com\/blog\/#\/schema\/person\/image\/\",\"url\":\"https:\/\/secure.gravatar.com\/avatar\/c17e55009e671d92cc7f5dc837dc418a?s=96&r=g\",\"contentUrl\":\"https:\/\/secure.gravatar.com\/avatar\/c17e55009e671d92cc7f5dc837dc418a?s=96&r=g\",\"caption\":\"Nicolas SCHIAVON\"},\"description\":\"Nicolas Schiavon est tomb\u00e9 tout petit dans la marmite automobile. Ayant eu un garage de marque automobile, mandataire automobile de la premi\u00e8re heure d\u00e8s 1999. Nicolas a cr\u00e9\u00e9 ces premiers sites de vente de voiture et blog automobile d\u00e8s 1994. Carideal est n\u00e9 le 15 d\u00e9cembre 2000 de la volont\u00e9 de vendre des voitures d'occasions en ligne puis des voitures neuves. Il a pu essayer beaucoup de voitures tr\u00e8s diff\u00e9rentes et ayant eu personnellement quelques belles autos, Subaru Impreza, Mitsubishi Lancer Evo 7, Porsche 911, Ferrari Testarrossa, Audi RS3, RS4 et j'en passe...\",\"sameAs\":[\"http:\/\/www.carideal.com\",\"https:\/\/www.facebook.com\/nicolas.schiavon.39\",\"https:\/\/www.instagram.com\/carideal1\/\",\"https:\/\/www.linkedin.com\/in\/nschiavon\/\",\"https:\/\/x.com\/caridealauto\",\"https:\/\/www.youtube.com\/user\/caridealsas\/\"],\"url\":\"https:\/\/www.carideal.com\/blog\/author\/nschiavon\/\"}]}<\/script>\n<!-- \/ Yoast SEO plugin. -->","yoast_head_json":{"title":"Nouvelle Volkswagen Passat 2015 - Blog auto Carid\u00e9al","description":"Trouvez nos premi\u00e8res impressions sur la nouvelle Volkswagen Passat 2015. Les prix et les mod\u00e8les sont d\u00e9cript\u00e9s par Carideal","robots":{"index":"index","follow":"follow","max-snippet":"max-snippet:-1","max-image-preview":"max-image-preview:large","max-video-preview":"max-video-preview:-1"},"canonical":"https:\/\/www.carideal.com\/blog\/2014\/07\/12\/nouvelle-volkswagen-passat-2015\/","og_locale":"fr_FR","og_type":"article","og_title":"Nouvelle Volkswagen Passat 2015 - Blog auto Carid\u00e9al","og_description":"Trouvez nos premi\u00e8res impressions sur la nouvelle Volkswagen Passat 2015. Les prix et les mod\u00e8les sont d\u00e9cript\u00e9s par Carideal","og_url":"https:\/\/www.carideal.com\/blog\/2014\/07\/12\/nouvelle-volkswagen-passat-2015\/","og_site_name":"Blog auto Carid\u00e9al","article_publisher":"https:\/\/www.facebook.com\/Carideal.mandataire.automobile","article_author":"https:\/\/www.facebook.com\/nicolas.schiavon.39","article_published_time":"2014-07-12T22:00:00+00:00","article_modified_time":"2017-11-25T18:07:53+00:00","og_image":[{"width":420,"height":280,"url":"https:\/\/www.carideal.com\/blog\/wp-content\/uploads\/2014\/07\/volkswagenpassat2015caridealmandataireautomobile-1405238417.jpg","type":"image\/jpeg"}],"author":"Nicolas SCHIAVON","twitter_card":"summary_large_image","twitter_creator":"@caridealauto","twitter_site":"@caridealauto","twitter_misc":{"\u00c9crit par":"Nicolas SCHIAVON","Dur\u00e9e de lecture estim\u00e9e":"1 minute"},"schema":{"@context":"https:\/\/schema.org","@graph":[{"@type":"Article","@id":"https:\/\/www.carideal.com\/blog\/2014\/07\/12\/nouvelle-volkswagen-passat-2015\/#article","isPartOf":{"@id":"https:\/\/www.carideal.com\/blog\/2014\/07\/12\/nouvelle-volkswagen-passat-2015\/"},"author":{"name":"Nicolas SCHIAVON","@id":"https:\/\/www.carideal.com\/blog\/#\/schema\/person\/cd95dc7919660de90d31b366f85be1ec"},"headline":"Nouvelle Volkswagen Passat 2015","datePublished":"2014-07-12T22:00:00+00:00","dateModified":"2017-11-25T18:07:53+00:00","mainEntityOfPage":{"@id":"https:\/\/www.carideal.com\/blog\/2014\/07\/12\/nouvelle-volkswagen-passat-2015\/"},"wordCount":300,"commentCount":0,"publisher":{"@id":"https:\/\/www.carideal.com\/blog\/#organization"},"image":{"@id":"https:\/\/www.carideal.com\/blog\/2014\/07\/12\/nouvelle-volkswagen-passat-2015\/#primaryimage"},"thumbnailUrl":"https:\/\/www.carideal.com\/blog\/wp-content\/uploads\/2014\/07\/volkswagenpassat2015caridealmandataireautomobile-1405238417.jpg","articleSection":["Actualit\u00e9 Constructeur automobile","Actualit\u00e9 Volkswagen"],"inLanguage":"fr-FR","potentialAction":[{"@type":"CommentAction","name":"Comment","target":["https:\/\/www.carideal.com\/blog\/2014\/07\/12\/nouvelle-volkswagen-passat-2015\/#respond"]}]},{"@type":"WebPage","@id":"https:\/\/www.carideal.com\/blog\/2014\/07\/12\/nouvelle-volkswagen-passat-2015\/","url":"https:\/\/www.carideal.com\/blog\/2014\/07\/12\/nouvelle-volkswagen-passat-2015\/","name":"Nouvelle Volkswagen Passat 2015 - Blog auto Carid\u00e9al","isPartOf":{"@id":"https:\/\/www.carideal.com\/blog\/#website"},"primaryImageOfPage":{"@id":"https:\/\/www.carideal.com\/blog\/2014\/07\/12\/nouvelle-volkswagen-passat-2015\/#primaryimage"},"image":{"@id":"https:\/\/www.carideal.com\/blog\/2014\/07\/12\/nouvelle-volkswagen-passat-2015\/#primaryimage"},"thumbnailUrl":"https:\/\/www.carideal.com\/blog\/wp-content\/uploads\/2014\/07\/volkswagenpassat2015caridealmandataireautomobile-1405238417.jpg","datePublished":"2014-07-12T22:00:00+00:00","dateModified":"2017-11-25T18:07:53+00:00","description":"Trouvez nos premi\u00e8res impressions sur la nouvelle Volkswagen Passat 2015. Les prix et les mod\u00e8les sont d\u00e9cript\u00e9s par Carideal","breadcrumb":{"@id":"https:\/\/www.carideal.com\/blog\/2014\/07\/12\/nouvelle-volkswagen-passat-2015\/#breadcrumb"},"inLanguage":"fr-FR","potentialAction":[{"@type":"ReadAction","target":["https:\/\/www.carideal.com\/blog\/2014\/07\/12\/nouvelle-volkswagen-passat-2015\/"]}]},{"@type":"ImageObject","inLanguage":"fr-FR","@id":"https:\/\/www.carideal.com\/blog\/2014\/07\/12\/nouvelle-volkswagen-passat-2015\/#primaryimage","url":"https:\/\/www.carideal.com\/blog\/wp-content\/uploads\/2014\/07\/volkswagenpassat2015caridealmandataireautomobile-1405238417.jpg","contentUrl":"https:\/\/www.carideal.com\/blog\/wp-content\/uploads\/2014\/07\/volkswagenpassat2015caridealmandataireautomobile-1405238417.jpg","width":420,"height":280,"caption":"Nouvelle Volkswagen Passat 2015"},{"@type":"BreadcrumbList","@id":"https:\/\/www.carideal.com\/blog\/2014\/07\/12\/nouvelle-volkswagen-passat-2015\/#breadcrumb","itemListElement":[{"@type":"ListItem","position":1,"name":"Blog Carid\u00e9al","item":"https:\/\/www.carideal.com\/blog\/"},{"@type":"ListItem","position":2,"name":"Actualit\u00e9 constructeur automobile","item":"https:\/\/www.carideal.com\/blog\/constructeur\/"},{"@type":"ListItem","position":3,"name":"Nouvelle Volkswagen Passat 2015"}]},{"@type":"WebSite","@id":"https:\/\/www.carideal.com\/blog\/#website","url":"https:\/\/www.carideal.com\/blog\/","name":"Blog auto Carid\u00e9al","description":"Actualit\u00e9 auto par des passionn\u00e9s","publisher":{"@id":"https:\/\/www.carideal.com\/blog\/#organization"},"potentialAction":[{"@type":"SearchAction","target":{"@type":"EntryPoint","urlTemplate":"https:\/\/www.carideal.com\/blog\/?s={search_term_string}"},"query-input":{"@type":"PropertyValueSpecification","valueRequired":true,"valueName":"search_term_string"}}],"inLanguage":"fr-FR"},{"@type":"Organization","@id":"https:\/\/www.carideal.com\/blog\/#organization","name":"Carideal","url":"https:\/\/www.carideal.com\/blog\/","logo":{"@type":"ImageObject","inLanguage":"fr-FR","@id":"https:\/\/www.carideal.com\/blog\/#\/schema\/logo\/image\/","url":"http:\/\/www.carideal.com\/blog\/wp-content\/uploads\/2016\/03\/logo-carideal-mandataire-automobile.png","contentUrl":"http:\/\/www.carideal.com\/blog\/wp-content\/uploads\/2016\/03\/logo-carideal-mandataire-automobile.png","width":300,"height":300,"caption":"Carideal"},"image":{"@id":"https:\/\/www.carideal.com\/blog\/#\/schema\/logo\/image\/"},"sameAs":["https:\/\/www.facebook.com\/Carideal.mandataire.automobile","https:\/\/x.com\/caridealauto","https:\/\/www.instagram.com\/carideal1\/","https:\/\/www.linkedin.com\/company\/carideal.com","https:\/\/fr.pinterest.com\/schiavonsas\/","https:\/\/www.youtube.com\/user\/caridealsas"]},{"@type":"Person","@id":"https:\/\/www.carideal.com\/blog\/#\/schema\/person\/cd95dc7919660de90d31b366f85be1ec","name":"Nicolas SCHIAVON","image":{"@type":"ImageObject","inLanguage":"fr-FR","@id":"https:\/\/www.carideal.com\/blog\/#\/schema\/person\/image\/","url":"https:\/\/secure.gravatar.com\/avatar\/c17e55009e671d92cc7f5dc837dc418a?s=96&r=g","contentUrl":"https:\/\/secure.gravatar.com\/avatar\/c17e55009e671d92cc7f5dc837dc418a?s=96&r=g","caption":"Nicolas SCHIAVON"},"description":"Nicolas Schiavon est tomb\u00e9 tout petit dans la marmite automobile. Ayant eu un garage de marque automobile, mandataire automobile de la premi\u00e8re heure d\u00e8s 1999. Nicolas a cr\u00e9\u00e9 ces premiers sites de vente de voiture et blog automobile d\u00e8s 1994. Carideal est n\u00e9 le 15 d\u00e9cembre 2000 de la volont\u00e9 de vendre des voitures d'occasions en ligne puis des voitures neuves. Il a pu essayer beaucoup de voitures tr\u00e8s diff\u00e9rentes et ayant eu personnellement quelques belles autos, Subaru Impreza, Mitsubishi Lancer Evo 7, Porsche 911, Ferrari Testarrossa, Audi RS3, RS4 et j'en passe...","sameAs":["http:\/\/www.carideal.com","https:\/\/www.facebook.com\/nicolas.schiavon.39","https:\/\/www.instagram.com\/carideal1\/","https:\/\/www.linkedin.com\/in\/nschiavon\/","https:\/\/x.com\/caridealauto","https:\/\/www.youtube.com\/user\/caridealsas\/"],"url":"https:\/\/www.carideal.com\/blog\/author\/nschiavon\/"}]}},"uagb_featured_image_src":{"full":["https:\/\/www.carideal.com\/blog\/wp-content\/uploads\/2014\/07\/volkswagenpassat2015caridealmandataireautomobile-1405238417.jpg",420,280,false],"thumbnail":["https:\/\/www.carideal.com\/blog\/wp-content\/uploads\/2014\/07\/volkswagenpassat2015caridealmandataireautomobile-1405238417-150x150.jpg",150,150,true],"medium":["https:\/\/www.carideal.com\/blog\/wp-content\/uploads\/2014\/07\/volkswagenpassat2015caridealmandataireautomobile-1405238417-300x200.jpg",300,200,true],"medium_large":["https:\/\/www.carideal.com\/blog\/wp-content\/uploads\/2014\/07\/volkswagenpassat2015caridealmandataireautomobile-1405238417.jpg",420,280,false],"large":["https:\/\/www.carideal.com\/blog\/wp-content\/uploads\/2014\/07\/volkswagenpassat2015caridealmandataireautomobile-1405238417.jpg",420,280,false],"1536x1536":["https:\/\/www.carideal.com\/blog\/wp-content\/uploads\/2014\/07\/volkswagenpassat2015caridealmandataireautomobile-1405238417.jpg",420,280,false],"2048x2048":["https:\/\/www.carideal.com\/blog\/wp-content\/uploads\/2014\/07\/volkswagenpassat2015caridealmandataireautomobile-1405238417.jpg",420,280,false],"wppr-widget":["https:\/\/www.carideal.com\/blog\/wp-content\/uploads\/2014\/07\/volkswagenpassat2015caridealmandataireautomobile-1405238417.jpg",50,33,false]},"uagb_author_info":{"display_name":"Nicolas SCHIAVON","author_link":"https:\/\/www.carideal.com\/blog\/author\/nschiavon\/"},"uagb_comment_info":1,"uagb_excerpt":"Nouvelle Volkswagen Passat 2015 La Nouvelle Volkswagen Passat 2015 sera commercialis\u00e9e en Novembre \u00e0 partir de 25900 \u20ac. La huiti\u00e8me g\u00e9n\u00e9ration de la Passat arrive, m\u00eame longueur, mais plus basse et plus large, elle reste sur une version classique.\u00a0La nouvelle Volkswagen Passat 2015 s'allonge de 88 kg afin de faire baisser sa consommation et sera\u2026","_links":{"self":[{"href":"https:\/\/www.carideal.com\/blog\/wp-json\/wp\/v2\/posts\/5499"}],"collection":[{"href":"https:\/\/www.carideal.com\/blog\/wp-json\/wp\/v2\/posts"}],"about":[{"href":"https:\/\/www.carideal.com\/blog\/wp-json\/wp\/v2\/types\/post"}],"author":[{"embeddable":true,"href":"https:\/\/www.carideal.com\/blog\/wp-json\/wp\/v2\/users\/3"}],"replies":[{"embeddable":true,"href":"https:\/\/www.carideal.com\/blog\/wp-json\/wp\/v2\/comments?post=5499"}],"version-history":[{"count":0,"href":"https:\/\/www.carideal.com\/blog\/wp-json\/wp\/v2\/posts\/5499\/revisions"}],"wp:featuredmedia":[{"embeddable":true,"href":"https:\/\/www.carideal.com\/blog\/wp-json\/wp\/v2\/media\/16595"}],"wp:attachment":[{"href":"https:\/\/www.carideal.com\/blog\/wp-json\/wp\/v2\/media?parent=5499"}],"wp:term":[{"taxonomy":"category","embeddable":true,"href":"https:\/\/www.carideal.com\/blog\/wp-json\/wp\/v2\/categories?post=5499"},{"taxonomy":"post_tag","embeddable":true,"href":"https:\/\/www.carideal.com\/blog\/wp-json\/wp\/v2\/tags?post=5499"}],"curies":[{"name":"wp","href":"https:\/\/api.w.org\/{rel}","templated":true}]}}