{"id":5494,"date":"2014-07-11T22:00:00","date_gmt":"2014-07-11T22:00:00","guid":{"rendered":"http:\/\/www.carideal.com\/blog\/2014\/07\/11\/les-francais-se-retournent-vers-les-voitures-francaises\/"},"modified":"2014-07-11T22:00:00","modified_gmt":"2014-07-11T22:00:00","slug":"les-francais-se-retournent-vers-les-voitures-francaises","status":"publish","type":"post","link":"https:\/\/www.carideal.com\/blog\/2014\/07\/11\/les-francais-se-retournent-vers-les-voitures-francaises\/","title":{"rendered":"les francais se retournent vers les voitures francaises"},"content":{"rendered":"<div>\n                        <img decoding=\"async\" src=\"http:\/\/www.carideal.com\/images_actualite\/voituresleplusvenduesenfrancecaridealactualits-1405150067.jpg\"><\/p>\n<p>vente de voiture fran\u00e7aise en augmentation<\/p>\n<\/div>\n<p> Les Fran\u00e7ais se retournent vers les voitures Fran\u00e7aises.<br \/>\nEst ce l'\u00e9ffet ch\u00f4mage ou pas ? mais alors que nous observions une lente degringolade de la part de march\u00e9 des voitures fran\u00e7aises en France depuis 1965 passant de 86 % en 1965 \u00e0 48.3 % en 2013, on constate que celle-ci est remont\u00e9e \u00e0 50.6 % sur les 6 premiers mois de l'ann\u00e9e 2014.<br \/>\nIl y a cinquante ans les constructeurs fran\u00e7ais \u00e9taient en situation de quasi monopole avec 86 % des ventes en France.<br \/>\nDepuis le d\u00e9but de l'ann\u00e9e, les Fran\u00e7ais ont retrouv\u00e9s le chemin des concessions + 11.4 % pour Renault et +7.5 % pour Peugeot.<br \/>\nXavier Duchemin le Directeur commercial France de Peugeot le confirme, d'apr\u00e8s leur \u00e9tudes, l'origine France est un crit\u00e8re d'achat qui progresse fortement, les clients sont sensibles aux 100 000 emploies en France du groupe PSA Peugeot Citroen.<\/p>\n","protected":false},"excerpt":{"rendered":"<p>vente de voiture fran\u00e7aise en augmentation Les Fran\u00e7ais se retournent vers les voitures Fran\u00e7aises. Est ce l&rsquo;\u00e9ffet ch\u00f4mage ou pas ? mais alors que nous observions une lente degringolade de la part de march\u00e9 des voitures fran\u00e7aises en France depuis 1965 passant de 86 % en 1965 \u00e0 48.3 % en 2013, on constate que &#8230; <a title=\"les francais se retournent vers les voitures francaises\" class=\"read-more\" href=\"https:\/\/www.carideal.com\/blog\/2014\/07\/11\/les-francais-se-retournent-vers-les-voitures-francaises\/\" aria-label=\"En savoir plus sur les francais se retournent vers les voitures francaises\">Lire plus<\/a><\/p>\n","protected":false},"author":3,"featured_media":0,"comment_status":"open","ping_status":"open","sticky":false,"template":"","format":"standard","meta":{"_uag_custom_page_level_css":"","_themeisle_gutenberg_block_has_review":false,"footnotes":""},"categories":[21],"tags":[],"class_list":["post-5494","post","type-post","status-publish","format-standard","hentry","category-actualites-auto"],"wppr_data":[],"yoast_head":"<!-- This site is optimized with the Yoast SEO plugin v24.8.1 - https:\/\/yoast.com\/wordpress\/plugins\/seo\/ -->\n<title>les francais se retournent vers les voitures francaises - Blog auto Carid\u00e9al<\/title>\n<meta name=\"robots\" content=\"index, follow, max-snippet:-1, max-image-preview:large, max-video-preview:-1\" \/>\n<link rel=\"canonical\" href=\"https:\/\/www.carideal.com\/blog\/2014\/07\/11\/les-francais-se-retournent-vers-les-voitures-francaises\/\" \/>\n<meta property=\"og:locale\" content=\"fr_FR\" \/>\n<meta property=\"og:type\" content=\"article\" \/>\n<meta property=\"og:title\" content=\"les francais se retournent vers les voitures francaises - Blog auto Carid\u00e9al\" \/>\n<meta property=\"og:description\" content=\"vente de voiture fran\u00e7aise en augmentation Les Fran\u00e7ais se retournent vers les voitures Fran\u00e7aises. Est ce l&#039;\u00e9ffet ch\u00f4mage ou pas ? mais alors que nous observions une lente degringolade de la part de march\u00e9 des voitures fran\u00e7aises en France depuis 1965 passant de 86 % en 1965 \u00e0 48.3 % en 2013, on constate que ... Lire plus\" \/>\n<meta property=\"og:url\" content=\"https:\/\/www.carideal.com\/blog\/2014\/07\/11\/les-francais-se-retournent-vers-les-voitures-francaises\/\" \/>\n<meta property=\"og:site_name\" content=\"Blog auto Carid\u00e9al\" \/>\n<meta property=\"article:publisher\" content=\"https:\/\/www.facebook.com\/Carideal.mandataire.automobile\" \/>\n<meta property=\"article:author\" content=\"https:\/\/www.facebook.com\/nicolas.schiavon.39\" \/>\n<meta property=\"article:published_time\" content=\"2014-07-11T22:00:00+00:00\" \/>\n<meta property=\"og:image\" content=\"http:\/\/www.carideal.com\/images_actualite\/voituresleplusvenduesenfrancecaridealactualits-1405150067.jpg\" \/>\n<meta name=\"author\" content=\"Nicolas SCHIAVON\" \/>\n<meta name=\"twitter:card\" content=\"summary_large_image\" \/>\n<meta name=\"twitter:creator\" content=\"@caridealauto\" \/>\n<meta name=\"twitter:site\" content=\"@caridealauto\" \/>\n<meta name=\"twitter:label1\" content=\"\u00c9crit par\" \/>\n\t<meta name=\"twitter:data1\" content=\"Nicolas SCHIAVON\" \/>\n\t<meta name=\"twitter:label2\" content=\"Dur\u00e9e de lecture estim\u00e9e\" \/>\n\t<meta name=\"twitter:data2\" content=\"1 minute\" \/>\n<script type=\"application\/ld+json\" class=\"yoast-schema-graph\">{\"@context\":\"https:\/\/schema.org\",\"@graph\":[{\"@type\":\"Article\",\"@id\":\"https:\/\/www.carideal.com\/blog\/2014\/07\/11\/les-francais-se-retournent-vers-les-voitures-francaises\/#article\",\"isPartOf\":{\"@id\":\"https:\/\/www.carideal.com\/blog\/2014\/07\/11\/les-francais-se-retournent-vers-les-voitures-francaises\/\"},\"author\":{\"name\":\"Nicolas SCHIAVON\",\"@id\":\"https:\/\/www.carideal.com\/blog\/#\/schema\/person\/cd95dc7919660de90d31b366f85be1ec\"},\"headline\":\"les francais se retournent vers les voitures francaises\",\"datePublished\":\"2014-07-11T22:00:00+00:00\",\"mainEntityOfPage\":{\"@id\":\"https:\/\/www.carideal.com\/blog\/2014\/07\/11\/les-francais-se-retournent-vers-les-voitures-francaises\/\"},\"wordCount\":150,\"commentCount\":0,\"publisher\":{\"@id\":\"https:\/\/www.carideal.com\/blog\/#organization\"},\"image\":{\"@id\":\"https:\/\/www.carideal.com\/blog\/2014\/07\/11\/les-francais-se-retournent-vers-les-voitures-francaises\/#primaryimage\"},\"thumbnailUrl\":\"http:\/\/www.carideal.com\/images_actualite\/voituresleplusvenduesenfrancecaridealactualits-1405150067.jpg\",\"articleSection\":[\"Actualit\u00e9 automobile\"],\"inLanguage\":\"fr-FR\",\"potentialAction\":[{\"@type\":\"CommentAction\",\"name\":\"Comment\",\"target\":[\"https:\/\/www.carideal.com\/blog\/2014\/07\/11\/les-francais-se-retournent-vers-les-voitures-francaises\/#respond\"]}]},{\"@type\":\"WebPage\",\"@id\":\"https:\/\/www.carideal.com\/blog\/2014\/07\/11\/les-francais-se-retournent-vers-les-voitures-francaises\/\",\"url\":\"https:\/\/www.carideal.com\/blog\/2014\/07\/11\/les-francais-se-retournent-vers-les-voitures-francaises\/\",\"name\":\"les francais se retournent vers les voitures francaises - Blog auto Carid\u00e9al\",\"isPartOf\":{\"@id\":\"https:\/\/www.carideal.com\/blog\/#website\"},\"primaryImageOfPage\":{\"@id\":\"https:\/\/www.carideal.com\/blog\/2014\/07\/11\/les-francais-se-retournent-vers-les-voitures-francaises\/#primaryimage\"},\"image\":{\"@id\":\"https:\/\/www.carideal.com\/blog\/2014\/07\/11\/les-francais-se-retournent-vers-les-voitures-francaises\/#primaryimage\"},\"thumbnailUrl\":\"http:\/\/www.carideal.com\/images_actualite\/voituresleplusvenduesenfrancecaridealactualits-1405150067.jpg\",\"datePublished\":\"2014-07-11T22:00:00+00:00\",\"breadcrumb\":{\"@id\":\"https:\/\/www.carideal.com\/blog\/2014\/07\/11\/les-francais-se-retournent-vers-les-voitures-francaises\/#breadcrumb\"},\"inLanguage\":\"fr-FR\",\"potentialAction\":[{\"@type\":\"ReadAction\",\"target\":[\"https:\/\/www.carideal.com\/blog\/2014\/07\/11\/les-francais-se-retournent-vers-les-voitures-francaises\/\"]}]},{\"@type\":\"ImageObject\",\"inLanguage\":\"fr-FR\",\"@id\":\"https:\/\/www.carideal.com\/blog\/2014\/07\/11\/les-francais-se-retournent-vers-les-voitures-francaises\/#primaryimage\",\"url\":\"http:\/\/www.carideal.com\/images_actualite\/voituresleplusvenduesenfrancecaridealactualits-1405150067.jpg\",\"contentUrl\":\"http:\/\/www.carideal.com\/images_actualite\/voituresleplusvenduesenfrancecaridealactualits-1405150067.jpg\"},{\"@type\":\"BreadcrumbList\",\"@id\":\"https:\/\/www.carideal.com\/blog\/2014\/07\/11\/les-francais-se-retournent-vers-les-voitures-francaises\/#breadcrumb\",\"itemListElement\":[{\"@type\":\"ListItem\",\"position\":1,\"name\":\"Blog Carid\u00e9al\",\"item\":\"https:\/\/www.carideal.com\/blog\/\"},{\"@type\":\"ListItem\",\"position\":2,\"name\":\"Actualit\u00e9 automobile\",\"item\":\"https:\/\/www.carideal.com\/blog\/actualites-auto\/\"},{\"@type\":\"ListItem\",\"position\":3,\"name\":\"les francais se retournent vers les voitures francaises\"}]},{\"@type\":\"WebSite\",\"@id\":\"https:\/\/www.carideal.com\/blog\/#website\",\"url\":\"https:\/\/www.carideal.com\/blog\/\",\"name\":\"Blog auto Carid\u00e9al\",\"description\":\"Actualit\u00e9 auto par des passionn\u00e9s\",\"publisher\":{\"@id\":\"https:\/\/www.carideal.com\/blog\/#organization\"},\"potentialAction\":[{\"@type\":\"SearchAction\",\"target\":{\"@type\":\"EntryPoint\",\"urlTemplate\":\"https:\/\/www.carideal.com\/blog\/?s={search_term_string}\"},\"query-input\":{\"@type\":\"PropertyValueSpecification\",\"valueRequired\":true,\"valueName\":\"search_term_string\"}}],\"inLanguage\":\"fr-FR\"},{\"@type\":\"Organization\",\"@id\":\"https:\/\/www.carideal.com\/blog\/#organization\",\"name\":\"Carideal\",\"url\":\"https:\/\/www.carideal.com\/blog\/\",\"logo\":{\"@type\":\"ImageObject\",\"inLanguage\":\"fr-FR\",\"@id\":\"https:\/\/www.carideal.com\/blog\/#\/schema\/logo\/image\/\",\"url\":\"http:\/\/www.carideal.com\/blog\/wp-content\/uploads\/2016\/03\/logo-carideal-mandataire-automobile.png\",\"contentUrl\":\"http:\/\/www.carideal.com\/blog\/wp-content\/uploads\/2016\/03\/logo-carideal-mandataire-automobile.png\",\"width\":300,\"height\":300,\"caption\":\"Carideal\"},\"image\":{\"@id\":\"https:\/\/www.carideal.com\/blog\/#\/schema\/logo\/image\/\"},\"sameAs\":[\"https:\/\/www.facebook.com\/Carideal.mandataire.automobile\",\"https:\/\/x.com\/caridealauto\",\"https:\/\/www.instagram.com\/carideal1\/\",\"https:\/\/www.linkedin.com\/company\/carideal.com\",\"https:\/\/fr.pinterest.com\/schiavonsas\/\",\"https:\/\/www.youtube.com\/user\/caridealsas\"]},{\"@type\":\"Person\",\"@id\":\"https:\/\/www.carideal.com\/blog\/#\/schema\/person\/cd95dc7919660de90d31b366f85be1ec\",\"name\":\"Nicolas SCHIAVON\",\"image\":{\"@type\":\"ImageObject\",\"inLanguage\":\"fr-FR\",\"@id\":\"https:\/\/www.carideal.com\/blog\/#\/schema\/person\/image\/\",\"url\":\"https:\/\/secure.gravatar.com\/avatar\/c17e55009e671d92cc7f5dc837dc418a?s=96&r=g\",\"contentUrl\":\"https:\/\/secure.gravatar.com\/avatar\/c17e55009e671d92cc7f5dc837dc418a?s=96&r=g\",\"caption\":\"Nicolas SCHIAVON\"},\"description\":\"Nicolas Schiavon est tomb\u00e9 tout petit dans la marmite automobile. Ayant eu un garage de marque automobile, mandataire automobile de la premi\u00e8re heure d\u00e8s 1999. Nicolas a cr\u00e9\u00e9 ces premiers sites de vente de voiture et blog automobile d\u00e8s 1994. Carideal est n\u00e9 le 15 d\u00e9cembre 2000 de la volont\u00e9 de vendre des voitures d'occasions en ligne puis des voitures neuves. Il a pu essayer beaucoup de voitures tr\u00e8s diff\u00e9rentes et ayant eu personnellement quelques belles autos, Subaru Impreza, Mitsubishi Lancer Evo 7, Porsche 911, Ferrari Testarrossa, Audi RS3, RS4 et j'en passe...\",\"sameAs\":[\"http:\/\/www.carideal.com\",\"https:\/\/www.facebook.com\/nicolas.schiavon.39\",\"https:\/\/www.instagram.com\/carideal1\/\",\"https:\/\/www.linkedin.com\/in\/nschiavon\/\",\"https:\/\/x.com\/caridealauto\",\"https:\/\/www.youtube.com\/user\/caridealsas\/\"],\"url\":\"https:\/\/www.carideal.com\/blog\/author\/nschiavon\/\"}]}<\/script>\n<!-- \/ Yoast SEO plugin. -->","yoast_head_json":{"title":"les francais se retournent vers les voitures francaises - Blog auto Carid\u00e9al","robots":{"index":"index","follow":"follow","max-snippet":"max-snippet:-1","max-image-preview":"max-image-preview:large","max-video-preview":"max-video-preview:-1"},"canonical":"https:\/\/www.carideal.com\/blog\/2014\/07\/11\/les-francais-se-retournent-vers-les-voitures-francaises\/","og_locale":"fr_FR","og_type":"article","og_title":"les francais se retournent vers les voitures francaises - Blog auto Carid\u00e9al","og_description":"vente de voiture fran\u00e7aise en augmentation Les Fran\u00e7ais se retournent vers les voitures Fran\u00e7aises. Est ce l'\u00e9ffet ch\u00f4mage ou pas ? mais alors que nous observions une lente degringolade de la part de march\u00e9 des voitures fran\u00e7aises en France depuis 1965 passant de 86 % en 1965 \u00e0 48.3 % en 2013, on constate que ... Lire plus","og_url":"https:\/\/www.carideal.com\/blog\/2014\/07\/11\/les-francais-se-retournent-vers-les-voitures-francaises\/","og_site_name":"Blog auto Carid\u00e9al","article_publisher":"https:\/\/www.facebook.com\/Carideal.mandataire.automobile","article_author":"https:\/\/www.facebook.com\/nicolas.schiavon.39","article_published_time":"2014-07-11T22:00:00+00:00","og_image":[{"url":"http:\/\/www.carideal.com\/images_actualite\/voituresleplusvenduesenfrancecaridealactualits-1405150067.jpg","type":"","width":"","height":""}],"author":"Nicolas SCHIAVON","twitter_card":"summary_large_image","twitter_creator":"@caridealauto","twitter_site":"@caridealauto","twitter_misc":{"\u00c9crit par":"Nicolas SCHIAVON","Dur\u00e9e de lecture estim\u00e9e":"1 minute"},"schema":{"@context":"https:\/\/schema.org","@graph":[{"@type":"Article","@id":"https:\/\/www.carideal.com\/blog\/2014\/07\/11\/les-francais-se-retournent-vers-les-voitures-francaises\/#article","isPartOf":{"@id":"https:\/\/www.carideal.com\/blog\/2014\/07\/11\/les-francais-se-retournent-vers-les-voitures-francaises\/"},"author":{"name":"Nicolas SCHIAVON","@id":"https:\/\/www.carideal.com\/blog\/#\/schema\/person\/cd95dc7919660de90d31b366f85be1ec"},"headline":"les francais se retournent vers les voitures francaises","datePublished":"2014-07-11T22:00:00+00:00","mainEntityOfPage":{"@id":"https:\/\/www.carideal.com\/blog\/2014\/07\/11\/les-francais-se-retournent-vers-les-voitures-francaises\/"},"wordCount":150,"commentCount":0,"publisher":{"@id":"https:\/\/www.carideal.com\/blog\/#organization"},"image":{"@id":"https:\/\/www.carideal.com\/blog\/2014\/07\/11\/les-francais-se-retournent-vers-les-voitures-francaises\/#primaryimage"},"thumbnailUrl":"http:\/\/www.carideal.com\/images_actualite\/voituresleplusvenduesenfrancecaridealactualits-1405150067.jpg","articleSection":["Actualit\u00e9 automobile"],"inLanguage":"fr-FR","potentialAction":[{"@type":"CommentAction","name":"Comment","target":["https:\/\/www.carideal.com\/blog\/2014\/07\/11\/les-francais-se-retournent-vers-les-voitures-francaises\/#respond"]}]},{"@type":"WebPage","@id":"https:\/\/www.carideal.com\/blog\/2014\/07\/11\/les-francais-se-retournent-vers-les-voitures-francaises\/","url":"https:\/\/www.carideal.com\/blog\/2014\/07\/11\/les-francais-se-retournent-vers-les-voitures-francaises\/","name":"les francais se retournent vers les voitures francaises - Blog auto Carid\u00e9al","isPartOf":{"@id":"https:\/\/www.carideal.com\/blog\/#website"},"primaryImageOfPage":{"@id":"https:\/\/www.carideal.com\/blog\/2014\/07\/11\/les-francais-se-retournent-vers-les-voitures-francaises\/#primaryimage"},"image":{"@id":"https:\/\/www.carideal.com\/blog\/2014\/07\/11\/les-francais-se-retournent-vers-les-voitures-francaises\/#primaryimage"},"thumbnailUrl":"http:\/\/www.carideal.com\/images_actualite\/voituresleplusvenduesenfrancecaridealactualits-1405150067.jpg","datePublished":"2014-07-11T22:00:00+00:00","breadcrumb":{"@id":"https:\/\/www.carideal.com\/blog\/2014\/07\/11\/les-francais-se-retournent-vers-les-voitures-francaises\/#breadcrumb"},"inLanguage":"fr-FR","potentialAction":[{"@type":"ReadAction","target":["https:\/\/www.carideal.com\/blog\/2014\/07\/11\/les-francais-se-retournent-vers-les-voitures-francaises\/"]}]},{"@type":"ImageObject","inLanguage":"fr-FR","@id":"https:\/\/www.carideal.com\/blog\/2014\/07\/11\/les-francais-se-retournent-vers-les-voitures-francaises\/#primaryimage","url":"http:\/\/www.carideal.com\/images_actualite\/voituresleplusvenduesenfrancecaridealactualits-1405150067.jpg","contentUrl":"http:\/\/www.carideal.com\/images_actualite\/voituresleplusvenduesenfrancecaridealactualits-1405150067.jpg"},{"@type":"BreadcrumbList","@id":"https:\/\/www.carideal.com\/blog\/2014\/07\/11\/les-francais-se-retournent-vers-les-voitures-francaises\/#breadcrumb","itemListElement":[{"@type":"ListItem","position":1,"name":"Blog Carid\u00e9al","item":"https:\/\/www.carideal.com\/blog\/"},{"@type":"ListItem","position":2,"name":"Actualit\u00e9 automobile","item":"https:\/\/www.carideal.com\/blog\/actualites-auto\/"},{"@type":"ListItem","position":3,"name":"les francais se retournent vers les voitures francaises"}]},{"@type":"WebSite","@id":"https:\/\/www.carideal.com\/blog\/#website","url":"https:\/\/www.carideal.com\/blog\/","name":"Blog auto Carid\u00e9al","description":"Actualit\u00e9 auto par des passionn\u00e9s","publisher":{"@id":"https:\/\/www.carideal.com\/blog\/#organization"},"potentialAction":[{"@type":"SearchAction","target":{"@type":"EntryPoint","urlTemplate":"https:\/\/www.carideal.com\/blog\/?s={search_term_string}"},"query-input":{"@type":"PropertyValueSpecification","valueRequired":true,"valueName":"search_term_string"}}],"inLanguage":"fr-FR"},{"@type":"Organization","@id":"https:\/\/www.carideal.com\/blog\/#organization","name":"Carideal","url":"https:\/\/www.carideal.com\/blog\/","logo":{"@type":"ImageObject","inLanguage":"fr-FR","@id":"https:\/\/www.carideal.com\/blog\/#\/schema\/logo\/image\/","url":"http:\/\/www.carideal.com\/blog\/wp-content\/uploads\/2016\/03\/logo-carideal-mandataire-automobile.png","contentUrl":"http:\/\/www.carideal.com\/blog\/wp-content\/uploads\/2016\/03\/logo-carideal-mandataire-automobile.png","width":300,"height":300,"caption":"Carideal"},"image":{"@id":"https:\/\/www.carideal.com\/blog\/#\/schema\/logo\/image\/"},"sameAs":["https:\/\/www.facebook.com\/Carideal.mandataire.automobile","https:\/\/x.com\/caridealauto","https:\/\/www.instagram.com\/carideal1\/","https:\/\/www.linkedin.com\/company\/carideal.com","https:\/\/fr.pinterest.com\/schiavonsas\/","https:\/\/www.youtube.com\/user\/caridealsas"]},{"@type":"Person","@id":"https:\/\/www.carideal.com\/blog\/#\/schema\/person\/cd95dc7919660de90d31b366f85be1ec","name":"Nicolas SCHIAVON","image":{"@type":"ImageObject","inLanguage":"fr-FR","@id":"https:\/\/www.carideal.com\/blog\/#\/schema\/person\/image\/","url":"https:\/\/secure.gravatar.com\/avatar\/c17e55009e671d92cc7f5dc837dc418a?s=96&r=g","contentUrl":"https:\/\/secure.gravatar.com\/avatar\/c17e55009e671d92cc7f5dc837dc418a?s=96&r=g","caption":"Nicolas SCHIAVON"},"description":"Nicolas Schiavon est tomb\u00e9 tout petit dans la marmite automobile. Ayant eu un garage de marque automobile, mandataire automobile de la premi\u00e8re heure d\u00e8s 1999. Nicolas a cr\u00e9\u00e9 ces premiers sites de vente de voiture et blog automobile d\u00e8s 1994. Carideal est n\u00e9 le 15 d\u00e9cembre 2000 de la volont\u00e9 de vendre des voitures d'occasions en ligne puis des voitures neuves. Il a pu essayer beaucoup de voitures tr\u00e8s diff\u00e9rentes et ayant eu personnellement quelques belles autos, Subaru Impreza, Mitsubishi Lancer Evo 7, Porsche 911, Ferrari Testarrossa, Audi RS3, RS4 et j'en passe...","sameAs":["http:\/\/www.carideal.com","https:\/\/www.facebook.com\/nicolas.schiavon.39","https:\/\/www.instagram.com\/carideal1\/","https:\/\/www.linkedin.com\/in\/nschiavon\/","https:\/\/x.com\/caridealauto","https:\/\/www.youtube.com\/user\/caridealsas\/"],"url":"https:\/\/www.carideal.com\/blog\/author\/nschiavon\/"}]}},"uagb_featured_image_src":{"full":false,"thumbnail":false,"medium":false,"medium_large":false,"large":false,"1536x1536":false,"2048x2048":false,"wppr-widget":false},"uagb_author_info":{"display_name":"Nicolas SCHIAVON","author_link":"https:\/\/www.carideal.com\/blog\/author\/nschiavon\/"},"uagb_comment_info":0,"uagb_excerpt":"vente de voiture fran\u00e7aise en augmentation Les Fran\u00e7ais se retournent vers les voitures Fran\u00e7aises. Est ce l'\u00e9ffet ch\u00f4mage ou pas ? mais alors que nous observions une lente degringolade de la part de march\u00e9 des voitures fran\u00e7aises en France depuis 1965 passant de 86 % en 1965 \u00e0 48.3 % en 2013, on constate que\u2026","_links":{"self":[{"href":"https:\/\/www.carideal.com\/blog\/wp-json\/wp\/v2\/posts\/5494"}],"collection":[{"href":"https:\/\/www.carideal.com\/blog\/wp-json\/wp\/v2\/posts"}],"about":[{"href":"https:\/\/www.carideal.com\/blog\/wp-json\/wp\/v2\/types\/post"}],"author":[{"embeddable":true,"href":"https:\/\/www.carideal.com\/blog\/wp-json\/wp\/v2\/users\/3"}],"replies":[{"embeddable":true,"href":"https:\/\/www.carideal.com\/blog\/wp-json\/wp\/v2\/comments?post=5494"}],"version-history":[{"count":0,"href":"https:\/\/www.carideal.com\/blog\/wp-json\/wp\/v2\/posts\/5494\/revisions"}],"wp:attachment":[{"href":"https:\/\/www.carideal.com\/blog\/wp-json\/wp\/v2\/media?parent=5494"}],"wp:term":[{"taxonomy":"category","embeddable":true,"href":"https:\/\/www.carideal.com\/blog\/wp-json\/wp\/v2\/categories?post=5494"},{"taxonomy":"post_tag","embeddable":true,"href":"https:\/\/www.carideal.com\/blog\/wp-json\/wp\/v2\/tags?post=5494"}],"curies":[{"name":"wp","href":"https:\/\/api.w.org\/{rel}","templated":true}]}}