{"id":5463,"date":"2014-06-02T22:00:00","date_gmt":"2014-06-02T22:00:00","guid":{"rendered":"http:\/\/www.carideal.com\/blog\/2014\/06\/02\/ferrari\/"},"modified":"2016-04-18T16:41:44","modified_gmt":"2016-04-18T14:41:44","slug":"ferrari-laferrari-occasion","status":"publish","type":"post","link":"https:\/\/www.carideal.com\/blog\/2014\/06\/02\/ferrari-laferrari-occasion\/","title":{"rendered":"Ferrari LaFerrari d&rsquo;occasion"},"content":{"rendered":"<div>\n<figure style=\"width: 650px\" class=\"wp-caption alignnone\"><img loading=\"lazy\" decoding=\"async\" title=\"Ferrari LaFerrari d'occasion\" src=\"http:\/\/www.carideal.com\/images_actualite\/ferrarilaferrariventeoccasion2014caridealmandataireautomobile-1401778019.jpg\" alt=\"Ferrari LaFerrari d'occasion\" width=\"660\" height=\"459\" \/><figcaption class=\"wp-caption-text\">Ferrari LaFerrari d'occasion<\/figcaption><\/figure>\n<\/div>\n<p>&nbsp;<\/p>\n<h1>Il s'agit du premier cas de Ferrari LaFerrari d'occasion<\/h1>\n<p>Le tout premier exemplaire de Ferrari LaFerrari d'occasion est en vente sur le march\u00e9 de l'occasion. Elle n'affiche que 200 km pour 2.38 millions d'euros TTC. Le prix de ce mod\u00e8le neuf ne valait que 1.3 millions d'euros. Ce mod\u00e8le n'est disponible qu'\u00e0 499 exemplaires. Bref il s'agit typiquement d'une op\u00e9ration finnaci\u00e8re visant \u00e0 faire de grosse plus vallues.<\/p>\n<h2>Les prix des Ferrari augmentent comme des pi\u00e8ces d'Art<\/h2>\n<p>Les prix des Ferrari augmentent, il s'agit d'une op\u00e9ration tr\u00e8s bien g\u00e9r\u00e9e par le constructeur lui-m\u00eame afin d'augmenter la <span style=\"text-decoration: underline;\"><a href=\"http:\/\/www.carideal.com\/blog\/2013\/12\/30\/hausse-du-benefice-de-ferrari-de-23\/\">rentabilit\u00e9 de Ferrari<\/a><\/span>, d'une part et d'augmenter la satisfaction des clients Ferrari en leur offrant non plus une voiture... mais un investissement. Qui dit investissement, dit d\u00e9fiscalisation, amortissement etc. comme pour un objet d'art, et pour le coup, l\u00e0 votre laFerrari d'occasion devient une pi\u00e8ce d'art \u00e0 mettre au mus\u00e9e et qui prend de la valeur comme <span style=\"text-decoration: underline;\"><a href=\"http:\/\/www.carideal.com\/blog\/2013\/08\/16\/voitures-de-collection-meilleur-placement-financement\/\">voiture de collection<\/a><\/span>.<\/p>\n<p>Mais est-ce vraiment cela que les passionn\u00e9s de Ferrari veulent ? Ferrari ne va-t-il pas d\u00e9naturer l'essence m\u00eame de la passion du commendatore ?<\/p>\n","protected":false},"excerpt":{"rendered":"<p>&nbsp; Il s&rsquo;agit du premier cas de Ferrari LaFerrari d&rsquo;occasion Le tout premier exemplaire de Ferrari LaFerrari d&rsquo;occasion est en vente sur le march\u00e9 de l&rsquo;occasion. Elle n&rsquo;affiche que 200 km pour 2.38 millions d&rsquo;euros TTC. Le prix de ce mod\u00e8le neuf ne valait que 1.3 millions d&rsquo;euros. Ce mod\u00e8le n&rsquo;est disponible qu&rsquo;\u00e0 499 exemplaires. &#8230; <a title=\"Ferrari LaFerrari d&rsquo;occasion\" class=\"read-more\" href=\"https:\/\/www.carideal.com\/blog\/2014\/06\/02\/ferrari-laferrari-occasion\/\" aria-label=\"En savoir plus sur Ferrari LaFerrari d&rsquo;occasion\">Lire plus<\/a><\/p>\n","protected":false},"author":3,"featured_media":0,"comment_status":"open","ping_status":"open","sticky":false,"template":"","format":"standard","meta":{"_uag_custom_page_level_css":"","_themeisle_gutenberg_block_has_review":false,"footnotes":""},"categories":[21,6032,3,6025],"tags":[],"class_list":["post-5463","post","type-post","status-publish","format-standard","hentry","category-actualites-auto","category-ferrari","category-actualites-financieres","category-occasion-type-de-vehicule-type-de-vehicule"],"wppr_data":[],"yoast_head":"<!-- This site is optimized with the Yoast SEO plugin v24.8.1 - https:\/\/yoast.com\/wordpress\/plugins\/seo\/ -->\n<title>Ferrari LaFerrari d&#039;occasion - Blog auto Carid\u00e9al<\/title>\n<meta name=\"description\" content=\"Le tout premier exemplaire de Ferrari LaFerrari d&#039;occasion est en vente sur le march\u00e9 de l&#039;occasion. Elle a tout juste 200 km.\" \/>\n<meta name=\"robots\" content=\"index, follow, max-snippet:-1, max-image-preview:large, max-video-preview:-1\" \/>\n<link rel=\"canonical\" href=\"https:\/\/www.carideal.com\/blog\/2014\/06\/02\/ferrari-laferrari-occasion\/\" \/>\n<meta property=\"og:locale\" content=\"fr_FR\" \/>\n<meta property=\"og:type\" content=\"article\" \/>\n<meta property=\"og:title\" content=\"Ferrari LaFerrari d&#039;occasion - Blog auto Carid\u00e9al\" \/>\n<meta property=\"og:description\" content=\"Le tout premier exemplaire de Ferrari LaFerrari d&#039;occasion est en vente sur le march\u00e9 de l&#039;occasion. Elle a tout juste 200 km.\" \/>\n<meta property=\"og:url\" content=\"https:\/\/www.carideal.com\/blog\/2014\/06\/02\/ferrari-laferrari-occasion\/\" \/>\n<meta property=\"og:site_name\" content=\"Blog auto Carid\u00e9al\" \/>\n<meta property=\"article:publisher\" content=\"https:\/\/www.facebook.com\/Carideal.mandataire.automobile\" \/>\n<meta property=\"article:author\" content=\"https:\/\/www.facebook.com\/nicolas.schiavon.39\" \/>\n<meta property=\"article:published_time\" content=\"2014-06-02T22:00:00+00:00\" \/>\n<meta property=\"article:modified_time\" content=\"2016-04-18T14:41:44+00:00\" \/>\n<meta property=\"og:image\" content=\"http:\/\/www.carideal.com\/images_actualite\/ferrarilaferrariventeoccasion2014caridealmandataireautomobile-1401778019.jpg\" \/>\n<meta name=\"author\" content=\"Nicolas SCHIAVON\" \/>\n<meta name=\"twitter:card\" content=\"summary_large_image\" \/>\n<meta name=\"twitter:creator\" content=\"@caridealauto\" \/>\n<meta name=\"twitter:site\" content=\"@caridealauto\" \/>\n<meta name=\"twitter:label1\" content=\"\u00c9crit par\" \/>\n\t<meta name=\"twitter:data1\" content=\"Nicolas SCHIAVON\" \/>\n\t<meta name=\"twitter:label2\" content=\"Dur\u00e9e de lecture estim\u00e9e\" \/>\n\t<meta name=\"twitter:data2\" content=\"1 minute\" \/>\n<script type=\"application\/ld+json\" class=\"yoast-schema-graph\">{\"@context\":\"https:\/\/schema.org\",\"@graph\":[{\"@type\":\"Article\",\"@id\":\"https:\/\/www.carideal.com\/blog\/2014\/06\/02\/ferrari-laferrari-occasion\/#article\",\"isPartOf\":{\"@id\":\"https:\/\/www.carideal.com\/blog\/2014\/06\/02\/ferrari-laferrari-occasion\/\"},\"author\":{\"name\":\"Nicolas SCHIAVON\",\"@id\":\"https:\/\/www.carideal.com\/blog\/#\/schema\/person\/cd95dc7919660de90d31b366f85be1ec\"},\"headline\":\"Ferrari LaFerrari d&rsquo;occasion\",\"datePublished\":\"2014-06-02T22:00:00+00:00\",\"dateModified\":\"2016-04-18T14:41:44+00:00\",\"mainEntityOfPage\":{\"@id\":\"https:\/\/www.carideal.com\/blog\/2014\/06\/02\/ferrari-laferrari-occasion\/\"},\"wordCount\":201,\"commentCount\":0,\"publisher\":{\"@id\":\"https:\/\/www.carideal.com\/blog\/#organization\"},\"image\":{\"@id\":\"https:\/\/www.carideal.com\/blog\/2014\/06\/02\/ferrari-laferrari-occasion\/#primaryimage\"},\"thumbnailUrl\":\"http:\/\/www.carideal.com\/images_actualite\/ferrarilaferrariventeoccasion2014caridealmandataireautomobile-1401778019.jpg\",\"articleSection\":[\"Actualit\u00e9 automobile\",\"Actualit\u00e9 Ferrari\",\"Actualit\u00e9 Financi\u00e8re\",\"Essai Voiture Occasion\"],\"inLanguage\":\"fr-FR\",\"potentialAction\":[{\"@type\":\"CommentAction\",\"name\":\"Comment\",\"target\":[\"https:\/\/www.carideal.com\/blog\/2014\/06\/02\/ferrari-laferrari-occasion\/#respond\"]}]},{\"@type\":\"WebPage\",\"@id\":\"https:\/\/www.carideal.com\/blog\/2014\/06\/02\/ferrari-laferrari-occasion\/\",\"url\":\"https:\/\/www.carideal.com\/blog\/2014\/06\/02\/ferrari-laferrari-occasion\/\",\"name\":\"Ferrari LaFerrari d'occasion - Blog auto Carid\u00e9al\",\"isPartOf\":{\"@id\":\"https:\/\/www.carideal.com\/blog\/#website\"},\"primaryImageOfPage\":{\"@id\":\"https:\/\/www.carideal.com\/blog\/2014\/06\/02\/ferrari-laferrari-occasion\/#primaryimage\"},\"image\":{\"@id\":\"https:\/\/www.carideal.com\/blog\/2014\/06\/02\/ferrari-laferrari-occasion\/#primaryimage\"},\"thumbnailUrl\":\"http:\/\/www.carideal.com\/images_actualite\/ferrarilaferrariventeoccasion2014caridealmandataireautomobile-1401778019.jpg\",\"datePublished\":\"2014-06-02T22:00:00+00:00\",\"dateModified\":\"2016-04-18T14:41:44+00:00\",\"description\":\"Le tout premier exemplaire de Ferrari LaFerrari d'occasion est en vente sur le march\u00e9 de l'occasion. Elle a tout juste 200 km.\",\"breadcrumb\":{\"@id\":\"https:\/\/www.carideal.com\/blog\/2014\/06\/02\/ferrari-laferrari-occasion\/#breadcrumb\"},\"inLanguage\":\"fr-FR\",\"potentialAction\":[{\"@type\":\"ReadAction\",\"target\":[\"https:\/\/www.carideal.com\/blog\/2014\/06\/02\/ferrari-laferrari-occasion\/\"]}]},{\"@type\":\"ImageObject\",\"inLanguage\":\"fr-FR\",\"@id\":\"https:\/\/www.carideal.com\/blog\/2014\/06\/02\/ferrari-laferrari-occasion\/#primaryimage\",\"url\":\"http:\/\/www.carideal.com\/images_actualite\/ferrarilaferrariventeoccasion2014caridealmandataireautomobile-1401778019.jpg\",\"contentUrl\":\"http:\/\/www.carideal.com\/images_actualite\/ferrarilaferrariventeoccasion2014caridealmandataireautomobile-1401778019.jpg\"},{\"@type\":\"BreadcrumbList\",\"@id\":\"https:\/\/www.carideal.com\/blog\/2014\/06\/02\/ferrari-laferrari-occasion\/#breadcrumb\",\"itemListElement\":[{\"@type\":\"ListItem\",\"position\":1,\"name\":\"Blog Carid\u00e9al\",\"item\":\"https:\/\/www.carideal.com\/blog\/\"},{\"@type\":\"ListItem\",\"position\":2,\"name\":\"Actualit\u00e9 constructeur automobile\",\"item\":\"https:\/\/www.carideal.com\/blog\/constructeur\/\"},{\"@type\":\"ListItem\",\"position\":3,\"name\":\"Actualit\u00e9 Ferrari\",\"item\":\"https:\/\/www.carideal.com\/blog\/constructeur\/ferrari\/\"},{\"@type\":\"ListItem\",\"position\":4,\"name\":\"Ferrari LaFerrari d&rsquo;occasion\"}]},{\"@type\":\"WebSite\",\"@id\":\"https:\/\/www.carideal.com\/blog\/#website\",\"url\":\"https:\/\/www.carideal.com\/blog\/\",\"name\":\"Blog auto Carid\u00e9al\",\"description\":\"Actualit\u00e9 auto par des passionn\u00e9s\",\"publisher\":{\"@id\":\"https:\/\/www.carideal.com\/blog\/#organization\"},\"potentialAction\":[{\"@type\":\"SearchAction\",\"target\":{\"@type\":\"EntryPoint\",\"urlTemplate\":\"https:\/\/www.carideal.com\/blog\/?s={search_term_string}\"},\"query-input\":{\"@type\":\"PropertyValueSpecification\",\"valueRequired\":true,\"valueName\":\"search_term_string\"}}],\"inLanguage\":\"fr-FR\"},{\"@type\":\"Organization\",\"@id\":\"https:\/\/www.carideal.com\/blog\/#organization\",\"name\":\"Carideal\",\"url\":\"https:\/\/www.carideal.com\/blog\/\",\"logo\":{\"@type\":\"ImageObject\",\"inLanguage\":\"fr-FR\",\"@id\":\"https:\/\/www.carideal.com\/blog\/#\/schema\/logo\/image\/\",\"url\":\"http:\/\/www.carideal.com\/blog\/wp-content\/uploads\/2016\/03\/logo-carideal-mandataire-automobile.png\",\"contentUrl\":\"http:\/\/www.carideal.com\/blog\/wp-content\/uploads\/2016\/03\/logo-carideal-mandataire-automobile.png\",\"width\":300,\"height\":300,\"caption\":\"Carideal\"},\"image\":{\"@id\":\"https:\/\/www.carideal.com\/blog\/#\/schema\/logo\/image\/\"},\"sameAs\":[\"https:\/\/www.facebook.com\/Carideal.mandataire.automobile\",\"https:\/\/x.com\/caridealauto\",\"https:\/\/www.instagram.com\/carideal1\/\",\"https:\/\/www.linkedin.com\/company\/carideal.com\",\"https:\/\/fr.pinterest.com\/schiavonsas\/\",\"https:\/\/www.youtube.com\/user\/caridealsas\"]},{\"@type\":\"Person\",\"@id\":\"https:\/\/www.carideal.com\/blog\/#\/schema\/person\/cd95dc7919660de90d31b366f85be1ec\",\"name\":\"Nicolas SCHIAVON\",\"image\":{\"@type\":\"ImageObject\",\"inLanguage\":\"fr-FR\",\"@id\":\"https:\/\/www.carideal.com\/blog\/#\/schema\/person\/image\/\",\"url\":\"https:\/\/secure.gravatar.com\/avatar\/c17e55009e671d92cc7f5dc837dc418a?s=96&r=g\",\"contentUrl\":\"https:\/\/secure.gravatar.com\/avatar\/c17e55009e671d92cc7f5dc837dc418a?s=96&r=g\",\"caption\":\"Nicolas SCHIAVON\"},\"description\":\"Nicolas Schiavon est tomb\u00e9 tout petit dans la marmite automobile. Ayant eu un garage de marque automobile, mandataire automobile de la premi\u00e8re heure d\u00e8s 1999. Nicolas a cr\u00e9\u00e9 ces premiers sites de vente de voiture et blog automobile d\u00e8s 1994. Carideal est n\u00e9 le 15 d\u00e9cembre 2000 de la volont\u00e9 de vendre des voitures d'occasions en ligne puis des voitures neuves. Il a pu essayer beaucoup de voitures tr\u00e8s diff\u00e9rentes et ayant eu personnellement quelques belles autos, Subaru Impreza, Mitsubishi Lancer Evo 7, Porsche 911, Ferrari Testarrossa, Audi RS3, RS4 et j'en passe...\",\"sameAs\":[\"http:\/\/www.carideal.com\",\"https:\/\/www.facebook.com\/nicolas.schiavon.39\",\"https:\/\/www.instagram.com\/carideal1\/\",\"https:\/\/www.linkedin.com\/in\/nschiavon\/\",\"https:\/\/x.com\/caridealauto\",\"https:\/\/www.youtube.com\/user\/caridealsas\/\"],\"url\":\"https:\/\/www.carideal.com\/blog\/author\/nschiavon\/\"}]}<\/script>\n<!-- \/ Yoast SEO plugin. -->","yoast_head_json":{"title":"Ferrari LaFerrari d'occasion - Blog auto Carid\u00e9al","description":"Le tout premier exemplaire de Ferrari LaFerrari d'occasion est en vente sur le march\u00e9 de l'occasion. Elle a tout juste 200 km.","robots":{"index":"index","follow":"follow","max-snippet":"max-snippet:-1","max-image-preview":"max-image-preview:large","max-video-preview":"max-video-preview:-1"},"canonical":"https:\/\/www.carideal.com\/blog\/2014\/06\/02\/ferrari-laferrari-occasion\/","og_locale":"fr_FR","og_type":"article","og_title":"Ferrari LaFerrari d'occasion - Blog auto Carid\u00e9al","og_description":"Le tout premier exemplaire de Ferrari LaFerrari d'occasion est en vente sur le march\u00e9 de l'occasion. Elle a tout juste 200 km.","og_url":"https:\/\/www.carideal.com\/blog\/2014\/06\/02\/ferrari-laferrari-occasion\/","og_site_name":"Blog auto Carid\u00e9al","article_publisher":"https:\/\/www.facebook.com\/Carideal.mandataire.automobile","article_author":"https:\/\/www.facebook.com\/nicolas.schiavon.39","article_published_time":"2014-06-02T22:00:00+00:00","article_modified_time":"2016-04-18T14:41:44+00:00","og_image":[{"url":"http:\/\/www.carideal.com\/images_actualite\/ferrarilaferrariventeoccasion2014caridealmandataireautomobile-1401778019.jpg","type":"","width":"","height":""}],"author":"Nicolas SCHIAVON","twitter_card":"summary_large_image","twitter_creator":"@caridealauto","twitter_site":"@caridealauto","twitter_misc":{"\u00c9crit par":"Nicolas SCHIAVON","Dur\u00e9e de lecture estim\u00e9e":"1 minute"},"schema":{"@context":"https:\/\/schema.org","@graph":[{"@type":"Article","@id":"https:\/\/www.carideal.com\/blog\/2014\/06\/02\/ferrari-laferrari-occasion\/#article","isPartOf":{"@id":"https:\/\/www.carideal.com\/blog\/2014\/06\/02\/ferrari-laferrari-occasion\/"},"author":{"name":"Nicolas SCHIAVON","@id":"https:\/\/www.carideal.com\/blog\/#\/schema\/person\/cd95dc7919660de90d31b366f85be1ec"},"headline":"Ferrari LaFerrari d&rsquo;occasion","datePublished":"2014-06-02T22:00:00+00:00","dateModified":"2016-04-18T14:41:44+00:00","mainEntityOfPage":{"@id":"https:\/\/www.carideal.com\/blog\/2014\/06\/02\/ferrari-laferrari-occasion\/"},"wordCount":201,"commentCount":0,"publisher":{"@id":"https:\/\/www.carideal.com\/blog\/#organization"},"image":{"@id":"https:\/\/www.carideal.com\/blog\/2014\/06\/02\/ferrari-laferrari-occasion\/#primaryimage"},"thumbnailUrl":"http:\/\/www.carideal.com\/images_actualite\/ferrarilaferrariventeoccasion2014caridealmandataireautomobile-1401778019.jpg","articleSection":["Actualit\u00e9 automobile","Actualit\u00e9 Ferrari","Actualit\u00e9 Financi\u00e8re","Essai Voiture Occasion"],"inLanguage":"fr-FR","potentialAction":[{"@type":"CommentAction","name":"Comment","target":["https:\/\/www.carideal.com\/blog\/2014\/06\/02\/ferrari-laferrari-occasion\/#respond"]}]},{"@type":"WebPage","@id":"https:\/\/www.carideal.com\/blog\/2014\/06\/02\/ferrari-laferrari-occasion\/","url":"https:\/\/www.carideal.com\/blog\/2014\/06\/02\/ferrari-laferrari-occasion\/","name":"Ferrari LaFerrari d'occasion - Blog auto Carid\u00e9al","isPartOf":{"@id":"https:\/\/www.carideal.com\/blog\/#website"},"primaryImageOfPage":{"@id":"https:\/\/www.carideal.com\/blog\/2014\/06\/02\/ferrari-laferrari-occasion\/#primaryimage"},"image":{"@id":"https:\/\/www.carideal.com\/blog\/2014\/06\/02\/ferrari-laferrari-occasion\/#primaryimage"},"thumbnailUrl":"http:\/\/www.carideal.com\/images_actualite\/ferrarilaferrariventeoccasion2014caridealmandataireautomobile-1401778019.jpg","datePublished":"2014-06-02T22:00:00+00:00","dateModified":"2016-04-18T14:41:44+00:00","description":"Le tout premier exemplaire de Ferrari LaFerrari d'occasion est en vente sur le march\u00e9 de l'occasion. Elle a tout juste 200 km.","breadcrumb":{"@id":"https:\/\/www.carideal.com\/blog\/2014\/06\/02\/ferrari-laferrari-occasion\/#breadcrumb"},"inLanguage":"fr-FR","potentialAction":[{"@type":"ReadAction","target":["https:\/\/www.carideal.com\/blog\/2014\/06\/02\/ferrari-laferrari-occasion\/"]}]},{"@type":"ImageObject","inLanguage":"fr-FR","@id":"https:\/\/www.carideal.com\/blog\/2014\/06\/02\/ferrari-laferrari-occasion\/#primaryimage","url":"http:\/\/www.carideal.com\/images_actualite\/ferrarilaferrariventeoccasion2014caridealmandataireautomobile-1401778019.jpg","contentUrl":"http:\/\/www.carideal.com\/images_actualite\/ferrarilaferrariventeoccasion2014caridealmandataireautomobile-1401778019.jpg"},{"@type":"BreadcrumbList","@id":"https:\/\/www.carideal.com\/blog\/2014\/06\/02\/ferrari-laferrari-occasion\/#breadcrumb","itemListElement":[{"@type":"ListItem","position":1,"name":"Blog Carid\u00e9al","item":"https:\/\/www.carideal.com\/blog\/"},{"@type":"ListItem","position":2,"name":"Actualit\u00e9 constructeur automobile","item":"https:\/\/www.carideal.com\/blog\/constructeur\/"},{"@type":"ListItem","position":3,"name":"Actualit\u00e9 Ferrari","item":"https:\/\/www.carideal.com\/blog\/constructeur\/ferrari\/"},{"@type":"ListItem","position":4,"name":"Ferrari LaFerrari d&rsquo;occasion"}]},{"@type":"WebSite","@id":"https:\/\/www.carideal.com\/blog\/#website","url":"https:\/\/www.carideal.com\/blog\/","name":"Blog auto Carid\u00e9al","description":"Actualit\u00e9 auto par des passionn\u00e9s","publisher":{"@id":"https:\/\/www.carideal.com\/blog\/#organization"},"potentialAction":[{"@type":"SearchAction","target":{"@type":"EntryPoint","urlTemplate":"https:\/\/www.carideal.com\/blog\/?s={search_term_string}"},"query-input":{"@type":"PropertyValueSpecification","valueRequired":true,"valueName":"search_term_string"}}],"inLanguage":"fr-FR"},{"@type":"Organization","@id":"https:\/\/www.carideal.com\/blog\/#organization","name":"Carideal","url":"https:\/\/www.carideal.com\/blog\/","logo":{"@type":"ImageObject","inLanguage":"fr-FR","@id":"https:\/\/www.carideal.com\/blog\/#\/schema\/logo\/image\/","url":"http:\/\/www.carideal.com\/blog\/wp-content\/uploads\/2016\/03\/logo-carideal-mandataire-automobile.png","contentUrl":"http:\/\/www.carideal.com\/blog\/wp-content\/uploads\/2016\/03\/logo-carideal-mandataire-automobile.png","width":300,"height":300,"caption":"Carideal"},"image":{"@id":"https:\/\/www.carideal.com\/blog\/#\/schema\/logo\/image\/"},"sameAs":["https:\/\/www.facebook.com\/Carideal.mandataire.automobile","https:\/\/x.com\/caridealauto","https:\/\/www.instagram.com\/carideal1\/","https:\/\/www.linkedin.com\/company\/carideal.com","https:\/\/fr.pinterest.com\/schiavonsas\/","https:\/\/www.youtube.com\/user\/caridealsas"]},{"@type":"Person","@id":"https:\/\/www.carideal.com\/blog\/#\/schema\/person\/cd95dc7919660de90d31b366f85be1ec","name":"Nicolas SCHIAVON","image":{"@type":"ImageObject","inLanguage":"fr-FR","@id":"https:\/\/www.carideal.com\/blog\/#\/schema\/person\/image\/","url":"https:\/\/secure.gravatar.com\/avatar\/c17e55009e671d92cc7f5dc837dc418a?s=96&r=g","contentUrl":"https:\/\/secure.gravatar.com\/avatar\/c17e55009e671d92cc7f5dc837dc418a?s=96&r=g","caption":"Nicolas SCHIAVON"},"description":"Nicolas Schiavon est tomb\u00e9 tout petit dans la marmite automobile. Ayant eu un garage de marque automobile, mandataire automobile de la premi\u00e8re heure d\u00e8s 1999. Nicolas a cr\u00e9\u00e9 ces premiers sites de vente de voiture et blog automobile d\u00e8s 1994. Carideal est n\u00e9 le 15 d\u00e9cembre 2000 de la volont\u00e9 de vendre des voitures d'occasions en ligne puis des voitures neuves. Il a pu essayer beaucoup de voitures tr\u00e8s diff\u00e9rentes et ayant eu personnellement quelques belles autos, Subaru Impreza, Mitsubishi Lancer Evo 7, Porsche 911, Ferrari Testarrossa, Audi RS3, RS4 et j'en passe...","sameAs":["http:\/\/www.carideal.com","https:\/\/www.facebook.com\/nicolas.schiavon.39","https:\/\/www.instagram.com\/carideal1\/","https:\/\/www.linkedin.com\/in\/nschiavon\/","https:\/\/x.com\/caridealauto","https:\/\/www.youtube.com\/user\/caridealsas\/"],"url":"https:\/\/www.carideal.com\/blog\/author\/nschiavon\/"}]}},"uagb_featured_image_src":{"full":false,"thumbnail":false,"medium":false,"medium_large":false,"large":false,"1536x1536":false,"2048x2048":false,"wppr-widget":false},"uagb_author_info":{"display_name":"Nicolas SCHIAVON","author_link":"https:\/\/www.carideal.com\/blog\/author\/nschiavon\/"},"uagb_comment_info":0,"uagb_excerpt":"&nbsp; Il s'agit du premier cas de Ferrari LaFerrari d'occasion Le tout premier exemplaire de Ferrari LaFerrari d'occasion est en vente sur le march\u00e9 de l'occasion. Elle n'affiche que 200 km pour 2.38 millions d'euros TTC. Le prix de ce mod\u00e8le neuf ne valait que 1.3 millions d'euros. Ce mod\u00e8le n'est disponible qu'\u00e0 499 exemplaires.\u2026","_links":{"self":[{"href":"https:\/\/www.carideal.com\/blog\/wp-json\/wp\/v2\/posts\/5463"}],"collection":[{"href":"https:\/\/www.carideal.com\/blog\/wp-json\/wp\/v2\/posts"}],"about":[{"href":"https:\/\/www.carideal.com\/blog\/wp-json\/wp\/v2\/types\/post"}],"author":[{"embeddable":true,"href":"https:\/\/www.carideal.com\/blog\/wp-json\/wp\/v2\/users\/3"}],"replies":[{"embeddable":true,"href":"https:\/\/www.carideal.com\/blog\/wp-json\/wp\/v2\/comments?post=5463"}],"version-history":[{"count":0,"href":"https:\/\/www.carideal.com\/blog\/wp-json\/wp\/v2\/posts\/5463\/revisions"}],"wp:attachment":[{"href":"https:\/\/www.carideal.com\/blog\/wp-json\/wp\/v2\/media?parent=5463"}],"wp:term":[{"taxonomy":"category","embeddable":true,"href":"https:\/\/www.carideal.com\/blog\/wp-json\/wp\/v2\/categories?post=5463"},{"taxonomy":"post_tag","embeddable":true,"href":"https:\/\/www.carideal.com\/blog\/wp-json\/wp\/v2\/tags?post=5463"}],"curies":[{"name":"wp","href":"https:\/\/api.w.org\/{rel}","templated":true}]}}