{"id":545,"date":"2012-08-10T14:09:00","date_gmt":"2012-08-10T14:09:00","guid":{"rendered":"http:\/\/carideal.com\/blog\/?p=545"},"modified":"2012-08-10T14:09:00","modified_gmt":"2012-08-10T14:09:00","slug":"daimler-et-renault","status":"publish","type":"post","link":"https:\/\/www.carideal.com\/blog\/2012\/08\/10\/daimler-et-renault\/","title":{"rendered":"Daimler et Renault"},"content":{"rendered":"<p><img decoding=\"async\" src=\"\/blog\/public\/.Classe_Small_m.jpg\" alt=\"Classe_Small.jpg\" title=\"Classe_Small.jpg, nov. 2012\" \/><\/p>\n<p>La Mercedes <a href=\"\/blog\/index.php?tag\/Classe%20Small\">Classe Small<\/a> qui sera en vente en 2014 \u00e0 partir de 17 000 \u20ac va aider Mercedes \u00e0 rajeunir son image et ses clients.Au contraire Renaud vise plus haut, mais veut aussi renforcer son offre en petit gabarits: la sp\u00e9cialit\u00e9 de <a href=\"\/blog\/index.php?tag\/Smart\">Smart<\/a>. Le groupe allemand et le constructeur fran\u00e7ais se sont donc naturellement crois\u00e9s. Mercedes cherche \u00e0 d\u00e9poussi\u00e9rer son image \u00e9litiste de constructeur de limousines de luxe. Avec l'arriv\u00e9e des nouvelles Classe A et <a href=\"\/blog\/index.php?tag\/Classe%20B\">Classe B<\/a>, la marque \u00e0 l'\u00e9toile a commenc\u00e9 le rafra\u00eechissement de sa gamme. La suite passera  par une extension encore plus appuy\u00e9e vers le bas. Car Mercedes subit la pression de ses grands rivaux, <a href=\"\/blog\/index.php?tag\/Audi\">Audi<\/a> et <a href=\"\/blog\/index.php?tag\/BMW\">BMW<\/a>. Le premier s'appuie sur<a href=\"\/blog\/index.php?tag\/l%20A1\"> l'A1<\/a> (3.95m) qui devient son nouveau mod\u00e8le d'acc\u00e8s. Le second profite de l'aura de Mini aupr\u00e8s d'une client\u00e8le urbaine, majoritairement jeune et f\u00e9minine. Mais la BMW se lancera dans la bataille sous son propre blason avec la <a href=\"\/blog\/index.php?tag\/%22City\">\"City<\/a>\" (3,80m) qui se positionnera en dessous de la S\u00e9rie 1 d'ici \u00e0 2014.Propuls\u00e9 par Dacia, dont les mod\u00e8les s'\u00e9cartent de plus en plus de l'image aust\u00e8re des d\u00e9buts, mais aussi par ses rivaux g\u00e9n\u00e9ralistes,Renault doit lui monter en gamme.La piste Infinitif, la griffe premium de<a href=\"\/blog\/index.php?tag\/Nissan\"> Nissan<\/a>, a \u00e9t\u00e9 un temps envisag\u00e9es  pour tirer Renault vers le haut. Car la marque hupp\u00e9e nippone dispose de la M: une grande routi\u00e8re \u00e0 propulsion de 4.95 m. Le rapprochement avec le groupe Daimler arrive donc \u00e0 point nomm\u00e9. Renault pourra avoir la plateforme technique \u00e0 propulsion de la <a href=\"\/blog\/index.php?tag\/Mercedes%20Classe%20E\">Mercedes Classe E<\/a> et de motorisation \u00e0 la fois puissantes et peu \u00e9nergivores. De quoi s'\u00e9tablir l\u00e9gitimement dans la sph\u00e8re premium avec la futur<a href=\"\/blog\/index.php?tag\/Altica\"> Altica<\/a>. A l'autre bout de la gamme Renault, une <a href=\"\/blog\/index.php?tag\/Twingo%20City\">Twingo City<\/a> contiendra les mena\u00e7antes <a href=\"\/blog\/index.php?tag\/Toyota%20iQ\">Toyota iQ<\/a> et future <a href=\"\/blog\/index.php?tag\/Fiat%20Topolino\">Fiat Topolino<\/a>. En retour, Mercedes enrichit sa palette de moteurs diesels avec un \"petit\" 1.5 dCi con\u00e7u, fabriqu\u00e9 et largement amorti par Renault. Un bloc d\u00e9livrant 109 ch qui \u00e9quipe d\u00e9j\u00e0 la version d'acc\u00e8s  de la <a href=\"\/blog\/index.php?tag\/Classe%20A\">Classe A<\/a>. Par ailleurs, le <a href=\"\/blog\/index.php?tag\/constructeurs%20allemand\">constructeurs allemand<\/a> enrichit sa gamme d'utilitaires avec le <a href=\"\/blog\/index.php?tag\/Citan\">Citan<\/a>, cousin germain du<a href=\"\/blog\/index.php?tag\/Kangoo\"> Kangoo<\/a>.<\/p>\n","protected":false},"excerpt":{"rendered":"<p>La Mercedes Classe Small qui sera en vente en 2014 \u00e0 partir de 17 000 \u20ac va aider Mercedes \u00e0 rajeunir son image et ses clients.Au contraire Renaud vise plus haut, mais veut aussi renforcer son offre en petit gabarits: la sp\u00e9cialit\u00e9 de Smart. Le groupe allemand et le constructeur fran\u00e7ais se sont donc naturellement &#8230; <a title=\"Daimler et Renault\" class=\"read-more\" href=\"https:\/\/www.carideal.com\/blog\/2012\/08\/10\/daimler-et-renault\/\" aria-label=\"En savoir plus sur Daimler et Renault\">Lire plus<\/a><\/p>\n","protected":false},"author":1,"featured_media":0,"comment_status":"open","ping_status":"open","sticky":false,"template":"","format":"standard","meta":{"_uag_custom_page_level_css":"","_themeisle_gutenberg_block_has_review":false,"footnotes":""},"categories":[9],"tags":[1548],"class_list":["post-545","post","type-post","status-publish","format-standard","hentry","category-divers","tag-mercedes-classe-e"],"wppr_data":[],"yoast_head":"<!-- This site is optimized with the Yoast SEO plugin v24.8.1 - https:\/\/yoast.com\/wordpress\/plugins\/seo\/ -->\n<title>Daimler et Renault - Blog auto Carid\u00e9al<\/title>\n<meta name=\"robots\" content=\"index, follow, max-snippet:-1, max-image-preview:large, max-video-preview:-1\" \/>\n<link rel=\"canonical\" href=\"https:\/\/www.carideal.com\/blog\/2012\/08\/10\/daimler-et-renault\/\" \/>\n<meta property=\"og:locale\" content=\"fr_FR\" \/>\n<meta property=\"og:type\" content=\"article\" \/>\n<meta property=\"og:title\" content=\"Daimler et Renault - Blog auto Carid\u00e9al\" \/>\n<meta property=\"og:description\" content=\"La Mercedes Classe Small qui sera en vente en 2014 \u00e0 partir de 17 000 \u20ac va aider Mercedes \u00e0 rajeunir son image et ses clients.Au contraire Renaud vise plus haut, mais veut aussi renforcer son offre en petit gabarits: la sp\u00e9cialit\u00e9 de Smart. Le groupe allemand et le constructeur fran\u00e7ais se sont donc naturellement ... Lire plus\" \/>\n<meta property=\"og:url\" content=\"https:\/\/www.carideal.com\/blog\/2012\/08\/10\/daimler-et-renault\/\" \/>\n<meta property=\"og:site_name\" content=\"Blog auto Carid\u00e9al\" \/>\n<meta property=\"article:publisher\" content=\"https:\/\/www.facebook.com\/Carideal.mandataire.automobile\" \/>\n<meta property=\"article:author\" content=\"https:\/\/www.facebook.com\/Carideal.mandataire.automobile\/\" \/>\n<meta property=\"article:published_time\" content=\"2012-08-10T14:09:00+00:00\" \/>\n<meta property=\"og:image\" content=\"https:\/\/www.carideal.com\/blog\/wp-content\/uploads\/2016\/03\/logo-carideal-mandataire-automobile.png\" \/>\n\t<meta property=\"og:image:width\" content=\"300\" \/>\n\t<meta property=\"og:image:height\" content=\"300\" \/>\n\t<meta property=\"og:image:type\" content=\"image\/png\" \/>\n<meta name=\"author\" content=\"N.S Carideal\" \/>\n<meta name=\"twitter:card\" content=\"summary_large_image\" \/>\n<meta name=\"twitter:creator\" content=\"@caridealauto\" \/>\n<meta name=\"twitter:site\" content=\"@caridealauto\" \/>\n<meta name=\"twitter:label1\" content=\"\u00c9crit par\" \/>\n\t<meta name=\"twitter:data1\" content=\"N.S Carideal\" \/>\n\t<meta name=\"twitter:label2\" content=\"Dur\u00e9e de lecture estim\u00e9e\" \/>\n\t<meta name=\"twitter:data2\" content=\"2 minutes\" \/>\n<script type=\"application\/ld+json\" class=\"yoast-schema-graph\">{\"@context\":\"https:\/\/schema.org\",\"@graph\":[{\"@type\":\"Article\",\"@id\":\"https:\/\/www.carideal.com\/blog\/2012\/08\/10\/daimler-et-renault\/#article\",\"isPartOf\":{\"@id\":\"https:\/\/www.carideal.com\/blog\/2012\/08\/10\/daimler-et-renault\/\"},\"author\":{\"name\":\"N.S Carideal\",\"@id\":\"https:\/\/www.carideal.com\/blog\/#\/schema\/person\/985c7e757d1042d647f21bfaf8d41ebc\"},\"headline\":\"Daimler et Renault\",\"datePublished\":\"2012-08-10T14:09:00+00:00\",\"mainEntityOfPage\":{\"@id\":\"https:\/\/www.carideal.com\/blog\/2012\/08\/10\/daimler-et-renault\/\"},\"wordCount\":367,\"commentCount\":0,\"publisher\":{\"@id\":\"https:\/\/www.carideal.com\/blog\/#organization\"},\"keywords\":[\"Mercedes Classe E\"],\"articleSection\":[\"Divers\"],\"inLanguage\":\"fr-FR\",\"potentialAction\":[{\"@type\":\"CommentAction\",\"name\":\"Comment\",\"target\":[\"https:\/\/www.carideal.com\/blog\/2012\/08\/10\/daimler-et-renault\/#respond\"]}]},{\"@type\":\"WebPage\",\"@id\":\"https:\/\/www.carideal.com\/blog\/2012\/08\/10\/daimler-et-renault\/\",\"url\":\"https:\/\/www.carideal.com\/blog\/2012\/08\/10\/daimler-et-renault\/\",\"name\":\"Daimler et Renault - Blog auto Carid\u00e9al\",\"isPartOf\":{\"@id\":\"https:\/\/www.carideal.com\/blog\/#website\"},\"datePublished\":\"2012-08-10T14:09:00+00:00\",\"breadcrumb\":{\"@id\":\"https:\/\/www.carideal.com\/blog\/2012\/08\/10\/daimler-et-renault\/#breadcrumb\"},\"inLanguage\":\"fr-FR\",\"potentialAction\":[{\"@type\":\"ReadAction\",\"target\":[\"https:\/\/www.carideal.com\/blog\/2012\/08\/10\/daimler-et-renault\/\"]}]},{\"@type\":\"BreadcrumbList\",\"@id\":\"https:\/\/www.carideal.com\/blog\/2012\/08\/10\/daimler-et-renault\/#breadcrumb\",\"itemListElement\":[{\"@type\":\"ListItem\",\"position\":1,\"name\":\"Blog Carid\u00e9al\",\"item\":\"https:\/\/www.carideal.com\/blog\/\"},{\"@type\":\"ListItem\",\"position\":2,\"name\":\"Divers\",\"item\":\"https:\/\/www.carideal.com\/blog\/divers\/\"},{\"@type\":\"ListItem\",\"position\":3,\"name\":\"Daimler et Renault\"}]},{\"@type\":\"WebSite\",\"@id\":\"https:\/\/www.carideal.com\/blog\/#website\",\"url\":\"https:\/\/www.carideal.com\/blog\/\",\"name\":\"Blog auto Carid\u00e9al\",\"description\":\"Actualit\u00e9 auto par des passionn\u00e9s\",\"publisher\":{\"@id\":\"https:\/\/www.carideal.com\/blog\/#organization\"},\"potentialAction\":[{\"@type\":\"SearchAction\",\"target\":{\"@type\":\"EntryPoint\",\"urlTemplate\":\"https:\/\/www.carideal.com\/blog\/?s={search_term_string}\"},\"query-input\":{\"@type\":\"PropertyValueSpecification\",\"valueRequired\":true,\"valueName\":\"search_term_string\"}}],\"inLanguage\":\"fr-FR\"},{\"@type\":\"Organization\",\"@id\":\"https:\/\/www.carideal.com\/blog\/#organization\",\"name\":\"Carideal\",\"url\":\"https:\/\/www.carideal.com\/blog\/\",\"logo\":{\"@type\":\"ImageObject\",\"inLanguage\":\"fr-FR\",\"@id\":\"https:\/\/www.carideal.com\/blog\/#\/schema\/logo\/image\/\",\"url\":\"http:\/\/www.carideal.com\/blog\/wp-content\/uploads\/2016\/03\/logo-carideal-mandataire-automobile.png\",\"contentUrl\":\"http:\/\/www.carideal.com\/blog\/wp-content\/uploads\/2016\/03\/logo-carideal-mandataire-automobile.png\",\"width\":300,\"height\":300,\"caption\":\"Carideal\"},\"image\":{\"@id\":\"https:\/\/www.carideal.com\/blog\/#\/schema\/logo\/image\/\"},\"sameAs\":[\"https:\/\/www.facebook.com\/Carideal.mandataire.automobile\",\"https:\/\/x.com\/caridealauto\",\"https:\/\/www.instagram.com\/carideal1\/\",\"https:\/\/www.linkedin.com\/company\/carideal.com\",\"https:\/\/fr.pinterest.com\/schiavonsas\/\",\"https:\/\/www.youtube.com\/user\/caridealsas\"]},{\"@type\":\"Person\",\"@id\":\"https:\/\/www.carideal.com\/blog\/#\/schema\/person\/985c7e757d1042d647f21bfaf8d41ebc\",\"name\":\"N.S Carideal\",\"image\":{\"@type\":\"ImageObject\",\"inLanguage\":\"fr-FR\",\"@id\":\"https:\/\/www.carideal.com\/blog\/#\/schema\/person\/image\/\",\"url\":\"https:\/\/secure.gravatar.com\/avatar\/edb7ccdf1a4e3d14aef967760d354d0e?s=96&r=g\",\"contentUrl\":\"https:\/\/secure.gravatar.com\/avatar\/edb7ccdf1a4e3d14aef967760d354d0e?s=96&r=g\",\"caption\":\"N.S Carideal\"},\"description\":\"Depuis tout petit fan d'automobile. Il est question d'essayer et de comparer toutes ces voitures qui nous ont fait r\u00e9ver, avant que celles-ci ne devient uniquement des voitures de collection.\",\"sameAs\":[\"http:\/\/www.carideal.com\/blog\",\"https:\/\/www.facebook.com\/Carideal.mandataire.automobile\/\",\"https:\/\/www.linkedin.com\/in\/nschiavon\/\",\"https:\/\/www.youtube.com\/user\/caridealsas\/\"],\"url\":\"https:\/\/www.carideal.com\/blog\/author\/admin_carideal\/\"}]}<\/script>\n<!-- \/ Yoast SEO plugin. -->","yoast_head_json":{"title":"Daimler et Renault - Blog auto Carid\u00e9al","robots":{"index":"index","follow":"follow","max-snippet":"max-snippet:-1","max-image-preview":"max-image-preview:large","max-video-preview":"max-video-preview:-1"},"canonical":"https:\/\/www.carideal.com\/blog\/2012\/08\/10\/daimler-et-renault\/","og_locale":"fr_FR","og_type":"article","og_title":"Daimler et Renault - Blog auto Carid\u00e9al","og_description":"La Mercedes Classe Small qui sera en vente en 2014 \u00e0 partir de 17 000 \u20ac va aider Mercedes \u00e0 rajeunir son image et ses clients.Au contraire Renaud vise plus haut, mais veut aussi renforcer son offre en petit gabarits: la sp\u00e9cialit\u00e9 de Smart. Le groupe allemand et le constructeur fran\u00e7ais se sont donc naturellement ... Lire plus","og_url":"https:\/\/www.carideal.com\/blog\/2012\/08\/10\/daimler-et-renault\/","og_site_name":"Blog auto Carid\u00e9al","article_publisher":"https:\/\/www.facebook.com\/Carideal.mandataire.automobile","article_author":"https:\/\/www.facebook.com\/Carideal.mandataire.automobile\/","article_published_time":"2012-08-10T14:09:00+00:00","og_image":[{"width":300,"height":300,"url":"https:\/\/www.carideal.com\/blog\/wp-content\/uploads\/2016\/03\/logo-carideal-mandataire-automobile.png","type":"image\/png"}],"author":"N.S Carideal","twitter_card":"summary_large_image","twitter_creator":"@caridealauto","twitter_site":"@caridealauto","twitter_misc":{"\u00c9crit par":"N.S Carideal","Dur\u00e9e de lecture estim\u00e9e":"2 minutes"},"schema":{"@context":"https:\/\/schema.org","@graph":[{"@type":"Article","@id":"https:\/\/www.carideal.com\/blog\/2012\/08\/10\/daimler-et-renault\/#article","isPartOf":{"@id":"https:\/\/www.carideal.com\/blog\/2012\/08\/10\/daimler-et-renault\/"},"author":{"name":"N.S Carideal","@id":"https:\/\/www.carideal.com\/blog\/#\/schema\/person\/985c7e757d1042d647f21bfaf8d41ebc"},"headline":"Daimler et Renault","datePublished":"2012-08-10T14:09:00+00:00","mainEntityOfPage":{"@id":"https:\/\/www.carideal.com\/blog\/2012\/08\/10\/daimler-et-renault\/"},"wordCount":367,"commentCount":0,"publisher":{"@id":"https:\/\/www.carideal.com\/blog\/#organization"},"keywords":["Mercedes Classe E"],"articleSection":["Divers"],"inLanguage":"fr-FR","potentialAction":[{"@type":"CommentAction","name":"Comment","target":["https:\/\/www.carideal.com\/blog\/2012\/08\/10\/daimler-et-renault\/#respond"]}]},{"@type":"WebPage","@id":"https:\/\/www.carideal.com\/blog\/2012\/08\/10\/daimler-et-renault\/","url":"https:\/\/www.carideal.com\/blog\/2012\/08\/10\/daimler-et-renault\/","name":"Daimler et Renault - Blog auto Carid\u00e9al","isPartOf":{"@id":"https:\/\/www.carideal.com\/blog\/#website"},"datePublished":"2012-08-10T14:09:00+00:00","breadcrumb":{"@id":"https:\/\/www.carideal.com\/blog\/2012\/08\/10\/daimler-et-renault\/#breadcrumb"},"inLanguage":"fr-FR","potentialAction":[{"@type":"ReadAction","target":["https:\/\/www.carideal.com\/blog\/2012\/08\/10\/daimler-et-renault\/"]}]},{"@type":"BreadcrumbList","@id":"https:\/\/www.carideal.com\/blog\/2012\/08\/10\/daimler-et-renault\/#breadcrumb","itemListElement":[{"@type":"ListItem","position":1,"name":"Blog Carid\u00e9al","item":"https:\/\/www.carideal.com\/blog\/"},{"@type":"ListItem","position":2,"name":"Divers","item":"https:\/\/www.carideal.com\/blog\/divers\/"},{"@type":"ListItem","position":3,"name":"Daimler et Renault"}]},{"@type":"WebSite","@id":"https:\/\/www.carideal.com\/blog\/#website","url":"https:\/\/www.carideal.com\/blog\/","name":"Blog auto Carid\u00e9al","description":"Actualit\u00e9 auto par des passionn\u00e9s","publisher":{"@id":"https:\/\/www.carideal.com\/blog\/#organization"},"potentialAction":[{"@type":"SearchAction","target":{"@type":"EntryPoint","urlTemplate":"https:\/\/www.carideal.com\/blog\/?s={search_term_string}"},"query-input":{"@type":"PropertyValueSpecification","valueRequired":true,"valueName":"search_term_string"}}],"inLanguage":"fr-FR"},{"@type":"Organization","@id":"https:\/\/www.carideal.com\/blog\/#organization","name":"Carideal","url":"https:\/\/www.carideal.com\/blog\/","logo":{"@type":"ImageObject","inLanguage":"fr-FR","@id":"https:\/\/www.carideal.com\/blog\/#\/schema\/logo\/image\/","url":"http:\/\/www.carideal.com\/blog\/wp-content\/uploads\/2016\/03\/logo-carideal-mandataire-automobile.png","contentUrl":"http:\/\/www.carideal.com\/blog\/wp-content\/uploads\/2016\/03\/logo-carideal-mandataire-automobile.png","width":300,"height":300,"caption":"Carideal"},"image":{"@id":"https:\/\/www.carideal.com\/blog\/#\/schema\/logo\/image\/"},"sameAs":["https:\/\/www.facebook.com\/Carideal.mandataire.automobile","https:\/\/x.com\/caridealauto","https:\/\/www.instagram.com\/carideal1\/","https:\/\/www.linkedin.com\/company\/carideal.com","https:\/\/fr.pinterest.com\/schiavonsas\/","https:\/\/www.youtube.com\/user\/caridealsas"]},{"@type":"Person","@id":"https:\/\/www.carideal.com\/blog\/#\/schema\/person\/985c7e757d1042d647f21bfaf8d41ebc","name":"N.S Carideal","image":{"@type":"ImageObject","inLanguage":"fr-FR","@id":"https:\/\/www.carideal.com\/blog\/#\/schema\/person\/image\/","url":"https:\/\/secure.gravatar.com\/avatar\/edb7ccdf1a4e3d14aef967760d354d0e?s=96&r=g","contentUrl":"https:\/\/secure.gravatar.com\/avatar\/edb7ccdf1a4e3d14aef967760d354d0e?s=96&r=g","caption":"N.S Carideal"},"description":"Depuis tout petit fan d'automobile. Il est question d'essayer et de comparer toutes ces voitures qui nous ont fait r\u00e9ver, avant que celles-ci ne devient uniquement des voitures de collection.","sameAs":["http:\/\/www.carideal.com\/blog","https:\/\/www.facebook.com\/Carideal.mandataire.automobile\/","https:\/\/www.linkedin.com\/in\/nschiavon\/","https:\/\/www.youtube.com\/user\/caridealsas\/"],"url":"https:\/\/www.carideal.com\/blog\/author\/admin_carideal\/"}]}},"uagb_featured_image_src":{"full":false,"thumbnail":false,"medium":false,"medium_large":false,"large":false,"1536x1536":false,"2048x2048":false,"wppr-widget":false},"uagb_author_info":{"display_name":"N.S Carideal","author_link":"https:\/\/www.carideal.com\/blog\/author\/admin_carideal\/"},"uagb_comment_info":0,"uagb_excerpt":"La Mercedes Classe Small qui sera en vente en 2014 \u00e0 partir de 17 000 \u20ac va aider Mercedes \u00e0 rajeunir son image et ses clients.Au contraire Renaud vise plus haut, mais veut aussi renforcer son offre en petit gabarits: la sp\u00e9cialit\u00e9 de Smart. Le groupe allemand et le constructeur fran\u00e7ais se sont donc naturellement\u2026","_links":{"self":[{"href":"https:\/\/www.carideal.com\/blog\/wp-json\/wp\/v2\/posts\/545"}],"collection":[{"href":"https:\/\/www.carideal.com\/blog\/wp-json\/wp\/v2\/posts"}],"about":[{"href":"https:\/\/www.carideal.com\/blog\/wp-json\/wp\/v2\/types\/post"}],"author":[{"embeddable":true,"href":"https:\/\/www.carideal.com\/blog\/wp-json\/wp\/v2\/users\/1"}],"replies":[{"embeddable":true,"href":"https:\/\/www.carideal.com\/blog\/wp-json\/wp\/v2\/comments?post=545"}],"version-history":[{"count":0,"href":"https:\/\/www.carideal.com\/blog\/wp-json\/wp\/v2\/posts\/545\/revisions"}],"wp:attachment":[{"href":"https:\/\/www.carideal.com\/blog\/wp-json\/wp\/v2\/media?parent=545"}],"wp:term":[{"taxonomy":"category","embeddable":true,"href":"https:\/\/www.carideal.com\/blog\/wp-json\/wp\/v2\/categories?post=545"},{"taxonomy":"post_tag","embeddable":true,"href":"https:\/\/www.carideal.com\/blog\/wp-json\/wp\/v2\/tags?post=545"}],"curies":[{"name":"wp","href":"https:\/\/api.w.org\/{rel}","templated":true}]}}