{"id":5446,"date":"2014-05-25T22:00:00","date_gmt":"2014-05-25T22:00:00","guid":{"rendered":"http:\/\/www.carideal.com\/blog\/2014\/05\/25\/les-crossovers-2014\/"},"modified":"2014-05-25T22:00:00","modified_gmt":"2014-05-25T22:00:00","slug":"les-crossovers-2014","status":"publish","type":"post","link":"https:\/\/www.carideal.com\/blog\/2014\/05\/25\/les-crossovers-2014\/","title":{"rendered":"les crossovers 2014"},"content":{"rendered":"<div>\n                        <img decoding=\"async\" src=\"http:\/\/www.carideal.com\/images_actualite\/citronc4cactuscaridealmandataireautomobile-1401092754.jpg\"><\/div>\n<p> Pour le Kia Soul nouvelle g\u00e9n\u00e9ration rime avec nouvelle plateforme. Les dimensions sont inchang\u00e9s et deux moteurs sont disponibles un essence 1.6 de 135 ch et un diesel 1.6 de 128 ch.<br \/>\nLe Lexus RX partage son ch\u00e2ssis avec Toyota RAV 4 hybrid.<br \/>\nLe Mercedes GLA a la plateforme technique de la classe A. Il est plus long de 11 cm et haut de 6 cm, cela lui offre une plus grande habitabilit\u00e9. D\u00e9sormais les dossiers sont inclinables et il y a un meilleur acc\u00e8s au coffre.Disponible avec deux moteurs essences 115 ch et 155 ch 2 ou 4 roues motrices .<br \/>\nLe Nissan Qashqai a grandi de 4 cm et s\u2019oriente vers les technologies. Disponible en moteur essence 115 ou 150 ch et en moteur diesel 110 ou 130 ch. Deux ou quatre roues motrices.<br \/>\nLe Nissan X-trail est deux roues motrice et diesel de 130 ch.<br \/>\nLe Peugeot 3008 \u00e0 une calandre revue, deux moteurs essences de de 120 et 155 ch, trois moteurs diesel  de 115, 150 et 160 ch et un hybride diesel.<br \/>\nLe C4 Cactus \u00e0 un prix d'appel attrayant et un look in\u00e9dit. Sa carrosserie est dot\u00e9e de capsules d'air d\u00e9formable qui lui \u00e9vite beaucoup de d\u00e9sagr\u00e9ment. Moteur 3 cylindres essence 1.2 de 82 ch et 1.6 HDi 90 et 115 ch. La banquette avant est deux places de fa\u00e7on \u00e0 se qu'on ce sente comme dans un sofa.<\/p>\n","protected":false},"excerpt":{"rendered":"<p>Pour le Kia Soul nouvelle g\u00e9n\u00e9ration rime avec nouvelle plateforme. Les dimensions sont inchang\u00e9s et deux moteurs sont disponibles un essence 1.6 de 135 ch et un diesel 1.6 de 128 ch. Le Lexus RX partage son ch\u00e2ssis avec Toyota RAV 4 hybrid. Le Mercedes GLA a la plateforme technique de la classe A. Il &#8230; <a title=\"les crossovers 2014\" class=\"read-more\" href=\"https:\/\/www.carideal.com\/blog\/2014\/05\/25\/les-crossovers-2014\/\" aria-label=\"En savoir plus sur les crossovers 2014\">Lire plus<\/a><\/p>\n","protected":false},"author":3,"featured_media":0,"comment_status":"open","ping_status":"open","sticky":false,"template":"","format":"standard","meta":{"_uag_custom_page_level_css":"","_themeisle_gutenberg_block_has_review":false,"footnotes":""},"categories":[21],"tags":[],"class_list":["post-5446","post","type-post","status-publish","format-standard","hentry","category-actualites-auto"],"wppr_data":[],"yoast_head":"<!-- This site is optimized with the Yoast SEO plugin v24.8.1 - https:\/\/yoast.com\/wordpress\/plugins\/seo\/ -->\n<title>les crossovers 2014 - Blog auto Carid\u00e9al<\/title>\n<meta name=\"robots\" content=\"index, follow, max-snippet:-1, max-image-preview:large, max-video-preview:-1\" \/>\n<link rel=\"canonical\" href=\"https:\/\/www.carideal.com\/blog\/2014\/05\/25\/les-crossovers-2014\/\" \/>\n<meta property=\"og:locale\" content=\"fr_FR\" \/>\n<meta property=\"og:type\" content=\"article\" \/>\n<meta property=\"og:title\" content=\"les crossovers 2014 - Blog auto Carid\u00e9al\" \/>\n<meta property=\"og:description\" content=\"Pour le Kia Soul nouvelle g\u00e9n\u00e9ration rime avec nouvelle plateforme. Les dimensions sont inchang\u00e9s et deux moteurs sont disponibles un essence 1.6 de 135 ch et un diesel 1.6 de 128 ch. Le Lexus RX partage son ch\u00e2ssis avec Toyota RAV 4 hybrid. Le Mercedes GLA a la plateforme technique de la classe A. Il ... Lire plus\" \/>\n<meta property=\"og:url\" content=\"https:\/\/www.carideal.com\/blog\/2014\/05\/25\/les-crossovers-2014\/\" \/>\n<meta property=\"og:site_name\" content=\"Blog auto Carid\u00e9al\" \/>\n<meta property=\"article:publisher\" content=\"https:\/\/www.facebook.com\/Carideal.mandataire.automobile\" \/>\n<meta property=\"article:author\" content=\"https:\/\/www.facebook.com\/nicolas.schiavon.39\" \/>\n<meta property=\"article:published_time\" content=\"2014-05-25T22:00:00+00:00\" \/>\n<meta property=\"og:image\" content=\"http:\/\/www.carideal.com\/images_actualite\/citronc4cactuscaridealmandataireautomobile-1401092754.jpg\" \/>\n<meta name=\"author\" content=\"Nicolas SCHIAVON\" \/>\n<meta name=\"twitter:card\" content=\"summary_large_image\" \/>\n<meta name=\"twitter:creator\" content=\"@caridealauto\" \/>\n<meta name=\"twitter:site\" content=\"@caridealauto\" \/>\n<meta name=\"twitter:label1\" content=\"\u00c9crit par\" \/>\n\t<meta name=\"twitter:data1\" content=\"Nicolas SCHIAVON\" \/>\n\t<meta name=\"twitter:label2\" content=\"Dur\u00e9e de lecture estim\u00e9e\" \/>\n\t<meta name=\"twitter:data2\" content=\"1 minute\" \/>\n<script type=\"application\/ld+json\" class=\"yoast-schema-graph\">{\"@context\":\"https:\/\/schema.org\",\"@graph\":[{\"@type\":\"Article\",\"@id\":\"https:\/\/www.carideal.com\/blog\/2014\/05\/25\/les-crossovers-2014\/#article\",\"isPartOf\":{\"@id\":\"https:\/\/www.carideal.com\/blog\/2014\/05\/25\/les-crossovers-2014\/\"},\"author\":{\"name\":\"Nicolas SCHIAVON\",\"@id\":\"https:\/\/www.carideal.com\/blog\/#\/schema\/person\/cd95dc7919660de90d31b366f85be1ec\"},\"headline\":\"les crossovers 2014\",\"datePublished\":\"2014-05-25T22:00:00+00:00\",\"mainEntityOfPage\":{\"@id\":\"https:\/\/www.carideal.com\/blog\/2014\/05\/25\/les-crossovers-2014\/\"},\"wordCount\":218,\"commentCount\":0,\"publisher\":{\"@id\":\"https:\/\/www.carideal.com\/blog\/#organization\"},\"image\":{\"@id\":\"https:\/\/www.carideal.com\/blog\/2014\/05\/25\/les-crossovers-2014\/#primaryimage\"},\"thumbnailUrl\":\"http:\/\/www.carideal.com\/images_actualite\/citronc4cactuscaridealmandataireautomobile-1401092754.jpg\",\"articleSection\":[\"Actualit\u00e9 automobile\"],\"inLanguage\":\"fr-FR\",\"potentialAction\":[{\"@type\":\"CommentAction\",\"name\":\"Comment\",\"target\":[\"https:\/\/www.carideal.com\/blog\/2014\/05\/25\/les-crossovers-2014\/#respond\"]}]},{\"@type\":\"WebPage\",\"@id\":\"https:\/\/www.carideal.com\/blog\/2014\/05\/25\/les-crossovers-2014\/\",\"url\":\"https:\/\/www.carideal.com\/blog\/2014\/05\/25\/les-crossovers-2014\/\",\"name\":\"les crossovers 2014 - Blog auto Carid\u00e9al\",\"isPartOf\":{\"@id\":\"https:\/\/www.carideal.com\/blog\/#website\"},\"primaryImageOfPage\":{\"@id\":\"https:\/\/www.carideal.com\/blog\/2014\/05\/25\/les-crossovers-2014\/#primaryimage\"},\"image\":{\"@id\":\"https:\/\/www.carideal.com\/blog\/2014\/05\/25\/les-crossovers-2014\/#primaryimage\"},\"thumbnailUrl\":\"http:\/\/www.carideal.com\/images_actualite\/citronc4cactuscaridealmandataireautomobile-1401092754.jpg\",\"datePublished\":\"2014-05-25T22:00:00+00:00\",\"breadcrumb\":{\"@id\":\"https:\/\/www.carideal.com\/blog\/2014\/05\/25\/les-crossovers-2014\/#breadcrumb\"},\"inLanguage\":\"fr-FR\",\"potentialAction\":[{\"@type\":\"ReadAction\",\"target\":[\"https:\/\/www.carideal.com\/blog\/2014\/05\/25\/les-crossovers-2014\/\"]}]},{\"@type\":\"ImageObject\",\"inLanguage\":\"fr-FR\",\"@id\":\"https:\/\/www.carideal.com\/blog\/2014\/05\/25\/les-crossovers-2014\/#primaryimage\",\"url\":\"http:\/\/www.carideal.com\/images_actualite\/citronc4cactuscaridealmandataireautomobile-1401092754.jpg\",\"contentUrl\":\"http:\/\/www.carideal.com\/images_actualite\/citronc4cactuscaridealmandataireautomobile-1401092754.jpg\"},{\"@type\":\"BreadcrumbList\",\"@id\":\"https:\/\/www.carideal.com\/blog\/2014\/05\/25\/les-crossovers-2014\/#breadcrumb\",\"itemListElement\":[{\"@type\":\"ListItem\",\"position\":1,\"name\":\"Blog Carid\u00e9al\",\"item\":\"https:\/\/www.carideal.com\/blog\/\"},{\"@type\":\"ListItem\",\"position\":2,\"name\":\"Actualit\u00e9 automobile\",\"item\":\"https:\/\/www.carideal.com\/blog\/actualites-auto\/\"},{\"@type\":\"ListItem\",\"position\":3,\"name\":\"les crossovers 2014\"}]},{\"@type\":\"WebSite\",\"@id\":\"https:\/\/www.carideal.com\/blog\/#website\",\"url\":\"https:\/\/www.carideal.com\/blog\/\",\"name\":\"Blog auto Carid\u00e9al\",\"description\":\"Actualit\u00e9 auto par des passionn\u00e9s\",\"publisher\":{\"@id\":\"https:\/\/www.carideal.com\/blog\/#organization\"},\"potentialAction\":[{\"@type\":\"SearchAction\",\"target\":{\"@type\":\"EntryPoint\",\"urlTemplate\":\"https:\/\/www.carideal.com\/blog\/?s={search_term_string}\"},\"query-input\":{\"@type\":\"PropertyValueSpecification\",\"valueRequired\":true,\"valueName\":\"search_term_string\"}}],\"inLanguage\":\"fr-FR\"},{\"@type\":\"Organization\",\"@id\":\"https:\/\/www.carideal.com\/blog\/#organization\",\"name\":\"Carideal\",\"url\":\"https:\/\/www.carideal.com\/blog\/\",\"logo\":{\"@type\":\"ImageObject\",\"inLanguage\":\"fr-FR\",\"@id\":\"https:\/\/www.carideal.com\/blog\/#\/schema\/logo\/image\/\",\"url\":\"http:\/\/www.carideal.com\/blog\/wp-content\/uploads\/2016\/03\/logo-carideal-mandataire-automobile.png\",\"contentUrl\":\"http:\/\/www.carideal.com\/blog\/wp-content\/uploads\/2016\/03\/logo-carideal-mandataire-automobile.png\",\"width\":300,\"height\":300,\"caption\":\"Carideal\"},\"image\":{\"@id\":\"https:\/\/www.carideal.com\/blog\/#\/schema\/logo\/image\/\"},\"sameAs\":[\"https:\/\/www.facebook.com\/Carideal.mandataire.automobile\",\"https:\/\/x.com\/caridealauto\",\"https:\/\/www.instagram.com\/carideal1\/\",\"https:\/\/www.linkedin.com\/company\/carideal.com\",\"https:\/\/fr.pinterest.com\/schiavonsas\/\",\"https:\/\/www.youtube.com\/user\/caridealsas\"]},{\"@type\":\"Person\",\"@id\":\"https:\/\/www.carideal.com\/blog\/#\/schema\/person\/cd95dc7919660de90d31b366f85be1ec\",\"name\":\"Nicolas SCHIAVON\",\"image\":{\"@type\":\"ImageObject\",\"inLanguage\":\"fr-FR\",\"@id\":\"https:\/\/www.carideal.com\/blog\/#\/schema\/person\/image\/\",\"url\":\"https:\/\/secure.gravatar.com\/avatar\/c17e55009e671d92cc7f5dc837dc418a?s=96&r=g\",\"contentUrl\":\"https:\/\/secure.gravatar.com\/avatar\/c17e55009e671d92cc7f5dc837dc418a?s=96&r=g\",\"caption\":\"Nicolas SCHIAVON\"},\"description\":\"Nicolas Schiavon est tomb\u00e9 tout petit dans la marmite automobile. Ayant eu un garage de marque automobile, mandataire automobile de la premi\u00e8re heure d\u00e8s 1999. Nicolas a cr\u00e9\u00e9 ces premiers sites de vente de voiture et blog automobile d\u00e8s 1994. Carideal est n\u00e9 le 15 d\u00e9cembre 2000 de la volont\u00e9 de vendre des voitures d'occasions en ligne puis des voitures neuves. Il a pu essayer beaucoup de voitures tr\u00e8s diff\u00e9rentes et ayant eu personnellement quelques belles autos, Subaru Impreza, Mitsubishi Lancer Evo 7, Porsche 911, Ferrari Testarrossa, Audi RS3, RS4 et j'en passe...\",\"sameAs\":[\"http:\/\/www.carideal.com\",\"https:\/\/www.facebook.com\/nicolas.schiavon.39\",\"https:\/\/www.instagram.com\/carideal1\/\",\"https:\/\/www.linkedin.com\/in\/nschiavon\/\",\"https:\/\/x.com\/caridealauto\",\"https:\/\/www.youtube.com\/user\/caridealsas\/\"],\"url\":\"https:\/\/www.carideal.com\/blog\/author\/nschiavon\/\"}]}<\/script>\n<!-- \/ Yoast SEO plugin. -->","yoast_head_json":{"title":"les crossovers 2014 - Blog auto Carid\u00e9al","robots":{"index":"index","follow":"follow","max-snippet":"max-snippet:-1","max-image-preview":"max-image-preview:large","max-video-preview":"max-video-preview:-1"},"canonical":"https:\/\/www.carideal.com\/blog\/2014\/05\/25\/les-crossovers-2014\/","og_locale":"fr_FR","og_type":"article","og_title":"les crossovers 2014 - Blog auto Carid\u00e9al","og_description":"Pour le Kia Soul nouvelle g\u00e9n\u00e9ration rime avec nouvelle plateforme. Les dimensions sont inchang\u00e9s et deux moteurs sont disponibles un essence 1.6 de 135 ch et un diesel 1.6 de 128 ch. Le Lexus RX partage son ch\u00e2ssis avec Toyota RAV 4 hybrid. Le Mercedes GLA a la plateforme technique de la classe A. Il ... Lire plus","og_url":"https:\/\/www.carideal.com\/blog\/2014\/05\/25\/les-crossovers-2014\/","og_site_name":"Blog auto Carid\u00e9al","article_publisher":"https:\/\/www.facebook.com\/Carideal.mandataire.automobile","article_author":"https:\/\/www.facebook.com\/nicolas.schiavon.39","article_published_time":"2014-05-25T22:00:00+00:00","og_image":[{"url":"http:\/\/www.carideal.com\/images_actualite\/citronc4cactuscaridealmandataireautomobile-1401092754.jpg","type":"","width":"","height":""}],"author":"Nicolas SCHIAVON","twitter_card":"summary_large_image","twitter_creator":"@caridealauto","twitter_site":"@caridealauto","twitter_misc":{"\u00c9crit par":"Nicolas SCHIAVON","Dur\u00e9e de lecture estim\u00e9e":"1 minute"},"schema":{"@context":"https:\/\/schema.org","@graph":[{"@type":"Article","@id":"https:\/\/www.carideal.com\/blog\/2014\/05\/25\/les-crossovers-2014\/#article","isPartOf":{"@id":"https:\/\/www.carideal.com\/blog\/2014\/05\/25\/les-crossovers-2014\/"},"author":{"name":"Nicolas SCHIAVON","@id":"https:\/\/www.carideal.com\/blog\/#\/schema\/person\/cd95dc7919660de90d31b366f85be1ec"},"headline":"les crossovers 2014","datePublished":"2014-05-25T22:00:00+00:00","mainEntityOfPage":{"@id":"https:\/\/www.carideal.com\/blog\/2014\/05\/25\/les-crossovers-2014\/"},"wordCount":218,"commentCount":0,"publisher":{"@id":"https:\/\/www.carideal.com\/blog\/#organization"},"image":{"@id":"https:\/\/www.carideal.com\/blog\/2014\/05\/25\/les-crossovers-2014\/#primaryimage"},"thumbnailUrl":"http:\/\/www.carideal.com\/images_actualite\/citronc4cactuscaridealmandataireautomobile-1401092754.jpg","articleSection":["Actualit\u00e9 automobile"],"inLanguage":"fr-FR","potentialAction":[{"@type":"CommentAction","name":"Comment","target":["https:\/\/www.carideal.com\/blog\/2014\/05\/25\/les-crossovers-2014\/#respond"]}]},{"@type":"WebPage","@id":"https:\/\/www.carideal.com\/blog\/2014\/05\/25\/les-crossovers-2014\/","url":"https:\/\/www.carideal.com\/blog\/2014\/05\/25\/les-crossovers-2014\/","name":"les crossovers 2014 - Blog auto Carid\u00e9al","isPartOf":{"@id":"https:\/\/www.carideal.com\/blog\/#website"},"primaryImageOfPage":{"@id":"https:\/\/www.carideal.com\/blog\/2014\/05\/25\/les-crossovers-2014\/#primaryimage"},"image":{"@id":"https:\/\/www.carideal.com\/blog\/2014\/05\/25\/les-crossovers-2014\/#primaryimage"},"thumbnailUrl":"http:\/\/www.carideal.com\/images_actualite\/citronc4cactuscaridealmandataireautomobile-1401092754.jpg","datePublished":"2014-05-25T22:00:00+00:00","breadcrumb":{"@id":"https:\/\/www.carideal.com\/blog\/2014\/05\/25\/les-crossovers-2014\/#breadcrumb"},"inLanguage":"fr-FR","potentialAction":[{"@type":"ReadAction","target":["https:\/\/www.carideal.com\/blog\/2014\/05\/25\/les-crossovers-2014\/"]}]},{"@type":"ImageObject","inLanguage":"fr-FR","@id":"https:\/\/www.carideal.com\/blog\/2014\/05\/25\/les-crossovers-2014\/#primaryimage","url":"http:\/\/www.carideal.com\/images_actualite\/citronc4cactuscaridealmandataireautomobile-1401092754.jpg","contentUrl":"http:\/\/www.carideal.com\/images_actualite\/citronc4cactuscaridealmandataireautomobile-1401092754.jpg"},{"@type":"BreadcrumbList","@id":"https:\/\/www.carideal.com\/blog\/2014\/05\/25\/les-crossovers-2014\/#breadcrumb","itemListElement":[{"@type":"ListItem","position":1,"name":"Blog Carid\u00e9al","item":"https:\/\/www.carideal.com\/blog\/"},{"@type":"ListItem","position":2,"name":"Actualit\u00e9 automobile","item":"https:\/\/www.carideal.com\/blog\/actualites-auto\/"},{"@type":"ListItem","position":3,"name":"les crossovers 2014"}]},{"@type":"WebSite","@id":"https:\/\/www.carideal.com\/blog\/#website","url":"https:\/\/www.carideal.com\/blog\/","name":"Blog auto Carid\u00e9al","description":"Actualit\u00e9 auto par des passionn\u00e9s","publisher":{"@id":"https:\/\/www.carideal.com\/blog\/#organization"},"potentialAction":[{"@type":"SearchAction","target":{"@type":"EntryPoint","urlTemplate":"https:\/\/www.carideal.com\/blog\/?s={search_term_string}"},"query-input":{"@type":"PropertyValueSpecification","valueRequired":true,"valueName":"search_term_string"}}],"inLanguage":"fr-FR"},{"@type":"Organization","@id":"https:\/\/www.carideal.com\/blog\/#organization","name":"Carideal","url":"https:\/\/www.carideal.com\/blog\/","logo":{"@type":"ImageObject","inLanguage":"fr-FR","@id":"https:\/\/www.carideal.com\/blog\/#\/schema\/logo\/image\/","url":"http:\/\/www.carideal.com\/blog\/wp-content\/uploads\/2016\/03\/logo-carideal-mandataire-automobile.png","contentUrl":"http:\/\/www.carideal.com\/blog\/wp-content\/uploads\/2016\/03\/logo-carideal-mandataire-automobile.png","width":300,"height":300,"caption":"Carideal"},"image":{"@id":"https:\/\/www.carideal.com\/blog\/#\/schema\/logo\/image\/"},"sameAs":["https:\/\/www.facebook.com\/Carideal.mandataire.automobile","https:\/\/x.com\/caridealauto","https:\/\/www.instagram.com\/carideal1\/","https:\/\/www.linkedin.com\/company\/carideal.com","https:\/\/fr.pinterest.com\/schiavonsas\/","https:\/\/www.youtube.com\/user\/caridealsas"]},{"@type":"Person","@id":"https:\/\/www.carideal.com\/blog\/#\/schema\/person\/cd95dc7919660de90d31b366f85be1ec","name":"Nicolas SCHIAVON","image":{"@type":"ImageObject","inLanguage":"fr-FR","@id":"https:\/\/www.carideal.com\/blog\/#\/schema\/person\/image\/","url":"https:\/\/secure.gravatar.com\/avatar\/c17e55009e671d92cc7f5dc837dc418a?s=96&r=g","contentUrl":"https:\/\/secure.gravatar.com\/avatar\/c17e55009e671d92cc7f5dc837dc418a?s=96&r=g","caption":"Nicolas SCHIAVON"},"description":"Nicolas Schiavon est tomb\u00e9 tout petit dans la marmite automobile. Ayant eu un garage de marque automobile, mandataire automobile de la premi\u00e8re heure d\u00e8s 1999. Nicolas a cr\u00e9\u00e9 ces premiers sites de vente de voiture et blog automobile d\u00e8s 1994. Carideal est n\u00e9 le 15 d\u00e9cembre 2000 de la volont\u00e9 de vendre des voitures d'occasions en ligne puis des voitures neuves. Il a pu essayer beaucoup de voitures tr\u00e8s diff\u00e9rentes et ayant eu personnellement quelques belles autos, Subaru Impreza, Mitsubishi Lancer Evo 7, Porsche 911, Ferrari Testarrossa, Audi RS3, RS4 et j'en passe...","sameAs":["http:\/\/www.carideal.com","https:\/\/www.facebook.com\/nicolas.schiavon.39","https:\/\/www.instagram.com\/carideal1\/","https:\/\/www.linkedin.com\/in\/nschiavon\/","https:\/\/x.com\/caridealauto","https:\/\/www.youtube.com\/user\/caridealsas\/"],"url":"https:\/\/www.carideal.com\/blog\/author\/nschiavon\/"}]}},"uagb_featured_image_src":{"full":false,"thumbnail":false,"medium":false,"medium_large":false,"large":false,"1536x1536":false,"2048x2048":false,"wppr-widget":false},"uagb_author_info":{"display_name":"Nicolas SCHIAVON","author_link":"https:\/\/www.carideal.com\/blog\/author\/nschiavon\/"},"uagb_comment_info":0,"uagb_excerpt":"Pour le Kia Soul nouvelle g\u00e9n\u00e9ration rime avec nouvelle plateforme. Les dimensions sont inchang\u00e9s et deux moteurs sont disponibles un essence 1.6 de 135 ch et un diesel 1.6 de 128 ch. Le Lexus RX partage son ch\u00e2ssis avec Toyota RAV 4 hybrid. Le Mercedes GLA a la plateforme technique de la classe A. Il\u2026","_links":{"self":[{"href":"https:\/\/www.carideal.com\/blog\/wp-json\/wp\/v2\/posts\/5446"}],"collection":[{"href":"https:\/\/www.carideal.com\/blog\/wp-json\/wp\/v2\/posts"}],"about":[{"href":"https:\/\/www.carideal.com\/blog\/wp-json\/wp\/v2\/types\/post"}],"author":[{"embeddable":true,"href":"https:\/\/www.carideal.com\/blog\/wp-json\/wp\/v2\/users\/3"}],"replies":[{"embeddable":true,"href":"https:\/\/www.carideal.com\/blog\/wp-json\/wp\/v2\/comments?post=5446"}],"version-history":[{"count":0,"href":"https:\/\/www.carideal.com\/blog\/wp-json\/wp\/v2\/posts\/5446\/revisions"}],"wp:attachment":[{"href":"https:\/\/www.carideal.com\/blog\/wp-json\/wp\/v2\/media?parent=5446"}],"wp:term":[{"taxonomy":"category","embeddable":true,"href":"https:\/\/www.carideal.com\/blog\/wp-json\/wp\/v2\/categories?post=5446"},{"taxonomy":"post_tag","embeddable":true,"href":"https:\/\/www.carideal.com\/blog\/wp-json\/wp\/v2\/tags?post=5446"}],"curies":[{"name":"wp","href":"https:\/\/api.w.org\/{rel}","templated":true}]}}