{"id":5441,"date":"2014-05-22T22:00:00","date_gmt":"2014-05-22T22:00:00","guid":{"rendered":"http:\/\/www.carideal.com\/blog\/2014\/05\/22\/les-suv-de-2014\/"},"modified":"2024-02-11T13:56:40","modified_gmt":"2024-02-11T12:56:40","slug":"les-suv-de-2014","status":"publish","type":"post","link":"https:\/\/www.carideal.com\/blog\/2014\/05\/22\/les-suv-de-2014\/","title":{"rendered":"Les meilleurs SUV de 2014"},"content":{"rendered":"\n<h2 class=\"wp-block-heading\" id=\"h-les-meilleurs-suv-en-2014\">Les meilleurs SUV en 2014<\/h2>\n\n\n\n<p>De nombreux SUV ont \u00e9t\u00e9 annonc\u00e9 pour 2014. On va pr\u00e9senter ceux qui pourraient bien faire partir des <strong>meilleurs SUV 2014<\/strong>. La gamme des SUV \u00e9tait importante notamment avec l'annonce de l'<a href=\"http:\/\/www.carideal.com\/blog\/2016\/02\/11\/audi-q7-e-tron-2016\/\">Audi Q7<\/a> annonc\u00e9 pour le printemps. Avec ses 400 kg en moins il lutte contre l'\u00e9cotaxe. Dot\u00e9 d'un moteur V6 ou V8 pour les \u00c9tats Unis, la Chine et la Russie et d'un moteur hybride rechargeable pour l'Europe. A partir de 55 000\u20ac.<\/p>\n\n\n\n<p>Le <a href=\"http:\/\/www.carideal.com\/blog\/2012\/05\/06\/bmw-x4\/\">BMW X4<\/a> pr\u00e9vue pour Juillet est sportif et luxueux. Il est dot\u00e9 d'une motorisation diesel de 184 ch et 313 ch et d'une essence de 306 ch. Il conserve le format X3 mais il est plus bas et large de 4 cm. Il a le profil d'un coup\u00e9 avec l'arri\u00e8re d'une s\u00e9rie 3 GT. A partir de 45 000\u20ac. Le <a href=\"http:\/\/www.carideal.com\/blog\/2014\/05\/21\/le-ford-ecosport\/\">Ford Ecosport<\/a> est un <a href=\"http:\/\/www.carideal.com\/blog\/2013\/10\/06\/les-petits-suv-urbains-se-lachent\/\">SUV urbain<\/a> avec sa roue de secours sur le coffre ce qui lui donne un air de baroudeur. Il existe uniquement en traction avec un moteur essence 3 cylindres 1.0 ecoboost de 125 ch et 1.5 atmosph\u00e9rique de 110 ch. Pour finir un bloc diesel 1.5 TDCi de 90 ch. A partir de 20 990\u20ac.<\/p>\n\n\n\n<p>Le <a href=\"http:\/\/www.carideal.com\/blog\/2013\/12\/01\/jeep-cherokee-2014\/\">Jeep Cherokee<\/a> partage des \u00e9l\u00e9ments techniques avec <a href=\"http:\/\/www.carideal.com\/blog\/marque-de-voiture-actualites-essais\/fiat\/\">Fiat<\/a>. Il change de style avec un 4x2 ou 4x4. Il est plus long de 13 cm et plus bas de 9 cm, il est dot\u00e9 d'un moteur diesel 4 cylindres du groupe Fiat de 140 et 170 ch. A partir de 30 000\u20ac.<\/p>\n\n\n\n<p>La <a href=\"https:\/\/www.carideal.com\/blog\/marque-de-voiture-actualites-essais\/porsche\/macan\/\">Porsche Macan<\/a> partage son ch\u00e2ssis avec l'<a href=\"http:\/\/www.carideal.com\/blog\/2016\/02\/10\/audi-q5-2016\/\">Audi Q5<\/a>. Elle est plus longue de 5 cm et plus basse de 4. C'est un SUV haut de gamme disponible avec un moteur six cylindres diesel de 258 ch, essence de 340 et 400 ch. Une version hybride essence est envisag\u00e9e par la suite. A partir de 59 873\u20ac.<\/p>\n\n\n\n<p>Pour finir le <a href=\"http:\/\/www.carideal.com\/blog\/2015\/05\/05\/nouveau-volvo-xc-90\/\">Volvo XC90<\/a> avec sa plate-forme modulaire all\u00e9g\u00e9 de 150 kg. Il est dot\u00e9 d'un moteur 4 cylindres et d'un moteur hybride rechargeable. Il poss\u00e8de 7 places pour 53 000\u20ac.<\/p>\n","protected":false},"excerpt":{"rendered":"<p>Les meilleurs SUV en 2014 De nombreux SUV ont \u00e9t\u00e9 annonc\u00e9 pour 2014. On va pr\u00e9senter ceux qui pourraient bien faire partir des meilleurs SUV 2014. La gamme des SUV \u00e9tait importante notamment avec l&rsquo;annonce de l&rsquo;Audi Q7 annonc\u00e9 pour le printemps. Avec ses 400 kg en moins il lutte contre l&rsquo;\u00e9cotaxe. Dot\u00e9 d&rsquo;un moteur &#8230; <a title=\"Les meilleurs SUV de 2014\" class=\"read-more\" href=\"https:\/\/www.carideal.com\/blog\/2014\/05\/22\/les-suv-de-2014\/\" aria-label=\"En savoir plus sur Les meilleurs SUV de 2014\">Lire plus<\/a><\/p>\n","protected":false},"author":3,"featured_media":19037,"comment_status":"open","ping_status":"open","sticky":false,"template":"","format":"standard","meta":{"_uag_custom_page_level_css":"","_themeisle_gutenberg_block_has_review":false,"footnotes":""},"categories":[6010,5974],"tags":[5813],"class_list":["post-5441","post","type-post","status-publish","format-standard","has-post-thumbnail","hentry","category-suv","category-type-de-vehicule","tag-meilleur-site"],"wppr_data":{"cwp_meta_box_check":"No"},"yoast_head":"<!-- This site is optimized with the Yoast SEO plugin v24.8.1 - https:\/\/yoast.com\/wordpress\/plugins\/seo\/ -->\n<title>Les meilleurs SUV de 2014 - Blog auto Carid\u00e9al<\/title>\n<meta name=\"description\" content=\"Un panorama des Prochains SUV \u00e0 sortir en 2014. Parmis toute cette liste de SUV figurent les meilleurs des SUV de 2014.\" \/>\n<meta name=\"robots\" content=\"index, follow, max-snippet:-1, max-image-preview:large, max-video-preview:-1\" \/>\n<link rel=\"canonical\" href=\"https:\/\/www.carideal.com\/blog\/2014\/05\/22\/les-suv-de-2014\/\" \/>\n<meta property=\"og:locale\" content=\"fr_FR\" \/>\n<meta property=\"og:type\" content=\"article\" \/>\n<meta property=\"og:title\" content=\"Les meilleurs SUV de 2014 - Blog auto Carid\u00e9al\" \/>\n<meta property=\"og:description\" content=\"Un panorama des Prochains SUV \u00e0 sortir en 2014. Parmis toute cette liste de SUV figurent les meilleurs des SUV de 2014.\" \/>\n<meta property=\"og:url\" content=\"https:\/\/www.carideal.com\/blog\/2014\/05\/22\/les-suv-de-2014\/\" \/>\n<meta property=\"og:site_name\" content=\"Blog auto Carid\u00e9al\" \/>\n<meta property=\"article:publisher\" content=\"https:\/\/www.facebook.com\/Carideal.mandataire.automobile\" \/>\n<meta property=\"article:author\" content=\"https:\/\/www.facebook.com\/nicolas.schiavon.39\" \/>\n<meta property=\"article:published_time\" content=\"2014-05-22T22:00:00+00:00\" \/>\n<meta property=\"article:modified_time\" content=\"2024-02-11T12:56:40+00:00\" \/>\n<meta property=\"og:image\" content=\"https:\/\/www.carideal.com\/blog\/wp-content\/uploads\/2014\/05\/2015audiq7suv2014caridealmandataireautomobile-1400828402.jpg\" \/>\n\t<meta property=\"og:image:width\" content=\"635\" \/>\n\t<meta property=\"og:image:height\" content=\"390\" \/>\n\t<meta property=\"og:image:type\" content=\"image\/jpeg\" \/>\n<meta name=\"author\" content=\"Nicolas SCHIAVON\" \/>\n<meta name=\"twitter:card\" content=\"summary_large_image\" \/>\n<meta name=\"twitter:creator\" content=\"@caridealauto\" \/>\n<meta name=\"twitter:site\" content=\"@caridealauto\" \/>\n<meta name=\"twitter:label1\" content=\"\u00c9crit par\" \/>\n\t<meta name=\"twitter:data1\" content=\"Nicolas SCHIAVON\" \/>\n\t<meta name=\"twitter:label2\" content=\"Dur\u00e9e de lecture estim\u00e9e\" \/>\n\t<meta name=\"twitter:data2\" content=\"2 minutes\" \/>\n<script type=\"application\/ld+json\" class=\"yoast-schema-graph\">{\"@context\":\"https:\/\/schema.org\",\"@graph\":[{\"@type\":\"Article\",\"@id\":\"https:\/\/www.carideal.com\/blog\/2014\/05\/22\/les-suv-de-2014\/#article\",\"isPartOf\":{\"@id\":\"https:\/\/www.carideal.com\/blog\/2014\/05\/22\/les-suv-de-2014\/\"},\"author\":{\"name\":\"Nicolas SCHIAVON\",\"@id\":\"https:\/\/www.carideal.com\/blog\/#\/schema\/person\/cd95dc7919660de90d31b366f85be1ec\"},\"headline\":\"Les meilleurs SUV de 2014\",\"datePublished\":\"2014-05-22T22:00:00+00:00\",\"dateModified\":\"2024-02-11T12:56:40+00:00\",\"mainEntityOfPage\":{\"@id\":\"https:\/\/www.carideal.com\/blog\/2014\/05\/22\/les-suv-de-2014\/\"},\"wordCount\":314,\"commentCount\":0,\"publisher\":{\"@id\":\"https:\/\/www.carideal.com\/blog\/#organization\"},\"image\":{\"@id\":\"https:\/\/www.carideal.com\/blog\/2014\/05\/22\/les-suv-de-2014\/#primaryimage\"},\"thumbnailUrl\":\"https:\/\/www.carideal.com\/blog\/wp-content\/uploads\/2014\/05\/2015audiq7suv2014caridealmandataireautomobile-1400828402.jpg\",\"keywords\":[\"Meilleur SUV\"],\"articleSection\":[\"SUV\",\"Type de v\u00e9hicule\"],\"inLanguage\":\"fr-FR\",\"potentialAction\":[{\"@type\":\"CommentAction\",\"name\":\"Comment\",\"target\":[\"https:\/\/www.carideal.com\/blog\/2014\/05\/22\/les-suv-de-2014\/#respond\"]}]},{\"@type\":\"WebPage\",\"@id\":\"https:\/\/www.carideal.com\/blog\/2014\/05\/22\/les-suv-de-2014\/\",\"url\":\"https:\/\/www.carideal.com\/blog\/2014\/05\/22\/les-suv-de-2014\/\",\"name\":\"Les meilleurs SUV de 2014 - Blog auto Carid\u00e9al\",\"isPartOf\":{\"@id\":\"https:\/\/www.carideal.com\/blog\/#website\"},\"primaryImageOfPage\":{\"@id\":\"https:\/\/www.carideal.com\/blog\/2014\/05\/22\/les-suv-de-2014\/#primaryimage\"},\"image\":{\"@id\":\"https:\/\/www.carideal.com\/blog\/2014\/05\/22\/les-suv-de-2014\/#primaryimage\"},\"thumbnailUrl\":\"https:\/\/www.carideal.com\/blog\/wp-content\/uploads\/2014\/05\/2015audiq7suv2014caridealmandataireautomobile-1400828402.jpg\",\"datePublished\":\"2014-05-22T22:00:00+00:00\",\"dateModified\":\"2024-02-11T12:56:40+00:00\",\"description\":\"Un panorama des Prochains SUV \u00e0 sortir en 2014. Parmis toute cette liste de SUV figurent les meilleurs des SUV de 2014.\",\"breadcrumb\":{\"@id\":\"https:\/\/www.carideal.com\/blog\/2014\/05\/22\/les-suv-de-2014\/#breadcrumb\"},\"inLanguage\":\"fr-FR\",\"potentialAction\":[{\"@type\":\"ReadAction\",\"target\":[\"https:\/\/www.carideal.com\/blog\/2014\/05\/22\/les-suv-de-2014\/\"]}]},{\"@type\":\"ImageObject\",\"inLanguage\":\"fr-FR\",\"@id\":\"https:\/\/www.carideal.com\/blog\/2014\/05\/22\/les-suv-de-2014\/#primaryimage\",\"url\":\"https:\/\/www.carideal.com\/blog\/wp-content\/uploads\/2014\/05\/2015audiq7suv2014caridealmandataireautomobile-1400828402.jpg\",\"contentUrl\":\"https:\/\/www.carideal.com\/blog\/wp-content\/uploads\/2014\/05\/2015audiq7suv2014caridealmandataireautomobile-1400828402.jpg\",\"width\":635,\"height\":390,\"caption\":\"Les meilleurs SUV de 2014\"},{\"@type\":\"BreadcrumbList\",\"@id\":\"https:\/\/www.carideal.com\/blog\/2014\/05\/22\/les-suv-de-2014\/#breadcrumb\",\"itemListElement\":[{\"@type\":\"ListItem\",\"position\":1,\"name\":\"Blog Carid\u00e9al\",\"item\":\"https:\/\/www.carideal.com\/blog\/\"},{\"@type\":\"ListItem\",\"position\":2,\"name\":\"Type de v\u00e9hicule\",\"item\":\"https:\/\/www.carideal.com\/blog\/type-de-vehicule\/\"},{\"@type\":\"ListItem\",\"position\":3,\"name\":\"SUV\",\"item\":\"https:\/\/www.carideal.com\/blog\/type-de-vehicule\/suv\/\"},{\"@type\":\"ListItem\",\"position\":4,\"name\":\"Les meilleurs SUV de 2014\"}]},{\"@type\":\"WebSite\",\"@id\":\"https:\/\/www.carideal.com\/blog\/#website\",\"url\":\"https:\/\/www.carideal.com\/blog\/\",\"name\":\"Blog auto Carid\u00e9al\",\"description\":\"Actualit\u00e9 auto par des passionn\u00e9s\",\"publisher\":{\"@id\":\"https:\/\/www.carideal.com\/blog\/#organization\"},\"potentialAction\":[{\"@type\":\"SearchAction\",\"target\":{\"@type\":\"EntryPoint\",\"urlTemplate\":\"https:\/\/www.carideal.com\/blog\/?s={search_term_string}\"},\"query-input\":{\"@type\":\"PropertyValueSpecification\",\"valueRequired\":true,\"valueName\":\"search_term_string\"}}],\"inLanguage\":\"fr-FR\"},{\"@type\":\"Organization\",\"@id\":\"https:\/\/www.carideal.com\/blog\/#organization\",\"name\":\"Carideal\",\"url\":\"https:\/\/www.carideal.com\/blog\/\",\"logo\":{\"@type\":\"ImageObject\",\"inLanguage\":\"fr-FR\",\"@id\":\"https:\/\/www.carideal.com\/blog\/#\/schema\/logo\/image\/\",\"url\":\"http:\/\/www.carideal.com\/blog\/wp-content\/uploads\/2016\/03\/logo-carideal-mandataire-automobile.png\",\"contentUrl\":\"http:\/\/www.carideal.com\/blog\/wp-content\/uploads\/2016\/03\/logo-carideal-mandataire-automobile.png\",\"width\":300,\"height\":300,\"caption\":\"Carideal\"},\"image\":{\"@id\":\"https:\/\/www.carideal.com\/blog\/#\/schema\/logo\/image\/\"},\"sameAs\":[\"https:\/\/www.facebook.com\/Carideal.mandataire.automobile\",\"https:\/\/x.com\/caridealauto\",\"https:\/\/www.instagram.com\/carideal1\/\",\"https:\/\/www.linkedin.com\/company\/carideal.com\",\"https:\/\/fr.pinterest.com\/schiavonsas\/\",\"https:\/\/www.youtube.com\/user\/caridealsas\"]},{\"@type\":\"Person\",\"@id\":\"https:\/\/www.carideal.com\/blog\/#\/schema\/person\/cd95dc7919660de90d31b366f85be1ec\",\"name\":\"Nicolas SCHIAVON\",\"image\":{\"@type\":\"ImageObject\",\"inLanguage\":\"fr-FR\",\"@id\":\"https:\/\/www.carideal.com\/blog\/#\/schema\/person\/image\/\",\"url\":\"https:\/\/secure.gravatar.com\/avatar\/c17e55009e671d92cc7f5dc837dc418a?s=96&r=g\",\"contentUrl\":\"https:\/\/secure.gravatar.com\/avatar\/c17e55009e671d92cc7f5dc837dc418a?s=96&r=g\",\"caption\":\"Nicolas SCHIAVON\"},\"description\":\"Nicolas Schiavon est tomb\u00e9 tout petit dans la marmite automobile. Ayant eu un garage de marque automobile, mandataire automobile de la premi\u00e8re heure d\u00e8s 1999. Nicolas a cr\u00e9\u00e9 ces premiers sites de vente de voiture et blog automobile d\u00e8s 1994. Carideal est n\u00e9 le 15 d\u00e9cembre 2000 de la volont\u00e9 de vendre des voitures d'occasions en ligne puis des voitures neuves. Il a pu essayer beaucoup de voitures tr\u00e8s diff\u00e9rentes et ayant eu personnellement quelques belles autos, Subaru Impreza, Mitsubishi Lancer Evo 7, Porsche 911, Ferrari Testarrossa, Audi RS3, RS4 et j'en passe...\",\"sameAs\":[\"http:\/\/www.carideal.com\",\"https:\/\/www.facebook.com\/nicolas.schiavon.39\",\"https:\/\/www.instagram.com\/carideal1\/\",\"https:\/\/www.linkedin.com\/in\/nschiavon\/\",\"https:\/\/x.com\/caridealauto\",\"https:\/\/www.youtube.com\/user\/caridealsas\/\"],\"url\":\"https:\/\/www.carideal.com\/blog\/author\/nschiavon\/\"}]}<\/script>\n<!-- \/ Yoast SEO plugin. -->","yoast_head_json":{"title":"Les meilleurs SUV de 2014 - Blog auto Carid\u00e9al","description":"Un panorama des Prochains SUV \u00e0 sortir en 2014. Parmis toute cette liste de SUV figurent les meilleurs des SUV de 2014.","robots":{"index":"index","follow":"follow","max-snippet":"max-snippet:-1","max-image-preview":"max-image-preview:large","max-video-preview":"max-video-preview:-1"},"canonical":"https:\/\/www.carideal.com\/blog\/2014\/05\/22\/les-suv-de-2014\/","og_locale":"fr_FR","og_type":"article","og_title":"Les meilleurs SUV de 2014 - Blog auto Carid\u00e9al","og_description":"Un panorama des Prochains SUV \u00e0 sortir en 2014. Parmis toute cette liste de SUV figurent les meilleurs des SUV de 2014.","og_url":"https:\/\/www.carideal.com\/blog\/2014\/05\/22\/les-suv-de-2014\/","og_site_name":"Blog auto Carid\u00e9al","article_publisher":"https:\/\/www.facebook.com\/Carideal.mandataire.automobile","article_author":"https:\/\/www.facebook.com\/nicolas.schiavon.39","article_published_time":"2014-05-22T22:00:00+00:00","article_modified_time":"2024-02-11T12:56:40+00:00","og_image":[{"width":635,"height":390,"url":"https:\/\/www.carideal.com\/blog\/wp-content\/uploads\/2014\/05\/2015audiq7suv2014caridealmandataireautomobile-1400828402.jpg","type":"image\/jpeg"}],"author":"Nicolas SCHIAVON","twitter_card":"summary_large_image","twitter_creator":"@caridealauto","twitter_site":"@caridealauto","twitter_misc":{"\u00c9crit par":"Nicolas SCHIAVON","Dur\u00e9e de lecture estim\u00e9e":"2 minutes"},"schema":{"@context":"https:\/\/schema.org","@graph":[{"@type":"Article","@id":"https:\/\/www.carideal.com\/blog\/2014\/05\/22\/les-suv-de-2014\/#article","isPartOf":{"@id":"https:\/\/www.carideal.com\/blog\/2014\/05\/22\/les-suv-de-2014\/"},"author":{"name":"Nicolas SCHIAVON","@id":"https:\/\/www.carideal.com\/blog\/#\/schema\/person\/cd95dc7919660de90d31b366f85be1ec"},"headline":"Les meilleurs SUV de 2014","datePublished":"2014-05-22T22:00:00+00:00","dateModified":"2024-02-11T12:56:40+00:00","mainEntityOfPage":{"@id":"https:\/\/www.carideal.com\/blog\/2014\/05\/22\/les-suv-de-2014\/"},"wordCount":314,"commentCount":0,"publisher":{"@id":"https:\/\/www.carideal.com\/blog\/#organization"},"image":{"@id":"https:\/\/www.carideal.com\/blog\/2014\/05\/22\/les-suv-de-2014\/#primaryimage"},"thumbnailUrl":"https:\/\/www.carideal.com\/blog\/wp-content\/uploads\/2014\/05\/2015audiq7suv2014caridealmandataireautomobile-1400828402.jpg","keywords":["Meilleur SUV"],"articleSection":["SUV","Type de v\u00e9hicule"],"inLanguage":"fr-FR","potentialAction":[{"@type":"CommentAction","name":"Comment","target":["https:\/\/www.carideal.com\/blog\/2014\/05\/22\/les-suv-de-2014\/#respond"]}]},{"@type":"WebPage","@id":"https:\/\/www.carideal.com\/blog\/2014\/05\/22\/les-suv-de-2014\/","url":"https:\/\/www.carideal.com\/blog\/2014\/05\/22\/les-suv-de-2014\/","name":"Les meilleurs SUV de 2014 - Blog auto Carid\u00e9al","isPartOf":{"@id":"https:\/\/www.carideal.com\/blog\/#website"},"primaryImageOfPage":{"@id":"https:\/\/www.carideal.com\/blog\/2014\/05\/22\/les-suv-de-2014\/#primaryimage"},"image":{"@id":"https:\/\/www.carideal.com\/blog\/2014\/05\/22\/les-suv-de-2014\/#primaryimage"},"thumbnailUrl":"https:\/\/www.carideal.com\/blog\/wp-content\/uploads\/2014\/05\/2015audiq7suv2014caridealmandataireautomobile-1400828402.jpg","datePublished":"2014-05-22T22:00:00+00:00","dateModified":"2024-02-11T12:56:40+00:00","description":"Un panorama des Prochains SUV \u00e0 sortir en 2014. Parmis toute cette liste de SUV figurent les meilleurs des SUV de 2014.","breadcrumb":{"@id":"https:\/\/www.carideal.com\/blog\/2014\/05\/22\/les-suv-de-2014\/#breadcrumb"},"inLanguage":"fr-FR","potentialAction":[{"@type":"ReadAction","target":["https:\/\/www.carideal.com\/blog\/2014\/05\/22\/les-suv-de-2014\/"]}]},{"@type":"ImageObject","inLanguage":"fr-FR","@id":"https:\/\/www.carideal.com\/blog\/2014\/05\/22\/les-suv-de-2014\/#primaryimage","url":"https:\/\/www.carideal.com\/blog\/wp-content\/uploads\/2014\/05\/2015audiq7suv2014caridealmandataireautomobile-1400828402.jpg","contentUrl":"https:\/\/www.carideal.com\/blog\/wp-content\/uploads\/2014\/05\/2015audiq7suv2014caridealmandataireautomobile-1400828402.jpg","width":635,"height":390,"caption":"Les meilleurs SUV de 2014"},{"@type":"BreadcrumbList","@id":"https:\/\/www.carideal.com\/blog\/2014\/05\/22\/les-suv-de-2014\/#breadcrumb","itemListElement":[{"@type":"ListItem","position":1,"name":"Blog Carid\u00e9al","item":"https:\/\/www.carideal.com\/blog\/"},{"@type":"ListItem","position":2,"name":"Type de v\u00e9hicule","item":"https:\/\/www.carideal.com\/blog\/type-de-vehicule\/"},{"@type":"ListItem","position":3,"name":"SUV","item":"https:\/\/www.carideal.com\/blog\/type-de-vehicule\/suv\/"},{"@type":"ListItem","position":4,"name":"Les meilleurs SUV de 2014"}]},{"@type":"WebSite","@id":"https:\/\/www.carideal.com\/blog\/#website","url":"https:\/\/www.carideal.com\/blog\/","name":"Blog auto Carid\u00e9al","description":"Actualit\u00e9 auto par des passionn\u00e9s","publisher":{"@id":"https:\/\/www.carideal.com\/blog\/#organization"},"potentialAction":[{"@type":"SearchAction","target":{"@type":"EntryPoint","urlTemplate":"https:\/\/www.carideal.com\/blog\/?s={search_term_string}"},"query-input":{"@type":"PropertyValueSpecification","valueRequired":true,"valueName":"search_term_string"}}],"inLanguage":"fr-FR"},{"@type":"Organization","@id":"https:\/\/www.carideal.com\/blog\/#organization","name":"Carideal","url":"https:\/\/www.carideal.com\/blog\/","logo":{"@type":"ImageObject","inLanguage":"fr-FR","@id":"https:\/\/www.carideal.com\/blog\/#\/schema\/logo\/image\/","url":"http:\/\/www.carideal.com\/blog\/wp-content\/uploads\/2016\/03\/logo-carideal-mandataire-automobile.png","contentUrl":"http:\/\/www.carideal.com\/blog\/wp-content\/uploads\/2016\/03\/logo-carideal-mandataire-automobile.png","width":300,"height":300,"caption":"Carideal"},"image":{"@id":"https:\/\/www.carideal.com\/blog\/#\/schema\/logo\/image\/"},"sameAs":["https:\/\/www.facebook.com\/Carideal.mandataire.automobile","https:\/\/x.com\/caridealauto","https:\/\/www.instagram.com\/carideal1\/","https:\/\/www.linkedin.com\/company\/carideal.com","https:\/\/fr.pinterest.com\/schiavonsas\/","https:\/\/www.youtube.com\/user\/caridealsas"]},{"@type":"Person","@id":"https:\/\/www.carideal.com\/blog\/#\/schema\/person\/cd95dc7919660de90d31b366f85be1ec","name":"Nicolas SCHIAVON","image":{"@type":"ImageObject","inLanguage":"fr-FR","@id":"https:\/\/www.carideal.com\/blog\/#\/schema\/person\/image\/","url":"https:\/\/secure.gravatar.com\/avatar\/c17e55009e671d92cc7f5dc837dc418a?s=96&r=g","contentUrl":"https:\/\/secure.gravatar.com\/avatar\/c17e55009e671d92cc7f5dc837dc418a?s=96&r=g","caption":"Nicolas SCHIAVON"},"description":"Nicolas Schiavon est tomb\u00e9 tout petit dans la marmite automobile. Ayant eu un garage de marque automobile, mandataire automobile de la premi\u00e8re heure d\u00e8s 1999. Nicolas a cr\u00e9\u00e9 ces premiers sites de vente de voiture et blog automobile d\u00e8s 1994. Carideal est n\u00e9 le 15 d\u00e9cembre 2000 de la volont\u00e9 de vendre des voitures d'occasions en ligne puis des voitures neuves. Il a pu essayer beaucoup de voitures tr\u00e8s diff\u00e9rentes et ayant eu personnellement quelques belles autos, Subaru Impreza, Mitsubishi Lancer Evo 7, Porsche 911, Ferrari Testarrossa, Audi RS3, RS4 et j'en passe...","sameAs":["http:\/\/www.carideal.com","https:\/\/www.facebook.com\/nicolas.schiavon.39","https:\/\/www.instagram.com\/carideal1\/","https:\/\/www.linkedin.com\/in\/nschiavon\/","https:\/\/x.com\/caridealauto","https:\/\/www.youtube.com\/user\/caridealsas\/"],"url":"https:\/\/www.carideal.com\/blog\/author\/nschiavon\/"}]}},"uagb_featured_image_src":{"full":["https:\/\/www.carideal.com\/blog\/wp-content\/uploads\/2014\/05\/2015audiq7suv2014caridealmandataireautomobile-1400828402.jpg",635,390,false],"thumbnail":["https:\/\/www.carideal.com\/blog\/wp-content\/uploads\/2014\/05\/2015audiq7suv2014caridealmandataireautomobile-1400828402-150x150.jpg",150,150,true],"medium":["https:\/\/www.carideal.com\/blog\/wp-content\/uploads\/2014\/05\/2015audiq7suv2014caridealmandataireautomobile-1400828402-300x184.jpg",300,184,true],"medium_large":["https:\/\/www.carideal.com\/blog\/wp-content\/uploads\/2014\/05\/2015audiq7suv2014caridealmandataireautomobile-1400828402.jpg",635,390,false],"large":["https:\/\/www.carideal.com\/blog\/wp-content\/uploads\/2014\/05\/2015audiq7suv2014caridealmandataireautomobile-1400828402.jpg",635,390,false],"1536x1536":["https:\/\/www.carideal.com\/blog\/wp-content\/uploads\/2014\/05\/2015audiq7suv2014caridealmandataireautomobile-1400828402.jpg",635,390,false],"2048x2048":["https:\/\/www.carideal.com\/blog\/wp-content\/uploads\/2014\/05\/2015audiq7suv2014caridealmandataireautomobile-1400828402.jpg",635,390,false],"wppr-widget":["https:\/\/www.carideal.com\/blog\/wp-content\/uploads\/2014\/05\/2015audiq7suv2014caridealmandataireautomobile-1400828402-50x31.jpg",50,31,true]},"uagb_author_info":{"display_name":"Nicolas SCHIAVON","author_link":"https:\/\/www.carideal.com\/blog\/author\/nschiavon\/"},"uagb_comment_info":2,"uagb_excerpt":"Les meilleurs SUV en 2014 De nombreux SUV ont \u00e9t\u00e9 annonc\u00e9 pour 2014. On va pr\u00e9senter ceux qui pourraient bien faire partir des meilleurs SUV 2014. La gamme des SUV \u00e9tait importante notamment avec l'annonce de l'Audi Q7 annonc\u00e9 pour le printemps. Avec ses 400 kg en moins il lutte contre l'\u00e9cotaxe. Dot\u00e9 d'un moteur\u2026","_links":{"self":[{"href":"https:\/\/www.carideal.com\/blog\/wp-json\/wp\/v2\/posts\/5441"}],"collection":[{"href":"https:\/\/www.carideal.com\/blog\/wp-json\/wp\/v2\/posts"}],"about":[{"href":"https:\/\/www.carideal.com\/blog\/wp-json\/wp\/v2\/types\/post"}],"author":[{"embeddable":true,"href":"https:\/\/www.carideal.com\/blog\/wp-json\/wp\/v2\/users\/3"}],"replies":[{"embeddable":true,"href":"https:\/\/www.carideal.com\/blog\/wp-json\/wp\/v2\/comments?post=5441"}],"version-history":[{"count":0,"href":"https:\/\/www.carideal.com\/blog\/wp-json\/wp\/v2\/posts\/5441\/revisions"}],"wp:featuredmedia":[{"embeddable":true,"href":"https:\/\/www.carideal.com\/blog\/wp-json\/wp\/v2\/media\/19037"}],"wp:attachment":[{"href":"https:\/\/www.carideal.com\/blog\/wp-json\/wp\/v2\/media?parent=5441"}],"wp:term":[{"taxonomy":"category","embeddable":true,"href":"https:\/\/www.carideal.com\/blog\/wp-json\/wp\/v2\/categories?post=5441"},{"taxonomy":"post_tag","embeddable":true,"href":"https:\/\/www.carideal.com\/blog\/wp-json\/wp\/v2\/tags?post=5441"}],"curies":[{"name":"wp","href":"https:\/\/api.w.org\/{rel}","templated":true}]}}