{"id":5432,"date":"2014-05-19T22:00:00","date_gmt":"2014-05-19T22:00:00","guid":{"rendered":"http:\/\/www.carideal.com\/blog\/2014\/05\/19\/744-000-pour-la-benetton-ford\/"},"modified":"2020-03-08T18:00:48","modified_gmt":"2020-03-08T17:00:48","slug":"744-000-pour-la-benetton-ford","status":"publish","type":"post","link":"https:\/\/www.carideal.com\/blog\/2014\/05\/19\/744-000-pour-la-benetton-ford\/","title":{"rendered":"744 000 \u20ac pour la Formule 1 de Schumacher"},"content":{"rendered":"<div>\n<figure style=\"width: 1014px\" class=\"wp-caption alignnone\"><img loading=\"lazy\" decoding=\"async\" title=\"744000 \u20ac pour la Formule 1 de Schumacher\" src=\"http:\/\/www.carideal.com\/images_actualite\/benettonfordenchereschumachercaridealmandataireautomobile-1400577118.jpg\" alt=\"744000 \u20ac pour la Formule 1 de Schumacher\" width=\"1024\" height=\"768\" \/><figcaption class=\"wp-caption-text\">744000 \u20ac pour la Formule 1 de Michael Schumacher<\/figcaption><\/figure>\n<\/div>\n<h1>744 000 \u20ac pour la Formule 1 Benetton Ford de Schumacher<\/h1>\n<p>744 000 \u20ac pour la premi\u00e8re voiture de Formule 1 de Schumacher, la Benetton-Ford de 1994. Depuis l'<span style=\"text-decoration: underline;\">accident de ski<\/span> fin d\u00e9cembre de Michael Schumacher et son <span style=\"text-decoration: underline;\">coma<\/span>, les ventes aux ench\u00e8res \u00e0 son sujet se multiplient. D\u00e9sormais, les prix d\u00e9passent le million pour un simple polo d\u00e9dicac\u00e9.<\/p>\n","protected":false},"excerpt":{"rendered":"<p>744 000 \u20ac pour la Formule 1 Benetton Ford de Schumacher 744 000 \u20ac pour la premi\u00e8re voiture de Formule 1 de Schumacher, la Benetton-Ford de 1994. Depuis l&rsquo;accident de ski fin d\u00e9cembre de Michael Schumacher et son coma, les ventes aux ench\u00e8res \u00e0 son sujet se multiplient. D\u00e9sormais, les prix d\u00e9passent le million pour &#8230; <a title=\"744 000 \u20ac pour la Formule 1 de Schumacher\" class=\"read-more\" href=\"https:\/\/www.carideal.com\/blog\/2014\/05\/19\/744-000-pour-la-benetton-ford\/\" aria-label=\"En savoir plus sur 744 000 \u20ac pour la Formule 1 de Schumacher\">Lire plus<\/a><\/p>\n","protected":false},"author":3,"featured_media":0,"comment_status":"open","ping_status":"open","sticky":false,"template":"","format":"standard","meta":{"_uag_custom_page_level_css":"","_themeisle_gutenberg_block_has_review":false,"footnotes":""},"categories":[21,6006,16],"tags":[],"class_list":["post-5432","post","type-post","status-publish","format-standard","hentry","category-actualites-auto","category-formule-1","category-sport-auto"],"wppr_data":[],"yoast_head":"<!-- This site is optimized with the Yoast SEO plugin v24.8.1 - https:\/\/yoast.com\/wordpress\/plugins\/seo\/ -->\n<title>744 000 \u20ac pour la Formule 1 de Schumacher - Blog auto Carid\u00e9al<\/title>\n<meta name=\"description\" content=\"744 000 \u20ac pour la premi\u00e8re voiture de Formule 1 de Schumacher, la Benetton-Ford de 1994. Apr\u00e8s son accident de ski les prix s&#039;envolent\" \/>\n<meta name=\"robots\" content=\"index, follow, max-snippet:-1, max-image-preview:large, max-video-preview:-1\" \/>\n<link rel=\"canonical\" href=\"https:\/\/www.carideal.com\/blog\/2014\/05\/19\/744-000-pour-la-benetton-ford\/\" \/>\n<meta property=\"og:locale\" content=\"fr_FR\" \/>\n<meta property=\"og:type\" content=\"article\" \/>\n<meta property=\"og:title\" content=\"744 000 \u20ac pour la Formule 1 de Schumacher - Blog auto Carid\u00e9al\" \/>\n<meta property=\"og:description\" content=\"744 000 \u20ac pour la premi\u00e8re voiture de Formule 1 de Schumacher, la Benetton-Ford de 1994. Apr\u00e8s son accident de ski les prix s&#039;envolent\" \/>\n<meta property=\"og:url\" content=\"https:\/\/www.carideal.com\/blog\/2014\/05\/19\/744-000-pour-la-benetton-ford\/\" \/>\n<meta property=\"og:site_name\" content=\"Blog auto Carid\u00e9al\" \/>\n<meta property=\"article:publisher\" content=\"https:\/\/www.facebook.com\/Carideal.mandataire.automobile\" \/>\n<meta property=\"article:author\" content=\"https:\/\/www.facebook.com\/nicolas.schiavon.39\" \/>\n<meta property=\"article:published_time\" content=\"2014-05-19T22:00:00+00:00\" \/>\n<meta property=\"article:modified_time\" content=\"2020-03-08T17:00:48+00:00\" \/>\n<meta property=\"og:image\" content=\"http:\/\/www.carideal.com\/images_actualite\/benettonfordenchereschumachercaridealmandataireautomobile-1400577118.jpg\" \/>\n<meta name=\"author\" content=\"Nicolas SCHIAVON\" \/>\n<meta name=\"twitter:card\" content=\"summary_large_image\" \/>\n<meta name=\"twitter:creator\" content=\"@caridealauto\" \/>\n<meta name=\"twitter:site\" content=\"@caridealauto\" \/>\n<meta name=\"twitter:label1\" content=\"\u00c9crit par\" \/>\n\t<meta name=\"twitter:data1\" content=\"Nicolas SCHIAVON\" \/>\n<script type=\"application\/ld+json\" class=\"yoast-schema-graph\">{\"@context\":\"https:\/\/schema.org\",\"@graph\":[{\"@type\":\"Article\",\"@id\":\"https:\/\/www.carideal.com\/blog\/2014\/05\/19\/744-000-pour-la-benetton-ford\/#article\",\"isPartOf\":{\"@id\":\"https:\/\/www.carideal.com\/blog\/2014\/05\/19\/744-000-pour-la-benetton-ford\/\"},\"author\":{\"name\":\"Nicolas SCHIAVON\",\"@id\":\"https:\/\/www.carideal.com\/blog\/#\/schema\/person\/cd95dc7919660de90d31b366f85be1ec\"},\"headline\":\"744 000 \u20ac pour la Formule 1 de Schumacher\",\"datePublished\":\"2014-05-19T22:00:00+00:00\",\"dateModified\":\"2020-03-08T17:00:48+00:00\",\"mainEntityOfPage\":{\"@id\":\"https:\/\/www.carideal.com\/blog\/2014\/05\/19\/744-000-pour-la-benetton-ford\/\"},\"wordCount\":72,\"commentCount\":0,\"publisher\":{\"@id\":\"https:\/\/www.carideal.com\/blog\/#organization\"},\"image\":{\"@id\":\"https:\/\/www.carideal.com\/blog\/2014\/05\/19\/744-000-pour-la-benetton-ford\/#primaryimage\"},\"thumbnailUrl\":\"http:\/\/www.carideal.com\/images_actualite\/benettonfordenchereschumachercaridealmandataireautomobile-1400577118.jpg\",\"articleSection\":[\"Actualit\u00e9 automobile\",\"Formule 1\",\"Sport Automobile\"],\"inLanguage\":\"fr-FR\",\"potentialAction\":[{\"@type\":\"CommentAction\",\"name\":\"Comment\",\"target\":[\"https:\/\/www.carideal.com\/blog\/2014\/05\/19\/744-000-pour-la-benetton-ford\/#respond\"]}]},{\"@type\":\"WebPage\",\"@id\":\"https:\/\/www.carideal.com\/blog\/2014\/05\/19\/744-000-pour-la-benetton-ford\/\",\"url\":\"https:\/\/www.carideal.com\/blog\/2014\/05\/19\/744-000-pour-la-benetton-ford\/\",\"name\":\"744 000 \u20ac pour la Formule 1 de Schumacher - Blog auto Carid\u00e9al\",\"isPartOf\":{\"@id\":\"https:\/\/www.carideal.com\/blog\/#website\"},\"primaryImageOfPage\":{\"@id\":\"https:\/\/www.carideal.com\/blog\/2014\/05\/19\/744-000-pour-la-benetton-ford\/#primaryimage\"},\"image\":{\"@id\":\"https:\/\/www.carideal.com\/blog\/2014\/05\/19\/744-000-pour-la-benetton-ford\/#primaryimage\"},\"thumbnailUrl\":\"http:\/\/www.carideal.com\/images_actualite\/benettonfordenchereschumachercaridealmandataireautomobile-1400577118.jpg\",\"datePublished\":\"2014-05-19T22:00:00+00:00\",\"dateModified\":\"2020-03-08T17:00:48+00:00\",\"description\":\"744 000 \u20ac pour la premi\u00e8re voiture de Formule 1 de Schumacher, la Benetton-Ford de 1994. Apr\u00e8s son accident de ski les prix s'envolent\",\"breadcrumb\":{\"@id\":\"https:\/\/www.carideal.com\/blog\/2014\/05\/19\/744-000-pour-la-benetton-ford\/#breadcrumb\"},\"inLanguage\":\"fr-FR\",\"potentialAction\":[{\"@type\":\"ReadAction\",\"target\":[\"https:\/\/www.carideal.com\/blog\/2014\/05\/19\/744-000-pour-la-benetton-ford\/\"]}]},{\"@type\":\"ImageObject\",\"inLanguage\":\"fr-FR\",\"@id\":\"https:\/\/www.carideal.com\/blog\/2014\/05\/19\/744-000-pour-la-benetton-ford\/#primaryimage\",\"url\":\"http:\/\/www.carideal.com\/images_actualite\/benettonfordenchereschumachercaridealmandataireautomobile-1400577118.jpg\",\"contentUrl\":\"http:\/\/www.carideal.com\/images_actualite\/benettonfordenchereschumachercaridealmandataireautomobile-1400577118.jpg\"},{\"@type\":\"BreadcrumbList\",\"@id\":\"https:\/\/www.carideal.com\/blog\/2014\/05\/19\/744-000-pour-la-benetton-ford\/#breadcrumb\",\"itemListElement\":[{\"@type\":\"ListItem\",\"position\":1,\"name\":\"Blog Carid\u00e9al\",\"item\":\"https:\/\/www.carideal.com\/blog\/\"},{\"@type\":\"ListItem\",\"position\":2,\"name\":\"Sport Automobile\",\"item\":\"https:\/\/www.carideal.com\/blog\/sport-auto\/\"},{\"@type\":\"ListItem\",\"position\":3,\"name\":\"Formule 1\",\"item\":\"https:\/\/www.carideal.com\/blog\/sport-auto\/formule-1\/\"},{\"@type\":\"ListItem\",\"position\":4,\"name\":\"744 000 \u20ac pour la Formule 1 de Schumacher\"}]},{\"@type\":\"WebSite\",\"@id\":\"https:\/\/www.carideal.com\/blog\/#website\",\"url\":\"https:\/\/www.carideal.com\/blog\/\",\"name\":\"Blog auto Carid\u00e9al\",\"description\":\"Actualit\u00e9 auto par des passionn\u00e9s\",\"publisher\":{\"@id\":\"https:\/\/www.carideal.com\/blog\/#organization\"},\"potentialAction\":[{\"@type\":\"SearchAction\",\"target\":{\"@type\":\"EntryPoint\",\"urlTemplate\":\"https:\/\/www.carideal.com\/blog\/?s={search_term_string}\"},\"query-input\":{\"@type\":\"PropertyValueSpecification\",\"valueRequired\":true,\"valueName\":\"search_term_string\"}}],\"inLanguage\":\"fr-FR\"},{\"@type\":\"Organization\",\"@id\":\"https:\/\/www.carideal.com\/blog\/#organization\",\"name\":\"Carideal\",\"url\":\"https:\/\/www.carideal.com\/blog\/\",\"logo\":{\"@type\":\"ImageObject\",\"inLanguage\":\"fr-FR\",\"@id\":\"https:\/\/www.carideal.com\/blog\/#\/schema\/logo\/image\/\",\"url\":\"http:\/\/www.carideal.com\/blog\/wp-content\/uploads\/2016\/03\/logo-carideal-mandataire-automobile.png\",\"contentUrl\":\"http:\/\/www.carideal.com\/blog\/wp-content\/uploads\/2016\/03\/logo-carideal-mandataire-automobile.png\",\"width\":300,\"height\":300,\"caption\":\"Carideal\"},\"image\":{\"@id\":\"https:\/\/www.carideal.com\/blog\/#\/schema\/logo\/image\/\"},\"sameAs\":[\"https:\/\/www.facebook.com\/Carideal.mandataire.automobile\",\"https:\/\/x.com\/caridealauto\",\"https:\/\/www.instagram.com\/carideal1\/\",\"https:\/\/www.linkedin.com\/company\/carideal.com\",\"https:\/\/fr.pinterest.com\/schiavonsas\/\",\"https:\/\/www.youtube.com\/user\/caridealsas\"]},{\"@type\":\"Person\",\"@id\":\"https:\/\/www.carideal.com\/blog\/#\/schema\/person\/cd95dc7919660de90d31b366f85be1ec\",\"name\":\"Nicolas SCHIAVON\",\"image\":{\"@type\":\"ImageObject\",\"inLanguage\":\"fr-FR\",\"@id\":\"https:\/\/www.carideal.com\/blog\/#\/schema\/person\/image\/\",\"url\":\"https:\/\/secure.gravatar.com\/avatar\/c17e55009e671d92cc7f5dc837dc418a?s=96&r=g\",\"contentUrl\":\"https:\/\/secure.gravatar.com\/avatar\/c17e55009e671d92cc7f5dc837dc418a?s=96&r=g\",\"caption\":\"Nicolas SCHIAVON\"},\"description\":\"Nicolas Schiavon est tomb\u00e9 tout petit dans la marmite automobile. Ayant eu un garage de marque automobile, mandataire automobile de la premi\u00e8re heure d\u00e8s 1999. Nicolas a cr\u00e9\u00e9 ces premiers sites de vente de voiture et blog automobile d\u00e8s 1994. Carideal est n\u00e9 le 15 d\u00e9cembre 2000 de la volont\u00e9 de vendre des voitures d'occasions en ligne puis des voitures neuves. Il a pu essayer beaucoup de voitures tr\u00e8s diff\u00e9rentes et ayant eu personnellement quelques belles autos, Subaru Impreza, Mitsubishi Lancer Evo 7, Porsche 911, Ferrari Testarrossa, Audi RS3, RS4 et j'en passe...\",\"sameAs\":[\"http:\/\/www.carideal.com\",\"https:\/\/www.facebook.com\/nicolas.schiavon.39\",\"https:\/\/www.instagram.com\/carideal1\/\",\"https:\/\/www.linkedin.com\/in\/nschiavon\/\",\"https:\/\/x.com\/caridealauto\",\"https:\/\/www.youtube.com\/user\/caridealsas\/\"],\"url\":\"https:\/\/www.carideal.com\/blog\/author\/nschiavon\/\"}]}<\/script>\n<!-- \/ Yoast SEO plugin. -->","yoast_head_json":{"title":"744 000 \u20ac pour la Formule 1 de Schumacher - Blog auto Carid\u00e9al","description":"744 000 \u20ac pour la premi\u00e8re voiture de Formule 1 de Schumacher, la Benetton-Ford de 1994. Apr\u00e8s son accident de ski les prix s'envolent","robots":{"index":"index","follow":"follow","max-snippet":"max-snippet:-1","max-image-preview":"max-image-preview:large","max-video-preview":"max-video-preview:-1"},"canonical":"https:\/\/www.carideal.com\/blog\/2014\/05\/19\/744-000-pour-la-benetton-ford\/","og_locale":"fr_FR","og_type":"article","og_title":"744 000 \u20ac pour la Formule 1 de Schumacher - Blog auto Carid\u00e9al","og_description":"744 000 \u20ac pour la premi\u00e8re voiture de Formule 1 de Schumacher, la Benetton-Ford de 1994. Apr\u00e8s son accident de ski les prix s'envolent","og_url":"https:\/\/www.carideal.com\/blog\/2014\/05\/19\/744-000-pour-la-benetton-ford\/","og_site_name":"Blog auto Carid\u00e9al","article_publisher":"https:\/\/www.facebook.com\/Carideal.mandataire.automobile","article_author":"https:\/\/www.facebook.com\/nicolas.schiavon.39","article_published_time":"2014-05-19T22:00:00+00:00","article_modified_time":"2020-03-08T17:00:48+00:00","og_image":[{"url":"http:\/\/www.carideal.com\/images_actualite\/benettonfordenchereschumachercaridealmandataireautomobile-1400577118.jpg","type":"","width":"","height":""}],"author":"Nicolas SCHIAVON","twitter_card":"summary_large_image","twitter_creator":"@caridealauto","twitter_site":"@caridealauto","twitter_misc":{"\u00c9crit par":"Nicolas SCHIAVON"},"schema":{"@context":"https:\/\/schema.org","@graph":[{"@type":"Article","@id":"https:\/\/www.carideal.com\/blog\/2014\/05\/19\/744-000-pour-la-benetton-ford\/#article","isPartOf":{"@id":"https:\/\/www.carideal.com\/blog\/2014\/05\/19\/744-000-pour-la-benetton-ford\/"},"author":{"name":"Nicolas SCHIAVON","@id":"https:\/\/www.carideal.com\/blog\/#\/schema\/person\/cd95dc7919660de90d31b366f85be1ec"},"headline":"744 000 \u20ac pour la Formule 1 de Schumacher","datePublished":"2014-05-19T22:00:00+00:00","dateModified":"2020-03-08T17:00:48+00:00","mainEntityOfPage":{"@id":"https:\/\/www.carideal.com\/blog\/2014\/05\/19\/744-000-pour-la-benetton-ford\/"},"wordCount":72,"commentCount":0,"publisher":{"@id":"https:\/\/www.carideal.com\/blog\/#organization"},"image":{"@id":"https:\/\/www.carideal.com\/blog\/2014\/05\/19\/744-000-pour-la-benetton-ford\/#primaryimage"},"thumbnailUrl":"http:\/\/www.carideal.com\/images_actualite\/benettonfordenchereschumachercaridealmandataireautomobile-1400577118.jpg","articleSection":["Actualit\u00e9 automobile","Formule 1","Sport Automobile"],"inLanguage":"fr-FR","potentialAction":[{"@type":"CommentAction","name":"Comment","target":["https:\/\/www.carideal.com\/blog\/2014\/05\/19\/744-000-pour-la-benetton-ford\/#respond"]}]},{"@type":"WebPage","@id":"https:\/\/www.carideal.com\/blog\/2014\/05\/19\/744-000-pour-la-benetton-ford\/","url":"https:\/\/www.carideal.com\/blog\/2014\/05\/19\/744-000-pour-la-benetton-ford\/","name":"744 000 \u20ac pour la Formule 1 de Schumacher - Blog auto Carid\u00e9al","isPartOf":{"@id":"https:\/\/www.carideal.com\/blog\/#website"},"primaryImageOfPage":{"@id":"https:\/\/www.carideal.com\/blog\/2014\/05\/19\/744-000-pour-la-benetton-ford\/#primaryimage"},"image":{"@id":"https:\/\/www.carideal.com\/blog\/2014\/05\/19\/744-000-pour-la-benetton-ford\/#primaryimage"},"thumbnailUrl":"http:\/\/www.carideal.com\/images_actualite\/benettonfordenchereschumachercaridealmandataireautomobile-1400577118.jpg","datePublished":"2014-05-19T22:00:00+00:00","dateModified":"2020-03-08T17:00:48+00:00","description":"744 000 \u20ac pour la premi\u00e8re voiture de Formule 1 de Schumacher, la Benetton-Ford de 1994. Apr\u00e8s son accident de ski les prix s'envolent","breadcrumb":{"@id":"https:\/\/www.carideal.com\/blog\/2014\/05\/19\/744-000-pour-la-benetton-ford\/#breadcrumb"},"inLanguage":"fr-FR","potentialAction":[{"@type":"ReadAction","target":["https:\/\/www.carideal.com\/blog\/2014\/05\/19\/744-000-pour-la-benetton-ford\/"]}]},{"@type":"ImageObject","inLanguage":"fr-FR","@id":"https:\/\/www.carideal.com\/blog\/2014\/05\/19\/744-000-pour-la-benetton-ford\/#primaryimage","url":"http:\/\/www.carideal.com\/images_actualite\/benettonfordenchereschumachercaridealmandataireautomobile-1400577118.jpg","contentUrl":"http:\/\/www.carideal.com\/images_actualite\/benettonfordenchereschumachercaridealmandataireautomobile-1400577118.jpg"},{"@type":"BreadcrumbList","@id":"https:\/\/www.carideal.com\/blog\/2014\/05\/19\/744-000-pour-la-benetton-ford\/#breadcrumb","itemListElement":[{"@type":"ListItem","position":1,"name":"Blog Carid\u00e9al","item":"https:\/\/www.carideal.com\/blog\/"},{"@type":"ListItem","position":2,"name":"Sport Automobile","item":"https:\/\/www.carideal.com\/blog\/sport-auto\/"},{"@type":"ListItem","position":3,"name":"Formule 1","item":"https:\/\/www.carideal.com\/blog\/sport-auto\/formule-1\/"},{"@type":"ListItem","position":4,"name":"744 000 \u20ac pour la Formule 1 de Schumacher"}]},{"@type":"WebSite","@id":"https:\/\/www.carideal.com\/blog\/#website","url":"https:\/\/www.carideal.com\/blog\/","name":"Blog auto Carid\u00e9al","description":"Actualit\u00e9 auto par des passionn\u00e9s","publisher":{"@id":"https:\/\/www.carideal.com\/blog\/#organization"},"potentialAction":[{"@type":"SearchAction","target":{"@type":"EntryPoint","urlTemplate":"https:\/\/www.carideal.com\/blog\/?s={search_term_string}"},"query-input":{"@type":"PropertyValueSpecification","valueRequired":true,"valueName":"search_term_string"}}],"inLanguage":"fr-FR"},{"@type":"Organization","@id":"https:\/\/www.carideal.com\/blog\/#organization","name":"Carideal","url":"https:\/\/www.carideal.com\/blog\/","logo":{"@type":"ImageObject","inLanguage":"fr-FR","@id":"https:\/\/www.carideal.com\/blog\/#\/schema\/logo\/image\/","url":"http:\/\/www.carideal.com\/blog\/wp-content\/uploads\/2016\/03\/logo-carideal-mandataire-automobile.png","contentUrl":"http:\/\/www.carideal.com\/blog\/wp-content\/uploads\/2016\/03\/logo-carideal-mandataire-automobile.png","width":300,"height":300,"caption":"Carideal"},"image":{"@id":"https:\/\/www.carideal.com\/blog\/#\/schema\/logo\/image\/"},"sameAs":["https:\/\/www.facebook.com\/Carideal.mandataire.automobile","https:\/\/x.com\/caridealauto","https:\/\/www.instagram.com\/carideal1\/","https:\/\/www.linkedin.com\/company\/carideal.com","https:\/\/fr.pinterest.com\/schiavonsas\/","https:\/\/www.youtube.com\/user\/caridealsas"]},{"@type":"Person","@id":"https:\/\/www.carideal.com\/blog\/#\/schema\/person\/cd95dc7919660de90d31b366f85be1ec","name":"Nicolas SCHIAVON","image":{"@type":"ImageObject","inLanguage":"fr-FR","@id":"https:\/\/www.carideal.com\/blog\/#\/schema\/person\/image\/","url":"https:\/\/secure.gravatar.com\/avatar\/c17e55009e671d92cc7f5dc837dc418a?s=96&r=g","contentUrl":"https:\/\/secure.gravatar.com\/avatar\/c17e55009e671d92cc7f5dc837dc418a?s=96&r=g","caption":"Nicolas SCHIAVON"},"description":"Nicolas Schiavon est tomb\u00e9 tout petit dans la marmite automobile. Ayant eu un garage de marque automobile, mandataire automobile de la premi\u00e8re heure d\u00e8s 1999. Nicolas a cr\u00e9\u00e9 ces premiers sites de vente de voiture et blog automobile d\u00e8s 1994. Carideal est n\u00e9 le 15 d\u00e9cembre 2000 de la volont\u00e9 de vendre des voitures d'occasions en ligne puis des voitures neuves. Il a pu essayer beaucoup de voitures tr\u00e8s diff\u00e9rentes et ayant eu personnellement quelques belles autos, Subaru Impreza, Mitsubishi Lancer Evo 7, Porsche 911, Ferrari Testarrossa, Audi RS3, RS4 et j'en passe...","sameAs":["http:\/\/www.carideal.com","https:\/\/www.facebook.com\/nicolas.schiavon.39","https:\/\/www.instagram.com\/carideal1\/","https:\/\/www.linkedin.com\/in\/nschiavon\/","https:\/\/x.com\/caridealauto","https:\/\/www.youtube.com\/user\/caridealsas\/"],"url":"https:\/\/www.carideal.com\/blog\/author\/nschiavon\/"}]}},"uagb_featured_image_src":{"full":false,"thumbnail":false,"medium":false,"medium_large":false,"large":false,"1536x1536":false,"2048x2048":false,"wppr-widget":false},"uagb_author_info":{"display_name":"Nicolas SCHIAVON","author_link":"https:\/\/www.carideal.com\/blog\/author\/nschiavon\/"},"uagb_comment_info":0,"uagb_excerpt":"744 000 \u20ac pour la Formule 1 Benetton Ford de Schumacher 744 000 \u20ac pour la premi\u00e8re voiture de Formule 1 de Schumacher, la Benetton-Ford de 1994. Depuis l'accident de ski fin d\u00e9cembre de Michael Schumacher et son coma, les ventes aux ench\u00e8res \u00e0 son sujet se multiplient. D\u00e9sormais, les prix d\u00e9passent le million pour\u2026","_links":{"self":[{"href":"https:\/\/www.carideal.com\/blog\/wp-json\/wp\/v2\/posts\/5432"}],"collection":[{"href":"https:\/\/www.carideal.com\/blog\/wp-json\/wp\/v2\/posts"}],"about":[{"href":"https:\/\/www.carideal.com\/blog\/wp-json\/wp\/v2\/types\/post"}],"author":[{"embeddable":true,"href":"https:\/\/www.carideal.com\/blog\/wp-json\/wp\/v2\/users\/3"}],"replies":[{"embeddable":true,"href":"https:\/\/www.carideal.com\/blog\/wp-json\/wp\/v2\/comments?post=5432"}],"version-history":[{"count":0,"href":"https:\/\/www.carideal.com\/blog\/wp-json\/wp\/v2\/posts\/5432\/revisions"}],"wp:attachment":[{"href":"https:\/\/www.carideal.com\/blog\/wp-json\/wp\/v2\/media?parent=5432"}],"wp:term":[{"taxonomy":"category","embeddable":true,"href":"https:\/\/www.carideal.com\/blog\/wp-json\/wp\/v2\/categories?post=5432"},{"taxonomy":"post_tag","embeddable":true,"href":"https:\/\/www.carideal.com\/blog\/wp-json\/wp\/v2\/tags?post=5432"}],"curies":[{"name":"wp","href":"https:\/\/api.w.org\/{rel}","templated":true}]}}