{"id":543,"date":"2012-08-10T16:47:00","date_gmt":"2012-08-10T16:47:00","guid":{"rendered":"http:\/\/carideal.com\/blog\/?p=543"},"modified":"2020-03-07T16:51:47","modified_gmt":"2020-03-07T15:51:47","slug":"renault-conquiert-le-monde-mais-comment","status":"publish","type":"post","link":"https:\/\/www.carideal.com\/blog\/2012\/08\/10\/renault-conquiert-le-monde-mais-comment\/","title":{"rendered":"Renault conquiert le monde mais comment"},"content":{"rendered":"<p>&nbsp;<\/p>\n<h1><strong>Renault conquiert le monde mais comment<\/strong><\/h1>\n<p>Clairement annonc\u00e9e comme <a href=\"http:\/\/www.carideal.com\/blog\/tag\/low-cost\/\">low cost<\/a>, la gamme <a href=\"http:\/\/www.carideal.com\/blog\/marque-de-voiture-actualites-essais\/dacia\/\">Dacia<\/a> permet aujoud'hui \u00e0 <a href=\"http:\/\/www.carideal.com\/blog\/marque-de-voiture-actualites-essais\/renault\/\">Renault<\/a> de s'\u00e9tendre \u00e0 l'international. Le Duster, qui commence sa carri\u00e8re au Br\u00e9sil, en Russie et en Inde, b\u00e9n\u00e9ficie d'un traitement bien particulier qui n'a pas grand-chose \u00e0 voir avec notre Duster europ\u00e9en. La gamme Entry ( vendu sous le label Dacia ou Renault) est produite dans onze usines r\u00e9parties dans huit pays: Roumanie, Br\u00e9sil, Colombie, Afrique du Sud, Maroc, Russie, Iran et Inde. Le Duster fabriqu\u00e9 et vendu en Inde sous le label Renault sera prochainement disponible en Grande-Bretagne et en Irlande. Soigneusement trait\u00e9, son habitacle n'a plus rien de low cost...<\/p>\n<h2>Le Duster moins bruyant<\/h2>\n<p>La presse l'avait remarqu\u00e9, les clients avaient remont\u00e9 les critiques aupr\u00e8s du r\u00e9seau: le Duster est un v\u00e9hicule tr\u00e8s bruyant.\" Sur cette th\u00e9matique, le cahier des charges lors du d\u00e9veloppement n'\u00e9tait pas assez s\u00e9v\u00e8re\", reconnait Arnaud Deboeuf, directeur de la gamme Entry. Pour y corriger, les ing\u00e9nieurs ont retravaill\u00e9 sur la voiture.\"Nous avons r\u00e9duit les bruits m\u00e9caniques et a\u00e9rodynamique de fa\u00e7on significative\" Comment? En incorporant des inserts gonflants dans les corps creux et en tapissant l'habitacle et le compartiment moteur d'absorbant et de mousse. Et \u00e7a marche. Lors d'un rapide essai, nous avons pu constater une nette am\u00e9lioration, bien que nous n'ayons pas pu effectuer des mesures avec un sonom\u00e8tre. Ces \u00e9volutions arriveront en France dans les semaines \u00e0 venir.<\/p>\n","protected":false},"excerpt":{"rendered":"<p>&nbsp; Renault conquiert le monde mais comment Clairement annonc\u00e9e comme low cost, la gamme Dacia permet aujoud&rsquo;hui \u00e0 Renault de s&rsquo;\u00e9tendre \u00e0 l&rsquo;international. Le Duster, qui commence sa carri\u00e8re au Br\u00e9sil, en Russie et en Inde, b\u00e9n\u00e9ficie d&rsquo;un traitement bien particulier qui n&rsquo;a pas grand-chose \u00e0 voir avec notre Duster europ\u00e9en. La gamme Entry ( &#8230; <a title=\"Renault conquiert le monde mais comment\" class=\"read-more\" href=\"https:\/\/www.carideal.com\/blog\/2012\/08\/10\/renault-conquiert-le-monde-mais-comment\/\" aria-label=\"En savoir plus sur Renault conquiert le monde mais comment\">Lire plus<\/a><\/p>\n","protected":false},"author":1,"featured_media":15176,"comment_status":"open","ping_status":"open","sticky":false,"template":"","format":"standard","meta":{"_uag_custom_page_level_css":"","_themeisle_gutenberg_block_has_review":false,"footnotes":""},"categories":[21,5944,6007,5963,10],"tags":[1433],"class_list":["post-543","post","type-post","status-publish","format-standard","has-post-thumbnail","hentry","category-actualites-auto","category-constructeur","category-dacia","category-renault","category-marche-automobile-voiture-neuve-occasion-4x4-suv","tag-low-cost"],"wppr_data":{"cwp_meta_box_check":"No"},"yoast_head":"<!-- This site is optimized with the Yoast SEO plugin v24.8.1 - https:\/\/yoast.com\/wordpress\/plugins\/seo\/ -->\n<title>Renault conquiert le monde mais comment - Blog auto Carid\u00e9al<\/title>\n<meta name=\"robots\" content=\"index, follow, max-snippet:-1, max-image-preview:large, max-video-preview:-1\" \/>\n<link rel=\"canonical\" href=\"https:\/\/www.carideal.com\/blog\/2012\/08\/10\/renault-conquiert-le-monde-mais-comment\/\" \/>\n<meta property=\"og:locale\" content=\"fr_FR\" \/>\n<meta property=\"og:type\" content=\"article\" \/>\n<meta property=\"og:title\" content=\"Renault conquiert le monde mais comment - Blog auto Carid\u00e9al\" \/>\n<meta property=\"og:description\" content=\"&nbsp; Renault conquiert le monde mais comment Clairement annonc\u00e9e comme low cost, la gamme Dacia permet aujoud&#039;hui \u00e0 Renault de s&#039;\u00e9tendre \u00e0 l&#039;international. Le Duster, qui commence sa carri\u00e8re au Br\u00e9sil, en Russie et en Inde, b\u00e9n\u00e9ficie d&#039;un traitement bien particulier qui n&#039;a pas grand-chose \u00e0 voir avec notre Duster europ\u00e9en. La gamme Entry ( ... Lire plus\" \/>\n<meta property=\"og:url\" content=\"https:\/\/www.carideal.com\/blog\/2012\/08\/10\/renault-conquiert-le-monde-mais-comment\/\" \/>\n<meta property=\"og:site_name\" content=\"Blog auto Carid\u00e9al\" \/>\n<meta property=\"article:publisher\" content=\"https:\/\/www.facebook.com\/Carideal.mandataire.automobile\" \/>\n<meta property=\"article:author\" content=\"https:\/\/www.facebook.com\/Carideal.mandataire.automobile\/\" \/>\n<meta property=\"article:published_time\" content=\"2012-08-10T16:47:00+00:00\" \/>\n<meta property=\"article:modified_time\" content=\"2020-03-07T15:51:47+00:00\" \/>\n<meta property=\"og:image\" content=\"https:\/\/www.carideal.com\/blog\/wp-content\/uploads\/2012\/08\/Renault-Duster-in-India_m.jpg\" \/>\n\t<meta property=\"og:image:width\" content=\"448\" \/>\n\t<meta property=\"og:image:height\" content=\"223\" \/>\n\t<meta property=\"og:image:type\" content=\"image\/jpeg\" \/>\n<meta name=\"author\" content=\"N.S Carideal\" \/>\n<meta name=\"twitter:card\" content=\"summary_large_image\" \/>\n<meta name=\"twitter:creator\" content=\"@caridealauto\" \/>\n<meta name=\"twitter:site\" content=\"@caridealauto\" \/>\n<meta name=\"twitter:label1\" content=\"\u00c9crit par\" \/>\n\t<meta name=\"twitter:data1\" content=\"N.S Carideal\" \/>\n\t<meta name=\"twitter:label2\" content=\"Dur\u00e9e de lecture estim\u00e9e\" \/>\n\t<meta name=\"twitter:data2\" content=\"1 minute\" \/>\n<script type=\"application\/ld+json\" class=\"yoast-schema-graph\">{\"@context\":\"https:\/\/schema.org\",\"@graph\":[{\"@type\":\"Article\",\"@id\":\"https:\/\/www.carideal.com\/blog\/2012\/08\/10\/renault-conquiert-le-monde-mais-comment\/#article\",\"isPartOf\":{\"@id\":\"https:\/\/www.carideal.com\/blog\/2012\/08\/10\/renault-conquiert-le-monde-mais-comment\/\"},\"author\":{\"name\":\"N.S Carideal\",\"@id\":\"https:\/\/www.carideal.com\/blog\/#\/schema\/person\/985c7e757d1042d647f21bfaf8d41ebc\"},\"headline\":\"Renault conquiert le monde mais comment\",\"datePublished\":\"2012-08-10T16:47:00+00:00\",\"dateModified\":\"2020-03-07T15:51:47+00:00\",\"mainEntityOfPage\":{\"@id\":\"https:\/\/www.carideal.com\/blog\/2012\/08\/10\/renault-conquiert-le-monde-mais-comment\/\"},\"wordCount\":262,\"commentCount\":0,\"publisher\":{\"@id\":\"https:\/\/www.carideal.com\/blog\/#organization\"},\"image\":{\"@id\":\"https:\/\/www.carideal.com\/blog\/2012\/08\/10\/renault-conquiert-le-monde-mais-comment\/#primaryimage\"},\"thumbnailUrl\":\"https:\/\/www.carideal.com\/blog\/wp-content\/uploads\/2012\/08\/Renault-Duster-in-India_m.jpg\",\"keywords\":[\"low cost\"],\"articleSection\":[\"Actualit\u00e9 automobile\",\"Actualit\u00e9 Constructeur automobile\",\"Actualit\u00e9 Dacia\",\"Actualit\u00e9 Renault\",\"March\u00e9 automobile\"],\"inLanguage\":\"fr-FR\",\"potentialAction\":[{\"@type\":\"CommentAction\",\"name\":\"Comment\",\"target\":[\"https:\/\/www.carideal.com\/blog\/2012\/08\/10\/renault-conquiert-le-monde-mais-comment\/#respond\"]}]},{\"@type\":\"WebPage\",\"@id\":\"https:\/\/www.carideal.com\/blog\/2012\/08\/10\/renault-conquiert-le-monde-mais-comment\/\",\"url\":\"https:\/\/www.carideal.com\/blog\/2012\/08\/10\/renault-conquiert-le-monde-mais-comment\/\",\"name\":\"Renault conquiert le monde mais comment - Blog auto Carid\u00e9al\",\"isPartOf\":{\"@id\":\"https:\/\/www.carideal.com\/blog\/#website\"},\"primaryImageOfPage\":{\"@id\":\"https:\/\/www.carideal.com\/blog\/2012\/08\/10\/renault-conquiert-le-monde-mais-comment\/#primaryimage\"},\"image\":{\"@id\":\"https:\/\/www.carideal.com\/blog\/2012\/08\/10\/renault-conquiert-le-monde-mais-comment\/#primaryimage\"},\"thumbnailUrl\":\"https:\/\/www.carideal.com\/blog\/wp-content\/uploads\/2012\/08\/Renault-Duster-in-India_m.jpg\",\"datePublished\":\"2012-08-10T16:47:00+00:00\",\"dateModified\":\"2020-03-07T15:51:47+00:00\",\"breadcrumb\":{\"@id\":\"https:\/\/www.carideal.com\/blog\/2012\/08\/10\/renault-conquiert-le-monde-mais-comment\/#breadcrumb\"},\"inLanguage\":\"fr-FR\",\"potentialAction\":[{\"@type\":\"ReadAction\",\"target\":[\"https:\/\/www.carideal.com\/blog\/2012\/08\/10\/renault-conquiert-le-monde-mais-comment\/\"]}]},{\"@type\":\"ImageObject\",\"inLanguage\":\"fr-FR\",\"@id\":\"https:\/\/www.carideal.com\/blog\/2012\/08\/10\/renault-conquiert-le-monde-mais-comment\/#primaryimage\",\"url\":\"https:\/\/www.carideal.com\/blog\/wp-content\/uploads\/2012\/08\/Renault-Duster-in-India_m.jpg\",\"contentUrl\":\"https:\/\/www.carideal.com\/blog\/wp-content\/uploads\/2012\/08\/Renault-Duster-in-India_m.jpg\",\"width\":448,\"height\":223,\"caption\":\"Dacia Duster partout dans le Monde et en Inde\"},{\"@type\":\"BreadcrumbList\",\"@id\":\"https:\/\/www.carideal.com\/blog\/2012\/08\/10\/renault-conquiert-le-monde-mais-comment\/#breadcrumb\",\"itemListElement\":[{\"@type\":\"ListItem\",\"position\":1,\"name\":\"Blog Carid\u00e9al\",\"item\":\"https:\/\/www.carideal.com\/blog\/\"},{\"@type\":\"ListItem\",\"position\":2,\"name\":\"Actualit\u00e9 constructeur automobile\",\"item\":\"https:\/\/www.carideal.com\/blog\/constructeur\/\"},{\"@type\":\"ListItem\",\"position\":3,\"name\":\"Actualit\u00e9 Renault\",\"item\":\"https:\/\/www.carideal.com\/blog\/constructeur\/renault\/\"},{\"@type\":\"ListItem\",\"position\":4,\"name\":\"Renault conquiert le monde mais comment\"}]},{\"@type\":\"WebSite\",\"@id\":\"https:\/\/www.carideal.com\/blog\/#website\",\"url\":\"https:\/\/www.carideal.com\/blog\/\",\"name\":\"Blog auto Carid\u00e9al\",\"description\":\"Actualit\u00e9 auto par des passionn\u00e9s\",\"publisher\":{\"@id\":\"https:\/\/www.carideal.com\/blog\/#organization\"},\"potentialAction\":[{\"@type\":\"SearchAction\",\"target\":{\"@type\":\"EntryPoint\",\"urlTemplate\":\"https:\/\/www.carideal.com\/blog\/?s={search_term_string}\"},\"query-input\":{\"@type\":\"PropertyValueSpecification\",\"valueRequired\":true,\"valueName\":\"search_term_string\"}}],\"inLanguage\":\"fr-FR\"},{\"@type\":\"Organization\",\"@id\":\"https:\/\/www.carideal.com\/blog\/#organization\",\"name\":\"Carideal\",\"url\":\"https:\/\/www.carideal.com\/blog\/\",\"logo\":{\"@type\":\"ImageObject\",\"inLanguage\":\"fr-FR\",\"@id\":\"https:\/\/www.carideal.com\/blog\/#\/schema\/logo\/image\/\",\"url\":\"http:\/\/www.carideal.com\/blog\/wp-content\/uploads\/2016\/03\/logo-carideal-mandataire-automobile.png\",\"contentUrl\":\"http:\/\/www.carideal.com\/blog\/wp-content\/uploads\/2016\/03\/logo-carideal-mandataire-automobile.png\",\"width\":300,\"height\":300,\"caption\":\"Carideal\"},\"image\":{\"@id\":\"https:\/\/www.carideal.com\/blog\/#\/schema\/logo\/image\/\"},\"sameAs\":[\"https:\/\/www.facebook.com\/Carideal.mandataire.automobile\",\"https:\/\/x.com\/caridealauto\",\"https:\/\/www.instagram.com\/carideal1\/\",\"https:\/\/www.linkedin.com\/company\/carideal.com\",\"https:\/\/fr.pinterest.com\/schiavonsas\/\",\"https:\/\/www.youtube.com\/user\/caridealsas\"]},{\"@type\":\"Person\",\"@id\":\"https:\/\/www.carideal.com\/blog\/#\/schema\/person\/985c7e757d1042d647f21bfaf8d41ebc\",\"name\":\"N.S Carideal\",\"image\":{\"@type\":\"ImageObject\",\"inLanguage\":\"fr-FR\",\"@id\":\"https:\/\/www.carideal.com\/blog\/#\/schema\/person\/image\/\",\"url\":\"https:\/\/secure.gravatar.com\/avatar\/edb7ccdf1a4e3d14aef967760d354d0e?s=96&r=g\",\"contentUrl\":\"https:\/\/secure.gravatar.com\/avatar\/edb7ccdf1a4e3d14aef967760d354d0e?s=96&r=g\",\"caption\":\"N.S Carideal\"},\"description\":\"Depuis tout petit fan d'automobile. Il est question d'essayer et de comparer toutes ces voitures qui nous ont fait r\u00e9ver, avant que celles-ci ne devient uniquement des voitures de collection.\",\"sameAs\":[\"http:\/\/www.carideal.com\/blog\",\"https:\/\/www.facebook.com\/Carideal.mandataire.automobile\/\",\"https:\/\/www.linkedin.com\/in\/nschiavon\/\",\"https:\/\/www.youtube.com\/user\/caridealsas\/\"],\"url\":\"https:\/\/www.carideal.com\/blog\/author\/admin_carideal\/\"}]}<\/script>\n<!-- \/ Yoast SEO plugin. -->","yoast_head_json":{"title":"Renault conquiert le monde mais comment - Blog auto Carid\u00e9al","robots":{"index":"index","follow":"follow","max-snippet":"max-snippet:-1","max-image-preview":"max-image-preview:large","max-video-preview":"max-video-preview:-1"},"canonical":"https:\/\/www.carideal.com\/blog\/2012\/08\/10\/renault-conquiert-le-monde-mais-comment\/","og_locale":"fr_FR","og_type":"article","og_title":"Renault conquiert le monde mais comment - Blog auto Carid\u00e9al","og_description":"&nbsp; Renault conquiert le monde mais comment Clairement annonc\u00e9e comme low cost, la gamme Dacia permet aujoud'hui \u00e0 Renault de s'\u00e9tendre \u00e0 l'international. Le Duster, qui commence sa carri\u00e8re au Br\u00e9sil, en Russie et en Inde, b\u00e9n\u00e9ficie d'un traitement bien particulier qui n'a pas grand-chose \u00e0 voir avec notre Duster europ\u00e9en. La gamme Entry ( ... Lire plus","og_url":"https:\/\/www.carideal.com\/blog\/2012\/08\/10\/renault-conquiert-le-monde-mais-comment\/","og_site_name":"Blog auto Carid\u00e9al","article_publisher":"https:\/\/www.facebook.com\/Carideal.mandataire.automobile","article_author":"https:\/\/www.facebook.com\/Carideal.mandataire.automobile\/","article_published_time":"2012-08-10T16:47:00+00:00","article_modified_time":"2020-03-07T15:51:47+00:00","og_image":[{"width":448,"height":223,"url":"https:\/\/www.carideal.com\/blog\/wp-content\/uploads\/2012\/08\/Renault-Duster-in-India_m.jpg","type":"image\/jpeg"}],"author":"N.S Carideal","twitter_card":"summary_large_image","twitter_creator":"@caridealauto","twitter_site":"@caridealauto","twitter_misc":{"\u00c9crit par":"N.S Carideal","Dur\u00e9e de lecture estim\u00e9e":"1 minute"},"schema":{"@context":"https:\/\/schema.org","@graph":[{"@type":"Article","@id":"https:\/\/www.carideal.com\/blog\/2012\/08\/10\/renault-conquiert-le-monde-mais-comment\/#article","isPartOf":{"@id":"https:\/\/www.carideal.com\/blog\/2012\/08\/10\/renault-conquiert-le-monde-mais-comment\/"},"author":{"name":"N.S Carideal","@id":"https:\/\/www.carideal.com\/blog\/#\/schema\/person\/985c7e757d1042d647f21bfaf8d41ebc"},"headline":"Renault conquiert le monde mais comment","datePublished":"2012-08-10T16:47:00+00:00","dateModified":"2020-03-07T15:51:47+00:00","mainEntityOfPage":{"@id":"https:\/\/www.carideal.com\/blog\/2012\/08\/10\/renault-conquiert-le-monde-mais-comment\/"},"wordCount":262,"commentCount":0,"publisher":{"@id":"https:\/\/www.carideal.com\/blog\/#organization"},"image":{"@id":"https:\/\/www.carideal.com\/blog\/2012\/08\/10\/renault-conquiert-le-monde-mais-comment\/#primaryimage"},"thumbnailUrl":"https:\/\/www.carideal.com\/blog\/wp-content\/uploads\/2012\/08\/Renault-Duster-in-India_m.jpg","keywords":["low cost"],"articleSection":["Actualit\u00e9 automobile","Actualit\u00e9 Constructeur automobile","Actualit\u00e9 Dacia","Actualit\u00e9 Renault","March\u00e9 automobile"],"inLanguage":"fr-FR","potentialAction":[{"@type":"CommentAction","name":"Comment","target":["https:\/\/www.carideal.com\/blog\/2012\/08\/10\/renault-conquiert-le-monde-mais-comment\/#respond"]}]},{"@type":"WebPage","@id":"https:\/\/www.carideal.com\/blog\/2012\/08\/10\/renault-conquiert-le-monde-mais-comment\/","url":"https:\/\/www.carideal.com\/blog\/2012\/08\/10\/renault-conquiert-le-monde-mais-comment\/","name":"Renault conquiert le monde mais comment - Blog auto Carid\u00e9al","isPartOf":{"@id":"https:\/\/www.carideal.com\/blog\/#website"},"primaryImageOfPage":{"@id":"https:\/\/www.carideal.com\/blog\/2012\/08\/10\/renault-conquiert-le-monde-mais-comment\/#primaryimage"},"image":{"@id":"https:\/\/www.carideal.com\/blog\/2012\/08\/10\/renault-conquiert-le-monde-mais-comment\/#primaryimage"},"thumbnailUrl":"https:\/\/www.carideal.com\/blog\/wp-content\/uploads\/2012\/08\/Renault-Duster-in-India_m.jpg","datePublished":"2012-08-10T16:47:00+00:00","dateModified":"2020-03-07T15:51:47+00:00","breadcrumb":{"@id":"https:\/\/www.carideal.com\/blog\/2012\/08\/10\/renault-conquiert-le-monde-mais-comment\/#breadcrumb"},"inLanguage":"fr-FR","potentialAction":[{"@type":"ReadAction","target":["https:\/\/www.carideal.com\/blog\/2012\/08\/10\/renault-conquiert-le-monde-mais-comment\/"]}]},{"@type":"ImageObject","inLanguage":"fr-FR","@id":"https:\/\/www.carideal.com\/blog\/2012\/08\/10\/renault-conquiert-le-monde-mais-comment\/#primaryimage","url":"https:\/\/www.carideal.com\/blog\/wp-content\/uploads\/2012\/08\/Renault-Duster-in-India_m.jpg","contentUrl":"https:\/\/www.carideal.com\/blog\/wp-content\/uploads\/2012\/08\/Renault-Duster-in-India_m.jpg","width":448,"height":223,"caption":"Dacia Duster partout dans le Monde et en Inde"},{"@type":"BreadcrumbList","@id":"https:\/\/www.carideal.com\/blog\/2012\/08\/10\/renault-conquiert-le-monde-mais-comment\/#breadcrumb","itemListElement":[{"@type":"ListItem","position":1,"name":"Blog Carid\u00e9al","item":"https:\/\/www.carideal.com\/blog\/"},{"@type":"ListItem","position":2,"name":"Actualit\u00e9 constructeur automobile","item":"https:\/\/www.carideal.com\/blog\/constructeur\/"},{"@type":"ListItem","position":3,"name":"Actualit\u00e9 Renault","item":"https:\/\/www.carideal.com\/blog\/constructeur\/renault\/"},{"@type":"ListItem","position":4,"name":"Renault conquiert le monde mais comment"}]},{"@type":"WebSite","@id":"https:\/\/www.carideal.com\/blog\/#website","url":"https:\/\/www.carideal.com\/blog\/","name":"Blog auto Carid\u00e9al","description":"Actualit\u00e9 auto par des passionn\u00e9s","publisher":{"@id":"https:\/\/www.carideal.com\/blog\/#organization"},"potentialAction":[{"@type":"SearchAction","target":{"@type":"EntryPoint","urlTemplate":"https:\/\/www.carideal.com\/blog\/?s={search_term_string}"},"query-input":{"@type":"PropertyValueSpecification","valueRequired":true,"valueName":"search_term_string"}}],"inLanguage":"fr-FR"},{"@type":"Organization","@id":"https:\/\/www.carideal.com\/blog\/#organization","name":"Carideal","url":"https:\/\/www.carideal.com\/blog\/","logo":{"@type":"ImageObject","inLanguage":"fr-FR","@id":"https:\/\/www.carideal.com\/blog\/#\/schema\/logo\/image\/","url":"http:\/\/www.carideal.com\/blog\/wp-content\/uploads\/2016\/03\/logo-carideal-mandataire-automobile.png","contentUrl":"http:\/\/www.carideal.com\/blog\/wp-content\/uploads\/2016\/03\/logo-carideal-mandataire-automobile.png","width":300,"height":300,"caption":"Carideal"},"image":{"@id":"https:\/\/www.carideal.com\/blog\/#\/schema\/logo\/image\/"},"sameAs":["https:\/\/www.facebook.com\/Carideal.mandataire.automobile","https:\/\/x.com\/caridealauto","https:\/\/www.instagram.com\/carideal1\/","https:\/\/www.linkedin.com\/company\/carideal.com","https:\/\/fr.pinterest.com\/schiavonsas\/","https:\/\/www.youtube.com\/user\/caridealsas"]},{"@type":"Person","@id":"https:\/\/www.carideal.com\/blog\/#\/schema\/person\/985c7e757d1042d647f21bfaf8d41ebc","name":"N.S Carideal","image":{"@type":"ImageObject","inLanguage":"fr-FR","@id":"https:\/\/www.carideal.com\/blog\/#\/schema\/person\/image\/","url":"https:\/\/secure.gravatar.com\/avatar\/edb7ccdf1a4e3d14aef967760d354d0e?s=96&r=g","contentUrl":"https:\/\/secure.gravatar.com\/avatar\/edb7ccdf1a4e3d14aef967760d354d0e?s=96&r=g","caption":"N.S Carideal"},"description":"Depuis tout petit fan d'automobile. Il est question d'essayer et de comparer toutes ces voitures qui nous ont fait r\u00e9ver, avant que celles-ci ne devient uniquement des voitures de collection.","sameAs":["http:\/\/www.carideal.com\/blog","https:\/\/www.facebook.com\/Carideal.mandataire.automobile\/","https:\/\/www.linkedin.com\/in\/nschiavon\/","https:\/\/www.youtube.com\/user\/caridealsas\/"],"url":"https:\/\/www.carideal.com\/blog\/author\/admin_carideal\/"}]}},"uagb_featured_image_src":{"full":["https:\/\/www.carideal.com\/blog\/wp-content\/uploads\/2012\/08\/Renault-Duster-in-India_m.jpg",448,223,false],"thumbnail":["https:\/\/www.carideal.com\/blog\/wp-content\/uploads\/2012\/08\/Renault-Duster-in-India_m-150x150.jpg",150,150,true],"medium":["https:\/\/www.carideal.com\/blog\/wp-content\/uploads\/2012\/08\/Renault-Duster-in-India_m-300x149.jpg",300,149,true],"medium_large":["https:\/\/www.carideal.com\/blog\/wp-content\/uploads\/2012\/08\/Renault-Duster-in-India_m.jpg",448,223,false],"large":["https:\/\/www.carideal.com\/blog\/wp-content\/uploads\/2012\/08\/Renault-Duster-in-India_m.jpg",448,223,false],"1536x1536":["https:\/\/www.carideal.com\/blog\/wp-content\/uploads\/2012\/08\/Renault-Duster-in-India_m.jpg",448,223,false],"2048x2048":["https:\/\/www.carideal.com\/blog\/wp-content\/uploads\/2012\/08\/Renault-Duster-in-India_m.jpg",448,223,false],"wppr-widget":["https:\/\/www.carideal.com\/blog\/wp-content\/uploads\/2012\/08\/Renault-Duster-in-India_m.jpg",50,25,false]},"uagb_author_info":{"display_name":"N.S Carideal","author_link":"https:\/\/www.carideal.com\/blog\/author\/admin_carideal\/"},"uagb_comment_info":0,"uagb_excerpt":"&nbsp; Renault conquiert le monde mais comment Clairement annonc\u00e9e comme low cost, la gamme Dacia permet aujoud'hui \u00e0 Renault de s'\u00e9tendre \u00e0 l'international. Le Duster, qui commence sa carri\u00e8re au Br\u00e9sil, en Russie et en Inde, b\u00e9n\u00e9ficie d'un traitement bien particulier qui n'a pas grand-chose \u00e0 voir avec notre Duster europ\u00e9en. La gamme Entry (\u2026","_links":{"self":[{"href":"https:\/\/www.carideal.com\/blog\/wp-json\/wp\/v2\/posts\/543"}],"collection":[{"href":"https:\/\/www.carideal.com\/blog\/wp-json\/wp\/v2\/posts"}],"about":[{"href":"https:\/\/www.carideal.com\/blog\/wp-json\/wp\/v2\/types\/post"}],"author":[{"embeddable":true,"href":"https:\/\/www.carideal.com\/blog\/wp-json\/wp\/v2\/users\/1"}],"replies":[{"embeddable":true,"href":"https:\/\/www.carideal.com\/blog\/wp-json\/wp\/v2\/comments?post=543"}],"version-history":[{"count":0,"href":"https:\/\/www.carideal.com\/blog\/wp-json\/wp\/v2\/posts\/543\/revisions"}],"wp:featuredmedia":[{"embeddable":true,"href":"https:\/\/www.carideal.com\/blog\/wp-json\/wp\/v2\/media\/15176"}],"wp:attachment":[{"href":"https:\/\/www.carideal.com\/blog\/wp-json\/wp\/v2\/media?parent=543"}],"wp:term":[{"taxonomy":"category","embeddable":true,"href":"https:\/\/www.carideal.com\/blog\/wp-json\/wp\/v2\/categories?post=543"},{"taxonomy":"post_tag","embeddable":true,"href":"https:\/\/www.carideal.com\/blog\/wp-json\/wp\/v2\/tags?post=543"}],"curies":[{"name":"wp","href":"https:\/\/api.w.org\/{rel}","templated":true}]}}