{"id":5428,"date":"2014-05-18T22:00:00","date_gmt":"2014-05-18T22:00:00","guid":{"rendered":"http:\/\/www.carideal.com\/blog\/2014\/05\/18\/volkswagen-leader-en-rd\/"},"modified":"2017-11-26T13:26:44","modified_gmt":"2017-11-26T12:26:44","slug":"volkswagen-leader-en-rd","status":"publish","type":"post","link":"https:\/\/www.carideal.com\/blog\/2014\/05\/18\/volkswagen-leader-en-rd\/","title":{"rendered":"Volkswagen leader en recherche et d\u00e9veloppement"},"content":{"rendered":"<h1>Volkswagen leader en recherche et d\u00e9veloppement<\/h1>\n<p><a href=\"http:\/\/www.carideal.com\/blog\/marque-de-voiture-actualites-essais\/volkswagen\/\">Volkswagen<\/a> est le premier constructeur europ\u00e9en et le 3\u00e8me constructeur au rang mondial. D'apr\u00e8s la commission europ\u00e9enne, Volkswagen est le plus grand investisseur priv\u00e9 en R&amp;D. En effet, Bruxelles tient un classement annuel des entreprises le plus impliqu\u00e9 en R&amp;D et pour la premi\u00e8re fois depuis 2004 c'est une compagnie Europ\u00e9enne sur la premi\u00e8re marche.<br \/>\nVolkswagen est en t\u00eate devant <a href=\"http:\/\/www.carideal.com\/blog\/marque-de-voiture-actualites-essais\/toyota\/\">Toyota<\/a> avec 7 milliards d'euros. Alors que les fran\u00e7ais son loin derri\u00e8re avec au 48\u00e8me rang <a href=\"http:\/\/www.carideal.com\/blog\/tag\/psa\/\">PSA<\/a>, <a href=\"http:\/\/www.carideal.com\/blog\/marque-de-voiture-actualites-essais\/renault\/\">Renault<\/a> ne fait m\u00eame pas partie du top 50.<\/p>\n<ul>\n<li>D\u00e9penses de RD en 2013: 13,5 milliards de dollars<\/li>\n<li>En pourcentage du chiffre d'affaires: 5,2%<\/li>\n<\/ul>\n<div>\n<figure style=\"width: 390px\" class=\"wp-caption alignnone\"><img loading=\"lazy\" decoding=\"async\" title=\"R&amp;D Volkswagen\" src=\"http:\/\/www.carideal.com\/images_actualite\/volkswagenrdleadercaridealmandataireautomobile-1400481260.jpg\" alt=\"R&amp;D Volkswagen\" width=\"400\" height=\"265\" \/><figcaption class=\"wp-caption-text\">R&amp;D Volkswagen<\/figcaption><\/figure>\n<\/div>\n<p>Pour la troisi\u00e8me ann\u00e9e cons\u00e9cutive, le constructeur automobile allemand arrive en t\u00eate de la liste des strat\u00e9gies de recherche et d\u00e9veloppement. Volkswagen affirme que ses d\u00e9penses r\u00e9sultent d'un \u00abconstructeur automobile hautement comp\u00e9titif et innovant qui doit respecter une foule de normes environnementales et de s\u00e9curit\u00e9\u00bb. Une grande partie de ces d\u00e9penses a \u00e9t\u00e9 consacr\u00e9e aux <a href=\"http:\/\/www.carideal.com\/blog\/technologie-2\/hybride\/\">v\u00e9hicules hybrides<\/a> et \u00e0 l'ajout de nouvelles technologies, y compris semi-autonomes. ses 12 marques. Il cherche \u00e9galement \u00e0 r\u00e9duire les \u00e9missions de CO2 de sa flotte et \u00e0 investir dans des moyens d'\u00e9lectrifier les v\u00e9hicules.<\/p>\n","protected":false},"excerpt":{"rendered":"<p>Volkswagen leader en recherche et d\u00e9veloppement Volkswagen est le premier constructeur europ\u00e9en et le 3\u00e8me constructeur au rang mondial. D&rsquo;apr\u00e8s la commission europ\u00e9enne, Volkswagen est le plus grand investisseur priv\u00e9 en R&amp;D. En effet, Bruxelles tient un classement annuel des entreprises le plus impliqu\u00e9 en R&amp;D et pour la premi\u00e8re fois depuis 2004 c&rsquo;est une &#8230; <a title=\"Volkswagen leader en recherche et d\u00e9veloppement\" class=\"read-more\" href=\"https:\/\/www.carideal.com\/blog\/2014\/05\/18\/volkswagen-leader-en-rd\/\" aria-label=\"En savoir plus sur Volkswagen leader en recherche et d\u00e9veloppement\">Lire plus<\/a><\/p>\n","protected":false},"author":3,"featured_media":16621,"comment_status":"open","ping_status":"open","sticky":false,"template":"","format":"standard","meta":{"_uag_custom_page_level_css":"","_themeisle_gutenberg_block_has_review":false,"footnotes":""},"categories":[21,9,6041],"tags":[],"class_list":["post-5428","post","type-post","status-publish","format-standard","has-post-thumbnail","hentry","category-actualites-auto","category-divers","category-nouvelles-technologies"],"wppr_data":{"cwp_meta_box_check":"No"},"yoast_head":"<!-- This site is optimized with the Yoast SEO plugin v24.8.1 - https:\/\/yoast.com\/wordpress\/plugins\/seo\/ -->\n<title>Volkswagen leader en recherche et d\u00e9veloppement - Blog auto Carid\u00e9al<\/title>\n<meta name=\"description\" content=\"Volkswagen est le groupe qui investit le plus dans la recherche et d\u00e9veloppement, avec un budget de 13,5 milliards de dollars allou\u00e9s \u00e0 la R&amp;D cette ann\u00e9e\" \/>\n<meta name=\"robots\" content=\"index, follow, max-snippet:-1, max-image-preview:large, max-video-preview:-1\" \/>\n<link rel=\"canonical\" href=\"https:\/\/www.carideal.com\/blog\/2014\/05\/18\/volkswagen-leader-en-rd\/\" \/>\n<meta property=\"og:locale\" content=\"fr_FR\" \/>\n<meta property=\"og:type\" content=\"article\" \/>\n<meta property=\"og:title\" content=\"Volkswagen leader en recherche et d\u00e9veloppement - Blog auto Carid\u00e9al\" \/>\n<meta property=\"og:description\" content=\"Volkswagen est le groupe qui investit le plus dans la recherche et d\u00e9veloppement, avec un budget de 13,5 milliards de dollars allou\u00e9s \u00e0 la R&amp;D cette ann\u00e9e\" \/>\n<meta property=\"og:url\" content=\"https:\/\/www.carideal.com\/blog\/2014\/05\/18\/volkswagen-leader-en-rd\/\" \/>\n<meta property=\"og:site_name\" content=\"Blog auto Carid\u00e9al\" \/>\n<meta property=\"article:publisher\" content=\"https:\/\/www.facebook.com\/Carideal.mandataire.automobile\" \/>\n<meta property=\"article:author\" content=\"https:\/\/www.facebook.com\/nicolas.schiavon.39\" \/>\n<meta property=\"article:published_time\" content=\"2014-05-18T22:00:00+00:00\" \/>\n<meta property=\"article:modified_time\" content=\"2017-11-26T12:26:44+00:00\" \/>\n<meta property=\"og:image\" content=\"https:\/\/www.carideal.com\/blog\/wp-content\/uploads\/2014\/05\/recherche-developpement-volkswagen.jpg\" \/>\n\t<meta property=\"og:image:width\" content=\"800\" \/>\n\t<meta property=\"og:image:height\" content=\"534\" \/>\n\t<meta property=\"og:image:type\" content=\"image\/jpeg\" \/>\n<meta name=\"author\" content=\"Nicolas SCHIAVON\" \/>\n<meta name=\"twitter:card\" content=\"summary_large_image\" \/>\n<meta name=\"twitter:creator\" content=\"@caridealauto\" \/>\n<meta name=\"twitter:site\" content=\"@caridealauto\" \/>\n<meta name=\"twitter:label1\" content=\"\u00c9crit par\" \/>\n\t<meta name=\"twitter:data1\" content=\"Nicolas SCHIAVON\" \/>\n\t<meta name=\"twitter:label2\" content=\"Dur\u00e9e de lecture estim\u00e9e\" \/>\n\t<meta name=\"twitter:data2\" content=\"1 minute\" \/>\n<script type=\"application\/ld+json\" class=\"yoast-schema-graph\">{\"@context\":\"https:\/\/schema.org\",\"@graph\":[{\"@type\":\"Article\",\"@id\":\"https:\/\/www.carideal.com\/blog\/2014\/05\/18\/volkswagen-leader-en-rd\/#article\",\"isPartOf\":{\"@id\":\"https:\/\/www.carideal.com\/blog\/2014\/05\/18\/volkswagen-leader-en-rd\/\"},\"author\":{\"name\":\"Nicolas SCHIAVON\",\"@id\":\"https:\/\/www.carideal.com\/blog\/#\/schema\/person\/cd95dc7919660de90d31b366f85be1ec\"},\"headline\":\"Volkswagen leader en recherche et d\u00e9veloppement\",\"datePublished\":\"2014-05-18T22:00:00+00:00\",\"dateModified\":\"2017-11-26T12:26:44+00:00\",\"mainEntityOfPage\":{\"@id\":\"https:\/\/www.carideal.com\/blog\/2014\/05\/18\/volkswagen-leader-en-rd\/\"},\"wordCount\":236,\"commentCount\":0,\"publisher\":{\"@id\":\"https:\/\/www.carideal.com\/blog\/#organization\"},\"image\":{\"@id\":\"https:\/\/www.carideal.com\/blog\/2014\/05\/18\/volkswagen-leader-en-rd\/#primaryimage\"},\"thumbnailUrl\":\"https:\/\/www.carideal.com\/blog\/wp-content\/uploads\/2014\/05\/recherche-developpement-volkswagen.jpg\",\"articleSection\":[\"Actualit\u00e9 automobile\",\"Divers\",\"Nouvelles Technologies automobile\"],\"inLanguage\":\"fr-FR\",\"potentialAction\":[{\"@type\":\"CommentAction\",\"name\":\"Comment\",\"target\":[\"https:\/\/www.carideal.com\/blog\/2014\/05\/18\/volkswagen-leader-en-rd\/#respond\"]}]},{\"@type\":\"WebPage\",\"@id\":\"https:\/\/www.carideal.com\/blog\/2014\/05\/18\/volkswagen-leader-en-rd\/\",\"url\":\"https:\/\/www.carideal.com\/blog\/2014\/05\/18\/volkswagen-leader-en-rd\/\",\"name\":\"Volkswagen leader en recherche et d\u00e9veloppement - Blog auto Carid\u00e9al\",\"isPartOf\":{\"@id\":\"https:\/\/www.carideal.com\/blog\/#website\"},\"primaryImageOfPage\":{\"@id\":\"https:\/\/www.carideal.com\/blog\/2014\/05\/18\/volkswagen-leader-en-rd\/#primaryimage\"},\"image\":{\"@id\":\"https:\/\/www.carideal.com\/blog\/2014\/05\/18\/volkswagen-leader-en-rd\/#primaryimage\"},\"thumbnailUrl\":\"https:\/\/www.carideal.com\/blog\/wp-content\/uploads\/2014\/05\/recherche-developpement-volkswagen.jpg\",\"datePublished\":\"2014-05-18T22:00:00+00:00\",\"dateModified\":\"2017-11-26T12:26:44+00:00\",\"description\":\"Volkswagen est le groupe qui investit le plus dans la recherche et d\u00e9veloppement, avec un budget de 13,5 milliards de dollars allou\u00e9s \u00e0 la R&D cette ann\u00e9e\",\"breadcrumb\":{\"@id\":\"https:\/\/www.carideal.com\/blog\/2014\/05\/18\/volkswagen-leader-en-rd\/#breadcrumb\"},\"inLanguage\":\"fr-FR\",\"potentialAction\":[{\"@type\":\"ReadAction\",\"target\":[\"https:\/\/www.carideal.com\/blog\/2014\/05\/18\/volkswagen-leader-en-rd\/\"]}]},{\"@type\":\"ImageObject\",\"inLanguage\":\"fr-FR\",\"@id\":\"https:\/\/www.carideal.com\/blog\/2014\/05\/18\/volkswagen-leader-en-rd\/#primaryimage\",\"url\":\"https:\/\/www.carideal.com\/blog\/wp-content\/uploads\/2014\/05\/recherche-developpement-volkswagen.jpg\",\"contentUrl\":\"https:\/\/www.carideal.com\/blog\/wp-content\/uploads\/2014\/05\/recherche-developpement-volkswagen.jpg\",\"width\":800,\"height\":534,\"caption\":\"Volkswagen leader en recherche et developpement\"},{\"@type\":\"BreadcrumbList\",\"@id\":\"https:\/\/www.carideal.com\/blog\/2014\/05\/18\/volkswagen-leader-en-rd\/#breadcrumb\",\"itemListElement\":[{\"@type\":\"ListItem\",\"position\":1,\"name\":\"Blog Carid\u00e9al\",\"item\":\"https:\/\/www.carideal.com\/blog\/\"},{\"@type\":\"ListItem\",\"position\":2,\"name\":\"Divers\",\"item\":\"https:\/\/www.carideal.com\/blog\/divers\/\"},{\"@type\":\"ListItem\",\"position\":3,\"name\":\"Nouvelles Technologies automobile\",\"item\":\"https:\/\/www.carideal.com\/blog\/divers\/nouvelles-technologies\/\"},{\"@type\":\"ListItem\",\"position\":4,\"name\":\"Volkswagen leader en recherche et d\u00e9veloppement\"}]},{\"@type\":\"WebSite\",\"@id\":\"https:\/\/www.carideal.com\/blog\/#website\",\"url\":\"https:\/\/www.carideal.com\/blog\/\",\"name\":\"Blog auto Carid\u00e9al\",\"description\":\"Actualit\u00e9 auto par des passionn\u00e9s\",\"publisher\":{\"@id\":\"https:\/\/www.carideal.com\/blog\/#organization\"},\"potentialAction\":[{\"@type\":\"SearchAction\",\"target\":{\"@type\":\"EntryPoint\",\"urlTemplate\":\"https:\/\/www.carideal.com\/blog\/?s={search_term_string}\"},\"query-input\":{\"@type\":\"PropertyValueSpecification\",\"valueRequired\":true,\"valueName\":\"search_term_string\"}}],\"inLanguage\":\"fr-FR\"},{\"@type\":\"Organization\",\"@id\":\"https:\/\/www.carideal.com\/blog\/#organization\",\"name\":\"Carideal\",\"url\":\"https:\/\/www.carideal.com\/blog\/\",\"logo\":{\"@type\":\"ImageObject\",\"inLanguage\":\"fr-FR\",\"@id\":\"https:\/\/www.carideal.com\/blog\/#\/schema\/logo\/image\/\",\"url\":\"http:\/\/www.carideal.com\/blog\/wp-content\/uploads\/2016\/03\/logo-carideal-mandataire-automobile.png\",\"contentUrl\":\"http:\/\/www.carideal.com\/blog\/wp-content\/uploads\/2016\/03\/logo-carideal-mandataire-automobile.png\",\"width\":300,\"height\":300,\"caption\":\"Carideal\"},\"image\":{\"@id\":\"https:\/\/www.carideal.com\/blog\/#\/schema\/logo\/image\/\"},\"sameAs\":[\"https:\/\/www.facebook.com\/Carideal.mandataire.automobile\",\"https:\/\/x.com\/caridealauto\",\"https:\/\/www.instagram.com\/carideal1\/\",\"https:\/\/www.linkedin.com\/company\/carideal.com\",\"https:\/\/fr.pinterest.com\/schiavonsas\/\",\"https:\/\/www.youtube.com\/user\/caridealsas\"]},{\"@type\":\"Person\",\"@id\":\"https:\/\/www.carideal.com\/blog\/#\/schema\/person\/cd95dc7919660de90d31b366f85be1ec\",\"name\":\"Nicolas SCHIAVON\",\"image\":{\"@type\":\"ImageObject\",\"inLanguage\":\"fr-FR\",\"@id\":\"https:\/\/www.carideal.com\/blog\/#\/schema\/person\/image\/\",\"url\":\"https:\/\/secure.gravatar.com\/avatar\/c17e55009e671d92cc7f5dc837dc418a?s=96&r=g\",\"contentUrl\":\"https:\/\/secure.gravatar.com\/avatar\/c17e55009e671d92cc7f5dc837dc418a?s=96&r=g\",\"caption\":\"Nicolas SCHIAVON\"},\"description\":\"Nicolas Schiavon est tomb\u00e9 tout petit dans la marmite automobile. Ayant eu un garage de marque automobile, mandataire automobile de la premi\u00e8re heure d\u00e8s 1999. Nicolas a cr\u00e9\u00e9 ces premiers sites de vente de voiture et blog automobile d\u00e8s 1994. Carideal est n\u00e9 le 15 d\u00e9cembre 2000 de la volont\u00e9 de vendre des voitures d'occasions en ligne puis des voitures neuves. Il a pu essayer beaucoup de voitures tr\u00e8s diff\u00e9rentes et ayant eu personnellement quelques belles autos, Subaru Impreza, Mitsubishi Lancer Evo 7, Porsche 911, Ferrari Testarrossa, Audi RS3, RS4 et j'en passe...\",\"sameAs\":[\"http:\/\/www.carideal.com\",\"https:\/\/www.facebook.com\/nicolas.schiavon.39\",\"https:\/\/www.instagram.com\/carideal1\/\",\"https:\/\/www.linkedin.com\/in\/nschiavon\/\",\"https:\/\/x.com\/caridealauto\",\"https:\/\/www.youtube.com\/user\/caridealsas\/\"],\"url\":\"https:\/\/www.carideal.com\/blog\/author\/nschiavon\/\"}]}<\/script>\n<!-- \/ Yoast SEO plugin. -->","yoast_head_json":{"title":"Volkswagen leader en recherche et d\u00e9veloppement - Blog auto Carid\u00e9al","description":"Volkswagen est le groupe qui investit le plus dans la recherche et d\u00e9veloppement, avec un budget de 13,5 milliards de dollars allou\u00e9s \u00e0 la R&D cette ann\u00e9e","robots":{"index":"index","follow":"follow","max-snippet":"max-snippet:-1","max-image-preview":"max-image-preview:large","max-video-preview":"max-video-preview:-1"},"canonical":"https:\/\/www.carideal.com\/blog\/2014\/05\/18\/volkswagen-leader-en-rd\/","og_locale":"fr_FR","og_type":"article","og_title":"Volkswagen leader en recherche et d\u00e9veloppement - Blog auto Carid\u00e9al","og_description":"Volkswagen est le groupe qui investit le plus dans la recherche et d\u00e9veloppement, avec un budget de 13,5 milliards de dollars allou\u00e9s \u00e0 la R&D cette ann\u00e9e","og_url":"https:\/\/www.carideal.com\/blog\/2014\/05\/18\/volkswagen-leader-en-rd\/","og_site_name":"Blog auto Carid\u00e9al","article_publisher":"https:\/\/www.facebook.com\/Carideal.mandataire.automobile","article_author":"https:\/\/www.facebook.com\/nicolas.schiavon.39","article_published_time":"2014-05-18T22:00:00+00:00","article_modified_time":"2017-11-26T12:26:44+00:00","og_image":[{"width":800,"height":534,"url":"https:\/\/www.carideal.com\/blog\/wp-content\/uploads\/2014\/05\/recherche-developpement-volkswagen.jpg","type":"image\/jpeg"}],"author":"Nicolas SCHIAVON","twitter_card":"summary_large_image","twitter_creator":"@caridealauto","twitter_site":"@caridealauto","twitter_misc":{"\u00c9crit par":"Nicolas SCHIAVON","Dur\u00e9e de lecture estim\u00e9e":"1 minute"},"schema":{"@context":"https:\/\/schema.org","@graph":[{"@type":"Article","@id":"https:\/\/www.carideal.com\/blog\/2014\/05\/18\/volkswagen-leader-en-rd\/#article","isPartOf":{"@id":"https:\/\/www.carideal.com\/blog\/2014\/05\/18\/volkswagen-leader-en-rd\/"},"author":{"name":"Nicolas SCHIAVON","@id":"https:\/\/www.carideal.com\/blog\/#\/schema\/person\/cd95dc7919660de90d31b366f85be1ec"},"headline":"Volkswagen leader en recherche et d\u00e9veloppement","datePublished":"2014-05-18T22:00:00+00:00","dateModified":"2017-11-26T12:26:44+00:00","mainEntityOfPage":{"@id":"https:\/\/www.carideal.com\/blog\/2014\/05\/18\/volkswagen-leader-en-rd\/"},"wordCount":236,"commentCount":0,"publisher":{"@id":"https:\/\/www.carideal.com\/blog\/#organization"},"image":{"@id":"https:\/\/www.carideal.com\/blog\/2014\/05\/18\/volkswagen-leader-en-rd\/#primaryimage"},"thumbnailUrl":"https:\/\/www.carideal.com\/blog\/wp-content\/uploads\/2014\/05\/recherche-developpement-volkswagen.jpg","articleSection":["Actualit\u00e9 automobile","Divers","Nouvelles Technologies automobile"],"inLanguage":"fr-FR","potentialAction":[{"@type":"CommentAction","name":"Comment","target":["https:\/\/www.carideal.com\/blog\/2014\/05\/18\/volkswagen-leader-en-rd\/#respond"]}]},{"@type":"WebPage","@id":"https:\/\/www.carideal.com\/blog\/2014\/05\/18\/volkswagen-leader-en-rd\/","url":"https:\/\/www.carideal.com\/blog\/2014\/05\/18\/volkswagen-leader-en-rd\/","name":"Volkswagen leader en recherche et d\u00e9veloppement - Blog auto Carid\u00e9al","isPartOf":{"@id":"https:\/\/www.carideal.com\/blog\/#website"},"primaryImageOfPage":{"@id":"https:\/\/www.carideal.com\/blog\/2014\/05\/18\/volkswagen-leader-en-rd\/#primaryimage"},"image":{"@id":"https:\/\/www.carideal.com\/blog\/2014\/05\/18\/volkswagen-leader-en-rd\/#primaryimage"},"thumbnailUrl":"https:\/\/www.carideal.com\/blog\/wp-content\/uploads\/2014\/05\/recherche-developpement-volkswagen.jpg","datePublished":"2014-05-18T22:00:00+00:00","dateModified":"2017-11-26T12:26:44+00:00","description":"Volkswagen est le groupe qui investit le plus dans la recherche et d\u00e9veloppement, avec un budget de 13,5 milliards de dollars allou\u00e9s \u00e0 la R&D cette ann\u00e9e","breadcrumb":{"@id":"https:\/\/www.carideal.com\/blog\/2014\/05\/18\/volkswagen-leader-en-rd\/#breadcrumb"},"inLanguage":"fr-FR","potentialAction":[{"@type":"ReadAction","target":["https:\/\/www.carideal.com\/blog\/2014\/05\/18\/volkswagen-leader-en-rd\/"]}]},{"@type":"ImageObject","inLanguage":"fr-FR","@id":"https:\/\/www.carideal.com\/blog\/2014\/05\/18\/volkswagen-leader-en-rd\/#primaryimage","url":"https:\/\/www.carideal.com\/blog\/wp-content\/uploads\/2014\/05\/recherche-developpement-volkswagen.jpg","contentUrl":"https:\/\/www.carideal.com\/blog\/wp-content\/uploads\/2014\/05\/recherche-developpement-volkswagen.jpg","width":800,"height":534,"caption":"Volkswagen leader en recherche et developpement"},{"@type":"BreadcrumbList","@id":"https:\/\/www.carideal.com\/blog\/2014\/05\/18\/volkswagen-leader-en-rd\/#breadcrumb","itemListElement":[{"@type":"ListItem","position":1,"name":"Blog Carid\u00e9al","item":"https:\/\/www.carideal.com\/blog\/"},{"@type":"ListItem","position":2,"name":"Divers","item":"https:\/\/www.carideal.com\/blog\/divers\/"},{"@type":"ListItem","position":3,"name":"Nouvelles Technologies automobile","item":"https:\/\/www.carideal.com\/blog\/divers\/nouvelles-technologies\/"},{"@type":"ListItem","position":4,"name":"Volkswagen leader en recherche et d\u00e9veloppement"}]},{"@type":"WebSite","@id":"https:\/\/www.carideal.com\/blog\/#website","url":"https:\/\/www.carideal.com\/blog\/","name":"Blog auto Carid\u00e9al","description":"Actualit\u00e9 auto par des passionn\u00e9s","publisher":{"@id":"https:\/\/www.carideal.com\/blog\/#organization"},"potentialAction":[{"@type":"SearchAction","target":{"@type":"EntryPoint","urlTemplate":"https:\/\/www.carideal.com\/blog\/?s={search_term_string}"},"query-input":{"@type":"PropertyValueSpecification","valueRequired":true,"valueName":"search_term_string"}}],"inLanguage":"fr-FR"},{"@type":"Organization","@id":"https:\/\/www.carideal.com\/blog\/#organization","name":"Carideal","url":"https:\/\/www.carideal.com\/blog\/","logo":{"@type":"ImageObject","inLanguage":"fr-FR","@id":"https:\/\/www.carideal.com\/blog\/#\/schema\/logo\/image\/","url":"http:\/\/www.carideal.com\/blog\/wp-content\/uploads\/2016\/03\/logo-carideal-mandataire-automobile.png","contentUrl":"http:\/\/www.carideal.com\/blog\/wp-content\/uploads\/2016\/03\/logo-carideal-mandataire-automobile.png","width":300,"height":300,"caption":"Carideal"},"image":{"@id":"https:\/\/www.carideal.com\/blog\/#\/schema\/logo\/image\/"},"sameAs":["https:\/\/www.facebook.com\/Carideal.mandataire.automobile","https:\/\/x.com\/caridealauto","https:\/\/www.instagram.com\/carideal1\/","https:\/\/www.linkedin.com\/company\/carideal.com","https:\/\/fr.pinterest.com\/schiavonsas\/","https:\/\/www.youtube.com\/user\/caridealsas"]},{"@type":"Person","@id":"https:\/\/www.carideal.com\/blog\/#\/schema\/person\/cd95dc7919660de90d31b366f85be1ec","name":"Nicolas SCHIAVON","image":{"@type":"ImageObject","inLanguage":"fr-FR","@id":"https:\/\/www.carideal.com\/blog\/#\/schema\/person\/image\/","url":"https:\/\/secure.gravatar.com\/avatar\/c17e55009e671d92cc7f5dc837dc418a?s=96&r=g","contentUrl":"https:\/\/secure.gravatar.com\/avatar\/c17e55009e671d92cc7f5dc837dc418a?s=96&r=g","caption":"Nicolas SCHIAVON"},"description":"Nicolas Schiavon est tomb\u00e9 tout petit dans la marmite automobile. Ayant eu un garage de marque automobile, mandataire automobile de la premi\u00e8re heure d\u00e8s 1999. Nicolas a cr\u00e9\u00e9 ces premiers sites de vente de voiture et blog automobile d\u00e8s 1994. Carideal est n\u00e9 le 15 d\u00e9cembre 2000 de la volont\u00e9 de vendre des voitures d'occasions en ligne puis des voitures neuves. Il a pu essayer beaucoup de voitures tr\u00e8s diff\u00e9rentes et ayant eu personnellement quelques belles autos, Subaru Impreza, Mitsubishi Lancer Evo 7, Porsche 911, Ferrari Testarrossa, Audi RS3, RS4 et j'en passe...","sameAs":["http:\/\/www.carideal.com","https:\/\/www.facebook.com\/nicolas.schiavon.39","https:\/\/www.instagram.com\/carideal1\/","https:\/\/www.linkedin.com\/in\/nschiavon\/","https:\/\/x.com\/caridealauto","https:\/\/www.youtube.com\/user\/caridealsas\/"],"url":"https:\/\/www.carideal.com\/blog\/author\/nschiavon\/"}]}},"uagb_featured_image_src":{"full":["https:\/\/www.carideal.com\/blog\/wp-content\/uploads\/2014\/05\/recherche-developpement-volkswagen.jpg",800,534,false],"thumbnail":["https:\/\/www.carideal.com\/blog\/wp-content\/uploads\/2014\/05\/recherche-developpement-volkswagen-150x150.jpg",150,150,true],"medium":["https:\/\/www.carideal.com\/blog\/wp-content\/uploads\/2014\/05\/recherche-developpement-volkswagen-300x200.jpg",300,200,true],"medium_large":["https:\/\/www.carideal.com\/blog\/wp-content\/uploads\/2014\/05\/recherche-developpement-volkswagen-768x513.jpg",768,513,true],"large":["https:\/\/www.carideal.com\/blog\/wp-content\/uploads\/2014\/05\/recherche-developpement-volkswagen.jpg",800,534,false],"1536x1536":["https:\/\/www.carideal.com\/blog\/wp-content\/uploads\/2014\/05\/recherche-developpement-volkswagen.jpg",800,534,false],"2048x2048":["https:\/\/www.carideal.com\/blog\/wp-content\/uploads\/2014\/05\/recherche-developpement-volkswagen.jpg",800,534,false],"wppr-widget":["https:\/\/www.carideal.com\/blog\/wp-content\/uploads\/2014\/05\/recherche-developpement-volkswagen.jpg",50,33,false]},"uagb_author_info":{"display_name":"Nicolas SCHIAVON","author_link":"https:\/\/www.carideal.com\/blog\/author\/nschiavon\/"},"uagb_comment_info":0,"uagb_excerpt":"Volkswagen leader en recherche et d\u00e9veloppement Volkswagen est le premier constructeur europ\u00e9en et le 3\u00e8me constructeur au rang mondial. D'apr\u00e8s la commission europ\u00e9enne, Volkswagen est le plus grand investisseur priv\u00e9 en R&amp;D. En effet, Bruxelles tient un classement annuel des entreprises le plus impliqu\u00e9 en R&amp;D et pour la premi\u00e8re fois depuis 2004 c'est une\u2026","_links":{"self":[{"href":"https:\/\/www.carideal.com\/blog\/wp-json\/wp\/v2\/posts\/5428"}],"collection":[{"href":"https:\/\/www.carideal.com\/blog\/wp-json\/wp\/v2\/posts"}],"about":[{"href":"https:\/\/www.carideal.com\/blog\/wp-json\/wp\/v2\/types\/post"}],"author":[{"embeddable":true,"href":"https:\/\/www.carideal.com\/blog\/wp-json\/wp\/v2\/users\/3"}],"replies":[{"embeddable":true,"href":"https:\/\/www.carideal.com\/blog\/wp-json\/wp\/v2\/comments?post=5428"}],"version-history":[{"count":0,"href":"https:\/\/www.carideal.com\/blog\/wp-json\/wp\/v2\/posts\/5428\/revisions"}],"wp:featuredmedia":[{"embeddable":true,"href":"https:\/\/www.carideal.com\/blog\/wp-json\/wp\/v2\/media\/16621"}],"wp:attachment":[{"href":"https:\/\/www.carideal.com\/blog\/wp-json\/wp\/v2\/media?parent=5428"}],"wp:term":[{"taxonomy":"category","embeddable":true,"href":"https:\/\/www.carideal.com\/blog\/wp-json\/wp\/v2\/categories?post=5428"},{"taxonomy":"post_tag","embeddable":true,"href":"https:\/\/www.carideal.com\/blog\/wp-json\/wp\/v2\/tags?post=5428"}],"curies":[{"name":"wp","href":"https:\/\/api.w.org\/{rel}","templated":true}]}}