{"id":5424,"date":"2014-05-13T22:00:00","date_gmt":"2014-05-13T22:00:00","guid":{"rendered":"http:\/\/www.carideal.com\/blog\/2014\/05\/13\/le-bmw-serie-2-coupe\/"},"modified":"2020-03-08T18:00:46","modified_gmt":"2020-03-08T17:00:46","slug":"le-bmw-serie-2-coupe","status":"publish","type":"post","link":"https:\/\/www.carideal.com\/blog\/2014\/05\/13\/le-bmw-serie-2-coupe\/","title":{"rendered":"Le BMW S\u00e9rie 2 Coup\u00e9"},"content":{"rendered":"<div>\n<figure style=\"width: 790px\" class=\"wp-caption alignnone\"><img loading=\"lazy\" decoding=\"async\" title=\"BMW S\u00e9rie 2 Coup\u00e9\" src=\"http:\/\/www.carideal.com\/images_actualite\/bmwsrie2coupcaridealmandataireautomobile-1400061031.jpg\" alt=\"BMW S\u00e9rie 2 Coup\u00e9\" width=\"800\" height=\"492\" \/><figcaption class=\"wp-caption-text\">BMW S\u00e9rie 2 Coup\u00e9<\/figcaption><\/figure>\n<\/div>\n<h1>La nouvelle BMW S\u00e9rie 2 Coup\u00e9<\/h1>\n<p>Une nouvelle appellation pour <span style=\"text-decoration: underline;\">BMW<\/span> o\u00f9 le chiffre pair signifie que la silhouette du v\u00e9hicule est diff\u00e9rente \u00e0 celle d'une berline.<br \/>\nCe nouveau BMW s\u00e9rie 2 coup\u00e9 on poss\u00e8de deux portes et la carrosserie tri-corps de la <span style=\"text-decoration: underline;\">BMW S\u00e9rie 1<\/span>. Ce mod\u00e8le est pr\u00e9sent pour venir remplacer l'actuelle S\u00e9rie 1 qui vieillit.<br \/>\nLa carrosserie s\u2019allonge d\u00e9sormais de 7 cm (4.43 m), elle dispose d'un long capot et d'un coffre court similaire \u00e0 la S\u00e9rie 1. Par contre aucune pi\u00e8ce de la carrosserie n'est commune \u00e0 la S\u00e9rie 1 berline.<br \/>\nSon look est devenu plus athl\u00e9tique avec des plis de carrosserie plus travaill\u00e9e, des phares avant effil\u00e9 et une calandre plus expressive.<br \/>\nL'habitacle progresse avec un agrandissement de l\u2019empattement de 30 mm qui permet aux passagers arri\u00e8re d\u2019\u00eatre moins enferm\u00e9 et de disposer de plus de place pour les jambes ou par rapport au garde toit.<br \/>\nLe coffre augmente lui aussi avec une capacit\u00e9 de 390 l de plus la banquette est rabattable en 3 parties.<br \/>\nCinq motorisations sont disponibles sur la BMW s\u00e9rie 2 <span style=\"text-decoration: underline;\">coup\u00e9<\/span> : 218d de 143 ch, essence 220i de 184 ch, diesel 220d de 184 ch, 225 d de 218 ch et pour finir le M235i de 326 ch.<\/p>\n","protected":false},"excerpt":{"rendered":"<p>La nouvelle BMW S\u00e9rie 2 Coup\u00e9 Une nouvelle appellation pour BMW o\u00f9 le chiffre pair signifie que la silhouette du v\u00e9hicule est diff\u00e9rente \u00e0 celle d&rsquo;une berline. Ce nouveau BMW s\u00e9rie 2 coup\u00e9 on poss\u00e8de deux portes et la carrosserie tri-corps de la BMW S\u00e9rie 1. Ce mod\u00e8le est pr\u00e9sent pour venir remplacer l&rsquo;actuelle S\u00e9rie &#8230; <a title=\"Le BMW S\u00e9rie 2 Coup\u00e9\" class=\"read-more\" href=\"https:\/\/www.carideal.com\/blog\/2014\/05\/13\/le-bmw-serie-2-coupe\/\" aria-label=\"En savoir plus sur Le BMW S\u00e9rie 2 Coup\u00e9\">Lire plus<\/a><\/p>\n","protected":false},"author":3,"featured_media":0,"comment_status":"open","ping_status":"open","sticky":false,"template":"","format":"standard","meta":{"_uag_custom_page_level_css":"","_themeisle_gutenberg_block_has_review":false,"footnotes":""},"categories":[21,5945,5944,6020,5974],"tags":[],"class_list":["post-5424","post","type-post","status-publish","format-standard","hentry","category-actualites-auto","category-bmw","category-constructeur","category-coupes","category-type-de-vehicule"],"wppr_data":[],"yoast_head":"<!-- This site is optimized with the Yoast SEO plugin v24.8.1 - https:\/\/yoast.com\/wordpress\/plugins\/seo\/ -->\n<title>Le BMW S\u00e9rie 2 Coup\u00e9 - Blog auto Carid\u00e9al<\/title>\n<meta name=\"description\" content=\"BMW S\u00e9rie 2 coup\u00e9 une nouvelle appellation pour BMW o\u00f9 le chiffre pair signifie que la silhouette du v\u00e9hicule est diff\u00e9rente \u00e0 celle d&#039;une berline\" \/>\n<meta name=\"robots\" content=\"index, follow, max-snippet:-1, max-image-preview:large, max-video-preview:-1\" \/>\n<link rel=\"canonical\" href=\"https:\/\/www.carideal.com\/blog\/2014\/05\/13\/le-bmw-serie-2-coupe\/\" \/>\n<meta property=\"og:locale\" content=\"fr_FR\" \/>\n<meta property=\"og:type\" content=\"article\" \/>\n<meta property=\"og:title\" content=\"Le BMW S\u00e9rie 2 Coup\u00e9 - Blog auto Carid\u00e9al\" \/>\n<meta property=\"og:description\" content=\"BMW S\u00e9rie 2 coup\u00e9 une nouvelle appellation pour BMW o\u00f9 le chiffre pair signifie que la silhouette du v\u00e9hicule est diff\u00e9rente \u00e0 celle d&#039;une berline\" \/>\n<meta property=\"og:url\" content=\"https:\/\/www.carideal.com\/blog\/2014\/05\/13\/le-bmw-serie-2-coupe\/\" \/>\n<meta property=\"og:site_name\" content=\"Blog auto Carid\u00e9al\" \/>\n<meta property=\"article:publisher\" content=\"https:\/\/www.facebook.com\/Carideal.mandataire.automobile\" \/>\n<meta property=\"article:author\" content=\"https:\/\/www.facebook.com\/nicolas.schiavon.39\" \/>\n<meta property=\"article:published_time\" content=\"2014-05-13T22:00:00+00:00\" \/>\n<meta property=\"article:modified_time\" content=\"2020-03-08T17:00:46+00:00\" \/>\n<meta property=\"og:image\" content=\"http:\/\/www.carideal.com\/images_actualite\/bmwsrie2coupcaridealmandataireautomobile-1400061031.jpg\" \/>\n<meta name=\"author\" content=\"Nicolas SCHIAVON\" \/>\n<meta name=\"twitter:card\" content=\"summary_large_image\" \/>\n<meta name=\"twitter:creator\" content=\"@caridealauto\" \/>\n<meta name=\"twitter:site\" content=\"@caridealauto\" \/>\n<meta name=\"twitter:label1\" content=\"\u00c9crit par\" \/>\n\t<meta name=\"twitter:data1\" content=\"Nicolas SCHIAVON\" \/>\n\t<meta name=\"twitter:label2\" content=\"Dur\u00e9e de lecture estim\u00e9e\" \/>\n\t<meta name=\"twitter:data2\" content=\"1 minute\" \/>\n<script type=\"application\/ld+json\" class=\"yoast-schema-graph\">{\"@context\":\"https:\/\/schema.org\",\"@graph\":[{\"@type\":\"Article\",\"@id\":\"https:\/\/www.carideal.com\/blog\/2014\/05\/13\/le-bmw-serie-2-coupe\/#article\",\"isPartOf\":{\"@id\":\"https:\/\/www.carideal.com\/blog\/2014\/05\/13\/le-bmw-serie-2-coupe\/\"},\"author\":{\"name\":\"Nicolas SCHIAVON\",\"@id\":\"https:\/\/www.carideal.com\/blog\/#\/schema\/person\/cd95dc7919660de90d31b366f85be1ec\"},\"headline\":\"Le BMW S\u00e9rie 2 Coup\u00e9\",\"datePublished\":\"2014-05-13T22:00:00+00:00\",\"dateModified\":\"2020-03-08T17:00:46+00:00\",\"mainEntityOfPage\":{\"@id\":\"https:\/\/www.carideal.com\/blog\/2014\/05\/13\/le-bmw-serie-2-coupe\/\"},\"wordCount\":223,\"commentCount\":0,\"publisher\":{\"@id\":\"https:\/\/www.carideal.com\/blog\/#organization\"},\"image\":{\"@id\":\"https:\/\/www.carideal.com\/blog\/2014\/05\/13\/le-bmw-serie-2-coupe\/#primaryimage\"},\"thumbnailUrl\":\"http:\/\/www.carideal.com\/images_actualite\/bmwsrie2coupcaridealmandataireautomobile-1400061031.jpg\",\"articleSection\":[\"Actualit\u00e9 automobile\",\"Actualit\u00e9 BMW\",\"Actualit\u00e9 Constructeur automobile\",\"Coup\u00e9\",\"Type de v\u00e9hicule\"],\"inLanguage\":\"fr-FR\",\"potentialAction\":[{\"@type\":\"CommentAction\",\"name\":\"Comment\",\"target\":[\"https:\/\/www.carideal.com\/blog\/2014\/05\/13\/le-bmw-serie-2-coupe\/#respond\"]}]},{\"@type\":\"WebPage\",\"@id\":\"https:\/\/www.carideal.com\/blog\/2014\/05\/13\/le-bmw-serie-2-coupe\/\",\"url\":\"https:\/\/www.carideal.com\/blog\/2014\/05\/13\/le-bmw-serie-2-coupe\/\",\"name\":\"Le BMW S\u00e9rie 2 Coup\u00e9 - Blog auto Carid\u00e9al\",\"isPartOf\":{\"@id\":\"https:\/\/www.carideal.com\/blog\/#website\"},\"primaryImageOfPage\":{\"@id\":\"https:\/\/www.carideal.com\/blog\/2014\/05\/13\/le-bmw-serie-2-coupe\/#primaryimage\"},\"image\":{\"@id\":\"https:\/\/www.carideal.com\/blog\/2014\/05\/13\/le-bmw-serie-2-coupe\/#primaryimage\"},\"thumbnailUrl\":\"http:\/\/www.carideal.com\/images_actualite\/bmwsrie2coupcaridealmandataireautomobile-1400061031.jpg\",\"datePublished\":\"2014-05-13T22:00:00+00:00\",\"dateModified\":\"2020-03-08T17:00:46+00:00\",\"description\":\"BMW S\u00e9rie 2 coup\u00e9 une nouvelle appellation pour BMW o\u00f9 le chiffre pair signifie que la silhouette du v\u00e9hicule est diff\u00e9rente \u00e0 celle d'une berline\",\"breadcrumb\":{\"@id\":\"https:\/\/www.carideal.com\/blog\/2014\/05\/13\/le-bmw-serie-2-coupe\/#breadcrumb\"},\"inLanguage\":\"fr-FR\",\"potentialAction\":[{\"@type\":\"ReadAction\",\"target\":[\"https:\/\/www.carideal.com\/blog\/2014\/05\/13\/le-bmw-serie-2-coupe\/\"]}]},{\"@type\":\"ImageObject\",\"inLanguage\":\"fr-FR\",\"@id\":\"https:\/\/www.carideal.com\/blog\/2014\/05\/13\/le-bmw-serie-2-coupe\/#primaryimage\",\"url\":\"http:\/\/www.carideal.com\/images_actualite\/bmwsrie2coupcaridealmandataireautomobile-1400061031.jpg\",\"contentUrl\":\"http:\/\/www.carideal.com\/images_actualite\/bmwsrie2coupcaridealmandataireautomobile-1400061031.jpg\"},{\"@type\":\"BreadcrumbList\",\"@id\":\"https:\/\/www.carideal.com\/blog\/2014\/05\/13\/le-bmw-serie-2-coupe\/#breadcrumb\",\"itemListElement\":[{\"@type\":\"ListItem\",\"position\":1,\"name\":\"Blog Carid\u00e9al\",\"item\":\"https:\/\/www.carideal.com\/blog\/\"},{\"@type\":\"ListItem\",\"position\":2,\"name\":\"Actualit\u00e9 constructeur automobile\",\"item\":\"https:\/\/www.carideal.com\/blog\/constructeur\/\"},{\"@type\":\"ListItem\",\"position\":3,\"name\":\"Actualit\u00e9 BMW\",\"item\":\"https:\/\/www.carideal.com\/blog\/constructeur\/bmw\/\"},{\"@type\":\"ListItem\",\"position\":4,\"name\":\"Le BMW S\u00e9rie 2 Coup\u00e9\"}]},{\"@type\":\"WebSite\",\"@id\":\"https:\/\/www.carideal.com\/blog\/#website\",\"url\":\"https:\/\/www.carideal.com\/blog\/\",\"name\":\"Blog auto Carid\u00e9al\",\"description\":\"Actualit\u00e9 auto par des passionn\u00e9s\",\"publisher\":{\"@id\":\"https:\/\/www.carideal.com\/blog\/#organization\"},\"potentialAction\":[{\"@type\":\"SearchAction\",\"target\":{\"@type\":\"EntryPoint\",\"urlTemplate\":\"https:\/\/www.carideal.com\/blog\/?s={search_term_string}\"},\"query-input\":{\"@type\":\"PropertyValueSpecification\",\"valueRequired\":true,\"valueName\":\"search_term_string\"}}],\"inLanguage\":\"fr-FR\"},{\"@type\":\"Organization\",\"@id\":\"https:\/\/www.carideal.com\/blog\/#organization\",\"name\":\"Carideal\",\"url\":\"https:\/\/www.carideal.com\/blog\/\",\"logo\":{\"@type\":\"ImageObject\",\"inLanguage\":\"fr-FR\",\"@id\":\"https:\/\/www.carideal.com\/blog\/#\/schema\/logo\/image\/\",\"url\":\"http:\/\/www.carideal.com\/blog\/wp-content\/uploads\/2016\/03\/logo-carideal-mandataire-automobile.png\",\"contentUrl\":\"http:\/\/www.carideal.com\/blog\/wp-content\/uploads\/2016\/03\/logo-carideal-mandataire-automobile.png\",\"width\":300,\"height\":300,\"caption\":\"Carideal\"},\"image\":{\"@id\":\"https:\/\/www.carideal.com\/blog\/#\/schema\/logo\/image\/\"},\"sameAs\":[\"https:\/\/www.facebook.com\/Carideal.mandataire.automobile\",\"https:\/\/x.com\/caridealauto\",\"https:\/\/www.instagram.com\/carideal1\/\",\"https:\/\/www.linkedin.com\/company\/carideal.com\",\"https:\/\/fr.pinterest.com\/schiavonsas\/\",\"https:\/\/www.youtube.com\/user\/caridealsas\"]},{\"@type\":\"Person\",\"@id\":\"https:\/\/www.carideal.com\/blog\/#\/schema\/person\/cd95dc7919660de90d31b366f85be1ec\",\"name\":\"Nicolas SCHIAVON\",\"image\":{\"@type\":\"ImageObject\",\"inLanguage\":\"fr-FR\",\"@id\":\"https:\/\/www.carideal.com\/blog\/#\/schema\/person\/image\/\",\"url\":\"https:\/\/secure.gravatar.com\/avatar\/c17e55009e671d92cc7f5dc837dc418a?s=96&r=g\",\"contentUrl\":\"https:\/\/secure.gravatar.com\/avatar\/c17e55009e671d92cc7f5dc837dc418a?s=96&r=g\",\"caption\":\"Nicolas SCHIAVON\"},\"description\":\"Nicolas Schiavon est tomb\u00e9 tout petit dans la marmite automobile. Ayant eu un garage de marque automobile, mandataire automobile de la premi\u00e8re heure d\u00e8s 1999. Nicolas a cr\u00e9\u00e9 ces premiers sites de vente de voiture et blog automobile d\u00e8s 1994. Carideal est n\u00e9 le 15 d\u00e9cembre 2000 de la volont\u00e9 de vendre des voitures d'occasions en ligne puis des voitures neuves. Il a pu essayer beaucoup de voitures tr\u00e8s diff\u00e9rentes et ayant eu personnellement quelques belles autos, Subaru Impreza, Mitsubishi Lancer Evo 7, Porsche 911, Ferrari Testarrossa, Audi RS3, RS4 et j'en passe...\",\"sameAs\":[\"http:\/\/www.carideal.com\",\"https:\/\/www.facebook.com\/nicolas.schiavon.39\",\"https:\/\/www.instagram.com\/carideal1\/\",\"https:\/\/www.linkedin.com\/in\/nschiavon\/\",\"https:\/\/x.com\/caridealauto\",\"https:\/\/www.youtube.com\/user\/caridealsas\/\"],\"url\":\"https:\/\/www.carideal.com\/blog\/author\/nschiavon\/\"}]}<\/script>\n<!-- \/ Yoast SEO plugin. -->","yoast_head_json":{"title":"Le BMW S\u00e9rie 2 Coup\u00e9 - Blog auto Carid\u00e9al","description":"BMW S\u00e9rie 2 coup\u00e9 une nouvelle appellation pour BMW o\u00f9 le chiffre pair signifie que la silhouette du v\u00e9hicule est diff\u00e9rente \u00e0 celle d'une berline","robots":{"index":"index","follow":"follow","max-snippet":"max-snippet:-1","max-image-preview":"max-image-preview:large","max-video-preview":"max-video-preview:-1"},"canonical":"https:\/\/www.carideal.com\/blog\/2014\/05\/13\/le-bmw-serie-2-coupe\/","og_locale":"fr_FR","og_type":"article","og_title":"Le BMW S\u00e9rie 2 Coup\u00e9 - Blog auto Carid\u00e9al","og_description":"BMW S\u00e9rie 2 coup\u00e9 une nouvelle appellation pour BMW o\u00f9 le chiffre pair signifie que la silhouette du v\u00e9hicule est diff\u00e9rente \u00e0 celle d'une berline","og_url":"https:\/\/www.carideal.com\/blog\/2014\/05\/13\/le-bmw-serie-2-coupe\/","og_site_name":"Blog auto Carid\u00e9al","article_publisher":"https:\/\/www.facebook.com\/Carideal.mandataire.automobile","article_author":"https:\/\/www.facebook.com\/nicolas.schiavon.39","article_published_time":"2014-05-13T22:00:00+00:00","article_modified_time":"2020-03-08T17:00:46+00:00","og_image":[{"url":"http:\/\/www.carideal.com\/images_actualite\/bmwsrie2coupcaridealmandataireautomobile-1400061031.jpg","type":"","width":"","height":""}],"author":"Nicolas SCHIAVON","twitter_card":"summary_large_image","twitter_creator":"@caridealauto","twitter_site":"@caridealauto","twitter_misc":{"\u00c9crit par":"Nicolas SCHIAVON","Dur\u00e9e de lecture estim\u00e9e":"1 minute"},"schema":{"@context":"https:\/\/schema.org","@graph":[{"@type":"Article","@id":"https:\/\/www.carideal.com\/blog\/2014\/05\/13\/le-bmw-serie-2-coupe\/#article","isPartOf":{"@id":"https:\/\/www.carideal.com\/blog\/2014\/05\/13\/le-bmw-serie-2-coupe\/"},"author":{"name":"Nicolas SCHIAVON","@id":"https:\/\/www.carideal.com\/blog\/#\/schema\/person\/cd95dc7919660de90d31b366f85be1ec"},"headline":"Le BMW S\u00e9rie 2 Coup\u00e9","datePublished":"2014-05-13T22:00:00+00:00","dateModified":"2020-03-08T17:00:46+00:00","mainEntityOfPage":{"@id":"https:\/\/www.carideal.com\/blog\/2014\/05\/13\/le-bmw-serie-2-coupe\/"},"wordCount":223,"commentCount":0,"publisher":{"@id":"https:\/\/www.carideal.com\/blog\/#organization"},"image":{"@id":"https:\/\/www.carideal.com\/blog\/2014\/05\/13\/le-bmw-serie-2-coupe\/#primaryimage"},"thumbnailUrl":"http:\/\/www.carideal.com\/images_actualite\/bmwsrie2coupcaridealmandataireautomobile-1400061031.jpg","articleSection":["Actualit\u00e9 automobile","Actualit\u00e9 BMW","Actualit\u00e9 Constructeur automobile","Coup\u00e9","Type de v\u00e9hicule"],"inLanguage":"fr-FR","potentialAction":[{"@type":"CommentAction","name":"Comment","target":["https:\/\/www.carideal.com\/blog\/2014\/05\/13\/le-bmw-serie-2-coupe\/#respond"]}]},{"@type":"WebPage","@id":"https:\/\/www.carideal.com\/blog\/2014\/05\/13\/le-bmw-serie-2-coupe\/","url":"https:\/\/www.carideal.com\/blog\/2014\/05\/13\/le-bmw-serie-2-coupe\/","name":"Le BMW S\u00e9rie 2 Coup\u00e9 - Blog auto Carid\u00e9al","isPartOf":{"@id":"https:\/\/www.carideal.com\/blog\/#website"},"primaryImageOfPage":{"@id":"https:\/\/www.carideal.com\/blog\/2014\/05\/13\/le-bmw-serie-2-coupe\/#primaryimage"},"image":{"@id":"https:\/\/www.carideal.com\/blog\/2014\/05\/13\/le-bmw-serie-2-coupe\/#primaryimage"},"thumbnailUrl":"http:\/\/www.carideal.com\/images_actualite\/bmwsrie2coupcaridealmandataireautomobile-1400061031.jpg","datePublished":"2014-05-13T22:00:00+00:00","dateModified":"2020-03-08T17:00:46+00:00","description":"BMW S\u00e9rie 2 coup\u00e9 une nouvelle appellation pour BMW o\u00f9 le chiffre pair signifie que la silhouette du v\u00e9hicule est diff\u00e9rente \u00e0 celle d'une berline","breadcrumb":{"@id":"https:\/\/www.carideal.com\/blog\/2014\/05\/13\/le-bmw-serie-2-coupe\/#breadcrumb"},"inLanguage":"fr-FR","potentialAction":[{"@type":"ReadAction","target":["https:\/\/www.carideal.com\/blog\/2014\/05\/13\/le-bmw-serie-2-coupe\/"]}]},{"@type":"ImageObject","inLanguage":"fr-FR","@id":"https:\/\/www.carideal.com\/blog\/2014\/05\/13\/le-bmw-serie-2-coupe\/#primaryimage","url":"http:\/\/www.carideal.com\/images_actualite\/bmwsrie2coupcaridealmandataireautomobile-1400061031.jpg","contentUrl":"http:\/\/www.carideal.com\/images_actualite\/bmwsrie2coupcaridealmandataireautomobile-1400061031.jpg"},{"@type":"BreadcrumbList","@id":"https:\/\/www.carideal.com\/blog\/2014\/05\/13\/le-bmw-serie-2-coupe\/#breadcrumb","itemListElement":[{"@type":"ListItem","position":1,"name":"Blog Carid\u00e9al","item":"https:\/\/www.carideal.com\/blog\/"},{"@type":"ListItem","position":2,"name":"Actualit\u00e9 constructeur automobile","item":"https:\/\/www.carideal.com\/blog\/constructeur\/"},{"@type":"ListItem","position":3,"name":"Actualit\u00e9 BMW","item":"https:\/\/www.carideal.com\/blog\/constructeur\/bmw\/"},{"@type":"ListItem","position":4,"name":"Le BMW S\u00e9rie 2 Coup\u00e9"}]},{"@type":"WebSite","@id":"https:\/\/www.carideal.com\/blog\/#website","url":"https:\/\/www.carideal.com\/blog\/","name":"Blog auto Carid\u00e9al","description":"Actualit\u00e9 auto par des passionn\u00e9s","publisher":{"@id":"https:\/\/www.carideal.com\/blog\/#organization"},"potentialAction":[{"@type":"SearchAction","target":{"@type":"EntryPoint","urlTemplate":"https:\/\/www.carideal.com\/blog\/?s={search_term_string}"},"query-input":{"@type":"PropertyValueSpecification","valueRequired":true,"valueName":"search_term_string"}}],"inLanguage":"fr-FR"},{"@type":"Organization","@id":"https:\/\/www.carideal.com\/blog\/#organization","name":"Carideal","url":"https:\/\/www.carideal.com\/blog\/","logo":{"@type":"ImageObject","inLanguage":"fr-FR","@id":"https:\/\/www.carideal.com\/blog\/#\/schema\/logo\/image\/","url":"http:\/\/www.carideal.com\/blog\/wp-content\/uploads\/2016\/03\/logo-carideal-mandataire-automobile.png","contentUrl":"http:\/\/www.carideal.com\/blog\/wp-content\/uploads\/2016\/03\/logo-carideal-mandataire-automobile.png","width":300,"height":300,"caption":"Carideal"},"image":{"@id":"https:\/\/www.carideal.com\/blog\/#\/schema\/logo\/image\/"},"sameAs":["https:\/\/www.facebook.com\/Carideal.mandataire.automobile","https:\/\/x.com\/caridealauto","https:\/\/www.instagram.com\/carideal1\/","https:\/\/www.linkedin.com\/company\/carideal.com","https:\/\/fr.pinterest.com\/schiavonsas\/","https:\/\/www.youtube.com\/user\/caridealsas"]},{"@type":"Person","@id":"https:\/\/www.carideal.com\/blog\/#\/schema\/person\/cd95dc7919660de90d31b366f85be1ec","name":"Nicolas SCHIAVON","image":{"@type":"ImageObject","inLanguage":"fr-FR","@id":"https:\/\/www.carideal.com\/blog\/#\/schema\/person\/image\/","url":"https:\/\/secure.gravatar.com\/avatar\/c17e55009e671d92cc7f5dc837dc418a?s=96&r=g","contentUrl":"https:\/\/secure.gravatar.com\/avatar\/c17e55009e671d92cc7f5dc837dc418a?s=96&r=g","caption":"Nicolas SCHIAVON"},"description":"Nicolas Schiavon est tomb\u00e9 tout petit dans la marmite automobile. Ayant eu un garage de marque automobile, mandataire automobile de la premi\u00e8re heure d\u00e8s 1999. Nicolas a cr\u00e9\u00e9 ces premiers sites de vente de voiture et blog automobile d\u00e8s 1994. Carideal est n\u00e9 le 15 d\u00e9cembre 2000 de la volont\u00e9 de vendre des voitures d'occasions en ligne puis des voitures neuves. Il a pu essayer beaucoup de voitures tr\u00e8s diff\u00e9rentes et ayant eu personnellement quelques belles autos, Subaru Impreza, Mitsubishi Lancer Evo 7, Porsche 911, Ferrari Testarrossa, Audi RS3, RS4 et j'en passe...","sameAs":["http:\/\/www.carideal.com","https:\/\/www.facebook.com\/nicolas.schiavon.39","https:\/\/www.instagram.com\/carideal1\/","https:\/\/www.linkedin.com\/in\/nschiavon\/","https:\/\/x.com\/caridealauto","https:\/\/www.youtube.com\/user\/caridealsas\/"],"url":"https:\/\/www.carideal.com\/blog\/author\/nschiavon\/"}]}},"uagb_featured_image_src":{"full":false,"thumbnail":false,"medium":false,"medium_large":false,"large":false,"1536x1536":false,"2048x2048":false,"wppr-widget":false},"uagb_author_info":{"display_name":"Nicolas SCHIAVON","author_link":"https:\/\/www.carideal.com\/blog\/author\/nschiavon\/"},"uagb_comment_info":0,"uagb_excerpt":"La nouvelle BMW S\u00e9rie 2 Coup\u00e9 Une nouvelle appellation pour BMW o\u00f9 le chiffre pair signifie que la silhouette du v\u00e9hicule est diff\u00e9rente \u00e0 celle d'une berline. Ce nouveau BMW s\u00e9rie 2 coup\u00e9 on poss\u00e8de deux portes et la carrosserie tri-corps de la BMW S\u00e9rie 1. Ce mod\u00e8le est pr\u00e9sent pour venir remplacer l'actuelle S\u00e9rie\u2026","_links":{"self":[{"href":"https:\/\/www.carideal.com\/blog\/wp-json\/wp\/v2\/posts\/5424"}],"collection":[{"href":"https:\/\/www.carideal.com\/blog\/wp-json\/wp\/v2\/posts"}],"about":[{"href":"https:\/\/www.carideal.com\/blog\/wp-json\/wp\/v2\/types\/post"}],"author":[{"embeddable":true,"href":"https:\/\/www.carideal.com\/blog\/wp-json\/wp\/v2\/users\/3"}],"replies":[{"embeddable":true,"href":"https:\/\/www.carideal.com\/blog\/wp-json\/wp\/v2\/comments?post=5424"}],"version-history":[{"count":0,"href":"https:\/\/www.carideal.com\/blog\/wp-json\/wp\/v2\/posts\/5424\/revisions"}],"wp:attachment":[{"href":"https:\/\/www.carideal.com\/blog\/wp-json\/wp\/v2\/media?parent=5424"}],"wp:term":[{"taxonomy":"category","embeddable":true,"href":"https:\/\/www.carideal.com\/blog\/wp-json\/wp\/v2\/categories?post=5424"},{"taxonomy":"post_tag","embeddable":true,"href":"https:\/\/www.carideal.com\/blog\/wp-json\/wp\/v2\/tags?post=5424"}],"curies":[{"name":"wp","href":"https:\/\/api.w.org\/{rel}","templated":true}]}}