{"id":542,"date":"2012-08-10T16:14:00","date_gmt":"2012-08-10T16:14:00","guid":{"rendered":"http:\/\/carideal.com\/blog\/?p=542"},"modified":"2019-02-07T17:33:07","modified_gmt":"2019-02-07T16:33:07","slug":"embrouille-autour-de-la-renault-zoe","status":"publish","type":"post","link":"https:\/\/www.carideal.com\/blog\/2012\/08\/10\/embrouille-autour-de-la-renault-zoe\/","title":{"rendered":"Embrouille autour de la Renault Zo\u00e9"},"content":{"rendered":"<p><img decoding=\"async\" title=\"Renault-ZOE-.jpg, nov. 2012\" src=\"\/blog\/public\/.Renault-ZOE-_m.jpg\" alt=\"Renault-ZOE-.jpg\" \/><\/p>\n<h2>Embrouille autour de la Renault Zo\u00e9<\/h2>\n<p>A vouloir trop contr\u00f4ler sa communication, <a href=\"http:\/\/www.carideal.com\/blog\/marque-de-voiture-actualites-essais\/renault\/\">Renault<\/a> s'est emm\u00eal\u00e9 les pinceaux la semaine derni\u00e8re. Voila l'histoire: une rumeur circule en pr\u00e9tendant que la <a href=\"http:\/\/www.carideal.com\/blog\/2013\/04\/12\/essai-video-renault-zoe-voiture-electrique\/\">Renault Zo\u00e9<\/a> (un v\u00e9hicule \u00e9lectrique) ne sera pas livr\u00e9e en 2012 comme initialement pr\u00e9vu. Renault confirme par la voix de ses divers porte parole, qui mettent en cause \" la tablette R-link\" et son d\u00e9veloppement.Cette interface multim\u00e9dia, qui g\u00e8re diverses fonctionnalit\u00e9s et donne surtout des instruction sur la charge, n\u00e9cessiterait encore \" des tests de mise au point suppl\u00e9mentaires\". Mais \u00e0 peine le temps de l'\u00e9crire que Renault d\u00e9mentait plus ou moins, en jouant essentiellement sur les mots: \"La prise de commandes a bien lieu en 2012, et il y aura des livraison en 2012\" assure la marque. Rendez-vous donc... en 2013!<\/p>\n","protected":false},"excerpt":{"rendered":"<p>Embrouille autour de la Renault Zo\u00e9 A vouloir trop contr\u00f4ler sa communication, Renault s&rsquo;est emm\u00eal\u00e9 les pinceaux la semaine derni\u00e8re. Voila l&rsquo;histoire: une rumeur circule en pr\u00e9tendant que la Renault Zo\u00e9 (un v\u00e9hicule \u00e9lectrique) ne sera pas livr\u00e9e en 2012 comme initialement pr\u00e9vu. Renault confirme par la voix de ses divers porte parole, qui mettent &#8230; <a title=\"Embrouille autour de la Renault Zo\u00e9\" class=\"read-more\" href=\"https:\/\/www.carideal.com\/blog\/2012\/08\/10\/embrouille-autour-de-la-renault-zoe\/\" aria-label=\"En savoir plus sur Embrouille autour de la Renault Zo\u00e9\">Lire plus<\/a><\/p>\n","protected":false},"author":1,"featured_media":0,"comment_status":"open","ping_status":"open","sticky":false,"template":"","format":"standard","meta":{"_uag_custom_page_level_css":"","_themeisle_gutenberg_block_has_review":false,"footnotes":""},"categories":[5963,9],"tags":[462],"class_list":["post-542","post","type-post","status-publish","format-standard","hentry","category-renault","category-divers","tag-renault-zoe"],"wppr_data":{"cwp_meta_box_check":"No"},"yoast_head":"<!-- This site is optimized with the Yoast SEO plugin v24.8.1 - https:\/\/yoast.com\/wordpress\/plugins\/seo\/ -->\n<title>Embrouille autour de la Renault Zo\u00e9 - Blog auto Carid\u00e9al<\/title>\n<meta name=\"robots\" content=\"noindex, follow\" \/>\n<meta property=\"og:locale\" content=\"fr_FR\" \/>\n<meta property=\"og:type\" content=\"article\" \/>\n<meta property=\"og:title\" content=\"Embrouille autour de la Renault Zo\u00e9 - Blog auto Carid\u00e9al\" \/>\n<meta property=\"og:description\" content=\"Embrouille autour de la Renault Zo\u00e9 A vouloir trop contr\u00f4ler sa communication, Renault s&#039;est emm\u00eal\u00e9 les pinceaux la semaine derni\u00e8re. Voila l&#039;histoire: une rumeur circule en pr\u00e9tendant que la Renault Zo\u00e9 (un v\u00e9hicule \u00e9lectrique) ne sera pas livr\u00e9e en 2012 comme initialement pr\u00e9vu. Renault confirme par la voix de ses divers porte parole, qui mettent ... Lire plus\" \/>\n<meta property=\"og:url\" content=\"https:\/\/www.carideal.com\/blog\/2012\/08\/10\/embrouille-autour-de-la-renault-zoe\/\" \/>\n<meta property=\"og:site_name\" content=\"Blog auto Carid\u00e9al\" \/>\n<meta property=\"article:publisher\" content=\"https:\/\/www.facebook.com\/Carideal.mandataire.automobile\" \/>\n<meta property=\"article:author\" content=\"https:\/\/www.facebook.com\/Carideal.mandataire.automobile\/\" \/>\n<meta property=\"article:published_time\" content=\"2012-08-10T16:14:00+00:00\" \/>\n<meta property=\"article:modified_time\" content=\"2019-02-07T16:33:07+00:00\" \/>\n<meta property=\"og:image\" content=\"https:\/\/www.carideal.com\/blog\/wp-content\/uploads\/2016\/03\/logo-carideal-mandataire-automobile.png\" \/>\n\t<meta property=\"og:image:width\" content=\"300\" \/>\n\t<meta property=\"og:image:height\" content=\"300\" \/>\n\t<meta property=\"og:image:type\" content=\"image\/png\" \/>\n<meta name=\"author\" content=\"N.S Carideal\" \/>\n<meta name=\"twitter:card\" content=\"summary_large_image\" \/>\n<meta name=\"twitter:creator\" content=\"@caridealauto\" \/>\n<meta name=\"twitter:site\" content=\"@caridealauto\" \/>\n<meta name=\"twitter:label1\" content=\"\u00c9crit par\" \/>\n\t<meta name=\"twitter:data1\" content=\"N.S Carideal\" \/>\n\t<meta name=\"twitter:label2\" content=\"Dur\u00e9e de lecture estim\u00e9e\" \/>\n\t<meta name=\"twitter:data2\" content=\"1 minute\" \/>\n<script type=\"application\/ld+json\" class=\"yoast-schema-graph\">{\"@context\":\"https:\/\/schema.org\",\"@graph\":[{\"@type\":\"Article\",\"@id\":\"https:\/\/www.carideal.com\/blog\/2012\/08\/10\/embrouille-autour-de-la-renault-zoe\/#article\",\"isPartOf\":{\"@id\":\"https:\/\/www.carideal.com\/blog\/2012\/08\/10\/embrouille-autour-de-la-renault-zoe\/\"},\"author\":{\"name\":\"N.S Carideal\",\"@id\":\"https:\/\/www.carideal.com\/blog\/#\/schema\/person\/985c7e757d1042d647f21bfaf8d41ebc\"},\"headline\":\"Embrouille autour de la Renault Zo\u00e9\",\"datePublished\":\"2012-08-10T16:14:00+00:00\",\"dateModified\":\"2019-02-07T16:33:07+00:00\",\"mainEntityOfPage\":{\"@id\":\"https:\/\/www.carideal.com\/blog\/2012\/08\/10\/embrouille-autour-de-la-renault-zoe\/\"},\"wordCount\":146,\"commentCount\":0,\"publisher\":{\"@id\":\"https:\/\/www.carideal.com\/blog\/#organization\"},\"keywords\":[\"Renault Zoe\"],\"articleSection\":[\"Actualit\u00e9 Renault\",\"Divers\"],\"inLanguage\":\"fr-FR\",\"potentialAction\":[{\"@type\":\"CommentAction\",\"name\":\"Comment\",\"target\":[\"https:\/\/www.carideal.com\/blog\/2012\/08\/10\/embrouille-autour-de-la-renault-zoe\/#respond\"]}]},{\"@type\":\"WebPage\",\"@id\":\"https:\/\/www.carideal.com\/blog\/2012\/08\/10\/embrouille-autour-de-la-renault-zoe\/\",\"url\":\"https:\/\/www.carideal.com\/blog\/2012\/08\/10\/embrouille-autour-de-la-renault-zoe\/\",\"name\":\"Embrouille autour de la Renault Zo\u00e9 - Blog auto Carid\u00e9al\",\"isPartOf\":{\"@id\":\"https:\/\/www.carideal.com\/blog\/#website\"},\"datePublished\":\"2012-08-10T16:14:00+00:00\",\"dateModified\":\"2019-02-07T16:33:07+00:00\",\"breadcrumb\":{\"@id\":\"https:\/\/www.carideal.com\/blog\/2012\/08\/10\/embrouille-autour-de-la-renault-zoe\/#breadcrumb\"},\"inLanguage\":\"fr-FR\",\"potentialAction\":[{\"@type\":\"ReadAction\",\"target\":[\"https:\/\/www.carideal.com\/blog\/2012\/08\/10\/embrouille-autour-de-la-renault-zoe\/\"]}]},{\"@type\":\"BreadcrumbList\",\"@id\":\"https:\/\/www.carideal.com\/blog\/2012\/08\/10\/embrouille-autour-de-la-renault-zoe\/#breadcrumb\",\"itemListElement\":[{\"@type\":\"ListItem\",\"position\":1,\"name\":\"Blog Carid\u00e9al\",\"item\":\"https:\/\/www.carideal.com\/blog\/\"},{\"@type\":\"ListItem\",\"position\":2,\"name\":\"Actualit\u00e9 constructeur automobile\",\"item\":\"https:\/\/www.carideal.com\/blog\/constructeur\/\"},{\"@type\":\"ListItem\",\"position\":3,\"name\":\"Actualit\u00e9 Renault\",\"item\":\"https:\/\/www.carideal.com\/blog\/constructeur\/renault\/\"},{\"@type\":\"ListItem\",\"position\":4,\"name\":\"Embrouille autour de la Renault Zo\u00e9\"}]},{\"@type\":\"WebSite\",\"@id\":\"https:\/\/www.carideal.com\/blog\/#website\",\"url\":\"https:\/\/www.carideal.com\/blog\/\",\"name\":\"Blog auto Carid\u00e9al\",\"description\":\"Actualit\u00e9 auto par des passionn\u00e9s\",\"publisher\":{\"@id\":\"https:\/\/www.carideal.com\/blog\/#organization\"},\"potentialAction\":[{\"@type\":\"SearchAction\",\"target\":{\"@type\":\"EntryPoint\",\"urlTemplate\":\"https:\/\/www.carideal.com\/blog\/?s={search_term_string}\"},\"query-input\":{\"@type\":\"PropertyValueSpecification\",\"valueRequired\":true,\"valueName\":\"search_term_string\"}}],\"inLanguage\":\"fr-FR\"},{\"@type\":\"Organization\",\"@id\":\"https:\/\/www.carideal.com\/blog\/#organization\",\"name\":\"Carideal\",\"url\":\"https:\/\/www.carideal.com\/blog\/\",\"logo\":{\"@type\":\"ImageObject\",\"inLanguage\":\"fr-FR\",\"@id\":\"https:\/\/www.carideal.com\/blog\/#\/schema\/logo\/image\/\",\"url\":\"http:\/\/www.carideal.com\/blog\/wp-content\/uploads\/2016\/03\/logo-carideal-mandataire-automobile.png\",\"contentUrl\":\"http:\/\/www.carideal.com\/blog\/wp-content\/uploads\/2016\/03\/logo-carideal-mandataire-automobile.png\",\"width\":300,\"height\":300,\"caption\":\"Carideal\"},\"image\":{\"@id\":\"https:\/\/www.carideal.com\/blog\/#\/schema\/logo\/image\/\"},\"sameAs\":[\"https:\/\/www.facebook.com\/Carideal.mandataire.automobile\",\"https:\/\/x.com\/caridealauto\",\"https:\/\/www.instagram.com\/carideal1\/\",\"https:\/\/www.linkedin.com\/company\/carideal.com\",\"https:\/\/fr.pinterest.com\/schiavonsas\/\",\"https:\/\/www.youtube.com\/user\/caridealsas\"]},{\"@type\":\"Person\",\"@id\":\"https:\/\/www.carideal.com\/blog\/#\/schema\/person\/985c7e757d1042d647f21bfaf8d41ebc\",\"name\":\"N.S Carideal\",\"image\":{\"@type\":\"ImageObject\",\"inLanguage\":\"fr-FR\",\"@id\":\"https:\/\/www.carideal.com\/blog\/#\/schema\/person\/image\/\",\"url\":\"https:\/\/secure.gravatar.com\/avatar\/edb7ccdf1a4e3d14aef967760d354d0e?s=96&r=g\",\"contentUrl\":\"https:\/\/secure.gravatar.com\/avatar\/edb7ccdf1a4e3d14aef967760d354d0e?s=96&r=g\",\"caption\":\"N.S Carideal\"},\"description\":\"Depuis tout petit fan d'automobile. Il est question d'essayer et de comparer toutes ces voitures qui nous ont fait r\u00e9ver, avant que celles-ci ne devient uniquement des voitures de collection.\",\"sameAs\":[\"http:\/\/www.carideal.com\/blog\",\"https:\/\/www.facebook.com\/Carideal.mandataire.automobile\/\",\"https:\/\/www.linkedin.com\/in\/nschiavon\/\",\"https:\/\/www.youtube.com\/user\/caridealsas\/\"],\"url\":\"https:\/\/www.carideal.com\/blog\/author\/admin_carideal\/\"}]}<\/script>\n<!-- \/ Yoast SEO plugin. -->","yoast_head_json":{"title":"Embrouille autour de la Renault Zo\u00e9 - Blog auto Carid\u00e9al","robots":{"index":"noindex","follow":"follow"},"og_locale":"fr_FR","og_type":"article","og_title":"Embrouille autour de la Renault Zo\u00e9 - Blog auto Carid\u00e9al","og_description":"Embrouille autour de la Renault Zo\u00e9 A vouloir trop contr\u00f4ler sa communication, Renault s'est emm\u00eal\u00e9 les pinceaux la semaine derni\u00e8re. Voila l'histoire: une rumeur circule en pr\u00e9tendant que la Renault Zo\u00e9 (un v\u00e9hicule \u00e9lectrique) ne sera pas livr\u00e9e en 2012 comme initialement pr\u00e9vu. Renault confirme par la voix de ses divers porte parole, qui mettent ... Lire plus","og_url":"https:\/\/www.carideal.com\/blog\/2012\/08\/10\/embrouille-autour-de-la-renault-zoe\/","og_site_name":"Blog auto Carid\u00e9al","article_publisher":"https:\/\/www.facebook.com\/Carideal.mandataire.automobile","article_author":"https:\/\/www.facebook.com\/Carideal.mandataire.automobile\/","article_published_time":"2012-08-10T16:14:00+00:00","article_modified_time":"2019-02-07T16:33:07+00:00","og_image":[{"width":300,"height":300,"url":"https:\/\/www.carideal.com\/blog\/wp-content\/uploads\/2016\/03\/logo-carideal-mandataire-automobile.png","type":"image\/png"}],"author":"N.S Carideal","twitter_card":"summary_large_image","twitter_creator":"@caridealauto","twitter_site":"@caridealauto","twitter_misc":{"\u00c9crit par":"N.S Carideal","Dur\u00e9e de lecture estim\u00e9e":"1 minute"},"schema":{"@context":"https:\/\/schema.org","@graph":[{"@type":"Article","@id":"https:\/\/www.carideal.com\/blog\/2012\/08\/10\/embrouille-autour-de-la-renault-zoe\/#article","isPartOf":{"@id":"https:\/\/www.carideal.com\/blog\/2012\/08\/10\/embrouille-autour-de-la-renault-zoe\/"},"author":{"name":"N.S Carideal","@id":"https:\/\/www.carideal.com\/blog\/#\/schema\/person\/985c7e757d1042d647f21bfaf8d41ebc"},"headline":"Embrouille autour de la Renault Zo\u00e9","datePublished":"2012-08-10T16:14:00+00:00","dateModified":"2019-02-07T16:33:07+00:00","mainEntityOfPage":{"@id":"https:\/\/www.carideal.com\/blog\/2012\/08\/10\/embrouille-autour-de-la-renault-zoe\/"},"wordCount":146,"commentCount":0,"publisher":{"@id":"https:\/\/www.carideal.com\/blog\/#organization"},"keywords":["Renault Zoe"],"articleSection":["Actualit\u00e9 Renault","Divers"],"inLanguage":"fr-FR","potentialAction":[{"@type":"CommentAction","name":"Comment","target":["https:\/\/www.carideal.com\/blog\/2012\/08\/10\/embrouille-autour-de-la-renault-zoe\/#respond"]}]},{"@type":"WebPage","@id":"https:\/\/www.carideal.com\/blog\/2012\/08\/10\/embrouille-autour-de-la-renault-zoe\/","url":"https:\/\/www.carideal.com\/blog\/2012\/08\/10\/embrouille-autour-de-la-renault-zoe\/","name":"Embrouille autour de la Renault Zo\u00e9 - Blog auto Carid\u00e9al","isPartOf":{"@id":"https:\/\/www.carideal.com\/blog\/#website"},"datePublished":"2012-08-10T16:14:00+00:00","dateModified":"2019-02-07T16:33:07+00:00","breadcrumb":{"@id":"https:\/\/www.carideal.com\/blog\/2012\/08\/10\/embrouille-autour-de-la-renault-zoe\/#breadcrumb"},"inLanguage":"fr-FR","potentialAction":[{"@type":"ReadAction","target":["https:\/\/www.carideal.com\/blog\/2012\/08\/10\/embrouille-autour-de-la-renault-zoe\/"]}]},{"@type":"BreadcrumbList","@id":"https:\/\/www.carideal.com\/blog\/2012\/08\/10\/embrouille-autour-de-la-renault-zoe\/#breadcrumb","itemListElement":[{"@type":"ListItem","position":1,"name":"Blog Carid\u00e9al","item":"https:\/\/www.carideal.com\/blog\/"},{"@type":"ListItem","position":2,"name":"Actualit\u00e9 constructeur automobile","item":"https:\/\/www.carideal.com\/blog\/constructeur\/"},{"@type":"ListItem","position":3,"name":"Actualit\u00e9 Renault","item":"https:\/\/www.carideal.com\/blog\/constructeur\/renault\/"},{"@type":"ListItem","position":4,"name":"Embrouille autour de la Renault Zo\u00e9"}]},{"@type":"WebSite","@id":"https:\/\/www.carideal.com\/blog\/#website","url":"https:\/\/www.carideal.com\/blog\/","name":"Blog auto Carid\u00e9al","description":"Actualit\u00e9 auto par des passionn\u00e9s","publisher":{"@id":"https:\/\/www.carideal.com\/blog\/#organization"},"potentialAction":[{"@type":"SearchAction","target":{"@type":"EntryPoint","urlTemplate":"https:\/\/www.carideal.com\/blog\/?s={search_term_string}"},"query-input":{"@type":"PropertyValueSpecification","valueRequired":true,"valueName":"search_term_string"}}],"inLanguage":"fr-FR"},{"@type":"Organization","@id":"https:\/\/www.carideal.com\/blog\/#organization","name":"Carideal","url":"https:\/\/www.carideal.com\/blog\/","logo":{"@type":"ImageObject","inLanguage":"fr-FR","@id":"https:\/\/www.carideal.com\/blog\/#\/schema\/logo\/image\/","url":"http:\/\/www.carideal.com\/blog\/wp-content\/uploads\/2016\/03\/logo-carideal-mandataire-automobile.png","contentUrl":"http:\/\/www.carideal.com\/blog\/wp-content\/uploads\/2016\/03\/logo-carideal-mandataire-automobile.png","width":300,"height":300,"caption":"Carideal"},"image":{"@id":"https:\/\/www.carideal.com\/blog\/#\/schema\/logo\/image\/"},"sameAs":["https:\/\/www.facebook.com\/Carideal.mandataire.automobile","https:\/\/x.com\/caridealauto","https:\/\/www.instagram.com\/carideal1\/","https:\/\/www.linkedin.com\/company\/carideal.com","https:\/\/fr.pinterest.com\/schiavonsas\/","https:\/\/www.youtube.com\/user\/caridealsas"]},{"@type":"Person","@id":"https:\/\/www.carideal.com\/blog\/#\/schema\/person\/985c7e757d1042d647f21bfaf8d41ebc","name":"N.S Carideal","image":{"@type":"ImageObject","inLanguage":"fr-FR","@id":"https:\/\/www.carideal.com\/blog\/#\/schema\/person\/image\/","url":"https:\/\/secure.gravatar.com\/avatar\/edb7ccdf1a4e3d14aef967760d354d0e?s=96&r=g","contentUrl":"https:\/\/secure.gravatar.com\/avatar\/edb7ccdf1a4e3d14aef967760d354d0e?s=96&r=g","caption":"N.S Carideal"},"description":"Depuis tout petit fan d'automobile. Il est question d'essayer et de comparer toutes ces voitures qui nous ont fait r\u00e9ver, avant que celles-ci ne devient uniquement des voitures de collection.","sameAs":["http:\/\/www.carideal.com\/blog","https:\/\/www.facebook.com\/Carideal.mandataire.automobile\/","https:\/\/www.linkedin.com\/in\/nschiavon\/","https:\/\/www.youtube.com\/user\/caridealsas\/"],"url":"https:\/\/www.carideal.com\/blog\/author\/admin_carideal\/"}]}},"uagb_featured_image_src":{"full":false,"thumbnail":false,"medium":false,"medium_large":false,"large":false,"1536x1536":false,"2048x2048":false,"wppr-widget":false},"uagb_author_info":{"display_name":"N.S Carideal","author_link":"https:\/\/www.carideal.com\/blog\/author\/admin_carideal\/"},"uagb_comment_info":0,"uagb_excerpt":"Embrouille autour de la Renault Zo\u00e9 A vouloir trop contr\u00f4ler sa communication, Renault s'est emm\u00eal\u00e9 les pinceaux la semaine derni\u00e8re. Voila l'histoire: une rumeur circule en pr\u00e9tendant que la Renault Zo\u00e9 (un v\u00e9hicule \u00e9lectrique) ne sera pas livr\u00e9e en 2012 comme initialement pr\u00e9vu. Renault confirme par la voix de ses divers porte parole, qui mettent\u2026","_links":{"self":[{"href":"https:\/\/www.carideal.com\/blog\/wp-json\/wp\/v2\/posts\/542"}],"collection":[{"href":"https:\/\/www.carideal.com\/blog\/wp-json\/wp\/v2\/posts"}],"about":[{"href":"https:\/\/www.carideal.com\/blog\/wp-json\/wp\/v2\/types\/post"}],"author":[{"embeddable":true,"href":"https:\/\/www.carideal.com\/blog\/wp-json\/wp\/v2\/users\/1"}],"replies":[{"embeddable":true,"href":"https:\/\/www.carideal.com\/blog\/wp-json\/wp\/v2\/comments?post=542"}],"version-history":[{"count":0,"href":"https:\/\/www.carideal.com\/blog\/wp-json\/wp\/v2\/posts\/542\/revisions"}],"wp:attachment":[{"href":"https:\/\/www.carideal.com\/blog\/wp-json\/wp\/v2\/media?parent=542"}],"wp:term":[{"taxonomy":"category","embeddable":true,"href":"https:\/\/www.carideal.com\/blog\/wp-json\/wp\/v2\/categories?post=542"},{"taxonomy":"post_tag","embeddable":true,"href":"https:\/\/www.carideal.com\/blog\/wp-json\/wp\/v2\/tags?post=542"}],"curies":[{"name":"wp","href":"https:\/\/api.w.org\/{rel}","templated":true}]}}