{"id":5418,"date":"2014-05-11T22:00:00","date_gmt":"2014-05-11T22:00:00","guid":{"rendered":"http:\/\/www.carideal.com\/blog\/2014\/05\/11\/ford-revient-sur-le-marche-des-ludospaces-avec-le-nouveau-tourneo-connect\/"},"modified":"2020-03-08T18:00:45","modified_gmt":"2020-03-08T17:00:45","slug":"ford-revient-sur-le-marche-des-ludospaces-avec-le-nouveau-tourneo-connect","status":"publish","type":"post","link":"https:\/\/www.carideal.com\/blog\/2014\/05\/11\/ford-revient-sur-le-marche-des-ludospaces-avec-le-nouveau-tourneo-connect\/","title":{"rendered":"Nouveau Ford Tourneo Connect"},"content":{"rendered":"<div>\n<figure style=\"width: 658px\" class=\"wp-caption alignnone\"><img loading=\"lazy\" decoding=\"async\" title=\"Nouveau Ford Tourneo Connect\" src=\"http:\/\/www.carideal.com\/images_actualite\/fordtouneoconnectcaridealmandataireautomobile-1399886186.jpg\" alt=\"Nouveau Ford Tourneo Connect\" width=\"668\" height=\"445\" \/><figcaption class=\"wp-caption-text\">Nouveau Ford Tourneo Connect<\/figcaption><\/figure>\n<h1><strong>Ford revient sur le march\u00e9 des ludospaces avec le nouveau Ford Tourneo Connect<\/strong><\/h1>\n<\/div>\n<p><strong>Nouveau Ford Tourneo Connect le constructeur am\u00e9ricain revient sur le march\u00e9 des ludospaces.<\/strong> Les constructeurs fran\u00e7ais ayant la main mise sur le march\u00e9 des ludospaces en France, Ford aura pris le temps mais revient en force avec son nouveau Touneo Connect.<br \/>\nEn effet, Ford nous propose ici de meilleurs arguments qu'avec leur premier <span style=\"text-decoration: underline;\"><a href=\"http:\/\/www.carideal.com\/blog\/2011\/01\/30\/ford-tourneo-connect-d-occasion\/\">Tourneo Connect en 2002<\/a><\/span>. Le ch\u00e2ssis de ce nouveau mod\u00e8le est plus efficace et confortable que le pr\u00e9c\u00e9dent qui poss\u00e9dait un essieu arri\u00e8re rigide.<br \/>\nL\u2019int\u00e9rieur est plus basique mais \u00e9quip\u00e9 d'une console centrale avec de multiples boutons, similaire \u00e0 celle de la Focus. Mais aussi, le Tourneo reste aussi modulable qu'un monospace, sur les 7 si\u00e8ges que cette voiture poss\u00e8de les si\u00e8ges arri\u00e8re se d\u00e9plient ou se d\u00e9monte et le si\u00e8ge passager poss\u00e8de un dossier qui se rabat.<br \/>\nCe v\u00e9hicule est propos\u00e9 avec des options rares et in\u00e9dites, il est aussi propos\u00e9 en diesel avec trois niveau de puissance (75 ch, 95 ch et 115 ch)et en essences (EcoBoost 100 et EcoBoost 150 BVA).<br \/>\nMis \u00e0 part le 1.6 EcoBoost de 150 ch, il \u00e9chappe tous au malus.<\/p>\n<pre>Retrouvez nos offres de <span style=\"text-decoration: underline;\">Ford Tourneo Connect<\/span> sur Carideal <span style=\"text-decoration: underline;\"><a href=\"http:\/\/www.carideal.com\/\" target=\"_blank\" rel=\"noopener noreferrer\">mandataire auto<\/a><\/span>.<\/pre>\n<h2>Le nouveau Ford Tourneo Connect est le quatri\u00e8me de la gamme Toun\u00e9o<\/h2>\n<p>Les amoureux de ludospaces seront combl\u00e9s avec ce nouveau venu en Europe, toit haut, attrayant, \u00e9conomique, et tout \u00e0 fait pratique. \u00a0Ford a pr\u00e9sent\u00e9\u00a0sa quatri\u00e8me et derniere Variation autour de son Tourneo, le petit Courier, au salon de l'auto de Gen\u00e8ve 2013. Et ma fois il pr\u00e9sente bien.<br \/>\nLe Ford\u00a0Tourneo connect rejoint le <span style=\"text-decoration: underline;\"><a href=\"http:\/\/www.carideal.com\/blog\/2015\/05\/30\/nouveau-ford-transit-courier\/\">Transit Connect<\/a><\/span>, le Grand Tourneo Connect (le m\u00eame, mais avec sept si\u00e8ges), et le Tourneo custom minibus\u00a0sur la base du grand ford Transit en mode transport de passagers. Le nouveau Ford Tourneo Connect est bas\u00e9 sur la m\u00eame plate-forme qui \u00e9quipe\u00a0la <span style=\"text-decoration: underline;\">Fiesta<\/span>, le <span style=\"text-decoration: underline;\">Ford B-Max<\/span>, et maintenant le Crossover\u00a0<span style=\"text-decoration: underline;\">EcoSport<\/span>, elle est donc relativement petite. Par rapport \u00e0 la tr\u00e8s similaires B-Max, le nouveau Ford Tourneo Connect\u00a0est 8 cm\u00a0plus long et a une ligne de toit plus plate et un arri\u00e8re plus carr\u00e9. Il obtient \u00e9galement la derni\u00e8re version de calandre Ford qui reprend le design Aston Martin, et qui lui va bien ma fois.<\/p>\n<p>Mais le nouveau Ford\u00a0Tourneo Connect est apr\u00e8s tout une camionnette, et a \u00e9t\u00e9 dessin\u00e9 avec des fonctions pour.\u00a0\u00c0 cette fin, le Courrier conserve les portes arri\u00e8re coulissantes du B-Max (sans le syst\u00e8me de porte intelligent sans pied millieu\u00a0de la B-Max) et obtient un organisateur de zone de chargement arri\u00e8re reconfigurable, une \u00e9norme console centrale capable de contenir de petits ordinateurs portables et des dossiers. Les compartiments de rangement et un tiroir secret sous le si\u00e8ge du conducteur sont aussi de la partie. L'int\u00e9rieur biton est extr\u00eamement bien fini, avec un tableau de bord et des garniture chrom\u00e9e comme sur la Fiesta. Le syst\u00e8me de Synchronisation Ford, la\u00a0trappe\u00a0de remplissage de carburant sans bouchon, et une cam\u00e9ra de r\u00e9trovision\u00a0sont aussi de la partie, tout comme une gamme de moteurs \u00e0 essence et diesel. Un syst\u00e8me stop &amp; start\u00a0du moteur peut \u00eatre command\u00e9 avec chacun des groupes motopropulseurs.<\/p>\n<pre><span style=\"text-decoration: underline;\">Voiture occasion pas cher<\/span> sur Carideal.com<\/pre>\n<h2>Galerie images nouveau Ford Tourneo Connect<\/h2>\n<div id='gallery-1' class='gallery galleryid-5418 gallery-columns-3 gallery-size-medium'><figure class='gallery-item'>\n\t\t\t<div class='gallery-icon landscape'>\n\t\t\t\t<a href='https:\/\/www.carideal.com\/blog\/2014\/05\/11\/ford-revient-sur-le-marche-des-ludospaces-avec-le-nouveau-tourneo-connect\/nouveau-ford-tourneo-connect-2013\/#main'><img loading=\"lazy\" decoding=\"async\" width=\"300\" height=\"200\" src=\"https:\/\/www.carideal.com\/blog\/wp-content\/uploads\/2014\/05\/Nouveau-Ford-Tourneo-Connect-2013-300x200.jpg\" class=\"attachment-medium size-medium\" alt=\"Nouveau Ford Tourneo Connect 2013\" aria-describedby=\"gallery-1-11823\" srcset=\"https:\/\/www.carideal.com\/blog\/wp-content\/uploads\/2014\/05\/Nouveau-Ford-Tourneo-Connect-2013-300x200.jpg 300w, https:\/\/www.carideal.com\/blog\/wp-content\/uploads\/2014\/05\/Nouveau-Ford-Tourneo-Connect-2013-768x512.jpg 768w, https:\/\/www.carideal.com\/blog\/wp-content\/uploads\/2014\/05\/Nouveau-Ford-Tourneo-Connect-2013.jpg 1024w, https:\/\/www.carideal.com\/blog\/wp-content\/uploads\/2014\/05\/Nouveau-Ford-Tourneo-Connect-2013-624x416.jpg 624w\" sizes=\"(max-width: 300px) 100vw, 300px\" \/><\/a>\n\t\t\t<\/div>\n\t\t\t\t<figcaption class='wp-caption-text gallery-caption' id='gallery-1-11823'>\n\t\t\t\tNouveau Ford Tourneo Connect 2013\n\t\t\t\t<\/figcaption><\/figure><figure class='gallery-item'>\n\t\t\t<div class='gallery-icon landscape'>\n\t\t\t\t<a href='https:\/\/www.carideal.com\/blog\/2014\/05\/11\/ford-revient-sur-le-marche-des-ludospaces-avec-le-nouveau-tourneo-connect\/nouveau-ford-tourneo-connect-2013-2\/#main'><img loading=\"lazy\" decoding=\"async\" width=\"300\" height=\"200\" src=\"https:\/\/www.carideal.com\/blog\/wp-content\/uploads\/2014\/05\/Nouveau-Ford-Tourneo-Connect-2013-2-300x200.jpg\" class=\"attachment-medium size-medium\" alt=\"Nouveau Ford Tourneo Connect 2013-2\" aria-describedby=\"gallery-1-11824\" srcset=\"https:\/\/www.carideal.com\/blog\/wp-content\/uploads\/2014\/05\/Nouveau-Ford-Tourneo-Connect-2013-2-300x200.jpg 300w, https:\/\/www.carideal.com\/blog\/wp-content\/uploads\/2014\/05\/Nouveau-Ford-Tourneo-Connect-2013-2-768x512.jpg 768w, https:\/\/www.carideal.com\/blog\/wp-content\/uploads\/2014\/05\/Nouveau-Ford-Tourneo-Connect-2013-2-624x416.jpg 624w, https:\/\/www.carideal.com\/blog\/wp-content\/uploads\/2014\/05\/Nouveau-Ford-Tourneo-Connect-2013-2.jpg 1013w\" sizes=\"(max-width: 300px) 100vw, 300px\" \/><\/a>\n\t\t\t<\/div>\n\t\t\t\t<figcaption class='wp-caption-text gallery-caption' id='gallery-1-11824'>\n\t\t\t\tNouveau Ford Tourneo Connect 2013-2\n\t\t\t\t<\/figcaption><\/figure><figure class='gallery-item'>\n\t\t\t<div class='gallery-icon landscape'>\n\t\t\t\t<a href='https:\/\/www.carideal.com\/blog\/2014\/05\/11\/ford-revient-sur-le-marche-des-ludospaces-avec-le-nouveau-tourneo-connect\/nouveau-ford-tourneo-connect-2013-3\/#main'><img loading=\"lazy\" decoding=\"async\" width=\"300\" height=\"200\" src=\"https:\/\/www.carideal.com\/blog\/wp-content\/uploads\/2014\/05\/Nouveau-Ford-Tourneo-Connect-2013-3-300x200.jpg\" class=\"attachment-medium size-medium\" alt=\"Coffre Nouveau Ford Tourneo Connect 2013-6\" aria-describedby=\"gallery-1-11825\" srcset=\"https:\/\/www.carideal.com\/blog\/wp-content\/uploads\/2014\/05\/Nouveau-Ford-Tourneo-Connect-2013-3-300x200.jpg 300w, https:\/\/www.carideal.com\/blog\/wp-content\/uploads\/2014\/05\/Nouveau-Ford-Tourneo-Connect-2013-3-768x512.jpg 768w, https:\/\/www.carideal.com\/blog\/wp-content\/uploads\/2014\/05\/Nouveau-Ford-Tourneo-Connect-2013-3-624x416.jpg 624w, https:\/\/www.carideal.com\/blog\/wp-content\/uploads\/2014\/05\/Nouveau-Ford-Tourneo-Connect-2013-3.jpg 1013w\" sizes=\"(max-width: 300px) 100vw, 300px\" \/><\/a>\n\t\t\t<\/div>\n\t\t\t\t<figcaption class='wp-caption-text gallery-caption' id='gallery-1-11825'>\n\t\t\t\tCoffre Nouveau Ford Tourneo Connect 2013-6\n\t\t\t\t<\/figcaption><\/figure><figure class='gallery-item'>\n\t\t\t<div class='gallery-icon landscape'>\n\t\t\t\t<a href='https:\/\/www.carideal.com\/blog\/2014\/05\/11\/ford-revient-sur-le-marche-des-ludospaces-avec-le-nouveau-tourneo-connect\/nouveau-ford-tourneo-connect-2013-4\/#main'><img loading=\"lazy\" decoding=\"async\" width=\"300\" height=\"200\" src=\"https:\/\/www.carideal.com\/blog\/wp-content\/uploads\/2014\/05\/Nouveau-Ford-Tourneo-Connect-2013-4-300x200.jpg\" class=\"attachment-medium size-medium\" alt=\"Coffre Nouveau Ford Tourneo Connect 2013-6\" aria-describedby=\"gallery-1-11826\" srcset=\"https:\/\/www.carideal.com\/blog\/wp-content\/uploads\/2014\/05\/Nouveau-Ford-Tourneo-Connect-2013-4-300x200.jpg 300w, https:\/\/www.carideal.com\/blog\/wp-content\/uploads\/2014\/05\/Nouveau-Ford-Tourneo-Connect-2013-4-768x512.jpg 768w, https:\/\/www.carideal.com\/blog\/wp-content\/uploads\/2014\/05\/Nouveau-Ford-Tourneo-Connect-2013-4-624x416.jpg 624w, https:\/\/www.carideal.com\/blog\/wp-content\/uploads\/2014\/05\/Nouveau-Ford-Tourneo-Connect-2013-4.jpg 1013w\" sizes=\"(max-width: 300px) 100vw, 300px\" \/><\/a>\n\t\t\t<\/div>\n\t\t\t\t<figcaption class='wp-caption-text gallery-caption' id='gallery-1-11826'>\n\t\t\t\tCoffre Nouveau Ford Tourneo Connect 2013-6\n\t\t\t\t<\/figcaption><\/figure><figure class='gallery-item'>\n\t\t\t<div class='gallery-icon landscape'>\n\t\t\t\t<a href='https:\/\/www.carideal.com\/blog\/2014\/05\/11\/ford-revient-sur-le-marche-des-ludospaces-avec-le-nouveau-tourneo-connect\/nouveau-ford-tourneo-connect-2013-5\/#main'><img loading=\"lazy\" decoding=\"async\" width=\"300\" height=\"200\" src=\"https:\/\/www.carideal.com\/blog\/wp-content\/uploads\/2014\/05\/Nouveau-Ford-Tourneo-Connect-2013-5-300x200.jpg\" class=\"attachment-medium size-medium\" alt=\"Nouveau Ford Tourneo Connect 2013-6\" aria-describedby=\"gallery-1-11827\" srcset=\"https:\/\/www.carideal.com\/blog\/wp-content\/uploads\/2014\/05\/Nouveau-Ford-Tourneo-Connect-2013-5-300x200.jpg 300w, https:\/\/www.carideal.com\/blog\/wp-content\/uploads\/2014\/05\/Nouveau-Ford-Tourneo-Connect-2013-5-768x512.jpg 768w, https:\/\/www.carideal.com\/blog\/wp-content\/uploads\/2014\/05\/Nouveau-Ford-Tourneo-Connect-2013-5-624x416.jpg 624w, https:\/\/www.carideal.com\/blog\/wp-content\/uploads\/2014\/05\/Nouveau-Ford-Tourneo-Connect-2013-5.jpg 1013w\" sizes=\"(max-width: 300px) 100vw, 300px\" \/><\/a>\n\t\t\t<\/div>\n\t\t\t\t<figcaption class='wp-caption-text gallery-caption' id='gallery-1-11827'>\n\t\t\t\tNouveau Ford Tourneo Connect 2013-6\n\t\t\t\t<\/figcaption><\/figure><figure class='gallery-item'>\n\t\t\t<div class='gallery-icon landscape'>\n\t\t\t\t<a href='https:\/\/www.carideal.com\/blog\/2014\/05\/11\/ford-revient-sur-le-marche-des-ludospaces-avec-le-nouveau-tourneo-connect\/nouveau-ford-tourneo-connect-2013-6\/#main'><img loading=\"lazy\" decoding=\"async\" width=\"300\" height=\"200\" src=\"https:\/\/www.carideal.com\/blog\/wp-content\/uploads\/2014\/05\/Nouveau-Ford-Tourneo-Connect-2013-6-300x200.jpg\" class=\"attachment-medium size-medium\" alt=\"Nouveau Ford Tourneo Connect 2013-6\" aria-describedby=\"gallery-1-11828\" srcset=\"https:\/\/www.carideal.com\/blog\/wp-content\/uploads\/2014\/05\/Nouveau-Ford-Tourneo-Connect-2013-6-300x200.jpg 300w, https:\/\/www.carideal.com\/blog\/wp-content\/uploads\/2014\/05\/Nouveau-Ford-Tourneo-Connect-2013-6-768x512.jpg 768w, https:\/\/www.carideal.com\/blog\/wp-content\/uploads\/2014\/05\/Nouveau-Ford-Tourneo-Connect-2013-6-624x416.jpg 624w, https:\/\/www.carideal.com\/blog\/wp-content\/uploads\/2014\/05\/Nouveau-Ford-Tourneo-Connect-2013-6.jpg 1013w\" sizes=\"(max-width: 300px) 100vw, 300px\" \/><\/a>\n\t\t\t<\/div>\n\t\t\t\t<figcaption class='wp-caption-text gallery-caption' id='gallery-1-11828'>\n\t\t\t\tNouveau Ford Tourneo Connect 2013-6\n\t\t\t\t<\/figcaption><\/figure><figure class='gallery-item'>\n\t\t\t<div class='gallery-icon landscape'>\n\t\t\t\t<a href='https:\/\/www.carideal.com\/blog\/2014\/05\/11\/ford-revient-sur-le-marche-des-ludospaces-avec-le-nouveau-tourneo-connect\/nouveau-ford-tourneo-connect-2013-7\/#main'><img loading=\"lazy\" decoding=\"async\" width=\"300\" height=\"200\" src=\"https:\/\/www.carideal.com\/blog\/wp-content\/uploads\/2014\/05\/Nouveau-Ford-Tourneo-Connect-2013-7-300x200.jpg\" class=\"attachment-medium size-medium\" alt=\"Banquette arri\u00e8re 7 placesNouveau Ford Tourneo Connect 2013\" aria-describedby=\"gallery-1-11829\" srcset=\"https:\/\/www.carideal.com\/blog\/wp-content\/uploads\/2014\/05\/Nouveau-Ford-Tourneo-Connect-2013-7-300x200.jpg 300w, https:\/\/www.carideal.com\/blog\/wp-content\/uploads\/2014\/05\/Nouveau-Ford-Tourneo-Connect-2013-7-768x512.jpg 768w, https:\/\/www.carideal.com\/blog\/wp-content\/uploads\/2014\/05\/Nouveau-Ford-Tourneo-Connect-2013-7-624x416.jpg 624w, https:\/\/www.carideal.com\/blog\/wp-content\/uploads\/2014\/05\/Nouveau-Ford-Tourneo-Connect-2013-7.jpg 1013w\" sizes=\"(max-width: 300px) 100vw, 300px\" \/><\/a>\n\t\t\t<\/div>\n\t\t\t\t<figcaption class='wp-caption-text gallery-caption' id='gallery-1-11829'>\n\t\t\t\tBanquette arri\u00e8re 7 placesNouveau Ford Tourneo Connect 2013\n\t\t\t\t<\/figcaption><\/figure><figure class='gallery-item'>\n\t\t\t<div class='gallery-icon landscape'>\n\t\t\t\t<a href='https:\/\/www.carideal.com\/blog\/2014\/05\/11\/ford-revient-sur-le-marche-des-ludospaces-avec-le-nouveau-tourneo-connect\/nouveau-ford-tourneo-connect-2013-8\/#main'><img loading=\"lazy\" decoding=\"async\" width=\"300\" height=\"200\" src=\"https:\/\/www.carideal.com\/blog\/wp-content\/uploads\/2014\/05\/Nouveau-Ford-Tourneo-Connect-2013-8-300x200.jpg\" class=\"attachment-medium size-medium\" alt=\"Banquette arri\u00e8re 7 placesNouveau Ford Tourneo Connect 2013\" aria-describedby=\"gallery-1-11830\" srcset=\"https:\/\/www.carideal.com\/blog\/wp-content\/uploads\/2014\/05\/Nouveau-Ford-Tourneo-Connect-2013-8-300x200.jpg 300w, https:\/\/www.carideal.com\/blog\/wp-content\/uploads\/2014\/05\/Nouveau-Ford-Tourneo-Connect-2013-8-768x512.jpg 768w, https:\/\/www.carideal.com\/blog\/wp-content\/uploads\/2014\/05\/Nouveau-Ford-Tourneo-Connect-2013-8-624x416.jpg 624w, https:\/\/www.carideal.com\/blog\/wp-content\/uploads\/2014\/05\/Nouveau-Ford-Tourneo-Connect-2013-8.jpg 1013w\" sizes=\"(max-width: 300px) 100vw, 300px\" \/><\/a>\n\t\t\t<\/div>\n\t\t\t\t<figcaption class='wp-caption-text gallery-caption' id='gallery-1-11830'>\n\t\t\t\tBanquette arri\u00e8re 7 placesNouveau Ford Tourneo Connect 2013\n\t\t\t\t<\/figcaption><\/figure><figure class='gallery-item'>\n\t\t\t<div class='gallery-icon landscape'>\n\t\t\t\t<a href='https:\/\/www.carideal.com\/blog\/2014\/05\/11\/ford-revient-sur-le-marche-des-ludospaces-avec-le-nouveau-tourneo-connect\/nouveau-ford-tourneo-connect-2013-9\/#main'><img loading=\"lazy\" decoding=\"async\" width=\"300\" height=\"200\" src=\"https:\/\/www.carideal.com\/blog\/wp-content\/uploads\/2014\/05\/Nouveau-Ford-Tourneo-Connect-2013-9-300x200.jpg\" class=\"attachment-medium size-medium\" alt=\"Banquette arri\u00e8re Nouveau Ford Tourneo Connect 2013\" aria-describedby=\"gallery-1-11831\" srcset=\"https:\/\/www.carideal.com\/blog\/wp-content\/uploads\/2014\/05\/Nouveau-Ford-Tourneo-Connect-2013-9-300x200.jpg 300w, https:\/\/www.carideal.com\/blog\/wp-content\/uploads\/2014\/05\/Nouveau-Ford-Tourneo-Connect-2013-9-768x512.jpg 768w, https:\/\/www.carideal.com\/blog\/wp-content\/uploads\/2014\/05\/Nouveau-Ford-Tourneo-Connect-2013-9-624x416.jpg 624w, https:\/\/www.carideal.com\/blog\/wp-content\/uploads\/2014\/05\/Nouveau-Ford-Tourneo-Connect-2013-9.jpg 1013w\" sizes=\"(max-width: 300px) 100vw, 300px\" \/><\/a>\n\t\t\t<\/div>\n\t\t\t\t<figcaption class='wp-caption-text gallery-caption' id='gallery-1-11831'>\n\t\t\t\tBanquette arri\u00e8re Nouveau Ford Tourneo Connect 2013\n\t\t\t\t<\/figcaption><\/figure>\n\t\t<\/div>\n\n<h2>Video nouveau Ford Tourneo Connect<\/h2>\n<p><iframe loading=\"lazy\" src=\"https:\/\/www.youtube.com\/embed\/qzS1Z_TIzo0\" width=\"560\" height=\"315\" frameborder=\"0\" allowfullscreen=\"allowfullscreen\"><\/iframe><\/p>\n","protected":false},"excerpt":{"rendered":"<p>Ford revient sur le march\u00e9 des ludospaces avec le nouveau Ford Tourneo Connect Nouveau Ford Tourneo Connect le constructeur am\u00e9ricain revient sur le march\u00e9 des ludospaces. Les constructeurs fran\u00e7ais ayant la main mise sur le march\u00e9 des ludospaces en France, Ford aura pris le temps mais revient en force avec son nouveau Touneo Connect. En &#8230; <a title=\"Nouveau Ford Tourneo Connect\" class=\"read-more\" href=\"https:\/\/www.carideal.com\/blog\/2014\/05\/11\/ford-revient-sur-le-marche-des-ludospaces-avec-le-nouveau-tourneo-connect\/\" aria-label=\"En savoir plus sur Nouveau Ford Tourneo Connect\">Lire plus<\/a><\/p>\n","protected":false},"author":3,"featured_media":0,"comment_status":"open","ping_status":"open","sticky":false,"template":"","format":"standard","meta":{"_uag_custom_page_level_css":"","_themeisle_gutenberg_block_has_review":false,"footnotes":""},"categories":[21,5944,5968,5947,5982,6149,10,5974],"tags":[],"class_list":["post-5418","post","type-post","status-publish","format-standard","hentry","category-actualites-auto","category-constructeur","category-ford","category-essai","category-ford-essai","category-ludospace","category-marche-automobile-voiture-neuve-occasion-4x4-suv","category-type-de-vehicule"],"wppr_data":[],"yoast_head":"<!-- This site is optimized with the Yoast SEO plugin v24.8.1 - https:\/\/yoast.com\/wordpress\/plugins\/seo\/ -->\n<title>Nouveau Ford Tourneo Connect - Blog auto Carid\u00e9al<\/title>\n<meta name=\"description\" content=\"Nouveau Ford Tourneo Connect le constructeur am\u00e9ricain revient sur le march\u00e9 des ludospaces tenu par les marques fran\u00e7aises.\" \/>\n<meta name=\"robots\" content=\"index, follow, max-snippet:-1, max-image-preview:large, max-video-preview:-1\" \/>\n<link rel=\"canonical\" href=\"https:\/\/www.carideal.com\/blog\/2014\/05\/11\/ford-revient-sur-le-marche-des-ludospaces-avec-le-nouveau-tourneo-connect\/\" \/>\n<meta property=\"og:locale\" content=\"fr_FR\" \/>\n<meta property=\"og:type\" content=\"article\" \/>\n<meta property=\"og:title\" content=\"Nouveau Ford Tourneo Connect - Blog auto Carid\u00e9al\" \/>\n<meta property=\"og:description\" content=\"Nouveau Ford Tourneo Connect le constructeur am\u00e9ricain revient sur le march\u00e9 des ludospaces tenu par les marques fran\u00e7aises.\" \/>\n<meta property=\"og:url\" content=\"https:\/\/www.carideal.com\/blog\/2014\/05\/11\/ford-revient-sur-le-marche-des-ludospaces-avec-le-nouveau-tourneo-connect\/\" \/>\n<meta property=\"og:site_name\" content=\"Blog auto Carid\u00e9al\" \/>\n<meta property=\"article:publisher\" content=\"https:\/\/www.facebook.com\/Carideal.mandataire.automobile\" \/>\n<meta property=\"article:author\" content=\"https:\/\/www.facebook.com\/nicolas.schiavon.39\" \/>\n<meta property=\"article:published_time\" content=\"2014-05-11T22:00:00+00:00\" \/>\n<meta property=\"article:modified_time\" content=\"2020-03-08T17:00:45+00:00\" \/>\n<meta property=\"og:image\" content=\"https:\/\/www.carideal.com\/blog\/wp-content\/uploads\/2014\/05\/Nouveau-Ford-Tourneo-Connect-2013-300x200.jpg\" \/>\n<meta name=\"author\" content=\"Nicolas SCHIAVON\" \/>\n<meta name=\"twitter:card\" content=\"summary_large_image\" \/>\n<meta name=\"twitter:creator\" content=\"@caridealauto\" \/>\n<meta name=\"twitter:site\" content=\"@caridealauto\" \/>\n<meta name=\"twitter:label1\" content=\"\u00c9crit par\" \/>\n\t<meta name=\"twitter:data1\" content=\"Nicolas SCHIAVON\" \/>\n\t<meta name=\"twitter:label2\" content=\"Dur\u00e9e de lecture estim\u00e9e\" \/>\n\t<meta name=\"twitter:data2\" content=\"3 minutes\" \/>\n<script type=\"application\/ld+json\" class=\"yoast-schema-graph\">{\"@context\":\"https:\/\/schema.org\",\"@graph\":[{\"@type\":\"Article\",\"@id\":\"https:\/\/www.carideal.com\/blog\/2014\/05\/11\/ford-revient-sur-le-marche-des-ludospaces-avec-le-nouveau-tourneo-connect\/#article\",\"isPartOf\":{\"@id\":\"https:\/\/www.carideal.com\/blog\/2014\/05\/11\/ford-revient-sur-le-marche-des-ludospaces-avec-le-nouveau-tourneo-connect\/\"},\"author\":{\"name\":\"Nicolas SCHIAVON\",\"@id\":\"https:\/\/www.carideal.com\/blog\/#\/schema\/person\/cd95dc7919660de90d31b366f85be1ec\"},\"headline\":\"Nouveau Ford Tourneo Connect\",\"datePublished\":\"2014-05-11T22:00:00+00:00\",\"dateModified\":\"2020-03-08T17:00:45+00:00\",\"mainEntityOfPage\":{\"@id\":\"https:\/\/www.carideal.com\/blog\/2014\/05\/11\/ford-revient-sur-le-marche-des-ludospaces-avec-le-nouveau-tourneo-connect\/\"},\"wordCount\":580,\"commentCount\":0,\"publisher\":{\"@id\":\"https:\/\/www.carideal.com\/blog\/#organization\"},\"image\":{\"@id\":\"https:\/\/www.carideal.com\/blog\/2014\/05\/11\/ford-revient-sur-le-marche-des-ludospaces-avec-le-nouveau-tourneo-connect\/#primaryimage\"},\"thumbnailUrl\":\"http:\/\/www.carideal.com\/images_actualite\/fordtouneoconnectcaridealmandataireautomobile-1399886186.jpg\",\"articleSection\":[\"Actualit\u00e9 automobile\",\"Actualit\u00e9 Constructeur automobile\",\"Actualit\u00e9 Ford\",\"Essais automobile\",\"Essais Ford\",\"Ludospace\",\"March\u00e9 automobile\",\"Type de v\u00e9hicule\"],\"inLanguage\":\"fr-FR\",\"potentialAction\":[{\"@type\":\"CommentAction\",\"name\":\"Comment\",\"target\":[\"https:\/\/www.carideal.com\/blog\/2014\/05\/11\/ford-revient-sur-le-marche-des-ludospaces-avec-le-nouveau-tourneo-connect\/#respond\"]}]},{\"@type\":\"WebPage\",\"@id\":\"https:\/\/www.carideal.com\/blog\/2014\/05\/11\/ford-revient-sur-le-marche-des-ludospaces-avec-le-nouveau-tourneo-connect\/\",\"url\":\"https:\/\/www.carideal.com\/blog\/2014\/05\/11\/ford-revient-sur-le-marche-des-ludospaces-avec-le-nouveau-tourneo-connect\/\",\"name\":\"Nouveau Ford Tourneo Connect - Blog auto Carid\u00e9al\",\"isPartOf\":{\"@id\":\"https:\/\/www.carideal.com\/blog\/#website\"},\"primaryImageOfPage\":{\"@id\":\"https:\/\/www.carideal.com\/blog\/2014\/05\/11\/ford-revient-sur-le-marche-des-ludospaces-avec-le-nouveau-tourneo-connect\/#primaryimage\"},\"image\":{\"@id\":\"https:\/\/www.carideal.com\/blog\/2014\/05\/11\/ford-revient-sur-le-marche-des-ludospaces-avec-le-nouveau-tourneo-connect\/#primaryimage\"},\"thumbnailUrl\":\"http:\/\/www.carideal.com\/images_actualite\/fordtouneoconnectcaridealmandataireautomobile-1399886186.jpg\",\"datePublished\":\"2014-05-11T22:00:00+00:00\",\"dateModified\":\"2020-03-08T17:00:45+00:00\",\"description\":\"Nouveau Ford Tourneo Connect le constructeur am\u00e9ricain revient sur le march\u00e9 des ludospaces tenu par les marques fran\u00e7aises.\",\"breadcrumb\":{\"@id\":\"https:\/\/www.carideal.com\/blog\/2014\/05\/11\/ford-revient-sur-le-marche-des-ludospaces-avec-le-nouveau-tourneo-connect\/#breadcrumb\"},\"inLanguage\":\"fr-FR\",\"potentialAction\":[{\"@type\":\"ReadAction\",\"target\":[\"https:\/\/www.carideal.com\/blog\/2014\/05\/11\/ford-revient-sur-le-marche-des-ludospaces-avec-le-nouveau-tourneo-connect\/\"]}]},{\"@type\":\"ImageObject\",\"inLanguage\":\"fr-FR\",\"@id\":\"https:\/\/www.carideal.com\/blog\/2014\/05\/11\/ford-revient-sur-le-marche-des-ludospaces-avec-le-nouveau-tourneo-connect\/#primaryimage\",\"url\":\"http:\/\/www.carideal.com\/images_actualite\/fordtouneoconnectcaridealmandataireautomobile-1399886186.jpg\",\"contentUrl\":\"http:\/\/www.carideal.com\/images_actualite\/fordtouneoconnectcaridealmandataireautomobile-1399886186.jpg\"},{\"@type\":\"BreadcrumbList\",\"@id\":\"https:\/\/www.carideal.com\/blog\/2014\/05\/11\/ford-revient-sur-le-marche-des-ludospaces-avec-le-nouveau-tourneo-connect\/#breadcrumb\",\"itemListElement\":[{\"@type\":\"ListItem\",\"position\":1,\"name\":\"Blog Carid\u00e9al\",\"item\":\"https:\/\/www.carideal.com\/blog\/\"},{\"@type\":\"ListItem\",\"position\":2,\"name\":\"Actualit\u00e9 automobile\",\"item\":\"https:\/\/www.carideal.com\/blog\/actualites-auto\/\"},{\"@type\":\"ListItem\",\"position\":3,\"name\":\"Nouveau Ford Tourneo Connect\"}]},{\"@type\":\"WebSite\",\"@id\":\"https:\/\/www.carideal.com\/blog\/#website\",\"url\":\"https:\/\/www.carideal.com\/blog\/\",\"name\":\"Blog auto Carid\u00e9al\",\"description\":\"Actualit\u00e9 auto par des passionn\u00e9s\",\"publisher\":{\"@id\":\"https:\/\/www.carideal.com\/blog\/#organization\"},\"potentialAction\":[{\"@type\":\"SearchAction\",\"target\":{\"@type\":\"EntryPoint\",\"urlTemplate\":\"https:\/\/www.carideal.com\/blog\/?s={search_term_string}\"},\"query-input\":{\"@type\":\"PropertyValueSpecification\",\"valueRequired\":true,\"valueName\":\"search_term_string\"}}],\"inLanguage\":\"fr-FR\"},{\"@type\":\"Organization\",\"@id\":\"https:\/\/www.carideal.com\/blog\/#organization\",\"name\":\"Carideal\",\"url\":\"https:\/\/www.carideal.com\/blog\/\",\"logo\":{\"@type\":\"ImageObject\",\"inLanguage\":\"fr-FR\",\"@id\":\"https:\/\/www.carideal.com\/blog\/#\/schema\/logo\/image\/\",\"url\":\"http:\/\/www.carideal.com\/blog\/wp-content\/uploads\/2016\/03\/logo-carideal-mandataire-automobile.png\",\"contentUrl\":\"http:\/\/www.carideal.com\/blog\/wp-content\/uploads\/2016\/03\/logo-carideal-mandataire-automobile.png\",\"width\":300,\"height\":300,\"caption\":\"Carideal\"},\"image\":{\"@id\":\"https:\/\/www.carideal.com\/blog\/#\/schema\/logo\/image\/\"},\"sameAs\":[\"https:\/\/www.facebook.com\/Carideal.mandataire.automobile\",\"https:\/\/x.com\/caridealauto\",\"https:\/\/www.instagram.com\/carideal1\/\",\"https:\/\/www.linkedin.com\/company\/carideal.com\",\"https:\/\/fr.pinterest.com\/schiavonsas\/\",\"https:\/\/www.youtube.com\/user\/caridealsas\"]},{\"@type\":\"Person\",\"@id\":\"https:\/\/www.carideal.com\/blog\/#\/schema\/person\/cd95dc7919660de90d31b366f85be1ec\",\"name\":\"Nicolas SCHIAVON\",\"image\":{\"@type\":\"ImageObject\",\"inLanguage\":\"fr-FR\",\"@id\":\"https:\/\/www.carideal.com\/blog\/#\/schema\/person\/image\/\",\"url\":\"https:\/\/secure.gravatar.com\/avatar\/c17e55009e671d92cc7f5dc837dc418a?s=96&r=g\",\"contentUrl\":\"https:\/\/secure.gravatar.com\/avatar\/c17e55009e671d92cc7f5dc837dc418a?s=96&r=g\",\"caption\":\"Nicolas SCHIAVON\"},\"description\":\"Nicolas Schiavon est tomb\u00e9 tout petit dans la marmite automobile. Ayant eu un garage de marque automobile, mandataire automobile de la premi\u00e8re heure d\u00e8s 1999. Nicolas a cr\u00e9\u00e9 ces premiers sites de vente de voiture et blog automobile d\u00e8s 1994. Carideal est n\u00e9 le 15 d\u00e9cembre 2000 de la volont\u00e9 de vendre des voitures d'occasions en ligne puis des voitures neuves. Il a pu essayer beaucoup de voitures tr\u00e8s diff\u00e9rentes et ayant eu personnellement quelques belles autos, Subaru Impreza, Mitsubishi Lancer Evo 7, Porsche 911, Ferrari Testarrossa, Audi RS3, RS4 et j'en passe...\",\"sameAs\":[\"http:\/\/www.carideal.com\",\"https:\/\/www.facebook.com\/nicolas.schiavon.39\",\"https:\/\/www.instagram.com\/carideal1\/\",\"https:\/\/www.linkedin.com\/in\/nschiavon\/\",\"https:\/\/x.com\/caridealauto\",\"https:\/\/www.youtube.com\/user\/caridealsas\/\"],\"url\":\"https:\/\/www.carideal.com\/blog\/author\/nschiavon\/\"}]}<\/script>\n<!-- \/ Yoast SEO plugin. -->","yoast_head_json":{"title":"Nouveau Ford Tourneo Connect - Blog auto Carid\u00e9al","description":"Nouveau Ford Tourneo Connect le constructeur am\u00e9ricain revient sur le march\u00e9 des ludospaces tenu par les marques fran\u00e7aises.","robots":{"index":"index","follow":"follow","max-snippet":"max-snippet:-1","max-image-preview":"max-image-preview:large","max-video-preview":"max-video-preview:-1"},"canonical":"https:\/\/www.carideal.com\/blog\/2014\/05\/11\/ford-revient-sur-le-marche-des-ludospaces-avec-le-nouveau-tourneo-connect\/","og_locale":"fr_FR","og_type":"article","og_title":"Nouveau Ford Tourneo Connect - Blog auto Carid\u00e9al","og_description":"Nouveau Ford Tourneo Connect le constructeur am\u00e9ricain revient sur le march\u00e9 des ludospaces tenu par les marques fran\u00e7aises.","og_url":"https:\/\/www.carideal.com\/blog\/2014\/05\/11\/ford-revient-sur-le-marche-des-ludospaces-avec-le-nouveau-tourneo-connect\/","og_site_name":"Blog auto Carid\u00e9al","article_publisher":"https:\/\/www.facebook.com\/Carideal.mandataire.automobile","article_author":"https:\/\/www.facebook.com\/nicolas.schiavon.39","article_published_time":"2014-05-11T22:00:00+00:00","article_modified_time":"2020-03-08T17:00:45+00:00","og_image":[{"url":"https:\/\/www.carideal.com\/blog\/wp-content\/uploads\/2014\/05\/Nouveau-Ford-Tourneo-Connect-2013-300x200.jpg","type":"","width":"","height":""}],"author":"Nicolas SCHIAVON","twitter_card":"summary_large_image","twitter_creator":"@caridealauto","twitter_site":"@caridealauto","twitter_misc":{"\u00c9crit par":"Nicolas SCHIAVON","Dur\u00e9e de lecture estim\u00e9e":"3 minutes"},"schema":{"@context":"https:\/\/schema.org","@graph":[{"@type":"Article","@id":"https:\/\/www.carideal.com\/blog\/2014\/05\/11\/ford-revient-sur-le-marche-des-ludospaces-avec-le-nouveau-tourneo-connect\/#article","isPartOf":{"@id":"https:\/\/www.carideal.com\/blog\/2014\/05\/11\/ford-revient-sur-le-marche-des-ludospaces-avec-le-nouveau-tourneo-connect\/"},"author":{"name":"Nicolas SCHIAVON","@id":"https:\/\/www.carideal.com\/blog\/#\/schema\/person\/cd95dc7919660de90d31b366f85be1ec"},"headline":"Nouveau Ford Tourneo Connect","datePublished":"2014-05-11T22:00:00+00:00","dateModified":"2020-03-08T17:00:45+00:00","mainEntityOfPage":{"@id":"https:\/\/www.carideal.com\/blog\/2014\/05\/11\/ford-revient-sur-le-marche-des-ludospaces-avec-le-nouveau-tourneo-connect\/"},"wordCount":580,"commentCount":0,"publisher":{"@id":"https:\/\/www.carideal.com\/blog\/#organization"},"image":{"@id":"https:\/\/www.carideal.com\/blog\/2014\/05\/11\/ford-revient-sur-le-marche-des-ludospaces-avec-le-nouveau-tourneo-connect\/#primaryimage"},"thumbnailUrl":"http:\/\/www.carideal.com\/images_actualite\/fordtouneoconnectcaridealmandataireautomobile-1399886186.jpg","articleSection":["Actualit\u00e9 automobile","Actualit\u00e9 Constructeur automobile","Actualit\u00e9 Ford","Essais automobile","Essais Ford","Ludospace","March\u00e9 automobile","Type de v\u00e9hicule"],"inLanguage":"fr-FR","potentialAction":[{"@type":"CommentAction","name":"Comment","target":["https:\/\/www.carideal.com\/blog\/2014\/05\/11\/ford-revient-sur-le-marche-des-ludospaces-avec-le-nouveau-tourneo-connect\/#respond"]}]},{"@type":"WebPage","@id":"https:\/\/www.carideal.com\/blog\/2014\/05\/11\/ford-revient-sur-le-marche-des-ludospaces-avec-le-nouveau-tourneo-connect\/","url":"https:\/\/www.carideal.com\/blog\/2014\/05\/11\/ford-revient-sur-le-marche-des-ludospaces-avec-le-nouveau-tourneo-connect\/","name":"Nouveau Ford Tourneo Connect - Blog auto Carid\u00e9al","isPartOf":{"@id":"https:\/\/www.carideal.com\/blog\/#website"},"primaryImageOfPage":{"@id":"https:\/\/www.carideal.com\/blog\/2014\/05\/11\/ford-revient-sur-le-marche-des-ludospaces-avec-le-nouveau-tourneo-connect\/#primaryimage"},"image":{"@id":"https:\/\/www.carideal.com\/blog\/2014\/05\/11\/ford-revient-sur-le-marche-des-ludospaces-avec-le-nouveau-tourneo-connect\/#primaryimage"},"thumbnailUrl":"http:\/\/www.carideal.com\/images_actualite\/fordtouneoconnectcaridealmandataireautomobile-1399886186.jpg","datePublished":"2014-05-11T22:00:00+00:00","dateModified":"2020-03-08T17:00:45+00:00","description":"Nouveau Ford Tourneo Connect le constructeur am\u00e9ricain revient sur le march\u00e9 des ludospaces tenu par les marques fran\u00e7aises.","breadcrumb":{"@id":"https:\/\/www.carideal.com\/blog\/2014\/05\/11\/ford-revient-sur-le-marche-des-ludospaces-avec-le-nouveau-tourneo-connect\/#breadcrumb"},"inLanguage":"fr-FR","potentialAction":[{"@type":"ReadAction","target":["https:\/\/www.carideal.com\/blog\/2014\/05\/11\/ford-revient-sur-le-marche-des-ludospaces-avec-le-nouveau-tourneo-connect\/"]}]},{"@type":"ImageObject","inLanguage":"fr-FR","@id":"https:\/\/www.carideal.com\/blog\/2014\/05\/11\/ford-revient-sur-le-marche-des-ludospaces-avec-le-nouveau-tourneo-connect\/#primaryimage","url":"http:\/\/www.carideal.com\/images_actualite\/fordtouneoconnectcaridealmandataireautomobile-1399886186.jpg","contentUrl":"http:\/\/www.carideal.com\/images_actualite\/fordtouneoconnectcaridealmandataireautomobile-1399886186.jpg"},{"@type":"BreadcrumbList","@id":"https:\/\/www.carideal.com\/blog\/2014\/05\/11\/ford-revient-sur-le-marche-des-ludospaces-avec-le-nouveau-tourneo-connect\/#breadcrumb","itemListElement":[{"@type":"ListItem","position":1,"name":"Blog Carid\u00e9al","item":"https:\/\/www.carideal.com\/blog\/"},{"@type":"ListItem","position":2,"name":"Actualit\u00e9 automobile","item":"https:\/\/www.carideal.com\/blog\/actualites-auto\/"},{"@type":"ListItem","position":3,"name":"Nouveau Ford Tourneo Connect"}]},{"@type":"WebSite","@id":"https:\/\/www.carideal.com\/blog\/#website","url":"https:\/\/www.carideal.com\/blog\/","name":"Blog auto Carid\u00e9al","description":"Actualit\u00e9 auto par des passionn\u00e9s","publisher":{"@id":"https:\/\/www.carideal.com\/blog\/#organization"},"potentialAction":[{"@type":"SearchAction","target":{"@type":"EntryPoint","urlTemplate":"https:\/\/www.carideal.com\/blog\/?s={search_term_string}"},"query-input":{"@type":"PropertyValueSpecification","valueRequired":true,"valueName":"search_term_string"}}],"inLanguage":"fr-FR"},{"@type":"Organization","@id":"https:\/\/www.carideal.com\/blog\/#organization","name":"Carideal","url":"https:\/\/www.carideal.com\/blog\/","logo":{"@type":"ImageObject","inLanguage":"fr-FR","@id":"https:\/\/www.carideal.com\/blog\/#\/schema\/logo\/image\/","url":"http:\/\/www.carideal.com\/blog\/wp-content\/uploads\/2016\/03\/logo-carideal-mandataire-automobile.png","contentUrl":"http:\/\/www.carideal.com\/blog\/wp-content\/uploads\/2016\/03\/logo-carideal-mandataire-automobile.png","width":300,"height":300,"caption":"Carideal"},"image":{"@id":"https:\/\/www.carideal.com\/blog\/#\/schema\/logo\/image\/"},"sameAs":["https:\/\/www.facebook.com\/Carideal.mandataire.automobile","https:\/\/x.com\/caridealauto","https:\/\/www.instagram.com\/carideal1\/","https:\/\/www.linkedin.com\/company\/carideal.com","https:\/\/fr.pinterest.com\/schiavonsas\/","https:\/\/www.youtube.com\/user\/caridealsas"]},{"@type":"Person","@id":"https:\/\/www.carideal.com\/blog\/#\/schema\/person\/cd95dc7919660de90d31b366f85be1ec","name":"Nicolas SCHIAVON","image":{"@type":"ImageObject","inLanguage":"fr-FR","@id":"https:\/\/www.carideal.com\/blog\/#\/schema\/person\/image\/","url":"https:\/\/secure.gravatar.com\/avatar\/c17e55009e671d92cc7f5dc837dc418a?s=96&r=g","contentUrl":"https:\/\/secure.gravatar.com\/avatar\/c17e55009e671d92cc7f5dc837dc418a?s=96&r=g","caption":"Nicolas SCHIAVON"},"description":"Nicolas Schiavon est tomb\u00e9 tout petit dans la marmite automobile. Ayant eu un garage de marque automobile, mandataire automobile de la premi\u00e8re heure d\u00e8s 1999. Nicolas a cr\u00e9\u00e9 ces premiers sites de vente de voiture et blog automobile d\u00e8s 1994. Carideal est n\u00e9 le 15 d\u00e9cembre 2000 de la volont\u00e9 de vendre des voitures d'occasions en ligne puis des voitures neuves. Il a pu essayer beaucoup de voitures tr\u00e8s diff\u00e9rentes et ayant eu personnellement quelques belles autos, Subaru Impreza, Mitsubishi Lancer Evo 7, Porsche 911, Ferrari Testarrossa, Audi RS3, RS4 et j'en passe...","sameAs":["http:\/\/www.carideal.com","https:\/\/www.facebook.com\/nicolas.schiavon.39","https:\/\/www.instagram.com\/carideal1\/","https:\/\/www.linkedin.com\/in\/nschiavon\/","https:\/\/x.com\/caridealauto","https:\/\/www.youtube.com\/user\/caridealsas\/"],"url":"https:\/\/www.carideal.com\/blog\/author\/nschiavon\/"}]}},"uagb_featured_image_src":{"full":false,"thumbnail":false,"medium":false,"medium_large":false,"large":false,"1536x1536":false,"2048x2048":false,"wppr-widget":false},"uagb_author_info":{"display_name":"Nicolas SCHIAVON","author_link":"https:\/\/www.carideal.com\/blog\/author\/nschiavon\/"},"uagb_comment_info":0,"uagb_excerpt":"Ford revient sur le march\u00e9 des ludospaces avec le nouveau Ford Tourneo Connect Nouveau Ford Tourneo Connect le constructeur am\u00e9ricain revient sur le march\u00e9 des ludospaces. Les constructeurs fran\u00e7ais ayant la main mise sur le march\u00e9 des ludospaces en France, Ford aura pris le temps mais revient en force avec son nouveau Touneo Connect. En\u2026","_links":{"self":[{"href":"https:\/\/www.carideal.com\/blog\/wp-json\/wp\/v2\/posts\/5418"}],"collection":[{"href":"https:\/\/www.carideal.com\/blog\/wp-json\/wp\/v2\/posts"}],"about":[{"href":"https:\/\/www.carideal.com\/blog\/wp-json\/wp\/v2\/types\/post"}],"author":[{"embeddable":true,"href":"https:\/\/www.carideal.com\/blog\/wp-json\/wp\/v2\/users\/3"}],"replies":[{"embeddable":true,"href":"https:\/\/www.carideal.com\/blog\/wp-json\/wp\/v2\/comments?post=5418"}],"version-history":[{"count":0,"href":"https:\/\/www.carideal.com\/blog\/wp-json\/wp\/v2\/posts\/5418\/revisions"}],"wp:attachment":[{"href":"https:\/\/www.carideal.com\/blog\/wp-json\/wp\/v2\/media?parent=5418"}],"wp:term":[{"taxonomy":"category","embeddable":true,"href":"https:\/\/www.carideal.com\/blog\/wp-json\/wp\/v2\/categories?post=5418"},{"taxonomy":"post_tag","embeddable":true,"href":"https:\/\/www.carideal.com\/blog\/wp-json\/wp\/v2\/tags?post=5418"}],"curies":[{"name":"wp","href":"https:\/\/api.w.org\/{rel}","templated":true}]}}