{"id":5408,"date":"2014-03-22T23:00:00","date_gmt":"2014-03-22T23:00:00","guid":{"rendered":"http:\/\/www.carideal.com\/blog\/2014\/03\/22\/la-nouvelle-mercedes-classe-c-est-arrivee\/"},"modified":"2016-12-23T14:15:25","modified_gmt":"2016-12-23T13:15:25","slug":"la-nouvelle-mercedes-classe-c-est-arrivee","status":"publish","type":"post","link":"https:\/\/www.carideal.com\/blog\/2014\/03\/22\/la-nouvelle-mercedes-classe-c-est-arrivee\/","title":{"rendered":"La nouvelle Mercedes Classe C est arriv\u00e9e"},"content":{"rendered":"<div><img decoding=\"async\" src=\"http:\/\/www.carideal.com\/images_actualite\/mercedesclassec2014achatcaridealmandataireautomobile-1395571039.jpg\" \/><\/p>\n<h1><strong>La nouvelle Mercedes Classe C est arriv\u00e9e<\/strong><\/h1>\n<\/div>\n<div><img decoding=\"async\" src=\"http:\/\/www.carideal.com\/images_actualite\/mercedesclassec2014planchedebordcaridealmandataireauto-1395571391.jpg\" \/><\/div>\n<p>La nouvelle Mercedes Classe C est arriv\u00e9e. Mercedes veut frapper fort alors elle y a mis du style, de la technologie et son int\u00e9rieur vaut le d\u00e9tour !<br \/>\nApr\u00e8s avoir \u00e9t\u00e9 la vedette du salon de d\u00e9troit en janvier, la belle Mercedes Classe c est au catalogue en France depuis ce mois, et le constructeur Allemand n'oublie pas qu'elle est son \"coeur\" de gamme et qu'elle doit tout faire pour stopper l'\u00e9rosion des ventes de ce segment, -19% pour la classe C et -28% pour l'Audi A4 entre 2011 et 2012 en France). La nouvelle Classe c est plus imposante et passe de 4.59 m \u00e0 4.70 m gr\u00e2ce aussi \u00e0 l'empattement augment\u00e9, ce qui majore la place \u00e0 l'arri\u00e8re, argument ultime sur le march\u00e9 chinois.<br \/>\nCet automne devrait voir l'arriv\u00e9 d'un coup\u00e9 et d'un cabriolet \u00e0 toit souple.<br \/>\nLe design est dynamique et fort afin d'\u00e9viter que la client\u00e8le ne soit tent\u00e9 par de quelconque SUV.<br \/>\nLe capot est plus haut et plus bomb\u00e9. A l'int\u00e9rieur il y a plus de rangements avec de grands bacs de porti\u00e8res, mais moins de boutons : la classe C sait \u00eatre \u00e0 la fois chic et pratique. On est loin de l'ambiance aust\u00e8re et germanique de certaines ann\u00e9es, on trouve ici un cot\u00e9 tr\u00e8s latin avec des mat\u00e9riaux en nette am\u00e9lioration par rapport \u00e0 ceux de 2007. L'int\u00e9rieur fait tr\u00e8s hight tech et sport, elle est \u00e9quip\u00e9e d'un \"touchpad\" afin de piloter les information sur l'\u00e9cran tactile et la navigation.<br \/>\nMercedes a su rendre sa Classe C plus rigide et moins lourde de 100 kg par rapport \u00e0 l'ancienne gr\u00e2ce \u00e0 l'utilisation de l'aluminium rivet\u00e9 et coll\u00e9, ce qui am\u00e9liore aussi la sensibilit\u00e9 aux vibrations.<br \/>\nCot\u00e9 moteur, on verra appara\u00eetre le Renault 1.6 DCI de 130 ch moins cher, moins lourd et plus sobre que l'actuel 2.2 180 CDI de 120 ch et 200 CDI de 136 ch. Le moteur Renault devrait couvrir une plage de puissance jusque 180 ch gr\u00e2ce \u00e0 la double suralimentation. Puis viendra le 2.2 C 250 CDI de 204 ch. Il devrait \u00eatre propos\u00e9 une C 300 Bluetec Hybrid avec un moteur \u00e9lectrique de 23 ch.<\/p>\n","protected":false},"excerpt":{"rendered":"<p>La nouvelle Mercedes Classe C est arriv\u00e9e La nouvelle Mercedes Classe C est arriv\u00e9e. Mercedes veut frapper fort alors elle y a mis du style, de la technologie et son int\u00e9rieur vaut le d\u00e9tour ! Apr\u00e8s avoir \u00e9t\u00e9 la vedette du salon de d\u00e9troit en janvier, la belle Mercedes Classe c est au catalogue en &#8230; <a title=\"La nouvelle Mercedes Classe C est arriv\u00e9e\" class=\"read-more\" href=\"https:\/\/www.carideal.com\/blog\/2014\/03\/22\/la-nouvelle-mercedes-classe-c-est-arrivee\/\" aria-label=\"En savoir plus sur La nouvelle Mercedes Classe C est arriv\u00e9e\">Lire plus<\/a><\/p>\n","protected":false},"author":3,"featured_media":0,"comment_status":"open","ping_status":"open","sticky":false,"template":"","format":"standard","meta":{"_uag_custom_page_level_css":"","_themeisle_gutenberg_block_has_review":false,"footnotes":""},"categories":[21,5944,5995,6012,5974],"tags":[],"class_list":["post-5408","post","type-post","status-publish","format-standard","hentry","category-actualites-auto","category-constructeur","category-mercedes","category-berlines","category-type-de-vehicule"],"wppr_data":{"cwp_meta_box_check":"No"},"yoast_head":"<!-- This site is optimized with the Yoast SEO plugin v24.8.1 - https:\/\/yoast.com\/wordpress\/plugins\/seo\/ -->\n<title>La nouvelle Mercedes Classe C est arriv\u00e9e - Blog auto Carid\u00e9al<\/title>\n<meta name=\"robots\" content=\"index, follow, max-snippet:-1, max-image-preview:large, max-video-preview:-1\" \/>\n<link rel=\"canonical\" href=\"https:\/\/www.carideal.com\/blog\/2014\/03\/22\/la-nouvelle-mercedes-classe-c-est-arrivee\/\" \/>\n<meta property=\"og:locale\" content=\"fr_FR\" \/>\n<meta property=\"og:type\" content=\"article\" \/>\n<meta property=\"og:title\" content=\"La nouvelle Mercedes Classe C est arriv\u00e9e - Blog auto Carid\u00e9al\" \/>\n<meta property=\"og:description\" content=\"La nouvelle Mercedes Classe C est arriv\u00e9e La nouvelle Mercedes Classe C est arriv\u00e9e. Mercedes veut frapper fort alors elle y a mis du style, de la technologie et son int\u00e9rieur vaut le d\u00e9tour ! Apr\u00e8s avoir \u00e9t\u00e9 la vedette du salon de d\u00e9troit en janvier, la belle Mercedes Classe c est au catalogue en ... Lire plus\" \/>\n<meta property=\"og:url\" content=\"https:\/\/www.carideal.com\/blog\/2014\/03\/22\/la-nouvelle-mercedes-classe-c-est-arrivee\/\" \/>\n<meta property=\"og:site_name\" content=\"Blog auto Carid\u00e9al\" \/>\n<meta property=\"article:publisher\" content=\"https:\/\/www.facebook.com\/Carideal.mandataire.automobile\" \/>\n<meta property=\"article:author\" content=\"https:\/\/www.facebook.com\/nicolas.schiavon.39\" \/>\n<meta property=\"article:published_time\" content=\"2014-03-22T23:00:00+00:00\" \/>\n<meta property=\"article:modified_time\" content=\"2016-12-23T13:15:25+00:00\" \/>\n<meta property=\"og:image\" content=\"http:\/\/www.carideal.com\/images_actualite\/mercedesclassec2014achatcaridealmandataireautomobile-1395571039.jpg\" \/>\n<meta name=\"author\" content=\"Nicolas SCHIAVON\" \/>\n<meta name=\"twitter:card\" content=\"summary_large_image\" \/>\n<meta name=\"twitter:creator\" content=\"@caridealauto\" \/>\n<meta name=\"twitter:site\" content=\"@caridealauto\" \/>\n<meta name=\"twitter:label1\" content=\"\u00c9crit par\" \/>\n\t<meta name=\"twitter:data1\" content=\"Nicolas SCHIAVON\" \/>\n\t<meta name=\"twitter:label2\" content=\"Dur\u00e9e de lecture estim\u00e9e\" \/>\n\t<meta name=\"twitter:data2\" content=\"2 minutes\" \/>\n<script type=\"application\/ld+json\" class=\"yoast-schema-graph\">{\"@context\":\"https:\/\/schema.org\",\"@graph\":[{\"@type\":\"Article\",\"@id\":\"https:\/\/www.carideal.com\/blog\/2014\/03\/22\/la-nouvelle-mercedes-classe-c-est-arrivee\/#article\",\"isPartOf\":{\"@id\":\"https:\/\/www.carideal.com\/blog\/2014\/03\/22\/la-nouvelle-mercedes-classe-c-est-arrivee\/\"},\"author\":{\"name\":\"Nicolas SCHIAVON\",\"@id\":\"https:\/\/www.carideal.com\/blog\/#\/schema\/person\/cd95dc7919660de90d31b366f85be1ec\"},\"headline\":\"La nouvelle Mercedes Classe C est arriv\u00e9e\",\"datePublished\":\"2014-03-22T23:00:00+00:00\",\"dateModified\":\"2016-12-23T13:15:25+00:00\",\"mainEntityOfPage\":{\"@id\":\"https:\/\/www.carideal.com\/blog\/2014\/03\/22\/la-nouvelle-mercedes-classe-c-est-arrivee\/\"},\"wordCount\":370,\"commentCount\":0,\"publisher\":{\"@id\":\"https:\/\/www.carideal.com\/blog\/#organization\"},\"image\":{\"@id\":\"https:\/\/www.carideal.com\/blog\/2014\/03\/22\/la-nouvelle-mercedes-classe-c-est-arrivee\/#primaryimage\"},\"thumbnailUrl\":\"http:\/\/www.carideal.com\/images_actualite\/mercedesclassec2014achatcaridealmandataireautomobile-1395571039.jpg\",\"articleSection\":[\"Actualit\u00e9 automobile\",\"Actualit\u00e9 Constructeur automobile\",\"Actualit\u00e9 Mercedes\",\"Berlines\",\"Type de v\u00e9hicule\"],\"inLanguage\":\"fr-FR\",\"potentialAction\":[{\"@type\":\"CommentAction\",\"name\":\"Comment\",\"target\":[\"https:\/\/www.carideal.com\/blog\/2014\/03\/22\/la-nouvelle-mercedes-classe-c-est-arrivee\/#respond\"]}]},{\"@type\":\"WebPage\",\"@id\":\"https:\/\/www.carideal.com\/blog\/2014\/03\/22\/la-nouvelle-mercedes-classe-c-est-arrivee\/\",\"url\":\"https:\/\/www.carideal.com\/blog\/2014\/03\/22\/la-nouvelle-mercedes-classe-c-est-arrivee\/\",\"name\":\"La nouvelle Mercedes Classe C est arriv\u00e9e - Blog auto Carid\u00e9al\",\"isPartOf\":{\"@id\":\"https:\/\/www.carideal.com\/blog\/#website\"},\"primaryImageOfPage\":{\"@id\":\"https:\/\/www.carideal.com\/blog\/2014\/03\/22\/la-nouvelle-mercedes-classe-c-est-arrivee\/#primaryimage\"},\"image\":{\"@id\":\"https:\/\/www.carideal.com\/blog\/2014\/03\/22\/la-nouvelle-mercedes-classe-c-est-arrivee\/#primaryimage\"},\"thumbnailUrl\":\"http:\/\/www.carideal.com\/images_actualite\/mercedesclassec2014achatcaridealmandataireautomobile-1395571039.jpg\",\"datePublished\":\"2014-03-22T23:00:00+00:00\",\"dateModified\":\"2016-12-23T13:15:25+00:00\",\"breadcrumb\":{\"@id\":\"https:\/\/www.carideal.com\/blog\/2014\/03\/22\/la-nouvelle-mercedes-classe-c-est-arrivee\/#breadcrumb\"},\"inLanguage\":\"fr-FR\",\"potentialAction\":[{\"@type\":\"ReadAction\",\"target\":[\"https:\/\/www.carideal.com\/blog\/2014\/03\/22\/la-nouvelle-mercedes-classe-c-est-arrivee\/\"]}]},{\"@type\":\"ImageObject\",\"inLanguage\":\"fr-FR\",\"@id\":\"https:\/\/www.carideal.com\/blog\/2014\/03\/22\/la-nouvelle-mercedes-classe-c-est-arrivee\/#primaryimage\",\"url\":\"http:\/\/www.carideal.com\/images_actualite\/mercedesclassec2014achatcaridealmandataireautomobile-1395571039.jpg\",\"contentUrl\":\"http:\/\/www.carideal.com\/images_actualite\/mercedesclassec2014achatcaridealmandataireautomobile-1395571039.jpg\"},{\"@type\":\"BreadcrumbList\",\"@id\":\"https:\/\/www.carideal.com\/blog\/2014\/03\/22\/la-nouvelle-mercedes-classe-c-est-arrivee\/#breadcrumb\",\"itemListElement\":[{\"@type\":\"ListItem\",\"position\":1,\"name\":\"Blog Carid\u00e9al\",\"item\":\"https:\/\/www.carideal.com\/blog\/\"},{\"@type\":\"ListItem\",\"position\":2,\"name\":\"Actualit\u00e9 automobile\",\"item\":\"https:\/\/www.carideal.com\/blog\/actualites-auto\/\"},{\"@type\":\"ListItem\",\"position\":3,\"name\":\"La nouvelle Mercedes Classe C est arriv\u00e9e\"}]},{\"@type\":\"WebSite\",\"@id\":\"https:\/\/www.carideal.com\/blog\/#website\",\"url\":\"https:\/\/www.carideal.com\/blog\/\",\"name\":\"Blog auto Carid\u00e9al\",\"description\":\"Actualit\u00e9 auto par des passionn\u00e9s\",\"publisher\":{\"@id\":\"https:\/\/www.carideal.com\/blog\/#organization\"},\"potentialAction\":[{\"@type\":\"SearchAction\",\"target\":{\"@type\":\"EntryPoint\",\"urlTemplate\":\"https:\/\/www.carideal.com\/blog\/?s={search_term_string}\"},\"query-input\":{\"@type\":\"PropertyValueSpecification\",\"valueRequired\":true,\"valueName\":\"search_term_string\"}}],\"inLanguage\":\"fr-FR\"},{\"@type\":\"Organization\",\"@id\":\"https:\/\/www.carideal.com\/blog\/#organization\",\"name\":\"Carideal\",\"url\":\"https:\/\/www.carideal.com\/blog\/\",\"logo\":{\"@type\":\"ImageObject\",\"inLanguage\":\"fr-FR\",\"@id\":\"https:\/\/www.carideal.com\/blog\/#\/schema\/logo\/image\/\",\"url\":\"http:\/\/www.carideal.com\/blog\/wp-content\/uploads\/2016\/03\/logo-carideal-mandataire-automobile.png\",\"contentUrl\":\"http:\/\/www.carideal.com\/blog\/wp-content\/uploads\/2016\/03\/logo-carideal-mandataire-automobile.png\",\"width\":300,\"height\":300,\"caption\":\"Carideal\"},\"image\":{\"@id\":\"https:\/\/www.carideal.com\/blog\/#\/schema\/logo\/image\/\"},\"sameAs\":[\"https:\/\/www.facebook.com\/Carideal.mandataire.automobile\",\"https:\/\/x.com\/caridealauto\",\"https:\/\/www.instagram.com\/carideal1\/\",\"https:\/\/www.linkedin.com\/company\/carideal.com\",\"https:\/\/fr.pinterest.com\/schiavonsas\/\",\"https:\/\/www.youtube.com\/user\/caridealsas\"]},{\"@type\":\"Person\",\"@id\":\"https:\/\/www.carideal.com\/blog\/#\/schema\/person\/cd95dc7919660de90d31b366f85be1ec\",\"name\":\"Nicolas SCHIAVON\",\"image\":{\"@type\":\"ImageObject\",\"inLanguage\":\"fr-FR\",\"@id\":\"https:\/\/www.carideal.com\/blog\/#\/schema\/person\/image\/\",\"url\":\"https:\/\/secure.gravatar.com\/avatar\/c17e55009e671d92cc7f5dc837dc418a?s=96&r=g\",\"contentUrl\":\"https:\/\/secure.gravatar.com\/avatar\/c17e55009e671d92cc7f5dc837dc418a?s=96&r=g\",\"caption\":\"Nicolas SCHIAVON\"},\"description\":\"Nicolas Schiavon est tomb\u00e9 tout petit dans la marmite automobile. Ayant eu un garage de marque automobile, mandataire automobile de la premi\u00e8re heure d\u00e8s 1999. Nicolas a cr\u00e9\u00e9 ces premiers sites de vente de voiture et blog automobile d\u00e8s 1994. Carideal est n\u00e9 le 15 d\u00e9cembre 2000 de la volont\u00e9 de vendre des voitures d'occasions en ligne puis des voitures neuves. Il a pu essayer beaucoup de voitures tr\u00e8s diff\u00e9rentes et ayant eu personnellement quelques belles autos, Subaru Impreza, Mitsubishi Lancer Evo 7, Porsche 911, Ferrari Testarrossa, Audi RS3, RS4 et j'en passe...\",\"sameAs\":[\"http:\/\/www.carideal.com\",\"https:\/\/www.facebook.com\/nicolas.schiavon.39\",\"https:\/\/www.instagram.com\/carideal1\/\",\"https:\/\/www.linkedin.com\/in\/nschiavon\/\",\"https:\/\/x.com\/caridealauto\",\"https:\/\/www.youtube.com\/user\/caridealsas\/\"],\"url\":\"https:\/\/www.carideal.com\/blog\/author\/nschiavon\/\"}]}<\/script>\n<!-- \/ Yoast SEO plugin. -->","yoast_head_json":{"title":"La nouvelle Mercedes Classe C est arriv\u00e9e - Blog auto Carid\u00e9al","robots":{"index":"index","follow":"follow","max-snippet":"max-snippet:-1","max-image-preview":"max-image-preview:large","max-video-preview":"max-video-preview:-1"},"canonical":"https:\/\/www.carideal.com\/blog\/2014\/03\/22\/la-nouvelle-mercedes-classe-c-est-arrivee\/","og_locale":"fr_FR","og_type":"article","og_title":"La nouvelle Mercedes Classe C est arriv\u00e9e - Blog auto Carid\u00e9al","og_description":"La nouvelle Mercedes Classe C est arriv\u00e9e La nouvelle Mercedes Classe C est arriv\u00e9e. Mercedes veut frapper fort alors elle y a mis du style, de la technologie et son int\u00e9rieur vaut le d\u00e9tour ! Apr\u00e8s avoir \u00e9t\u00e9 la vedette du salon de d\u00e9troit en janvier, la belle Mercedes Classe c est au catalogue en ... Lire plus","og_url":"https:\/\/www.carideal.com\/blog\/2014\/03\/22\/la-nouvelle-mercedes-classe-c-est-arrivee\/","og_site_name":"Blog auto Carid\u00e9al","article_publisher":"https:\/\/www.facebook.com\/Carideal.mandataire.automobile","article_author":"https:\/\/www.facebook.com\/nicolas.schiavon.39","article_published_time":"2014-03-22T23:00:00+00:00","article_modified_time":"2016-12-23T13:15:25+00:00","og_image":[{"url":"http:\/\/www.carideal.com\/images_actualite\/mercedesclassec2014achatcaridealmandataireautomobile-1395571039.jpg","type":"","width":"","height":""}],"author":"Nicolas SCHIAVON","twitter_card":"summary_large_image","twitter_creator":"@caridealauto","twitter_site":"@caridealauto","twitter_misc":{"\u00c9crit par":"Nicolas SCHIAVON","Dur\u00e9e de lecture estim\u00e9e":"2 minutes"},"schema":{"@context":"https:\/\/schema.org","@graph":[{"@type":"Article","@id":"https:\/\/www.carideal.com\/blog\/2014\/03\/22\/la-nouvelle-mercedes-classe-c-est-arrivee\/#article","isPartOf":{"@id":"https:\/\/www.carideal.com\/blog\/2014\/03\/22\/la-nouvelle-mercedes-classe-c-est-arrivee\/"},"author":{"name":"Nicolas SCHIAVON","@id":"https:\/\/www.carideal.com\/blog\/#\/schema\/person\/cd95dc7919660de90d31b366f85be1ec"},"headline":"La nouvelle Mercedes Classe C est arriv\u00e9e","datePublished":"2014-03-22T23:00:00+00:00","dateModified":"2016-12-23T13:15:25+00:00","mainEntityOfPage":{"@id":"https:\/\/www.carideal.com\/blog\/2014\/03\/22\/la-nouvelle-mercedes-classe-c-est-arrivee\/"},"wordCount":370,"commentCount":0,"publisher":{"@id":"https:\/\/www.carideal.com\/blog\/#organization"},"image":{"@id":"https:\/\/www.carideal.com\/blog\/2014\/03\/22\/la-nouvelle-mercedes-classe-c-est-arrivee\/#primaryimage"},"thumbnailUrl":"http:\/\/www.carideal.com\/images_actualite\/mercedesclassec2014achatcaridealmandataireautomobile-1395571039.jpg","articleSection":["Actualit\u00e9 automobile","Actualit\u00e9 Constructeur automobile","Actualit\u00e9 Mercedes","Berlines","Type de v\u00e9hicule"],"inLanguage":"fr-FR","potentialAction":[{"@type":"CommentAction","name":"Comment","target":["https:\/\/www.carideal.com\/blog\/2014\/03\/22\/la-nouvelle-mercedes-classe-c-est-arrivee\/#respond"]}]},{"@type":"WebPage","@id":"https:\/\/www.carideal.com\/blog\/2014\/03\/22\/la-nouvelle-mercedes-classe-c-est-arrivee\/","url":"https:\/\/www.carideal.com\/blog\/2014\/03\/22\/la-nouvelle-mercedes-classe-c-est-arrivee\/","name":"La nouvelle Mercedes Classe C est arriv\u00e9e - Blog auto Carid\u00e9al","isPartOf":{"@id":"https:\/\/www.carideal.com\/blog\/#website"},"primaryImageOfPage":{"@id":"https:\/\/www.carideal.com\/blog\/2014\/03\/22\/la-nouvelle-mercedes-classe-c-est-arrivee\/#primaryimage"},"image":{"@id":"https:\/\/www.carideal.com\/blog\/2014\/03\/22\/la-nouvelle-mercedes-classe-c-est-arrivee\/#primaryimage"},"thumbnailUrl":"http:\/\/www.carideal.com\/images_actualite\/mercedesclassec2014achatcaridealmandataireautomobile-1395571039.jpg","datePublished":"2014-03-22T23:00:00+00:00","dateModified":"2016-12-23T13:15:25+00:00","breadcrumb":{"@id":"https:\/\/www.carideal.com\/blog\/2014\/03\/22\/la-nouvelle-mercedes-classe-c-est-arrivee\/#breadcrumb"},"inLanguage":"fr-FR","potentialAction":[{"@type":"ReadAction","target":["https:\/\/www.carideal.com\/blog\/2014\/03\/22\/la-nouvelle-mercedes-classe-c-est-arrivee\/"]}]},{"@type":"ImageObject","inLanguage":"fr-FR","@id":"https:\/\/www.carideal.com\/blog\/2014\/03\/22\/la-nouvelle-mercedes-classe-c-est-arrivee\/#primaryimage","url":"http:\/\/www.carideal.com\/images_actualite\/mercedesclassec2014achatcaridealmandataireautomobile-1395571039.jpg","contentUrl":"http:\/\/www.carideal.com\/images_actualite\/mercedesclassec2014achatcaridealmandataireautomobile-1395571039.jpg"},{"@type":"BreadcrumbList","@id":"https:\/\/www.carideal.com\/blog\/2014\/03\/22\/la-nouvelle-mercedes-classe-c-est-arrivee\/#breadcrumb","itemListElement":[{"@type":"ListItem","position":1,"name":"Blog Carid\u00e9al","item":"https:\/\/www.carideal.com\/blog\/"},{"@type":"ListItem","position":2,"name":"Actualit\u00e9 automobile","item":"https:\/\/www.carideal.com\/blog\/actualites-auto\/"},{"@type":"ListItem","position":3,"name":"La nouvelle Mercedes Classe C est arriv\u00e9e"}]},{"@type":"WebSite","@id":"https:\/\/www.carideal.com\/blog\/#website","url":"https:\/\/www.carideal.com\/blog\/","name":"Blog auto Carid\u00e9al","description":"Actualit\u00e9 auto par des passionn\u00e9s","publisher":{"@id":"https:\/\/www.carideal.com\/blog\/#organization"},"potentialAction":[{"@type":"SearchAction","target":{"@type":"EntryPoint","urlTemplate":"https:\/\/www.carideal.com\/blog\/?s={search_term_string}"},"query-input":{"@type":"PropertyValueSpecification","valueRequired":true,"valueName":"search_term_string"}}],"inLanguage":"fr-FR"},{"@type":"Organization","@id":"https:\/\/www.carideal.com\/blog\/#organization","name":"Carideal","url":"https:\/\/www.carideal.com\/blog\/","logo":{"@type":"ImageObject","inLanguage":"fr-FR","@id":"https:\/\/www.carideal.com\/blog\/#\/schema\/logo\/image\/","url":"http:\/\/www.carideal.com\/blog\/wp-content\/uploads\/2016\/03\/logo-carideal-mandataire-automobile.png","contentUrl":"http:\/\/www.carideal.com\/blog\/wp-content\/uploads\/2016\/03\/logo-carideal-mandataire-automobile.png","width":300,"height":300,"caption":"Carideal"},"image":{"@id":"https:\/\/www.carideal.com\/blog\/#\/schema\/logo\/image\/"},"sameAs":["https:\/\/www.facebook.com\/Carideal.mandataire.automobile","https:\/\/x.com\/caridealauto","https:\/\/www.instagram.com\/carideal1\/","https:\/\/www.linkedin.com\/company\/carideal.com","https:\/\/fr.pinterest.com\/schiavonsas\/","https:\/\/www.youtube.com\/user\/caridealsas"]},{"@type":"Person","@id":"https:\/\/www.carideal.com\/blog\/#\/schema\/person\/cd95dc7919660de90d31b366f85be1ec","name":"Nicolas SCHIAVON","image":{"@type":"ImageObject","inLanguage":"fr-FR","@id":"https:\/\/www.carideal.com\/blog\/#\/schema\/person\/image\/","url":"https:\/\/secure.gravatar.com\/avatar\/c17e55009e671d92cc7f5dc837dc418a?s=96&r=g","contentUrl":"https:\/\/secure.gravatar.com\/avatar\/c17e55009e671d92cc7f5dc837dc418a?s=96&r=g","caption":"Nicolas SCHIAVON"},"description":"Nicolas Schiavon est tomb\u00e9 tout petit dans la marmite automobile. Ayant eu un garage de marque automobile, mandataire automobile de la premi\u00e8re heure d\u00e8s 1999. Nicolas a cr\u00e9\u00e9 ces premiers sites de vente de voiture et blog automobile d\u00e8s 1994. Carideal est n\u00e9 le 15 d\u00e9cembre 2000 de la volont\u00e9 de vendre des voitures d'occasions en ligne puis des voitures neuves. Il a pu essayer beaucoup de voitures tr\u00e8s diff\u00e9rentes et ayant eu personnellement quelques belles autos, Subaru Impreza, Mitsubishi Lancer Evo 7, Porsche 911, Ferrari Testarrossa, Audi RS3, RS4 et j'en passe...","sameAs":["http:\/\/www.carideal.com","https:\/\/www.facebook.com\/nicolas.schiavon.39","https:\/\/www.instagram.com\/carideal1\/","https:\/\/www.linkedin.com\/in\/nschiavon\/","https:\/\/x.com\/caridealauto","https:\/\/www.youtube.com\/user\/caridealsas\/"],"url":"https:\/\/www.carideal.com\/blog\/author\/nschiavon\/"}]}},"uagb_featured_image_src":{"full":false,"thumbnail":false,"medium":false,"medium_large":false,"large":false,"1536x1536":false,"2048x2048":false,"wppr-widget":false},"uagb_author_info":{"display_name":"Nicolas SCHIAVON","author_link":"https:\/\/www.carideal.com\/blog\/author\/nschiavon\/"},"uagb_comment_info":0,"uagb_excerpt":"La nouvelle Mercedes Classe C est arriv\u00e9e La nouvelle Mercedes Classe C est arriv\u00e9e. Mercedes veut frapper fort alors elle y a mis du style, de la technologie et son int\u00e9rieur vaut le d\u00e9tour ! Apr\u00e8s avoir \u00e9t\u00e9 la vedette du salon de d\u00e9troit en janvier, la belle Mercedes Classe c est au catalogue en\u2026","_links":{"self":[{"href":"https:\/\/www.carideal.com\/blog\/wp-json\/wp\/v2\/posts\/5408"}],"collection":[{"href":"https:\/\/www.carideal.com\/blog\/wp-json\/wp\/v2\/posts"}],"about":[{"href":"https:\/\/www.carideal.com\/blog\/wp-json\/wp\/v2\/types\/post"}],"author":[{"embeddable":true,"href":"https:\/\/www.carideal.com\/blog\/wp-json\/wp\/v2\/users\/3"}],"replies":[{"embeddable":true,"href":"https:\/\/www.carideal.com\/blog\/wp-json\/wp\/v2\/comments?post=5408"}],"version-history":[{"count":0,"href":"https:\/\/www.carideal.com\/blog\/wp-json\/wp\/v2\/posts\/5408\/revisions"}],"wp:attachment":[{"href":"https:\/\/www.carideal.com\/blog\/wp-json\/wp\/v2\/media?parent=5408"}],"wp:term":[{"taxonomy":"category","embeddable":true,"href":"https:\/\/www.carideal.com\/blog\/wp-json\/wp\/v2\/categories?post=5408"},{"taxonomy":"post_tag","embeddable":true,"href":"https:\/\/www.carideal.com\/blog\/wp-json\/wp\/v2\/tags?post=5408"}],"curies":[{"name":"wp","href":"https:\/\/api.w.org\/{rel}","templated":true}]}}