{"id":5401,"date":"2014-03-12T23:00:00","date_gmt":"2014-03-12T23:00:00","guid":{"rendered":"http:\/\/www.carideal.com\/blog\/2014\/03\/12\/lancement-commercialisation-citroen-c4-cactus\/"},"modified":"2020-03-08T18:00:45","modified_gmt":"2020-03-08T17:00:45","slug":"lancement-commercialisation-citroen-c4-cactus","status":"publish","type":"post","link":"https:\/\/www.carideal.com\/blog\/2014\/03\/12\/lancement-commercialisation-citroen-c4-cactus\/","title":{"rendered":"Citro\u00ebn C4 Cactus &#8211; ouverture des commandes"},"content":{"rendered":"<h2>Citro\u00ebn C4 Cactus - ouverture des commandes<\/h2>\n<p><strong><a href=\"http:\/\/www.carideal.com\/blog\/marque-de-voiture-actualites-essais\/citroen\/\">Citro\u00ebn<\/a> lance le C4 Cactus avec l'ouverture des commandes<\/strong><\/p>\n<figure id=\"attachment_15881\" aria-describedby=\"caption-attachment-15881\" style=\"width: 590px\" class=\"wp-caption aligncenter\"><img loading=\"lazy\" decoding=\"async\" class=\"size-full wp-image-15881\" src=\"http:\/\/www.carideal.com\/blog\/wp-content\/uploads\/2014\/03\/presentation-c4-cactus-e1581172180923.jpg\" alt=\"Pr\u00e9sentation de la Citroen C4 Cactus\" width=\"600\" height=\"400\" \/><figcaption id=\"caption-attachment-15881\" class=\"wp-caption-text\">Pr\u00e9sentation de la Citroen C4 Cactus<\/figcaption><\/figure>\n<h2>A. Une nouvelle donne automobile : Citro\u00ebn C4 CACTUS<\/h2>\n<p>Dans un monde en pleine mutation, les attentes des consommateurs \u00e9voluent de plus en plus vite. <a href=\"http:\/\/www.carideal.com\/blog\/marque-de-voiture-actualites-essais\/citroen\/c4-cactus\/\">Citro\u00ebn C4 Cactus<\/a>\u00a0vient r\u00e9pondre aux questions d\u2019aujourd\u2019hui et aux besoins du consommateur en offrant plus de \u00ab <strong>ce qui compte vraiment pour les clients<\/strong>\u00bb.<br \/>\nLa Citro\u00ebn C4 Cactus pose ainsi les bases d\u2019une nouvelle donne automobile :<br \/>\n+ de Design<br \/>\n+ de Confort<br \/>\n+ de Technologie Utile<br \/>\n\u2026 avec un budget ma\u00eetris\u00e9<\/p>\n<h3>Un design fort \u00e0 l\u2019\u00e9preuve du quotidien pour le C4 Cactus<\/h3>\n<p>Le style unique de Citro\u00ebn C4 Cactus ne passe pas inaper\u00e7u et se m\u00e9morise facilement, \u00e0 l\u2019image des voitures qui ont marqu\u00e9 leur \u00e9poque. Il offre des surfaces pures et lisses, des volumes fluides qui \u00e9vacuent toute forme d\u2019agressivit\u00e9, un pavillon flottant, une signature lumineuse caract\u00e9ristique et des \u00e9l\u00e9ments graphiques forts qui allient style et fonctionnalit\u00e9.<\/p>\n<p>Les <strong>Airbump<\/strong> du C4 Cactus illustrent totalement la capacit\u00e9 de ce nouveau v\u00e9hicule \u00e0 associer design et technologie utile pour des co\u00fbts ma\u00eetris\u00e9s. Int\u00e9gr\u00e9s aux flancs et aux boucliers, les Airbump structurent graphiquement le style pur et lisse de la Citro\u00ebn C4 Cactus.<\/p>\n<p>Propos\u00e9s en quatre coloris (Black, Grey, Dune et Chocolate), ils multiplient les possibilit\u00e9s de personnalisation en s\u2019associant aux 10 couleurs de carrosserie disponibles et aux 3 univers int\u00e9rieurs (Ambiance Stone Grey, Pack Habana Inside et Pack Purple Inside).<br \/>\nSurtout, ils apportent une vraie protection contre les agressions du quotidien. Leur peau souple en TPU (Thermo<br \/>\nPlastique Ur\u00e9thane) renferme des capsules d\u2019air pour amortir les chocs. Les Airbump ne n\u00e9cessitent pas d\u2019entretien particulier et participent directement \u00e0 la r\u00e9duction des co\u00fbts d\u2019entretien et de r\u00e9paration.<\/p>\n<p>Citro\u00ebn C4 Cactus offre \u00e9galement des proportions optimales au b\u00e9n\u00e9fice du style, de l\u2019habilit\u00e9 et du confort de<br \/>\nconduite :<br \/>\n\uf0b7 Un empattement de 2,60 m (\u00e9quivalent \u00e0 une CITRO\u00cbN C4) qui fait la part belle \u00e0 l\u2019habitabilit\u00e9,<br \/>\n\uf0b7 Un gabarit de berline compacte (longueur : 4,16 m et largeur : 1,73 m)<br \/>\n\uf0b7 Un profil id\u00e9al en termes de style avec 1\/3 de surfaces vitr\u00e9es et 2\/3 de flancs.<br \/>\n\uf0b7 Une hauteur optimis\u00e9e de seulement 1,48 m au b\u00e9n\u00e9fice de l\u2019a\u00e9rodynamisme,<br \/>\n\uf0b7 Des porte-\u00e0-faux r\u00e9duits qui placent les roues aux quatre coins.<\/p>\n<h3>Un Confort irr\u00e9prochable pour le C4 Cactus<\/h3>\n<p>Un travail important a \u00e9t\u00e9 effectu\u00e9 dans l\u2019habitacle pour offrir plus de confort au conducteur et aux passagers avec plus d\u2019espace, d\u2019aisance et de convivialit\u00e9 :<br \/>\n\uf0b7 L\u2019airbag passager est d\u00e9port\u00e9 dans le pavillon (technologie Airbag in Roof) alors qu\u2019il est habituellement plac\u00e9<br \/>\ndans la planche de bord, ce qui offre un rangement suppl\u00e9mentaire.<br \/>\n\uf0b7 L\u2019int\u00e9gration d\u2019une tablette tactile 7\u2019\u2019 regroupant toutes les fonctions (climatisation, m\u00e9dia, navigation,<br \/>\nparam\u00e9trage, t\u00e9l\u00e9phone, services connect\u00e9s et aides \u00e0 la conduite) permet l\u2019abandon des traditionnels boutons<br \/>\nde commande.<br \/>\n\uf0b7 Les larges assises dessin\u00e9es dans un esprit Sofa offrent un confort et une convivialit\u00e9 accrue.<br \/>\n\uf0b7 C4 Cactus offre une facilit\u00e9 de prise en main et une remarquable maniabilit\u00e9 en ville, tout en offrant<br \/>\nune excellente habitabilit\u00e9 (m\u00eame espace aux genoux arri\u00e8re que Citro\u00ebn C4 et coffre de 358 litres).<\/p>\n<h3>Une technologie au service du conducteur sur le C4 Cactus<\/h3>\n<p>Faciles \u00e0 utiliser, accessibles \u00e0 tous et connect\u00e9es, les technologies de Citro\u00ebn C4 Cactus sont r\u00e9solument tourn\u00e9es vers les besoins des automobilistes.<br \/>\nLa tablette tactile associ\u00e9e \u00e0 ses 7 Pushs sensitifs permet l\u2019acc\u00e8s \u00e0 toutes les fonctionnalit\u00e9s (climatisation, m\u00e9dia, navigation, param\u00e9trage, t\u00e9l\u00e9phone, services connect\u00e9s et aides \u00e0 la conduite).<\/p>\n<p>Citro\u00ebn C4 Cactus propose, en option, l\u2019acc\u00e8s au portail <a href=\"http:\/\/www.carideal.com\/blog\/2016\/03\/22\/citroen-connect-voiture-connectee\/\">Citro\u00ebn Multicity Connect<\/a>. D\u00e9j\u00e0 d\u00e9ploy\u00e9 sur Nouveaux Citro\u00ebn C4 Picasso, il permet \u00e0 l\u2019automobiliste d\u2019acc\u00e9der \u00e0 un portail d\u2019applications ayant pour vocation de simplifier la conduite et l\u2019usage de son v\u00e9hicule.<\/p>\n<p>Pour une conduite sereine, Citro\u00ebn C4 Cactus dispose aussi d\u2019aides \u00e0 la conduite s\u00e9lectionn\u00e9es pour faciliter le quotidien du conducteur. <strong>Le Park Assist<\/strong> aide le conducteur lors de sa recherche de place de parking et effectue une man\u0153uvre automatique une fois l\u2019emplacement d\u00e9tect\u00e9.<\/p>\n<p><strong>La cam\u00e9ra de recul<\/strong> vient \u00e9pauler le conducteur lors des man\u0153uvres de recul. <strong>L\u2019aide au d\u00e9marrage<\/strong> en pente maintient automatiquement le v\u00e9hicule frein\u00e9 durant deux secondes pour un red\u00e9marrage facile sur des pentes sup\u00e9rieures \u00e0 3 %. Enfin, le Citro\u00ebn eTouch comprend un service<br \/>\nd\u2019appel d\u2019urgence et d\u2019assistance localis\u00e9s.<\/p>\n<p>Le syst\u00e8me <strong>Magic Wash<\/strong>, innovation simple et astucieuse, permet de supprimer la g\u00eane visuelle li\u00e9e au lavage du parebrise.<br \/>\nLes diffuseurs de lave-glace sont int\u00e9gr\u00e9s \u00e0 l\u2019extr\u00e9mit\u00e9 du balai d\u2019essuie-vitres afin d\u2019y d\u00e9poser un filet de liquide.<\/p>\n<p>La visibilit\u00e9 est ainsi pr\u00e9serv\u00e9e pendant tout le lavage du pare-brise et la quantit\u00e9 de liquide n\u00e9cessaire est <strong>divis\u00e9e par 2 par rapport \u00e0 un syst\u00e8me traditionnel<\/strong>.<\/p>\n<h3>Un budget ma\u00eetris\u00e9 sur le C4 Cactus<\/h3>\n<p>Gr\u00e2ce \u00e0 une chasse au superflu et \u00e0 des choix techniques et technologiques forts, Citro\u00ebn C4 Cactus offre une masse en rupture. Au total c\u2019est 200 kg qui ont \u00e9t\u00e9 gagn\u00e9s par rapport \u00e0 <a href=\"http:\/\/www.carideal.com\/blog\/2015\/03\/11\/citroen-c4-la-reconquete\/\">Citro\u00ebn C4<\/a>, ce qui permet d\u2019obtenir une masse \u00e0 vide de 965 kg.<\/p>\n<p>L\u2019utilisation d\u2019une plateforme compacte et l\u00e9g\u00e8re, alli\u00e9e \u00e0 l\u2019utilisation de moteurs de derni\u00e8re g\u00e9n\u00e9ration, de faible cylindr\u00e9e et r\u00e9pondant \u00e0 la norme Euro6 permet de proposer une version <strong>essence \u00e0 moins de 100 g\/km de CO2<\/strong> et une version <strong>diesel \u00e0 82 g\/km<\/strong> pour une consommation de <strong>3,1 l\/100 km<\/strong>.<\/p>\n<p>Au-del\u00e0 des consommations de carburant, c\u2019est l\u2019ensemble des <strong>co\u00fbts d\u2019utilisation<\/strong> de Citro\u00ebn C4 Cactus qui ont pu \u00eatre r\u00e9duits <strong>de pr\u00e8s de 20% par rapport aux r\u00e9f\u00e9rents du segment des berlines compactes.<\/strong> En effet, gr\u00e2ce au travail r\u00e9alis\u00e9 sur l\u2019optimisation de la masse, la consommation de pi\u00e8ces d\u2019usure a pu \u00eatre diminu\u00e9e de mani\u00e8re significative. Et, gr\u00e2ce aux Airbump, ce sont <strong>les co\u00fbts de r\u00e9parations qui vont \u00eatre fortement diminu\u00e9s<\/strong>.<\/p>\n<h2>B. Gamme et tarifs du C4 Cactus<\/h2>\n<p>D\u00e9clin\u00e9e en quatre finitions, la Citro\u00ebn C4 Cactus propose :<br \/>\n\uf0b7 La finition START, disponible uniquement en VTi 75 BVM et disponible \u00e0 partir de 13 950 \u20ac TTC.<\/p>\n<p>\uf0b7 La finition Live est le v\u00e9ritable premier niveau de gamme de C4 Cactus. Disponible dans les motorisations VTi 82<br \/>\nBVM et BlueHDi 100 BVM (commercialisation ult\u00e9rieure), cette finition est disponible \u00e0 partir de 15 200 \u20ac TTC.<br \/>\nElle dispose, entre autres, des \u00e9quipements suivants : Airbump Black, MagicWash, Roues t\u00f4le 16\u2019\u2019, syst\u00e8me<br \/>\naudio MP3 avec prise USB et r\u00e9gulateur - limiteur de vitesse.<\/p>\n<p>\uf0b7 La finition Feel repr\u00e9sente le deuxi\u00e8me niveau de gamme de Citro\u00ebn C4 Cactus. Cette finition ajoute notamment<br \/>\n\u00e0 la finition Live les barres de toit, la climatisation, la Connecting Box, les projecteurs antibrouillard ainsi que le<br \/>\nvolant cro\u00fbte de cuir. Disponible \u00e0 partir de 16 950 \u20ac TTC, elle dispose d\u2019une grande possibilit\u00e9 d\u2019options et<br \/>\nd\u2019un choix de motorisation essence et diesel plus vari\u00e9 (VTi 82 BVM, e-VTi 82 ETG, e-HDi 92 ETG6 et BlueHDi<br \/>\n100 BVM).<\/p>\n<p>\uf0b7 La finition Shine est le plus haut niveau de finition de Citro\u00ebn C4 Cactus. Proposant les m\u00eames motorisations<br \/>\nque la finition Feel, elle ajoute la navigation, l\u2019allumage des projecteurs et l\u2019essuie-vitre avant automatiques, la<br \/>\nclimatisation automatique, l\u2019aide au stationnement arri\u00e8re, la cam\u00e9ra de recul et les jantes alliage 16\u2019\u2019. Elle est<br \/>\ndisponible \u00e0 partir de 18 700 \u20ac TTC.<\/p>\n<p>Nous attirons votre attention sur la disponibilit\u00e9 ult\u00e9rieure de la motorisation BlueHDi 100 BVM.<\/p>\n<h3>\u00c9ditions de lancement du C4 Cactus<\/h3>\n<p>Pour accompagner le lancement de ce nouveau v\u00e9hicule, deux \u00e9ditions de lancement sont disponibles. Bas\u00e9es sur les<br \/>\nniveaux Feel et Shine, elles disposent d\u2019\u00e9quipements que nous souhaitons mettre en avant lors du lancement en offrant<br \/>\nun l\u00e9ger avantage \u00e9quipement.<\/p>\n<p>Bas\u00e9e sur le niveau Feel, l\u2019\u00e9dition de lancement <strong>Feel Edition<\/strong> (client\u00e8le T3) ajoute les \u00e9quipements suivants :<br \/>\n\uf0b7 Jantes alliage Square 16\u2019\u2019<br \/>\n\uf0b7 Insert de Custode \u2018Cactus\u2019 (Disponible uniquement sur les \u00e9ditions de lancement)<br \/>\n\uf0b7 Teinte de caisse Opaque payante \u2013 Airbump Black<br \/>\nElle est disponible sur toutes les motorisations de la finition Feel et propose les croisements Teinte de caisse \/ Airbump<br \/>\nsuivants :<br \/>\n\uf0b7 Teinte Hello Yellow \u2013 Airbump Black<br \/>\n\uf0b7 Teinte Olive Brown \u2013 Airbump Dune<br \/>\n\uf0b7 Teinte Gris Aluminium Airbump Grey<\/p>\n<p>Bas\u00e9e sur le niveau Shine, l\u2019\u00e9dition de lancement <strong>Shine Edition<\/strong> (client\u00e8le T3) ajoute les \u00e9quipements suivants :<br \/>\n\uf0b7 Jantes alliage Cross 17\u2019\u2019<br \/>\n\uf0b7 Insert de Custode \u2018Cactus\u2019 (Disponible uniquement sur les \u00e9ditions de lancement)<br \/>\n\uf0b7 Teinte de caisse m\u00e9tallis\u00e9e ou nacr\u00e9e \u2013 Airbump Black<br \/>\nElle est disponible sur toutes les motorisations de la finition Shine et propose les croisements Teinte de caisse \/ Airbump<br \/>\nsuivants :<br \/>\n\uf0b7 Teinte Deep Purple \u2013 Airbump Black<br \/>\n\uf0b7 Teinte Gris Shark \u2013 Airbump Grey<br \/>\n\uf0b7 Teinte Blanc Perle Nacr\u00e9 Airbump Chocolate<\/p>\n<p>Vous trouverez 6 pr\u00e9conisations de combinaisons Teinte de caisse \/ Airbump \/ Options associant<br \/>\nchacune un nom \u00e0 cette combinaison (Hello, Trendy, Silver, Moonlight, Urban, Midnight).<\/p>\n<p>La nouvelle C4 Cactus est disponible \u00e0 partir de 13950 \u20ac et certain mod\u00e8le b\u00e9n\u00e9ficie du bonus de 150 \u20ac.<\/p>\n","protected":false},"excerpt":{"rendered":"<p>Citro\u00ebn C4 Cactus &#8211; ouverture des commandes Citro\u00ebn lance le C4 Cactus avec l&rsquo;ouverture des commandes A. Une nouvelle donne automobile : Citro\u00ebn C4 CACTUS Dans un monde en pleine mutation, les attentes des consommateurs \u00e9voluent de plus en plus vite. Citro\u00ebn C4 Cactus\u00a0vient r\u00e9pondre aux questions d\u2019aujourd\u2019hui et aux besoins du consommateur en offrant &#8230; <a title=\"Citro\u00ebn C4 Cactus &#8211; ouverture des commandes\" class=\"read-more\" href=\"https:\/\/www.carideal.com\/blog\/2014\/03\/12\/lancement-commercialisation-citroen-c4-cactus\/\" aria-label=\"En savoir plus sur Citro\u00ebn C4 Cactus &#8211; ouverture des commandes\">Lire plus<\/a><\/p>\n","protected":false},"author":3,"featured_media":15881,"comment_status":"open","ping_status":"open","sticky":false,"template":"","format":"standard","meta":{"_uag_custom_page_level_css":"","_themeisle_gutenberg_block_has_review":false,"footnotes":""},"categories":[21,5,17197,5944,6021,5974],"tags":[],"class_list":["post-5401","post","type-post","status-publish","format-standard","has-post-thumbnail","hentry","category-actualites-auto","category-citroen","category-actualite-citroen-c4-cactus","category-constructeur","category-crossovers","category-type-de-vehicule"],"wppr_data":{"cwp_meta_box_check":"No"},"yoast_head":"<!-- This site is optimized with the Yoast SEO plugin v24.8.1 - https:\/\/yoast.com\/wordpress\/plugins\/seo\/ -->\n<title>Citro\u00ebn C4 Cactus - ouverture des commandes - Blog auto Carid\u00e9al<\/title>\n<meta name=\"description\" content=\"Ouverture des commandes de Citro\u00ebn C4 Cactus. Le cactus vient r\u00e9pondre aux questions d\u2019aujourd\u2019hui et aux besoins du consommateur\" \/>\n<meta name=\"robots\" content=\"index, follow, max-snippet:-1, max-image-preview:large, max-video-preview:-1\" \/>\n<link rel=\"canonical\" href=\"https:\/\/www.carideal.com\/blog\/2014\/03\/12\/lancement-commercialisation-citroen-c4-cactus\/\" \/>\n<meta property=\"og:locale\" content=\"fr_FR\" \/>\n<meta property=\"og:type\" content=\"article\" \/>\n<meta property=\"og:title\" content=\"Citro\u00ebn C4 Cactus - ouverture des commandes - Blog auto Carid\u00e9al\" \/>\n<meta property=\"og:description\" content=\"Ouverture des commandes de Citro\u00ebn C4 Cactus. Le cactus vient r\u00e9pondre aux questions d\u2019aujourd\u2019hui et aux besoins du consommateur\" \/>\n<meta property=\"og:url\" content=\"https:\/\/www.carideal.com\/blog\/2014\/03\/12\/lancement-commercialisation-citroen-c4-cactus\/\" \/>\n<meta property=\"og:site_name\" content=\"Blog auto Carid\u00e9al\" \/>\n<meta property=\"article:publisher\" content=\"https:\/\/www.facebook.com\/Carideal.mandataire.automobile\" \/>\n<meta property=\"article:author\" content=\"https:\/\/www.facebook.com\/nicolas.schiavon.39\" \/>\n<meta property=\"article:published_time\" content=\"2014-03-12T23:00:00+00:00\" \/>\n<meta property=\"article:modified_time\" content=\"2020-03-08T17:00:45+00:00\" \/>\n<meta property=\"og:image\" content=\"https:\/\/www.carideal.com\/blog\/wp-content\/uploads\/2014\/03\/presentation-c4-cactus-e1581172180923.jpg\" \/>\n\t<meta property=\"og:image:width\" content=\"600\" \/>\n\t<meta property=\"og:image:height\" content=\"400\" \/>\n\t<meta property=\"og:image:type\" content=\"image\/jpeg\" \/>\n<meta name=\"author\" content=\"Nicolas SCHIAVON\" \/>\n<meta name=\"twitter:card\" content=\"summary_large_image\" \/>\n<meta name=\"twitter:creator\" content=\"@caridealauto\" \/>\n<meta name=\"twitter:site\" content=\"@caridealauto\" \/>\n<meta name=\"twitter:label1\" content=\"\u00c9crit par\" \/>\n\t<meta name=\"twitter:data1\" content=\"Nicolas SCHIAVON\" \/>\n\t<meta name=\"twitter:label2\" content=\"Dur\u00e9e de lecture estim\u00e9e\" \/>\n\t<meta name=\"twitter:data2\" content=\"8 minutes\" \/>\n<script type=\"application\/ld+json\" class=\"yoast-schema-graph\">{\"@context\":\"https:\/\/schema.org\",\"@graph\":[{\"@type\":\"Article\",\"@id\":\"https:\/\/www.carideal.com\/blog\/2014\/03\/12\/lancement-commercialisation-citroen-c4-cactus\/#article\",\"isPartOf\":{\"@id\":\"https:\/\/www.carideal.com\/blog\/2014\/03\/12\/lancement-commercialisation-citroen-c4-cactus\/\"},\"author\":{\"name\":\"Nicolas SCHIAVON\",\"@id\":\"https:\/\/www.carideal.com\/blog\/#\/schema\/person\/cd95dc7919660de90d31b366f85be1ec\"},\"headline\":\"Citro\u00ebn C4 Cactus &#8211; ouverture des commandes\",\"datePublished\":\"2014-03-12T23:00:00+00:00\",\"dateModified\":\"2020-03-08T17:00:45+00:00\",\"mainEntityOfPage\":{\"@id\":\"https:\/\/www.carideal.com\/blog\/2014\/03\/12\/lancement-commercialisation-citroen-c4-cactus\/\"},\"wordCount\":1567,\"commentCount\":0,\"publisher\":{\"@id\":\"https:\/\/www.carideal.com\/blog\/#organization\"},\"image\":{\"@id\":\"https:\/\/www.carideal.com\/blog\/2014\/03\/12\/lancement-commercialisation-citroen-c4-cactus\/#primaryimage\"},\"thumbnailUrl\":\"https:\/\/www.carideal.com\/blog\/wp-content\/uploads\/2014\/03\/presentation-c4-cactus-e1581172180923.jpg\",\"articleSection\":[\"Actualit\u00e9 automobile\",\"Actualit\u00e9 Citroen\",\"Actualit\u00e9 Citroen C4 Cactus\",\"Actualit\u00e9 Constructeur automobile\",\"Crossover\",\"Type de v\u00e9hicule\"],\"inLanguage\":\"fr-FR\",\"potentialAction\":[{\"@type\":\"CommentAction\",\"name\":\"Comment\",\"target\":[\"https:\/\/www.carideal.com\/blog\/2014\/03\/12\/lancement-commercialisation-citroen-c4-cactus\/#respond\"]}]},{\"@type\":\"WebPage\",\"@id\":\"https:\/\/www.carideal.com\/blog\/2014\/03\/12\/lancement-commercialisation-citroen-c4-cactus\/\",\"url\":\"https:\/\/www.carideal.com\/blog\/2014\/03\/12\/lancement-commercialisation-citroen-c4-cactus\/\",\"name\":\"Citro\u00ebn C4 Cactus - ouverture des commandes - Blog auto Carid\u00e9al\",\"isPartOf\":{\"@id\":\"https:\/\/www.carideal.com\/blog\/#website\"},\"primaryImageOfPage\":{\"@id\":\"https:\/\/www.carideal.com\/blog\/2014\/03\/12\/lancement-commercialisation-citroen-c4-cactus\/#primaryimage\"},\"image\":{\"@id\":\"https:\/\/www.carideal.com\/blog\/2014\/03\/12\/lancement-commercialisation-citroen-c4-cactus\/#primaryimage\"},\"thumbnailUrl\":\"https:\/\/www.carideal.com\/blog\/wp-content\/uploads\/2014\/03\/presentation-c4-cactus-e1581172180923.jpg\",\"datePublished\":\"2014-03-12T23:00:00+00:00\",\"dateModified\":\"2020-03-08T17:00:45+00:00\",\"description\":\"Ouverture des commandes de Citro\u00ebn C4 Cactus. Le cactus vient r\u00e9pondre aux questions d\u2019aujourd\u2019hui et aux besoins du consommateur\",\"breadcrumb\":{\"@id\":\"https:\/\/www.carideal.com\/blog\/2014\/03\/12\/lancement-commercialisation-citroen-c4-cactus\/#breadcrumb\"},\"inLanguage\":\"fr-FR\",\"potentialAction\":[{\"@type\":\"ReadAction\",\"target\":[\"https:\/\/www.carideal.com\/blog\/2014\/03\/12\/lancement-commercialisation-citroen-c4-cactus\/\"]}]},{\"@type\":\"ImageObject\",\"inLanguage\":\"fr-FR\",\"@id\":\"https:\/\/www.carideal.com\/blog\/2014\/03\/12\/lancement-commercialisation-citroen-c4-cactus\/#primaryimage\",\"url\":\"https:\/\/www.carideal.com\/blog\/wp-content\/uploads\/2014\/03\/presentation-c4-cactus-e1581172180923.jpg\",\"contentUrl\":\"https:\/\/www.carideal.com\/blog\/wp-content\/uploads\/2014\/03\/presentation-c4-cactus-e1581172180923.jpg\",\"width\":600,\"height\":400,\"caption\":\"Pr\u00e9sentation de la Citroen C4 Cactus\"},{\"@type\":\"BreadcrumbList\",\"@id\":\"https:\/\/www.carideal.com\/blog\/2014\/03\/12\/lancement-commercialisation-citroen-c4-cactus\/#breadcrumb\",\"itemListElement\":[{\"@type\":\"ListItem\",\"position\":1,\"name\":\"Blog Carid\u00e9al\",\"item\":\"https:\/\/www.carideal.com\/blog\/\"},{\"@type\":\"ListItem\",\"position\":2,\"name\":\"Actualit\u00e9 constructeur automobile\",\"item\":\"https:\/\/www.carideal.com\/blog\/constructeur\/\"},{\"@type\":\"ListItem\",\"position\":3,\"name\":\"Actualit\u00e9 Citroen\",\"item\":\"https:\/\/www.carideal.com\/blog\/constructeur\/citroen\/\"},{\"@type\":\"ListItem\",\"position\":4,\"name\":\"Actualit\u00e9 Citroen C4 Cactus\",\"item\":\"https:\/\/www.carideal.com\/blog\/constructeur\/citroen\/actualite-citroen-c4-cactus\/\"},{\"@type\":\"ListItem\",\"position\":5,\"name\":\"Citro\u00ebn C4 Cactus &#8211; ouverture des commandes\"}]},{\"@type\":\"WebSite\",\"@id\":\"https:\/\/www.carideal.com\/blog\/#website\",\"url\":\"https:\/\/www.carideal.com\/blog\/\",\"name\":\"Blog auto Carid\u00e9al\",\"description\":\"Actualit\u00e9 auto par des passionn\u00e9s\",\"publisher\":{\"@id\":\"https:\/\/www.carideal.com\/blog\/#organization\"},\"potentialAction\":[{\"@type\":\"SearchAction\",\"target\":{\"@type\":\"EntryPoint\",\"urlTemplate\":\"https:\/\/www.carideal.com\/blog\/?s={search_term_string}\"},\"query-input\":{\"@type\":\"PropertyValueSpecification\",\"valueRequired\":true,\"valueName\":\"search_term_string\"}}],\"inLanguage\":\"fr-FR\"},{\"@type\":\"Organization\",\"@id\":\"https:\/\/www.carideal.com\/blog\/#organization\",\"name\":\"Carideal\",\"url\":\"https:\/\/www.carideal.com\/blog\/\",\"logo\":{\"@type\":\"ImageObject\",\"inLanguage\":\"fr-FR\",\"@id\":\"https:\/\/www.carideal.com\/blog\/#\/schema\/logo\/image\/\",\"url\":\"http:\/\/www.carideal.com\/blog\/wp-content\/uploads\/2016\/03\/logo-carideal-mandataire-automobile.png\",\"contentUrl\":\"http:\/\/www.carideal.com\/blog\/wp-content\/uploads\/2016\/03\/logo-carideal-mandataire-automobile.png\",\"width\":300,\"height\":300,\"caption\":\"Carideal\"},\"image\":{\"@id\":\"https:\/\/www.carideal.com\/blog\/#\/schema\/logo\/image\/\"},\"sameAs\":[\"https:\/\/www.facebook.com\/Carideal.mandataire.automobile\",\"https:\/\/x.com\/caridealauto\",\"https:\/\/www.instagram.com\/carideal1\/\",\"https:\/\/www.linkedin.com\/company\/carideal.com\",\"https:\/\/fr.pinterest.com\/schiavonsas\/\",\"https:\/\/www.youtube.com\/user\/caridealsas\"]},{\"@type\":\"Person\",\"@id\":\"https:\/\/www.carideal.com\/blog\/#\/schema\/person\/cd95dc7919660de90d31b366f85be1ec\",\"name\":\"Nicolas SCHIAVON\",\"image\":{\"@type\":\"ImageObject\",\"inLanguage\":\"fr-FR\",\"@id\":\"https:\/\/www.carideal.com\/blog\/#\/schema\/person\/image\/\",\"url\":\"https:\/\/secure.gravatar.com\/avatar\/c17e55009e671d92cc7f5dc837dc418a?s=96&r=g\",\"contentUrl\":\"https:\/\/secure.gravatar.com\/avatar\/c17e55009e671d92cc7f5dc837dc418a?s=96&r=g\",\"caption\":\"Nicolas SCHIAVON\"},\"description\":\"Nicolas Schiavon est tomb\u00e9 tout petit dans la marmite automobile. Ayant eu un garage de marque automobile, mandataire automobile de la premi\u00e8re heure d\u00e8s 1999. Nicolas a cr\u00e9\u00e9 ces premiers sites de vente de voiture et blog automobile d\u00e8s 1994. Carideal est n\u00e9 le 15 d\u00e9cembre 2000 de la volont\u00e9 de vendre des voitures d'occasions en ligne puis des voitures neuves. Il a pu essayer beaucoup de voitures tr\u00e8s diff\u00e9rentes et ayant eu personnellement quelques belles autos, Subaru Impreza, Mitsubishi Lancer Evo 7, Porsche 911, Ferrari Testarrossa, Audi RS3, RS4 et j'en passe...\",\"sameAs\":[\"http:\/\/www.carideal.com\",\"https:\/\/www.facebook.com\/nicolas.schiavon.39\",\"https:\/\/www.instagram.com\/carideal1\/\",\"https:\/\/www.linkedin.com\/in\/nschiavon\/\",\"https:\/\/x.com\/caridealauto\",\"https:\/\/www.youtube.com\/user\/caridealsas\/\"],\"url\":\"https:\/\/www.carideal.com\/blog\/author\/nschiavon\/\"}]}<\/script>\n<!-- \/ Yoast SEO plugin. -->","yoast_head_json":{"title":"Citro\u00ebn C4 Cactus - ouverture des commandes - Blog auto Carid\u00e9al","description":"Ouverture des commandes de Citro\u00ebn C4 Cactus. Le cactus vient r\u00e9pondre aux questions d\u2019aujourd\u2019hui et aux besoins du consommateur","robots":{"index":"index","follow":"follow","max-snippet":"max-snippet:-1","max-image-preview":"max-image-preview:large","max-video-preview":"max-video-preview:-1"},"canonical":"https:\/\/www.carideal.com\/blog\/2014\/03\/12\/lancement-commercialisation-citroen-c4-cactus\/","og_locale":"fr_FR","og_type":"article","og_title":"Citro\u00ebn C4 Cactus - ouverture des commandes - Blog auto Carid\u00e9al","og_description":"Ouverture des commandes de Citro\u00ebn C4 Cactus. Le cactus vient r\u00e9pondre aux questions d\u2019aujourd\u2019hui et aux besoins du consommateur","og_url":"https:\/\/www.carideal.com\/blog\/2014\/03\/12\/lancement-commercialisation-citroen-c4-cactus\/","og_site_name":"Blog auto Carid\u00e9al","article_publisher":"https:\/\/www.facebook.com\/Carideal.mandataire.automobile","article_author":"https:\/\/www.facebook.com\/nicolas.schiavon.39","article_published_time":"2014-03-12T23:00:00+00:00","article_modified_time":"2020-03-08T17:00:45+00:00","og_image":[{"width":600,"height":400,"url":"https:\/\/www.carideal.com\/blog\/wp-content\/uploads\/2014\/03\/presentation-c4-cactus-e1581172180923.jpg","type":"image\/jpeg"}],"author":"Nicolas SCHIAVON","twitter_card":"summary_large_image","twitter_creator":"@caridealauto","twitter_site":"@caridealauto","twitter_misc":{"\u00c9crit par":"Nicolas SCHIAVON","Dur\u00e9e de lecture estim\u00e9e":"8 minutes"},"schema":{"@context":"https:\/\/schema.org","@graph":[{"@type":"Article","@id":"https:\/\/www.carideal.com\/blog\/2014\/03\/12\/lancement-commercialisation-citroen-c4-cactus\/#article","isPartOf":{"@id":"https:\/\/www.carideal.com\/blog\/2014\/03\/12\/lancement-commercialisation-citroen-c4-cactus\/"},"author":{"name":"Nicolas SCHIAVON","@id":"https:\/\/www.carideal.com\/blog\/#\/schema\/person\/cd95dc7919660de90d31b366f85be1ec"},"headline":"Citro\u00ebn C4 Cactus &#8211; ouverture des commandes","datePublished":"2014-03-12T23:00:00+00:00","dateModified":"2020-03-08T17:00:45+00:00","mainEntityOfPage":{"@id":"https:\/\/www.carideal.com\/blog\/2014\/03\/12\/lancement-commercialisation-citroen-c4-cactus\/"},"wordCount":1567,"commentCount":0,"publisher":{"@id":"https:\/\/www.carideal.com\/blog\/#organization"},"image":{"@id":"https:\/\/www.carideal.com\/blog\/2014\/03\/12\/lancement-commercialisation-citroen-c4-cactus\/#primaryimage"},"thumbnailUrl":"https:\/\/www.carideal.com\/blog\/wp-content\/uploads\/2014\/03\/presentation-c4-cactus-e1581172180923.jpg","articleSection":["Actualit\u00e9 automobile","Actualit\u00e9 Citroen","Actualit\u00e9 Citroen C4 Cactus","Actualit\u00e9 Constructeur automobile","Crossover","Type de v\u00e9hicule"],"inLanguage":"fr-FR","potentialAction":[{"@type":"CommentAction","name":"Comment","target":["https:\/\/www.carideal.com\/blog\/2014\/03\/12\/lancement-commercialisation-citroen-c4-cactus\/#respond"]}]},{"@type":"WebPage","@id":"https:\/\/www.carideal.com\/blog\/2014\/03\/12\/lancement-commercialisation-citroen-c4-cactus\/","url":"https:\/\/www.carideal.com\/blog\/2014\/03\/12\/lancement-commercialisation-citroen-c4-cactus\/","name":"Citro\u00ebn C4 Cactus - ouverture des commandes - Blog auto Carid\u00e9al","isPartOf":{"@id":"https:\/\/www.carideal.com\/blog\/#website"},"primaryImageOfPage":{"@id":"https:\/\/www.carideal.com\/blog\/2014\/03\/12\/lancement-commercialisation-citroen-c4-cactus\/#primaryimage"},"image":{"@id":"https:\/\/www.carideal.com\/blog\/2014\/03\/12\/lancement-commercialisation-citroen-c4-cactus\/#primaryimage"},"thumbnailUrl":"https:\/\/www.carideal.com\/blog\/wp-content\/uploads\/2014\/03\/presentation-c4-cactus-e1581172180923.jpg","datePublished":"2014-03-12T23:00:00+00:00","dateModified":"2020-03-08T17:00:45+00:00","description":"Ouverture des commandes de Citro\u00ebn C4 Cactus. Le cactus vient r\u00e9pondre aux questions d\u2019aujourd\u2019hui et aux besoins du consommateur","breadcrumb":{"@id":"https:\/\/www.carideal.com\/blog\/2014\/03\/12\/lancement-commercialisation-citroen-c4-cactus\/#breadcrumb"},"inLanguage":"fr-FR","potentialAction":[{"@type":"ReadAction","target":["https:\/\/www.carideal.com\/blog\/2014\/03\/12\/lancement-commercialisation-citroen-c4-cactus\/"]}]},{"@type":"ImageObject","inLanguage":"fr-FR","@id":"https:\/\/www.carideal.com\/blog\/2014\/03\/12\/lancement-commercialisation-citroen-c4-cactus\/#primaryimage","url":"https:\/\/www.carideal.com\/blog\/wp-content\/uploads\/2014\/03\/presentation-c4-cactus-e1581172180923.jpg","contentUrl":"https:\/\/www.carideal.com\/blog\/wp-content\/uploads\/2014\/03\/presentation-c4-cactus-e1581172180923.jpg","width":600,"height":400,"caption":"Pr\u00e9sentation de la Citroen C4 Cactus"},{"@type":"BreadcrumbList","@id":"https:\/\/www.carideal.com\/blog\/2014\/03\/12\/lancement-commercialisation-citroen-c4-cactus\/#breadcrumb","itemListElement":[{"@type":"ListItem","position":1,"name":"Blog Carid\u00e9al","item":"https:\/\/www.carideal.com\/blog\/"},{"@type":"ListItem","position":2,"name":"Actualit\u00e9 constructeur automobile","item":"https:\/\/www.carideal.com\/blog\/constructeur\/"},{"@type":"ListItem","position":3,"name":"Actualit\u00e9 Citroen","item":"https:\/\/www.carideal.com\/blog\/constructeur\/citroen\/"},{"@type":"ListItem","position":4,"name":"Actualit\u00e9 Citroen C4 Cactus","item":"https:\/\/www.carideal.com\/blog\/constructeur\/citroen\/actualite-citroen-c4-cactus\/"},{"@type":"ListItem","position":5,"name":"Citro\u00ebn C4 Cactus &#8211; ouverture des commandes"}]},{"@type":"WebSite","@id":"https:\/\/www.carideal.com\/blog\/#website","url":"https:\/\/www.carideal.com\/blog\/","name":"Blog auto Carid\u00e9al","description":"Actualit\u00e9 auto par des passionn\u00e9s","publisher":{"@id":"https:\/\/www.carideal.com\/blog\/#organization"},"potentialAction":[{"@type":"SearchAction","target":{"@type":"EntryPoint","urlTemplate":"https:\/\/www.carideal.com\/blog\/?s={search_term_string}"},"query-input":{"@type":"PropertyValueSpecification","valueRequired":true,"valueName":"search_term_string"}}],"inLanguage":"fr-FR"},{"@type":"Organization","@id":"https:\/\/www.carideal.com\/blog\/#organization","name":"Carideal","url":"https:\/\/www.carideal.com\/blog\/","logo":{"@type":"ImageObject","inLanguage":"fr-FR","@id":"https:\/\/www.carideal.com\/blog\/#\/schema\/logo\/image\/","url":"http:\/\/www.carideal.com\/blog\/wp-content\/uploads\/2016\/03\/logo-carideal-mandataire-automobile.png","contentUrl":"http:\/\/www.carideal.com\/blog\/wp-content\/uploads\/2016\/03\/logo-carideal-mandataire-automobile.png","width":300,"height":300,"caption":"Carideal"},"image":{"@id":"https:\/\/www.carideal.com\/blog\/#\/schema\/logo\/image\/"},"sameAs":["https:\/\/www.facebook.com\/Carideal.mandataire.automobile","https:\/\/x.com\/caridealauto","https:\/\/www.instagram.com\/carideal1\/","https:\/\/www.linkedin.com\/company\/carideal.com","https:\/\/fr.pinterest.com\/schiavonsas\/","https:\/\/www.youtube.com\/user\/caridealsas"]},{"@type":"Person","@id":"https:\/\/www.carideal.com\/blog\/#\/schema\/person\/cd95dc7919660de90d31b366f85be1ec","name":"Nicolas SCHIAVON","image":{"@type":"ImageObject","inLanguage":"fr-FR","@id":"https:\/\/www.carideal.com\/blog\/#\/schema\/person\/image\/","url":"https:\/\/secure.gravatar.com\/avatar\/c17e55009e671d92cc7f5dc837dc418a?s=96&r=g","contentUrl":"https:\/\/secure.gravatar.com\/avatar\/c17e55009e671d92cc7f5dc837dc418a?s=96&r=g","caption":"Nicolas SCHIAVON"},"description":"Nicolas Schiavon est tomb\u00e9 tout petit dans la marmite automobile. Ayant eu un garage de marque automobile, mandataire automobile de la premi\u00e8re heure d\u00e8s 1999. Nicolas a cr\u00e9\u00e9 ces premiers sites de vente de voiture et blog automobile d\u00e8s 1994. Carideal est n\u00e9 le 15 d\u00e9cembre 2000 de la volont\u00e9 de vendre des voitures d'occasions en ligne puis des voitures neuves. Il a pu essayer beaucoup de voitures tr\u00e8s diff\u00e9rentes et ayant eu personnellement quelques belles autos, Subaru Impreza, Mitsubishi Lancer Evo 7, Porsche 911, Ferrari Testarrossa, Audi RS3, RS4 et j'en passe...","sameAs":["http:\/\/www.carideal.com","https:\/\/www.facebook.com\/nicolas.schiavon.39","https:\/\/www.instagram.com\/carideal1\/","https:\/\/www.linkedin.com\/in\/nschiavon\/","https:\/\/x.com\/caridealauto","https:\/\/www.youtube.com\/user\/caridealsas\/"],"url":"https:\/\/www.carideal.com\/blog\/author\/nschiavon\/"}]}},"uagb_featured_image_src":{"full":["https:\/\/www.carideal.com\/blog\/wp-content\/uploads\/2014\/03\/presentation-c4-cactus-e1581172180923.jpg",600,400,false],"thumbnail":["https:\/\/www.carideal.com\/blog\/wp-content\/uploads\/2014\/03\/presentation-c4-cactus-150x150.jpg",150,150,true],"medium":["https:\/\/www.carideal.com\/blog\/wp-content\/uploads\/2014\/03\/presentation-c4-cactus-300x200.jpg",300,200,true],"medium_large":["https:\/\/www.carideal.com\/blog\/wp-content\/uploads\/2014\/03\/presentation-c4-cactus-e1581172180923.jpg",600,400,false],"large":["https:\/\/www.carideal.com\/blog\/wp-content\/uploads\/2014\/03\/presentation-c4-cactus-e1581172180923.jpg",600,400,false],"1536x1536":["https:\/\/www.carideal.com\/blog\/wp-content\/uploads\/2014\/03\/presentation-c4-cactus-e1581172180923.jpg",600,400,false],"2048x2048":["https:\/\/www.carideal.com\/blog\/wp-content\/uploads\/2014\/03\/presentation-c4-cactus-e1581172180923.jpg",600,400,false],"wppr-widget":["https:\/\/www.carideal.com\/blog\/wp-content\/uploads\/2014\/03\/presentation-c4-cactus-e1581172180923.jpg",50,33,false]},"uagb_author_info":{"display_name":"Nicolas SCHIAVON","author_link":"https:\/\/www.carideal.com\/blog\/author\/nschiavon\/"},"uagb_comment_info":0,"uagb_excerpt":"Citro\u00ebn C4 Cactus - ouverture des commandes Citro\u00ebn lance le C4 Cactus avec l'ouverture des commandes A. Une nouvelle donne automobile : Citro\u00ebn C4 CACTUS Dans un monde en pleine mutation, les attentes des consommateurs \u00e9voluent de plus en plus vite. Citro\u00ebn C4 Cactus\u00a0vient r\u00e9pondre aux questions d\u2019aujourd\u2019hui et aux besoins du consommateur en offrant\u2026","_links":{"self":[{"href":"https:\/\/www.carideal.com\/blog\/wp-json\/wp\/v2\/posts\/5401"}],"collection":[{"href":"https:\/\/www.carideal.com\/blog\/wp-json\/wp\/v2\/posts"}],"about":[{"href":"https:\/\/www.carideal.com\/blog\/wp-json\/wp\/v2\/types\/post"}],"author":[{"embeddable":true,"href":"https:\/\/www.carideal.com\/blog\/wp-json\/wp\/v2\/users\/3"}],"replies":[{"embeddable":true,"href":"https:\/\/www.carideal.com\/blog\/wp-json\/wp\/v2\/comments?post=5401"}],"version-history":[{"count":0,"href":"https:\/\/www.carideal.com\/blog\/wp-json\/wp\/v2\/posts\/5401\/revisions"}],"wp:featuredmedia":[{"embeddable":true,"href":"https:\/\/www.carideal.com\/blog\/wp-json\/wp\/v2\/media\/15881"}],"wp:attachment":[{"href":"https:\/\/www.carideal.com\/blog\/wp-json\/wp\/v2\/media?parent=5401"}],"wp:term":[{"taxonomy":"category","embeddable":true,"href":"https:\/\/www.carideal.com\/blog\/wp-json\/wp\/v2\/categories?post=5401"},{"taxonomy":"post_tag","embeddable":true,"href":"https:\/\/www.carideal.com\/blog\/wp-json\/wp\/v2\/tags?post=5401"}],"curies":[{"name":"wp","href":"https:\/\/api.w.org\/{rel}","templated":true}]}}