{"id":540,"date":"2012-08-10T10:50:00","date_gmt":"2012-08-10T10:50:00","guid":{"rendered":"http:\/\/carideal.com\/blog\/?p=540"},"modified":"2020-03-07T16:51:45","modified_gmt":"2020-03-07T15:51:45","slug":"en-attendant-gallois","status":"publish","type":"post","link":"https:\/\/www.carideal.com\/blog\/2012\/08\/10\/en-attendant-gallois\/","title":{"rendered":"En attendant Gallois"},"content":{"rendered":"<\/p>\n<p>La semaine derni\u00e8re le gouvernement \u00e0 finalement d\u00e9voil\u00e9 un plan de soutient version crise.Et surtout un plan dont les retomb\u00e9es ne porteront que sur 1% des immatriculation en France. En effet, sur les six premiers mois de l'ann\u00e9e, les v\u00e9hicules hybrides et \u00e9lectriques repr\u00e9sentent moins de 12000 ventes sur un march\u00e9 de plus d'un million d'unit\u00e9s&nbsp;! En Europe, ces mod\u00e8les ne font pas beaucoup mieux. L'ann\u00e9e derni\u00e8re, le cumul entre hybrides et \u00e9lectriques n'a repr\u00e9sent\u00e9 que 1.6 % du total des ventes. Une goutte d'eau! C'est pourtant par ce moyen qu' <a href=\"\/blog\/index.php?tag\/Arnaud%20Montebourg\">Arnaud Montebourg<\/a>, ministre du redressement productif, a d\u00e9cid\u00e9 de relancer l'automobile, pardon de la \"r\u00e9inventer\". R\u00e9inventer l'automobile \u00e0 partir du seul march\u00e9 Fran\u00e7ais comment l'imaginer? Et comment peut-on ignorer \u00e0 ce point que le terrain de jeu de nos constructeurs se situe en Europe, voire \u00e0 l'international? PSA et Renault l'ont une nouvelle fois montr\u00e9 lors de l'affichage de leurs r\u00e9sultats financiers du premier semestre.<a href=\"\/blog\/index.php?tag\/PSA\"> PSA<\/a> ne r\u00e9alise plus que 19% de ses ventes en France et<a href=\"\/blog\/index.php?tag\/Renault\"> Renault<\/a>, 23%. Or dans ce plan de soutien, rien ne vient faciliter leurs positions sur les march\u00e9s du reste du monde. Et rien pour apporter un d\u00e9but de r\u00e9ponse au cri d'alarme de notre industrie: la comp\u00e9titivit\u00e9 des emplois en France. Sur ce point, les initiatives sont report\u00e9es \u00e0 l'automne et aux conclusions de la mission confi\u00e9e \u00e0<a href=\"\/blog\/index.php?tag\/Louis%20Gallois\"> Louis Gallois<\/a>.Pourtant le temps presse.En attendant PSA perd 4.5 millions d'euros par jour...<\/p>\n","protected":false},"excerpt":{"rendered":"<p>La semaine derni\u00e8re le gouvernement \u00e0 finalement d\u00e9voil\u00e9 un plan de soutient version crise.Et surtout un plan dont les retomb\u00e9es ne porteront que sur 1% des immatriculation en France. En effet, sur les six premiers mois de l&rsquo;ann\u00e9e, les v\u00e9hicules hybrides et \u00e9lectriques repr\u00e9sentent moins de 12000 ventes sur un march\u00e9 de plus d&rsquo;un million &#8230; <a title=\"En attendant Gallois\" class=\"read-more\" href=\"https:\/\/www.carideal.com\/blog\/2012\/08\/10\/en-attendant-gallois\/\" aria-label=\"En savoir plus sur En attendant Gallois\">Lire plus<\/a><\/p>\n","protected":false},"author":1,"featured_media":0,"comment_status":"open","ping_status":"open","sticky":false,"template":"","format":"standard","meta":{"_uag_custom_page_level_css":"","_themeisle_gutenberg_block_has_review":false,"footnotes":""},"categories":[9],"tags":[35],"class_list":["post-540","post","type-post","status-publish","format-standard","hentry","category-divers","tag-psa"],"wppr_data":[],"yoast_head":"<!-- This site is optimized with the Yoast SEO plugin v24.8.1 - https:\/\/yoast.com\/wordpress\/plugins\/seo\/ -->\n<title>En attendant Gallois - Blog auto Carid\u00e9al<\/title>\n<meta name=\"robots\" content=\"index, follow, max-snippet:-1, max-image-preview:large, max-video-preview:-1\" \/>\n<link rel=\"canonical\" href=\"https:\/\/www.carideal.com\/blog\/2012\/08\/10\/en-attendant-gallois\/\" \/>\n<meta property=\"og:locale\" content=\"fr_FR\" \/>\n<meta property=\"og:type\" content=\"article\" \/>\n<meta property=\"og:title\" content=\"En attendant Gallois - Blog auto Carid\u00e9al\" \/>\n<meta property=\"og:description\" content=\"La semaine derni\u00e8re le gouvernement \u00e0 finalement d\u00e9voil\u00e9 un plan de soutient version crise.Et surtout un plan dont les retomb\u00e9es ne porteront que sur 1% des immatriculation en France. En effet, sur les six premiers mois de l&#039;ann\u00e9e, les v\u00e9hicules hybrides et \u00e9lectriques repr\u00e9sentent moins de 12000 ventes sur un march\u00e9 de plus d&#039;un million ... Lire plus\" \/>\n<meta property=\"og:url\" content=\"https:\/\/www.carideal.com\/blog\/2012\/08\/10\/en-attendant-gallois\/\" \/>\n<meta property=\"og:site_name\" content=\"Blog auto Carid\u00e9al\" \/>\n<meta property=\"article:publisher\" content=\"https:\/\/www.facebook.com\/Carideal.mandataire.automobile\" \/>\n<meta property=\"article:author\" content=\"https:\/\/www.facebook.com\/Carideal.mandataire.automobile\/\" \/>\n<meta property=\"article:published_time\" content=\"2012-08-10T10:50:00+00:00\" \/>\n<meta property=\"article:modified_time\" content=\"2020-03-07T15:51:45+00:00\" \/>\n<meta property=\"og:image\" content=\"https:\/\/www.carideal.com\/blog\/wp-content\/uploads\/2016\/03\/logo-carideal-mandataire-automobile.png\" \/>\n\t<meta property=\"og:image:width\" content=\"300\" \/>\n\t<meta property=\"og:image:height\" content=\"300\" \/>\n\t<meta property=\"og:image:type\" content=\"image\/png\" \/>\n<meta name=\"author\" content=\"N.S Carideal\" \/>\n<meta name=\"twitter:card\" content=\"summary_large_image\" \/>\n<meta name=\"twitter:creator\" content=\"@caridealauto\" \/>\n<meta name=\"twitter:site\" content=\"@caridealauto\" \/>\n<meta name=\"twitter:label1\" content=\"\u00c9crit par\" \/>\n\t<meta name=\"twitter:data1\" content=\"N.S Carideal\" \/>\n\t<meta name=\"twitter:label2\" content=\"Dur\u00e9e de lecture estim\u00e9e\" \/>\n\t<meta name=\"twitter:data2\" content=\"1 minute\" \/>\n<script type=\"application\/ld+json\" class=\"yoast-schema-graph\">{\"@context\":\"https:\/\/schema.org\",\"@graph\":[{\"@type\":\"Article\",\"@id\":\"https:\/\/www.carideal.com\/blog\/2012\/08\/10\/en-attendant-gallois\/#article\",\"isPartOf\":{\"@id\":\"https:\/\/www.carideal.com\/blog\/2012\/08\/10\/en-attendant-gallois\/\"},\"author\":{\"name\":\"N.S Carideal\",\"@id\":\"https:\/\/www.carideal.com\/blog\/#\/schema\/person\/985c7e757d1042d647f21bfaf8d41ebc\"},\"headline\":\"En attendant Gallois\",\"datePublished\":\"2012-08-10T10:50:00+00:00\",\"dateModified\":\"2020-03-07T15:51:45+00:00\",\"mainEntityOfPage\":{\"@id\":\"https:\/\/www.carideal.com\/blog\/2012\/08\/10\/en-attendant-gallois\/\"},\"wordCount\":256,\"commentCount\":0,\"publisher\":{\"@id\":\"https:\/\/www.carideal.com\/blog\/#organization\"},\"keywords\":[\"PSA\"],\"articleSection\":[\"Divers\"],\"inLanguage\":\"fr-FR\",\"potentialAction\":[{\"@type\":\"CommentAction\",\"name\":\"Comment\",\"target\":[\"https:\/\/www.carideal.com\/blog\/2012\/08\/10\/en-attendant-gallois\/#respond\"]}]},{\"@type\":\"WebPage\",\"@id\":\"https:\/\/www.carideal.com\/blog\/2012\/08\/10\/en-attendant-gallois\/\",\"url\":\"https:\/\/www.carideal.com\/blog\/2012\/08\/10\/en-attendant-gallois\/\",\"name\":\"En attendant Gallois - Blog auto Carid\u00e9al\",\"isPartOf\":{\"@id\":\"https:\/\/www.carideal.com\/blog\/#website\"},\"datePublished\":\"2012-08-10T10:50:00+00:00\",\"dateModified\":\"2020-03-07T15:51:45+00:00\",\"breadcrumb\":{\"@id\":\"https:\/\/www.carideal.com\/blog\/2012\/08\/10\/en-attendant-gallois\/#breadcrumb\"},\"inLanguage\":\"fr-FR\",\"potentialAction\":[{\"@type\":\"ReadAction\",\"target\":[\"https:\/\/www.carideal.com\/blog\/2012\/08\/10\/en-attendant-gallois\/\"]}]},{\"@type\":\"BreadcrumbList\",\"@id\":\"https:\/\/www.carideal.com\/blog\/2012\/08\/10\/en-attendant-gallois\/#breadcrumb\",\"itemListElement\":[{\"@type\":\"ListItem\",\"position\":1,\"name\":\"Blog Carid\u00e9al\",\"item\":\"https:\/\/www.carideal.com\/blog\/\"},{\"@type\":\"ListItem\",\"position\":2,\"name\":\"Divers\",\"item\":\"https:\/\/www.carideal.com\/blog\/divers\/\"},{\"@type\":\"ListItem\",\"position\":3,\"name\":\"En attendant Gallois\"}]},{\"@type\":\"WebSite\",\"@id\":\"https:\/\/www.carideal.com\/blog\/#website\",\"url\":\"https:\/\/www.carideal.com\/blog\/\",\"name\":\"Blog auto Carid\u00e9al\",\"description\":\"Actualit\u00e9 auto par des passionn\u00e9s\",\"publisher\":{\"@id\":\"https:\/\/www.carideal.com\/blog\/#organization\"},\"potentialAction\":[{\"@type\":\"SearchAction\",\"target\":{\"@type\":\"EntryPoint\",\"urlTemplate\":\"https:\/\/www.carideal.com\/blog\/?s={search_term_string}\"},\"query-input\":{\"@type\":\"PropertyValueSpecification\",\"valueRequired\":true,\"valueName\":\"search_term_string\"}}],\"inLanguage\":\"fr-FR\"},{\"@type\":\"Organization\",\"@id\":\"https:\/\/www.carideal.com\/blog\/#organization\",\"name\":\"Carideal\",\"url\":\"https:\/\/www.carideal.com\/blog\/\",\"logo\":{\"@type\":\"ImageObject\",\"inLanguage\":\"fr-FR\",\"@id\":\"https:\/\/www.carideal.com\/blog\/#\/schema\/logo\/image\/\",\"url\":\"http:\/\/www.carideal.com\/blog\/wp-content\/uploads\/2016\/03\/logo-carideal-mandataire-automobile.png\",\"contentUrl\":\"http:\/\/www.carideal.com\/blog\/wp-content\/uploads\/2016\/03\/logo-carideal-mandataire-automobile.png\",\"width\":300,\"height\":300,\"caption\":\"Carideal\"},\"image\":{\"@id\":\"https:\/\/www.carideal.com\/blog\/#\/schema\/logo\/image\/\"},\"sameAs\":[\"https:\/\/www.facebook.com\/Carideal.mandataire.automobile\",\"https:\/\/x.com\/caridealauto\",\"https:\/\/www.instagram.com\/carideal1\/\",\"https:\/\/www.linkedin.com\/company\/carideal.com\",\"https:\/\/fr.pinterest.com\/schiavonsas\/\",\"https:\/\/www.youtube.com\/user\/caridealsas\"]},{\"@type\":\"Person\",\"@id\":\"https:\/\/www.carideal.com\/blog\/#\/schema\/person\/985c7e757d1042d647f21bfaf8d41ebc\",\"name\":\"N.S Carideal\",\"image\":{\"@type\":\"ImageObject\",\"inLanguage\":\"fr-FR\",\"@id\":\"https:\/\/www.carideal.com\/blog\/#\/schema\/person\/image\/\",\"url\":\"https:\/\/secure.gravatar.com\/avatar\/edb7ccdf1a4e3d14aef967760d354d0e?s=96&r=g\",\"contentUrl\":\"https:\/\/secure.gravatar.com\/avatar\/edb7ccdf1a4e3d14aef967760d354d0e?s=96&r=g\",\"caption\":\"N.S Carideal\"},\"description\":\"Depuis tout petit fan d'automobile. Il est question d'essayer et de comparer toutes ces voitures qui nous ont fait r\u00e9ver, avant que celles-ci ne devient uniquement des voitures de collection.\",\"sameAs\":[\"http:\/\/www.carideal.com\/blog\",\"https:\/\/www.facebook.com\/Carideal.mandataire.automobile\/\",\"https:\/\/www.linkedin.com\/in\/nschiavon\/\",\"https:\/\/www.youtube.com\/user\/caridealsas\/\"],\"url\":\"https:\/\/www.carideal.com\/blog\/author\/admin_carideal\/\"}]}<\/script>\n<!-- \/ Yoast SEO plugin. -->","yoast_head_json":{"title":"En attendant Gallois - Blog auto Carid\u00e9al","robots":{"index":"index","follow":"follow","max-snippet":"max-snippet:-1","max-image-preview":"max-image-preview:large","max-video-preview":"max-video-preview:-1"},"canonical":"https:\/\/www.carideal.com\/blog\/2012\/08\/10\/en-attendant-gallois\/","og_locale":"fr_FR","og_type":"article","og_title":"En attendant Gallois - Blog auto Carid\u00e9al","og_description":"La semaine derni\u00e8re le gouvernement \u00e0 finalement d\u00e9voil\u00e9 un plan de soutient version crise.Et surtout un plan dont les retomb\u00e9es ne porteront que sur 1% des immatriculation en France. En effet, sur les six premiers mois de l'ann\u00e9e, les v\u00e9hicules hybrides et \u00e9lectriques repr\u00e9sentent moins de 12000 ventes sur un march\u00e9 de plus d'un million ... Lire plus","og_url":"https:\/\/www.carideal.com\/blog\/2012\/08\/10\/en-attendant-gallois\/","og_site_name":"Blog auto Carid\u00e9al","article_publisher":"https:\/\/www.facebook.com\/Carideal.mandataire.automobile","article_author":"https:\/\/www.facebook.com\/Carideal.mandataire.automobile\/","article_published_time":"2012-08-10T10:50:00+00:00","article_modified_time":"2020-03-07T15:51:45+00:00","og_image":[{"width":300,"height":300,"url":"https:\/\/www.carideal.com\/blog\/wp-content\/uploads\/2016\/03\/logo-carideal-mandataire-automobile.png","type":"image\/png"}],"author":"N.S Carideal","twitter_card":"summary_large_image","twitter_creator":"@caridealauto","twitter_site":"@caridealauto","twitter_misc":{"\u00c9crit par":"N.S Carideal","Dur\u00e9e de lecture estim\u00e9e":"1 minute"},"schema":{"@context":"https:\/\/schema.org","@graph":[{"@type":"Article","@id":"https:\/\/www.carideal.com\/blog\/2012\/08\/10\/en-attendant-gallois\/#article","isPartOf":{"@id":"https:\/\/www.carideal.com\/blog\/2012\/08\/10\/en-attendant-gallois\/"},"author":{"name":"N.S Carideal","@id":"https:\/\/www.carideal.com\/blog\/#\/schema\/person\/985c7e757d1042d647f21bfaf8d41ebc"},"headline":"En attendant Gallois","datePublished":"2012-08-10T10:50:00+00:00","dateModified":"2020-03-07T15:51:45+00:00","mainEntityOfPage":{"@id":"https:\/\/www.carideal.com\/blog\/2012\/08\/10\/en-attendant-gallois\/"},"wordCount":256,"commentCount":0,"publisher":{"@id":"https:\/\/www.carideal.com\/blog\/#organization"},"keywords":["PSA"],"articleSection":["Divers"],"inLanguage":"fr-FR","potentialAction":[{"@type":"CommentAction","name":"Comment","target":["https:\/\/www.carideal.com\/blog\/2012\/08\/10\/en-attendant-gallois\/#respond"]}]},{"@type":"WebPage","@id":"https:\/\/www.carideal.com\/blog\/2012\/08\/10\/en-attendant-gallois\/","url":"https:\/\/www.carideal.com\/blog\/2012\/08\/10\/en-attendant-gallois\/","name":"En attendant Gallois - Blog auto Carid\u00e9al","isPartOf":{"@id":"https:\/\/www.carideal.com\/blog\/#website"},"datePublished":"2012-08-10T10:50:00+00:00","dateModified":"2020-03-07T15:51:45+00:00","breadcrumb":{"@id":"https:\/\/www.carideal.com\/blog\/2012\/08\/10\/en-attendant-gallois\/#breadcrumb"},"inLanguage":"fr-FR","potentialAction":[{"@type":"ReadAction","target":["https:\/\/www.carideal.com\/blog\/2012\/08\/10\/en-attendant-gallois\/"]}]},{"@type":"BreadcrumbList","@id":"https:\/\/www.carideal.com\/blog\/2012\/08\/10\/en-attendant-gallois\/#breadcrumb","itemListElement":[{"@type":"ListItem","position":1,"name":"Blog Carid\u00e9al","item":"https:\/\/www.carideal.com\/blog\/"},{"@type":"ListItem","position":2,"name":"Divers","item":"https:\/\/www.carideal.com\/blog\/divers\/"},{"@type":"ListItem","position":3,"name":"En attendant Gallois"}]},{"@type":"WebSite","@id":"https:\/\/www.carideal.com\/blog\/#website","url":"https:\/\/www.carideal.com\/blog\/","name":"Blog auto Carid\u00e9al","description":"Actualit\u00e9 auto par des passionn\u00e9s","publisher":{"@id":"https:\/\/www.carideal.com\/blog\/#organization"},"potentialAction":[{"@type":"SearchAction","target":{"@type":"EntryPoint","urlTemplate":"https:\/\/www.carideal.com\/blog\/?s={search_term_string}"},"query-input":{"@type":"PropertyValueSpecification","valueRequired":true,"valueName":"search_term_string"}}],"inLanguage":"fr-FR"},{"@type":"Organization","@id":"https:\/\/www.carideal.com\/blog\/#organization","name":"Carideal","url":"https:\/\/www.carideal.com\/blog\/","logo":{"@type":"ImageObject","inLanguage":"fr-FR","@id":"https:\/\/www.carideal.com\/blog\/#\/schema\/logo\/image\/","url":"http:\/\/www.carideal.com\/blog\/wp-content\/uploads\/2016\/03\/logo-carideal-mandataire-automobile.png","contentUrl":"http:\/\/www.carideal.com\/blog\/wp-content\/uploads\/2016\/03\/logo-carideal-mandataire-automobile.png","width":300,"height":300,"caption":"Carideal"},"image":{"@id":"https:\/\/www.carideal.com\/blog\/#\/schema\/logo\/image\/"},"sameAs":["https:\/\/www.facebook.com\/Carideal.mandataire.automobile","https:\/\/x.com\/caridealauto","https:\/\/www.instagram.com\/carideal1\/","https:\/\/www.linkedin.com\/company\/carideal.com","https:\/\/fr.pinterest.com\/schiavonsas\/","https:\/\/www.youtube.com\/user\/caridealsas"]},{"@type":"Person","@id":"https:\/\/www.carideal.com\/blog\/#\/schema\/person\/985c7e757d1042d647f21bfaf8d41ebc","name":"N.S Carideal","image":{"@type":"ImageObject","inLanguage":"fr-FR","@id":"https:\/\/www.carideal.com\/blog\/#\/schema\/person\/image\/","url":"https:\/\/secure.gravatar.com\/avatar\/edb7ccdf1a4e3d14aef967760d354d0e?s=96&r=g","contentUrl":"https:\/\/secure.gravatar.com\/avatar\/edb7ccdf1a4e3d14aef967760d354d0e?s=96&r=g","caption":"N.S Carideal"},"description":"Depuis tout petit fan d'automobile. Il est question d'essayer et de comparer toutes ces voitures qui nous ont fait r\u00e9ver, avant que celles-ci ne devient uniquement des voitures de collection.","sameAs":["http:\/\/www.carideal.com\/blog","https:\/\/www.facebook.com\/Carideal.mandataire.automobile\/","https:\/\/www.linkedin.com\/in\/nschiavon\/","https:\/\/www.youtube.com\/user\/caridealsas\/"],"url":"https:\/\/www.carideal.com\/blog\/author\/admin_carideal\/"}]}},"uagb_featured_image_src":{"full":false,"thumbnail":false,"medium":false,"medium_large":false,"large":false,"1536x1536":false,"2048x2048":false,"wppr-widget":false},"uagb_author_info":{"display_name":"N.S Carideal","author_link":"https:\/\/www.carideal.com\/blog\/author\/admin_carideal\/"},"uagb_comment_info":0,"uagb_excerpt":"La semaine derni\u00e8re le gouvernement \u00e0 finalement d\u00e9voil\u00e9 un plan de soutient version crise.Et surtout un plan dont les retomb\u00e9es ne porteront que sur 1% des immatriculation en France. En effet, sur les six premiers mois de l'ann\u00e9e, les v\u00e9hicules hybrides et \u00e9lectriques repr\u00e9sentent moins de 12000 ventes sur un march\u00e9 de plus d'un million\u2026","_links":{"self":[{"href":"https:\/\/www.carideal.com\/blog\/wp-json\/wp\/v2\/posts\/540"}],"collection":[{"href":"https:\/\/www.carideal.com\/blog\/wp-json\/wp\/v2\/posts"}],"about":[{"href":"https:\/\/www.carideal.com\/blog\/wp-json\/wp\/v2\/types\/post"}],"author":[{"embeddable":true,"href":"https:\/\/www.carideal.com\/blog\/wp-json\/wp\/v2\/users\/1"}],"replies":[{"embeddable":true,"href":"https:\/\/www.carideal.com\/blog\/wp-json\/wp\/v2\/comments?post=540"}],"version-history":[{"count":0,"href":"https:\/\/www.carideal.com\/blog\/wp-json\/wp\/v2\/posts\/540\/revisions"}],"wp:attachment":[{"href":"https:\/\/www.carideal.com\/blog\/wp-json\/wp\/v2\/media?parent=540"}],"wp:term":[{"taxonomy":"category","embeddable":true,"href":"https:\/\/www.carideal.com\/blog\/wp-json\/wp\/v2\/categories?post=540"},{"taxonomy":"post_tag","embeddable":true,"href":"https:\/\/www.carideal.com\/blog\/wp-json\/wp\/v2\/tags?post=540"}],"curies":[{"name":"wp","href":"https:\/\/api.w.org\/{rel}","templated":true}]}}