{"id":5391,"date":"2014-02-05T23:00:00","date_gmt":"2014-02-05T23:00:00","guid":{"rendered":"http:\/\/www.carideal.com\/blog\/2014\/02\/05\/nouveau-nissan-x-trail-2014\/"},"modified":"2014-02-05T23:00:00","modified_gmt":"2014-02-05T23:00:00","slug":"nouveau-nissan-x-trail-2014","status":"publish","type":"post","link":"https:\/\/www.carideal.com\/blog\/2014\/02\/05\/nouveau-nissan-x-trail-2014\/","title":{"rendered":"nouveau nissan x trail 2014"},"content":{"rendered":"<div>\n                        <img decoding=\"async\" src=\"http:\/\/www.carideal.com\/images_actualite\/nissanxtrail2014blogcaridealmandataireautomobile2-1391717593.jpg\"><\/p>\n<p>Nouveau Nissan X-Trail 2014<\/p>\n<\/div>\n<p> Nouveau Nissan X-Trail 2014. Nissan a pr\u00e9vu de sortir sa troisi\u00e8me g\u00e9n\u00e9ration de X-Trail en juin 2014 \u00e0 partir de Juin 2014 \u00e0 partir de 26000 \u20ac.<br \/>\nIl est appel\u00e9 \u00e0 remplacer le Qashqai+2, il sera trait\u00e9 comme un SUV, toit en verre, plus convivial et modulaire.<br \/>\nSi on se souvient bien la premi\u00e8re g\u00e9n\u00e9ration de Nissan X-Trail de 2001 \u00e0 2007 elle fut un v\u00e9ritable succ\u00e8s, Nissan en vendait 10 000 par an en France.<br \/>\nPuis la deuxi\u00e8me mouture \u00e0 partir de 2007 \u00e9tait trop gros trop cher, trop carr\u00e9 et est tomb\u00e9 pile dans la premi\u00e8re crise automobile de 2008.<br \/>\nDu coup il s'est fait cannibalis\u00e9 par le Qashqai, qui a su proposer des motorisations plus faibles et en 4x2.<br \/>\nLa troisi\u00e8me g\u00e9n\u00e9ration reprendra les cl\u00e9s qui ont fait le succ\u00e8s du Qashqai, avec une version 4x2 et une version 7 places. L'entr\u00e9e de gamme sera plus \u00e9conomique. Le nouveau X-Trail de 4.64m remplacera le Qashqai+2 de 4.54m pour contrer les Hyundai Santa Fe, et Kia Sorento.<br \/>\nNissan le dotera de sa nouvelle plateforme technique modulaire CMF qui servira aussi au Qashqai et autre Renault M\u00e9gane & Scenic avec un empattement allong\u00e9 de 7 cm \u00e0 2.70 m et sa capacit\u00e9 de coffre augmente de 71 litres \u00e0 674 litres.<br \/>\nA son lancement le nouveau Nissan X-Trail ne sera plus \u00e9quip\u00e9 du moteur 2.0 DCI mais du 1.6 DCI qui sera d\u00e9clin\u00e9 en 130, 150 et 180 ch avec un bi-turbo. Il sera propos\u00e9 aussi en boite de vitesse automatique \u00e0 variation continue CVT, appel\u00e9e Xtronic chez Nissan.<br \/>\nUne version Hybride essence devrait voir le jour pour le march\u00e9 Am\u00e9ricain et Japonais pour 2016.<br \/>\nNissan proposera aussi une nouvelle version de sa transmission 4x4 avec des aides \u00e9lectroniques sophistiqu\u00e9es baptis\u00e9e All Mode 4x4-i.<\/p>\n","protected":false},"excerpt":{"rendered":"<p>Nouveau Nissan X-Trail 2014 Nouveau Nissan X-Trail 2014. Nissan a pr\u00e9vu de sortir sa troisi\u00e8me g\u00e9n\u00e9ration de X-Trail en juin 2014 \u00e0 partir de Juin 2014 \u00e0 partir de 26000 \u20ac. Il est appel\u00e9 \u00e0 remplacer le Qashqai+2, il sera trait\u00e9 comme un SUV, toit en verre, plus convivial et modulaire. Si on se souvient &#8230; <a title=\"nouveau nissan x trail 2014\" class=\"read-more\" href=\"https:\/\/www.carideal.com\/blog\/2014\/02\/05\/nouveau-nissan-x-trail-2014\/\" aria-label=\"En savoir plus sur nouveau nissan x trail 2014\">Lire plus<\/a><\/p>\n","protected":false},"author":3,"featured_media":0,"comment_status":"open","ping_status":"open","sticky":false,"template":"","format":"standard","meta":{"_uag_custom_page_level_css":"","_themeisle_gutenberg_block_has_review":false,"footnotes":""},"categories":[21],"tags":[],"class_list":["post-5391","post","type-post","status-publish","format-standard","hentry","category-actualites-auto"],"wppr_data":[],"yoast_head":"<!-- This site is optimized with the Yoast SEO plugin v24.8.1 - https:\/\/yoast.com\/wordpress\/plugins\/seo\/ -->\n<title>nouveau nissan x trail 2014 - Blog auto Carid\u00e9al<\/title>\n<meta name=\"robots\" content=\"index, follow, max-snippet:-1, max-image-preview:large, max-video-preview:-1\" \/>\n<link rel=\"canonical\" href=\"https:\/\/www.carideal.com\/blog\/2014\/02\/05\/nouveau-nissan-x-trail-2014\/\" \/>\n<meta property=\"og:locale\" content=\"fr_FR\" \/>\n<meta property=\"og:type\" content=\"article\" \/>\n<meta property=\"og:title\" content=\"nouveau nissan x trail 2014 - Blog auto Carid\u00e9al\" \/>\n<meta property=\"og:description\" content=\"Nouveau Nissan X-Trail 2014 Nouveau Nissan X-Trail 2014. Nissan a pr\u00e9vu de sortir sa troisi\u00e8me g\u00e9n\u00e9ration de X-Trail en juin 2014 \u00e0 partir de Juin 2014 \u00e0 partir de 26000 \u20ac. Il est appel\u00e9 \u00e0 remplacer le Qashqai+2, il sera trait\u00e9 comme un SUV, toit en verre, plus convivial et modulaire. Si on se souvient ... Lire plus\" \/>\n<meta property=\"og:url\" content=\"https:\/\/www.carideal.com\/blog\/2014\/02\/05\/nouveau-nissan-x-trail-2014\/\" \/>\n<meta property=\"og:site_name\" content=\"Blog auto Carid\u00e9al\" \/>\n<meta property=\"article:publisher\" content=\"https:\/\/www.facebook.com\/Carideal.mandataire.automobile\" \/>\n<meta property=\"article:author\" content=\"https:\/\/www.facebook.com\/nicolas.schiavon.39\" \/>\n<meta property=\"article:published_time\" content=\"2014-02-05T23:00:00+00:00\" \/>\n<meta property=\"og:image\" content=\"http:\/\/www.carideal.com\/images_actualite\/nissanxtrail2014blogcaridealmandataireautomobile2-1391717593.jpg\" \/>\n<meta name=\"author\" content=\"Nicolas SCHIAVON\" \/>\n<meta name=\"twitter:card\" content=\"summary_large_image\" \/>\n<meta name=\"twitter:creator\" content=\"@caridealauto\" \/>\n<meta name=\"twitter:site\" content=\"@caridealauto\" \/>\n<meta name=\"twitter:label1\" content=\"\u00c9crit par\" \/>\n\t<meta name=\"twitter:data1\" content=\"Nicolas SCHIAVON\" \/>\n\t<meta name=\"twitter:label2\" content=\"Dur\u00e9e de lecture estim\u00e9e\" \/>\n\t<meta name=\"twitter:data2\" content=\"1 minute\" \/>\n<script type=\"application\/ld+json\" class=\"yoast-schema-graph\">{\"@context\":\"https:\/\/schema.org\",\"@graph\":[{\"@type\":\"Article\",\"@id\":\"https:\/\/www.carideal.com\/blog\/2014\/02\/05\/nouveau-nissan-x-trail-2014\/#article\",\"isPartOf\":{\"@id\":\"https:\/\/www.carideal.com\/blog\/2014\/02\/05\/nouveau-nissan-x-trail-2014\/\"},\"author\":{\"name\":\"Nicolas SCHIAVON\",\"@id\":\"https:\/\/www.carideal.com\/blog\/#\/schema\/person\/cd95dc7919660de90d31b366f85be1ec\"},\"headline\":\"nouveau nissan x trail 2014\",\"datePublished\":\"2014-02-05T23:00:00+00:00\",\"mainEntityOfPage\":{\"@id\":\"https:\/\/www.carideal.com\/blog\/2014\/02\/05\/nouveau-nissan-x-trail-2014\/\"},\"wordCount\":295,\"commentCount\":0,\"publisher\":{\"@id\":\"https:\/\/www.carideal.com\/blog\/#organization\"},\"image\":{\"@id\":\"https:\/\/www.carideal.com\/blog\/2014\/02\/05\/nouveau-nissan-x-trail-2014\/#primaryimage\"},\"thumbnailUrl\":\"http:\/\/www.carideal.com\/images_actualite\/nissanxtrail2014blogcaridealmandataireautomobile2-1391717593.jpg\",\"articleSection\":[\"Actualit\u00e9 automobile\"],\"inLanguage\":\"fr-FR\",\"potentialAction\":[{\"@type\":\"CommentAction\",\"name\":\"Comment\",\"target\":[\"https:\/\/www.carideal.com\/blog\/2014\/02\/05\/nouveau-nissan-x-trail-2014\/#respond\"]}]},{\"@type\":\"WebPage\",\"@id\":\"https:\/\/www.carideal.com\/blog\/2014\/02\/05\/nouveau-nissan-x-trail-2014\/\",\"url\":\"https:\/\/www.carideal.com\/blog\/2014\/02\/05\/nouveau-nissan-x-trail-2014\/\",\"name\":\"nouveau nissan x trail 2014 - Blog auto Carid\u00e9al\",\"isPartOf\":{\"@id\":\"https:\/\/www.carideal.com\/blog\/#website\"},\"primaryImageOfPage\":{\"@id\":\"https:\/\/www.carideal.com\/blog\/2014\/02\/05\/nouveau-nissan-x-trail-2014\/#primaryimage\"},\"image\":{\"@id\":\"https:\/\/www.carideal.com\/blog\/2014\/02\/05\/nouveau-nissan-x-trail-2014\/#primaryimage\"},\"thumbnailUrl\":\"http:\/\/www.carideal.com\/images_actualite\/nissanxtrail2014blogcaridealmandataireautomobile2-1391717593.jpg\",\"datePublished\":\"2014-02-05T23:00:00+00:00\",\"breadcrumb\":{\"@id\":\"https:\/\/www.carideal.com\/blog\/2014\/02\/05\/nouveau-nissan-x-trail-2014\/#breadcrumb\"},\"inLanguage\":\"fr-FR\",\"potentialAction\":[{\"@type\":\"ReadAction\",\"target\":[\"https:\/\/www.carideal.com\/blog\/2014\/02\/05\/nouveau-nissan-x-trail-2014\/\"]}]},{\"@type\":\"ImageObject\",\"inLanguage\":\"fr-FR\",\"@id\":\"https:\/\/www.carideal.com\/blog\/2014\/02\/05\/nouveau-nissan-x-trail-2014\/#primaryimage\",\"url\":\"http:\/\/www.carideal.com\/images_actualite\/nissanxtrail2014blogcaridealmandataireautomobile2-1391717593.jpg\",\"contentUrl\":\"http:\/\/www.carideal.com\/images_actualite\/nissanxtrail2014blogcaridealmandataireautomobile2-1391717593.jpg\"},{\"@type\":\"BreadcrumbList\",\"@id\":\"https:\/\/www.carideal.com\/blog\/2014\/02\/05\/nouveau-nissan-x-trail-2014\/#breadcrumb\",\"itemListElement\":[{\"@type\":\"ListItem\",\"position\":1,\"name\":\"Blog Carid\u00e9al\",\"item\":\"https:\/\/www.carideal.com\/blog\/\"},{\"@type\":\"ListItem\",\"position\":2,\"name\":\"Actualit\u00e9 automobile\",\"item\":\"https:\/\/www.carideal.com\/blog\/actualites-auto\/\"},{\"@type\":\"ListItem\",\"position\":3,\"name\":\"nouveau nissan x trail 2014\"}]},{\"@type\":\"WebSite\",\"@id\":\"https:\/\/www.carideal.com\/blog\/#website\",\"url\":\"https:\/\/www.carideal.com\/blog\/\",\"name\":\"Blog auto Carid\u00e9al\",\"description\":\"Actualit\u00e9 auto par des passionn\u00e9s\",\"publisher\":{\"@id\":\"https:\/\/www.carideal.com\/blog\/#organization\"},\"potentialAction\":[{\"@type\":\"SearchAction\",\"target\":{\"@type\":\"EntryPoint\",\"urlTemplate\":\"https:\/\/www.carideal.com\/blog\/?s={search_term_string}\"},\"query-input\":{\"@type\":\"PropertyValueSpecification\",\"valueRequired\":true,\"valueName\":\"search_term_string\"}}],\"inLanguage\":\"fr-FR\"},{\"@type\":\"Organization\",\"@id\":\"https:\/\/www.carideal.com\/blog\/#organization\",\"name\":\"Carideal\",\"url\":\"https:\/\/www.carideal.com\/blog\/\",\"logo\":{\"@type\":\"ImageObject\",\"inLanguage\":\"fr-FR\",\"@id\":\"https:\/\/www.carideal.com\/blog\/#\/schema\/logo\/image\/\",\"url\":\"http:\/\/www.carideal.com\/blog\/wp-content\/uploads\/2016\/03\/logo-carideal-mandataire-automobile.png\",\"contentUrl\":\"http:\/\/www.carideal.com\/blog\/wp-content\/uploads\/2016\/03\/logo-carideal-mandataire-automobile.png\",\"width\":300,\"height\":300,\"caption\":\"Carideal\"},\"image\":{\"@id\":\"https:\/\/www.carideal.com\/blog\/#\/schema\/logo\/image\/\"},\"sameAs\":[\"https:\/\/www.facebook.com\/Carideal.mandataire.automobile\",\"https:\/\/x.com\/caridealauto\",\"https:\/\/www.instagram.com\/carideal1\/\",\"https:\/\/www.linkedin.com\/company\/carideal.com\",\"https:\/\/fr.pinterest.com\/schiavonsas\/\",\"https:\/\/www.youtube.com\/user\/caridealsas\"]},{\"@type\":\"Person\",\"@id\":\"https:\/\/www.carideal.com\/blog\/#\/schema\/person\/cd95dc7919660de90d31b366f85be1ec\",\"name\":\"Nicolas SCHIAVON\",\"image\":{\"@type\":\"ImageObject\",\"inLanguage\":\"fr-FR\",\"@id\":\"https:\/\/www.carideal.com\/blog\/#\/schema\/person\/image\/\",\"url\":\"https:\/\/secure.gravatar.com\/avatar\/c17e55009e671d92cc7f5dc837dc418a?s=96&r=g\",\"contentUrl\":\"https:\/\/secure.gravatar.com\/avatar\/c17e55009e671d92cc7f5dc837dc418a?s=96&r=g\",\"caption\":\"Nicolas SCHIAVON\"},\"description\":\"Nicolas Schiavon est tomb\u00e9 tout petit dans la marmite automobile. Ayant eu un garage de marque automobile, mandataire automobile de la premi\u00e8re heure d\u00e8s 1999. Nicolas a cr\u00e9\u00e9 ces premiers sites de vente de voiture et blog automobile d\u00e8s 1994. Carideal est n\u00e9 le 15 d\u00e9cembre 2000 de la volont\u00e9 de vendre des voitures d'occasions en ligne puis des voitures neuves. Il a pu essayer beaucoup de voitures tr\u00e8s diff\u00e9rentes et ayant eu personnellement quelques belles autos, Subaru Impreza, Mitsubishi Lancer Evo 7, Porsche 911, Ferrari Testarrossa, Audi RS3, RS4 et j'en passe...\",\"sameAs\":[\"http:\/\/www.carideal.com\",\"https:\/\/www.facebook.com\/nicolas.schiavon.39\",\"https:\/\/www.instagram.com\/carideal1\/\",\"https:\/\/www.linkedin.com\/in\/nschiavon\/\",\"https:\/\/x.com\/caridealauto\",\"https:\/\/www.youtube.com\/user\/caridealsas\/\"],\"url\":\"https:\/\/www.carideal.com\/blog\/author\/nschiavon\/\"}]}<\/script>\n<!-- \/ Yoast SEO plugin. -->","yoast_head_json":{"title":"nouveau nissan x trail 2014 - Blog auto Carid\u00e9al","robots":{"index":"index","follow":"follow","max-snippet":"max-snippet:-1","max-image-preview":"max-image-preview:large","max-video-preview":"max-video-preview:-1"},"canonical":"https:\/\/www.carideal.com\/blog\/2014\/02\/05\/nouveau-nissan-x-trail-2014\/","og_locale":"fr_FR","og_type":"article","og_title":"nouveau nissan x trail 2014 - Blog auto Carid\u00e9al","og_description":"Nouveau Nissan X-Trail 2014 Nouveau Nissan X-Trail 2014. Nissan a pr\u00e9vu de sortir sa troisi\u00e8me g\u00e9n\u00e9ration de X-Trail en juin 2014 \u00e0 partir de Juin 2014 \u00e0 partir de 26000 \u20ac. Il est appel\u00e9 \u00e0 remplacer le Qashqai+2, il sera trait\u00e9 comme un SUV, toit en verre, plus convivial et modulaire. Si on se souvient ... Lire plus","og_url":"https:\/\/www.carideal.com\/blog\/2014\/02\/05\/nouveau-nissan-x-trail-2014\/","og_site_name":"Blog auto Carid\u00e9al","article_publisher":"https:\/\/www.facebook.com\/Carideal.mandataire.automobile","article_author":"https:\/\/www.facebook.com\/nicolas.schiavon.39","article_published_time":"2014-02-05T23:00:00+00:00","og_image":[{"url":"http:\/\/www.carideal.com\/images_actualite\/nissanxtrail2014blogcaridealmandataireautomobile2-1391717593.jpg","type":"","width":"","height":""}],"author":"Nicolas SCHIAVON","twitter_card":"summary_large_image","twitter_creator":"@caridealauto","twitter_site":"@caridealauto","twitter_misc":{"\u00c9crit par":"Nicolas SCHIAVON","Dur\u00e9e de lecture estim\u00e9e":"1 minute"},"schema":{"@context":"https:\/\/schema.org","@graph":[{"@type":"Article","@id":"https:\/\/www.carideal.com\/blog\/2014\/02\/05\/nouveau-nissan-x-trail-2014\/#article","isPartOf":{"@id":"https:\/\/www.carideal.com\/blog\/2014\/02\/05\/nouveau-nissan-x-trail-2014\/"},"author":{"name":"Nicolas SCHIAVON","@id":"https:\/\/www.carideal.com\/blog\/#\/schema\/person\/cd95dc7919660de90d31b366f85be1ec"},"headline":"nouveau nissan x trail 2014","datePublished":"2014-02-05T23:00:00+00:00","mainEntityOfPage":{"@id":"https:\/\/www.carideal.com\/blog\/2014\/02\/05\/nouveau-nissan-x-trail-2014\/"},"wordCount":295,"commentCount":0,"publisher":{"@id":"https:\/\/www.carideal.com\/blog\/#organization"},"image":{"@id":"https:\/\/www.carideal.com\/blog\/2014\/02\/05\/nouveau-nissan-x-trail-2014\/#primaryimage"},"thumbnailUrl":"http:\/\/www.carideal.com\/images_actualite\/nissanxtrail2014blogcaridealmandataireautomobile2-1391717593.jpg","articleSection":["Actualit\u00e9 automobile"],"inLanguage":"fr-FR","potentialAction":[{"@type":"CommentAction","name":"Comment","target":["https:\/\/www.carideal.com\/blog\/2014\/02\/05\/nouveau-nissan-x-trail-2014\/#respond"]}]},{"@type":"WebPage","@id":"https:\/\/www.carideal.com\/blog\/2014\/02\/05\/nouveau-nissan-x-trail-2014\/","url":"https:\/\/www.carideal.com\/blog\/2014\/02\/05\/nouveau-nissan-x-trail-2014\/","name":"nouveau nissan x trail 2014 - Blog auto Carid\u00e9al","isPartOf":{"@id":"https:\/\/www.carideal.com\/blog\/#website"},"primaryImageOfPage":{"@id":"https:\/\/www.carideal.com\/blog\/2014\/02\/05\/nouveau-nissan-x-trail-2014\/#primaryimage"},"image":{"@id":"https:\/\/www.carideal.com\/blog\/2014\/02\/05\/nouveau-nissan-x-trail-2014\/#primaryimage"},"thumbnailUrl":"http:\/\/www.carideal.com\/images_actualite\/nissanxtrail2014blogcaridealmandataireautomobile2-1391717593.jpg","datePublished":"2014-02-05T23:00:00+00:00","breadcrumb":{"@id":"https:\/\/www.carideal.com\/blog\/2014\/02\/05\/nouveau-nissan-x-trail-2014\/#breadcrumb"},"inLanguage":"fr-FR","potentialAction":[{"@type":"ReadAction","target":["https:\/\/www.carideal.com\/blog\/2014\/02\/05\/nouveau-nissan-x-trail-2014\/"]}]},{"@type":"ImageObject","inLanguage":"fr-FR","@id":"https:\/\/www.carideal.com\/blog\/2014\/02\/05\/nouveau-nissan-x-trail-2014\/#primaryimage","url":"http:\/\/www.carideal.com\/images_actualite\/nissanxtrail2014blogcaridealmandataireautomobile2-1391717593.jpg","contentUrl":"http:\/\/www.carideal.com\/images_actualite\/nissanxtrail2014blogcaridealmandataireautomobile2-1391717593.jpg"},{"@type":"BreadcrumbList","@id":"https:\/\/www.carideal.com\/blog\/2014\/02\/05\/nouveau-nissan-x-trail-2014\/#breadcrumb","itemListElement":[{"@type":"ListItem","position":1,"name":"Blog Carid\u00e9al","item":"https:\/\/www.carideal.com\/blog\/"},{"@type":"ListItem","position":2,"name":"Actualit\u00e9 automobile","item":"https:\/\/www.carideal.com\/blog\/actualites-auto\/"},{"@type":"ListItem","position":3,"name":"nouveau nissan x trail 2014"}]},{"@type":"WebSite","@id":"https:\/\/www.carideal.com\/blog\/#website","url":"https:\/\/www.carideal.com\/blog\/","name":"Blog auto Carid\u00e9al","description":"Actualit\u00e9 auto par des passionn\u00e9s","publisher":{"@id":"https:\/\/www.carideal.com\/blog\/#organization"},"potentialAction":[{"@type":"SearchAction","target":{"@type":"EntryPoint","urlTemplate":"https:\/\/www.carideal.com\/blog\/?s={search_term_string}"},"query-input":{"@type":"PropertyValueSpecification","valueRequired":true,"valueName":"search_term_string"}}],"inLanguage":"fr-FR"},{"@type":"Organization","@id":"https:\/\/www.carideal.com\/blog\/#organization","name":"Carideal","url":"https:\/\/www.carideal.com\/blog\/","logo":{"@type":"ImageObject","inLanguage":"fr-FR","@id":"https:\/\/www.carideal.com\/blog\/#\/schema\/logo\/image\/","url":"http:\/\/www.carideal.com\/blog\/wp-content\/uploads\/2016\/03\/logo-carideal-mandataire-automobile.png","contentUrl":"http:\/\/www.carideal.com\/blog\/wp-content\/uploads\/2016\/03\/logo-carideal-mandataire-automobile.png","width":300,"height":300,"caption":"Carideal"},"image":{"@id":"https:\/\/www.carideal.com\/blog\/#\/schema\/logo\/image\/"},"sameAs":["https:\/\/www.facebook.com\/Carideal.mandataire.automobile","https:\/\/x.com\/caridealauto","https:\/\/www.instagram.com\/carideal1\/","https:\/\/www.linkedin.com\/company\/carideal.com","https:\/\/fr.pinterest.com\/schiavonsas\/","https:\/\/www.youtube.com\/user\/caridealsas"]},{"@type":"Person","@id":"https:\/\/www.carideal.com\/blog\/#\/schema\/person\/cd95dc7919660de90d31b366f85be1ec","name":"Nicolas SCHIAVON","image":{"@type":"ImageObject","inLanguage":"fr-FR","@id":"https:\/\/www.carideal.com\/blog\/#\/schema\/person\/image\/","url":"https:\/\/secure.gravatar.com\/avatar\/c17e55009e671d92cc7f5dc837dc418a?s=96&r=g","contentUrl":"https:\/\/secure.gravatar.com\/avatar\/c17e55009e671d92cc7f5dc837dc418a?s=96&r=g","caption":"Nicolas SCHIAVON"},"description":"Nicolas Schiavon est tomb\u00e9 tout petit dans la marmite automobile. Ayant eu un garage de marque automobile, mandataire automobile de la premi\u00e8re heure d\u00e8s 1999. Nicolas a cr\u00e9\u00e9 ces premiers sites de vente de voiture et blog automobile d\u00e8s 1994. Carideal est n\u00e9 le 15 d\u00e9cembre 2000 de la volont\u00e9 de vendre des voitures d'occasions en ligne puis des voitures neuves. Il a pu essayer beaucoup de voitures tr\u00e8s diff\u00e9rentes et ayant eu personnellement quelques belles autos, Subaru Impreza, Mitsubishi Lancer Evo 7, Porsche 911, Ferrari Testarrossa, Audi RS3, RS4 et j'en passe...","sameAs":["http:\/\/www.carideal.com","https:\/\/www.facebook.com\/nicolas.schiavon.39","https:\/\/www.instagram.com\/carideal1\/","https:\/\/www.linkedin.com\/in\/nschiavon\/","https:\/\/x.com\/caridealauto","https:\/\/www.youtube.com\/user\/caridealsas\/"],"url":"https:\/\/www.carideal.com\/blog\/author\/nschiavon\/"}]}},"uagb_featured_image_src":{"full":false,"thumbnail":false,"medium":false,"medium_large":false,"large":false,"1536x1536":false,"2048x2048":false,"wppr-widget":false},"uagb_author_info":{"display_name":"Nicolas SCHIAVON","author_link":"https:\/\/www.carideal.com\/blog\/author\/nschiavon\/"},"uagb_comment_info":0,"uagb_excerpt":"Nouveau Nissan X-Trail 2014 Nouveau Nissan X-Trail 2014. Nissan a pr\u00e9vu de sortir sa troisi\u00e8me g\u00e9n\u00e9ration de X-Trail en juin 2014 \u00e0 partir de Juin 2014 \u00e0 partir de 26000 \u20ac. Il est appel\u00e9 \u00e0 remplacer le Qashqai+2, il sera trait\u00e9 comme un SUV, toit en verre, plus convivial et modulaire. Si on se souvient\u2026","_links":{"self":[{"href":"https:\/\/www.carideal.com\/blog\/wp-json\/wp\/v2\/posts\/5391"}],"collection":[{"href":"https:\/\/www.carideal.com\/blog\/wp-json\/wp\/v2\/posts"}],"about":[{"href":"https:\/\/www.carideal.com\/blog\/wp-json\/wp\/v2\/types\/post"}],"author":[{"embeddable":true,"href":"https:\/\/www.carideal.com\/blog\/wp-json\/wp\/v2\/users\/3"}],"replies":[{"embeddable":true,"href":"https:\/\/www.carideal.com\/blog\/wp-json\/wp\/v2\/comments?post=5391"}],"version-history":[{"count":0,"href":"https:\/\/www.carideal.com\/blog\/wp-json\/wp\/v2\/posts\/5391\/revisions"}],"wp:attachment":[{"href":"https:\/\/www.carideal.com\/blog\/wp-json\/wp\/v2\/media?parent=5391"}],"wp:term":[{"taxonomy":"category","embeddable":true,"href":"https:\/\/www.carideal.com\/blog\/wp-json\/wp\/v2\/categories?post=5391"},{"taxonomy":"post_tag","embeddable":true,"href":"https:\/\/www.carideal.com\/blog\/wp-json\/wp\/v2\/tags?post=5391"}],"curies":[{"name":"wp","href":"https:\/\/api.w.org\/{rel}","templated":true}]}}