{"id":5366,"date":"2014-01-12T23:00:00","date_gmt":"2014-01-12T23:00:00","guid":{"rendered":"http:\/\/www.carideal.com\/blog\/2014\/01\/12\/80-km-h-sur-les-routes-et-70-sur-le-periph\/"},"modified":"2024-04-23T20:18:43","modified_gmt":"2024-04-23T18:18:43","slug":"80-km-h-sur-les-routes-et-70-sur-le-periph","status":"publish","type":"post","link":"https:\/\/www.carideal.com\/blog\/2014\/01\/12\/80-km-h-sur-les-routes-et-70-sur-le-periph\/","title":{"rendered":"Limitation de vitesse 80 km h sur les routes"},"content":{"rendered":"<div>\n<h1>Limitation de vitesse 80 km\/h sur les routes et 70 sur le p\u00e9riph\u00e9rique<\/h1>\n<\/div>\n<p><strong>80 km\/h sur les routes et 70 sur le p\u00e9riph\u00e9rique<\/strong>. Un rapport mandat\u00e9 par le minist\u00e8re de l'int\u00e9rieur au Conseil National de la S\u00e9curit\u00e9 Routi\u00e8re, CNSR, conseille de r\u00e9duire la vitesse sur le r\u00e9seau secondaire de 90 \u00e0 80 km\/h.<br \/>\nOn en a d\u00e9j\u00e0 parl\u00e9 ici, comme on l'a d\u00e9montr\u00e9 ce n'est pas vrai, pas r\u00e9aliste et cela ne marchera pas, la vraie raison n'est pas l\u00e0.<\/p>\n<p>Si la vitesse et gravit\u00e9 des blessures sont intimement li\u00e9es, il n'en est pas de m\u00eame entre vitesse et risque d'accident.<\/p>\n<p>On s'en rend d'autant plus compte quand on apprend que les autorit\u00e9s ont abaiss\u00e9 la vitesse de 80 km\/h \u00e0 70 km\/h sur le p\u00e9riph\u00e9rique parisien. Les pr\u00e9textes avanc\u00e9s sont, la baisse des accidents, la baisse du bruit, et la baisse de la pollution.<\/p>\n<p>Aucun de ces arguments ne tient la route. La vitesse moyenne constat\u00e9e est de 35 km\/h, alors ? Faire baisser la pollution ? Il faudrait obliger les automobilistes \u00e0 <a href=\"http:\/\/www.carideal.com\/blog\/2007\/12\/10\/le-stop-and-start-de-psa-sera-t-il-bientot-obligatoire-sur-toute-les-voitures\/\">couper leur moteur dans les embouteillages<\/a>, pour le reste....<\/p>\n<p>Il y avait 7 radars sur le p\u00e9rif et leur nombre n'avait pas augment\u00e9 depuis 7 ans. Par contre comment expliquer que juste avant cette d\u00e9cision 7 nouveaux radars soient install\u00e9s ?<br \/>\nAlors on vraiment l'impression d'une vaste op\u00e9ration d\u00e9magogique.<\/p>\n<figure id=\"attachment_19228\" aria-describedby=\"caption-attachment-19228\" style=\"width: 390px\" class=\"wp-caption alignnone\"><img loading=\"lazy\" decoding=\"async\" class=\"size-full wp-image-19228\" src=\"http:\/\/www.carideal.com\/blog\/wp-content\/uploads\/2014\/01\/limitation80kmhroutenationalefrancecaridealactualits-1381317747-e1553849757250.jpg\" alt=\"limitation de vitesse 80 km\/h route nationale france \" width=\"400\" height=\"411\" \/><figcaption id=\"caption-attachment-19228\" class=\"wp-caption-text\">limitation de vitesse 80 km\/h route nationale france<\/figcaption><\/figure>\n<h2>Limitations de vitesse : 80 km\/h sur les routes nationales en France ?<\/h2>\n<p>D\u00e9cid\u00e9ment le gouvernement veut \u00e0 tout prix continuer \u00e0 taper sur la t\u00eate des automobilistes vaches \u00e0 lait. M Manuel Valls a r\u00e9cemment annonc\u00e9 que c\u2019\u00e9tait en baissant les vitesses, notamment sur les routes nationales, que le gouvernement y parviendrait. Le ministre de l\u2019int\u00e9rieur faisait r\u00e9f\u00e9rence \u00e0 l\u2019objectif de 2000 morts sur les routes de France d\u2019ici \u00e0 la fin de la d\u00e9cennie au lieu de 3650 aujourd\u2019hui. Le pr\u00e9sident de la commission Alccol, vitesse et stup\u00e9fiant, ainsi que le Conseil de la S\u00e9curit\u00e9 Routi\u00e8re, CNSR, sont en train de r\u00e9diger leur rapport.<\/p>\n<p>Pourtant on connait les chiffres :<strong> 66.1% des d\u00e9c\u00e8s ont eu lieu sur le r\u00e9seau des d\u00e9partementales, et 17.8% sur les routes communales<\/strong>.<br \/>\nOn pourra donc en conclure que c\u2019est l\u00e0 un pr\u00e9texte pour augmenter le revenu due aux amendes et justifier d\u2019autres radars.<\/p>\n","protected":false},"excerpt":{"rendered":"<p>Limitation de vitesse 80 km\/h sur les routes et 70 sur le p\u00e9riph\u00e9rique 80 km\/h sur les routes et 70 sur le p\u00e9riph\u00e9rique. Un rapport mandat\u00e9 par le minist\u00e8re de l&rsquo;int\u00e9rieur au Conseil National de la S\u00e9curit\u00e9 Routi\u00e8re, CNSR, conseille de r\u00e9duire la vitesse sur le r\u00e9seau secondaire de 90 \u00e0 80 km\/h. On en &#8230; <a title=\"Limitation de vitesse 80 km h sur les routes\" class=\"read-more\" href=\"https:\/\/www.carideal.com\/blog\/2014\/01\/12\/80-km-h-sur-les-routes-et-70-sur-le-periph\/\" aria-label=\"En savoir plus sur Limitation de vitesse 80 km h sur les routes\">Lire plus<\/a><\/p>\n","protected":false},"author":3,"featured_media":17572,"comment_status":"open","ping_status":"open","sticky":false,"template":"","format":"standard","meta":{"_uag_custom_page_level_css":"","_themeisle_gutenberg_block_has_review":false,"footnotes":""},"categories":[15],"tags":[],"class_list":["post-5366","post","type-post","status-publish","format-standard","has-post-thumbnail","hentry","category-radar-et-securite-routiere"],"wppr_data":{"cwp_meta_box_check":"No"},"yoast_head":"<!-- This site is optimized with the Yoast SEO plugin v24.8.1 - https:\/\/yoast.com\/wordpress\/plugins\/seo\/ -->\n<title>Limitation de vitesse 80 km h sur les routes - Blog auto Carid\u00e9al<\/title>\n<meta name=\"description\" content=\"Limitation de la vitesse \u00e0 80 km\/h et 70 km\/h sur le p\u00e9riph\u00e9rique. Un rapport mandat\u00e9 par le minist\u00e8re de l&#039;int\u00e9rieur au Conseil National de la S\u00e9curit\u00e9 Routi\u00e8re, CNSR, conseille de r\u00e9duire la vitesse\" \/>\n<meta name=\"robots\" content=\"index, follow, max-snippet:-1, max-image-preview:large, max-video-preview:-1\" \/>\n<link rel=\"canonical\" href=\"https:\/\/www.carideal.com\/blog\/2014\/01\/12\/80-km-h-sur-les-routes-et-70-sur-le-periph\/\" \/>\n<meta property=\"og:locale\" content=\"fr_FR\" \/>\n<meta property=\"og:type\" content=\"article\" \/>\n<meta property=\"og:title\" content=\"Limitation de vitesse 80 km h sur les routes - Blog auto Carid\u00e9al\" \/>\n<meta property=\"og:description\" content=\"Limitation de la vitesse \u00e0 80 km\/h et 70 km\/h sur le p\u00e9riph\u00e9rique. Un rapport mandat\u00e9 par le minist\u00e8re de l&#039;int\u00e9rieur au Conseil National de la S\u00e9curit\u00e9 Routi\u00e8re, CNSR, conseille de r\u00e9duire la vitesse\" \/>\n<meta property=\"og:url\" content=\"https:\/\/www.carideal.com\/blog\/2014\/01\/12\/80-km-h-sur-les-routes-et-70-sur-le-periph\/\" \/>\n<meta property=\"og:site_name\" content=\"Blog auto Carid\u00e9al\" \/>\n<meta property=\"article:publisher\" content=\"https:\/\/www.facebook.com\/Carideal.mandataire.automobile\" \/>\n<meta property=\"article:author\" content=\"https:\/\/www.facebook.com\/nicolas.schiavon.39\" \/>\n<meta property=\"article:published_time\" content=\"2014-01-12T23:00:00+00:00\" \/>\n<meta property=\"article:modified_time\" content=\"2024-04-23T18:18:43+00:00\" \/>\n<meta property=\"og:image\" content=\"https:\/\/www.carideal.com\/blog\/wp-content\/uploads\/2014\/01\/limitation-vitesse-80-kmh-carideal-mandataire-automobile.png\" \/>\n\t<meta property=\"og:image:width\" content=\"450\" \/>\n\t<meta property=\"og:image:height\" content=\"225\" \/>\n\t<meta property=\"og:image:type\" content=\"image\/png\" \/>\n<meta name=\"author\" content=\"Nicolas SCHIAVON\" \/>\n<meta name=\"twitter:card\" content=\"summary_large_image\" \/>\n<meta name=\"twitter:creator\" content=\"@caridealauto\" \/>\n<meta name=\"twitter:site\" content=\"@caridealauto\" \/>\n<meta name=\"twitter:label1\" content=\"\u00c9crit par\" \/>\n\t<meta name=\"twitter:data1\" content=\"Nicolas SCHIAVON\" \/>\n\t<meta name=\"twitter:label2\" content=\"Dur\u00e9e de lecture estim\u00e9e\" \/>\n\t<meta name=\"twitter:data2\" content=\"2 minutes\" \/>\n<script type=\"application\/ld+json\" class=\"yoast-schema-graph\">{\"@context\":\"https:\/\/schema.org\",\"@graph\":[{\"@type\":\"Article\",\"@id\":\"https:\/\/www.carideal.com\/blog\/2014\/01\/12\/80-km-h-sur-les-routes-et-70-sur-le-periph\/#article\",\"isPartOf\":{\"@id\":\"https:\/\/www.carideal.com\/blog\/2014\/01\/12\/80-km-h-sur-les-routes-et-70-sur-le-periph\/\"},\"author\":{\"name\":\"Nicolas SCHIAVON\",\"@id\":\"https:\/\/www.carideal.com\/blog\/#\/schema\/person\/cd95dc7919660de90d31b366f85be1ec\"},\"headline\":\"Limitation de vitesse 80 km h sur les routes\",\"datePublished\":\"2014-01-12T23:00:00+00:00\",\"dateModified\":\"2024-04-23T18:18:43+00:00\",\"mainEntityOfPage\":{\"@id\":\"https:\/\/www.carideal.com\/blog\/2014\/01\/12\/80-km-h-sur-les-routes-et-70-sur-le-periph\/\"},\"wordCount\":423,\"commentCount\":0,\"publisher\":{\"@id\":\"https:\/\/www.carideal.com\/blog\/#organization\"},\"image\":{\"@id\":\"https:\/\/www.carideal.com\/blog\/2014\/01\/12\/80-km-h-sur-les-routes-et-70-sur-le-periph\/#primaryimage\"},\"thumbnailUrl\":\"https:\/\/www.carideal.com\/blog\/wp-content\/uploads\/2014\/01\/limitation-vitesse-80-kmh-carideal-mandataire-automobile.png\",\"articleSection\":[\"Radar et s\u00e9curit\u00e9 routi\u00e8re\"],\"inLanguage\":\"fr-FR\",\"potentialAction\":[{\"@type\":\"CommentAction\",\"name\":\"Comment\",\"target\":[\"https:\/\/www.carideal.com\/blog\/2014\/01\/12\/80-km-h-sur-les-routes-et-70-sur-le-periph\/#respond\"]}]},{\"@type\":\"WebPage\",\"@id\":\"https:\/\/www.carideal.com\/blog\/2014\/01\/12\/80-km-h-sur-les-routes-et-70-sur-le-periph\/\",\"url\":\"https:\/\/www.carideal.com\/blog\/2014\/01\/12\/80-km-h-sur-les-routes-et-70-sur-le-periph\/\",\"name\":\"Limitation de vitesse 80 km h sur les routes - Blog auto Carid\u00e9al\",\"isPartOf\":{\"@id\":\"https:\/\/www.carideal.com\/blog\/#website\"},\"primaryImageOfPage\":{\"@id\":\"https:\/\/www.carideal.com\/blog\/2014\/01\/12\/80-km-h-sur-les-routes-et-70-sur-le-periph\/#primaryimage\"},\"image\":{\"@id\":\"https:\/\/www.carideal.com\/blog\/2014\/01\/12\/80-km-h-sur-les-routes-et-70-sur-le-periph\/#primaryimage\"},\"thumbnailUrl\":\"https:\/\/www.carideal.com\/blog\/wp-content\/uploads\/2014\/01\/limitation-vitesse-80-kmh-carideal-mandataire-automobile.png\",\"datePublished\":\"2014-01-12T23:00:00+00:00\",\"dateModified\":\"2024-04-23T18:18:43+00:00\",\"description\":\"Limitation de la vitesse \u00e0 80 km\/h et 70 km\/h sur le p\u00e9riph\u00e9rique. Un rapport mandat\u00e9 par le minist\u00e8re de l'int\u00e9rieur au Conseil National de la S\u00e9curit\u00e9 Routi\u00e8re, CNSR, conseille de r\u00e9duire la vitesse\",\"breadcrumb\":{\"@id\":\"https:\/\/www.carideal.com\/blog\/2014\/01\/12\/80-km-h-sur-les-routes-et-70-sur-le-periph\/#breadcrumb\"},\"inLanguage\":\"fr-FR\",\"potentialAction\":[{\"@type\":\"ReadAction\",\"target\":[\"https:\/\/www.carideal.com\/blog\/2014\/01\/12\/80-km-h-sur-les-routes-et-70-sur-le-periph\/\"]}]},{\"@type\":\"ImageObject\",\"inLanguage\":\"fr-FR\",\"@id\":\"https:\/\/www.carideal.com\/blog\/2014\/01\/12\/80-km-h-sur-les-routes-et-70-sur-le-periph\/#primaryimage\",\"url\":\"https:\/\/www.carideal.com\/blog\/wp-content\/uploads\/2014\/01\/limitation-vitesse-80-kmh-carideal-mandataire-automobile.png\",\"contentUrl\":\"https:\/\/www.carideal.com\/blog\/wp-content\/uploads\/2014\/01\/limitation-vitesse-80-kmh-carideal-mandataire-automobile.png\",\"width\":450,\"height\":225,\"caption\":\"Limitation de la vitesse \u00e0 80 km\/h et 70 km\/h sur le p\u00e9riph\u00e9rique\"},{\"@type\":\"BreadcrumbList\",\"@id\":\"https:\/\/www.carideal.com\/blog\/2014\/01\/12\/80-km-h-sur-les-routes-et-70-sur-le-periph\/#breadcrumb\",\"itemListElement\":[{\"@type\":\"ListItem\",\"position\":1,\"name\":\"Blog Carid\u00e9al\",\"item\":\"https:\/\/www.carideal.com\/blog\/\"},{\"@type\":\"ListItem\",\"position\":2,\"name\":\"Radar et s\u00e9curit\u00e9 routi\u00e8re\",\"item\":\"https:\/\/www.carideal.com\/blog\/radar-et-securite-routiere\/\"},{\"@type\":\"ListItem\",\"position\":3,\"name\":\"Limitation de vitesse 80 km h sur les routes\"}]},{\"@type\":\"WebSite\",\"@id\":\"https:\/\/www.carideal.com\/blog\/#website\",\"url\":\"https:\/\/www.carideal.com\/blog\/\",\"name\":\"Blog auto Carid\u00e9al\",\"description\":\"Actualit\u00e9 auto par des passionn\u00e9s\",\"publisher\":{\"@id\":\"https:\/\/www.carideal.com\/blog\/#organization\"},\"potentialAction\":[{\"@type\":\"SearchAction\",\"target\":{\"@type\":\"EntryPoint\",\"urlTemplate\":\"https:\/\/www.carideal.com\/blog\/?s={search_term_string}\"},\"query-input\":{\"@type\":\"PropertyValueSpecification\",\"valueRequired\":true,\"valueName\":\"search_term_string\"}}],\"inLanguage\":\"fr-FR\"},{\"@type\":\"Organization\",\"@id\":\"https:\/\/www.carideal.com\/blog\/#organization\",\"name\":\"Carideal\",\"url\":\"https:\/\/www.carideal.com\/blog\/\",\"logo\":{\"@type\":\"ImageObject\",\"inLanguage\":\"fr-FR\",\"@id\":\"https:\/\/www.carideal.com\/blog\/#\/schema\/logo\/image\/\",\"url\":\"http:\/\/www.carideal.com\/blog\/wp-content\/uploads\/2016\/03\/logo-carideal-mandataire-automobile.png\",\"contentUrl\":\"http:\/\/www.carideal.com\/blog\/wp-content\/uploads\/2016\/03\/logo-carideal-mandataire-automobile.png\",\"width\":300,\"height\":300,\"caption\":\"Carideal\"},\"image\":{\"@id\":\"https:\/\/www.carideal.com\/blog\/#\/schema\/logo\/image\/\"},\"sameAs\":[\"https:\/\/www.facebook.com\/Carideal.mandataire.automobile\",\"https:\/\/x.com\/caridealauto\",\"https:\/\/www.instagram.com\/carideal1\/\",\"https:\/\/www.linkedin.com\/company\/carideal.com\",\"https:\/\/fr.pinterest.com\/schiavonsas\/\",\"https:\/\/www.youtube.com\/user\/caridealsas\"]},{\"@type\":\"Person\",\"@id\":\"https:\/\/www.carideal.com\/blog\/#\/schema\/person\/cd95dc7919660de90d31b366f85be1ec\",\"name\":\"Nicolas SCHIAVON\",\"image\":{\"@type\":\"ImageObject\",\"inLanguage\":\"fr-FR\",\"@id\":\"https:\/\/www.carideal.com\/blog\/#\/schema\/person\/image\/\",\"url\":\"https:\/\/secure.gravatar.com\/avatar\/c17e55009e671d92cc7f5dc837dc418a?s=96&r=g\",\"contentUrl\":\"https:\/\/secure.gravatar.com\/avatar\/c17e55009e671d92cc7f5dc837dc418a?s=96&r=g\",\"caption\":\"Nicolas SCHIAVON\"},\"description\":\"Nicolas Schiavon est tomb\u00e9 tout petit dans la marmite automobile. Ayant eu un garage de marque automobile, mandataire automobile de la premi\u00e8re heure d\u00e8s 1999. Nicolas a cr\u00e9\u00e9 ces premiers sites de vente de voiture et blog automobile d\u00e8s 1994. Carideal est n\u00e9 le 15 d\u00e9cembre 2000 de la volont\u00e9 de vendre des voitures d'occasions en ligne puis des voitures neuves. Il a pu essayer beaucoup de voitures tr\u00e8s diff\u00e9rentes et ayant eu personnellement quelques belles autos, Subaru Impreza, Mitsubishi Lancer Evo 7, Porsche 911, Ferrari Testarrossa, Audi RS3, RS4 et j'en passe...\",\"sameAs\":[\"http:\/\/www.carideal.com\",\"https:\/\/www.facebook.com\/nicolas.schiavon.39\",\"https:\/\/www.instagram.com\/carideal1\/\",\"https:\/\/www.linkedin.com\/in\/nschiavon\/\",\"https:\/\/x.com\/caridealauto\",\"https:\/\/www.youtube.com\/user\/caridealsas\/\"],\"url\":\"https:\/\/www.carideal.com\/blog\/author\/nschiavon\/\"}]}<\/script>\n<!-- \/ Yoast SEO plugin. -->","yoast_head_json":{"title":"Limitation de vitesse 80 km h sur les routes - Blog auto Carid\u00e9al","description":"Limitation de la vitesse \u00e0 80 km\/h et 70 km\/h sur le p\u00e9riph\u00e9rique. Un rapport mandat\u00e9 par le minist\u00e8re de l'int\u00e9rieur au Conseil National de la S\u00e9curit\u00e9 Routi\u00e8re, CNSR, conseille de r\u00e9duire la vitesse","robots":{"index":"index","follow":"follow","max-snippet":"max-snippet:-1","max-image-preview":"max-image-preview:large","max-video-preview":"max-video-preview:-1"},"canonical":"https:\/\/www.carideal.com\/blog\/2014\/01\/12\/80-km-h-sur-les-routes-et-70-sur-le-periph\/","og_locale":"fr_FR","og_type":"article","og_title":"Limitation de vitesse 80 km h sur les routes - Blog auto Carid\u00e9al","og_description":"Limitation de la vitesse \u00e0 80 km\/h et 70 km\/h sur le p\u00e9riph\u00e9rique. Un rapport mandat\u00e9 par le minist\u00e8re de l'int\u00e9rieur au Conseil National de la S\u00e9curit\u00e9 Routi\u00e8re, CNSR, conseille de r\u00e9duire la vitesse","og_url":"https:\/\/www.carideal.com\/blog\/2014\/01\/12\/80-km-h-sur-les-routes-et-70-sur-le-periph\/","og_site_name":"Blog auto Carid\u00e9al","article_publisher":"https:\/\/www.facebook.com\/Carideal.mandataire.automobile","article_author":"https:\/\/www.facebook.com\/nicolas.schiavon.39","article_published_time":"2014-01-12T23:00:00+00:00","article_modified_time":"2024-04-23T18:18:43+00:00","og_image":[{"width":450,"height":225,"url":"https:\/\/www.carideal.com\/blog\/wp-content\/uploads\/2014\/01\/limitation-vitesse-80-kmh-carideal-mandataire-automobile.png","type":"image\/png"}],"author":"Nicolas SCHIAVON","twitter_card":"summary_large_image","twitter_creator":"@caridealauto","twitter_site":"@caridealauto","twitter_misc":{"\u00c9crit par":"Nicolas SCHIAVON","Dur\u00e9e de lecture estim\u00e9e":"2 minutes"},"schema":{"@context":"https:\/\/schema.org","@graph":[{"@type":"Article","@id":"https:\/\/www.carideal.com\/blog\/2014\/01\/12\/80-km-h-sur-les-routes-et-70-sur-le-periph\/#article","isPartOf":{"@id":"https:\/\/www.carideal.com\/blog\/2014\/01\/12\/80-km-h-sur-les-routes-et-70-sur-le-periph\/"},"author":{"name":"Nicolas SCHIAVON","@id":"https:\/\/www.carideal.com\/blog\/#\/schema\/person\/cd95dc7919660de90d31b366f85be1ec"},"headline":"Limitation de vitesse 80 km h sur les routes","datePublished":"2014-01-12T23:00:00+00:00","dateModified":"2024-04-23T18:18:43+00:00","mainEntityOfPage":{"@id":"https:\/\/www.carideal.com\/blog\/2014\/01\/12\/80-km-h-sur-les-routes-et-70-sur-le-periph\/"},"wordCount":423,"commentCount":0,"publisher":{"@id":"https:\/\/www.carideal.com\/blog\/#organization"},"image":{"@id":"https:\/\/www.carideal.com\/blog\/2014\/01\/12\/80-km-h-sur-les-routes-et-70-sur-le-periph\/#primaryimage"},"thumbnailUrl":"https:\/\/www.carideal.com\/blog\/wp-content\/uploads\/2014\/01\/limitation-vitesse-80-kmh-carideal-mandataire-automobile.png","articleSection":["Radar et s\u00e9curit\u00e9 routi\u00e8re"],"inLanguage":"fr-FR","potentialAction":[{"@type":"CommentAction","name":"Comment","target":["https:\/\/www.carideal.com\/blog\/2014\/01\/12\/80-km-h-sur-les-routes-et-70-sur-le-periph\/#respond"]}]},{"@type":"WebPage","@id":"https:\/\/www.carideal.com\/blog\/2014\/01\/12\/80-km-h-sur-les-routes-et-70-sur-le-periph\/","url":"https:\/\/www.carideal.com\/blog\/2014\/01\/12\/80-km-h-sur-les-routes-et-70-sur-le-periph\/","name":"Limitation de vitesse 80 km h sur les routes - Blog auto Carid\u00e9al","isPartOf":{"@id":"https:\/\/www.carideal.com\/blog\/#website"},"primaryImageOfPage":{"@id":"https:\/\/www.carideal.com\/blog\/2014\/01\/12\/80-km-h-sur-les-routes-et-70-sur-le-periph\/#primaryimage"},"image":{"@id":"https:\/\/www.carideal.com\/blog\/2014\/01\/12\/80-km-h-sur-les-routes-et-70-sur-le-periph\/#primaryimage"},"thumbnailUrl":"https:\/\/www.carideal.com\/blog\/wp-content\/uploads\/2014\/01\/limitation-vitesse-80-kmh-carideal-mandataire-automobile.png","datePublished":"2014-01-12T23:00:00+00:00","dateModified":"2024-04-23T18:18:43+00:00","description":"Limitation de la vitesse \u00e0 80 km\/h et 70 km\/h sur le p\u00e9riph\u00e9rique. Un rapport mandat\u00e9 par le minist\u00e8re de l'int\u00e9rieur au Conseil National de la S\u00e9curit\u00e9 Routi\u00e8re, CNSR, conseille de r\u00e9duire la vitesse","breadcrumb":{"@id":"https:\/\/www.carideal.com\/blog\/2014\/01\/12\/80-km-h-sur-les-routes-et-70-sur-le-periph\/#breadcrumb"},"inLanguage":"fr-FR","potentialAction":[{"@type":"ReadAction","target":["https:\/\/www.carideal.com\/blog\/2014\/01\/12\/80-km-h-sur-les-routes-et-70-sur-le-periph\/"]}]},{"@type":"ImageObject","inLanguage":"fr-FR","@id":"https:\/\/www.carideal.com\/blog\/2014\/01\/12\/80-km-h-sur-les-routes-et-70-sur-le-periph\/#primaryimage","url":"https:\/\/www.carideal.com\/blog\/wp-content\/uploads\/2014\/01\/limitation-vitesse-80-kmh-carideal-mandataire-automobile.png","contentUrl":"https:\/\/www.carideal.com\/blog\/wp-content\/uploads\/2014\/01\/limitation-vitesse-80-kmh-carideal-mandataire-automobile.png","width":450,"height":225,"caption":"Limitation de la vitesse \u00e0 80 km\/h et 70 km\/h sur le p\u00e9riph\u00e9rique"},{"@type":"BreadcrumbList","@id":"https:\/\/www.carideal.com\/blog\/2014\/01\/12\/80-km-h-sur-les-routes-et-70-sur-le-periph\/#breadcrumb","itemListElement":[{"@type":"ListItem","position":1,"name":"Blog Carid\u00e9al","item":"https:\/\/www.carideal.com\/blog\/"},{"@type":"ListItem","position":2,"name":"Radar et s\u00e9curit\u00e9 routi\u00e8re","item":"https:\/\/www.carideal.com\/blog\/radar-et-securite-routiere\/"},{"@type":"ListItem","position":3,"name":"Limitation de vitesse 80 km h sur les routes"}]},{"@type":"WebSite","@id":"https:\/\/www.carideal.com\/blog\/#website","url":"https:\/\/www.carideal.com\/blog\/","name":"Blog auto Carid\u00e9al","description":"Actualit\u00e9 auto par des passionn\u00e9s","publisher":{"@id":"https:\/\/www.carideal.com\/blog\/#organization"},"potentialAction":[{"@type":"SearchAction","target":{"@type":"EntryPoint","urlTemplate":"https:\/\/www.carideal.com\/blog\/?s={search_term_string}"},"query-input":{"@type":"PropertyValueSpecification","valueRequired":true,"valueName":"search_term_string"}}],"inLanguage":"fr-FR"},{"@type":"Organization","@id":"https:\/\/www.carideal.com\/blog\/#organization","name":"Carideal","url":"https:\/\/www.carideal.com\/blog\/","logo":{"@type":"ImageObject","inLanguage":"fr-FR","@id":"https:\/\/www.carideal.com\/blog\/#\/schema\/logo\/image\/","url":"http:\/\/www.carideal.com\/blog\/wp-content\/uploads\/2016\/03\/logo-carideal-mandataire-automobile.png","contentUrl":"http:\/\/www.carideal.com\/blog\/wp-content\/uploads\/2016\/03\/logo-carideal-mandataire-automobile.png","width":300,"height":300,"caption":"Carideal"},"image":{"@id":"https:\/\/www.carideal.com\/blog\/#\/schema\/logo\/image\/"},"sameAs":["https:\/\/www.facebook.com\/Carideal.mandataire.automobile","https:\/\/x.com\/caridealauto","https:\/\/www.instagram.com\/carideal1\/","https:\/\/www.linkedin.com\/company\/carideal.com","https:\/\/fr.pinterest.com\/schiavonsas\/","https:\/\/www.youtube.com\/user\/caridealsas"]},{"@type":"Person","@id":"https:\/\/www.carideal.com\/blog\/#\/schema\/person\/cd95dc7919660de90d31b366f85be1ec","name":"Nicolas SCHIAVON","image":{"@type":"ImageObject","inLanguage":"fr-FR","@id":"https:\/\/www.carideal.com\/blog\/#\/schema\/person\/image\/","url":"https:\/\/secure.gravatar.com\/avatar\/c17e55009e671d92cc7f5dc837dc418a?s=96&r=g","contentUrl":"https:\/\/secure.gravatar.com\/avatar\/c17e55009e671d92cc7f5dc837dc418a?s=96&r=g","caption":"Nicolas SCHIAVON"},"description":"Nicolas Schiavon est tomb\u00e9 tout petit dans la marmite automobile. Ayant eu un garage de marque automobile, mandataire automobile de la premi\u00e8re heure d\u00e8s 1999. Nicolas a cr\u00e9\u00e9 ces premiers sites de vente de voiture et blog automobile d\u00e8s 1994. Carideal est n\u00e9 le 15 d\u00e9cembre 2000 de la volont\u00e9 de vendre des voitures d'occasions en ligne puis des voitures neuves. Il a pu essayer beaucoup de voitures tr\u00e8s diff\u00e9rentes et ayant eu personnellement quelques belles autos, Subaru Impreza, Mitsubishi Lancer Evo 7, Porsche 911, Ferrari Testarrossa, Audi RS3, RS4 et j'en passe...","sameAs":["http:\/\/www.carideal.com","https:\/\/www.facebook.com\/nicolas.schiavon.39","https:\/\/www.instagram.com\/carideal1\/","https:\/\/www.linkedin.com\/in\/nschiavon\/","https:\/\/x.com\/caridealauto","https:\/\/www.youtube.com\/user\/caridealsas\/"],"url":"https:\/\/www.carideal.com\/blog\/author\/nschiavon\/"}]}},"uagb_featured_image_src":{"full":["https:\/\/www.carideal.com\/blog\/wp-content\/uploads\/2014\/01\/limitation-vitesse-80-kmh-carideal-mandataire-automobile.png",450,225,false],"thumbnail":["https:\/\/www.carideal.com\/blog\/wp-content\/uploads\/2014\/01\/limitation-vitesse-80-kmh-carideal-mandataire-automobile-150x150.png",150,150,true],"medium":["https:\/\/www.carideal.com\/blog\/wp-content\/uploads\/2014\/01\/limitation-vitesse-80-kmh-carideal-mandataire-automobile-300x150.png",300,150,true],"medium_large":["https:\/\/www.carideal.com\/blog\/wp-content\/uploads\/2014\/01\/limitation-vitesse-80-kmh-carideal-mandataire-automobile.png",450,225,false],"large":["https:\/\/www.carideal.com\/blog\/wp-content\/uploads\/2014\/01\/limitation-vitesse-80-kmh-carideal-mandataire-automobile.png",450,225,false],"1536x1536":["https:\/\/www.carideal.com\/blog\/wp-content\/uploads\/2014\/01\/limitation-vitesse-80-kmh-carideal-mandataire-automobile.png",450,225,false],"2048x2048":["https:\/\/www.carideal.com\/blog\/wp-content\/uploads\/2014\/01\/limitation-vitesse-80-kmh-carideal-mandataire-automobile.png",450,225,false],"wppr-widget":["https:\/\/www.carideal.com\/blog\/wp-content\/uploads\/2014\/01\/limitation-vitesse-80-kmh-carideal-mandataire-automobile-50x25.png",50,25,true]},"uagb_author_info":{"display_name":"Nicolas SCHIAVON","author_link":"https:\/\/www.carideal.com\/blog\/author\/nschiavon\/"},"uagb_comment_info":0,"uagb_excerpt":"Limitation de vitesse 80 km\/h sur les routes et 70 sur le p\u00e9riph\u00e9rique 80 km\/h sur les routes et 70 sur le p\u00e9riph\u00e9rique. Un rapport mandat\u00e9 par le minist\u00e8re de l'int\u00e9rieur au Conseil National de la S\u00e9curit\u00e9 Routi\u00e8re, CNSR, conseille de r\u00e9duire la vitesse sur le r\u00e9seau secondaire de 90 \u00e0 80 km\/h. On en\u2026","_links":{"self":[{"href":"https:\/\/www.carideal.com\/blog\/wp-json\/wp\/v2\/posts\/5366"}],"collection":[{"href":"https:\/\/www.carideal.com\/blog\/wp-json\/wp\/v2\/posts"}],"about":[{"href":"https:\/\/www.carideal.com\/blog\/wp-json\/wp\/v2\/types\/post"}],"author":[{"embeddable":true,"href":"https:\/\/www.carideal.com\/blog\/wp-json\/wp\/v2\/users\/3"}],"replies":[{"embeddable":true,"href":"https:\/\/www.carideal.com\/blog\/wp-json\/wp\/v2\/comments?post=5366"}],"version-history":[{"count":1,"href":"https:\/\/www.carideal.com\/blog\/wp-json\/wp\/v2\/posts\/5366\/revisions"}],"predecessor-version":[{"id":27911,"href":"https:\/\/www.carideal.com\/blog\/wp-json\/wp\/v2\/posts\/5366\/revisions\/27911"}],"wp:featuredmedia":[{"embeddable":true,"href":"https:\/\/www.carideal.com\/blog\/wp-json\/wp\/v2\/media\/17572"}],"wp:attachment":[{"href":"https:\/\/www.carideal.com\/blog\/wp-json\/wp\/v2\/media?parent=5366"}],"wp:term":[{"taxonomy":"category","embeddable":true,"href":"https:\/\/www.carideal.com\/blog\/wp-json\/wp\/v2\/categories?post=5366"},{"taxonomy":"post_tag","embeddable":true,"href":"https:\/\/www.carideal.com\/blog\/wp-json\/wp\/v2\/tags?post=5366"}],"curies":[{"name":"wp","href":"https:\/\/api.w.org\/{rel}","templated":true}]}}