{"id":5357,"date":"2013-12-31T23:00:00","date_gmt":"2013-12-31T23:00:00","guid":{"rendered":"http:\/\/www.carideal.com\/blog\/2013\/12\/31\/un-tresor-abandonne-dans-une-vieille-maison-au-portugal\/"},"modified":"2016-07-12T18:22:46","modified_gmt":"2016-07-12T16:22:46","slug":"un-tresor-abandonne-dans-une-vieille-maison-au-portugal","status":"publish","type":"post","link":"https:\/\/www.carideal.com\/blog\/2013\/12\/31\/un-tresor-abandonne-dans-une-vieille-maison-au-portugal\/","title":{"rendered":"Un tr\u00e9sor automobile abandonn\u00e9"},"content":{"rendered":"<div>\n<figure style=\"width: 920px\" class=\"wp-caption alignnone\"><img loading=\"lazy\" decoding=\"async\" title=\"un tr\u00e9sor automobile abandonn\u00e9 dans une vieille maison au Portugal\" src=\"http:\/\/www.carideal.com\/images_actualite\/voituredesportluxemaisonportugalcaridealmandataireautomobile-1388603296.jpg\" alt=\"un tr\u00e9sor automobile abandonn\u00e9 dans une vieille maison au Portugal\" width=\"930\" height=\"654\" \/><figcaption class=\"wp-caption-text\">Des retrait\u00e9s New-Yorkai trouve un tr\u00e9sor automobile abandonn\u00e9 dans une vieille maison au Portugal<\/figcaption><\/figure>\n<h1><strong>Un tr\u00e9sor automobile abandonn\u00e9 dans une vieille maison au Portugal<\/strong><\/h1>\n<\/div>\n<p>Un tr\u00e9sor automobile abandonn\u00e9 dans une vieille maison au Portugal. La nouvelle n'est pas fra\u00eeche mais plaisante. Un New-Yorkais r\u00e9cemment retrait\u00e9 est parti s'installer au Portugal et d'acheter une maison. Il a eu la surprise de sa vie. La modeste ferme \u00e9tait vacante depuis 15 ans, les anciens propri\u00e9taires \u00e9taient d\u00e9c\u00e9d\u00e9s et n'avait aucun l\u00e9gataire testamentaire. L'\u00e9tat l'avait mise en vente pour payer les taxes. Il a trouv\u00e9 dans la grange de la vieille maison achet\u00e9e pour une bouch\u00e9 de pain, un v\u00e9ritable tr\u00e9sor automobile. La grange \u00e9tait pleine de voitures anciennes et de <span style=\"text-decoration: underline;\"><a href=\"http:\/\/www.carideal.com\/blog\/2013\/08\/16\/voitures-de-collection-meilleur-placement-financement\/\">voitures de collection<\/a><\/span> : Opel GT, Lotus Elan, Porsche 356, Giulia SS, Austin Healey, Lancia Flaminia etc. La valeur du tr\u00e9sor automobile d\u00e9passerait les 36 Millions de Dollars. M'est avis que l'agence immobili\u00e8re qui n'a pas fait son travail va se faire gronder...<\/p>\n<h2>Une Grange cache un tr\u00e9sor automobile de 36 millions de dollars.<\/h2>\n<p>\u00c0 l'entr\u00e9e de la grange, il y avait d'\u00e9normes portes en acier soud\u00e9es et personne n'avait fait d'offre sur la maison \u00e0 cause des d\u00e9penses qu'ils auraient d\u00fb encourir pour d\u00e9molir la grange. Le retrait\u00e9 de New york\u00a0aid\u00e9 de\u00a0son \u00e9pouse, s'est achet\u00e9 le n\u00e9cessaire pour ouvrir les portes soud\u00e9es et a d\u00e9couvert des voitures de collection.<br \/>\nL'histoire ne dit pas si cette maison \u00e9tait prot\u00e9g\u00e9e par la <span style=\"text-decoration: underline;\"><a href=\"https:\/\/fr.wikipedia.org\/wiki\/Notre-Dame_de_F%C3%A1tima\">vierge de Fatima<\/a><\/span>, mais des fois le hasard fait bien les choses. Et ce n\u2019est certainement pas ce couple de retrait\u00e9s qui vous dira le contraire\u2026 Alors qu\u2019ils pensaient acqu\u00e9rir une vieille maison tout \u00e0 fait banale, ils ont d\u00e9couvert avec \u00e9tonnement qu\u2019ils avaient mis la main sur un tr\u00e9sor automobile d\u2019une tr\u00e8s grande valeur. Cette Grange, hideuse au demeurant, cachait des voitures anciennes et des vieilles voitures, et a transform\u00e9 ses propri\u00e9taires en multimillionnaires.<\/p>\n<h2>Vid\u00e9o du tr\u00e9sor automobile d'une valeur de 36 Millions de dollars<\/h2>\n<p><iframe loading=\"lazy\" src=\"https:\/\/www.youtube.com\/embed\/7C2MnGRUzs0\" width=\"420\" height=\"315\" frameborder=\"0\" allowfullscreen=\"allowfullscreen\"><\/iframe><\/p>\n<div id='gallery-1' class='gallery galleryid-5357 gallery-columns-3 gallery-size-thumbnail'><figure class='gallery-item'>\n\t\t\t<div class='gallery-icon landscape'>\n\t\t\t\t<a href='https:\/\/www.carideal.com\/blog\/2013\/12\/31\/un-tresor-abandonne-dans-une-vieille-maison-au-portugal\/tresor-auto\/#main'><img loading=\"lazy\" decoding=\"async\" width=\"150\" height=\"150\" src=\"https:\/\/www.carideal.com\/blog\/wp-content\/uploads\/2013\/12\/tresor-auto-150x150.jpg\" class=\"attachment-thumbnail size-thumbnail\" alt=\"Portes d&#039;entr\u00e9e de la grange au tr\u00e9sor automobile\" aria-describedby=\"gallery-1-11423\" \/><\/a>\n\t\t\t<\/div>\n\t\t\t\t<figcaption class='wp-caption-text gallery-caption' id='gallery-1-11423'>\n\t\t\t\tPortes d&rsquo;entr\u00e9e de la grange au tr\u00e9sor automobile\n\t\t\t\t<\/figcaption><\/figure><figure class='gallery-item'>\n\t\t\t<div class='gallery-icon landscape'>\n\t\t\t\t<a href='https:\/\/www.carideal.com\/blog\/2013\/12\/31\/un-tresor-abandonne-dans-une-vieille-maison-au-portugal\/tresor-auto-1\/#main'><img loading=\"lazy\" decoding=\"async\" width=\"150\" height=\"150\" src=\"https:\/\/www.carideal.com\/blog\/wp-content\/uploads\/2013\/12\/tresor-auto-1-150x150.jpg\" class=\"attachment-thumbnail size-thumbnail\" alt=\"l&#039;int\u00e9rieur de la grange des vieilles voitures\" aria-describedby=\"gallery-1-11424\" \/><\/a>\n\t\t\t<\/div>\n\t\t\t\t<figcaption class='wp-caption-text gallery-caption' id='gallery-1-11424'>\n\t\t\t\tl&rsquo;int\u00e9rieur de la grange des vieilles voitures\n\t\t\t\t<\/figcaption><\/figure><figure class='gallery-item'>\n\t\t\t<div class='gallery-icon landscape'>\n\t\t\t\t<a href='https:\/\/www.carideal.com\/blog\/2013\/12\/31\/un-tresor-abandonne-dans-une-vieille-maison-au-portugal\/tresor-auto-2\/#main'><img loading=\"lazy\" decoding=\"async\" width=\"150\" height=\"150\" src=\"https:\/\/www.carideal.com\/blog\/wp-content\/uploads\/2013\/12\/tresor-auto-2-150x150.jpg\" class=\"attachment-thumbnail size-thumbnail\" alt=\"BMW V8, Formula Racers, Chrysler, Mercedes, Austin A30\" aria-describedby=\"gallery-1-11425\" \/><\/a>\n\t\t\t<\/div>\n\t\t\t\t<figcaption class='wp-caption-text gallery-caption' id='gallery-1-11425'>\n\t\t\t\tBMW V8, Formula Racers, Chrysler, Mercedes, Austin A30\n\t\t\t\t<\/figcaption><\/figure><figure class='gallery-item'>\n\t\t\t<div class='gallery-icon landscape'>\n\t\t\t\t<a href='https:\/\/www.carideal.com\/blog\/2013\/12\/31\/un-tresor-abandonne-dans-une-vieille-maison-au-portugal\/tresor-auto-3\/#main'><img loading=\"lazy\" decoding=\"async\" width=\"150\" height=\"150\" src=\"https:\/\/www.carideal.com\/blog\/wp-content\/uploads\/2013\/12\/tresor-auto-3-150x150.jpg\" class=\"attachment-thumbnail size-thumbnail\" alt=\"Fiat Topolino II, Triumph TR4, Peugeot 202\" aria-describedby=\"gallery-1-11426\" \/><\/a>\n\t\t\t<\/div>\n\t\t\t\t<figcaption class='wp-caption-text gallery-caption' id='gallery-1-11426'>\n\t\t\t\tFiat Topolino II, Triumph TR4, Peugeot 202\n\t\t\t\t<\/figcaption><\/figure><figure class='gallery-item'>\n\t\t\t<div class='gallery-icon landscape'>\n\t\t\t\t<a href='https:\/\/www.carideal.com\/blog\/2013\/12\/31\/un-tresor-abandonne-dans-une-vieille-maison-au-portugal\/tresor-auto-4\/#main'><img loading=\"lazy\" decoding=\"async\" width=\"150\" height=\"150\" src=\"https:\/\/www.carideal.com\/blog\/wp-content\/uploads\/2013\/12\/tresor-auto-4-150x150.jpg\" class=\"attachment-thumbnail size-thumbnail\" alt=\"Mini, Alfa 1900 Super Sprint, Balilla\" aria-describedby=\"gallery-1-11427\" \/><\/a>\n\t\t\t<\/div>\n\t\t\t\t<figcaption class='wp-caption-text gallery-caption' id='gallery-1-11427'>\n\t\t\t\tMini, Alfa 1900 Super Sprint, Balilla\n\t\t\t\t<\/figcaption><\/figure><figure class='gallery-item'>\n\t\t\t<div class='gallery-icon landscape'>\n\t\t\t\t<a href='https:\/\/www.carideal.com\/blog\/2013\/12\/31\/un-tresor-abandonne-dans-une-vieille-maison-au-portugal\/tresor-auto-5\/#main'><img loading=\"lazy\" decoding=\"async\" width=\"150\" height=\"150\" src=\"https:\/\/www.carideal.com\/blog\/wp-content\/uploads\/2013\/12\/tresor-auto-5-150x150.jpg\" class=\"attachment-thumbnail size-thumbnail\" alt=\"Lancia Flaminia Coup\u00e9, Peugeot 504 cabriolet, 404 cabriolet\" aria-describedby=\"gallery-1-11428\" \/><\/a>\n\t\t\t<\/div>\n\t\t\t\t<figcaption class='wp-caption-text gallery-caption' id='gallery-1-11428'>\n\t\t\t\tLancia Flaminia Coup\u00e9, Peugeot 504 cabriolet, 404 cabriolet\n\t\t\t\t<\/figcaption><\/figure><figure class='gallery-item'>\n\t\t\t<div class='gallery-icon landscape'>\n\t\t\t\t<a href='https:\/\/www.carideal.com\/blog\/2013\/12\/31\/un-tresor-abandonne-dans-une-vieille-maison-au-portugal\/tresor-auto-6\/#main'><img loading=\"lazy\" decoding=\"async\" width=\"150\" height=\"150\" src=\"https:\/\/www.carideal.com\/blog\/wp-content\/uploads\/2013\/12\/tresor-auto-6-150x150.jpg\" class=\"attachment-thumbnail size-thumbnail\" alt=\"Int\u00e9rieur d\u2019une Alfa Romeo\" aria-describedby=\"gallery-1-11429\" \/><\/a>\n\t\t\t<\/div>\n\t\t\t\t<figcaption class='wp-caption-text gallery-caption' id='gallery-1-11429'>\n\t\t\t\tInt\u00e9rieur d\u2019une Alfa Romeo\n\t\t\t\t<\/figcaption><\/figure><figure class='gallery-item'>\n\t\t\t<div class='gallery-icon landscape'>\n\t\t\t\t<a href='https:\/\/www.carideal.com\/blog\/2013\/12\/31\/un-tresor-abandonne-dans-une-vieille-maison-au-portugal\/tresor-auto-7\/#main'><img loading=\"lazy\" decoding=\"async\" width=\"150\" height=\"150\" src=\"https:\/\/www.carideal.com\/blog\/wp-content\/uploads\/2013\/12\/tresor-auto-7-150x150.jpg\" class=\"attachment-thumbnail size-thumbnail\" alt=\"Design int\u00e9rieur inspir\u00e9 de mod\u00e8les am\u00e9ricains\" aria-describedby=\"gallery-1-11430\" \/><\/a>\n\t\t\t<\/div>\n\t\t\t\t<figcaption class='wp-caption-text gallery-caption' id='gallery-1-11430'>\n\t\t\t\tDesign int\u00e9rieur inspir\u00e9 de mod\u00e8les am\u00e9ricains\n\t\t\t\t<\/figcaption><\/figure><figure class='gallery-item'>\n\t\t\t<div class='gallery-icon landscape'>\n\t\t\t\t<a href='https:\/\/www.carideal.com\/blog\/2013\/12\/31\/un-tresor-abandonne-dans-une-vieille-maison-au-portugal\/tresor-auto-8\/#main'><img loading=\"lazy\" decoding=\"async\" width=\"150\" height=\"150\" src=\"https:\/\/www.carideal.com\/blog\/wp-content\/uploads\/2013\/12\/tresor-auto-8-150x150.jpg\" class=\"attachment-thumbnail size-thumbnail\" alt=\"Abarth 1300 Scorpione\" aria-describedby=\"gallery-1-11431\" \/><\/a>\n\t\t\t<\/div>\n\t\t\t\t<figcaption class='wp-caption-text gallery-caption' id='gallery-1-11431'>\n\t\t\t\tAbarth 1300 Scorpione\n\t\t\t\t<\/figcaption><\/figure><figure class='gallery-item'>\n\t\t\t<div class='gallery-icon landscape'>\n\t\t\t\t<a href='https:\/\/www.carideal.com\/blog\/2013\/12\/31\/un-tresor-abandonne-dans-une-vieille-maison-au-portugal\/tresor-auto-9\/#main'><img loading=\"lazy\" decoding=\"async\" width=\"150\" height=\"150\" src=\"https:\/\/www.carideal.com\/blog\/wp-content\/uploads\/2013\/12\/tresor-auto-9-150x150.jpg\" class=\"attachment-thumbnail size-thumbnail\" alt=\"Alfa Giulietta, Lotus Europa, Lotus Elan FHC, Matra Djet\" aria-describedby=\"gallery-1-11432\" \/><\/a>\n\t\t\t<\/div>\n\t\t\t\t<figcaption class='wp-caption-text gallery-caption' id='gallery-1-11432'>\n\t\t\t\tAlfa Giulietta, Lotus Europa, Lotus Elan FHC, Matra Djet\n\t\t\t\t<\/figcaption><\/figure><figure class='gallery-item'>\n\t\t\t<div class='gallery-icon landscape'>\n\t\t\t\t<a href='https:\/\/www.carideal.com\/blog\/2013\/12\/31\/un-tresor-abandonne-dans-une-vieille-maison-au-portugal\/tresor-auto-10\/#main'><img loading=\"lazy\" decoding=\"async\" width=\"150\" height=\"150\" src=\"https:\/\/www.carideal.com\/blog\/wp-content\/uploads\/2013\/12\/tresor-auto-10-150x150.jpg\" class=\"attachment-thumbnail size-thumbnail\" alt=\"Giulietta Sprint, Giulia Sprint Speciale (SS), Nash Metropolitan\" aria-describedby=\"gallery-1-11433\" \/><\/a>\n\t\t\t<\/div>\n\t\t\t\t<figcaption class='wp-caption-text gallery-caption' id='gallery-1-11433'>\n\t\t\t\tGiulietta Sprint, Giulia Sprint Speciale (SS), Nash Metropolitan\n\t\t\t\t<\/figcaption><\/figure><figure class='gallery-item'>\n\t\t\t<div class='gallery-icon landscape'>\n\t\t\t\t<a href='https:\/\/www.carideal.com\/blog\/2013\/12\/31\/un-tresor-abandonne-dans-une-vieille-maison-au-portugal\/tresor-auto-11\/#main'><img loading=\"lazy\" decoding=\"async\" width=\"150\" height=\"150\" src=\"https:\/\/www.carideal.com\/blog\/wp-content\/uploads\/2013\/12\/tresor-auto-11-150x150.jpg\" class=\"attachment-thumbnail size-thumbnail\" alt=\"Porsche 356, Austin Healey Sprite MkII, Volvo PV 544, Ford Y\" aria-describedby=\"gallery-1-11434\" \/><\/a>\n\t\t\t<\/div>\n\t\t\t\t<figcaption class='wp-caption-text gallery-caption' id='gallery-1-11434'>\n\t\t\t\tPorsche 356, Austin Healey Sprite MkII, Volvo PV 544, Ford Y\n\t\t\t\t<\/figcaption><\/figure><figure class='gallery-item'>\n\t\t\t<div class='gallery-icon landscape'>\n\t\t\t\t<a href='https:\/\/www.carideal.com\/blog\/2013\/12\/31\/un-tresor-abandonne-dans-une-vieille-maison-au-portugal\/tresor-auto-12\/#main'><img loading=\"lazy\" decoding=\"async\" width=\"150\" height=\"150\" src=\"https:\/\/www.carideal.com\/blog\/wp-content\/uploads\/2013\/12\/tresor-auto-12-150x150.jpg\" class=\"attachment-thumbnail size-thumbnail\" alt=\"Opel GT, Lotus Elan FHC, Lotus Super Seven Series IV, Lotus Elan DHC\" aria-describedby=\"gallery-1-11435\" \/><\/a>\n\t\t\t<\/div>\n\t\t\t\t<figcaption class='wp-caption-text gallery-caption' id='gallery-1-11435'>\n\t\t\t\tOpel GT, Lotus Elan FHC, Lotus Super Seven Series IV, Lotus Elan DHC\n\t\t\t\t<\/figcaption><\/figure><figure class='gallery-item'>\n\t\t\t<div class='gallery-icon landscape'>\n\t\t\t\t<a href='https:\/\/www.carideal.com\/blog\/2013\/12\/31\/un-tresor-abandonne-dans-une-vieille-maison-au-portugal\/tresor-auto-13\/#main'><img loading=\"lazy\" decoding=\"async\" width=\"150\" height=\"150\" src=\"https:\/\/www.carideal.com\/blog\/wp-content\/uploads\/2013\/12\/tresor-auto-13-150x150.jpg\" class=\"attachment-thumbnail size-thumbnail\" alt=\"Voiture de collection\" aria-describedby=\"gallery-1-11436\" \/><\/a>\n\t\t\t<\/div>\n\t\t\t\t<figcaption class='wp-caption-text gallery-caption' id='gallery-1-11436'>\n\t\t\t\tVoiture de collection\n\t\t\t\t<\/figcaption><\/figure><figure class='gallery-item'>\n\t\t\t<div class='gallery-icon landscape'>\n\t\t\t\t<a href='https:\/\/www.carideal.com\/blog\/2013\/12\/31\/un-tresor-abandonne-dans-une-vieille-maison-au-portugal\/tresor-auto-14\/#main'><img loading=\"lazy\" decoding=\"async\" width=\"150\" height=\"150\" src=\"https:\/\/www.carideal.com\/blog\/wp-content\/uploads\/2013\/12\/tresor-auto-14-150x150.jpg\" class=\"attachment-thumbnail size-thumbnail\" alt=\"Voiture ancienne\" aria-describedby=\"gallery-1-11437\" \/><\/a>\n\t\t\t<\/div>\n\t\t\t\t<figcaption class='wp-caption-text gallery-caption' id='gallery-1-11437'>\n\t\t\t\tVoiture ancienne\n\t\t\t\t<\/figcaption><\/figure>\n\t\t<\/div>\n\n","protected":false},"excerpt":{"rendered":"<p>Un tr\u00e9sor automobile abandonn\u00e9 dans une vieille maison au Portugal Un tr\u00e9sor automobile abandonn\u00e9 dans une vieille maison au Portugal. La nouvelle n&rsquo;est pas fra\u00eeche mais plaisante. Un New-Yorkais r\u00e9cemment retrait\u00e9 est parti s&rsquo;installer au Portugal et d&rsquo;acheter une maison. Il a eu la surprise de sa vie. La modeste ferme \u00e9tait vacante depuis 15 &#8230; <a title=\"Un tr\u00e9sor automobile abandonn\u00e9\" class=\"read-more\" href=\"https:\/\/www.carideal.com\/blog\/2013\/12\/31\/un-tresor-abandonne-dans-une-vieille-maison-au-portugal\/\" aria-label=\"En savoir plus sur Un tr\u00e9sor automobile abandonn\u00e9\">Lire plus<\/a><\/p>\n","protected":false},"author":3,"featured_media":0,"comment_status":"open","ping_status":"open","sticky":false,"template":"","format":"standard","meta":{"_uag_custom_page_level_css":"","_themeisle_gutenberg_block_has_review":false,"footnotes":""},"categories":[21,5944,3,9,5994],"tags":[6161],"class_list":["post-5357","post","type-post","status-publish","format-standard","hentry","category-actualites-auto","category-constructeur","category-actualites-financieres","category-divers","category-fun","tag-voiture-de-collection"],"wppr_data":[],"yoast_head":"<!-- This site is optimized with the Yoast SEO plugin v24.8.1 - https:\/\/yoast.com\/wordpress\/plugins\/seo\/ -->\n<title>Un tr\u00e9sor automobile abandonn\u00e9 - Blog auto Carid\u00e9al<\/title>\n<meta name=\"description\" content=\"Un couple de New-yorkais trouve un tr\u00e9sor automobile abandonn\u00e9 dans une vieille maison au Portugal. La nouvelle n&#039;est pas fra\u00eeche mais plaisante : 36M$.\" \/>\n<meta name=\"robots\" content=\"index, follow, max-snippet:-1, max-image-preview:large, max-video-preview:-1\" \/>\n<link rel=\"canonical\" href=\"https:\/\/www.carideal.com\/blog\/2013\/12\/31\/un-tresor-abandonne-dans-une-vieille-maison-au-portugal\/\" \/>\n<meta property=\"og:locale\" content=\"fr_FR\" \/>\n<meta property=\"og:type\" content=\"article\" \/>\n<meta property=\"og:title\" content=\"Un tr\u00e9sor automobile abandonn\u00e9 - Blog auto Carid\u00e9al\" \/>\n<meta property=\"og:description\" content=\"Un couple de New-yorkais trouve un tr\u00e9sor automobile abandonn\u00e9 dans une vieille maison au Portugal. La nouvelle n&#039;est pas fra\u00eeche mais plaisante : 36M$.\" \/>\n<meta property=\"og:url\" content=\"https:\/\/www.carideal.com\/blog\/2013\/12\/31\/un-tresor-abandonne-dans-une-vieille-maison-au-portugal\/\" \/>\n<meta property=\"og:site_name\" content=\"Blog auto Carid\u00e9al\" \/>\n<meta property=\"article:publisher\" content=\"https:\/\/www.facebook.com\/Carideal.mandataire.automobile\" \/>\n<meta property=\"article:author\" content=\"https:\/\/www.facebook.com\/nicolas.schiavon.39\" \/>\n<meta property=\"article:published_time\" content=\"2013-12-31T23:00:00+00:00\" \/>\n<meta property=\"article:modified_time\" content=\"2016-07-12T16:22:46+00:00\" \/>\n<meta property=\"og:image\" content=\"https:\/\/www.carideal.com\/blog\/wp-content\/uploads\/2013\/12\/tresor-auto-150x150.jpg\" \/>\n<meta name=\"author\" content=\"Nicolas SCHIAVON\" \/>\n<meta name=\"twitter:card\" content=\"summary_large_image\" \/>\n<meta name=\"twitter:creator\" content=\"@caridealauto\" \/>\n<meta name=\"twitter:site\" content=\"@caridealauto\" \/>\n<meta name=\"twitter:label1\" content=\"\u00c9crit par\" \/>\n\t<meta name=\"twitter:data1\" content=\"Nicolas SCHIAVON\" \/>\n\t<meta name=\"twitter:label2\" content=\"Dur\u00e9e de lecture estim\u00e9e\" \/>\n\t<meta name=\"twitter:data2\" content=\"2 minutes\" \/>\n<script type=\"application\/ld+json\" class=\"yoast-schema-graph\">{\"@context\":\"https:\/\/schema.org\",\"@graph\":[{\"@type\":\"Article\",\"@id\":\"https:\/\/www.carideal.com\/blog\/2013\/12\/31\/un-tresor-abandonne-dans-une-vieille-maison-au-portugal\/#article\",\"isPartOf\":{\"@id\":\"https:\/\/www.carideal.com\/blog\/2013\/12\/31\/un-tresor-abandonne-dans-une-vieille-maison-au-portugal\/\"},\"author\":{\"name\":\"Nicolas SCHIAVON\",\"@id\":\"https:\/\/www.carideal.com\/blog\/#\/schema\/person\/cd95dc7919660de90d31b366f85be1ec\"},\"headline\":\"Un tr\u00e9sor automobile abandonn\u00e9\",\"datePublished\":\"2013-12-31T23:00:00+00:00\",\"dateModified\":\"2016-07-12T16:22:46+00:00\",\"mainEntityOfPage\":{\"@id\":\"https:\/\/www.carideal.com\/blog\/2013\/12\/31\/un-tresor-abandonne-dans-une-vieille-maison-au-portugal\/\"},\"wordCount\":372,\"commentCount\":0,\"publisher\":{\"@id\":\"https:\/\/www.carideal.com\/blog\/#organization\"},\"image\":{\"@id\":\"https:\/\/www.carideal.com\/blog\/2013\/12\/31\/un-tresor-abandonne-dans-une-vieille-maison-au-portugal\/#primaryimage\"},\"thumbnailUrl\":\"http:\/\/www.carideal.com\/images_actualite\/voituredesportluxemaisonportugalcaridealmandataireautomobile-1388603296.jpg\",\"keywords\":[\"Voiture de collection\"],\"articleSection\":[\"Actualit\u00e9 automobile\",\"Actualit\u00e9 Constructeur automobile\",\"Actualit\u00e9 Financi\u00e8re\",\"Divers\",\"Fun\"],\"inLanguage\":\"fr-FR\",\"potentialAction\":[{\"@type\":\"CommentAction\",\"name\":\"Comment\",\"target\":[\"https:\/\/www.carideal.com\/blog\/2013\/12\/31\/un-tresor-abandonne-dans-une-vieille-maison-au-portugal\/#respond\"]}]},{\"@type\":\"WebPage\",\"@id\":\"https:\/\/www.carideal.com\/blog\/2013\/12\/31\/un-tresor-abandonne-dans-une-vieille-maison-au-portugal\/\",\"url\":\"https:\/\/www.carideal.com\/blog\/2013\/12\/31\/un-tresor-abandonne-dans-une-vieille-maison-au-portugal\/\",\"name\":\"Un tr\u00e9sor automobile abandonn\u00e9 - Blog auto Carid\u00e9al\",\"isPartOf\":{\"@id\":\"https:\/\/www.carideal.com\/blog\/#website\"},\"primaryImageOfPage\":{\"@id\":\"https:\/\/www.carideal.com\/blog\/2013\/12\/31\/un-tresor-abandonne-dans-une-vieille-maison-au-portugal\/#primaryimage\"},\"image\":{\"@id\":\"https:\/\/www.carideal.com\/blog\/2013\/12\/31\/un-tresor-abandonne-dans-une-vieille-maison-au-portugal\/#primaryimage\"},\"thumbnailUrl\":\"http:\/\/www.carideal.com\/images_actualite\/voituredesportluxemaisonportugalcaridealmandataireautomobile-1388603296.jpg\",\"datePublished\":\"2013-12-31T23:00:00+00:00\",\"dateModified\":\"2016-07-12T16:22:46+00:00\",\"description\":\"Un couple de New-yorkais trouve un tr\u00e9sor automobile abandonn\u00e9 dans une vieille maison au Portugal. La nouvelle n'est pas fra\u00eeche mais plaisante : 36M$.\",\"breadcrumb\":{\"@id\":\"https:\/\/www.carideal.com\/blog\/2013\/12\/31\/un-tresor-abandonne-dans-une-vieille-maison-au-portugal\/#breadcrumb\"},\"inLanguage\":\"fr-FR\",\"potentialAction\":[{\"@type\":\"ReadAction\",\"target\":[\"https:\/\/www.carideal.com\/blog\/2013\/12\/31\/un-tresor-abandonne-dans-une-vieille-maison-au-portugal\/\"]}]},{\"@type\":\"ImageObject\",\"inLanguage\":\"fr-FR\",\"@id\":\"https:\/\/www.carideal.com\/blog\/2013\/12\/31\/un-tresor-abandonne-dans-une-vieille-maison-au-portugal\/#primaryimage\",\"url\":\"http:\/\/www.carideal.com\/images_actualite\/voituredesportluxemaisonportugalcaridealmandataireautomobile-1388603296.jpg\",\"contentUrl\":\"http:\/\/www.carideal.com\/images_actualite\/voituredesportluxemaisonportugalcaridealmandataireautomobile-1388603296.jpg\"},{\"@type\":\"BreadcrumbList\",\"@id\":\"https:\/\/www.carideal.com\/blog\/2013\/12\/31\/un-tresor-abandonne-dans-une-vieille-maison-au-portugal\/#breadcrumb\",\"itemListElement\":[{\"@type\":\"ListItem\",\"position\":1,\"name\":\"Blog Carid\u00e9al\",\"item\":\"https:\/\/www.carideal.com\/blog\/\"},{\"@type\":\"ListItem\",\"position\":2,\"name\":\"Actualit\u00e9 automobile\",\"item\":\"https:\/\/www.carideal.com\/blog\/actualites-auto\/\"},{\"@type\":\"ListItem\",\"position\":3,\"name\":\"Un tr\u00e9sor automobile abandonn\u00e9\"}]},{\"@type\":\"WebSite\",\"@id\":\"https:\/\/www.carideal.com\/blog\/#website\",\"url\":\"https:\/\/www.carideal.com\/blog\/\",\"name\":\"Blog auto Carid\u00e9al\",\"description\":\"Actualit\u00e9 auto par des passionn\u00e9s\",\"publisher\":{\"@id\":\"https:\/\/www.carideal.com\/blog\/#organization\"},\"potentialAction\":[{\"@type\":\"SearchAction\",\"target\":{\"@type\":\"EntryPoint\",\"urlTemplate\":\"https:\/\/www.carideal.com\/blog\/?s={search_term_string}\"},\"query-input\":{\"@type\":\"PropertyValueSpecification\",\"valueRequired\":true,\"valueName\":\"search_term_string\"}}],\"inLanguage\":\"fr-FR\"},{\"@type\":\"Organization\",\"@id\":\"https:\/\/www.carideal.com\/blog\/#organization\",\"name\":\"Carideal\",\"url\":\"https:\/\/www.carideal.com\/blog\/\",\"logo\":{\"@type\":\"ImageObject\",\"inLanguage\":\"fr-FR\",\"@id\":\"https:\/\/www.carideal.com\/blog\/#\/schema\/logo\/image\/\",\"url\":\"http:\/\/www.carideal.com\/blog\/wp-content\/uploads\/2016\/03\/logo-carideal-mandataire-automobile.png\",\"contentUrl\":\"http:\/\/www.carideal.com\/blog\/wp-content\/uploads\/2016\/03\/logo-carideal-mandataire-automobile.png\",\"width\":300,\"height\":300,\"caption\":\"Carideal\"},\"image\":{\"@id\":\"https:\/\/www.carideal.com\/blog\/#\/schema\/logo\/image\/\"},\"sameAs\":[\"https:\/\/www.facebook.com\/Carideal.mandataire.automobile\",\"https:\/\/x.com\/caridealauto\",\"https:\/\/www.instagram.com\/carideal1\/\",\"https:\/\/www.linkedin.com\/company\/carideal.com\",\"https:\/\/fr.pinterest.com\/schiavonsas\/\",\"https:\/\/www.youtube.com\/user\/caridealsas\"]},{\"@type\":\"Person\",\"@id\":\"https:\/\/www.carideal.com\/blog\/#\/schema\/person\/cd95dc7919660de90d31b366f85be1ec\",\"name\":\"Nicolas SCHIAVON\",\"image\":{\"@type\":\"ImageObject\",\"inLanguage\":\"fr-FR\",\"@id\":\"https:\/\/www.carideal.com\/blog\/#\/schema\/person\/image\/\",\"url\":\"https:\/\/secure.gravatar.com\/avatar\/c17e55009e671d92cc7f5dc837dc418a?s=96&r=g\",\"contentUrl\":\"https:\/\/secure.gravatar.com\/avatar\/c17e55009e671d92cc7f5dc837dc418a?s=96&r=g\",\"caption\":\"Nicolas SCHIAVON\"},\"description\":\"Nicolas Schiavon est tomb\u00e9 tout petit dans la marmite automobile. Ayant eu un garage de marque automobile, mandataire automobile de la premi\u00e8re heure d\u00e8s 1999. Nicolas a cr\u00e9\u00e9 ces premiers sites de vente de voiture et blog automobile d\u00e8s 1994. Carideal est n\u00e9 le 15 d\u00e9cembre 2000 de la volont\u00e9 de vendre des voitures d'occasions en ligne puis des voitures neuves. Il a pu essayer beaucoup de voitures tr\u00e8s diff\u00e9rentes et ayant eu personnellement quelques belles autos, Subaru Impreza, Mitsubishi Lancer Evo 7, Porsche 911, Ferrari Testarrossa, Audi RS3, RS4 et j'en passe...\",\"sameAs\":[\"http:\/\/www.carideal.com\",\"https:\/\/www.facebook.com\/nicolas.schiavon.39\",\"https:\/\/www.instagram.com\/carideal1\/\",\"https:\/\/www.linkedin.com\/in\/nschiavon\/\",\"https:\/\/x.com\/caridealauto\",\"https:\/\/www.youtube.com\/user\/caridealsas\/\"],\"url\":\"https:\/\/www.carideal.com\/blog\/author\/nschiavon\/\"}]}<\/script>\n<!-- \/ Yoast SEO plugin. -->","yoast_head_json":{"title":"Un tr\u00e9sor automobile abandonn\u00e9 - Blog auto Carid\u00e9al","description":"Un couple de New-yorkais trouve un tr\u00e9sor automobile abandonn\u00e9 dans une vieille maison au Portugal. La nouvelle n'est pas fra\u00eeche mais plaisante : 36M$.","robots":{"index":"index","follow":"follow","max-snippet":"max-snippet:-1","max-image-preview":"max-image-preview:large","max-video-preview":"max-video-preview:-1"},"canonical":"https:\/\/www.carideal.com\/blog\/2013\/12\/31\/un-tresor-abandonne-dans-une-vieille-maison-au-portugal\/","og_locale":"fr_FR","og_type":"article","og_title":"Un tr\u00e9sor automobile abandonn\u00e9 - Blog auto Carid\u00e9al","og_description":"Un couple de New-yorkais trouve un tr\u00e9sor automobile abandonn\u00e9 dans une vieille maison au Portugal. La nouvelle n'est pas fra\u00eeche mais plaisante : 36M$.","og_url":"https:\/\/www.carideal.com\/blog\/2013\/12\/31\/un-tresor-abandonne-dans-une-vieille-maison-au-portugal\/","og_site_name":"Blog auto Carid\u00e9al","article_publisher":"https:\/\/www.facebook.com\/Carideal.mandataire.automobile","article_author":"https:\/\/www.facebook.com\/nicolas.schiavon.39","article_published_time":"2013-12-31T23:00:00+00:00","article_modified_time":"2016-07-12T16:22:46+00:00","og_image":[{"url":"https:\/\/www.carideal.com\/blog\/wp-content\/uploads\/2013\/12\/tresor-auto-150x150.jpg","type":"","width":"","height":""}],"author":"Nicolas SCHIAVON","twitter_card":"summary_large_image","twitter_creator":"@caridealauto","twitter_site":"@caridealauto","twitter_misc":{"\u00c9crit par":"Nicolas SCHIAVON","Dur\u00e9e de lecture estim\u00e9e":"2 minutes"},"schema":{"@context":"https:\/\/schema.org","@graph":[{"@type":"Article","@id":"https:\/\/www.carideal.com\/blog\/2013\/12\/31\/un-tresor-abandonne-dans-une-vieille-maison-au-portugal\/#article","isPartOf":{"@id":"https:\/\/www.carideal.com\/blog\/2013\/12\/31\/un-tresor-abandonne-dans-une-vieille-maison-au-portugal\/"},"author":{"name":"Nicolas SCHIAVON","@id":"https:\/\/www.carideal.com\/blog\/#\/schema\/person\/cd95dc7919660de90d31b366f85be1ec"},"headline":"Un tr\u00e9sor automobile abandonn\u00e9","datePublished":"2013-12-31T23:00:00+00:00","dateModified":"2016-07-12T16:22:46+00:00","mainEntityOfPage":{"@id":"https:\/\/www.carideal.com\/blog\/2013\/12\/31\/un-tresor-abandonne-dans-une-vieille-maison-au-portugal\/"},"wordCount":372,"commentCount":0,"publisher":{"@id":"https:\/\/www.carideal.com\/blog\/#organization"},"image":{"@id":"https:\/\/www.carideal.com\/blog\/2013\/12\/31\/un-tresor-abandonne-dans-une-vieille-maison-au-portugal\/#primaryimage"},"thumbnailUrl":"http:\/\/www.carideal.com\/images_actualite\/voituredesportluxemaisonportugalcaridealmandataireautomobile-1388603296.jpg","keywords":["Voiture de collection"],"articleSection":["Actualit\u00e9 automobile","Actualit\u00e9 Constructeur automobile","Actualit\u00e9 Financi\u00e8re","Divers","Fun"],"inLanguage":"fr-FR","potentialAction":[{"@type":"CommentAction","name":"Comment","target":["https:\/\/www.carideal.com\/blog\/2013\/12\/31\/un-tresor-abandonne-dans-une-vieille-maison-au-portugal\/#respond"]}]},{"@type":"WebPage","@id":"https:\/\/www.carideal.com\/blog\/2013\/12\/31\/un-tresor-abandonne-dans-une-vieille-maison-au-portugal\/","url":"https:\/\/www.carideal.com\/blog\/2013\/12\/31\/un-tresor-abandonne-dans-une-vieille-maison-au-portugal\/","name":"Un tr\u00e9sor automobile abandonn\u00e9 - Blog auto Carid\u00e9al","isPartOf":{"@id":"https:\/\/www.carideal.com\/blog\/#website"},"primaryImageOfPage":{"@id":"https:\/\/www.carideal.com\/blog\/2013\/12\/31\/un-tresor-abandonne-dans-une-vieille-maison-au-portugal\/#primaryimage"},"image":{"@id":"https:\/\/www.carideal.com\/blog\/2013\/12\/31\/un-tresor-abandonne-dans-une-vieille-maison-au-portugal\/#primaryimage"},"thumbnailUrl":"http:\/\/www.carideal.com\/images_actualite\/voituredesportluxemaisonportugalcaridealmandataireautomobile-1388603296.jpg","datePublished":"2013-12-31T23:00:00+00:00","dateModified":"2016-07-12T16:22:46+00:00","description":"Un couple de New-yorkais trouve un tr\u00e9sor automobile abandonn\u00e9 dans une vieille maison au Portugal. La nouvelle n'est pas fra\u00eeche mais plaisante : 36M$.","breadcrumb":{"@id":"https:\/\/www.carideal.com\/blog\/2013\/12\/31\/un-tresor-abandonne-dans-une-vieille-maison-au-portugal\/#breadcrumb"},"inLanguage":"fr-FR","potentialAction":[{"@type":"ReadAction","target":["https:\/\/www.carideal.com\/blog\/2013\/12\/31\/un-tresor-abandonne-dans-une-vieille-maison-au-portugal\/"]}]},{"@type":"ImageObject","inLanguage":"fr-FR","@id":"https:\/\/www.carideal.com\/blog\/2013\/12\/31\/un-tresor-abandonne-dans-une-vieille-maison-au-portugal\/#primaryimage","url":"http:\/\/www.carideal.com\/images_actualite\/voituredesportluxemaisonportugalcaridealmandataireautomobile-1388603296.jpg","contentUrl":"http:\/\/www.carideal.com\/images_actualite\/voituredesportluxemaisonportugalcaridealmandataireautomobile-1388603296.jpg"},{"@type":"BreadcrumbList","@id":"https:\/\/www.carideal.com\/blog\/2013\/12\/31\/un-tresor-abandonne-dans-une-vieille-maison-au-portugal\/#breadcrumb","itemListElement":[{"@type":"ListItem","position":1,"name":"Blog Carid\u00e9al","item":"https:\/\/www.carideal.com\/blog\/"},{"@type":"ListItem","position":2,"name":"Actualit\u00e9 automobile","item":"https:\/\/www.carideal.com\/blog\/actualites-auto\/"},{"@type":"ListItem","position":3,"name":"Un tr\u00e9sor automobile abandonn\u00e9"}]},{"@type":"WebSite","@id":"https:\/\/www.carideal.com\/blog\/#website","url":"https:\/\/www.carideal.com\/blog\/","name":"Blog auto Carid\u00e9al","description":"Actualit\u00e9 auto par des passionn\u00e9s","publisher":{"@id":"https:\/\/www.carideal.com\/blog\/#organization"},"potentialAction":[{"@type":"SearchAction","target":{"@type":"EntryPoint","urlTemplate":"https:\/\/www.carideal.com\/blog\/?s={search_term_string}"},"query-input":{"@type":"PropertyValueSpecification","valueRequired":true,"valueName":"search_term_string"}}],"inLanguage":"fr-FR"},{"@type":"Organization","@id":"https:\/\/www.carideal.com\/blog\/#organization","name":"Carideal","url":"https:\/\/www.carideal.com\/blog\/","logo":{"@type":"ImageObject","inLanguage":"fr-FR","@id":"https:\/\/www.carideal.com\/blog\/#\/schema\/logo\/image\/","url":"http:\/\/www.carideal.com\/blog\/wp-content\/uploads\/2016\/03\/logo-carideal-mandataire-automobile.png","contentUrl":"http:\/\/www.carideal.com\/blog\/wp-content\/uploads\/2016\/03\/logo-carideal-mandataire-automobile.png","width":300,"height":300,"caption":"Carideal"},"image":{"@id":"https:\/\/www.carideal.com\/blog\/#\/schema\/logo\/image\/"},"sameAs":["https:\/\/www.facebook.com\/Carideal.mandataire.automobile","https:\/\/x.com\/caridealauto","https:\/\/www.instagram.com\/carideal1\/","https:\/\/www.linkedin.com\/company\/carideal.com","https:\/\/fr.pinterest.com\/schiavonsas\/","https:\/\/www.youtube.com\/user\/caridealsas"]},{"@type":"Person","@id":"https:\/\/www.carideal.com\/blog\/#\/schema\/person\/cd95dc7919660de90d31b366f85be1ec","name":"Nicolas SCHIAVON","image":{"@type":"ImageObject","inLanguage":"fr-FR","@id":"https:\/\/www.carideal.com\/blog\/#\/schema\/person\/image\/","url":"https:\/\/secure.gravatar.com\/avatar\/c17e55009e671d92cc7f5dc837dc418a?s=96&r=g","contentUrl":"https:\/\/secure.gravatar.com\/avatar\/c17e55009e671d92cc7f5dc837dc418a?s=96&r=g","caption":"Nicolas SCHIAVON"},"description":"Nicolas Schiavon est tomb\u00e9 tout petit dans la marmite automobile. Ayant eu un garage de marque automobile, mandataire automobile de la premi\u00e8re heure d\u00e8s 1999. Nicolas a cr\u00e9\u00e9 ces premiers sites de vente de voiture et blog automobile d\u00e8s 1994. Carideal est n\u00e9 le 15 d\u00e9cembre 2000 de la volont\u00e9 de vendre des voitures d'occasions en ligne puis des voitures neuves. Il a pu essayer beaucoup de voitures tr\u00e8s diff\u00e9rentes et ayant eu personnellement quelques belles autos, Subaru Impreza, Mitsubishi Lancer Evo 7, Porsche 911, Ferrari Testarrossa, Audi RS3, RS4 et j'en passe...","sameAs":["http:\/\/www.carideal.com","https:\/\/www.facebook.com\/nicolas.schiavon.39","https:\/\/www.instagram.com\/carideal1\/","https:\/\/www.linkedin.com\/in\/nschiavon\/","https:\/\/x.com\/caridealauto","https:\/\/www.youtube.com\/user\/caridealsas\/"],"url":"https:\/\/www.carideal.com\/blog\/author\/nschiavon\/"}]}},"uagb_featured_image_src":{"full":false,"thumbnail":false,"medium":false,"medium_large":false,"large":false,"1536x1536":false,"2048x2048":false,"wppr-widget":false},"uagb_author_info":{"display_name":"Nicolas SCHIAVON","author_link":"https:\/\/www.carideal.com\/blog\/author\/nschiavon\/"},"uagb_comment_info":0,"uagb_excerpt":"Un tr\u00e9sor automobile abandonn\u00e9 dans une vieille maison au Portugal Un tr\u00e9sor automobile abandonn\u00e9 dans une vieille maison au Portugal. La nouvelle n'est pas fra\u00eeche mais plaisante. Un New-Yorkais r\u00e9cemment retrait\u00e9 est parti s'installer au Portugal et d'acheter une maison. Il a eu la surprise de sa vie. La modeste ferme \u00e9tait vacante depuis 15\u2026","_links":{"self":[{"href":"https:\/\/www.carideal.com\/blog\/wp-json\/wp\/v2\/posts\/5357"}],"collection":[{"href":"https:\/\/www.carideal.com\/blog\/wp-json\/wp\/v2\/posts"}],"about":[{"href":"https:\/\/www.carideal.com\/blog\/wp-json\/wp\/v2\/types\/post"}],"author":[{"embeddable":true,"href":"https:\/\/www.carideal.com\/blog\/wp-json\/wp\/v2\/users\/3"}],"replies":[{"embeddable":true,"href":"https:\/\/www.carideal.com\/blog\/wp-json\/wp\/v2\/comments?post=5357"}],"version-history":[{"count":0,"href":"https:\/\/www.carideal.com\/blog\/wp-json\/wp\/v2\/posts\/5357\/revisions"}],"wp:attachment":[{"href":"https:\/\/www.carideal.com\/blog\/wp-json\/wp\/v2\/media?parent=5357"}],"wp:term":[{"taxonomy":"category","embeddable":true,"href":"https:\/\/www.carideal.com\/blog\/wp-json\/wp\/v2\/categories?post=5357"},{"taxonomy":"post_tag","embeddable":true,"href":"https:\/\/www.carideal.com\/blog\/wp-json\/wp\/v2\/tags?post=5357"}],"curies":[{"name":"wp","href":"https:\/\/api.w.org\/{rel}","templated":true}]}}