{"id":5355,"date":"2013-12-31T23:00:00","date_gmt":"2013-12-31T23:00:00","guid":{"rendered":"http:\/\/www.carideal.com\/blog\/2013\/12\/31\/tesla-prend-feu\/"},"modified":"2019-01-25T17:47:47","modified_gmt":"2019-01-25T16:47:47","slug":"tesla-prend-feu","status":"publish","type":"post","link":"https:\/\/www.carideal.com\/blog\/2013\/12\/31\/tesla-prend-feu\/","title":{"rendered":"Tesla prend feu et l&rsquo;action coule"},"content":{"rendered":"<div>\n<h2><strong>Tesla prend feu et les actions sont en chute<\/strong><\/h2>\n<\/div>\n<p><a href=\"http:\/\/www.carideal.com\/blog\/marque-de-voiture-actualites-essais\/tesla\/\">Tesla<\/a> prend feu au sens propre comme au figur\u00e9. Tesla Accumule les ennuis alors que trois des batteries de ses voitures ont derni\u00e8rement pris feu lors d'accidents, le constructeur californien de voitures sportives \u00e9lectriques a vu un de ses ouvriers gravement bless\u00e9 par du m\u00e9tal en fusion \u00e9chapp\u00e9 d'une de ses machines. Malgr\u00e9 cette s\u00e9rie noire 15000 Tesla \u00e0 70000 \u20ac le bout, se sont vendues cette ann\u00e9e. pour passer \u00e0 la vitesse sup\u00e9rieure, le constructeur envisage de construire une immense usine o\u00f9 il pourrait produire jusqu'\u00e0 500 000 batteries par an.<\/p>\n<p>Une berline de luxe enti\u00e8rement \u00e9lectrique <a href=\"http:\/\/www.carideal.com\/blog\/marque-de-voiture-actualites-essais\/tesla\/tesla-model-s\/\">Tesla Model S<\/a> a pris feu pr\u00e8s de Seattle apr\u00e8s une collision avec un objet m\u00e9tallique inconnu mardi, le premier incident de ce type a \u00e9t\u00e9 rapport\u00e9 \u00e0 notre connaissance. Associated Press rapporte que l'incendie a commenc\u00e9 dans le bloc-batterie du v\u00e9hicule, mont\u00e9 sous le plancher de l'habitacle, ce qui a cr\u00e9\u00e9 des difficult\u00e9s pour les pompiers qui tentaient d'\u00e9teindre les flammes. La Model S utilise une grande cellule lithium-ion refroidie par liquide qui utilise une chimie similaire \u00e0 celle des batteries utilis\u00e9es dans les ordinateurs portables.<\/p>\n<p>Mise \u00e0 jour: Selon un rapport publi\u00e9 par l'International Business Times par l'Autorit\u00e9 r\u00e9gionale des incendies du d\u00e9partement des incendies de Kent, l'eau initialement utilis\u00e9e pour \u00e9teindre l'incendie a apparemment aliment\u00e9 les flammes, ce qui a pouss\u00e9 les pompiers sur place \u00e0 utiliser un produit chimique sec. Apr\u00e8s avoir d\u00e9couvert que le bloc-batterie \u00e9tait toujours en feu, le rapport indique que les premiers intervenants \"ont d\u00fb percer de multiples trous dans le pack pour appliquer de l'eau sur le mat\u00e9riau en combustion dans la batterie\", ouvrant ensuite le ch\u00e2ssis du v\u00e9hicule afin de l'\u00e9teindre.<\/p>\n<ul>\n<li><a href=\"http:\/\/www.carideal.com\/blog\/2014\/09\/26\/tesla-veut-la-plus-grosse-usine-de-batteries\/\">Tesla veut la plus grosse usine de batterie<\/a><\/li>\n<\/ul>\n<p>Heureusement, l\u2019incendie qui a suivi aurait \u00e9t\u00e9 limit\u00e9 au coffre avant de la voiture et aucun bless\u00e9 n\u2019a \u00e9t\u00e9 signal\u00e9.<\/p>\n<p>Le constructeur automobile novateur de la Silicon Valley a pr\u00e9sent\u00e9 \u00e0 AutoblogGreen la d\u00e9claration suivante :<\/p>\n<p>Hier, une Model S est entr\u00e9e en collision avec un gros objet m\u00e9tallique au milieu de la route, causant des dommages importants au v\u00e9hicule. Le syst\u00e8me d'alerte de la voiture a signal\u00e9 un probl\u00e8me et a demand\u00e9 au conducteur de se garer en toute s\u00e9curit\u00e9, ce qu'il a fait. Personne n'a \u00e9t\u00e9 bless\u00e9 et le seul occupant a eu suffisamment de temps pour sortir du v\u00e9hicule en toute s\u00e9curit\u00e9 et appeler les autorit\u00e9s. Par la suite, un incendie caus\u00e9 par les dommages importants subis lors de la collision a \u00e9t\u00e9 ma\u00eetris\u00e9 \u00e0 l'avant du v\u00e9hicule gr\u00e2ce \u00e0 la conception et \u00e0 la construction du v\u00e9hicule et du bloc-batterie. Tout indique que le feu n\u2019est jamais entr\u00e9 dans l'habitacle int\u00e9rieure de la voiture. Il a \u00e9t\u00e9 \u00e9teint sur place par le service d'incendie.<\/p>\n<p>Nous supposons qu'un long examen s'ensuivra, car il pourrait \u00e9ventuellement s'agir d'un probl\u00e8me d\u00e9cisif pour l'entreprise si le v\u00e9hicule \u00e9tait en faute. N'oubliez pas qu'il n'y a pas d'essence ici et que les batteries lithium-ion ont d\u00e9j\u00e0 la r\u00e9putation de chauffer et de prendre feu. Le 787 Dreamliner de Boeing a \u00e9t\u00e9 mis \u00e0 la terre peu de temps apr\u00e8s ses vols inauguraux cette ann\u00e9e \u00e0 cause d'incendies \u00e9lectriques imputables aux batteries lithium-ion de l'avion.<\/p>\n<p>Ce n'est pas un hasard si l'action de Tesla a chut\u00e9 de 12,05 $ pour cl\u00f4turer la s\u00e9ance de mercredi \u00e0 180,95 $. Mise \u00e0 jour: Les actions de Tesla se sont \u00e9tablies \u00e0 172,81 $ \u00e0 la fin de la journ\u00e9e de jeudi, ce qui repr\u00e9sente une nouvelle baisse, quoique modeste, de 4,5%<\/p>\n<p><iframe loading=\"lazy\" src=\"https:\/\/www.youtube.com\/embed\/q0kjI08n4fg\" width=\"560\" height=\"315\" frameborder=\"0\" allowfullscreen=\"allowfullscreen\"><\/iframe><\/p>\n","protected":false},"excerpt":{"rendered":"<p>Tesla prend feu et les actions sont en chute Tesla prend feu au sens propre comme au figur\u00e9. Tesla Accumule les ennuis alors que trois des batteries de ses voitures ont derni\u00e8rement pris feu lors d&rsquo;accidents, le constructeur californien de voitures sportives \u00e9lectriques a vu un de ses ouvriers gravement bless\u00e9 par du m\u00e9tal en &#8230; <a title=\"Tesla prend feu et l&rsquo;action coule\" class=\"read-more\" href=\"https:\/\/www.carideal.com\/blog\/2013\/12\/31\/tesla-prend-feu\/\" aria-label=\"En savoir plus sur Tesla prend feu et l&rsquo;action coule\">Lire plus<\/a><\/p>\n","protected":false},"author":3,"featured_media":18372,"comment_status":"open","ping_status":"open","sticky":false,"template":"","format":"standard","meta":{"_uag_custom_page_level_css":"","_themeisle_gutenberg_block_has_review":false,"footnotes":""},"categories":[21,5986],"tags":[],"class_list":["post-5355","post","type-post","status-publish","format-standard","has-post-thumbnail","hentry","category-actualites-auto","category-tesla"],"wppr_data":{"cwp_meta_box_check":"No"},"yoast_head":"<!-- This site is optimized with the Yoast SEO plugin v24.8.1 - https:\/\/yoast.com\/wordpress\/plugins\/seo\/ -->\n<title>Tesla prend feu et l&#039;action coule - Blog auto Carid\u00e9al<\/title>\n<meta name=\"description\" content=\"Une Tesla Model S a pris feu \u00e0 l&#039;ext\u00e9rieur de Seattle apr\u00e8s une collision avec un objet inconnu - regardez la vid\u00e9o.\" \/>\n<meta name=\"robots\" content=\"index, follow, max-snippet:-1, max-image-preview:large, max-video-preview:-1\" \/>\n<link rel=\"canonical\" href=\"https:\/\/www.carideal.com\/blog\/2013\/12\/31\/tesla-prend-feu\/\" \/>\n<meta property=\"og:locale\" content=\"fr_FR\" \/>\n<meta property=\"og:type\" content=\"article\" \/>\n<meta property=\"og:title\" content=\"Tesla prend feu et l&#039;action coule - Blog auto Carid\u00e9al\" \/>\n<meta property=\"og:description\" content=\"Une Tesla Model S a pris feu \u00e0 l&#039;ext\u00e9rieur de Seattle apr\u00e8s une collision avec un objet inconnu - regardez la vid\u00e9o.\" \/>\n<meta property=\"og:url\" content=\"https:\/\/www.carideal.com\/blog\/2013\/12\/31\/tesla-prend-feu\/\" \/>\n<meta property=\"og:site_name\" content=\"Blog auto Carid\u00e9al\" \/>\n<meta property=\"article:publisher\" content=\"https:\/\/www.facebook.com\/Carideal.mandataire.automobile\" \/>\n<meta property=\"article:author\" content=\"https:\/\/www.facebook.com\/nicolas.schiavon.39\" \/>\n<meta property=\"article:published_time\" content=\"2013-12-31T23:00:00+00:00\" \/>\n<meta property=\"article:modified_time\" content=\"2019-01-25T16:47:47+00:00\" \/>\n<meta property=\"og:image\" content=\"https:\/\/www.carideal.com\/blog\/wp-content\/uploads\/2013\/12\/teslamodelscaridealmandataireautomobile-1388600237-e1548434325489.jpg\" \/>\n\t<meta property=\"og:image:width\" content=\"600\" \/>\n\t<meta property=\"og:image:height\" content=\"345\" \/>\n\t<meta property=\"og:image:type\" content=\"image\/jpeg\" \/>\n<meta name=\"author\" content=\"Nicolas SCHIAVON\" \/>\n<meta name=\"twitter:card\" content=\"summary_large_image\" \/>\n<meta name=\"twitter:creator\" content=\"@caridealauto\" \/>\n<meta name=\"twitter:site\" content=\"@caridealauto\" \/>\n<meta name=\"twitter:label1\" content=\"\u00c9crit par\" \/>\n\t<meta name=\"twitter:data1\" content=\"Nicolas SCHIAVON\" \/>\n\t<meta name=\"twitter:label2\" content=\"Dur\u00e9e de lecture estim\u00e9e\" \/>\n\t<meta name=\"twitter:data2\" content=\"3 minutes\" \/>\n<script type=\"application\/ld+json\" class=\"yoast-schema-graph\">{\"@context\":\"https:\/\/schema.org\",\"@graph\":[{\"@type\":\"Article\",\"@id\":\"https:\/\/www.carideal.com\/blog\/2013\/12\/31\/tesla-prend-feu\/#article\",\"isPartOf\":{\"@id\":\"https:\/\/www.carideal.com\/blog\/2013\/12\/31\/tesla-prend-feu\/\"},\"author\":{\"name\":\"Nicolas SCHIAVON\",\"@id\":\"https:\/\/www.carideal.com\/blog\/#\/schema\/person\/cd95dc7919660de90d31b366f85be1ec\"},\"headline\":\"Tesla prend feu et l&rsquo;action coule\",\"datePublished\":\"2013-12-31T23:00:00+00:00\",\"dateModified\":\"2019-01-25T16:47:47+00:00\",\"mainEntityOfPage\":{\"@id\":\"https:\/\/www.carideal.com\/blog\/2013\/12\/31\/tesla-prend-feu\/\"},\"wordCount\":621,\"commentCount\":0,\"publisher\":{\"@id\":\"https:\/\/www.carideal.com\/blog\/#organization\"},\"image\":{\"@id\":\"https:\/\/www.carideal.com\/blog\/2013\/12\/31\/tesla-prend-feu\/#primaryimage\"},\"thumbnailUrl\":\"https:\/\/www.carideal.com\/blog\/wp-content\/uploads\/2013\/12\/teslamodelscaridealmandataireautomobile-1388600237-e1548434325489.jpg\",\"articleSection\":[\"Actualit\u00e9 automobile\",\"Actualit\u00e9 Tesla\"],\"inLanguage\":\"fr-FR\",\"potentialAction\":[{\"@type\":\"CommentAction\",\"name\":\"Comment\",\"target\":[\"https:\/\/www.carideal.com\/blog\/2013\/12\/31\/tesla-prend-feu\/#respond\"]}]},{\"@type\":\"WebPage\",\"@id\":\"https:\/\/www.carideal.com\/blog\/2013\/12\/31\/tesla-prend-feu\/\",\"url\":\"https:\/\/www.carideal.com\/blog\/2013\/12\/31\/tesla-prend-feu\/\",\"name\":\"Tesla prend feu et l'action coule - Blog auto Carid\u00e9al\",\"isPartOf\":{\"@id\":\"https:\/\/www.carideal.com\/blog\/#website\"},\"primaryImageOfPage\":{\"@id\":\"https:\/\/www.carideal.com\/blog\/2013\/12\/31\/tesla-prend-feu\/#primaryimage\"},\"image\":{\"@id\":\"https:\/\/www.carideal.com\/blog\/2013\/12\/31\/tesla-prend-feu\/#primaryimage\"},\"thumbnailUrl\":\"https:\/\/www.carideal.com\/blog\/wp-content\/uploads\/2013\/12\/teslamodelscaridealmandataireautomobile-1388600237-e1548434325489.jpg\",\"datePublished\":\"2013-12-31T23:00:00+00:00\",\"dateModified\":\"2019-01-25T16:47:47+00:00\",\"description\":\"Une Tesla Model S a pris feu \u00e0 l'ext\u00e9rieur de Seattle apr\u00e8s une collision avec un objet inconnu - regardez la vid\u00e9o.\",\"breadcrumb\":{\"@id\":\"https:\/\/www.carideal.com\/blog\/2013\/12\/31\/tesla-prend-feu\/#breadcrumb\"},\"inLanguage\":\"fr-FR\",\"potentialAction\":[{\"@type\":\"ReadAction\",\"target\":[\"https:\/\/www.carideal.com\/blog\/2013\/12\/31\/tesla-prend-feu\/\"]}]},{\"@type\":\"ImageObject\",\"inLanguage\":\"fr-FR\",\"@id\":\"https:\/\/www.carideal.com\/blog\/2013\/12\/31\/tesla-prend-feu\/#primaryimage\",\"url\":\"https:\/\/www.carideal.com\/blog\/wp-content\/uploads\/2013\/12\/teslamodelscaridealmandataireautomobile-1388600237-e1548434325489.jpg\",\"contentUrl\":\"https:\/\/www.carideal.com\/blog\/wp-content\/uploads\/2013\/12\/teslamodelscaridealmandataireautomobile-1388600237-e1548434325489.jpg\",\"width\":600,\"height\":345,\"caption\":\"Tesla prend feu et l'action coule\"},{\"@type\":\"BreadcrumbList\",\"@id\":\"https:\/\/www.carideal.com\/blog\/2013\/12\/31\/tesla-prend-feu\/#breadcrumb\",\"itemListElement\":[{\"@type\":\"ListItem\",\"position\":1,\"name\":\"Blog Carid\u00e9al\",\"item\":\"https:\/\/www.carideal.com\/blog\/\"},{\"@type\":\"ListItem\",\"position\":2,\"name\":\"Actualit\u00e9 automobile\",\"item\":\"https:\/\/www.carideal.com\/blog\/actualites-auto\/\"},{\"@type\":\"ListItem\",\"position\":3,\"name\":\"Tesla prend feu et l&rsquo;action coule\"}]},{\"@type\":\"WebSite\",\"@id\":\"https:\/\/www.carideal.com\/blog\/#website\",\"url\":\"https:\/\/www.carideal.com\/blog\/\",\"name\":\"Blog auto Carid\u00e9al\",\"description\":\"Actualit\u00e9 auto par des passionn\u00e9s\",\"publisher\":{\"@id\":\"https:\/\/www.carideal.com\/blog\/#organization\"},\"potentialAction\":[{\"@type\":\"SearchAction\",\"target\":{\"@type\":\"EntryPoint\",\"urlTemplate\":\"https:\/\/www.carideal.com\/blog\/?s={search_term_string}\"},\"query-input\":{\"@type\":\"PropertyValueSpecification\",\"valueRequired\":true,\"valueName\":\"search_term_string\"}}],\"inLanguage\":\"fr-FR\"},{\"@type\":\"Organization\",\"@id\":\"https:\/\/www.carideal.com\/blog\/#organization\",\"name\":\"Carideal\",\"url\":\"https:\/\/www.carideal.com\/blog\/\",\"logo\":{\"@type\":\"ImageObject\",\"inLanguage\":\"fr-FR\",\"@id\":\"https:\/\/www.carideal.com\/blog\/#\/schema\/logo\/image\/\",\"url\":\"http:\/\/www.carideal.com\/blog\/wp-content\/uploads\/2016\/03\/logo-carideal-mandataire-automobile.png\",\"contentUrl\":\"http:\/\/www.carideal.com\/blog\/wp-content\/uploads\/2016\/03\/logo-carideal-mandataire-automobile.png\",\"width\":300,\"height\":300,\"caption\":\"Carideal\"},\"image\":{\"@id\":\"https:\/\/www.carideal.com\/blog\/#\/schema\/logo\/image\/\"},\"sameAs\":[\"https:\/\/www.facebook.com\/Carideal.mandataire.automobile\",\"https:\/\/x.com\/caridealauto\",\"https:\/\/www.instagram.com\/carideal1\/\",\"https:\/\/www.linkedin.com\/company\/carideal.com\",\"https:\/\/fr.pinterest.com\/schiavonsas\/\",\"https:\/\/www.youtube.com\/user\/caridealsas\"]},{\"@type\":\"Person\",\"@id\":\"https:\/\/www.carideal.com\/blog\/#\/schema\/person\/cd95dc7919660de90d31b366f85be1ec\",\"name\":\"Nicolas SCHIAVON\",\"image\":{\"@type\":\"ImageObject\",\"inLanguage\":\"fr-FR\",\"@id\":\"https:\/\/www.carideal.com\/blog\/#\/schema\/person\/image\/\",\"url\":\"https:\/\/secure.gravatar.com\/avatar\/c17e55009e671d92cc7f5dc837dc418a?s=96&r=g\",\"contentUrl\":\"https:\/\/secure.gravatar.com\/avatar\/c17e55009e671d92cc7f5dc837dc418a?s=96&r=g\",\"caption\":\"Nicolas SCHIAVON\"},\"description\":\"Nicolas Schiavon est tomb\u00e9 tout petit dans la marmite automobile. Ayant eu un garage de marque automobile, mandataire automobile de la premi\u00e8re heure d\u00e8s 1999. Nicolas a cr\u00e9\u00e9 ces premiers sites de vente de voiture et blog automobile d\u00e8s 1994. Carideal est n\u00e9 le 15 d\u00e9cembre 2000 de la volont\u00e9 de vendre des voitures d'occasions en ligne puis des voitures neuves. Il a pu essayer beaucoup de voitures tr\u00e8s diff\u00e9rentes et ayant eu personnellement quelques belles autos, Subaru Impreza, Mitsubishi Lancer Evo 7, Porsche 911, Ferrari Testarrossa, Audi RS3, RS4 et j'en passe...\",\"sameAs\":[\"http:\/\/www.carideal.com\",\"https:\/\/www.facebook.com\/nicolas.schiavon.39\",\"https:\/\/www.instagram.com\/carideal1\/\",\"https:\/\/www.linkedin.com\/in\/nschiavon\/\",\"https:\/\/x.com\/caridealauto\",\"https:\/\/www.youtube.com\/user\/caridealsas\/\"],\"url\":\"https:\/\/www.carideal.com\/blog\/author\/nschiavon\/\"}]}<\/script>\n<!-- \/ Yoast SEO plugin. -->","yoast_head_json":{"title":"Tesla prend feu et l'action coule - Blog auto Carid\u00e9al","description":"Une Tesla Model S a pris feu \u00e0 l'ext\u00e9rieur de Seattle apr\u00e8s une collision avec un objet inconnu - regardez la vid\u00e9o.","robots":{"index":"index","follow":"follow","max-snippet":"max-snippet:-1","max-image-preview":"max-image-preview:large","max-video-preview":"max-video-preview:-1"},"canonical":"https:\/\/www.carideal.com\/blog\/2013\/12\/31\/tesla-prend-feu\/","og_locale":"fr_FR","og_type":"article","og_title":"Tesla prend feu et l'action coule - Blog auto Carid\u00e9al","og_description":"Une Tesla Model S a pris feu \u00e0 l'ext\u00e9rieur de Seattle apr\u00e8s une collision avec un objet inconnu - regardez la vid\u00e9o.","og_url":"https:\/\/www.carideal.com\/blog\/2013\/12\/31\/tesla-prend-feu\/","og_site_name":"Blog auto Carid\u00e9al","article_publisher":"https:\/\/www.facebook.com\/Carideal.mandataire.automobile","article_author":"https:\/\/www.facebook.com\/nicolas.schiavon.39","article_published_time":"2013-12-31T23:00:00+00:00","article_modified_time":"2019-01-25T16:47:47+00:00","og_image":[{"width":600,"height":345,"url":"https:\/\/www.carideal.com\/blog\/wp-content\/uploads\/2013\/12\/teslamodelscaridealmandataireautomobile-1388600237-e1548434325489.jpg","type":"image\/jpeg"}],"author":"Nicolas SCHIAVON","twitter_card":"summary_large_image","twitter_creator":"@caridealauto","twitter_site":"@caridealauto","twitter_misc":{"\u00c9crit par":"Nicolas SCHIAVON","Dur\u00e9e de lecture estim\u00e9e":"3 minutes"},"schema":{"@context":"https:\/\/schema.org","@graph":[{"@type":"Article","@id":"https:\/\/www.carideal.com\/blog\/2013\/12\/31\/tesla-prend-feu\/#article","isPartOf":{"@id":"https:\/\/www.carideal.com\/blog\/2013\/12\/31\/tesla-prend-feu\/"},"author":{"name":"Nicolas SCHIAVON","@id":"https:\/\/www.carideal.com\/blog\/#\/schema\/person\/cd95dc7919660de90d31b366f85be1ec"},"headline":"Tesla prend feu et l&rsquo;action coule","datePublished":"2013-12-31T23:00:00+00:00","dateModified":"2019-01-25T16:47:47+00:00","mainEntityOfPage":{"@id":"https:\/\/www.carideal.com\/blog\/2013\/12\/31\/tesla-prend-feu\/"},"wordCount":621,"commentCount":0,"publisher":{"@id":"https:\/\/www.carideal.com\/blog\/#organization"},"image":{"@id":"https:\/\/www.carideal.com\/blog\/2013\/12\/31\/tesla-prend-feu\/#primaryimage"},"thumbnailUrl":"https:\/\/www.carideal.com\/blog\/wp-content\/uploads\/2013\/12\/teslamodelscaridealmandataireautomobile-1388600237-e1548434325489.jpg","articleSection":["Actualit\u00e9 automobile","Actualit\u00e9 Tesla"],"inLanguage":"fr-FR","potentialAction":[{"@type":"CommentAction","name":"Comment","target":["https:\/\/www.carideal.com\/blog\/2013\/12\/31\/tesla-prend-feu\/#respond"]}]},{"@type":"WebPage","@id":"https:\/\/www.carideal.com\/blog\/2013\/12\/31\/tesla-prend-feu\/","url":"https:\/\/www.carideal.com\/blog\/2013\/12\/31\/tesla-prend-feu\/","name":"Tesla prend feu et l'action coule - Blog auto Carid\u00e9al","isPartOf":{"@id":"https:\/\/www.carideal.com\/blog\/#website"},"primaryImageOfPage":{"@id":"https:\/\/www.carideal.com\/blog\/2013\/12\/31\/tesla-prend-feu\/#primaryimage"},"image":{"@id":"https:\/\/www.carideal.com\/blog\/2013\/12\/31\/tesla-prend-feu\/#primaryimage"},"thumbnailUrl":"https:\/\/www.carideal.com\/blog\/wp-content\/uploads\/2013\/12\/teslamodelscaridealmandataireautomobile-1388600237-e1548434325489.jpg","datePublished":"2013-12-31T23:00:00+00:00","dateModified":"2019-01-25T16:47:47+00:00","description":"Une Tesla Model S a pris feu \u00e0 l'ext\u00e9rieur de Seattle apr\u00e8s une collision avec un objet inconnu - regardez la vid\u00e9o.","breadcrumb":{"@id":"https:\/\/www.carideal.com\/blog\/2013\/12\/31\/tesla-prend-feu\/#breadcrumb"},"inLanguage":"fr-FR","potentialAction":[{"@type":"ReadAction","target":["https:\/\/www.carideal.com\/blog\/2013\/12\/31\/tesla-prend-feu\/"]}]},{"@type":"ImageObject","inLanguage":"fr-FR","@id":"https:\/\/www.carideal.com\/blog\/2013\/12\/31\/tesla-prend-feu\/#primaryimage","url":"https:\/\/www.carideal.com\/blog\/wp-content\/uploads\/2013\/12\/teslamodelscaridealmandataireautomobile-1388600237-e1548434325489.jpg","contentUrl":"https:\/\/www.carideal.com\/blog\/wp-content\/uploads\/2013\/12\/teslamodelscaridealmandataireautomobile-1388600237-e1548434325489.jpg","width":600,"height":345,"caption":"Tesla prend feu et l'action coule"},{"@type":"BreadcrumbList","@id":"https:\/\/www.carideal.com\/blog\/2013\/12\/31\/tesla-prend-feu\/#breadcrumb","itemListElement":[{"@type":"ListItem","position":1,"name":"Blog Carid\u00e9al","item":"https:\/\/www.carideal.com\/blog\/"},{"@type":"ListItem","position":2,"name":"Actualit\u00e9 automobile","item":"https:\/\/www.carideal.com\/blog\/actualites-auto\/"},{"@type":"ListItem","position":3,"name":"Tesla prend feu et l&rsquo;action coule"}]},{"@type":"WebSite","@id":"https:\/\/www.carideal.com\/blog\/#website","url":"https:\/\/www.carideal.com\/blog\/","name":"Blog auto Carid\u00e9al","description":"Actualit\u00e9 auto par des passionn\u00e9s","publisher":{"@id":"https:\/\/www.carideal.com\/blog\/#organization"},"potentialAction":[{"@type":"SearchAction","target":{"@type":"EntryPoint","urlTemplate":"https:\/\/www.carideal.com\/blog\/?s={search_term_string}"},"query-input":{"@type":"PropertyValueSpecification","valueRequired":true,"valueName":"search_term_string"}}],"inLanguage":"fr-FR"},{"@type":"Organization","@id":"https:\/\/www.carideal.com\/blog\/#organization","name":"Carideal","url":"https:\/\/www.carideal.com\/blog\/","logo":{"@type":"ImageObject","inLanguage":"fr-FR","@id":"https:\/\/www.carideal.com\/blog\/#\/schema\/logo\/image\/","url":"http:\/\/www.carideal.com\/blog\/wp-content\/uploads\/2016\/03\/logo-carideal-mandataire-automobile.png","contentUrl":"http:\/\/www.carideal.com\/blog\/wp-content\/uploads\/2016\/03\/logo-carideal-mandataire-automobile.png","width":300,"height":300,"caption":"Carideal"},"image":{"@id":"https:\/\/www.carideal.com\/blog\/#\/schema\/logo\/image\/"},"sameAs":["https:\/\/www.facebook.com\/Carideal.mandataire.automobile","https:\/\/x.com\/caridealauto","https:\/\/www.instagram.com\/carideal1\/","https:\/\/www.linkedin.com\/company\/carideal.com","https:\/\/fr.pinterest.com\/schiavonsas\/","https:\/\/www.youtube.com\/user\/caridealsas"]},{"@type":"Person","@id":"https:\/\/www.carideal.com\/blog\/#\/schema\/person\/cd95dc7919660de90d31b366f85be1ec","name":"Nicolas SCHIAVON","image":{"@type":"ImageObject","inLanguage":"fr-FR","@id":"https:\/\/www.carideal.com\/blog\/#\/schema\/person\/image\/","url":"https:\/\/secure.gravatar.com\/avatar\/c17e55009e671d92cc7f5dc837dc418a?s=96&r=g","contentUrl":"https:\/\/secure.gravatar.com\/avatar\/c17e55009e671d92cc7f5dc837dc418a?s=96&r=g","caption":"Nicolas SCHIAVON"},"description":"Nicolas Schiavon est tomb\u00e9 tout petit dans la marmite automobile. Ayant eu un garage de marque automobile, mandataire automobile de la premi\u00e8re heure d\u00e8s 1999. Nicolas a cr\u00e9\u00e9 ces premiers sites de vente de voiture et blog automobile d\u00e8s 1994. Carideal est n\u00e9 le 15 d\u00e9cembre 2000 de la volont\u00e9 de vendre des voitures d'occasions en ligne puis des voitures neuves. Il a pu essayer beaucoup de voitures tr\u00e8s diff\u00e9rentes et ayant eu personnellement quelques belles autos, Subaru Impreza, Mitsubishi Lancer Evo 7, Porsche 911, Ferrari Testarrossa, Audi RS3, RS4 et j'en passe...","sameAs":["http:\/\/www.carideal.com","https:\/\/www.facebook.com\/nicolas.schiavon.39","https:\/\/www.instagram.com\/carideal1\/","https:\/\/www.linkedin.com\/in\/nschiavon\/","https:\/\/x.com\/caridealauto","https:\/\/www.youtube.com\/user\/caridealsas\/"],"url":"https:\/\/www.carideal.com\/blog\/author\/nschiavon\/"}]}},"uagb_featured_image_src":{"full":["https:\/\/www.carideal.com\/blog\/wp-content\/uploads\/2013\/12\/teslamodelscaridealmandataireautomobile-1388600237-e1548434325489.jpg",600,345,false],"thumbnail":["https:\/\/www.carideal.com\/blog\/wp-content\/uploads\/2013\/12\/teslamodelscaridealmandataireautomobile-1388600237-150x150.jpg",150,150,true],"medium":["https:\/\/www.carideal.com\/blog\/wp-content\/uploads\/2013\/12\/teslamodelscaridealmandataireautomobile-1388600237-300x172.jpg",300,172,true],"medium_large":["https:\/\/www.carideal.com\/blog\/wp-content\/uploads\/2013\/12\/teslamodelscaridealmandataireautomobile-1388600237-e1548434325489.jpg",600,345,false],"large":["https:\/\/www.carideal.com\/blog\/wp-content\/uploads\/2013\/12\/teslamodelscaridealmandataireautomobile-1388600237-e1548434325489.jpg",600,345,false],"1536x1536":["https:\/\/www.carideal.com\/blog\/wp-content\/uploads\/2013\/12\/teslamodelscaridealmandataireautomobile-1388600237-e1548434325489.jpg",600,345,false],"2048x2048":["https:\/\/www.carideal.com\/blog\/wp-content\/uploads\/2013\/12\/teslamodelscaridealmandataireautomobile-1388600237-e1548434325489.jpg",600,345,false],"wppr-widget":["https:\/\/www.carideal.com\/blog\/wp-content\/uploads\/2013\/12\/teslamodelscaridealmandataireautomobile-1388600237-50x29.jpg",50,29,true]},"uagb_author_info":{"display_name":"Nicolas SCHIAVON","author_link":"https:\/\/www.carideal.com\/blog\/author\/nschiavon\/"},"uagb_comment_info":0,"uagb_excerpt":"Tesla prend feu et les actions sont en chute Tesla prend feu au sens propre comme au figur\u00e9. Tesla Accumule les ennuis alors que trois des batteries de ses voitures ont derni\u00e8rement pris feu lors d'accidents, le constructeur californien de voitures sportives \u00e9lectriques a vu un de ses ouvriers gravement bless\u00e9 par du m\u00e9tal en\u2026","_links":{"self":[{"href":"https:\/\/www.carideal.com\/blog\/wp-json\/wp\/v2\/posts\/5355"}],"collection":[{"href":"https:\/\/www.carideal.com\/blog\/wp-json\/wp\/v2\/posts"}],"about":[{"href":"https:\/\/www.carideal.com\/blog\/wp-json\/wp\/v2\/types\/post"}],"author":[{"embeddable":true,"href":"https:\/\/www.carideal.com\/blog\/wp-json\/wp\/v2\/users\/3"}],"replies":[{"embeddable":true,"href":"https:\/\/www.carideal.com\/blog\/wp-json\/wp\/v2\/comments?post=5355"}],"version-history":[{"count":0,"href":"https:\/\/www.carideal.com\/blog\/wp-json\/wp\/v2\/posts\/5355\/revisions"}],"wp:featuredmedia":[{"embeddable":true,"href":"https:\/\/www.carideal.com\/blog\/wp-json\/wp\/v2\/media\/18372"}],"wp:attachment":[{"href":"https:\/\/www.carideal.com\/blog\/wp-json\/wp\/v2\/media?parent=5355"}],"wp:term":[{"taxonomy":"category","embeddable":true,"href":"https:\/\/www.carideal.com\/blog\/wp-json\/wp\/v2\/categories?post=5355"},{"taxonomy":"post_tag","embeddable":true,"href":"https:\/\/www.carideal.com\/blog\/wp-json\/wp\/v2\/tags?post=5355"}],"curies":[{"name":"wp","href":"https:\/\/api.w.org\/{rel}","templated":true}]}}