{"id":5354,"date":"2013-12-31T23:00:00","date_gmt":"2013-12-31T23:00:00","guid":{"rendered":"http:\/\/www.carideal.com\/blog\/2013\/12\/31\/michelin-investit-dans-un-pneu-issu-de-la-biomasse\/"},"modified":"2020-03-08T18:00:45","modified_gmt":"2020-03-08T17:00:45","slug":"michelin-investit-dans-un-pneu-issu-de-la-biomasse","status":"publish","type":"post","link":"https:\/\/www.carideal.com\/blog\/2013\/12\/31\/michelin-investit-dans-un-pneu-issu-de-la-biomasse\/","title":{"rendered":"Michelin investit dans un pneu issu de la biomasse"},"content":{"rendered":"<div>\n<h2>Michelin investit dans un pneu issu de la biomasse<\/h2>\n<\/div>\n<p>Michelin et le d\u00e9partement des \u00e9nergies nouvelles de l'IFP se sont associ\u00e9s dans le projet \"Biobutterfly\" pour d\u00e9velopper d'ici \u00e0 2020, une technique de fabrication o\u00f9 certains compos\u00e9s d'origine fossiles seront remplac\u00e9s par des mati\u00e8res renouvelables issues de la chimie de synth\u00e8se.<\/p>\n<h3>Mat\u00e9riaux durables<\/h3>\n<p>Les programmes de recherche sur les mat\u00e9riaux biosourc\u00e9s tels que Biobutterfly et les partenaires de haut niveau Michelin, ainsi que les technologies et les mat\u00e9riaux avanc\u00e9s d\u00e9velopp\u00e9s dans le cadre de ces partenariats permettront d'atteindre cet objectif ambitieux en mati\u00e8re de mat\u00e9riaux durables. Le programme Biobutterfly a \u00e9t\u00e9 lanc\u00e9 en 2012 avec Axens et IFP Energies Nouvelles afin de cr\u00e9er des \u00e9lastom\u00e8res synth\u00e9tiques \u00e0 partir de biomasse tels que le bois, la paille ou la betterave.<\/p>\n<p><a href=\"http:\/\/www.carideal.com\/blog\/garage-automobile\/pneu\/pneu-michelin\/\">Michelin<\/a> a lanc\u00e9 le programme Biobutterfly en 2012 avec Axens et IFP Energies Nouvelles afin de cr\u00e9er des \u00e9lastom\u00e8res synth\u00e9tiques \u00e0 partir de biomasse tels que le bois, la paille ou la betterave. Butterfly couvre toutes les phases de recherche et d\u00e9veloppement du processus, des concepts scientifiques \u00e0 la phase pilote, en passant par la validation sur un d\u00e9monstrateur industriel.<\/p>\n<p>BioButterfly a b\u00e9n\u00e9fici\u00e9 d'un budget de 52 millions d'euros sur huit ans. Le projet a \u00e9t\u00e9 s\u00e9lectionn\u00e9 par l\u2019Agence fran\u00e7aise de l\u2019environnement et de la gestion de l\u2019\u00e9nergie (<a href=\"http:\/\/www.carideal.com\/blog\/2015\/09\/20\/le-classement-de-lademe-des-emissions-de-co2-automobile\/\">ADEME<\/a>) pour recevoir un financement de 14,7 millions d\u2019euros dans le cadre du programme Investir dans le futur.<\/p>\n<p>Michelin d\u00e9veloppe aujourd'hui des solutions innovantes, comme la Biomass, afin d'int\u00e9grer de plus en plus de mat\u00e9riaux recycl\u00e9s et renouvelables dans ses <a href=\"http:\/\/www.carideal.com\/blog\/garage-automobile\/pneu\/\">pneumatiques<\/a>, tout en continuant d'am\u00e9liorer les performances, notamment 30% de mat\u00e9riaux recycl\u00e9s d'ici 2048.<\/p>\n<p>Source IFP<\/p>\n","protected":false},"excerpt":{"rendered":"<p>Michelin investit dans un pneu issu de la biomasse Michelin et le d\u00e9partement des \u00e9nergies nouvelles de l&rsquo;IFP se sont associ\u00e9s dans le projet \u00ab\u00a0Biobutterfly\u00a0\u00bb pour d\u00e9velopper d&rsquo;ici \u00e0 2020, une technique de fabrication o\u00f9 certains compos\u00e9s d&rsquo;origine fossiles seront remplac\u00e9s par des mati\u00e8res renouvelables issues de la chimie de synth\u00e8se. Mat\u00e9riaux durables Les programmes &#8230; <a title=\"Michelin investit dans un pneu issu de la biomasse\" class=\"read-more\" href=\"https:\/\/www.carideal.com\/blog\/2013\/12\/31\/michelin-investit-dans-un-pneu-issu-de-la-biomasse\/\" aria-label=\"En savoir plus sur Michelin investit dans un pneu issu de la biomasse\">Lire plus<\/a><\/p>\n","protected":false},"author":3,"featured_media":17768,"comment_status":"open","ping_status":"open","sticky":false,"template":"","format":"standard","meta":{"_uag_custom_page_level_css":"","_themeisle_gutenberg_block_has_review":false,"footnotes":""},"categories":[5942,13],"tags":[],"class_list":["post-5354","post","type-post","status-publish","format-standard","has-post-thumbnail","hentry","category-michelin","category-pneumatique"],"wppr_data":{"cwp_meta_box_check":"No"},"yoast_head":"<!-- This site is optimized with the Yoast SEO plugin v24.8.1 - https:\/\/yoast.com\/wordpress\/plugins\/seo\/ -->\n<title>Michelin investit dans un pneu issu de la biomasse - Blog auto Carid\u00e9al<\/title>\n<meta name=\"description\" content=\"Michelin s&#039;entoure et investit dans le pleu issu de la biomasse et souhaite utiliser jusqu&#039;\u00e0 70% de produits recycl\u00e9s.\" \/>\n<meta name=\"robots\" content=\"index, follow, max-snippet:-1, max-image-preview:large, max-video-preview:-1\" \/>\n<link rel=\"canonical\" href=\"https:\/\/www.carideal.com\/blog\/2013\/12\/31\/michelin-investit-dans-un-pneu-issu-de-la-biomasse\/\" \/>\n<meta property=\"og:locale\" content=\"fr_FR\" \/>\n<meta property=\"og:type\" content=\"article\" \/>\n<meta property=\"og:title\" content=\"Michelin investit dans un pneu issu de la biomasse - Blog auto Carid\u00e9al\" \/>\n<meta property=\"og:description\" content=\"Michelin s&#039;entoure et investit dans le pleu issu de la biomasse et souhaite utiliser jusqu&#039;\u00e0 70% de produits recycl\u00e9s.\" \/>\n<meta property=\"og:url\" content=\"https:\/\/www.carideal.com\/blog\/2013\/12\/31\/michelin-investit-dans-un-pneu-issu-de-la-biomasse\/\" \/>\n<meta property=\"og:site_name\" content=\"Blog auto Carid\u00e9al\" \/>\n<meta property=\"article:publisher\" content=\"https:\/\/www.facebook.com\/Carideal.mandataire.automobile\" \/>\n<meta property=\"article:author\" content=\"https:\/\/www.facebook.com\/nicolas.schiavon.39\" \/>\n<meta property=\"article:published_time\" content=\"2013-12-31T23:00:00+00:00\" \/>\n<meta property=\"article:modified_time\" content=\"2020-03-08T17:00:45+00:00\" \/>\n<meta property=\"og:image\" content=\"https:\/\/www.carideal.com\/blog\/wp-content\/uploads\/2013\/12\/schemaprojetinnovantbiobutterflyaxensifpenmichelincaridealmandataireautomobile-1388598830.jpg\" \/>\n\t<meta property=\"og:image:width\" content=\"530\" \/>\n\t<meta property=\"og:image:height\" content=\"297\" \/>\n\t<meta property=\"og:image:type\" content=\"image\/jpeg\" \/>\n<meta name=\"author\" content=\"Nicolas SCHIAVON\" \/>\n<meta name=\"twitter:card\" content=\"summary_large_image\" \/>\n<meta name=\"twitter:creator\" content=\"@caridealauto\" \/>\n<meta name=\"twitter:site\" content=\"@caridealauto\" \/>\n<meta name=\"twitter:label1\" content=\"\u00c9crit par\" \/>\n\t<meta name=\"twitter:data1\" content=\"Nicolas SCHIAVON\" \/>\n\t<meta name=\"twitter:label2\" content=\"Dur\u00e9e de lecture estim\u00e9e\" \/>\n\t<meta name=\"twitter:data2\" content=\"2 minutes\" \/>\n<script type=\"application\/ld+json\" class=\"yoast-schema-graph\">{\"@context\":\"https:\/\/schema.org\",\"@graph\":[{\"@type\":\"Article\",\"@id\":\"https:\/\/www.carideal.com\/blog\/2013\/12\/31\/michelin-investit-dans-un-pneu-issu-de-la-biomasse\/#article\",\"isPartOf\":{\"@id\":\"https:\/\/www.carideal.com\/blog\/2013\/12\/31\/michelin-investit-dans-un-pneu-issu-de-la-biomasse\/\"},\"author\":{\"name\":\"Nicolas SCHIAVON\",\"@id\":\"https:\/\/www.carideal.com\/blog\/#\/schema\/person\/cd95dc7919660de90d31b366f85be1ec\"},\"headline\":\"Michelin investit dans un pneu issu de la biomasse\",\"datePublished\":\"2013-12-31T23:00:00+00:00\",\"dateModified\":\"2020-03-08T17:00:45+00:00\",\"mainEntityOfPage\":{\"@id\":\"https:\/\/www.carideal.com\/blog\/2013\/12\/31\/michelin-investit-dans-un-pneu-issu-de-la-biomasse\/\"},\"wordCount\":310,\"commentCount\":0,\"publisher\":{\"@id\":\"https:\/\/www.carideal.com\/blog\/#organization\"},\"image\":{\"@id\":\"https:\/\/www.carideal.com\/blog\/2013\/12\/31\/michelin-investit-dans-un-pneu-issu-de-la-biomasse\/#primaryimage\"},\"thumbnailUrl\":\"https:\/\/www.carideal.com\/blog\/wp-content\/uploads\/2013\/12\/schemaprojetinnovantbiobutterflyaxensifpenmichelincaridealmandataireautomobile-1388598830.jpg\",\"articleSection\":[\"Pneu Michelin\",\"Pneumatique\"],\"inLanguage\":\"fr-FR\",\"potentialAction\":[{\"@type\":\"CommentAction\",\"name\":\"Comment\",\"target\":[\"https:\/\/www.carideal.com\/blog\/2013\/12\/31\/michelin-investit-dans-un-pneu-issu-de-la-biomasse\/#respond\"]}]},{\"@type\":\"WebPage\",\"@id\":\"https:\/\/www.carideal.com\/blog\/2013\/12\/31\/michelin-investit-dans-un-pneu-issu-de-la-biomasse\/\",\"url\":\"https:\/\/www.carideal.com\/blog\/2013\/12\/31\/michelin-investit-dans-un-pneu-issu-de-la-biomasse\/\",\"name\":\"Michelin investit dans un pneu issu de la biomasse - Blog auto Carid\u00e9al\",\"isPartOf\":{\"@id\":\"https:\/\/www.carideal.com\/blog\/#website\"},\"primaryImageOfPage\":{\"@id\":\"https:\/\/www.carideal.com\/blog\/2013\/12\/31\/michelin-investit-dans-un-pneu-issu-de-la-biomasse\/#primaryimage\"},\"image\":{\"@id\":\"https:\/\/www.carideal.com\/blog\/2013\/12\/31\/michelin-investit-dans-un-pneu-issu-de-la-biomasse\/#primaryimage\"},\"thumbnailUrl\":\"https:\/\/www.carideal.com\/blog\/wp-content\/uploads\/2013\/12\/schemaprojetinnovantbiobutterflyaxensifpenmichelincaridealmandataireautomobile-1388598830.jpg\",\"datePublished\":\"2013-12-31T23:00:00+00:00\",\"dateModified\":\"2020-03-08T17:00:45+00:00\",\"description\":\"Michelin s'entoure et investit dans le pleu issu de la biomasse et souhaite utiliser jusqu'\u00e0 70% de produits recycl\u00e9s.\",\"breadcrumb\":{\"@id\":\"https:\/\/www.carideal.com\/blog\/2013\/12\/31\/michelin-investit-dans-un-pneu-issu-de-la-biomasse\/#breadcrumb\"},\"inLanguage\":\"fr-FR\",\"potentialAction\":[{\"@type\":\"ReadAction\",\"target\":[\"https:\/\/www.carideal.com\/blog\/2013\/12\/31\/michelin-investit-dans-un-pneu-issu-de-la-biomasse\/\"]}]},{\"@type\":\"ImageObject\",\"inLanguage\":\"fr-FR\",\"@id\":\"https:\/\/www.carideal.com\/blog\/2013\/12\/31\/michelin-investit-dans-un-pneu-issu-de-la-biomasse\/#primaryimage\",\"url\":\"https:\/\/www.carideal.com\/blog\/wp-content\/uploads\/2013\/12\/schemaprojetinnovantbiobutterflyaxensifpenmichelincaridealmandataireautomobile-1388598830.jpg\",\"contentUrl\":\"https:\/\/www.carideal.com\/blog\/wp-content\/uploads\/2013\/12\/schemaprojetinnovantbiobutterflyaxensifpenmichelincaridealmandataireautomobile-1388598830.jpg\",\"width\":530,\"height\":297,\"caption\":\"Michelin investit dans un pneu issu de la biomasse\"},{\"@type\":\"BreadcrumbList\",\"@id\":\"https:\/\/www.carideal.com\/blog\/2013\/12\/31\/michelin-investit-dans-un-pneu-issu-de-la-biomasse\/#breadcrumb\",\"itemListElement\":[{\"@type\":\"ListItem\",\"position\":1,\"name\":\"Blog Carid\u00e9al\",\"item\":\"https:\/\/www.carideal.com\/blog\/\"},{\"@type\":\"ListItem\",\"position\":2,\"name\":\"Pneumatique\",\"item\":\"https:\/\/www.carideal.com\/blog\/pneumatique\/\"},{\"@type\":\"ListItem\",\"position\":3,\"name\":\"Pneu Michelin\",\"item\":\"https:\/\/www.carideal.com\/blog\/pneumatique\/michelin\/\"},{\"@type\":\"ListItem\",\"position\":4,\"name\":\"Michelin investit dans un pneu issu de la biomasse\"}]},{\"@type\":\"WebSite\",\"@id\":\"https:\/\/www.carideal.com\/blog\/#website\",\"url\":\"https:\/\/www.carideal.com\/blog\/\",\"name\":\"Blog auto Carid\u00e9al\",\"description\":\"Actualit\u00e9 auto par des passionn\u00e9s\",\"publisher\":{\"@id\":\"https:\/\/www.carideal.com\/blog\/#organization\"},\"potentialAction\":[{\"@type\":\"SearchAction\",\"target\":{\"@type\":\"EntryPoint\",\"urlTemplate\":\"https:\/\/www.carideal.com\/blog\/?s={search_term_string}\"},\"query-input\":{\"@type\":\"PropertyValueSpecification\",\"valueRequired\":true,\"valueName\":\"search_term_string\"}}],\"inLanguage\":\"fr-FR\"},{\"@type\":\"Organization\",\"@id\":\"https:\/\/www.carideal.com\/blog\/#organization\",\"name\":\"Carideal\",\"url\":\"https:\/\/www.carideal.com\/blog\/\",\"logo\":{\"@type\":\"ImageObject\",\"inLanguage\":\"fr-FR\",\"@id\":\"https:\/\/www.carideal.com\/blog\/#\/schema\/logo\/image\/\",\"url\":\"http:\/\/www.carideal.com\/blog\/wp-content\/uploads\/2016\/03\/logo-carideal-mandataire-automobile.png\",\"contentUrl\":\"http:\/\/www.carideal.com\/blog\/wp-content\/uploads\/2016\/03\/logo-carideal-mandataire-automobile.png\",\"width\":300,\"height\":300,\"caption\":\"Carideal\"},\"image\":{\"@id\":\"https:\/\/www.carideal.com\/blog\/#\/schema\/logo\/image\/\"},\"sameAs\":[\"https:\/\/www.facebook.com\/Carideal.mandataire.automobile\",\"https:\/\/x.com\/caridealauto\",\"https:\/\/www.instagram.com\/carideal1\/\",\"https:\/\/www.linkedin.com\/company\/carideal.com\",\"https:\/\/fr.pinterest.com\/schiavonsas\/\",\"https:\/\/www.youtube.com\/user\/caridealsas\"]},{\"@type\":\"Person\",\"@id\":\"https:\/\/www.carideal.com\/blog\/#\/schema\/person\/cd95dc7919660de90d31b366f85be1ec\",\"name\":\"Nicolas SCHIAVON\",\"image\":{\"@type\":\"ImageObject\",\"inLanguage\":\"fr-FR\",\"@id\":\"https:\/\/www.carideal.com\/blog\/#\/schema\/person\/image\/\",\"url\":\"https:\/\/secure.gravatar.com\/avatar\/c17e55009e671d92cc7f5dc837dc418a?s=96&r=g\",\"contentUrl\":\"https:\/\/secure.gravatar.com\/avatar\/c17e55009e671d92cc7f5dc837dc418a?s=96&r=g\",\"caption\":\"Nicolas SCHIAVON\"},\"description\":\"Nicolas Schiavon est tomb\u00e9 tout petit dans la marmite automobile. Ayant eu un garage de marque automobile, mandataire automobile de la premi\u00e8re heure d\u00e8s 1999. Nicolas a cr\u00e9\u00e9 ces premiers sites de vente de voiture et blog automobile d\u00e8s 1994. Carideal est n\u00e9 le 15 d\u00e9cembre 2000 de la volont\u00e9 de vendre des voitures d'occasions en ligne puis des voitures neuves. Il a pu essayer beaucoup de voitures tr\u00e8s diff\u00e9rentes et ayant eu personnellement quelques belles autos, Subaru Impreza, Mitsubishi Lancer Evo 7, Porsche 911, Ferrari Testarrossa, Audi RS3, RS4 et j'en passe...\",\"sameAs\":[\"http:\/\/www.carideal.com\",\"https:\/\/www.facebook.com\/nicolas.schiavon.39\",\"https:\/\/www.instagram.com\/carideal1\/\",\"https:\/\/www.linkedin.com\/in\/nschiavon\/\",\"https:\/\/x.com\/caridealauto\",\"https:\/\/www.youtube.com\/user\/caridealsas\/\"],\"url\":\"https:\/\/www.carideal.com\/blog\/author\/nschiavon\/\"}]}<\/script>\n<!-- \/ Yoast SEO plugin. -->","yoast_head_json":{"title":"Michelin investit dans un pneu issu de la biomasse - Blog auto Carid\u00e9al","description":"Michelin s'entoure et investit dans le pleu issu de la biomasse et souhaite utiliser jusqu'\u00e0 70% de produits recycl\u00e9s.","robots":{"index":"index","follow":"follow","max-snippet":"max-snippet:-1","max-image-preview":"max-image-preview:large","max-video-preview":"max-video-preview:-1"},"canonical":"https:\/\/www.carideal.com\/blog\/2013\/12\/31\/michelin-investit-dans-un-pneu-issu-de-la-biomasse\/","og_locale":"fr_FR","og_type":"article","og_title":"Michelin investit dans un pneu issu de la biomasse - Blog auto Carid\u00e9al","og_description":"Michelin s'entoure et investit dans le pleu issu de la biomasse et souhaite utiliser jusqu'\u00e0 70% de produits recycl\u00e9s.","og_url":"https:\/\/www.carideal.com\/blog\/2013\/12\/31\/michelin-investit-dans-un-pneu-issu-de-la-biomasse\/","og_site_name":"Blog auto Carid\u00e9al","article_publisher":"https:\/\/www.facebook.com\/Carideal.mandataire.automobile","article_author":"https:\/\/www.facebook.com\/nicolas.schiavon.39","article_published_time":"2013-12-31T23:00:00+00:00","article_modified_time":"2020-03-08T17:00:45+00:00","og_image":[{"width":530,"height":297,"url":"https:\/\/www.carideal.com\/blog\/wp-content\/uploads\/2013\/12\/schemaprojetinnovantbiobutterflyaxensifpenmichelincaridealmandataireautomobile-1388598830.jpg","type":"image\/jpeg"}],"author":"Nicolas SCHIAVON","twitter_card":"summary_large_image","twitter_creator":"@caridealauto","twitter_site":"@caridealauto","twitter_misc":{"\u00c9crit par":"Nicolas SCHIAVON","Dur\u00e9e de lecture estim\u00e9e":"2 minutes"},"schema":{"@context":"https:\/\/schema.org","@graph":[{"@type":"Article","@id":"https:\/\/www.carideal.com\/blog\/2013\/12\/31\/michelin-investit-dans-un-pneu-issu-de-la-biomasse\/#article","isPartOf":{"@id":"https:\/\/www.carideal.com\/blog\/2013\/12\/31\/michelin-investit-dans-un-pneu-issu-de-la-biomasse\/"},"author":{"name":"Nicolas SCHIAVON","@id":"https:\/\/www.carideal.com\/blog\/#\/schema\/person\/cd95dc7919660de90d31b366f85be1ec"},"headline":"Michelin investit dans un pneu issu de la biomasse","datePublished":"2013-12-31T23:00:00+00:00","dateModified":"2020-03-08T17:00:45+00:00","mainEntityOfPage":{"@id":"https:\/\/www.carideal.com\/blog\/2013\/12\/31\/michelin-investit-dans-un-pneu-issu-de-la-biomasse\/"},"wordCount":310,"commentCount":0,"publisher":{"@id":"https:\/\/www.carideal.com\/blog\/#organization"},"image":{"@id":"https:\/\/www.carideal.com\/blog\/2013\/12\/31\/michelin-investit-dans-un-pneu-issu-de-la-biomasse\/#primaryimage"},"thumbnailUrl":"https:\/\/www.carideal.com\/blog\/wp-content\/uploads\/2013\/12\/schemaprojetinnovantbiobutterflyaxensifpenmichelincaridealmandataireautomobile-1388598830.jpg","articleSection":["Pneu Michelin","Pneumatique"],"inLanguage":"fr-FR","potentialAction":[{"@type":"CommentAction","name":"Comment","target":["https:\/\/www.carideal.com\/blog\/2013\/12\/31\/michelin-investit-dans-un-pneu-issu-de-la-biomasse\/#respond"]}]},{"@type":"WebPage","@id":"https:\/\/www.carideal.com\/blog\/2013\/12\/31\/michelin-investit-dans-un-pneu-issu-de-la-biomasse\/","url":"https:\/\/www.carideal.com\/blog\/2013\/12\/31\/michelin-investit-dans-un-pneu-issu-de-la-biomasse\/","name":"Michelin investit dans un pneu issu de la biomasse - Blog auto Carid\u00e9al","isPartOf":{"@id":"https:\/\/www.carideal.com\/blog\/#website"},"primaryImageOfPage":{"@id":"https:\/\/www.carideal.com\/blog\/2013\/12\/31\/michelin-investit-dans-un-pneu-issu-de-la-biomasse\/#primaryimage"},"image":{"@id":"https:\/\/www.carideal.com\/blog\/2013\/12\/31\/michelin-investit-dans-un-pneu-issu-de-la-biomasse\/#primaryimage"},"thumbnailUrl":"https:\/\/www.carideal.com\/blog\/wp-content\/uploads\/2013\/12\/schemaprojetinnovantbiobutterflyaxensifpenmichelincaridealmandataireautomobile-1388598830.jpg","datePublished":"2013-12-31T23:00:00+00:00","dateModified":"2020-03-08T17:00:45+00:00","description":"Michelin s'entoure et investit dans le pleu issu de la biomasse et souhaite utiliser jusqu'\u00e0 70% de produits recycl\u00e9s.","breadcrumb":{"@id":"https:\/\/www.carideal.com\/blog\/2013\/12\/31\/michelin-investit-dans-un-pneu-issu-de-la-biomasse\/#breadcrumb"},"inLanguage":"fr-FR","potentialAction":[{"@type":"ReadAction","target":["https:\/\/www.carideal.com\/blog\/2013\/12\/31\/michelin-investit-dans-un-pneu-issu-de-la-biomasse\/"]}]},{"@type":"ImageObject","inLanguage":"fr-FR","@id":"https:\/\/www.carideal.com\/blog\/2013\/12\/31\/michelin-investit-dans-un-pneu-issu-de-la-biomasse\/#primaryimage","url":"https:\/\/www.carideal.com\/blog\/wp-content\/uploads\/2013\/12\/schemaprojetinnovantbiobutterflyaxensifpenmichelincaridealmandataireautomobile-1388598830.jpg","contentUrl":"https:\/\/www.carideal.com\/blog\/wp-content\/uploads\/2013\/12\/schemaprojetinnovantbiobutterflyaxensifpenmichelincaridealmandataireautomobile-1388598830.jpg","width":530,"height":297,"caption":"Michelin investit dans un pneu issu de la biomasse"},{"@type":"BreadcrumbList","@id":"https:\/\/www.carideal.com\/blog\/2013\/12\/31\/michelin-investit-dans-un-pneu-issu-de-la-biomasse\/#breadcrumb","itemListElement":[{"@type":"ListItem","position":1,"name":"Blog Carid\u00e9al","item":"https:\/\/www.carideal.com\/blog\/"},{"@type":"ListItem","position":2,"name":"Pneumatique","item":"https:\/\/www.carideal.com\/blog\/pneumatique\/"},{"@type":"ListItem","position":3,"name":"Pneu Michelin","item":"https:\/\/www.carideal.com\/blog\/pneumatique\/michelin\/"},{"@type":"ListItem","position":4,"name":"Michelin investit dans un pneu issu de la biomasse"}]},{"@type":"WebSite","@id":"https:\/\/www.carideal.com\/blog\/#website","url":"https:\/\/www.carideal.com\/blog\/","name":"Blog auto Carid\u00e9al","description":"Actualit\u00e9 auto par des passionn\u00e9s","publisher":{"@id":"https:\/\/www.carideal.com\/blog\/#organization"},"potentialAction":[{"@type":"SearchAction","target":{"@type":"EntryPoint","urlTemplate":"https:\/\/www.carideal.com\/blog\/?s={search_term_string}"},"query-input":{"@type":"PropertyValueSpecification","valueRequired":true,"valueName":"search_term_string"}}],"inLanguage":"fr-FR"},{"@type":"Organization","@id":"https:\/\/www.carideal.com\/blog\/#organization","name":"Carideal","url":"https:\/\/www.carideal.com\/blog\/","logo":{"@type":"ImageObject","inLanguage":"fr-FR","@id":"https:\/\/www.carideal.com\/blog\/#\/schema\/logo\/image\/","url":"http:\/\/www.carideal.com\/blog\/wp-content\/uploads\/2016\/03\/logo-carideal-mandataire-automobile.png","contentUrl":"http:\/\/www.carideal.com\/blog\/wp-content\/uploads\/2016\/03\/logo-carideal-mandataire-automobile.png","width":300,"height":300,"caption":"Carideal"},"image":{"@id":"https:\/\/www.carideal.com\/blog\/#\/schema\/logo\/image\/"},"sameAs":["https:\/\/www.facebook.com\/Carideal.mandataire.automobile","https:\/\/x.com\/caridealauto","https:\/\/www.instagram.com\/carideal1\/","https:\/\/www.linkedin.com\/company\/carideal.com","https:\/\/fr.pinterest.com\/schiavonsas\/","https:\/\/www.youtube.com\/user\/caridealsas"]},{"@type":"Person","@id":"https:\/\/www.carideal.com\/blog\/#\/schema\/person\/cd95dc7919660de90d31b366f85be1ec","name":"Nicolas SCHIAVON","image":{"@type":"ImageObject","inLanguage":"fr-FR","@id":"https:\/\/www.carideal.com\/blog\/#\/schema\/person\/image\/","url":"https:\/\/secure.gravatar.com\/avatar\/c17e55009e671d92cc7f5dc837dc418a?s=96&r=g","contentUrl":"https:\/\/secure.gravatar.com\/avatar\/c17e55009e671d92cc7f5dc837dc418a?s=96&r=g","caption":"Nicolas SCHIAVON"},"description":"Nicolas Schiavon est tomb\u00e9 tout petit dans la marmite automobile. Ayant eu un garage de marque automobile, mandataire automobile de la premi\u00e8re heure d\u00e8s 1999. Nicolas a cr\u00e9\u00e9 ces premiers sites de vente de voiture et blog automobile d\u00e8s 1994. Carideal est n\u00e9 le 15 d\u00e9cembre 2000 de la volont\u00e9 de vendre des voitures d'occasions en ligne puis des voitures neuves. Il a pu essayer beaucoup de voitures tr\u00e8s diff\u00e9rentes et ayant eu personnellement quelques belles autos, Subaru Impreza, Mitsubishi Lancer Evo 7, Porsche 911, Ferrari Testarrossa, Audi RS3, RS4 et j'en passe...","sameAs":["http:\/\/www.carideal.com","https:\/\/www.facebook.com\/nicolas.schiavon.39","https:\/\/www.instagram.com\/carideal1\/","https:\/\/www.linkedin.com\/in\/nschiavon\/","https:\/\/x.com\/caridealauto","https:\/\/www.youtube.com\/user\/caridealsas\/"],"url":"https:\/\/www.carideal.com\/blog\/author\/nschiavon\/"}]}},"uagb_featured_image_src":{"full":["https:\/\/www.carideal.com\/blog\/wp-content\/uploads\/2013\/12\/schemaprojetinnovantbiobutterflyaxensifpenmichelincaridealmandataireautomobile-1388598830.jpg",530,297,false],"thumbnail":["https:\/\/www.carideal.com\/blog\/wp-content\/uploads\/2013\/12\/schemaprojetinnovantbiobutterflyaxensifpenmichelincaridealmandataireautomobile-1388598830-150x150.jpg",150,150,true],"medium":["https:\/\/www.carideal.com\/blog\/wp-content\/uploads\/2013\/12\/schemaprojetinnovantbiobutterflyaxensifpenmichelincaridealmandataireautomobile-1388598830-300x168.jpg",300,168,true],"medium_large":["https:\/\/www.carideal.com\/blog\/wp-content\/uploads\/2013\/12\/schemaprojetinnovantbiobutterflyaxensifpenmichelincaridealmandataireautomobile-1388598830.jpg",530,297,false],"large":["https:\/\/www.carideal.com\/blog\/wp-content\/uploads\/2013\/12\/schemaprojetinnovantbiobutterflyaxensifpenmichelincaridealmandataireautomobile-1388598830.jpg",530,297,false],"1536x1536":["https:\/\/www.carideal.com\/blog\/wp-content\/uploads\/2013\/12\/schemaprojetinnovantbiobutterflyaxensifpenmichelincaridealmandataireautomobile-1388598830.jpg",530,297,false],"2048x2048":["https:\/\/www.carideal.com\/blog\/wp-content\/uploads\/2013\/12\/schemaprojetinnovantbiobutterflyaxensifpenmichelincaridealmandataireautomobile-1388598830.jpg",530,297,false],"wppr-widget":["https:\/\/www.carideal.com\/blog\/wp-content\/uploads\/2013\/12\/schemaprojetinnovantbiobutterflyaxensifpenmichelincaridealmandataireautomobile-1388598830-50x28.jpg",50,28,true]},"uagb_author_info":{"display_name":"Nicolas SCHIAVON","author_link":"https:\/\/www.carideal.com\/blog\/author\/nschiavon\/"},"uagb_comment_info":0,"uagb_excerpt":"Michelin investit dans un pneu issu de la biomasse Michelin et le d\u00e9partement des \u00e9nergies nouvelles de l'IFP se sont associ\u00e9s dans le projet \"Biobutterfly\" pour d\u00e9velopper d'ici \u00e0 2020, une technique de fabrication o\u00f9 certains compos\u00e9s d'origine fossiles seront remplac\u00e9s par des mati\u00e8res renouvelables issues de la chimie de synth\u00e8se. Mat\u00e9riaux durables Les programmes\u2026","_links":{"self":[{"href":"https:\/\/www.carideal.com\/blog\/wp-json\/wp\/v2\/posts\/5354"}],"collection":[{"href":"https:\/\/www.carideal.com\/blog\/wp-json\/wp\/v2\/posts"}],"about":[{"href":"https:\/\/www.carideal.com\/blog\/wp-json\/wp\/v2\/types\/post"}],"author":[{"embeddable":true,"href":"https:\/\/www.carideal.com\/blog\/wp-json\/wp\/v2\/users\/3"}],"replies":[{"embeddable":true,"href":"https:\/\/www.carideal.com\/blog\/wp-json\/wp\/v2\/comments?post=5354"}],"version-history":[{"count":0,"href":"https:\/\/www.carideal.com\/blog\/wp-json\/wp\/v2\/posts\/5354\/revisions"}],"wp:featuredmedia":[{"embeddable":true,"href":"https:\/\/www.carideal.com\/blog\/wp-json\/wp\/v2\/media\/17768"}],"wp:attachment":[{"href":"https:\/\/www.carideal.com\/blog\/wp-json\/wp\/v2\/media?parent=5354"}],"wp:term":[{"taxonomy":"category","embeddable":true,"href":"https:\/\/www.carideal.com\/blog\/wp-json\/wp\/v2\/categories?post=5354"},{"taxonomy":"post_tag","embeddable":true,"href":"https:\/\/www.carideal.com\/blog\/wp-json\/wp\/v2\/tags?post=5354"}],"curies":[{"name":"wp","href":"https:\/\/api.w.org\/{rel}","templated":true}]}}