{"id":5351,"date":"2013-12-31T23:00:00","date_gmt":"2013-12-31T23:00:00","guid":{"rendered":"http:\/\/www.carideal.com\/blog\/2013\/12\/31\/les-francais-sont-pour-le-bioethanol\/"},"modified":"2013-12-31T23:00:00","modified_gmt":"2013-12-31T23:00:00","slug":"les-francais-sont-pour-le-bioethanol","status":"publish","type":"post","link":"https:\/\/www.carideal.com\/blog\/2013\/12\/31\/les-francais-sont-pour-le-bioethanol\/","title":{"rendered":"les francais sont pour le bioethanol"},"content":{"rendered":"<div>\n                        <img decoding=\"async\" src=\"http:\/\/www.carideal.com\/images_actualite\/biocarburantspremieregenerationethanole85caridealmandataireautomobile-1388592274.jpg\"><\/p>\n<p>Les Fran\u00e7ais sont pour le bio\u00e9thanol<\/p>\n<\/div>\n<div>\n                        <img decoding=\"async\" src=\"http:\/\/www.carideal.com\/images_actualite\/schemaprocedebioethanolcaridealmandataireautomobile-1388592344.jpg\"><\/p>\n<p>Les Fran\u00e7ais sont pour le bio\u00e9thanol<\/p>\n<\/div>\n<p> Les Fran\u00e7ais sont pour le bio\u00e9thanol. C'est un sondage IPSODS qui le dit et qui a \u00e9t\u00e9 pr\u00e9sent\u00e9 \u00e0 l'occasion des 3\u00b0m rencontres du Bio\u00e9thanol. Les fran\u00e7ais connaissent mal ce carburant v\u00e9g\u00e9tal mais pensent qu'il a un atout \u00e9conomique voir \u00e9cologique. \" 84 \u00f9 des fran\u00e7ais se disent pr\u00eats \u00e0 utiliser les biocarburants dans leur v\u00e9hicules afin de lutter contre le r\u00e9chauffement climatique et surtout d'accro\u00eetre l'ind\u00e9pendance de la France gr\u00e2ce \u00e0 une ressource produite sur notre sol.\"<br \/>\nPourtant ce carburant a derni\u00e8rement \u00e9t\u00e9 banis accus\u00e9 d'affamer les peuples car les c\u00e9r\u00e9aliers trustant les primes des gouvernements \u00e0 son \u00e9gard se d\u00e9tournaient de la production agricole. Depuis les aides gouvernementales ont disparues.<br \/>\nM\u00eame les p\u00e9troliers ont l\u00e2ch\u00e9 ce carburant.<br \/>\nLes Fran\u00e7ais pensent que la plan\u00e8te produit assez de denr\u00e9es alimentaires et que seul sa r\u00e9partition est en cause, suite \u00e0 des probl\u00e8mes tr\u00e8s localis\u00e9s.<br \/>\nUne fois de plus l'opinion publique n'est pas assez inform\u00e9e. Le prix reste le facteur num\u00e9ro un de ce carburant. 46% des sond\u00e9s seraient pr\u00eats \u00e0 utiliser ce carburant 95 E10 si son prix \u00e9tait plus bas que le SP 95 ou SP 98.<br \/>\n79 % des Fran\u00e7ais estiment qu'il ne faudrait pas taxer le bio\u00e9thanol.<br \/>\nPour 75 % des Fran\u00e7ais il faudrait que le d\u00e9veloppement de ce carburant de l'avenir soit une priorit\u00e9, qui de surcroit devrait cr\u00e9er 10000 emploies directs, indirects ou induits, agricoles et industriels \u00e0 court terme.<\/p>\n","protected":false},"excerpt":{"rendered":"<p>Les Fran\u00e7ais sont pour le bio\u00e9thanol Les Fran\u00e7ais sont pour le bio\u00e9thanol Les Fran\u00e7ais sont pour le bio\u00e9thanol. C&rsquo;est un sondage IPSODS qui le dit et qui a \u00e9t\u00e9 pr\u00e9sent\u00e9 \u00e0 l&rsquo;occasion des 3\u00b0m rencontres du Bio\u00e9thanol. Les fran\u00e7ais connaissent mal ce carburant v\u00e9g\u00e9tal mais pensent qu&rsquo;il a un atout \u00e9conomique voir \u00e9cologique. \u00a0\u00bb 84 &#8230; <a title=\"les francais sont pour le bioethanol\" class=\"read-more\" href=\"https:\/\/www.carideal.com\/blog\/2013\/12\/31\/les-francais-sont-pour-le-bioethanol\/\" aria-label=\"En savoir plus sur les francais sont pour le bioethanol\">Lire plus<\/a><\/p>\n","protected":false},"author":3,"featured_media":0,"comment_status":"open","ping_status":"open","sticky":false,"template":"","format":"standard","meta":{"_uag_custom_page_level_css":"","_themeisle_gutenberg_block_has_review":false,"footnotes":""},"categories":[21],"tags":[],"class_list":["post-5351","post","type-post","status-publish","format-standard","hentry","category-actualites-auto"],"wppr_data":[],"yoast_head":"<!-- This site is optimized with the Yoast SEO plugin v24.8.1 - https:\/\/yoast.com\/wordpress\/plugins\/seo\/ -->\n<title>les francais sont pour le bioethanol - Blog auto Carid\u00e9al<\/title>\n<meta name=\"robots\" content=\"index, follow, max-snippet:-1, max-image-preview:large, max-video-preview:-1\" \/>\n<link rel=\"canonical\" href=\"https:\/\/www.carideal.com\/blog\/2013\/12\/31\/les-francais-sont-pour-le-bioethanol\/\" \/>\n<meta property=\"og:locale\" content=\"fr_FR\" \/>\n<meta property=\"og:type\" content=\"article\" \/>\n<meta property=\"og:title\" content=\"les francais sont pour le bioethanol - Blog auto Carid\u00e9al\" \/>\n<meta property=\"og:description\" content=\"Les Fran\u00e7ais sont pour le bio\u00e9thanol Les Fran\u00e7ais sont pour le bio\u00e9thanol Les Fran\u00e7ais sont pour le bio\u00e9thanol. C&#039;est un sondage IPSODS qui le dit et qui a \u00e9t\u00e9 pr\u00e9sent\u00e9 \u00e0 l&#039;occasion des 3\u00b0m rencontres du Bio\u00e9thanol. Les fran\u00e7ais connaissent mal ce carburant v\u00e9g\u00e9tal mais pensent qu&#039;il a un atout \u00e9conomique voir \u00e9cologique. &quot; 84 ... Lire plus\" \/>\n<meta property=\"og:url\" content=\"https:\/\/www.carideal.com\/blog\/2013\/12\/31\/les-francais-sont-pour-le-bioethanol\/\" \/>\n<meta property=\"og:site_name\" content=\"Blog auto Carid\u00e9al\" \/>\n<meta property=\"article:publisher\" content=\"https:\/\/www.facebook.com\/Carideal.mandataire.automobile\" \/>\n<meta property=\"article:author\" content=\"https:\/\/www.facebook.com\/nicolas.schiavon.39\" \/>\n<meta property=\"article:published_time\" content=\"2013-12-31T23:00:00+00:00\" \/>\n<meta property=\"og:image\" content=\"http:\/\/www.carideal.com\/images_actualite\/biocarburantspremieregenerationethanole85caridealmandataireautomobile-1388592274.jpg\" \/>\n<meta name=\"author\" content=\"Nicolas SCHIAVON\" \/>\n<meta name=\"twitter:card\" content=\"summary_large_image\" \/>\n<meta name=\"twitter:creator\" content=\"@caridealauto\" \/>\n<meta name=\"twitter:site\" content=\"@caridealauto\" \/>\n<meta name=\"twitter:label1\" content=\"\u00c9crit par\" \/>\n\t<meta name=\"twitter:data1\" content=\"Nicolas SCHIAVON\" \/>\n\t<meta name=\"twitter:label2\" content=\"Dur\u00e9e de lecture estim\u00e9e\" \/>\n\t<meta name=\"twitter:data2\" content=\"1 minute\" \/>\n<script type=\"application\/ld+json\" class=\"yoast-schema-graph\">{\"@context\":\"https:\/\/schema.org\",\"@graph\":[{\"@type\":\"Article\",\"@id\":\"https:\/\/www.carideal.com\/blog\/2013\/12\/31\/les-francais-sont-pour-le-bioethanol\/#article\",\"isPartOf\":{\"@id\":\"https:\/\/www.carideal.com\/blog\/2013\/12\/31\/les-francais-sont-pour-le-bioethanol\/\"},\"author\":{\"name\":\"Nicolas SCHIAVON\",\"@id\":\"https:\/\/www.carideal.com\/blog\/#\/schema\/person\/cd95dc7919660de90d31b366f85be1ec\"},\"headline\":\"les francais sont pour le bioethanol\",\"datePublished\":\"2013-12-31T23:00:00+00:00\",\"mainEntityOfPage\":{\"@id\":\"https:\/\/www.carideal.com\/blog\/2013\/12\/31\/les-francais-sont-pour-le-bioethanol\/\"},\"wordCount\":275,\"commentCount\":0,\"publisher\":{\"@id\":\"https:\/\/www.carideal.com\/blog\/#organization\"},\"image\":{\"@id\":\"https:\/\/www.carideal.com\/blog\/2013\/12\/31\/les-francais-sont-pour-le-bioethanol\/#primaryimage\"},\"thumbnailUrl\":\"http:\/\/www.carideal.com\/images_actualite\/biocarburantspremieregenerationethanole85caridealmandataireautomobile-1388592274.jpg\",\"articleSection\":[\"Actualit\u00e9 automobile\"],\"inLanguage\":\"fr-FR\",\"potentialAction\":[{\"@type\":\"CommentAction\",\"name\":\"Comment\",\"target\":[\"https:\/\/www.carideal.com\/blog\/2013\/12\/31\/les-francais-sont-pour-le-bioethanol\/#respond\"]}]},{\"@type\":\"WebPage\",\"@id\":\"https:\/\/www.carideal.com\/blog\/2013\/12\/31\/les-francais-sont-pour-le-bioethanol\/\",\"url\":\"https:\/\/www.carideal.com\/blog\/2013\/12\/31\/les-francais-sont-pour-le-bioethanol\/\",\"name\":\"les francais sont pour le bioethanol - Blog auto Carid\u00e9al\",\"isPartOf\":{\"@id\":\"https:\/\/www.carideal.com\/blog\/#website\"},\"primaryImageOfPage\":{\"@id\":\"https:\/\/www.carideal.com\/blog\/2013\/12\/31\/les-francais-sont-pour-le-bioethanol\/#primaryimage\"},\"image\":{\"@id\":\"https:\/\/www.carideal.com\/blog\/2013\/12\/31\/les-francais-sont-pour-le-bioethanol\/#primaryimage\"},\"thumbnailUrl\":\"http:\/\/www.carideal.com\/images_actualite\/biocarburantspremieregenerationethanole85caridealmandataireautomobile-1388592274.jpg\",\"datePublished\":\"2013-12-31T23:00:00+00:00\",\"breadcrumb\":{\"@id\":\"https:\/\/www.carideal.com\/blog\/2013\/12\/31\/les-francais-sont-pour-le-bioethanol\/#breadcrumb\"},\"inLanguage\":\"fr-FR\",\"potentialAction\":[{\"@type\":\"ReadAction\",\"target\":[\"https:\/\/www.carideal.com\/blog\/2013\/12\/31\/les-francais-sont-pour-le-bioethanol\/\"]}]},{\"@type\":\"ImageObject\",\"inLanguage\":\"fr-FR\",\"@id\":\"https:\/\/www.carideal.com\/blog\/2013\/12\/31\/les-francais-sont-pour-le-bioethanol\/#primaryimage\",\"url\":\"http:\/\/www.carideal.com\/images_actualite\/biocarburantspremieregenerationethanole85caridealmandataireautomobile-1388592274.jpg\",\"contentUrl\":\"http:\/\/www.carideal.com\/images_actualite\/biocarburantspremieregenerationethanole85caridealmandataireautomobile-1388592274.jpg\"},{\"@type\":\"BreadcrumbList\",\"@id\":\"https:\/\/www.carideal.com\/blog\/2013\/12\/31\/les-francais-sont-pour-le-bioethanol\/#breadcrumb\",\"itemListElement\":[{\"@type\":\"ListItem\",\"position\":1,\"name\":\"Blog Carid\u00e9al\",\"item\":\"https:\/\/www.carideal.com\/blog\/\"},{\"@type\":\"ListItem\",\"position\":2,\"name\":\"Actualit\u00e9 automobile\",\"item\":\"https:\/\/www.carideal.com\/blog\/actualites-auto\/\"},{\"@type\":\"ListItem\",\"position\":3,\"name\":\"les francais sont pour le bioethanol\"}]},{\"@type\":\"WebSite\",\"@id\":\"https:\/\/www.carideal.com\/blog\/#website\",\"url\":\"https:\/\/www.carideal.com\/blog\/\",\"name\":\"Blog auto Carid\u00e9al\",\"description\":\"Actualit\u00e9 auto par des passionn\u00e9s\",\"publisher\":{\"@id\":\"https:\/\/www.carideal.com\/blog\/#organization\"},\"potentialAction\":[{\"@type\":\"SearchAction\",\"target\":{\"@type\":\"EntryPoint\",\"urlTemplate\":\"https:\/\/www.carideal.com\/blog\/?s={search_term_string}\"},\"query-input\":{\"@type\":\"PropertyValueSpecification\",\"valueRequired\":true,\"valueName\":\"search_term_string\"}}],\"inLanguage\":\"fr-FR\"},{\"@type\":\"Organization\",\"@id\":\"https:\/\/www.carideal.com\/blog\/#organization\",\"name\":\"Carideal\",\"url\":\"https:\/\/www.carideal.com\/blog\/\",\"logo\":{\"@type\":\"ImageObject\",\"inLanguage\":\"fr-FR\",\"@id\":\"https:\/\/www.carideal.com\/blog\/#\/schema\/logo\/image\/\",\"url\":\"http:\/\/www.carideal.com\/blog\/wp-content\/uploads\/2016\/03\/logo-carideal-mandataire-automobile.png\",\"contentUrl\":\"http:\/\/www.carideal.com\/blog\/wp-content\/uploads\/2016\/03\/logo-carideal-mandataire-automobile.png\",\"width\":300,\"height\":300,\"caption\":\"Carideal\"},\"image\":{\"@id\":\"https:\/\/www.carideal.com\/blog\/#\/schema\/logo\/image\/\"},\"sameAs\":[\"https:\/\/www.facebook.com\/Carideal.mandataire.automobile\",\"https:\/\/x.com\/caridealauto\",\"https:\/\/www.instagram.com\/carideal1\/\",\"https:\/\/www.linkedin.com\/company\/carideal.com\",\"https:\/\/fr.pinterest.com\/schiavonsas\/\",\"https:\/\/www.youtube.com\/user\/caridealsas\"]},{\"@type\":\"Person\",\"@id\":\"https:\/\/www.carideal.com\/blog\/#\/schema\/person\/cd95dc7919660de90d31b366f85be1ec\",\"name\":\"Nicolas SCHIAVON\",\"image\":{\"@type\":\"ImageObject\",\"inLanguage\":\"fr-FR\",\"@id\":\"https:\/\/www.carideal.com\/blog\/#\/schema\/person\/image\/\",\"url\":\"https:\/\/secure.gravatar.com\/avatar\/c17e55009e671d92cc7f5dc837dc418a?s=96&r=g\",\"contentUrl\":\"https:\/\/secure.gravatar.com\/avatar\/c17e55009e671d92cc7f5dc837dc418a?s=96&r=g\",\"caption\":\"Nicolas SCHIAVON\"},\"description\":\"Nicolas Schiavon est tomb\u00e9 tout petit dans la marmite automobile. Ayant eu un garage de marque automobile, mandataire automobile de la premi\u00e8re heure d\u00e8s 1999. Nicolas a cr\u00e9\u00e9 ces premiers sites de vente de voiture et blog automobile d\u00e8s 1994. Carideal est n\u00e9 le 15 d\u00e9cembre 2000 de la volont\u00e9 de vendre des voitures d'occasions en ligne puis des voitures neuves. Il a pu essayer beaucoup de voitures tr\u00e8s diff\u00e9rentes et ayant eu personnellement quelques belles autos, Subaru Impreza, Mitsubishi Lancer Evo 7, Porsche 911, Ferrari Testarrossa, Audi RS3, RS4 et j'en passe...\",\"sameAs\":[\"http:\/\/www.carideal.com\",\"https:\/\/www.facebook.com\/nicolas.schiavon.39\",\"https:\/\/www.instagram.com\/carideal1\/\",\"https:\/\/www.linkedin.com\/in\/nschiavon\/\",\"https:\/\/x.com\/caridealauto\",\"https:\/\/www.youtube.com\/user\/caridealsas\/\"],\"url\":\"https:\/\/www.carideal.com\/blog\/author\/nschiavon\/\"}]}<\/script>\n<!-- \/ Yoast SEO plugin. -->","yoast_head_json":{"title":"les francais sont pour le bioethanol - Blog auto Carid\u00e9al","robots":{"index":"index","follow":"follow","max-snippet":"max-snippet:-1","max-image-preview":"max-image-preview:large","max-video-preview":"max-video-preview:-1"},"canonical":"https:\/\/www.carideal.com\/blog\/2013\/12\/31\/les-francais-sont-pour-le-bioethanol\/","og_locale":"fr_FR","og_type":"article","og_title":"les francais sont pour le bioethanol - Blog auto Carid\u00e9al","og_description":"Les Fran\u00e7ais sont pour le bio\u00e9thanol Les Fran\u00e7ais sont pour le bio\u00e9thanol Les Fran\u00e7ais sont pour le bio\u00e9thanol. C'est un sondage IPSODS qui le dit et qui a \u00e9t\u00e9 pr\u00e9sent\u00e9 \u00e0 l'occasion des 3\u00b0m rencontres du Bio\u00e9thanol. Les fran\u00e7ais connaissent mal ce carburant v\u00e9g\u00e9tal mais pensent qu'il a un atout \u00e9conomique voir \u00e9cologique. \" 84 ... Lire plus","og_url":"https:\/\/www.carideal.com\/blog\/2013\/12\/31\/les-francais-sont-pour-le-bioethanol\/","og_site_name":"Blog auto Carid\u00e9al","article_publisher":"https:\/\/www.facebook.com\/Carideal.mandataire.automobile","article_author":"https:\/\/www.facebook.com\/nicolas.schiavon.39","article_published_time":"2013-12-31T23:00:00+00:00","og_image":[{"url":"http:\/\/www.carideal.com\/images_actualite\/biocarburantspremieregenerationethanole85caridealmandataireautomobile-1388592274.jpg","type":"","width":"","height":""}],"author":"Nicolas SCHIAVON","twitter_card":"summary_large_image","twitter_creator":"@caridealauto","twitter_site":"@caridealauto","twitter_misc":{"\u00c9crit par":"Nicolas SCHIAVON","Dur\u00e9e de lecture estim\u00e9e":"1 minute"},"schema":{"@context":"https:\/\/schema.org","@graph":[{"@type":"Article","@id":"https:\/\/www.carideal.com\/blog\/2013\/12\/31\/les-francais-sont-pour-le-bioethanol\/#article","isPartOf":{"@id":"https:\/\/www.carideal.com\/blog\/2013\/12\/31\/les-francais-sont-pour-le-bioethanol\/"},"author":{"name":"Nicolas SCHIAVON","@id":"https:\/\/www.carideal.com\/blog\/#\/schema\/person\/cd95dc7919660de90d31b366f85be1ec"},"headline":"les francais sont pour le bioethanol","datePublished":"2013-12-31T23:00:00+00:00","mainEntityOfPage":{"@id":"https:\/\/www.carideal.com\/blog\/2013\/12\/31\/les-francais-sont-pour-le-bioethanol\/"},"wordCount":275,"commentCount":0,"publisher":{"@id":"https:\/\/www.carideal.com\/blog\/#organization"},"image":{"@id":"https:\/\/www.carideal.com\/blog\/2013\/12\/31\/les-francais-sont-pour-le-bioethanol\/#primaryimage"},"thumbnailUrl":"http:\/\/www.carideal.com\/images_actualite\/biocarburantspremieregenerationethanole85caridealmandataireautomobile-1388592274.jpg","articleSection":["Actualit\u00e9 automobile"],"inLanguage":"fr-FR","potentialAction":[{"@type":"CommentAction","name":"Comment","target":["https:\/\/www.carideal.com\/blog\/2013\/12\/31\/les-francais-sont-pour-le-bioethanol\/#respond"]}]},{"@type":"WebPage","@id":"https:\/\/www.carideal.com\/blog\/2013\/12\/31\/les-francais-sont-pour-le-bioethanol\/","url":"https:\/\/www.carideal.com\/blog\/2013\/12\/31\/les-francais-sont-pour-le-bioethanol\/","name":"les francais sont pour le bioethanol - Blog auto Carid\u00e9al","isPartOf":{"@id":"https:\/\/www.carideal.com\/blog\/#website"},"primaryImageOfPage":{"@id":"https:\/\/www.carideal.com\/blog\/2013\/12\/31\/les-francais-sont-pour-le-bioethanol\/#primaryimage"},"image":{"@id":"https:\/\/www.carideal.com\/blog\/2013\/12\/31\/les-francais-sont-pour-le-bioethanol\/#primaryimage"},"thumbnailUrl":"http:\/\/www.carideal.com\/images_actualite\/biocarburantspremieregenerationethanole85caridealmandataireautomobile-1388592274.jpg","datePublished":"2013-12-31T23:00:00+00:00","breadcrumb":{"@id":"https:\/\/www.carideal.com\/blog\/2013\/12\/31\/les-francais-sont-pour-le-bioethanol\/#breadcrumb"},"inLanguage":"fr-FR","potentialAction":[{"@type":"ReadAction","target":["https:\/\/www.carideal.com\/blog\/2013\/12\/31\/les-francais-sont-pour-le-bioethanol\/"]}]},{"@type":"ImageObject","inLanguage":"fr-FR","@id":"https:\/\/www.carideal.com\/blog\/2013\/12\/31\/les-francais-sont-pour-le-bioethanol\/#primaryimage","url":"http:\/\/www.carideal.com\/images_actualite\/biocarburantspremieregenerationethanole85caridealmandataireautomobile-1388592274.jpg","contentUrl":"http:\/\/www.carideal.com\/images_actualite\/biocarburantspremieregenerationethanole85caridealmandataireautomobile-1388592274.jpg"},{"@type":"BreadcrumbList","@id":"https:\/\/www.carideal.com\/blog\/2013\/12\/31\/les-francais-sont-pour-le-bioethanol\/#breadcrumb","itemListElement":[{"@type":"ListItem","position":1,"name":"Blog Carid\u00e9al","item":"https:\/\/www.carideal.com\/blog\/"},{"@type":"ListItem","position":2,"name":"Actualit\u00e9 automobile","item":"https:\/\/www.carideal.com\/blog\/actualites-auto\/"},{"@type":"ListItem","position":3,"name":"les francais sont pour le bioethanol"}]},{"@type":"WebSite","@id":"https:\/\/www.carideal.com\/blog\/#website","url":"https:\/\/www.carideal.com\/blog\/","name":"Blog auto Carid\u00e9al","description":"Actualit\u00e9 auto par des passionn\u00e9s","publisher":{"@id":"https:\/\/www.carideal.com\/blog\/#organization"},"potentialAction":[{"@type":"SearchAction","target":{"@type":"EntryPoint","urlTemplate":"https:\/\/www.carideal.com\/blog\/?s={search_term_string}"},"query-input":{"@type":"PropertyValueSpecification","valueRequired":true,"valueName":"search_term_string"}}],"inLanguage":"fr-FR"},{"@type":"Organization","@id":"https:\/\/www.carideal.com\/blog\/#organization","name":"Carideal","url":"https:\/\/www.carideal.com\/blog\/","logo":{"@type":"ImageObject","inLanguage":"fr-FR","@id":"https:\/\/www.carideal.com\/blog\/#\/schema\/logo\/image\/","url":"http:\/\/www.carideal.com\/blog\/wp-content\/uploads\/2016\/03\/logo-carideal-mandataire-automobile.png","contentUrl":"http:\/\/www.carideal.com\/blog\/wp-content\/uploads\/2016\/03\/logo-carideal-mandataire-automobile.png","width":300,"height":300,"caption":"Carideal"},"image":{"@id":"https:\/\/www.carideal.com\/blog\/#\/schema\/logo\/image\/"},"sameAs":["https:\/\/www.facebook.com\/Carideal.mandataire.automobile","https:\/\/x.com\/caridealauto","https:\/\/www.instagram.com\/carideal1\/","https:\/\/www.linkedin.com\/company\/carideal.com","https:\/\/fr.pinterest.com\/schiavonsas\/","https:\/\/www.youtube.com\/user\/caridealsas"]},{"@type":"Person","@id":"https:\/\/www.carideal.com\/blog\/#\/schema\/person\/cd95dc7919660de90d31b366f85be1ec","name":"Nicolas SCHIAVON","image":{"@type":"ImageObject","inLanguage":"fr-FR","@id":"https:\/\/www.carideal.com\/blog\/#\/schema\/person\/image\/","url":"https:\/\/secure.gravatar.com\/avatar\/c17e55009e671d92cc7f5dc837dc418a?s=96&r=g","contentUrl":"https:\/\/secure.gravatar.com\/avatar\/c17e55009e671d92cc7f5dc837dc418a?s=96&r=g","caption":"Nicolas SCHIAVON"},"description":"Nicolas Schiavon est tomb\u00e9 tout petit dans la marmite automobile. Ayant eu un garage de marque automobile, mandataire automobile de la premi\u00e8re heure d\u00e8s 1999. Nicolas a cr\u00e9\u00e9 ces premiers sites de vente de voiture et blog automobile d\u00e8s 1994. Carideal est n\u00e9 le 15 d\u00e9cembre 2000 de la volont\u00e9 de vendre des voitures d'occasions en ligne puis des voitures neuves. Il a pu essayer beaucoup de voitures tr\u00e8s diff\u00e9rentes et ayant eu personnellement quelques belles autos, Subaru Impreza, Mitsubishi Lancer Evo 7, Porsche 911, Ferrari Testarrossa, Audi RS3, RS4 et j'en passe...","sameAs":["http:\/\/www.carideal.com","https:\/\/www.facebook.com\/nicolas.schiavon.39","https:\/\/www.instagram.com\/carideal1\/","https:\/\/www.linkedin.com\/in\/nschiavon\/","https:\/\/x.com\/caridealauto","https:\/\/www.youtube.com\/user\/caridealsas\/"],"url":"https:\/\/www.carideal.com\/blog\/author\/nschiavon\/"}]}},"uagb_featured_image_src":{"full":false,"thumbnail":false,"medium":false,"medium_large":false,"large":false,"1536x1536":false,"2048x2048":false,"wppr-widget":false},"uagb_author_info":{"display_name":"Nicolas SCHIAVON","author_link":"https:\/\/www.carideal.com\/blog\/author\/nschiavon\/"},"uagb_comment_info":0,"uagb_excerpt":"Les Fran\u00e7ais sont pour le bio\u00e9thanol Les Fran\u00e7ais sont pour le bio\u00e9thanol Les Fran\u00e7ais sont pour le bio\u00e9thanol. C'est un sondage IPSODS qui le dit et qui a \u00e9t\u00e9 pr\u00e9sent\u00e9 \u00e0 l'occasion des 3\u00b0m rencontres du Bio\u00e9thanol. Les fran\u00e7ais connaissent mal ce carburant v\u00e9g\u00e9tal mais pensent qu'il a un atout \u00e9conomique voir \u00e9cologique. \" 84\u2026","_links":{"self":[{"href":"https:\/\/www.carideal.com\/blog\/wp-json\/wp\/v2\/posts\/5351"}],"collection":[{"href":"https:\/\/www.carideal.com\/blog\/wp-json\/wp\/v2\/posts"}],"about":[{"href":"https:\/\/www.carideal.com\/blog\/wp-json\/wp\/v2\/types\/post"}],"author":[{"embeddable":true,"href":"https:\/\/www.carideal.com\/blog\/wp-json\/wp\/v2\/users\/3"}],"replies":[{"embeddable":true,"href":"https:\/\/www.carideal.com\/blog\/wp-json\/wp\/v2\/comments?post=5351"}],"version-history":[{"count":0,"href":"https:\/\/www.carideal.com\/blog\/wp-json\/wp\/v2\/posts\/5351\/revisions"}],"wp:attachment":[{"href":"https:\/\/www.carideal.com\/blog\/wp-json\/wp\/v2\/media?parent=5351"}],"wp:term":[{"taxonomy":"category","embeddable":true,"href":"https:\/\/www.carideal.com\/blog\/wp-json\/wp\/v2\/categories?post=5351"},{"taxonomy":"post_tag","embeddable":true,"href":"https:\/\/www.carideal.com\/blog\/wp-json\/wp\/v2\/tags?post=5351"}],"curies":[{"name":"wp","href":"https:\/\/api.w.org\/{rel}","templated":true}]}}