{"id":5344,"date":"2013-12-13T23:00:00","date_gmt":"2013-12-13T23:00:00","guid":{"rendered":"http:\/\/www.carideal.com\/blog\/2013\/12\/13\/nouvelle-citroen-ds-5ls\/"},"modified":"2020-03-08T18:00:45","modified_gmt":"2020-03-08T17:00:45","slug":"nouvelle-citroen-ds-5ls","status":"publish","type":"post","link":"https:\/\/www.carideal.com\/blog\/2013\/12\/13\/nouvelle-citroen-ds-5ls\/","title":{"rendered":"Nouvelle Citroen DS 5LS"},"content":{"rendered":"<div>\n<figure style=\"width: 710px\" class=\"wp-caption alignnone\"><img loading=\"lazy\" decoding=\"async\" title=\"Nouvelle citroen DS 5LS\" src=\"http:\/\/www.carideal.com\/images_actualite\/ds5lsblogcaridealmandataireautomobile-1387031071.jpg\" alt=\"Nouvelle citroen DS 5LS\" width=\"720\" height=\"479\" \/><figcaption class=\"wp-caption-text\">Nouvelle citroen DS 5LS<\/figcaption><\/figure>\n<p>&nbsp;<\/p>\n<h1><strong>Nouvelle Citroen DS 5LS<\/strong><\/h1>\n<\/div>\n<p><strong>Nouvelle Citroen DS 5LS<\/strong>. Citroen vient de confirmer les rumeurs qui parcourent le WEB depuis quelques jours. Le Constructeur pr\u00e9sentera une nouvelle berline Tricorps la DS 5LS le 19 d\u00e9cembre.<\/p>\n<pre>RETROUVEZ NOS DS PAR <span style=\"text-decoration: underline;\">CARIDEAL MANDATAIRE DS<\/span><\/pre>\n<p>Tout le monde croyait qu'il s'agirait d'une sorte de <span style=\"text-decoration: underline;\">DS4<\/span> \u00e0 coffre pour \"coller\" au march\u00e9 Chinois, mais non en Il fait elle est bien annonc\u00e9 comme une <span style=\"text-decoration: underline;\">DS5<\/span>.<br \/>\nPour le moment il ne s'agit que de supputations, car nous ne savons m\u00eame pas s'il s'agit d'un mod\u00e8le sp\u00e9cifique, ou d'une DS5 \u00e0 \"Coffre\".<\/p>\n<p>Il est sur par contre qu'elle ne roulera qu'en Chine.<\/p>\n<p>&nbsp;<\/p>\n","protected":false},"excerpt":{"rendered":"<p>&nbsp; Nouvelle Citroen DS 5LS Nouvelle Citroen DS 5LS. Citroen vient de confirmer les rumeurs qui parcourent le WEB depuis quelques jours. Le Constructeur pr\u00e9sentera une nouvelle berline Tricorps la DS 5LS le 19 d\u00e9cembre. RETROUVEZ NOS DS PAR CARIDEAL MANDATAIRE DS Tout le monde croyait qu&rsquo;il s&rsquo;agirait d&rsquo;une sorte de DS4 \u00e0 coffre pour &#8230; <a title=\"Nouvelle Citroen DS 5LS\" class=\"read-more\" href=\"https:\/\/www.carideal.com\/blog\/2013\/12\/13\/nouvelle-citroen-ds-5ls\/\" aria-label=\"En savoir plus sur Nouvelle Citroen DS 5LS\">Lire plus<\/a><\/p>\n","protected":false},"author":3,"featured_media":0,"comment_status":"open","ping_status":"open","sticky":false,"template":"","format":"standard","meta":{"_uag_custom_page_level_css":"","_themeisle_gutenberg_block_has_review":false,"footnotes":""},"categories":[21,5944,6001,6012,5974],"tags":[],"class_list":["post-5344","post","type-post","status-publish","format-standard","hentry","category-actualites-auto","category-constructeur","category-ds","category-berlines","category-type-de-vehicule"],"wppr_data":[],"yoast_head":"<!-- This site is optimized with the Yoast SEO plugin v24.8.1 - https:\/\/yoast.com\/wordpress\/plugins\/seo\/ -->\n<title>Nouvelle Citroen DS 5LS - Blog auto Carid\u00e9al<\/title>\n<meta name=\"robots\" content=\"index, follow, max-snippet:-1, max-image-preview:large, max-video-preview:-1\" \/>\n<link rel=\"canonical\" href=\"https:\/\/www.carideal.com\/blog\/2013\/12\/13\/nouvelle-citroen-ds-5ls\/\" \/>\n<meta property=\"og:locale\" content=\"fr_FR\" \/>\n<meta property=\"og:type\" content=\"article\" \/>\n<meta property=\"og:title\" content=\"Nouvelle Citroen DS 5LS - Blog auto Carid\u00e9al\" \/>\n<meta property=\"og:description\" content=\"&nbsp; Nouvelle Citroen DS 5LS Nouvelle Citroen DS 5LS. Citroen vient de confirmer les rumeurs qui parcourent le WEB depuis quelques jours. Le Constructeur pr\u00e9sentera une nouvelle berline Tricorps la DS 5LS le 19 d\u00e9cembre. RETROUVEZ NOS DS PAR CARIDEAL MANDATAIRE DS Tout le monde croyait qu&#039;il s&#039;agirait d&#039;une sorte de DS4 \u00e0 coffre pour ... Lire plus\" \/>\n<meta property=\"og:url\" content=\"https:\/\/www.carideal.com\/blog\/2013\/12\/13\/nouvelle-citroen-ds-5ls\/\" \/>\n<meta property=\"og:site_name\" content=\"Blog auto Carid\u00e9al\" \/>\n<meta property=\"article:publisher\" content=\"https:\/\/www.facebook.com\/Carideal.mandataire.automobile\" \/>\n<meta property=\"article:author\" content=\"https:\/\/www.facebook.com\/nicolas.schiavon.39\" \/>\n<meta property=\"article:published_time\" content=\"2013-12-13T23:00:00+00:00\" \/>\n<meta property=\"article:modified_time\" content=\"2020-03-08T17:00:45+00:00\" \/>\n<meta property=\"og:image\" content=\"http:\/\/www.carideal.com\/images_actualite\/ds5lsblogcaridealmandataireautomobile-1387031071.jpg\" \/>\n<meta name=\"author\" content=\"Nicolas SCHIAVON\" \/>\n<meta name=\"twitter:card\" content=\"summary_large_image\" \/>\n<meta name=\"twitter:creator\" content=\"@caridealauto\" \/>\n<meta name=\"twitter:site\" content=\"@caridealauto\" \/>\n<meta name=\"twitter:label1\" content=\"\u00c9crit par\" \/>\n\t<meta name=\"twitter:data1\" content=\"Nicolas SCHIAVON\" \/>\n\t<meta name=\"twitter:label2\" content=\"Dur\u00e9e de lecture estim\u00e9e\" \/>\n\t<meta name=\"twitter:data2\" content=\"1 minute\" \/>\n<script type=\"application\/ld+json\" class=\"yoast-schema-graph\">{\"@context\":\"https:\/\/schema.org\",\"@graph\":[{\"@type\":\"Article\",\"@id\":\"https:\/\/www.carideal.com\/blog\/2013\/12\/13\/nouvelle-citroen-ds-5ls\/#article\",\"isPartOf\":{\"@id\":\"https:\/\/www.carideal.com\/blog\/2013\/12\/13\/nouvelle-citroen-ds-5ls\/\"},\"author\":{\"name\":\"Nicolas SCHIAVON\",\"@id\":\"https:\/\/www.carideal.com\/blog\/#\/schema\/person\/cd95dc7919660de90d31b366f85be1ec\"},\"headline\":\"Nouvelle Citroen DS 5LS\",\"datePublished\":\"2013-12-13T23:00:00+00:00\",\"dateModified\":\"2020-03-08T17:00:45+00:00\",\"mainEntityOfPage\":{\"@id\":\"https:\/\/www.carideal.com\/blog\/2013\/12\/13\/nouvelle-citroen-ds-5ls\/\"},\"wordCount\":116,\"commentCount\":0,\"publisher\":{\"@id\":\"https:\/\/www.carideal.com\/blog\/#organization\"},\"image\":{\"@id\":\"https:\/\/www.carideal.com\/blog\/2013\/12\/13\/nouvelle-citroen-ds-5ls\/#primaryimage\"},\"thumbnailUrl\":\"http:\/\/www.carideal.com\/images_actualite\/ds5lsblogcaridealmandataireautomobile-1387031071.jpg\",\"articleSection\":[\"Actualit\u00e9 automobile\",\"Actualit\u00e9 Constructeur automobile\",\"Actualit\u00e9 DS\",\"Berlines\",\"Type de v\u00e9hicule\"],\"inLanguage\":\"fr-FR\",\"potentialAction\":[{\"@type\":\"CommentAction\",\"name\":\"Comment\",\"target\":[\"https:\/\/www.carideal.com\/blog\/2013\/12\/13\/nouvelle-citroen-ds-5ls\/#respond\"]}]},{\"@type\":\"WebPage\",\"@id\":\"https:\/\/www.carideal.com\/blog\/2013\/12\/13\/nouvelle-citroen-ds-5ls\/\",\"url\":\"https:\/\/www.carideal.com\/blog\/2013\/12\/13\/nouvelle-citroen-ds-5ls\/\",\"name\":\"Nouvelle Citroen DS 5LS - Blog auto Carid\u00e9al\",\"isPartOf\":{\"@id\":\"https:\/\/www.carideal.com\/blog\/#website\"},\"primaryImageOfPage\":{\"@id\":\"https:\/\/www.carideal.com\/blog\/2013\/12\/13\/nouvelle-citroen-ds-5ls\/#primaryimage\"},\"image\":{\"@id\":\"https:\/\/www.carideal.com\/blog\/2013\/12\/13\/nouvelle-citroen-ds-5ls\/#primaryimage\"},\"thumbnailUrl\":\"http:\/\/www.carideal.com\/images_actualite\/ds5lsblogcaridealmandataireautomobile-1387031071.jpg\",\"datePublished\":\"2013-12-13T23:00:00+00:00\",\"dateModified\":\"2020-03-08T17:00:45+00:00\",\"breadcrumb\":{\"@id\":\"https:\/\/www.carideal.com\/blog\/2013\/12\/13\/nouvelle-citroen-ds-5ls\/#breadcrumb\"},\"inLanguage\":\"fr-FR\",\"potentialAction\":[{\"@type\":\"ReadAction\",\"target\":[\"https:\/\/www.carideal.com\/blog\/2013\/12\/13\/nouvelle-citroen-ds-5ls\/\"]}]},{\"@type\":\"ImageObject\",\"inLanguage\":\"fr-FR\",\"@id\":\"https:\/\/www.carideal.com\/blog\/2013\/12\/13\/nouvelle-citroen-ds-5ls\/#primaryimage\",\"url\":\"http:\/\/www.carideal.com\/images_actualite\/ds5lsblogcaridealmandataireautomobile-1387031071.jpg\",\"contentUrl\":\"http:\/\/www.carideal.com\/images_actualite\/ds5lsblogcaridealmandataireautomobile-1387031071.jpg\"},{\"@type\":\"BreadcrumbList\",\"@id\":\"https:\/\/www.carideal.com\/blog\/2013\/12\/13\/nouvelle-citroen-ds-5ls\/#breadcrumb\",\"itemListElement\":[{\"@type\":\"ListItem\",\"position\":1,\"name\":\"Blog Carid\u00e9al\",\"item\":\"https:\/\/www.carideal.com\/blog\/\"},{\"@type\":\"ListItem\",\"position\":2,\"name\":\"Actualit\u00e9 automobile\",\"item\":\"https:\/\/www.carideal.com\/blog\/actualites-auto\/\"},{\"@type\":\"ListItem\",\"position\":3,\"name\":\"Nouvelle Citroen DS 5LS\"}]},{\"@type\":\"WebSite\",\"@id\":\"https:\/\/www.carideal.com\/blog\/#website\",\"url\":\"https:\/\/www.carideal.com\/blog\/\",\"name\":\"Blog auto Carid\u00e9al\",\"description\":\"Actualit\u00e9 auto par des passionn\u00e9s\",\"publisher\":{\"@id\":\"https:\/\/www.carideal.com\/blog\/#organization\"},\"potentialAction\":[{\"@type\":\"SearchAction\",\"target\":{\"@type\":\"EntryPoint\",\"urlTemplate\":\"https:\/\/www.carideal.com\/blog\/?s={search_term_string}\"},\"query-input\":{\"@type\":\"PropertyValueSpecification\",\"valueRequired\":true,\"valueName\":\"search_term_string\"}}],\"inLanguage\":\"fr-FR\"},{\"@type\":\"Organization\",\"@id\":\"https:\/\/www.carideal.com\/blog\/#organization\",\"name\":\"Carideal\",\"url\":\"https:\/\/www.carideal.com\/blog\/\",\"logo\":{\"@type\":\"ImageObject\",\"inLanguage\":\"fr-FR\",\"@id\":\"https:\/\/www.carideal.com\/blog\/#\/schema\/logo\/image\/\",\"url\":\"http:\/\/www.carideal.com\/blog\/wp-content\/uploads\/2016\/03\/logo-carideal-mandataire-automobile.png\",\"contentUrl\":\"http:\/\/www.carideal.com\/blog\/wp-content\/uploads\/2016\/03\/logo-carideal-mandataire-automobile.png\",\"width\":300,\"height\":300,\"caption\":\"Carideal\"},\"image\":{\"@id\":\"https:\/\/www.carideal.com\/blog\/#\/schema\/logo\/image\/\"},\"sameAs\":[\"https:\/\/www.facebook.com\/Carideal.mandataire.automobile\",\"https:\/\/x.com\/caridealauto\",\"https:\/\/www.instagram.com\/carideal1\/\",\"https:\/\/www.linkedin.com\/company\/carideal.com\",\"https:\/\/fr.pinterest.com\/schiavonsas\/\",\"https:\/\/www.youtube.com\/user\/caridealsas\"]},{\"@type\":\"Person\",\"@id\":\"https:\/\/www.carideal.com\/blog\/#\/schema\/person\/cd95dc7919660de90d31b366f85be1ec\",\"name\":\"Nicolas SCHIAVON\",\"image\":{\"@type\":\"ImageObject\",\"inLanguage\":\"fr-FR\",\"@id\":\"https:\/\/www.carideal.com\/blog\/#\/schema\/person\/image\/\",\"url\":\"https:\/\/secure.gravatar.com\/avatar\/c17e55009e671d92cc7f5dc837dc418a?s=96&r=g\",\"contentUrl\":\"https:\/\/secure.gravatar.com\/avatar\/c17e55009e671d92cc7f5dc837dc418a?s=96&r=g\",\"caption\":\"Nicolas SCHIAVON\"},\"description\":\"Nicolas Schiavon est tomb\u00e9 tout petit dans la marmite automobile. Ayant eu un garage de marque automobile, mandataire automobile de la premi\u00e8re heure d\u00e8s 1999. Nicolas a cr\u00e9\u00e9 ces premiers sites de vente de voiture et blog automobile d\u00e8s 1994. Carideal est n\u00e9 le 15 d\u00e9cembre 2000 de la volont\u00e9 de vendre des voitures d'occasions en ligne puis des voitures neuves. Il a pu essayer beaucoup de voitures tr\u00e8s diff\u00e9rentes et ayant eu personnellement quelques belles autos, Subaru Impreza, Mitsubishi Lancer Evo 7, Porsche 911, Ferrari Testarrossa, Audi RS3, RS4 et j'en passe...\",\"sameAs\":[\"http:\/\/www.carideal.com\",\"https:\/\/www.facebook.com\/nicolas.schiavon.39\",\"https:\/\/www.instagram.com\/carideal1\/\",\"https:\/\/www.linkedin.com\/in\/nschiavon\/\",\"https:\/\/x.com\/caridealauto\",\"https:\/\/www.youtube.com\/user\/caridealsas\/\"],\"url\":\"https:\/\/www.carideal.com\/blog\/author\/nschiavon\/\"}]}<\/script>\n<!-- \/ Yoast SEO plugin. -->","yoast_head_json":{"title":"Nouvelle Citroen DS 5LS - Blog auto Carid\u00e9al","robots":{"index":"index","follow":"follow","max-snippet":"max-snippet:-1","max-image-preview":"max-image-preview:large","max-video-preview":"max-video-preview:-1"},"canonical":"https:\/\/www.carideal.com\/blog\/2013\/12\/13\/nouvelle-citroen-ds-5ls\/","og_locale":"fr_FR","og_type":"article","og_title":"Nouvelle Citroen DS 5LS - Blog auto Carid\u00e9al","og_description":"&nbsp; Nouvelle Citroen DS 5LS Nouvelle Citroen DS 5LS. Citroen vient de confirmer les rumeurs qui parcourent le WEB depuis quelques jours. Le Constructeur pr\u00e9sentera une nouvelle berline Tricorps la DS 5LS le 19 d\u00e9cembre. RETROUVEZ NOS DS PAR CARIDEAL MANDATAIRE DS Tout le monde croyait qu'il s'agirait d'une sorte de DS4 \u00e0 coffre pour ... Lire plus","og_url":"https:\/\/www.carideal.com\/blog\/2013\/12\/13\/nouvelle-citroen-ds-5ls\/","og_site_name":"Blog auto Carid\u00e9al","article_publisher":"https:\/\/www.facebook.com\/Carideal.mandataire.automobile","article_author":"https:\/\/www.facebook.com\/nicolas.schiavon.39","article_published_time":"2013-12-13T23:00:00+00:00","article_modified_time":"2020-03-08T17:00:45+00:00","og_image":[{"url":"http:\/\/www.carideal.com\/images_actualite\/ds5lsblogcaridealmandataireautomobile-1387031071.jpg","type":"","width":"","height":""}],"author":"Nicolas SCHIAVON","twitter_card":"summary_large_image","twitter_creator":"@caridealauto","twitter_site":"@caridealauto","twitter_misc":{"\u00c9crit par":"Nicolas SCHIAVON","Dur\u00e9e de lecture estim\u00e9e":"1 minute"},"schema":{"@context":"https:\/\/schema.org","@graph":[{"@type":"Article","@id":"https:\/\/www.carideal.com\/blog\/2013\/12\/13\/nouvelle-citroen-ds-5ls\/#article","isPartOf":{"@id":"https:\/\/www.carideal.com\/blog\/2013\/12\/13\/nouvelle-citroen-ds-5ls\/"},"author":{"name":"Nicolas SCHIAVON","@id":"https:\/\/www.carideal.com\/blog\/#\/schema\/person\/cd95dc7919660de90d31b366f85be1ec"},"headline":"Nouvelle Citroen DS 5LS","datePublished":"2013-12-13T23:00:00+00:00","dateModified":"2020-03-08T17:00:45+00:00","mainEntityOfPage":{"@id":"https:\/\/www.carideal.com\/blog\/2013\/12\/13\/nouvelle-citroen-ds-5ls\/"},"wordCount":116,"commentCount":0,"publisher":{"@id":"https:\/\/www.carideal.com\/blog\/#organization"},"image":{"@id":"https:\/\/www.carideal.com\/blog\/2013\/12\/13\/nouvelle-citroen-ds-5ls\/#primaryimage"},"thumbnailUrl":"http:\/\/www.carideal.com\/images_actualite\/ds5lsblogcaridealmandataireautomobile-1387031071.jpg","articleSection":["Actualit\u00e9 automobile","Actualit\u00e9 Constructeur automobile","Actualit\u00e9 DS","Berlines","Type de v\u00e9hicule"],"inLanguage":"fr-FR","potentialAction":[{"@type":"CommentAction","name":"Comment","target":["https:\/\/www.carideal.com\/blog\/2013\/12\/13\/nouvelle-citroen-ds-5ls\/#respond"]}]},{"@type":"WebPage","@id":"https:\/\/www.carideal.com\/blog\/2013\/12\/13\/nouvelle-citroen-ds-5ls\/","url":"https:\/\/www.carideal.com\/blog\/2013\/12\/13\/nouvelle-citroen-ds-5ls\/","name":"Nouvelle Citroen DS 5LS - Blog auto Carid\u00e9al","isPartOf":{"@id":"https:\/\/www.carideal.com\/blog\/#website"},"primaryImageOfPage":{"@id":"https:\/\/www.carideal.com\/blog\/2013\/12\/13\/nouvelle-citroen-ds-5ls\/#primaryimage"},"image":{"@id":"https:\/\/www.carideal.com\/blog\/2013\/12\/13\/nouvelle-citroen-ds-5ls\/#primaryimage"},"thumbnailUrl":"http:\/\/www.carideal.com\/images_actualite\/ds5lsblogcaridealmandataireautomobile-1387031071.jpg","datePublished":"2013-12-13T23:00:00+00:00","dateModified":"2020-03-08T17:00:45+00:00","breadcrumb":{"@id":"https:\/\/www.carideal.com\/blog\/2013\/12\/13\/nouvelle-citroen-ds-5ls\/#breadcrumb"},"inLanguage":"fr-FR","potentialAction":[{"@type":"ReadAction","target":["https:\/\/www.carideal.com\/blog\/2013\/12\/13\/nouvelle-citroen-ds-5ls\/"]}]},{"@type":"ImageObject","inLanguage":"fr-FR","@id":"https:\/\/www.carideal.com\/blog\/2013\/12\/13\/nouvelle-citroen-ds-5ls\/#primaryimage","url":"http:\/\/www.carideal.com\/images_actualite\/ds5lsblogcaridealmandataireautomobile-1387031071.jpg","contentUrl":"http:\/\/www.carideal.com\/images_actualite\/ds5lsblogcaridealmandataireautomobile-1387031071.jpg"},{"@type":"BreadcrumbList","@id":"https:\/\/www.carideal.com\/blog\/2013\/12\/13\/nouvelle-citroen-ds-5ls\/#breadcrumb","itemListElement":[{"@type":"ListItem","position":1,"name":"Blog Carid\u00e9al","item":"https:\/\/www.carideal.com\/blog\/"},{"@type":"ListItem","position":2,"name":"Actualit\u00e9 automobile","item":"https:\/\/www.carideal.com\/blog\/actualites-auto\/"},{"@type":"ListItem","position":3,"name":"Nouvelle Citroen DS 5LS"}]},{"@type":"WebSite","@id":"https:\/\/www.carideal.com\/blog\/#website","url":"https:\/\/www.carideal.com\/blog\/","name":"Blog auto Carid\u00e9al","description":"Actualit\u00e9 auto par des passionn\u00e9s","publisher":{"@id":"https:\/\/www.carideal.com\/blog\/#organization"},"potentialAction":[{"@type":"SearchAction","target":{"@type":"EntryPoint","urlTemplate":"https:\/\/www.carideal.com\/blog\/?s={search_term_string}"},"query-input":{"@type":"PropertyValueSpecification","valueRequired":true,"valueName":"search_term_string"}}],"inLanguage":"fr-FR"},{"@type":"Organization","@id":"https:\/\/www.carideal.com\/blog\/#organization","name":"Carideal","url":"https:\/\/www.carideal.com\/blog\/","logo":{"@type":"ImageObject","inLanguage":"fr-FR","@id":"https:\/\/www.carideal.com\/blog\/#\/schema\/logo\/image\/","url":"http:\/\/www.carideal.com\/blog\/wp-content\/uploads\/2016\/03\/logo-carideal-mandataire-automobile.png","contentUrl":"http:\/\/www.carideal.com\/blog\/wp-content\/uploads\/2016\/03\/logo-carideal-mandataire-automobile.png","width":300,"height":300,"caption":"Carideal"},"image":{"@id":"https:\/\/www.carideal.com\/blog\/#\/schema\/logo\/image\/"},"sameAs":["https:\/\/www.facebook.com\/Carideal.mandataire.automobile","https:\/\/x.com\/caridealauto","https:\/\/www.instagram.com\/carideal1\/","https:\/\/www.linkedin.com\/company\/carideal.com","https:\/\/fr.pinterest.com\/schiavonsas\/","https:\/\/www.youtube.com\/user\/caridealsas"]},{"@type":"Person","@id":"https:\/\/www.carideal.com\/blog\/#\/schema\/person\/cd95dc7919660de90d31b366f85be1ec","name":"Nicolas SCHIAVON","image":{"@type":"ImageObject","inLanguage":"fr-FR","@id":"https:\/\/www.carideal.com\/blog\/#\/schema\/person\/image\/","url":"https:\/\/secure.gravatar.com\/avatar\/c17e55009e671d92cc7f5dc837dc418a?s=96&r=g","contentUrl":"https:\/\/secure.gravatar.com\/avatar\/c17e55009e671d92cc7f5dc837dc418a?s=96&r=g","caption":"Nicolas SCHIAVON"},"description":"Nicolas Schiavon est tomb\u00e9 tout petit dans la marmite automobile. Ayant eu un garage de marque automobile, mandataire automobile de la premi\u00e8re heure d\u00e8s 1999. Nicolas a cr\u00e9\u00e9 ces premiers sites de vente de voiture et blog automobile d\u00e8s 1994. Carideal est n\u00e9 le 15 d\u00e9cembre 2000 de la volont\u00e9 de vendre des voitures d'occasions en ligne puis des voitures neuves. Il a pu essayer beaucoup de voitures tr\u00e8s diff\u00e9rentes et ayant eu personnellement quelques belles autos, Subaru Impreza, Mitsubishi Lancer Evo 7, Porsche 911, Ferrari Testarrossa, Audi RS3, RS4 et j'en passe...","sameAs":["http:\/\/www.carideal.com","https:\/\/www.facebook.com\/nicolas.schiavon.39","https:\/\/www.instagram.com\/carideal1\/","https:\/\/www.linkedin.com\/in\/nschiavon\/","https:\/\/x.com\/caridealauto","https:\/\/www.youtube.com\/user\/caridealsas\/"],"url":"https:\/\/www.carideal.com\/blog\/author\/nschiavon\/"}]}},"uagb_featured_image_src":{"full":false,"thumbnail":false,"medium":false,"medium_large":false,"large":false,"1536x1536":false,"2048x2048":false,"wppr-widget":false},"uagb_author_info":{"display_name":"Nicolas SCHIAVON","author_link":"https:\/\/www.carideal.com\/blog\/author\/nschiavon\/"},"uagb_comment_info":0,"uagb_excerpt":"&nbsp; Nouvelle Citroen DS 5LS Nouvelle Citroen DS 5LS. Citroen vient de confirmer les rumeurs qui parcourent le WEB depuis quelques jours. Le Constructeur pr\u00e9sentera une nouvelle berline Tricorps la DS 5LS le 19 d\u00e9cembre. RETROUVEZ NOS DS PAR CARIDEAL MANDATAIRE DS Tout le monde croyait qu'il s'agirait d'une sorte de DS4 \u00e0 coffre pour\u2026","_links":{"self":[{"href":"https:\/\/www.carideal.com\/blog\/wp-json\/wp\/v2\/posts\/5344"}],"collection":[{"href":"https:\/\/www.carideal.com\/blog\/wp-json\/wp\/v2\/posts"}],"about":[{"href":"https:\/\/www.carideal.com\/blog\/wp-json\/wp\/v2\/types\/post"}],"author":[{"embeddable":true,"href":"https:\/\/www.carideal.com\/blog\/wp-json\/wp\/v2\/users\/3"}],"replies":[{"embeddable":true,"href":"https:\/\/www.carideal.com\/blog\/wp-json\/wp\/v2\/comments?post=5344"}],"version-history":[{"count":0,"href":"https:\/\/www.carideal.com\/blog\/wp-json\/wp\/v2\/posts\/5344\/revisions"}],"wp:attachment":[{"href":"https:\/\/www.carideal.com\/blog\/wp-json\/wp\/v2\/media?parent=5344"}],"wp:term":[{"taxonomy":"category","embeddable":true,"href":"https:\/\/www.carideal.com\/blog\/wp-json\/wp\/v2\/categories?post=5344"},{"taxonomy":"post_tag","embeddable":true,"href":"https:\/\/www.carideal.com\/blog\/wp-json\/wp\/v2\/tags?post=5344"}],"curies":[{"name":"wp","href":"https:\/\/api.w.org\/{rel}","templated":true}]}}