{"id":5342,"date":"2013-12-11T23:00:00","date_gmt":"2013-12-11T23:00:00","guid":{"rendered":"http:\/\/www.carideal.com\/blog\/2013\/12\/11\/anne-hidalgo-promet-une-borne-de-recharge-tous-les-500-m-a-paris\/"},"modified":"2023-01-20T14:27:47","modified_gmt":"2023-01-20T13:27:47","slug":"anne-hidalgo-promet-une-borne-de-recharge-tous-les-500-m-a-paris","status":"publish","type":"post","link":"https:\/\/www.carideal.com\/blog\/2013\/12\/11\/anne-hidalgo-promet-une-borne-de-recharge-tous-les-500-m-a-paris\/","title":{"rendered":"Anne Hidalgo promet une borne de recharge tous les 500 m \u00e0 Paris"},"content":{"rendered":"\n<h2 class=\"wp-block-heading\">Anne Hidalgo promet une borne de recharge tous les 500 m \u00e0 Paris<\/h2>\n\n\n\n<p>Anne Hidalgo Promet une borne de recharge tous les 500 m \u00e0 Paris. La candidate \u00e0 la Mairie de Paris explique dans son \"Projet pour Paris 2014\/2020\" qu'elle installera un site de recharge tous les 500m, ainsi que des bornes rapides pour les bus, les taxis, les autocars et les poids lourds...<\/p>\n\n\n\n<p>Anne Hidalgo, maire de Paris et candidate \u00e0 un second mandat, a annonc\u00e9 dans son projet pour Paris 2014-2020 qu'elle souhaitait installer une <a href=\"http:\/\/www.carideal.com\/blog\/2014\/08\/25\/la-voiture-electrique-patine-faute-d-infrastructures\/\">borne \u00e9lectrique<\/a> tous les 500 m\u00e8tres dans la ville. Cette mesure vise \u00e0 favoriser l'utilisation des v\u00e9hicules \u00e9lectriques et \u00e0 r\u00e9duire les \u00e9missions de gaz \u00e0 effet de serre de la ville.<\/p>\n\n\n\n<p>Selon [<a href=\"https:\/\/www.lemonde.fr\/politique\/article\/2020\/01\/29\/en-campagne-pour-les-municipales-anne-hidalgo-promet-un-paris-100-cyclable-en-2024_6027683_823448.html\">1<\/a>], Anne Hidalgo avance sur ses fondamentaux en proposant un projet ambitieux pour Paris. Ce projet comprend \u00e9galement des mesures pour favoriser l'utilisation des v\u00e9los en ville, avec l'objectif de rendre Paris 100% cyclable en 2024.<\/p>\n\n\n\n<p>L'installation de bornes \u00e9lectriques tous les 500 m\u00e8tres \u00e0 Paris est une mesure technique qui permettra de faciliter l'utilisation des <a href=\"http:\/\/www.carideal.com\/blog\/2018\/11\/28\/histoire-voiture-electrique\/\">v\u00e9hicules \u00e9lectriques<\/a> en ville. Cela permettra \u00e9galement de r\u00e9duire les \u00e9missions de gaz \u00e0 effet de serre de la ville, en encourageant les habitants \u00e0 utiliser des v\u00e9hicules plus propres.<\/p>\n\n\n\n<p>En termes \u00e9conomiques, cette mesure pourrait \u00e9galement avoir un impact positif sur l'\u00e9conomie locale, en encourageant les entreprises \u00e0 investir dans les v\u00e9hicules \u00e9lectriques et en stimulant la cr\u00e9ation d'emplois dans le secteur de la mobilit\u00e9 durable.<\/p>\n\n\n\n<ul class=\"wp-block-list\">\n<li><a href=\"http:\/\/www.carideal.com\/blog\/2018\/11\/26\/pourriez-vous-vivre-avec-une-voiture-electrique-le-pour-et-le-contre\/\">Pourriez-vous vivre avec une voiture \u00e9lectrique ?<\/a><\/li>\n<\/ul>\n\n\n\n<p>En somme, le projet d'Anne Hidalgo visant \u00e0 installer une borne \u00e9lectrique tous les 500 m\u00e8tres \u00e0 Paris est une mesure technique qui permettra de faciliter l'utilisation des v\u00e9hicules \u00e9lectriques en ville et de r\u00e9duire les \u00e9missions de gaz \u00e0 effet de serre de la ville, en m\u00eame temps qu'elle pourrait avoir un impact positif sur l'\u00e9conomie locale.<\/p>\n\n\n\n<ul class=\"wp-block-list\">\n<li><a href=\"http:\/\/www.carideal.com\/blog\/2023\/01\/11\/reseau-electrique-francais-sera-capable-de-gerer-la-demande-supplementaire-en-electricite-des-voitures-electriques\/\">Est-ce que le r\u00e9seau \u00e9lectrique fran\u00e7aise sera capable de g\u00e9rer la demande suppl\u00e9mentaire due aux voitures \u00e9lectriques ?<\/a><\/li>\n<\/ul>\n","protected":false},"excerpt":{"rendered":"<p>Anne Hidalgo promet une borne de recharge tous les 500 m \u00e0 Paris Anne Hidalgo Promet une borne de recharge tous les 500 m \u00e0 Paris. La candidate \u00e0 la Mairie de Paris explique dans son \u00ab\u00a0Projet pour Paris 2014\/2020\u00a0\u00bb qu&rsquo;elle installera un site de recharge tous les 500m, ainsi que des bornes rapides pour &#8230; <a title=\"Anne Hidalgo promet une borne de recharge tous les 500 m \u00e0 Paris\" class=\"read-more\" href=\"https:\/\/www.carideal.com\/blog\/2013\/12\/11\/anne-hidalgo-promet-une-borne-de-recharge-tous-les-500-m-a-paris\/\" aria-label=\"En savoir plus sur Anne Hidalgo promet une borne de recharge tous les 500 m \u00e0 Paris\">Lire plus<\/a><\/p>\n","protected":false},"author":3,"featured_media":26689,"comment_status":"open","ping_status":"open","sticky":false,"template":"","format":"standard","meta":{"_uag_custom_page_level_css":"","_themeisle_gutenberg_block_has_review":false,"footnotes":""},"categories":[21],"tags":[],"class_list":["post-5342","post","type-post","status-publish","format-standard","has-post-thumbnail","hentry","category-actualites-auto"],"wppr_data":{"cwp_meta_box_check":"No"},"yoast_head":"<!-- This site is optimized with the Yoast SEO plugin v24.8.1 - https:\/\/yoast.com\/wordpress\/plugins\/seo\/ -->\n<title>Anne Hidalgo promet une borne de recharge tous les 500 m \u00e0 Paris - Blog auto Carid\u00e9al<\/title>\n<meta name=\"description\" content=\"Anne Hidalgo Promet une borne de recharge tous les 500 m \u00e0 Paris. La candidate \u00e0 la Mairie de Paris explique dans son &quot;Projet pour Paris 2014\/2020&quot;\" \/>\n<meta name=\"robots\" content=\"index, follow, max-snippet:-1, max-image-preview:large, max-video-preview:-1\" \/>\n<link rel=\"canonical\" href=\"https:\/\/www.carideal.com\/blog\/2013\/12\/11\/anne-hidalgo-promet-une-borne-de-recharge-tous-les-500-m-a-paris\/\" \/>\n<meta property=\"og:locale\" content=\"fr_FR\" \/>\n<meta property=\"og:type\" content=\"article\" \/>\n<meta property=\"og:title\" content=\"Anne Hidalgo promet une borne de recharge tous les 500 m \u00e0 Paris - Blog auto Carid\u00e9al\" \/>\n<meta property=\"og:description\" content=\"Anne Hidalgo Promet une borne de recharge tous les 500 m \u00e0 Paris. La candidate \u00e0 la Mairie de Paris explique dans son &quot;Projet pour Paris 2014\/2020&quot;\" \/>\n<meta property=\"og:url\" content=\"https:\/\/www.carideal.com\/blog\/2013\/12\/11\/anne-hidalgo-promet-une-borne-de-recharge-tous-les-500-m-a-paris\/\" \/>\n<meta property=\"og:site_name\" content=\"Blog auto Carid\u00e9al\" \/>\n<meta property=\"article:publisher\" content=\"https:\/\/www.facebook.com\/Carideal.mandataire.automobile\" \/>\n<meta property=\"article:author\" content=\"https:\/\/www.facebook.com\/nicolas.schiavon.39\" \/>\n<meta property=\"article:published_time\" content=\"2013-12-11T23:00:00+00:00\" \/>\n<meta property=\"article:modified_time\" content=\"2023-01-20T13:27:47+00:00\" \/>\n<meta property=\"og:image\" content=\"https:\/\/www.carideal.com\/blog\/wp-content\/uploads\/2013\/12\/transportsleprojetdannehidalgolejddparisblogcaridealmandataireautomobilejpeg-1386845195.jpg\" \/>\n\t<meta property=\"og:image:width\" content=\"560\" \/>\n\t<meta property=\"og:image:height\" content=\"393\" \/>\n\t<meta property=\"og:image:type\" content=\"image\/jpeg\" \/>\n<meta name=\"author\" content=\"Nicolas SCHIAVON\" \/>\n<meta name=\"twitter:card\" content=\"summary_large_image\" \/>\n<meta name=\"twitter:creator\" content=\"@caridealauto\" \/>\n<meta name=\"twitter:site\" content=\"@caridealauto\" \/>\n<meta name=\"twitter:label1\" content=\"\u00c9crit par\" \/>\n\t<meta name=\"twitter:data1\" content=\"Nicolas SCHIAVON\" \/>\n\t<meta name=\"twitter:label2\" content=\"Dur\u00e9e de lecture estim\u00e9e\" \/>\n\t<meta name=\"twitter:data2\" content=\"2 minutes\" \/>\n<script type=\"application\/ld+json\" class=\"yoast-schema-graph\">{\"@context\":\"https:\/\/schema.org\",\"@graph\":[{\"@type\":\"Article\",\"@id\":\"https:\/\/www.carideal.com\/blog\/2013\/12\/11\/anne-hidalgo-promet-une-borne-de-recharge-tous-les-500-m-a-paris\/#article\",\"isPartOf\":{\"@id\":\"https:\/\/www.carideal.com\/blog\/2013\/12\/11\/anne-hidalgo-promet-une-borne-de-recharge-tous-les-500-m-a-paris\/\"},\"author\":{\"name\":\"Nicolas SCHIAVON\",\"@id\":\"https:\/\/www.carideal.com\/blog\/#\/schema\/person\/cd95dc7919660de90d31b366f85be1ec\"},\"headline\":\"Anne Hidalgo promet une borne de recharge tous les 500 m \u00e0 Paris\",\"datePublished\":\"2013-12-11T23:00:00+00:00\",\"dateModified\":\"2023-01-20T13:27:47+00:00\",\"mainEntityOfPage\":{\"@id\":\"https:\/\/www.carideal.com\/blog\/2013\/12\/11\/anne-hidalgo-promet-une-borne-de-recharge-tous-les-500-m-a-paris\/\"},\"wordCount\":333,\"commentCount\":0,\"publisher\":{\"@id\":\"https:\/\/www.carideal.com\/blog\/#organization\"},\"image\":{\"@id\":\"https:\/\/www.carideal.com\/blog\/2013\/12\/11\/anne-hidalgo-promet-une-borne-de-recharge-tous-les-500-m-a-paris\/#primaryimage\"},\"thumbnailUrl\":\"https:\/\/www.carideal.com\/blog\/wp-content\/uploads\/2013\/12\/transportsleprojetdannehidalgolejddparisblogcaridealmandataireautomobilejpeg-1386845195.jpg\",\"articleSection\":[\"Actualit\u00e9 automobile\"],\"inLanguage\":\"fr-FR\",\"potentialAction\":[{\"@type\":\"CommentAction\",\"name\":\"Comment\",\"target\":[\"https:\/\/www.carideal.com\/blog\/2013\/12\/11\/anne-hidalgo-promet-une-borne-de-recharge-tous-les-500-m-a-paris\/#respond\"]}]},{\"@type\":\"WebPage\",\"@id\":\"https:\/\/www.carideal.com\/blog\/2013\/12\/11\/anne-hidalgo-promet-une-borne-de-recharge-tous-les-500-m-a-paris\/\",\"url\":\"https:\/\/www.carideal.com\/blog\/2013\/12\/11\/anne-hidalgo-promet-une-borne-de-recharge-tous-les-500-m-a-paris\/\",\"name\":\"Anne Hidalgo promet une borne de recharge tous les 500 m \u00e0 Paris - Blog auto Carid\u00e9al\",\"isPartOf\":{\"@id\":\"https:\/\/www.carideal.com\/blog\/#website\"},\"primaryImageOfPage\":{\"@id\":\"https:\/\/www.carideal.com\/blog\/2013\/12\/11\/anne-hidalgo-promet-une-borne-de-recharge-tous-les-500-m-a-paris\/#primaryimage\"},\"image\":{\"@id\":\"https:\/\/www.carideal.com\/blog\/2013\/12\/11\/anne-hidalgo-promet-une-borne-de-recharge-tous-les-500-m-a-paris\/#primaryimage\"},\"thumbnailUrl\":\"https:\/\/www.carideal.com\/blog\/wp-content\/uploads\/2013\/12\/transportsleprojetdannehidalgolejddparisblogcaridealmandataireautomobilejpeg-1386845195.jpg\",\"datePublished\":\"2013-12-11T23:00:00+00:00\",\"dateModified\":\"2023-01-20T13:27:47+00:00\",\"description\":\"Anne Hidalgo Promet une borne de recharge tous les 500 m \u00e0 Paris. La candidate \u00e0 la Mairie de Paris explique dans son \\\"Projet pour Paris 2014\/2020\\\"\",\"breadcrumb\":{\"@id\":\"https:\/\/www.carideal.com\/blog\/2013\/12\/11\/anne-hidalgo-promet-une-borne-de-recharge-tous-les-500-m-a-paris\/#breadcrumb\"},\"inLanguage\":\"fr-FR\",\"potentialAction\":[{\"@type\":\"ReadAction\",\"target\":[\"https:\/\/www.carideal.com\/blog\/2013\/12\/11\/anne-hidalgo-promet-une-borne-de-recharge-tous-les-500-m-a-paris\/\"]}]},{\"@type\":\"ImageObject\",\"inLanguage\":\"fr-FR\",\"@id\":\"https:\/\/www.carideal.com\/blog\/2013\/12\/11\/anne-hidalgo-promet-une-borne-de-recharge-tous-les-500-m-a-paris\/#primaryimage\",\"url\":\"https:\/\/www.carideal.com\/blog\/wp-content\/uploads\/2013\/12\/transportsleprojetdannehidalgolejddparisblogcaridealmandataireautomobilejpeg-1386845195.jpg\",\"contentUrl\":\"https:\/\/www.carideal.com\/blog\/wp-content\/uploads\/2013\/12\/transportsleprojetdannehidalgolejddparisblogcaridealmandataireautomobilejpeg-1386845195.jpg\",\"width\":560,\"height\":393,\"caption\":\"anne hidalgo promet une borne de recharge tous les 500 m a paris\"},{\"@type\":\"BreadcrumbList\",\"@id\":\"https:\/\/www.carideal.com\/blog\/2013\/12\/11\/anne-hidalgo-promet-une-borne-de-recharge-tous-les-500-m-a-paris\/#breadcrumb\",\"itemListElement\":[{\"@type\":\"ListItem\",\"position\":1,\"name\":\"Blog Carid\u00e9al\",\"item\":\"https:\/\/www.carideal.com\/blog\/\"},{\"@type\":\"ListItem\",\"position\":2,\"name\":\"Actualit\u00e9 automobile\",\"item\":\"https:\/\/www.carideal.com\/blog\/actualites-auto\/\"},{\"@type\":\"ListItem\",\"position\":3,\"name\":\"Anne Hidalgo promet une borne de recharge tous les 500 m \u00e0 Paris\"}]},{\"@type\":\"WebSite\",\"@id\":\"https:\/\/www.carideal.com\/blog\/#website\",\"url\":\"https:\/\/www.carideal.com\/blog\/\",\"name\":\"Blog auto Carid\u00e9al\",\"description\":\"Actualit\u00e9 auto par des passionn\u00e9s\",\"publisher\":{\"@id\":\"https:\/\/www.carideal.com\/blog\/#organization\"},\"potentialAction\":[{\"@type\":\"SearchAction\",\"target\":{\"@type\":\"EntryPoint\",\"urlTemplate\":\"https:\/\/www.carideal.com\/blog\/?s={search_term_string}\"},\"query-input\":{\"@type\":\"PropertyValueSpecification\",\"valueRequired\":true,\"valueName\":\"search_term_string\"}}],\"inLanguage\":\"fr-FR\"},{\"@type\":\"Organization\",\"@id\":\"https:\/\/www.carideal.com\/blog\/#organization\",\"name\":\"Carideal\",\"url\":\"https:\/\/www.carideal.com\/blog\/\",\"logo\":{\"@type\":\"ImageObject\",\"inLanguage\":\"fr-FR\",\"@id\":\"https:\/\/www.carideal.com\/blog\/#\/schema\/logo\/image\/\",\"url\":\"http:\/\/www.carideal.com\/blog\/wp-content\/uploads\/2016\/03\/logo-carideal-mandataire-automobile.png\",\"contentUrl\":\"http:\/\/www.carideal.com\/blog\/wp-content\/uploads\/2016\/03\/logo-carideal-mandataire-automobile.png\",\"width\":300,\"height\":300,\"caption\":\"Carideal\"},\"image\":{\"@id\":\"https:\/\/www.carideal.com\/blog\/#\/schema\/logo\/image\/\"},\"sameAs\":[\"https:\/\/www.facebook.com\/Carideal.mandataire.automobile\",\"https:\/\/x.com\/caridealauto\",\"https:\/\/www.instagram.com\/carideal1\/\",\"https:\/\/www.linkedin.com\/company\/carideal.com\",\"https:\/\/fr.pinterest.com\/schiavonsas\/\",\"https:\/\/www.youtube.com\/user\/caridealsas\"]},{\"@type\":\"Person\",\"@id\":\"https:\/\/www.carideal.com\/blog\/#\/schema\/person\/cd95dc7919660de90d31b366f85be1ec\",\"name\":\"Nicolas SCHIAVON\",\"image\":{\"@type\":\"ImageObject\",\"inLanguage\":\"fr-FR\",\"@id\":\"https:\/\/www.carideal.com\/blog\/#\/schema\/person\/image\/\",\"url\":\"https:\/\/secure.gravatar.com\/avatar\/c17e55009e671d92cc7f5dc837dc418a?s=96&r=g\",\"contentUrl\":\"https:\/\/secure.gravatar.com\/avatar\/c17e55009e671d92cc7f5dc837dc418a?s=96&r=g\",\"caption\":\"Nicolas SCHIAVON\"},\"description\":\"Nicolas Schiavon est tomb\u00e9 tout petit dans la marmite automobile. Ayant eu un garage de marque automobile, mandataire automobile de la premi\u00e8re heure d\u00e8s 1999. Nicolas a cr\u00e9\u00e9 ces premiers sites de vente de voiture et blog automobile d\u00e8s 1994. Carideal est n\u00e9 le 15 d\u00e9cembre 2000 de la volont\u00e9 de vendre des voitures d'occasions en ligne puis des voitures neuves. Il a pu essayer beaucoup de voitures tr\u00e8s diff\u00e9rentes et ayant eu personnellement quelques belles autos, Subaru Impreza, Mitsubishi Lancer Evo 7, Porsche 911, Ferrari Testarrossa, Audi RS3, RS4 et j'en passe...\",\"sameAs\":[\"http:\/\/www.carideal.com\",\"https:\/\/www.facebook.com\/nicolas.schiavon.39\",\"https:\/\/www.instagram.com\/carideal1\/\",\"https:\/\/www.linkedin.com\/in\/nschiavon\/\",\"https:\/\/x.com\/caridealauto\",\"https:\/\/www.youtube.com\/user\/caridealsas\/\"],\"url\":\"https:\/\/www.carideal.com\/blog\/author\/nschiavon\/\"}]}<\/script>\n<!-- \/ Yoast SEO plugin. -->","yoast_head_json":{"title":"Anne Hidalgo promet une borne de recharge tous les 500 m \u00e0 Paris - Blog auto Carid\u00e9al","description":"Anne Hidalgo Promet une borne de recharge tous les 500 m \u00e0 Paris. La candidate \u00e0 la Mairie de Paris explique dans son \"Projet pour Paris 2014\/2020\"","robots":{"index":"index","follow":"follow","max-snippet":"max-snippet:-1","max-image-preview":"max-image-preview:large","max-video-preview":"max-video-preview:-1"},"canonical":"https:\/\/www.carideal.com\/blog\/2013\/12\/11\/anne-hidalgo-promet-une-borne-de-recharge-tous-les-500-m-a-paris\/","og_locale":"fr_FR","og_type":"article","og_title":"Anne Hidalgo promet une borne de recharge tous les 500 m \u00e0 Paris - Blog auto Carid\u00e9al","og_description":"Anne Hidalgo Promet une borne de recharge tous les 500 m \u00e0 Paris. La candidate \u00e0 la Mairie de Paris explique dans son \"Projet pour Paris 2014\/2020\"","og_url":"https:\/\/www.carideal.com\/blog\/2013\/12\/11\/anne-hidalgo-promet-une-borne-de-recharge-tous-les-500-m-a-paris\/","og_site_name":"Blog auto Carid\u00e9al","article_publisher":"https:\/\/www.facebook.com\/Carideal.mandataire.automobile","article_author":"https:\/\/www.facebook.com\/nicolas.schiavon.39","article_published_time":"2013-12-11T23:00:00+00:00","article_modified_time":"2023-01-20T13:27:47+00:00","og_image":[{"width":560,"height":393,"url":"https:\/\/www.carideal.com\/blog\/wp-content\/uploads\/2013\/12\/transportsleprojetdannehidalgolejddparisblogcaridealmandataireautomobilejpeg-1386845195.jpg","type":"image\/jpeg"}],"author":"Nicolas SCHIAVON","twitter_card":"summary_large_image","twitter_creator":"@caridealauto","twitter_site":"@caridealauto","twitter_misc":{"\u00c9crit par":"Nicolas SCHIAVON","Dur\u00e9e de lecture estim\u00e9e":"2 minutes"},"schema":{"@context":"https:\/\/schema.org","@graph":[{"@type":"Article","@id":"https:\/\/www.carideal.com\/blog\/2013\/12\/11\/anne-hidalgo-promet-une-borne-de-recharge-tous-les-500-m-a-paris\/#article","isPartOf":{"@id":"https:\/\/www.carideal.com\/blog\/2013\/12\/11\/anne-hidalgo-promet-une-borne-de-recharge-tous-les-500-m-a-paris\/"},"author":{"name":"Nicolas SCHIAVON","@id":"https:\/\/www.carideal.com\/blog\/#\/schema\/person\/cd95dc7919660de90d31b366f85be1ec"},"headline":"Anne Hidalgo promet une borne de recharge tous les 500 m \u00e0 Paris","datePublished":"2013-12-11T23:00:00+00:00","dateModified":"2023-01-20T13:27:47+00:00","mainEntityOfPage":{"@id":"https:\/\/www.carideal.com\/blog\/2013\/12\/11\/anne-hidalgo-promet-une-borne-de-recharge-tous-les-500-m-a-paris\/"},"wordCount":333,"commentCount":0,"publisher":{"@id":"https:\/\/www.carideal.com\/blog\/#organization"},"image":{"@id":"https:\/\/www.carideal.com\/blog\/2013\/12\/11\/anne-hidalgo-promet-une-borne-de-recharge-tous-les-500-m-a-paris\/#primaryimage"},"thumbnailUrl":"https:\/\/www.carideal.com\/blog\/wp-content\/uploads\/2013\/12\/transportsleprojetdannehidalgolejddparisblogcaridealmandataireautomobilejpeg-1386845195.jpg","articleSection":["Actualit\u00e9 automobile"],"inLanguage":"fr-FR","potentialAction":[{"@type":"CommentAction","name":"Comment","target":["https:\/\/www.carideal.com\/blog\/2013\/12\/11\/anne-hidalgo-promet-une-borne-de-recharge-tous-les-500-m-a-paris\/#respond"]}]},{"@type":"WebPage","@id":"https:\/\/www.carideal.com\/blog\/2013\/12\/11\/anne-hidalgo-promet-une-borne-de-recharge-tous-les-500-m-a-paris\/","url":"https:\/\/www.carideal.com\/blog\/2013\/12\/11\/anne-hidalgo-promet-une-borne-de-recharge-tous-les-500-m-a-paris\/","name":"Anne Hidalgo promet une borne de recharge tous les 500 m \u00e0 Paris - Blog auto Carid\u00e9al","isPartOf":{"@id":"https:\/\/www.carideal.com\/blog\/#website"},"primaryImageOfPage":{"@id":"https:\/\/www.carideal.com\/blog\/2013\/12\/11\/anne-hidalgo-promet-une-borne-de-recharge-tous-les-500-m-a-paris\/#primaryimage"},"image":{"@id":"https:\/\/www.carideal.com\/blog\/2013\/12\/11\/anne-hidalgo-promet-une-borne-de-recharge-tous-les-500-m-a-paris\/#primaryimage"},"thumbnailUrl":"https:\/\/www.carideal.com\/blog\/wp-content\/uploads\/2013\/12\/transportsleprojetdannehidalgolejddparisblogcaridealmandataireautomobilejpeg-1386845195.jpg","datePublished":"2013-12-11T23:00:00+00:00","dateModified":"2023-01-20T13:27:47+00:00","description":"Anne Hidalgo Promet une borne de recharge tous les 500 m \u00e0 Paris. La candidate \u00e0 la Mairie de Paris explique dans son \"Projet pour Paris 2014\/2020\"","breadcrumb":{"@id":"https:\/\/www.carideal.com\/blog\/2013\/12\/11\/anne-hidalgo-promet-une-borne-de-recharge-tous-les-500-m-a-paris\/#breadcrumb"},"inLanguage":"fr-FR","potentialAction":[{"@type":"ReadAction","target":["https:\/\/www.carideal.com\/blog\/2013\/12\/11\/anne-hidalgo-promet-une-borne-de-recharge-tous-les-500-m-a-paris\/"]}]},{"@type":"ImageObject","inLanguage":"fr-FR","@id":"https:\/\/www.carideal.com\/blog\/2013\/12\/11\/anne-hidalgo-promet-une-borne-de-recharge-tous-les-500-m-a-paris\/#primaryimage","url":"https:\/\/www.carideal.com\/blog\/wp-content\/uploads\/2013\/12\/transportsleprojetdannehidalgolejddparisblogcaridealmandataireautomobilejpeg-1386845195.jpg","contentUrl":"https:\/\/www.carideal.com\/blog\/wp-content\/uploads\/2013\/12\/transportsleprojetdannehidalgolejddparisblogcaridealmandataireautomobilejpeg-1386845195.jpg","width":560,"height":393,"caption":"anne hidalgo promet une borne de recharge tous les 500 m a paris"},{"@type":"BreadcrumbList","@id":"https:\/\/www.carideal.com\/blog\/2013\/12\/11\/anne-hidalgo-promet-une-borne-de-recharge-tous-les-500-m-a-paris\/#breadcrumb","itemListElement":[{"@type":"ListItem","position":1,"name":"Blog Carid\u00e9al","item":"https:\/\/www.carideal.com\/blog\/"},{"@type":"ListItem","position":2,"name":"Actualit\u00e9 automobile","item":"https:\/\/www.carideal.com\/blog\/actualites-auto\/"},{"@type":"ListItem","position":3,"name":"Anne Hidalgo promet une borne de recharge tous les 500 m \u00e0 Paris"}]},{"@type":"WebSite","@id":"https:\/\/www.carideal.com\/blog\/#website","url":"https:\/\/www.carideal.com\/blog\/","name":"Blog auto Carid\u00e9al","description":"Actualit\u00e9 auto par des passionn\u00e9s","publisher":{"@id":"https:\/\/www.carideal.com\/blog\/#organization"},"potentialAction":[{"@type":"SearchAction","target":{"@type":"EntryPoint","urlTemplate":"https:\/\/www.carideal.com\/blog\/?s={search_term_string}"},"query-input":{"@type":"PropertyValueSpecification","valueRequired":true,"valueName":"search_term_string"}}],"inLanguage":"fr-FR"},{"@type":"Organization","@id":"https:\/\/www.carideal.com\/blog\/#organization","name":"Carideal","url":"https:\/\/www.carideal.com\/blog\/","logo":{"@type":"ImageObject","inLanguage":"fr-FR","@id":"https:\/\/www.carideal.com\/blog\/#\/schema\/logo\/image\/","url":"http:\/\/www.carideal.com\/blog\/wp-content\/uploads\/2016\/03\/logo-carideal-mandataire-automobile.png","contentUrl":"http:\/\/www.carideal.com\/blog\/wp-content\/uploads\/2016\/03\/logo-carideal-mandataire-automobile.png","width":300,"height":300,"caption":"Carideal"},"image":{"@id":"https:\/\/www.carideal.com\/blog\/#\/schema\/logo\/image\/"},"sameAs":["https:\/\/www.facebook.com\/Carideal.mandataire.automobile","https:\/\/x.com\/caridealauto","https:\/\/www.instagram.com\/carideal1\/","https:\/\/www.linkedin.com\/company\/carideal.com","https:\/\/fr.pinterest.com\/schiavonsas\/","https:\/\/www.youtube.com\/user\/caridealsas"]},{"@type":"Person","@id":"https:\/\/www.carideal.com\/blog\/#\/schema\/person\/cd95dc7919660de90d31b366f85be1ec","name":"Nicolas SCHIAVON","image":{"@type":"ImageObject","inLanguage":"fr-FR","@id":"https:\/\/www.carideal.com\/blog\/#\/schema\/person\/image\/","url":"https:\/\/secure.gravatar.com\/avatar\/c17e55009e671d92cc7f5dc837dc418a?s=96&r=g","contentUrl":"https:\/\/secure.gravatar.com\/avatar\/c17e55009e671d92cc7f5dc837dc418a?s=96&r=g","caption":"Nicolas SCHIAVON"},"description":"Nicolas Schiavon est tomb\u00e9 tout petit dans la marmite automobile. Ayant eu un garage de marque automobile, mandataire automobile de la premi\u00e8re heure d\u00e8s 1999. Nicolas a cr\u00e9\u00e9 ces premiers sites de vente de voiture et blog automobile d\u00e8s 1994. Carideal est n\u00e9 le 15 d\u00e9cembre 2000 de la volont\u00e9 de vendre des voitures d'occasions en ligne puis des voitures neuves. Il a pu essayer beaucoup de voitures tr\u00e8s diff\u00e9rentes et ayant eu personnellement quelques belles autos, Subaru Impreza, Mitsubishi Lancer Evo 7, Porsche 911, Ferrari Testarrossa, Audi RS3, RS4 et j'en passe...","sameAs":["http:\/\/www.carideal.com","https:\/\/www.facebook.com\/nicolas.schiavon.39","https:\/\/www.instagram.com\/carideal1\/","https:\/\/www.linkedin.com\/in\/nschiavon\/","https:\/\/x.com\/caridealauto","https:\/\/www.youtube.com\/user\/caridealsas\/"],"url":"https:\/\/www.carideal.com\/blog\/author\/nschiavon\/"}]}},"uagb_featured_image_src":{"full":["https:\/\/www.carideal.com\/blog\/wp-content\/uploads\/2013\/12\/transportsleprojetdannehidalgolejddparisblogcaridealmandataireautomobilejpeg-1386845195.jpg",560,393,false],"thumbnail":["https:\/\/www.carideal.com\/blog\/wp-content\/uploads\/2013\/12\/transportsleprojetdannehidalgolejddparisblogcaridealmandataireautomobilejpeg-1386845195-150x150.jpg",150,150,true],"medium":["https:\/\/www.carideal.com\/blog\/wp-content\/uploads\/2013\/12\/transportsleprojetdannehidalgolejddparisblogcaridealmandataireautomobilejpeg-1386845195-300x211.jpg",300,211,true],"medium_large":["https:\/\/www.carideal.com\/blog\/wp-content\/uploads\/2013\/12\/transportsleprojetdannehidalgolejddparisblogcaridealmandataireautomobilejpeg-1386845195.jpg",560,393,false],"large":["https:\/\/www.carideal.com\/blog\/wp-content\/uploads\/2013\/12\/transportsleprojetdannehidalgolejddparisblogcaridealmandataireautomobilejpeg-1386845195.jpg",560,393,false],"1536x1536":["https:\/\/www.carideal.com\/blog\/wp-content\/uploads\/2013\/12\/transportsleprojetdannehidalgolejddparisblogcaridealmandataireautomobilejpeg-1386845195.jpg",560,393,false],"2048x2048":["https:\/\/www.carideal.com\/blog\/wp-content\/uploads\/2013\/12\/transportsleprojetdannehidalgolejddparisblogcaridealmandataireautomobilejpeg-1386845195.jpg",560,393,false],"wppr-widget":["https:\/\/www.carideal.com\/blog\/wp-content\/uploads\/2013\/12\/transportsleprojetdannehidalgolejddparisblogcaridealmandataireautomobilejpeg-1386845195-50x35.jpg",50,35,true]},"uagb_author_info":{"display_name":"Nicolas SCHIAVON","author_link":"https:\/\/www.carideal.com\/blog\/author\/nschiavon\/"},"uagb_comment_info":0,"uagb_excerpt":"Anne Hidalgo promet une borne de recharge tous les 500 m \u00e0 Paris Anne Hidalgo Promet une borne de recharge tous les 500 m \u00e0 Paris. La candidate \u00e0 la Mairie de Paris explique dans son \"Projet pour Paris 2014\/2020\" qu'elle installera un site de recharge tous les 500m, ainsi que des bornes rapides pour\u2026","_links":{"self":[{"href":"https:\/\/www.carideal.com\/blog\/wp-json\/wp\/v2\/posts\/5342"}],"collection":[{"href":"https:\/\/www.carideal.com\/blog\/wp-json\/wp\/v2\/posts"}],"about":[{"href":"https:\/\/www.carideal.com\/blog\/wp-json\/wp\/v2\/types\/post"}],"author":[{"embeddable":true,"href":"https:\/\/www.carideal.com\/blog\/wp-json\/wp\/v2\/users\/3"}],"replies":[{"embeddable":true,"href":"https:\/\/www.carideal.com\/blog\/wp-json\/wp\/v2\/comments?post=5342"}],"version-history":[{"count":0,"href":"https:\/\/www.carideal.com\/blog\/wp-json\/wp\/v2\/posts\/5342\/revisions"}],"wp:featuredmedia":[{"embeddable":true,"href":"https:\/\/www.carideal.com\/blog\/wp-json\/wp\/v2\/media\/26689"}],"wp:attachment":[{"href":"https:\/\/www.carideal.com\/blog\/wp-json\/wp\/v2\/media?parent=5342"}],"wp:term":[{"taxonomy":"category","embeddable":true,"href":"https:\/\/www.carideal.com\/blog\/wp-json\/wp\/v2\/categories?post=5342"},{"taxonomy":"post_tag","embeddable":true,"href":"https:\/\/www.carideal.com\/blog\/wp-json\/wp\/v2\/tags?post=5342"}],"curies":[{"name":"wp","href":"https:\/\/api.w.org\/{rel}","templated":true}]}}