{"id":5323,"date":"2013-11-14T23:00:00","date_gmt":"2013-11-14T23:00:00","guid":{"rendered":"http:\/\/www.carideal.com\/blog\/2013\/11\/14\/volkswagen-rappelle-26-millions-de-vehicules-dans-le-monde\/"},"modified":"2018-10-24T18:14:14","modified_gmt":"2018-10-24T16:14:14","slug":"volkswagen-rappelle-26-millions-de-vehicules-dans-le-monde","status":"publish","type":"post","link":"https:\/\/www.carideal.com\/blog\/2013\/11\/14\/volkswagen-rappelle-26-millions-de-vehicules-dans-le-monde\/","title":{"rendered":"Volkswagen rappelle 26 millions de v\u00e9hicules dans le monde"},"content":{"rendered":"<div>\n<h1>Volkswagen rappelle 2.6 Millions de v\u00e9hicules dans le monde<\/h1>\n<\/div>\n<p><strong>Volkswagen rappelle 2.6 Millions de v\u00e9hicules dans le monde<\/strong>. Il s'agit l\u00e0 du plus rappel de l'histoire du constructeur allemand qui concerne 7 v\u00e9hicules.<br \/>\nToutes les marques du groupe <a href=\"http:\/\/www.carideal.com\/blog\/marque-de-voiture-actualites-essais\/volkswagen\/\">Volkswagen<\/a> semblent concern\u00e9es, et le plus touch\u00e9 semble le <a href=\"http:\/\/www.carideal.com\/blog\/2011\/07\/25\/restylage-du-volkswagen-tiguan\/\">SUV Tiguan<\/a>.<br \/>\nIl y a trois probl\u00e8mes directement identifi\u00e9s, des pannes d'\u00e9clairage mais aussi plus grave des probl\u00e8mes de lubrification sur les boites automatiques DSG. Des huiles synth\u00e9tiques qui provoquent des court-circuits qui pourraient mener \u00e0 des accidents.<br \/>\nVolkswagen va donc les remplacer par des huiles min\u00e9rales.<br \/>\nL'Amarok est rappel\u00e9 lui,(239000) pour des probl\u00e8mes de durites de carburant dans le compartiment moteur.<br \/>\n750000 voitures sont concern\u00e9es en <a href=\"http:\/\/www.carideal.com\/blog\/2013\/03\/13\/la-chine-et-son-marche-prometteur\/\">Chine<\/a>.<\/p>\n<ul>\n<li>Tous les rappels constructeurs<\/li>\n<\/ul>\n<p>En raison de divers probl\u00e8mes techniques affectant diff\u00e9rents mod\u00e8les de ses diff\u00e9rentes marques, Volkswagen a annonc\u00e9 jeudi le rappel de 2,6 millions de voitures dans le monde.<\/p>\n<p>Les probl\u00e8mes allaient des probl\u00e8mes d\u2019\u00e9clairage d\u00e9fectueux aux conduites de carburant des moteurs qui fuient et aux dysfonctionnements possibles lors de l\u2019utilisation d\u2019huile synth\u00e9tique dans sa bo\u00eete de vitesses, a d\u00e9clar\u00e9 un porte-parole.<\/p>\n<h2>Le rappel Volkswagen est l'un des plus importants de l'histoire de l'entreprise<\/h2>\n<p>Il comprend 800 000 v\u00e9hicules utilitaires sport compacts Tiguan qui pourraient \u00eatre affect\u00e9s par des fusibles d\u00e9fectueux pouvant d\u00e9clencher les circuits d'\u00e9clairage.<\/p>\n<p>Volkswagen a \u00e9galement annonc\u00e9 le rappel de son pick-up Amarok de 2 litres en raison de fuites dans les conduites de carburant, qui affectent environ 239 000 v\u00e9hicules.<\/p>\n<p>VW a lanc\u00e9 un rappel s\u00e9par\u00e9 en Chine concernant environ 640 000 v\u00e9hicules produits localement ou import\u00e9s entre janvier 2009 et juin 2013. Ce rappel intervient apr\u00e8s que le service de contr\u00f4le de la qualit\u00e9 du pays eut identifi\u00e9 un probl\u00e8me avec la bo\u00eete de vitesses DO200, qui pouvait pr\u00e9senter un dysfonctionnement \u00e9lectronique lors de l'utilisation d'huile synth\u00e9tique. .<\/p>\n","protected":false},"excerpt":{"rendered":"<p>Volkswagen rappelle 2.6 Millions de v\u00e9hicules dans le monde Volkswagen rappelle 2.6 Millions de v\u00e9hicules dans le monde. Il s&rsquo;agit l\u00e0 du plus rappel de l&rsquo;histoire du constructeur allemand qui concerne 7 v\u00e9hicules. Toutes les marques du groupe Volkswagen semblent concern\u00e9es, et le plus touch\u00e9 semble le SUV Tiguan. Il y a trois probl\u00e8mes directement &#8230; <a title=\"Volkswagen rappelle 26 millions de v\u00e9hicules dans le monde\" class=\"read-more\" href=\"https:\/\/www.carideal.com\/blog\/2013\/11\/14\/volkswagen-rappelle-26-millions-de-vehicules-dans-le-monde\/\" aria-label=\"En savoir plus sur Volkswagen rappelle 26 millions de v\u00e9hicules dans le monde\">Lire plus<\/a><\/p>\n","protected":false},"author":3,"featured_media":17736,"comment_status":"open","ping_status":"open","sticky":false,"template":"","format":"standard","meta":{"_uag_custom_page_level_css":"","_themeisle_gutenberg_block_has_review":false,"footnotes":""},"categories":[21,5985],"tags":[6084],"class_list":["post-5323","post","type-post","status-publish","format-standard","has-post-thumbnail","hentry","category-actualites-auto","category-volkswagen","tag-rappel-constructeur"],"wppr_data":{"cwp_meta_box_check":"No"},"yoast_head":"<!-- This site is optimized with the Yoast SEO plugin v24.8.1 - https:\/\/yoast.com\/wordpress\/plugins\/seo\/ -->\n<title>Volkswagen rappelle 26 millions de v\u00e9hicules dans le monde - Blog auto Carid\u00e9al<\/title>\n<meta name=\"robots\" content=\"index, follow, max-snippet:-1, max-image-preview:large, max-video-preview:-1\" \/>\n<link rel=\"canonical\" href=\"https:\/\/www.carideal.com\/blog\/2013\/11\/14\/volkswagen-rappelle-26-millions-de-vehicules-dans-le-monde\/\" \/>\n<meta property=\"og:locale\" content=\"fr_FR\" \/>\n<meta property=\"og:type\" content=\"article\" \/>\n<meta property=\"og:title\" content=\"Volkswagen rappelle 26 millions de v\u00e9hicules dans le monde - Blog auto Carid\u00e9al\" \/>\n<meta property=\"og:description\" content=\"Volkswagen rappelle 2.6 Millions de v\u00e9hicules dans le monde Volkswagen rappelle 2.6 Millions de v\u00e9hicules dans le monde. Il s&#039;agit l\u00e0 du plus rappel de l&#039;histoire du constructeur allemand qui concerne 7 v\u00e9hicules. Toutes les marques du groupe Volkswagen semblent concern\u00e9es, et le plus touch\u00e9 semble le SUV Tiguan. Il y a trois probl\u00e8mes directement ... Lire plus\" \/>\n<meta property=\"og:url\" content=\"https:\/\/www.carideal.com\/blog\/2013\/11\/14\/volkswagen-rappelle-26-millions-de-vehicules-dans-le-monde\/\" \/>\n<meta property=\"og:site_name\" content=\"Blog auto Carid\u00e9al\" \/>\n<meta property=\"article:publisher\" content=\"https:\/\/www.facebook.com\/Carideal.mandataire.automobile\" \/>\n<meta property=\"article:author\" content=\"https:\/\/www.facebook.com\/nicolas.schiavon.39\" \/>\n<meta property=\"article:published_time\" content=\"2013-11-14T23:00:00+00:00\" \/>\n<meta property=\"article:modified_time\" content=\"2018-10-24T16:14:14+00:00\" \/>\n<meta property=\"og:image\" content=\"https:\/\/www.carideal.com\/blog\/wp-content\/uploads\/2013\/11\/volkswagenamarokcaridealmandataireautomobile-1384499328.jpg\" \/>\n\t<meta property=\"og:image:width\" content=\"620\" \/>\n\t<meta property=\"og:image:height\" content=\"414\" \/>\n\t<meta property=\"og:image:type\" content=\"image\/jpeg\" \/>\n<meta name=\"author\" content=\"Nicolas SCHIAVON\" \/>\n<meta name=\"twitter:card\" content=\"summary_large_image\" \/>\n<meta name=\"twitter:creator\" content=\"@caridealauto\" \/>\n<meta name=\"twitter:site\" content=\"@caridealauto\" \/>\n<meta name=\"twitter:label1\" content=\"\u00c9crit par\" \/>\n\t<meta name=\"twitter:data1\" content=\"Nicolas SCHIAVON\" \/>\n\t<meta name=\"twitter:label2\" content=\"Dur\u00e9e de lecture estim\u00e9e\" \/>\n\t<meta name=\"twitter:data2\" content=\"2 minutes\" \/>\n<script type=\"application\/ld+json\" class=\"yoast-schema-graph\">{\"@context\":\"https:\/\/schema.org\",\"@graph\":[{\"@type\":\"Article\",\"@id\":\"https:\/\/www.carideal.com\/blog\/2013\/11\/14\/volkswagen-rappelle-26-millions-de-vehicules-dans-le-monde\/#article\",\"isPartOf\":{\"@id\":\"https:\/\/www.carideal.com\/blog\/2013\/11\/14\/volkswagen-rappelle-26-millions-de-vehicules-dans-le-monde\/\"},\"author\":{\"name\":\"Nicolas SCHIAVON\",\"@id\":\"https:\/\/www.carideal.com\/blog\/#\/schema\/person\/cd95dc7919660de90d31b366f85be1ec\"},\"headline\":\"Volkswagen rappelle 26 millions de v\u00e9hicules dans le monde\",\"datePublished\":\"2013-11-14T23:00:00+00:00\",\"dateModified\":\"2018-10-24T16:14:14+00:00\",\"mainEntityOfPage\":{\"@id\":\"https:\/\/www.carideal.com\/blog\/2013\/11\/14\/volkswagen-rappelle-26-millions-de-vehicules-dans-le-monde\/\"},\"wordCount\":333,\"commentCount\":0,\"publisher\":{\"@id\":\"https:\/\/www.carideal.com\/blog\/#organization\"},\"image\":{\"@id\":\"https:\/\/www.carideal.com\/blog\/2013\/11\/14\/volkswagen-rappelle-26-millions-de-vehicules-dans-le-monde\/#primaryimage\"},\"thumbnailUrl\":\"https:\/\/www.carideal.com\/blog\/wp-content\/uploads\/2013\/11\/volkswagenamarokcaridealmandataireautomobile-1384499328.jpg\",\"keywords\":[\"Rappel constructeur\"],\"articleSection\":[\"Actualit\u00e9 automobile\",\"Actualit\u00e9 Volkswagen\"],\"inLanguage\":\"fr-FR\",\"potentialAction\":[{\"@type\":\"CommentAction\",\"name\":\"Comment\",\"target\":[\"https:\/\/www.carideal.com\/blog\/2013\/11\/14\/volkswagen-rappelle-26-millions-de-vehicules-dans-le-monde\/#respond\"]}]},{\"@type\":\"WebPage\",\"@id\":\"https:\/\/www.carideal.com\/blog\/2013\/11\/14\/volkswagen-rappelle-26-millions-de-vehicules-dans-le-monde\/\",\"url\":\"https:\/\/www.carideal.com\/blog\/2013\/11\/14\/volkswagen-rappelle-26-millions-de-vehicules-dans-le-monde\/\",\"name\":\"Volkswagen rappelle 26 millions de v\u00e9hicules dans le monde - Blog auto Carid\u00e9al\",\"isPartOf\":{\"@id\":\"https:\/\/www.carideal.com\/blog\/#website\"},\"primaryImageOfPage\":{\"@id\":\"https:\/\/www.carideal.com\/blog\/2013\/11\/14\/volkswagen-rappelle-26-millions-de-vehicules-dans-le-monde\/#primaryimage\"},\"image\":{\"@id\":\"https:\/\/www.carideal.com\/blog\/2013\/11\/14\/volkswagen-rappelle-26-millions-de-vehicules-dans-le-monde\/#primaryimage\"},\"thumbnailUrl\":\"https:\/\/www.carideal.com\/blog\/wp-content\/uploads\/2013\/11\/volkswagenamarokcaridealmandataireautomobile-1384499328.jpg\",\"datePublished\":\"2013-11-14T23:00:00+00:00\",\"dateModified\":\"2018-10-24T16:14:14+00:00\",\"breadcrumb\":{\"@id\":\"https:\/\/www.carideal.com\/blog\/2013\/11\/14\/volkswagen-rappelle-26-millions-de-vehicules-dans-le-monde\/#breadcrumb\"},\"inLanguage\":\"fr-FR\",\"potentialAction\":[{\"@type\":\"ReadAction\",\"target\":[\"https:\/\/www.carideal.com\/blog\/2013\/11\/14\/volkswagen-rappelle-26-millions-de-vehicules-dans-le-monde\/\"]}]},{\"@type\":\"ImageObject\",\"inLanguage\":\"fr-FR\",\"@id\":\"https:\/\/www.carideal.com\/blog\/2013\/11\/14\/volkswagen-rappelle-26-millions-de-vehicules-dans-le-monde\/#primaryimage\",\"url\":\"https:\/\/www.carideal.com\/blog\/wp-content\/uploads\/2013\/11\/volkswagenamarokcaridealmandataireautomobile-1384499328.jpg\",\"contentUrl\":\"https:\/\/www.carideal.com\/blog\/wp-content\/uploads\/2013\/11\/volkswagenamarokcaridealmandataireautomobile-1384499328.jpg\",\"width\":620,\"height\":414,\"caption\":\"Volkswagen rappelle 2.6 Millions de v\u00e9hicules dans le monde\"},{\"@type\":\"BreadcrumbList\",\"@id\":\"https:\/\/www.carideal.com\/blog\/2013\/11\/14\/volkswagen-rappelle-26-millions-de-vehicules-dans-le-monde\/#breadcrumb\",\"itemListElement\":[{\"@type\":\"ListItem\",\"position\":1,\"name\":\"Blog Carid\u00e9al\",\"item\":\"https:\/\/www.carideal.com\/blog\/\"},{\"@type\":\"ListItem\",\"position\":2,\"name\":\"Actualit\u00e9 constructeur automobile\",\"item\":\"https:\/\/www.carideal.com\/blog\/constructeur\/\"},{\"@type\":\"ListItem\",\"position\":3,\"name\":\"Actualit\u00e9 Volkswagen\",\"item\":\"https:\/\/www.carideal.com\/blog\/constructeur\/volkswagen\/\"},{\"@type\":\"ListItem\",\"position\":4,\"name\":\"Volkswagen rappelle 26 millions de v\u00e9hicules dans le monde\"}]},{\"@type\":\"WebSite\",\"@id\":\"https:\/\/www.carideal.com\/blog\/#website\",\"url\":\"https:\/\/www.carideal.com\/blog\/\",\"name\":\"Blog auto Carid\u00e9al\",\"description\":\"Actualit\u00e9 auto par des passionn\u00e9s\",\"publisher\":{\"@id\":\"https:\/\/www.carideal.com\/blog\/#organization\"},\"potentialAction\":[{\"@type\":\"SearchAction\",\"target\":{\"@type\":\"EntryPoint\",\"urlTemplate\":\"https:\/\/www.carideal.com\/blog\/?s={search_term_string}\"},\"query-input\":{\"@type\":\"PropertyValueSpecification\",\"valueRequired\":true,\"valueName\":\"search_term_string\"}}],\"inLanguage\":\"fr-FR\"},{\"@type\":\"Organization\",\"@id\":\"https:\/\/www.carideal.com\/blog\/#organization\",\"name\":\"Carideal\",\"url\":\"https:\/\/www.carideal.com\/blog\/\",\"logo\":{\"@type\":\"ImageObject\",\"inLanguage\":\"fr-FR\",\"@id\":\"https:\/\/www.carideal.com\/blog\/#\/schema\/logo\/image\/\",\"url\":\"http:\/\/www.carideal.com\/blog\/wp-content\/uploads\/2016\/03\/logo-carideal-mandataire-automobile.png\",\"contentUrl\":\"http:\/\/www.carideal.com\/blog\/wp-content\/uploads\/2016\/03\/logo-carideal-mandataire-automobile.png\",\"width\":300,\"height\":300,\"caption\":\"Carideal\"},\"image\":{\"@id\":\"https:\/\/www.carideal.com\/blog\/#\/schema\/logo\/image\/\"},\"sameAs\":[\"https:\/\/www.facebook.com\/Carideal.mandataire.automobile\",\"https:\/\/x.com\/caridealauto\",\"https:\/\/www.instagram.com\/carideal1\/\",\"https:\/\/www.linkedin.com\/company\/carideal.com\",\"https:\/\/fr.pinterest.com\/schiavonsas\/\",\"https:\/\/www.youtube.com\/user\/caridealsas\"]},{\"@type\":\"Person\",\"@id\":\"https:\/\/www.carideal.com\/blog\/#\/schema\/person\/cd95dc7919660de90d31b366f85be1ec\",\"name\":\"Nicolas SCHIAVON\",\"image\":{\"@type\":\"ImageObject\",\"inLanguage\":\"fr-FR\",\"@id\":\"https:\/\/www.carideal.com\/blog\/#\/schema\/person\/image\/\",\"url\":\"https:\/\/secure.gravatar.com\/avatar\/c17e55009e671d92cc7f5dc837dc418a?s=96&r=g\",\"contentUrl\":\"https:\/\/secure.gravatar.com\/avatar\/c17e55009e671d92cc7f5dc837dc418a?s=96&r=g\",\"caption\":\"Nicolas SCHIAVON\"},\"description\":\"Nicolas Schiavon est tomb\u00e9 tout petit dans la marmite automobile. Ayant eu un garage de marque automobile, mandataire automobile de la premi\u00e8re heure d\u00e8s 1999. Nicolas a cr\u00e9\u00e9 ces premiers sites de vente de voiture et blog automobile d\u00e8s 1994. Carideal est n\u00e9 le 15 d\u00e9cembre 2000 de la volont\u00e9 de vendre des voitures d'occasions en ligne puis des voitures neuves. Il a pu essayer beaucoup de voitures tr\u00e8s diff\u00e9rentes et ayant eu personnellement quelques belles autos, Subaru Impreza, Mitsubishi Lancer Evo 7, Porsche 911, Ferrari Testarrossa, Audi RS3, RS4 et j'en passe...\",\"sameAs\":[\"http:\/\/www.carideal.com\",\"https:\/\/www.facebook.com\/nicolas.schiavon.39\",\"https:\/\/www.instagram.com\/carideal1\/\",\"https:\/\/www.linkedin.com\/in\/nschiavon\/\",\"https:\/\/x.com\/caridealauto\",\"https:\/\/www.youtube.com\/user\/caridealsas\/\"],\"url\":\"https:\/\/www.carideal.com\/blog\/author\/nschiavon\/\"}]}<\/script>\n<!-- \/ Yoast SEO plugin. -->","yoast_head_json":{"title":"Volkswagen rappelle 26 millions de v\u00e9hicules dans le monde - Blog auto Carid\u00e9al","robots":{"index":"index","follow":"follow","max-snippet":"max-snippet:-1","max-image-preview":"max-image-preview:large","max-video-preview":"max-video-preview:-1"},"canonical":"https:\/\/www.carideal.com\/blog\/2013\/11\/14\/volkswagen-rappelle-26-millions-de-vehicules-dans-le-monde\/","og_locale":"fr_FR","og_type":"article","og_title":"Volkswagen rappelle 26 millions de v\u00e9hicules dans le monde - Blog auto Carid\u00e9al","og_description":"Volkswagen rappelle 2.6 Millions de v\u00e9hicules dans le monde Volkswagen rappelle 2.6 Millions de v\u00e9hicules dans le monde. Il s'agit l\u00e0 du plus rappel de l'histoire du constructeur allemand qui concerne 7 v\u00e9hicules. Toutes les marques du groupe Volkswagen semblent concern\u00e9es, et le plus touch\u00e9 semble le SUV Tiguan. Il y a trois probl\u00e8mes directement ... Lire plus","og_url":"https:\/\/www.carideal.com\/blog\/2013\/11\/14\/volkswagen-rappelle-26-millions-de-vehicules-dans-le-monde\/","og_site_name":"Blog auto Carid\u00e9al","article_publisher":"https:\/\/www.facebook.com\/Carideal.mandataire.automobile","article_author":"https:\/\/www.facebook.com\/nicolas.schiavon.39","article_published_time":"2013-11-14T23:00:00+00:00","article_modified_time":"2018-10-24T16:14:14+00:00","og_image":[{"width":620,"height":414,"url":"https:\/\/www.carideal.com\/blog\/wp-content\/uploads\/2013\/11\/volkswagenamarokcaridealmandataireautomobile-1384499328.jpg","type":"image\/jpeg"}],"author":"Nicolas SCHIAVON","twitter_card":"summary_large_image","twitter_creator":"@caridealauto","twitter_site":"@caridealauto","twitter_misc":{"\u00c9crit par":"Nicolas SCHIAVON","Dur\u00e9e de lecture estim\u00e9e":"2 minutes"},"schema":{"@context":"https:\/\/schema.org","@graph":[{"@type":"Article","@id":"https:\/\/www.carideal.com\/blog\/2013\/11\/14\/volkswagen-rappelle-26-millions-de-vehicules-dans-le-monde\/#article","isPartOf":{"@id":"https:\/\/www.carideal.com\/blog\/2013\/11\/14\/volkswagen-rappelle-26-millions-de-vehicules-dans-le-monde\/"},"author":{"name":"Nicolas SCHIAVON","@id":"https:\/\/www.carideal.com\/blog\/#\/schema\/person\/cd95dc7919660de90d31b366f85be1ec"},"headline":"Volkswagen rappelle 26 millions de v\u00e9hicules dans le monde","datePublished":"2013-11-14T23:00:00+00:00","dateModified":"2018-10-24T16:14:14+00:00","mainEntityOfPage":{"@id":"https:\/\/www.carideal.com\/blog\/2013\/11\/14\/volkswagen-rappelle-26-millions-de-vehicules-dans-le-monde\/"},"wordCount":333,"commentCount":0,"publisher":{"@id":"https:\/\/www.carideal.com\/blog\/#organization"},"image":{"@id":"https:\/\/www.carideal.com\/blog\/2013\/11\/14\/volkswagen-rappelle-26-millions-de-vehicules-dans-le-monde\/#primaryimage"},"thumbnailUrl":"https:\/\/www.carideal.com\/blog\/wp-content\/uploads\/2013\/11\/volkswagenamarokcaridealmandataireautomobile-1384499328.jpg","keywords":["Rappel constructeur"],"articleSection":["Actualit\u00e9 automobile","Actualit\u00e9 Volkswagen"],"inLanguage":"fr-FR","potentialAction":[{"@type":"CommentAction","name":"Comment","target":["https:\/\/www.carideal.com\/blog\/2013\/11\/14\/volkswagen-rappelle-26-millions-de-vehicules-dans-le-monde\/#respond"]}]},{"@type":"WebPage","@id":"https:\/\/www.carideal.com\/blog\/2013\/11\/14\/volkswagen-rappelle-26-millions-de-vehicules-dans-le-monde\/","url":"https:\/\/www.carideal.com\/blog\/2013\/11\/14\/volkswagen-rappelle-26-millions-de-vehicules-dans-le-monde\/","name":"Volkswagen rappelle 26 millions de v\u00e9hicules dans le monde - Blog auto Carid\u00e9al","isPartOf":{"@id":"https:\/\/www.carideal.com\/blog\/#website"},"primaryImageOfPage":{"@id":"https:\/\/www.carideal.com\/blog\/2013\/11\/14\/volkswagen-rappelle-26-millions-de-vehicules-dans-le-monde\/#primaryimage"},"image":{"@id":"https:\/\/www.carideal.com\/blog\/2013\/11\/14\/volkswagen-rappelle-26-millions-de-vehicules-dans-le-monde\/#primaryimage"},"thumbnailUrl":"https:\/\/www.carideal.com\/blog\/wp-content\/uploads\/2013\/11\/volkswagenamarokcaridealmandataireautomobile-1384499328.jpg","datePublished":"2013-11-14T23:00:00+00:00","dateModified":"2018-10-24T16:14:14+00:00","breadcrumb":{"@id":"https:\/\/www.carideal.com\/blog\/2013\/11\/14\/volkswagen-rappelle-26-millions-de-vehicules-dans-le-monde\/#breadcrumb"},"inLanguage":"fr-FR","potentialAction":[{"@type":"ReadAction","target":["https:\/\/www.carideal.com\/blog\/2013\/11\/14\/volkswagen-rappelle-26-millions-de-vehicules-dans-le-monde\/"]}]},{"@type":"ImageObject","inLanguage":"fr-FR","@id":"https:\/\/www.carideal.com\/blog\/2013\/11\/14\/volkswagen-rappelle-26-millions-de-vehicules-dans-le-monde\/#primaryimage","url":"https:\/\/www.carideal.com\/blog\/wp-content\/uploads\/2013\/11\/volkswagenamarokcaridealmandataireautomobile-1384499328.jpg","contentUrl":"https:\/\/www.carideal.com\/blog\/wp-content\/uploads\/2013\/11\/volkswagenamarokcaridealmandataireautomobile-1384499328.jpg","width":620,"height":414,"caption":"Volkswagen rappelle 2.6 Millions de v\u00e9hicules dans le monde"},{"@type":"BreadcrumbList","@id":"https:\/\/www.carideal.com\/blog\/2013\/11\/14\/volkswagen-rappelle-26-millions-de-vehicules-dans-le-monde\/#breadcrumb","itemListElement":[{"@type":"ListItem","position":1,"name":"Blog Carid\u00e9al","item":"https:\/\/www.carideal.com\/blog\/"},{"@type":"ListItem","position":2,"name":"Actualit\u00e9 constructeur automobile","item":"https:\/\/www.carideal.com\/blog\/constructeur\/"},{"@type":"ListItem","position":3,"name":"Actualit\u00e9 Volkswagen","item":"https:\/\/www.carideal.com\/blog\/constructeur\/volkswagen\/"},{"@type":"ListItem","position":4,"name":"Volkswagen rappelle 26 millions de v\u00e9hicules dans le monde"}]},{"@type":"WebSite","@id":"https:\/\/www.carideal.com\/blog\/#website","url":"https:\/\/www.carideal.com\/blog\/","name":"Blog auto Carid\u00e9al","description":"Actualit\u00e9 auto par des passionn\u00e9s","publisher":{"@id":"https:\/\/www.carideal.com\/blog\/#organization"},"potentialAction":[{"@type":"SearchAction","target":{"@type":"EntryPoint","urlTemplate":"https:\/\/www.carideal.com\/blog\/?s={search_term_string}"},"query-input":{"@type":"PropertyValueSpecification","valueRequired":true,"valueName":"search_term_string"}}],"inLanguage":"fr-FR"},{"@type":"Organization","@id":"https:\/\/www.carideal.com\/blog\/#organization","name":"Carideal","url":"https:\/\/www.carideal.com\/blog\/","logo":{"@type":"ImageObject","inLanguage":"fr-FR","@id":"https:\/\/www.carideal.com\/blog\/#\/schema\/logo\/image\/","url":"http:\/\/www.carideal.com\/blog\/wp-content\/uploads\/2016\/03\/logo-carideal-mandataire-automobile.png","contentUrl":"http:\/\/www.carideal.com\/blog\/wp-content\/uploads\/2016\/03\/logo-carideal-mandataire-automobile.png","width":300,"height":300,"caption":"Carideal"},"image":{"@id":"https:\/\/www.carideal.com\/blog\/#\/schema\/logo\/image\/"},"sameAs":["https:\/\/www.facebook.com\/Carideal.mandataire.automobile","https:\/\/x.com\/caridealauto","https:\/\/www.instagram.com\/carideal1\/","https:\/\/www.linkedin.com\/company\/carideal.com","https:\/\/fr.pinterest.com\/schiavonsas\/","https:\/\/www.youtube.com\/user\/caridealsas"]},{"@type":"Person","@id":"https:\/\/www.carideal.com\/blog\/#\/schema\/person\/cd95dc7919660de90d31b366f85be1ec","name":"Nicolas SCHIAVON","image":{"@type":"ImageObject","inLanguage":"fr-FR","@id":"https:\/\/www.carideal.com\/blog\/#\/schema\/person\/image\/","url":"https:\/\/secure.gravatar.com\/avatar\/c17e55009e671d92cc7f5dc837dc418a?s=96&r=g","contentUrl":"https:\/\/secure.gravatar.com\/avatar\/c17e55009e671d92cc7f5dc837dc418a?s=96&r=g","caption":"Nicolas SCHIAVON"},"description":"Nicolas Schiavon est tomb\u00e9 tout petit dans la marmite automobile. Ayant eu un garage de marque automobile, mandataire automobile de la premi\u00e8re heure d\u00e8s 1999. Nicolas a cr\u00e9\u00e9 ces premiers sites de vente de voiture et blog automobile d\u00e8s 1994. Carideal est n\u00e9 le 15 d\u00e9cembre 2000 de la volont\u00e9 de vendre des voitures d'occasions en ligne puis des voitures neuves. Il a pu essayer beaucoup de voitures tr\u00e8s diff\u00e9rentes et ayant eu personnellement quelques belles autos, Subaru Impreza, Mitsubishi Lancer Evo 7, Porsche 911, Ferrari Testarrossa, Audi RS3, RS4 et j'en passe...","sameAs":["http:\/\/www.carideal.com","https:\/\/www.facebook.com\/nicolas.schiavon.39","https:\/\/www.instagram.com\/carideal1\/","https:\/\/www.linkedin.com\/in\/nschiavon\/","https:\/\/x.com\/caridealauto","https:\/\/www.youtube.com\/user\/caridealsas\/"],"url":"https:\/\/www.carideal.com\/blog\/author\/nschiavon\/"}]}},"uagb_featured_image_src":{"full":["https:\/\/www.carideal.com\/blog\/wp-content\/uploads\/2013\/11\/volkswagenamarokcaridealmandataireautomobile-1384499328.jpg",620,414,false],"thumbnail":["https:\/\/www.carideal.com\/blog\/wp-content\/uploads\/2013\/11\/volkswagenamarokcaridealmandataireautomobile-1384499328-150x150.jpg",150,150,true],"medium":["https:\/\/www.carideal.com\/blog\/wp-content\/uploads\/2013\/11\/volkswagenamarokcaridealmandataireautomobile-1384499328-300x200.jpg",300,200,true],"medium_large":["https:\/\/www.carideal.com\/blog\/wp-content\/uploads\/2013\/11\/volkswagenamarokcaridealmandataireautomobile-1384499328.jpg",620,414,false],"large":["https:\/\/www.carideal.com\/blog\/wp-content\/uploads\/2013\/11\/volkswagenamarokcaridealmandataireautomobile-1384499328.jpg",620,414,false],"1536x1536":["https:\/\/www.carideal.com\/blog\/wp-content\/uploads\/2013\/11\/volkswagenamarokcaridealmandataireautomobile-1384499328.jpg",620,414,false],"2048x2048":["https:\/\/www.carideal.com\/blog\/wp-content\/uploads\/2013\/11\/volkswagenamarokcaridealmandataireautomobile-1384499328.jpg",620,414,false],"wppr-widget":["https:\/\/www.carideal.com\/blog\/wp-content\/uploads\/2013\/11\/volkswagenamarokcaridealmandataireautomobile-1384499328-50x33.jpg",50,33,true]},"uagb_author_info":{"display_name":"Nicolas SCHIAVON","author_link":"https:\/\/www.carideal.com\/blog\/author\/nschiavon\/"},"uagb_comment_info":0,"uagb_excerpt":"Volkswagen rappelle 2.6 Millions de v\u00e9hicules dans le monde Volkswagen rappelle 2.6 Millions de v\u00e9hicules dans le monde. Il s'agit l\u00e0 du plus rappel de l'histoire du constructeur allemand qui concerne 7 v\u00e9hicules. Toutes les marques du groupe Volkswagen semblent concern\u00e9es, et le plus touch\u00e9 semble le SUV Tiguan. Il y a trois probl\u00e8mes directement\u2026","_links":{"self":[{"href":"https:\/\/www.carideal.com\/blog\/wp-json\/wp\/v2\/posts\/5323"}],"collection":[{"href":"https:\/\/www.carideal.com\/blog\/wp-json\/wp\/v2\/posts"}],"about":[{"href":"https:\/\/www.carideal.com\/blog\/wp-json\/wp\/v2\/types\/post"}],"author":[{"embeddable":true,"href":"https:\/\/www.carideal.com\/blog\/wp-json\/wp\/v2\/users\/3"}],"replies":[{"embeddable":true,"href":"https:\/\/www.carideal.com\/blog\/wp-json\/wp\/v2\/comments?post=5323"}],"version-history":[{"count":0,"href":"https:\/\/www.carideal.com\/blog\/wp-json\/wp\/v2\/posts\/5323\/revisions"}],"wp:featuredmedia":[{"embeddable":true,"href":"https:\/\/www.carideal.com\/blog\/wp-json\/wp\/v2\/media\/17736"}],"wp:attachment":[{"href":"https:\/\/www.carideal.com\/blog\/wp-json\/wp\/v2\/media?parent=5323"}],"wp:term":[{"taxonomy":"category","embeddable":true,"href":"https:\/\/www.carideal.com\/blog\/wp-json\/wp\/v2\/categories?post=5323"},{"taxonomy":"post_tag","embeddable":true,"href":"https:\/\/www.carideal.com\/blog\/wp-json\/wp\/v2\/tags?post=5323"}],"curies":[{"name":"wp","href":"https:\/\/api.w.org\/{rel}","templated":true}]}}